{"id":54874,"date":"2023-01-17T12:25:32","date_gmt":"2023-01-17T15:25:32","guid":{"rendered":"https:\/\/swimchannel.net\/br\/?p=54874"},"modified":"2023-01-17T13:00:31","modified_gmt":"2023-01-17T16:00:31","slug":"premio-brasil-olimpico-2022-e-anunciado-ana-marcela-cunha-na-disputa","status":"publish","type":"post","link":"https:\/\/swimchannel.net\/br\/premio-brasil-olimpico-2022-e-anunciado-ana-marcela-cunha-na-disputa\/","title":{"rendered":"Pr\u00eamio Brasil Ol\u00edmpico 2022 \u00e9 anunciado: Ana Marcela Cunha na disputa!"},"content":{"rendered":"<p>\u00c9 a chance da comunidade aqu\u00e1tica se integrar e votar em massa em nossa maior atleta. Ana Marcela Cunha est\u00e1 concorrendo a duas premia\u00e7\u00f5es do Pr\u00eamio Brasil Ol\u00edmpico 2022 anunciado pelo Comit\u00ea Ol\u00edmpico do Brasil (COB). \u00c9 a 23\u00aa edi\u00e7\u00e3o do pr\u00eamio que representa o Oscar do esporte nacional e ter\u00e1 a sua festa de gala no Rio de Janeiro, no dia 2 de fevereiro.<\/p>\n<p>Duas categorias ter\u00e3o decis\u00e3o atrav\u00e9s do voto popular e, em ambas, Ana Marcela est\u00e1 na disputa. A primeira delas \u00e9 o tradicional Atleta da Torcida, onde o COB reuniu oito dos maiores destaques do esporte ol\u00edmpico em 2022 incluindo a nadadora.<\/p>\n<figure id=\"attachment_53580\" aria-describedby=\"caption-attachment-53580\" style=\"width: 1053px\" class=\"wp-caption alignnone\"><img loading=\"lazy\" decoding=\"async\" class=\"size-full wp-image-53580\" src=\"https:\/\/swimchannel.net\/br\/wp-content\/uploads\/2022\/09\/ana_marcela_cunha_ouro_25km_mundial_2022.jpg\" alt=\"\" width=\"1053\" height=\"630\" srcset=\"https:\/\/swimchannel.net\/br\/wp-content\/uploads\/2022\/09\/ana_marcela_cunha_ouro_25km_mundial_2022.jpg 1053w, https:\/\/swimchannel.net\/br\/wp-content\/uploads\/2022\/09\/ana_marcela_cunha_ouro_25km_mundial_2022-301x180.jpg 301w, https:\/\/swimchannel.net\/br\/wp-content\/uploads\/2022\/09\/ana_marcela_cunha_ouro_25km_mundial_2022-768x459.jpg 768w, https:\/\/swimchannel.net\/br\/wp-content\/uploads\/2022\/09\/ana_marcela_cunha_ouro_25km_mundial_2022-750x449.jpg 750w\" sizes=\"auto, (max-width: 1053px) 100vw, 1053px\" \/><figcaption id=\"caption-attachment-53580\" class=\"wp-caption-text\">Ana Marcela Cunha &#8211; Foto: Reprodu\u00e7\u00e3o<\/figcaption><\/figure>\n<p>Est\u00e3o na disputa do Atleta da Torcida: Alison dos Santos do atletismo, Arthur Nory da gin\u00e1stica, Hugo Calderano do t\u00eanis de mesa, Marcus D&#8217;Almeida do tiro com arco, Rafaela Silva do jud\u00f4, Rayssa Leal do skate e Rebeca Andrade da gin\u00e1stica, al\u00e9m de Ana Marcela nas \u00e1guas abertas.<\/p>\n<p>A outra categoria \u00e9 uma novidade. Com o patroc\u00ednio de uma grande loja de departamentos, cinco atletas est\u00e3o concorrendo ao Pr\u00eamio Inspire. S\u00e3o cinco atletas que ser\u00e3o avaliadas pelo quanto tem conseguido serem influentes dentro do esporte feminino nacional.<\/p>\n<figure id=\"attachment_13095\" aria-describedby=\"caption-attachment-13095\" style=\"width: 1200px\" class=\"wp-caption alignnone\"><img loading=\"lazy\" decoding=\"async\" class=\"size-full wp-image-13095\" src=\"https:\/\/swimchannel.net\/br\/wp-content\/uploads\/2018\/11\/ana-marcela-pbo.jpg\" alt=\"\" width=\"1200\" height=\"675\" srcset=\"https:\/\/swimchannel.net\/br\/wp-content\/uploads\/2018\/11\/ana-marcela-pbo.jpg 1200w, https:\/\/swimchannel.net\/br\/wp-content\/uploads\/2018\/11\/ana-marcela-pbo-600x338.jpg 600w\" sizes=\"auto, (max-width: 1200px) 100vw, 1200px\" \/><figcaption id=\"caption-attachment-13095\" class=\"wp-caption-text\">Ana Marcela Cunha venceu o Pr\u00eamio Brasil Ol\u00edmpico em 2018 &#8211; Foto: Vitor Silva\/SSPress<\/figcaption><\/figure>\n<p>Nesta categoria, Ana Marcela est\u00e1 ao lado de da judoca Rafaela Silva, da ginasta Rebeca Andrade al\u00e9m da tenista Bia Haddad e da judoca Mayra Aguiar. Vota\u00e7\u00e3o aberta e vamos integrar a comunidade na vota\u00e7\u00e3o. Confira aqui: <a href=\"https:\/\/pbo.cob.org.br\/#\">https:\/\/pbo.cob.org.br\/#<\/a>.<\/p>\n","protected":false},"excerpt":{"rendered":"<p>Nadadora esta concorrendo em duas disputas populares: o tradicional Atleta da Torcida e a novidade Pr\u00eamio Inspire<\/p>\n","protected":false},"author":12,"featured_media":53581,"comment_status":"open","ping_status":"open","sticky":false,"template":"","format":"gallery","meta":{"footnotes":""},"categories":[115],"tags":[1184,47,5136,224,5],"class_list":["post-54874","post","type-post","status-publish","format-gallery","has-post-thumbnail","hentry","category-aguas-abertas","tag-agua-abertas","tag-ana-marcela-cunha","tag-brasil-olimpico","tag-cob","tag-natacao","post_format-post-format-gallery"],"yoast_head":"<!-- This site is optimized with the Yoast SEO plugin v27.0 - https:\/\/yoast.com\/product\/yoast-seo-wordpress\/ -->\n<title>Pr\u00eamio Brasil Ol\u00edmpico 2022 \u00e9 anunciado: Ana Marcela Cunha na disputa! - Swimchannel<\/title>\n<meta name=\"robots\" content=\"index, follow, max-snippet:-1, max-image-preview:large, max-video-preview:-1\" \/>\n<link rel=\"canonical\" href=\"https:\/\/swimchannel.net\/br\/premio-brasil-olimpico-2022-e-anunciado-ana-marcela-cunha-na-disputa\/\" \/>\n<meta property=\"og:locale\" content=\"pt_BR\" \/>\n<meta property=\"og:type\" content=\"article\" \/>\n<meta property=\"og:title\" content=\"Pr\u00eamio Brasil Ol\u00edmpico 2022 \u00e9 anunciado: Ana Marcela Cunha na disputa! - Swimchannel\" \/>\n<meta property=\"og:description\" content=\"Nadadora esta concorrendo em duas disputas populares: o tradicional Atleta da Torcida e a novidade Pr\u00eamio Inspire\" \/>\n<meta property=\"og:url\" content=\"https:\/\/swimchannel.net\/br\/premio-brasil-olimpico-2022-e-anunciado-ana-marcela-cunha-na-disputa\/\" \/>\n<meta property=\"og:site_name\" content=\"Swimchannel\" \/>\n<meta property=\"article:publisher\" content=\"https:\/\/www.facebook.com\/swimchannel\" \/>\n<meta property=\"article:published_time\" content=\"2023-01-17T15:25:32+00:00\" \/>\n<meta property=\"article:modified_time\" content=\"2023-01-17T16:00:31+00:00\" \/>\n<meta property=\"og:image\" content=\"https:\/\/swimchannel.net\/br\/wp-content\/uploads\/2022\/09\/Ana-Marcela-Cunha-25km-Fina.jpg\" \/>\n\t<meta property=\"og:image:width\" content=\"1000\" \/>\n\t<meta property=\"og:image:height\" content=\"600\" \/>\n\t<meta property=\"og:image:type\" content=\"image\/jpeg\" \/>\n<meta name=\"author\" content=\"Alex Pussieldi\" \/>\n<meta name=\"twitter:card\" content=\"summary_large_image\" \/>\n<meta name=\"twitter:label1\" content=\"Escrito por\" \/>\n\t<meta name=\"twitter:data1\" content=\"Alex Pussieldi\" \/>\n\t<meta name=\"twitter:label2\" content=\"Est. tempo de leitura\" \/>\n\t<meta name=\"twitter:data2\" content=\"1 minuto\" \/>\n<script type=\"application\/ld+json\" class=\"yoast-schema-graph\">{\"@context\":\"https:\/\/schema.org\",\"@graph\":[{\"@type\":\"Article\",\"@id\":\"https:\/\/swimchannel.net\/br\/premio-brasil-olimpico-2022-e-anunciado-ana-marcela-cunha-na-disputa\/#article\",\"isPartOf\":{\"@id\":\"https:\/\/swimchannel.net\/br\/premio-brasil-olimpico-2022-e-anunciado-ana-marcela-cunha-na-disputa\/\"},\"author\":{\"name\":\"Alex Pussieldi\",\"@id\":\"https:\/\/swimchannel.net\/br\/#\/schema\/person\/cf549cb99cf75592fcf7c76213385e63\"},\"headline\":\"Pr\u00eamio Brasil Ol\u00edmpico 2022 \u00e9 anunciado: Ana Marcela Cunha na disputa!\",\"datePublished\":\"2023-01-17T15:25:32+00:00\",\"dateModified\":\"2023-01-17T16:00:31+00:00\",\"mainEntityOfPage\":{\"@id\":\"https:\/\/swimchannel.net\/br\/premio-brasil-olimpico-2022-e-anunciado-ana-marcela-cunha-na-disputa\/\"},\"wordCount\":300,\"commentCount\":0,\"publisher\":{\"@id\":\"https:\/\/swimchannel.net\/br\/#organization\"},\"image\":{\"@id\":\"https:\/\/swimchannel.net\/br\/premio-brasil-olimpico-2022-e-anunciado-ana-marcela-cunha-na-disputa\/#primaryimage\"},\"thumbnailUrl\":\"https:\/\/swimchannel.net\/br\/wp-content\/uploads\/2022\/09\/Ana-Marcela-Cunha-25km-Fina.jpg\",\"keywords\":[\"\u00e1gua abertas\",\"Ana Marcela Cunha\",\"Brasil Ol\u00edmpico\",\"COB\",\"natacao\"],\"articleSection\":[\"\u00c1guas Abertas\"],\"inLanguage\":\"pt-BR\",\"potentialAction\":[{\"@type\":\"CommentAction\",\"name\":\"Comment\",\"target\":[\"https:\/\/swimchannel.net\/br\/premio-brasil-olimpico-2022-e-anunciado-ana-marcela-cunha-na-disputa\/#respond\"]}]},{\"@type\":\"WebPage\",\"@id\":\"https:\/\/swimchannel.net\/br\/premio-brasil-olimpico-2022-e-anunciado-ana-marcela-cunha-na-disputa\/\",\"url\":\"https:\/\/swimchannel.net\/br\/premio-brasil-olimpico-2022-e-anunciado-ana-marcela-cunha-na-disputa\/\",\"name\":\"Pr\u00eamio Brasil Ol\u00edmpico 2022 \u00e9 anunciado: Ana Marcela Cunha na disputa! - Swimchannel\",\"isPartOf\":{\"@id\":\"https:\/\/swimchannel.net\/br\/#website\"},\"primaryImageOfPage\":{\"@id\":\"https:\/\/swimchannel.net\/br\/premio-brasil-olimpico-2022-e-anunciado-ana-marcela-cunha-na-disputa\/#primaryimage\"},\"image\":{\"@id\":\"https:\/\/swimchannel.net\/br\/premio-brasil-olimpico-2022-e-anunciado-ana-marcela-cunha-na-disputa\/#primaryimage\"},\"thumbnailUrl\":\"https:\/\/swimchannel.net\/br\/wp-content\/uploads\/2022\/09\/Ana-Marcela-Cunha-25km-Fina.jpg\",\"datePublished\":\"2023-01-17T15:25:32+00:00\",\"dateModified\":\"2023-01-17T16:00:31+00:00\",\"breadcrumb\":{\"@id\":\"https:\/\/swimchannel.net\/br\/premio-brasil-olimpico-2022-e-anunciado-ana-marcela-cunha-na-disputa\/#breadcrumb\"},\"inLanguage\":\"pt-BR\",\"potentialAction\":[{\"@type\":\"ReadAction\",\"target\":[\"https:\/\/swimchannel.net\/br\/premio-brasil-olimpico-2022-e-anunciado-ana-marcela-cunha-na-disputa\/\"]}]},{\"@type\":\"ImageObject\",\"inLanguage\":\"pt-BR\",\"@id\":\"https:\/\/swimchannel.net\/br\/premio-brasil-olimpico-2022-e-anunciado-ana-marcela-cunha-na-disputa\/#primaryimage\",\"url\":\"https:\/\/swimchannel.net\/br\/wp-content\/uploads\/2022\/09\/Ana-Marcela-Cunha-25km-Fina.jpg\",\"contentUrl\":\"https:\/\/swimchannel.net\/br\/wp-content\/uploads\/2022\/09\/Ana-Marcela-Cunha-25km-Fina.jpg\",\"width\":1000,\"height\":600,\"caption\":\"Ana Marcela Cunha \u00e9 pentacampe\u00e3 mundial dos 25K - Foto: Reprodu\u00e7\u00e3o\"},{\"@type\":\"BreadcrumbList\",\"@id\":\"https:\/\/swimchannel.net\/br\/premio-brasil-olimpico-2022-e-anunciado-ana-marcela-cunha-na-disputa\/#breadcrumb\",\"itemListElement\":[{\"@type\":\"ListItem\",\"position\":1,\"name\":\"Home\",\"item\":\"https:\/\/swimchannel.net\/br\/\"},{\"@type\":\"ListItem\",\"position\":2,\"name\":\"Pr\u00eamio Brasil Ol\u00edmpico 2022 \u00e9 anunciado: Ana Marcela Cunha na disputa!\"}]},{\"@type\":\"WebSite\",\"@id\":\"https:\/\/swimchannel.net\/br\/#website\",\"url\":\"https:\/\/swimchannel.net\/br\/\",\"name\":\"Swimchannel\",\"description\":\"Maior portal de nata\u00e7\u00e3o da america latina\",\"publisher\":{\"@id\":\"https:\/\/swimchannel.net\/br\/#organization\"},\"potentialAction\":[{\"@type\":\"SearchAction\",\"target\":{\"@type\":\"EntryPoint\",\"urlTemplate\":\"https:\/\/swimchannel.net\/br\/?s={search_term_string}\"},\"query-input\":{\"@type\":\"PropertyValueSpecification\",\"valueRequired\":true,\"valueName\":\"search_term_string\"}}],\"inLanguage\":\"pt-BR\"},{\"@type\":\"Organization\",\"@id\":\"https:\/\/swimchannel.net\/br\/#organization\",\"name\":\"Swimchannel - Conectando voc\u00ea a Nata\u00e7\u00e3o\",\"url\":\"https:\/\/swimchannel.net\/br\/\",\"logo\":{\"@type\":\"ImageObject\",\"inLanguage\":\"pt-BR\",\"@id\":\"https:\/\/swimchannel.net\/br\/#\/schema\/logo\/image\/\",\"url\":\"https:\/\/swimchannel.net\/br\/wp-content\/uploads\/2026\/02\/SWIM-CHANNEL.png\",\"contentUrl\":\"https:\/\/swimchannel.net\/br\/wp-content\/uploads\/2026\/02\/SWIM-CHANNEL.png\",\"width\":1120,\"height\":630,\"caption\":\"Swimchannel - Conectando voc\u00ea a Nata\u00e7\u00e3o\"},\"image\":{\"@id\":\"https:\/\/swimchannel.net\/br\/#\/schema\/logo\/image\/\"},\"sameAs\":[\"https:\/\/www.facebook.com\/swimchannel\",\"https:\/\/www.instagram.com\/swimchannel\"]},{\"@type\":\"Person\",\"@id\":\"https:\/\/swimchannel.net\/br\/#\/schema\/person\/cf549cb99cf75592fcf7c76213385e63\",\"name\":\"Alex Pussieldi\",\"image\":{\"@type\":\"ImageObject\",\"inLanguage\":\"pt-BR\",\"@id\":\"https:\/\/swimchannel.net\/br\/#\/schema\/person\/image\/\",\"url\":\"https:\/\/swimchannel.net\/br\/wp-content\/uploads\/2021\/02\/9b1c252d-a4bd-4eda-b399-24565cac4114-100x100.jpg\",\"contentUrl\":\"https:\/\/swimchannel.net\/br\/wp-content\/uploads\/2021\/02\/9b1c252d-a4bd-4eda-b399-24565cac4114-100x100.jpg\",\"caption\":\"Alex Pussieldi\"},\"description\":\"Alexandre Pussieldi, apelidado de \u201ccoach\u201d, Foi t\u00e9cnico da sele\u00e7\u00e3o verde e amarela nas Olimp\u00edadas de Pequim-2008 e Londres-2012. O treinador ainda comandou outros quatro pa\u00edses: Kuwait, Paraguai, Aruba e Antilhas Holandesas, al\u00e9m da sele\u00e7\u00e3o americana de \u00e1guas abertas. Pussieldi tem passagens como comentarista de nata\u00e7\u00e3o do Grupo Globo e Swim Channel.\",\"url\":\"https:\/\/swimchannel.net\/br\/author\/alexpussieldi\/\"}]}<\/script>\n<!-- \/ Yoast SEO plugin. -->","yoast_head_json":{"title":"Pr\u00eamio Brasil Ol\u00edmpico 2022 \u00e9 anunciado: Ana Marcela Cunha na disputa! - Swimchannel","robots":{"index":"index","follow":"follow","max-snippet":"max-snippet:-1","max-image-preview":"max-image-preview:large","max-video-preview":"max-video-preview:-1"},"canonical":"https:\/\/swimchannel.net\/br\/premio-brasil-olimpico-2022-e-anunciado-ana-marcela-cunha-na-disputa\/","og_locale":"pt_BR","og_type":"article","og_title":"Pr\u00eamio Brasil Ol\u00edmpico 2022 \u00e9 anunciado: Ana Marcela Cunha na disputa! - Swimchannel","og_description":"Nadadora esta concorrendo em duas disputas populares: o tradicional Atleta da Torcida e a novidade Pr\u00eamio Inspire","og_url":"https:\/\/swimchannel.net\/br\/premio-brasil-olimpico-2022-e-anunciado-ana-marcela-cunha-na-disputa\/","og_site_name":"Swimchannel","article_publisher":"https:\/\/www.facebook.com\/swimchannel","article_published_time":"2023-01-17T15:25:32+00:00","article_modified_time":"2023-01-17T16:00:31+00:00","og_image":[{"width":1000,"height":600,"url":"https:\/\/swimchannel.net\/br\/wp-content\/uploads\/2022\/09\/Ana-Marcela-Cunha-25km-Fina.jpg","type":"image\/jpeg"}],"author":"Alex Pussieldi","twitter_card":"summary_large_image","twitter_misc":{"Escrito por":"Alex Pussieldi","Est. tempo de leitura":"1 minuto"},"schema":{"@context":"https:\/\/schema.org","@graph":[{"@type":"Article","@id":"https:\/\/swimchannel.net\/br\/premio-brasil-olimpico-2022-e-anunciado-ana-marcela-cunha-na-disputa\/#article","isPartOf":{"@id":"https:\/\/swimchannel.net\/br\/premio-brasil-olimpico-2022-e-anunciado-ana-marcela-cunha-na-disputa\/"},"author":{"name":"Alex Pussieldi","@id":"https:\/\/swimchannel.net\/br\/#\/schema\/person\/cf549cb99cf75592fcf7c76213385e63"},"headline":"Pr\u00eamio Brasil Ol\u00edmpico 2022 \u00e9 anunciado: Ana Marcela Cunha na disputa!","datePublished":"2023-01-17T15:25:32+00:00","dateModified":"2023-01-17T16:00:31+00:00","mainEntityOfPage":{"@id":"https:\/\/swimchannel.net\/br\/premio-brasil-olimpico-2022-e-anunciado-ana-marcela-cunha-na-disputa\/"},"wordCount":300,"commentCount":0,"publisher":{"@id":"https:\/\/swimchannel.net\/br\/#organization"},"image":{"@id":"https:\/\/swimchannel.net\/br\/premio-brasil-olimpico-2022-e-anunciado-ana-marcela-cunha-na-disputa\/#primaryimage"},"thumbnailUrl":"https:\/\/swimchannel.net\/br\/wp-content\/uploads\/2022\/09\/Ana-Marcela-Cunha-25km-Fina.jpg","keywords":["\u00e1gua abertas","Ana Marcela Cunha","Brasil Ol\u00edmpico","COB","natacao"],"articleSection":["\u00c1guas Abertas"],"inLanguage":"pt-BR","potentialAction":[{"@type":"CommentAction","name":"Comment","target":["https:\/\/swimchannel.net\/br\/premio-brasil-olimpico-2022-e-anunciado-ana-marcela-cunha-na-disputa\/#respond"]}]},{"@type":"WebPage","@id":"https:\/\/swimchannel.net\/br\/premio-brasil-olimpico-2022-e-anunciado-ana-marcela-cunha-na-disputa\/","url":"https:\/\/swimchannel.net\/br\/premio-brasil-olimpico-2022-e-anunciado-ana-marcela-cunha-na-disputa\/","name":"Pr\u00eamio Brasil Ol\u00edmpico 2022 \u00e9 anunciado: Ana Marcela Cunha na disputa! - Swimchannel","isPartOf":{"@id":"https:\/\/swimchannel.net\/br\/#website"},"primaryImageOfPage":{"@id":"https:\/\/swimchannel.net\/br\/premio-brasil-olimpico-2022-e-anunciado-ana-marcela-cunha-na-disputa\/#primaryimage"},"image":{"@id":"https:\/\/swimchannel.net\/br\/premio-brasil-olimpico-2022-e-anunciado-ana-marcela-cunha-na-disputa\/#primaryimage"},"thumbnailUrl":"https:\/\/swimchannel.net\/br\/wp-content\/uploads\/2022\/09\/Ana-Marcela-Cunha-25km-Fina.jpg","datePublished":"2023-01-17T15:25:32+00:00","dateModified":"2023-01-17T16:00:31+00:00","breadcrumb":{"@id":"https:\/\/swimchannel.net\/br\/premio-brasil-olimpico-2022-e-anunciado-ana-marcela-cunha-na-disputa\/#breadcrumb"},"inLanguage":"pt-BR","potentialAction":[{"@type":"ReadAction","target":["https:\/\/swimchannel.net\/br\/premio-brasil-olimpico-2022-e-anunciado-ana-marcela-cunha-na-disputa\/"]}]},{"@type":"ImageObject","inLanguage":"pt-BR","@id":"https:\/\/swimchannel.net\/br\/premio-brasil-olimpico-2022-e-anunciado-ana-marcela-cunha-na-disputa\/#primaryimage","url":"https:\/\/swimchannel.net\/br\/wp-content\/uploads\/2022\/09\/Ana-Marcela-Cunha-25km-Fina.jpg","contentUrl":"https:\/\/swimchannel.net\/br\/wp-content\/uploads\/2022\/09\/Ana-Marcela-Cunha-25km-Fina.jpg","width":1000,"height":600,"caption":"Ana Marcela Cunha \u00e9 pentacampe\u00e3 mundial dos 25K - Foto: Reprodu\u00e7\u00e3o"},{"@type":"BreadcrumbList","@id":"https:\/\/swimchannel.net\/br\/premio-brasil-olimpico-2022-e-anunciado-ana-marcela-cunha-na-disputa\/#breadcrumb","itemListElement":[{"@type":"ListItem","position":1,"name":"Home","item":"https:\/\/swimchannel.net\/br\/"},{"@type":"ListItem","position":2,"name":"Pr\u00eamio Brasil Ol\u00edmpico 2022 \u00e9 anunciado: Ana Marcela Cunha na disputa!"}]},{"@type":"WebSite","@id":"https:\/\/swimchannel.net\/br\/#website","url":"https:\/\/swimchannel.net\/br\/","name":"Swimchannel","description":"Maior portal de nata\u00e7\u00e3o da america latina","publisher":{"@id":"https:\/\/swimchannel.net\/br\/#organization"},"potentialAction":[{"@type":"SearchAction","target":{"@type":"EntryPoint","urlTemplate":"https:\/\/swimchannel.net\/br\/?s={search_term_string}"},"query-input":{"@type":"PropertyValueSpecification","valueRequired":true,"valueName":"search_term_string"}}],"inLanguage":"pt-BR"},{"@type":"Organization","@id":"https:\/\/swimchannel.net\/br\/#organization","name":"Swimchannel - Conectando voc\u00ea a Nata\u00e7\u00e3o","url":"https:\/\/swimchannel.net\/br\/","logo":{"@type":"ImageObject","inLanguage":"pt-BR","@id":"https:\/\/swimchannel.net\/br\/#\/schema\/logo\/image\/","url":"https:\/\/swimchannel.net\/br\/wp-content\/uploads\/2026\/02\/SWIM-CHANNEL.png","contentUrl":"https:\/\/swimchannel.net\/br\/wp-content\/uploads\/2026\/02\/SWIM-CHANNEL.png","width":1120,"height":630,"caption":"Swimchannel - Conectando voc\u00ea a Nata\u00e7\u00e3o"},"image":{"@id":"https:\/\/swimchannel.net\/br\/#\/schema\/logo\/image\/"},"sameAs":["https:\/\/www.facebook.com\/swimchannel","https:\/\/www.instagram.com\/swimchannel"]},{"@type":"Person","@id":"https:\/\/swimchannel.net\/br\/#\/schema\/person\/cf549cb99cf75592fcf7c76213385e63","name":"Alex Pussieldi","image":{"@type":"ImageObject","inLanguage":"pt-BR","@id":"https:\/\/swimchannel.net\/br\/#\/schema\/person\/image\/","url":"https:\/\/swimchannel.net\/br\/wp-content\/uploads\/2021\/02\/9b1c252d-a4bd-4eda-b399-24565cac4114-100x100.jpg","contentUrl":"https:\/\/swimchannel.net\/br\/wp-content\/uploads\/2021\/02\/9b1c252d-a4bd-4eda-b399-24565cac4114-100x100.jpg","caption":"Alex Pussieldi"},"description":"Alexandre Pussieldi, apelidado de \u201ccoach\u201d, Foi t\u00e9cnico da sele\u00e7\u00e3o verde e amarela nas Olimp\u00edadas de Pequim-2008 e Londres-2012. O treinador ainda comandou outros quatro pa\u00edses: Kuwait, Paraguai, Aruba e Antilhas Holandesas, al\u00e9m da sele\u00e7\u00e3o americana de \u00e1guas abertas. Pussieldi tem passagens como comentarista de nata\u00e7\u00e3o do Grupo Globo e Swim Channel.","url":"https:\/\/swimchannel.net\/br\/author\/alexpussieldi\/"}]}},"_links":{"self":[{"href":"https:\/\/swimchannel.net\/br\/wp-json\/wp\/v2\/posts\/54874","targetHints":{"allow":["GET"]}}],"collection":[{"href":"https:\/\/swimchannel.net\/br\/wp-json\/wp\/v2\/posts"}],"about":[{"href":"https:\/\/swimchannel.net\/br\/wp-json\/wp\/v2\/types\/post"}],"author":[{"embeddable":true,"href":"https:\/\/swimchannel.net\/br\/wp-json\/wp\/v2\/users\/12"}],"replies":[{"embeddable":true,"href":"https:\/\/swimchannel.net\/br\/wp-json\/wp\/v2\/comments?post=54874"}],"version-history":[{"count":2,"href":"https:\/\/swimchannel.net\/br\/wp-json\/wp\/v2\/posts\/54874\/revisions"}],"predecessor-version":[{"id":54898,"href":"https:\/\/swimchannel.net\/br\/wp-json\/wp\/v2\/posts\/54874\/revisions\/54898"}],"wp:featuredmedia":[{"embeddable":true,"href":"https:\/\/swimchannel.net\/br\/wp-json\/wp\/v2\/media\/53581"}],"wp:attachment":[{"href":"https:\/\/swimchannel.net\/br\/wp-json\/wp\/v2\/media?parent=54874"}],"wp:term":[{"taxonomy":"category","embeddable":true,"href":"https:\/\/swimchannel.net\/br\/wp-json\/wp\/v2\/categories?post=54874"},{"taxonomy":"post_tag","embeddable":true,"href":"https:\/\/swimchannel.net\/br\/wp-json\/wp\/v2\/tags?post=54874"}],"curies":[{"name":"wp","href":"https:\/\/api.w.org\/{rel}","templated":true}]}}