{"id":54906,"date":"2023-01-17T16:56:15","date_gmt":"2023-01-17T19:56:15","guid":{"rendered":"https:\/\/swimchannel.net\/br\/?p=54906"},"modified":"2023-01-17T19:28:49","modified_gmt":"2023-01-17T22:28:49","slug":"associacao-brasiliense-master-de-natacao-divulga-calendario-da-temporada-2023","status":"publish","type":"post","link":"https:\/\/swimchannel.net\/br\/associacao-brasiliense-master-de-natacao-divulga-calendario-da-temporada-2023\/","title":{"rendered":"Associa\u00e7\u00e3o Brasiliense Master de Nata\u00e7\u00e3o divulga calend\u00e1rio da temporada 2023"},"content":{"rendered":"<p>A Associa\u00e7\u00e3o Brasiliense Master de Nata\u00e7\u00e3o (ABRAMN) divulgou no \u00faltimo final de semana seu calend\u00e1rio de competi\u00e7\u00f5es da tenporada 2023. Ser\u00e3o seis etapas, iniciando em 25 de fevereiro com\u00a0 a primeira etapa do Circuito, o 3\u00ba Trof\u00e9u ASBAC de Nata\u00e7\u00e3o Master.<\/p>\n<p>Este ano as distribui\u00e7\u00f5es das provas est\u00e3o diferentes. Com o objetivo de contemplar os participantes de provas de fundo e meio fundo, foram inseridas as provas de revezamento 4x200m livre o revezamento 4x100m livre tanto no feminino, como no masculino.\u00a0A inclus\u00e3o das provas, segundo a ABRAMN teve o objetivo de equilibrar o Circuito com as competi\u00e7\u00f5es do Brasileiro master e as competi\u00e7\u00f5es internacionais.<\/p>\n<p>Em breve a Institui\u00e7\u00e3o divulgar\u00e1 o regulamento oficial com a defini\u00e7\u00e3o de valores e condi\u00e7\u00f5es de participa\u00e7\u00e3o nas etapas.\u00a0Veja o calend\u00e1rio completo abaixo:<\/p>\n<figure id=\"attachment_54914\" aria-describedby=\"caption-attachment-54914\" style=\"width: 945px\" class=\"wp-caption alignnone\"><img loading=\"lazy\" decoding=\"async\" class=\"size-full wp-image-54914\" src=\"https:\/\/swimchannel.net\/br\/wp-content\/uploads\/2023\/01\/WhatsApp-Image-2022-03-04-at-15.24.16.jpeg\" alt=\"\" width=\"945\" height=\"630\" srcset=\"https:\/\/swimchannel.net\/br\/wp-content\/uploads\/2023\/01\/WhatsApp-Image-2022-03-04-at-15.24.16.jpeg 945w, https:\/\/swimchannel.net\/br\/wp-content\/uploads\/2023\/01\/WhatsApp-Image-2022-03-04-at-15.24.16-270x180.jpeg 270w, https:\/\/swimchannel.net\/br\/wp-content\/uploads\/2023\/01\/WhatsApp-Image-2022-03-04-at-15.24.16-768x512.jpeg 768w, https:\/\/swimchannel.net\/br\/wp-content\/uploads\/2023\/01\/WhatsApp-Image-2022-03-04-at-15.24.16-750x500.jpeg 750w\" sizes=\"auto, (max-width: 945px) 100vw, 945px\" \/><figcaption id=\"caption-attachment-54914\" class=\"wp-caption-text\">Vista do Iate Clube de Bras\u00edlia &#8211; Foto: Reprodu\u00e7\u00e3o\/Facebook<\/figcaption><\/figure>\n<p><strong>CALEND\u00c1RIO 2023<\/strong><br \/>\n<strong>I Etapa \u2013 3\u00ba Trof\u00e9u ASBAC de Nata\u00e7\u00e3o Master<\/strong><br \/>\n25 de fevereiro, 14h \u2013 ASBAC (50 metros)<br \/>\nProvas: 400m livre F\/M, 50m borboleta F\/M, 50m costas F\/M, 50m peito F\/M, 50m livre F\/M e revezamento 4x100m livre F\/M.<\/p>\n<p><strong>\u00a0II Etapa \u2013 4\u00aa Copa ASBAC de Nata\u00e7\u00e3o Master<\/strong><br \/>\n25 de mar\u00e7o, 14h \u2013 ASBAC (50 metros)<br \/>\nProvas: 400medley F\/M, 50m livre F\/M, 100m costas F\/M, 100m livre F\/M, 50m peito F\/M e revezamento 4x200m livre F\/M.<\/p>\n<p><strong>\u00a0III Etapa \u201315\u00aa Copa Comodoro Iate Clube de Bras\u00edlia<\/strong><br \/>\n6 de maio \u2013 14h \u2013 Iate Clube de Brasilia (25 metros)<br \/>\nProvas: 200m livre F\/M, 100m costas F\/M, 50m livre F\/M, 100m medley F\/M, 200m peito F\/M e revezamento 4x50m livre misto.<\/p>\n<figure id=\"attachment_54915\" aria-describedby=\"caption-attachment-54915\" style=\"width: 945px\" class=\"wp-caption alignnone\"><img loading=\"lazy\" decoding=\"async\" class=\"size-full wp-image-54915\" src=\"https:\/\/swimchannel.net\/br\/wp-content\/uploads\/2023\/01\/aabb.jpg\" alt=\"\" width=\"945\" height=\"630\" srcset=\"https:\/\/swimchannel.net\/br\/wp-content\/uploads\/2023\/01\/aabb.jpg 945w, https:\/\/swimchannel.net\/br\/wp-content\/uploads\/2023\/01\/aabb-270x180.jpg 270w, https:\/\/swimchannel.net\/br\/wp-content\/uploads\/2023\/01\/aabb-768x512.jpg 768w, https:\/\/swimchannel.net\/br\/wp-content\/uploads\/2023\/01\/aabb-750x500.jpg 750w\" sizes=\"auto, (max-width: 945px) 100vw, 945px\" \/><figcaption id=\"caption-attachment-54915\" class=\"wp-caption-text\">Vista da piscina do AABB de Bras\u00edlia &#8211; Foto: Reprodu\u00e7\u00e3o\/Facebook<\/figcaption><\/figure>\n<p><strong>\u00a0IV Etapa Circuito ABRAMN 2023<\/strong><br \/>\n26 de agosto \u2013 14h \u2013 A CONFIRMAR (50 metros)<br \/>\nProvas: 200m medley F\/M, 50m livre F\/M, 50m peito F\/M, 200m livre F\/M, 100 m borboleta F\/M, e revezamento 4x50m livre F\/M.<\/p>\n<p><strong>\u00a0V Etapa \u2013 IV Trof\u00e9u AABB Bras\u00edlia de Nata\u00e7\u00e3o Master<\/strong><br \/>\n30 de setembro &#8211; 14h \u2013 AABB Bras\u00edlia (25 metros)<br \/>\nProvas: 100m livre F\/M, 200m medley F\/M, 50m borboleta F\/M, 200m costas F\/M, 100m peito F\/M e revezamento 4&#215;50 medley F\/M.<\/p>\n<p><strong> VI Etapa \u2013 4\u00ba Trof\u00e9u D&#8217;STAK Academia<\/strong><br \/>\n18 de novembro, 14h \u2013 Academia D\u2019STAK (25 metros)<br \/>\nProvas: 800m livre F\/M, 50m costas F\/M, 200m borboleta F\/M, 50m livre F\/M, e revezamento 4x50m livre F\/M.<\/p>\n<p>O Calend\u00e1rio e as respectivas provas poder\u00e3o sofrer altera\u00e7\u00f5es dependendo da confirma\u00e7\u00e3o das piscinas. Dependendo das condi\u00e7\u00f5es clim\u00e1ticas, as competi\u00e7\u00f5es poder\u00e3o ter suas datas adiadas.\u00a0Saiba mais no site da Associa\u00e7\u00e3o Brasiliense Master de Nata\u00e7\u00e3o <a href=\"https:\/\/abramn.org.br\/abramn-divulga-calendario-2023\/\">aqui<\/a>.<\/p>\n","protected":false},"excerpt":{"rendered":"<p>Circuito ABRAMN ter\u00e1 seis etapas no ano come\u00e7ando no pr\u00f3xima dia 25 de fevereiro<\/p>\n","protected":false},"author":9,"featured_media":54909,"comment_status":"open","ping_status":"open","sticky":false,"template":"","format":"gallery","meta":{"footnotes":""},"categories":[1247],"tags":[382,5137,5,227],"class_list":["post-54906","post","type-post","status-publish","format-gallery","has-post-thumbnail","hentry","category-natacao-master","tag-abmn","tag-circuito-abramn","tag-natacao","tag-natacao-master","post_format-post-format-gallery"],"yoast_head":"<!-- This site is optimized with the Yoast SEO plugin v27.0 - https:\/\/yoast.com\/product\/yoast-seo-wordpress\/ -->\n<title>Associa\u00e7\u00e3o Brasiliense Master de Nata\u00e7\u00e3o divulga calend\u00e1rio da temporada 2023 - Swimchannel<\/title>\n<meta name=\"robots\" content=\"index, follow, max-snippet:-1, max-image-preview:large, max-video-preview:-1\" \/>\n<link rel=\"canonical\" href=\"https:\/\/swimchannel.net\/br\/associacao-brasiliense-master-de-natacao-divulga-calendario-da-temporada-2023\/\" \/>\n<meta property=\"og:locale\" content=\"pt_BR\" \/>\n<meta property=\"og:type\" content=\"article\" \/>\n<meta property=\"og:title\" content=\"Associa\u00e7\u00e3o Brasiliense Master de Nata\u00e7\u00e3o divulga calend\u00e1rio da temporada 2023 - Swimchannel\" \/>\n<meta property=\"og:description\" content=\"Circuito ABRAMN ter\u00e1 seis etapas no ano come\u00e7ando no pr\u00f3xima dia 25 de fevereiro\" \/>\n<meta property=\"og:url\" content=\"https:\/\/swimchannel.net\/br\/associacao-brasiliense-master-de-natacao-divulga-calendario-da-temporada-2023\/\" \/>\n<meta property=\"og:site_name\" content=\"Swimchannel\" \/>\n<meta property=\"article:publisher\" content=\"https:\/\/www.facebook.com\/swimchannel\" \/>\n<meta property=\"article:published_time\" content=\"2023-01-17T19:56:15+00:00\" \/>\n<meta property=\"article:modified_time\" content=\"2023-01-17T22:28:49+00:00\" \/>\n<meta property=\"og:image\" content=\"https:\/\/swimchannel.net\/br\/wp-content\/uploads\/2023\/01\/logomarca-abramn-sob-piscina-960x390-1.jpg\" \/>\n\t<meta property=\"og:image:width\" content=\"960\" \/>\n\t<meta property=\"og:image:height\" content=\"390\" \/>\n\t<meta property=\"og:image:type\" content=\"image\/jpeg\" \/>\n<meta name=\"author\" content=\"Katarine Monteiro\" \/>\n<meta name=\"twitter:card\" content=\"summary_large_image\" \/>\n<meta name=\"twitter:creator\" content=\"@https:\/\/twitter.com\/Katarinem\" \/>\n<meta name=\"twitter:label1\" content=\"Escrito por\" \/>\n\t<meta name=\"twitter:data1\" content=\"Katarine Monteiro\" \/>\n\t<meta name=\"twitter:label2\" content=\"Est. tempo de leitura\" \/>\n\t<meta name=\"twitter:data2\" content=\"2 minutos\" \/>\n<script type=\"application\/ld+json\" class=\"yoast-schema-graph\">{\"@context\":\"https:\/\/schema.org\",\"@graph\":[{\"@type\":\"Article\",\"@id\":\"https:\/\/swimchannel.net\/br\/associacao-brasiliense-master-de-natacao-divulga-calendario-da-temporada-2023\/#article\",\"isPartOf\":{\"@id\":\"https:\/\/swimchannel.net\/br\/associacao-brasiliense-master-de-natacao-divulga-calendario-da-temporada-2023\/\"},\"author\":{\"name\":\"Katarine Monteiro\",\"@id\":\"https:\/\/swimchannel.net\/br\/#\/schema\/person\/73ae9cec62249968bca1f0a8098ef002\"},\"headline\":\"Associa\u00e7\u00e3o Brasiliense Master de Nata\u00e7\u00e3o divulga calend\u00e1rio da temporada 2023\",\"datePublished\":\"2023-01-17T19:56:15+00:00\",\"dateModified\":\"2023-01-17T22:28:49+00:00\",\"mainEntityOfPage\":{\"@id\":\"https:\/\/swimchannel.net\/br\/associacao-brasiliense-master-de-natacao-divulga-calendario-da-temporada-2023\/\"},\"wordCount\":494,\"commentCount\":0,\"publisher\":{\"@id\":\"https:\/\/swimchannel.net\/br\/#organization\"},\"image\":{\"@id\":\"https:\/\/swimchannel.net\/br\/associacao-brasiliense-master-de-natacao-divulga-calendario-da-temporada-2023\/#primaryimage\"},\"thumbnailUrl\":\"https:\/\/swimchannel.net\/br\/wp-content\/uploads\/2023\/01\/logomarca-abramn-sob-piscina-960x390-1.jpg\",\"keywords\":[\"ABMN\",\"Circuito ABRAMN\",\"natacao\",\"nata\u00e7\u00e3o master\"],\"articleSection\":[\"Nata\u00e7\u00e3o Master\"],\"inLanguage\":\"pt-BR\",\"potentialAction\":[{\"@type\":\"CommentAction\",\"name\":\"Comment\",\"target\":[\"https:\/\/swimchannel.net\/br\/associacao-brasiliense-master-de-natacao-divulga-calendario-da-temporada-2023\/#respond\"]}]},{\"@type\":\"WebPage\",\"@id\":\"https:\/\/swimchannel.net\/br\/associacao-brasiliense-master-de-natacao-divulga-calendario-da-temporada-2023\/\",\"url\":\"https:\/\/swimchannel.net\/br\/associacao-brasiliense-master-de-natacao-divulga-calendario-da-temporada-2023\/\",\"name\":\"Associa\u00e7\u00e3o Brasiliense Master de Nata\u00e7\u00e3o divulga calend\u00e1rio da temporada 2023 - Swimchannel\",\"isPartOf\":{\"@id\":\"https:\/\/swimchannel.net\/br\/#website\"},\"primaryImageOfPage\":{\"@id\":\"https:\/\/swimchannel.net\/br\/associacao-brasiliense-master-de-natacao-divulga-calendario-da-temporada-2023\/#primaryimage\"},\"image\":{\"@id\":\"https:\/\/swimchannel.net\/br\/associacao-brasiliense-master-de-natacao-divulga-calendario-da-temporada-2023\/#primaryimage\"},\"thumbnailUrl\":\"https:\/\/swimchannel.net\/br\/wp-content\/uploads\/2023\/01\/logomarca-abramn-sob-piscina-960x390-1.jpg\",\"datePublished\":\"2023-01-17T19:56:15+00:00\",\"dateModified\":\"2023-01-17T22:28:49+00:00\",\"breadcrumb\":{\"@id\":\"https:\/\/swimchannel.net\/br\/associacao-brasiliense-master-de-natacao-divulga-calendario-da-temporada-2023\/#breadcrumb\"},\"inLanguage\":\"pt-BR\",\"potentialAction\":[{\"@type\":\"ReadAction\",\"target\":[\"https:\/\/swimchannel.net\/br\/associacao-brasiliense-master-de-natacao-divulga-calendario-da-temporada-2023\/\"]}]},{\"@type\":\"ImageObject\",\"inLanguage\":\"pt-BR\",\"@id\":\"https:\/\/swimchannel.net\/br\/associacao-brasiliense-master-de-natacao-divulga-calendario-da-temporada-2023\/#primaryimage\",\"url\":\"https:\/\/swimchannel.net\/br\/wp-content\/uploads\/2023\/01\/logomarca-abramn-sob-piscina-960x390-1.jpg\",\"contentUrl\":\"https:\/\/swimchannel.net\/br\/wp-content\/uploads\/2023\/01\/logomarca-abramn-sob-piscina-960x390-1.jpg\",\"width\":960,\"height\":390,\"caption\":\"ABRAMN\"},{\"@type\":\"BreadcrumbList\",\"@id\":\"https:\/\/swimchannel.net\/br\/associacao-brasiliense-master-de-natacao-divulga-calendario-da-temporada-2023\/#breadcrumb\",\"itemListElement\":[{\"@type\":\"ListItem\",\"position\":1,\"name\":\"Home\",\"item\":\"https:\/\/swimchannel.net\/br\/\"},{\"@type\":\"ListItem\",\"position\":2,\"name\":\"Associa\u00e7\u00e3o Brasiliense Master de Nata\u00e7\u00e3o divulga calend\u00e1rio da temporada 2023\"}]},{\"@type\":\"WebSite\",\"@id\":\"https:\/\/swimchannel.net\/br\/#website\",\"url\":\"https:\/\/swimchannel.net\/br\/\",\"name\":\"Swimchannel\",\"description\":\"Maior portal de nata\u00e7\u00e3o da america latina\",\"publisher\":{\"@id\":\"https:\/\/swimchannel.net\/br\/#organization\"},\"potentialAction\":[{\"@type\":\"SearchAction\",\"target\":{\"@type\":\"EntryPoint\",\"urlTemplate\":\"https:\/\/swimchannel.net\/br\/?s={search_term_string}\"},\"query-input\":{\"@type\":\"PropertyValueSpecification\",\"valueRequired\":true,\"valueName\":\"search_term_string\"}}],\"inLanguage\":\"pt-BR\"},{\"@type\":\"Organization\",\"@id\":\"https:\/\/swimchannel.net\/br\/#organization\",\"name\":\"Swimchannel - Conectando voc\u00ea a Nata\u00e7\u00e3o\",\"url\":\"https:\/\/swimchannel.net\/br\/\",\"logo\":{\"@type\":\"ImageObject\",\"inLanguage\":\"pt-BR\",\"@id\":\"https:\/\/swimchannel.net\/br\/#\/schema\/logo\/image\/\",\"url\":\"https:\/\/swimchannel.net\/br\/wp-content\/uploads\/2026\/02\/SWIM-CHANNEL.png\",\"contentUrl\":\"https:\/\/swimchannel.net\/br\/wp-content\/uploads\/2026\/02\/SWIM-CHANNEL.png\",\"width\":1120,\"height\":630,\"caption\":\"Swimchannel - Conectando voc\u00ea a Nata\u00e7\u00e3o\"},\"image\":{\"@id\":\"https:\/\/swimchannel.net\/br\/#\/schema\/logo\/image\/\"},\"sameAs\":[\"https:\/\/www.facebook.com\/swimchannel\",\"https:\/\/www.instagram.com\/swimchannel\"]},{\"@type\":\"Person\",\"@id\":\"https:\/\/swimchannel.net\/br\/#\/schema\/person\/73ae9cec62249968bca1f0a8098ef002\",\"name\":\"Katarine Monteiro\",\"image\":{\"@type\":\"ImageObject\",\"inLanguage\":\"pt-BR\",\"@id\":\"https:\/\/swimchannel.net\/br\/#\/schema\/person\/image\/\",\"url\":\"https:\/\/swimchannel.net\/br\/wp-content\/uploads\/2022\/01\/Katarine-Monteiro-100x100.jpg\",\"contentUrl\":\"https:\/\/swimchannel.net\/br\/wp-content\/uploads\/2022\/01\/Katarine-Monteiro-100x100.jpg\",\"caption\":\"Katarine Monteiro\"},\"description\":\"Jornalista SWIM CHANNEL especializada em esportes ol\u00edmpicos e em sa\u00fade. Com cobertura de grandes eventos internacionais, como Jogos Ol\u00edmpicos Rio 2016, Jogos Pan-Americanos em Lima 2019, Qatar Total Open 2020, Qatar ExxonMobil Open 2019 - t\u00eanis em Doha (QT), Semana Internacional de Vela de Ilhabela, Transat Jacques Vabre 2019 (Fran\u00e7a-Brasil), L'\u00c9tape Brasil by Tour de France, j\u00e1 fez in\u00fameras coberturas de nata\u00e7\u00e3o, maratona aqu\u00e1tica e polo aqu\u00e1tico. Formada tamb\u00e9m em Letras, a jornalista atua como assessora de imprensa, rela\u00e7\u00f5es p\u00fablicas e social media, com especializa\u00e7\u00e3o em marketing esportivo. Nadadora amadora de \u00e1guas abertas, j\u00e1 trabalhou com grandes nomes da nata\u00e7\u00e3o e do polo aqu\u00e1tico brasileiro.\",\"sameAs\":[\"https:\/\/www.instagram.com\/_katarinemonteiro\/\",\"https:\/\/www.linkedin.com\/in\/katarine-monteiro-19385297\/\",\"https:\/\/x.com\/https:\/\/twitter.com\/Katarinem\"],\"url\":\"https:\/\/swimchannel.net\/br\/author\/katarine-monteiro\/\"}]}<\/script>\n<!-- \/ Yoast SEO plugin. -->","yoast_head_json":{"title":"Associa\u00e7\u00e3o Brasiliense Master de Nata\u00e7\u00e3o divulga calend\u00e1rio da temporada 2023 - Swimchannel","robots":{"index":"index","follow":"follow","max-snippet":"max-snippet:-1","max-image-preview":"max-image-preview:large","max-video-preview":"max-video-preview:-1"},"canonical":"https:\/\/swimchannel.net\/br\/associacao-brasiliense-master-de-natacao-divulga-calendario-da-temporada-2023\/","og_locale":"pt_BR","og_type":"article","og_title":"Associa\u00e7\u00e3o Brasiliense Master de Nata\u00e7\u00e3o divulga calend\u00e1rio da temporada 2023 - Swimchannel","og_description":"Circuito ABRAMN ter\u00e1 seis etapas no ano come\u00e7ando no pr\u00f3xima dia 25 de fevereiro","og_url":"https:\/\/swimchannel.net\/br\/associacao-brasiliense-master-de-natacao-divulga-calendario-da-temporada-2023\/","og_site_name":"Swimchannel","article_publisher":"https:\/\/www.facebook.com\/swimchannel","article_published_time":"2023-01-17T19:56:15+00:00","article_modified_time":"2023-01-17T22:28:49+00:00","og_image":[{"width":960,"height":390,"url":"https:\/\/swimchannel.net\/br\/wp-content\/uploads\/2023\/01\/logomarca-abramn-sob-piscina-960x390-1.jpg","type":"image\/jpeg"}],"author":"Katarine Monteiro","twitter_card":"summary_large_image","twitter_creator":"@https:\/\/twitter.com\/Katarinem","twitter_misc":{"Escrito por":"Katarine Monteiro","Est. tempo de leitura":"2 minutos"},"schema":{"@context":"https:\/\/schema.org","@graph":[{"@type":"Article","@id":"https:\/\/swimchannel.net\/br\/associacao-brasiliense-master-de-natacao-divulga-calendario-da-temporada-2023\/#article","isPartOf":{"@id":"https:\/\/swimchannel.net\/br\/associacao-brasiliense-master-de-natacao-divulga-calendario-da-temporada-2023\/"},"author":{"name":"Katarine Monteiro","@id":"https:\/\/swimchannel.net\/br\/#\/schema\/person\/73ae9cec62249968bca1f0a8098ef002"},"headline":"Associa\u00e7\u00e3o Brasiliense Master de Nata\u00e7\u00e3o divulga calend\u00e1rio da temporada 2023","datePublished":"2023-01-17T19:56:15+00:00","dateModified":"2023-01-17T22:28:49+00:00","mainEntityOfPage":{"@id":"https:\/\/swimchannel.net\/br\/associacao-brasiliense-master-de-natacao-divulga-calendario-da-temporada-2023\/"},"wordCount":494,"commentCount":0,"publisher":{"@id":"https:\/\/swimchannel.net\/br\/#organization"},"image":{"@id":"https:\/\/swimchannel.net\/br\/associacao-brasiliense-master-de-natacao-divulga-calendario-da-temporada-2023\/#primaryimage"},"thumbnailUrl":"https:\/\/swimchannel.net\/br\/wp-content\/uploads\/2023\/01\/logomarca-abramn-sob-piscina-960x390-1.jpg","keywords":["ABMN","Circuito ABRAMN","natacao","nata\u00e7\u00e3o master"],"articleSection":["Nata\u00e7\u00e3o Master"],"inLanguage":"pt-BR","potentialAction":[{"@type":"CommentAction","name":"Comment","target":["https:\/\/swimchannel.net\/br\/associacao-brasiliense-master-de-natacao-divulga-calendario-da-temporada-2023\/#respond"]}]},{"@type":"WebPage","@id":"https:\/\/swimchannel.net\/br\/associacao-brasiliense-master-de-natacao-divulga-calendario-da-temporada-2023\/","url":"https:\/\/swimchannel.net\/br\/associacao-brasiliense-master-de-natacao-divulga-calendario-da-temporada-2023\/","name":"Associa\u00e7\u00e3o Brasiliense Master de Nata\u00e7\u00e3o divulga calend\u00e1rio da temporada 2023 - Swimchannel","isPartOf":{"@id":"https:\/\/swimchannel.net\/br\/#website"},"primaryImageOfPage":{"@id":"https:\/\/swimchannel.net\/br\/associacao-brasiliense-master-de-natacao-divulga-calendario-da-temporada-2023\/#primaryimage"},"image":{"@id":"https:\/\/swimchannel.net\/br\/associacao-brasiliense-master-de-natacao-divulga-calendario-da-temporada-2023\/#primaryimage"},"thumbnailUrl":"https:\/\/swimchannel.net\/br\/wp-content\/uploads\/2023\/01\/logomarca-abramn-sob-piscina-960x390-1.jpg","datePublished":"2023-01-17T19:56:15+00:00","dateModified":"2023-01-17T22:28:49+00:00","breadcrumb":{"@id":"https:\/\/swimchannel.net\/br\/associacao-brasiliense-master-de-natacao-divulga-calendario-da-temporada-2023\/#breadcrumb"},"inLanguage":"pt-BR","potentialAction":[{"@type":"ReadAction","target":["https:\/\/swimchannel.net\/br\/associacao-brasiliense-master-de-natacao-divulga-calendario-da-temporada-2023\/"]}]},{"@type":"ImageObject","inLanguage":"pt-BR","@id":"https:\/\/swimchannel.net\/br\/associacao-brasiliense-master-de-natacao-divulga-calendario-da-temporada-2023\/#primaryimage","url":"https:\/\/swimchannel.net\/br\/wp-content\/uploads\/2023\/01\/logomarca-abramn-sob-piscina-960x390-1.jpg","contentUrl":"https:\/\/swimchannel.net\/br\/wp-content\/uploads\/2023\/01\/logomarca-abramn-sob-piscina-960x390-1.jpg","width":960,"height":390,"caption":"ABRAMN"},{"@type":"BreadcrumbList","@id":"https:\/\/swimchannel.net\/br\/associacao-brasiliense-master-de-natacao-divulga-calendario-da-temporada-2023\/#breadcrumb","itemListElement":[{"@type":"ListItem","position":1,"name":"Home","item":"https:\/\/swimchannel.net\/br\/"},{"@type":"ListItem","position":2,"name":"Associa\u00e7\u00e3o Brasiliense Master de Nata\u00e7\u00e3o divulga calend\u00e1rio da temporada 2023"}]},{"@type":"WebSite","@id":"https:\/\/swimchannel.net\/br\/#website","url":"https:\/\/swimchannel.net\/br\/","name":"Swimchannel","description":"Maior portal de nata\u00e7\u00e3o da america latina","publisher":{"@id":"https:\/\/swimchannel.net\/br\/#organization"},"potentialAction":[{"@type":"SearchAction","target":{"@type":"EntryPoint","urlTemplate":"https:\/\/swimchannel.net\/br\/?s={search_term_string}"},"query-input":{"@type":"PropertyValueSpecification","valueRequired":true,"valueName":"search_term_string"}}],"inLanguage":"pt-BR"},{"@type":"Organization","@id":"https:\/\/swimchannel.net\/br\/#organization","name":"Swimchannel - Conectando voc\u00ea a Nata\u00e7\u00e3o","url":"https:\/\/swimchannel.net\/br\/","logo":{"@type":"ImageObject","inLanguage":"pt-BR","@id":"https:\/\/swimchannel.net\/br\/#\/schema\/logo\/image\/","url":"https:\/\/swimchannel.net\/br\/wp-content\/uploads\/2026\/02\/SWIM-CHANNEL.png","contentUrl":"https:\/\/swimchannel.net\/br\/wp-content\/uploads\/2026\/02\/SWIM-CHANNEL.png","width":1120,"height":630,"caption":"Swimchannel - Conectando voc\u00ea a Nata\u00e7\u00e3o"},"image":{"@id":"https:\/\/swimchannel.net\/br\/#\/schema\/logo\/image\/"},"sameAs":["https:\/\/www.facebook.com\/swimchannel","https:\/\/www.instagram.com\/swimchannel"]},{"@type":"Person","@id":"https:\/\/swimchannel.net\/br\/#\/schema\/person\/73ae9cec62249968bca1f0a8098ef002","name":"Katarine Monteiro","image":{"@type":"ImageObject","inLanguage":"pt-BR","@id":"https:\/\/swimchannel.net\/br\/#\/schema\/person\/image\/","url":"https:\/\/swimchannel.net\/br\/wp-content\/uploads\/2022\/01\/Katarine-Monteiro-100x100.jpg","contentUrl":"https:\/\/swimchannel.net\/br\/wp-content\/uploads\/2022\/01\/Katarine-Monteiro-100x100.jpg","caption":"Katarine Monteiro"},"description":"Jornalista SWIM CHANNEL especializada em esportes ol\u00edmpicos e em sa\u00fade. Com cobertura de grandes eventos internacionais, como Jogos Ol\u00edmpicos Rio 2016, Jogos Pan-Americanos em Lima 2019, Qatar Total Open 2020, Qatar ExxonMobil Open 2019 - t\u00eanis em Doha (QT), Semana Internacional de Vela de Ilhabela, Transat Jacques Vabre 2019 (Fran\u00e7a-Brasil), L'\u00c9tape Brasil by Tour de France, j\u00e1 fez in\u00fameras coberturas de nata\u00e7\u00e3o, maratona aqu\u00e1tica e polo aqu\u00e1tico. Formada tamb\u00e9m em Letras, a jornalista atua como assessora de imprensa, rela\u00e7\u00f5es p\u00fablicas e social media, com especializa\u00e7\u00e3o em marketing esportivo. Nadadora amadora de \u00e1guas abertas, j\u00e1 trabalhou com grandes nomes da nata\u00e7\u00e3o e do polo aqu\u00e1tico brasileiro.","sameAs":["https:\/\/www.instagram.com\/_katarinemonteiro\/","https:\/\/www.linkedin.com\/in\/katarine-monteiro-19385297\/","https:\/\/x.com\/https:\/\/twitter.com\/Katarinem"],"url":"https:\/\/swimchannel.net\/br\/author\/katarine-monteiro\/"}]}},"_links":{"self":[{"href":"https:\/\/swimchannel.net\/br\/wp-json\/wp\/v2\/posts\/54906","targetHints":{"allow":["GET"]}}],"collection":[{"href":"https:\/\/swimchannel.net\/br\/wp-json\/wp\/v2\/posts"}],"about":[{"href":"https:\/\/swimchannel.net\/br\/wp-json\/wp\/v2\/types\/post"}],"author":[{"embeddable":true,"href":"https:\/\/swimchannel.net\/br\/wp-json\/wp\/v2\/users\/9"}],"replies":[{"embeddable":true,"href":"https:\/\/swimchannel.net\/br\/wp-json\/wp\/v2\/comments?post=54906"}],"version-history":[{"count":5,"href":"https:\/\/swimchannel.net\/br\/wp-json\/wp\/v2\/posts\/54906\/revisions"}],"predecessor-version":[{"id":54916,"href":"https:\/\/swimchannel.net\/br\/wp-json\/wp\/v2\/posts\/54906\/revisions\/54916"}],"wp:featuredmedia":[{"embeddable":true,"href":"https:\/\/swimchannel.net\/br\/wp-json\/wp\/v2\/media\/54909"}],"wp:attachment":[{"href":"https:\/\/swimchannel.net\/br\/wp-json\/wp\/v2\/media?parent=54906"}],"wp:term":[{"taxonomy":"category","embeddable":true,"href":"https:\/\/swimchannel.net\/br\/wp-json\/wp\/v2\/categories?post=54906"},{"taxonomy":"post_tag","embeddable":true,"href":"https:\/\/swimchannel.net\/br\/wp-json\/wp\/v2\/tags?post=54906"}],"curies":[{"name":"wp","href":"https:\/\/api.w.org\/{rel}","templated":true}]}}