{"id":54940,"date":"2023-01-19T00:01:45","date_gmt":"2023-01-19T03:01:45","guid":{"rendered":"https:\/\/swimchannel.net\/br\/?p=54940"},"modified":"2023-01-19T00:09:39","modified_gmt":"2023-01-19T03:09:39","slug":"cbda-confirma-calendario-de-aguas-abertas-2023","status":"publish","type":"post","link":"https:\/\/swimchannel.net\/br\/cbda-confirma-calendario-de-aguas-abertas-2023\/","title":{"rendered":"CBDA confirma calend\u00e1rio de \u00e1guas abertas 2023!"},"content":{"rendered":"<p>A Assembleia Geral Ordin\u00e1ria da CBDA confirmou o calend\u00e1rio das \u00e1guas abertas para a temporada de 2023 j\u00e1 indicando todos os locais e datas. Ao todo ser\u00e3o oito etapas do Campeonato Brasileiro e mais 18 da Copa Brasil e Trof\u00e9u Marcelinha Cunha, evento voltado para os jovens nadadores.<\/p>\n<p>Confira aqui o documento que inclui as disputas do Campeonato Brasileiro, Copa Brasil e Trof\u00e9u Marcelinha Cunha: <a href=\"https:\/\/drive.google.com\/file\/d\/1H4Ke7LKPnrT6yn2TSqL029EVD4VOrvHP\/view\">https:\/\/drive.google.com\/file\/d\/1H4Ke7LKPnrT6yn2TSqL029EVD4VOrvHP\/view<\/a>.<\/p>\n","protected":false},"excerpt":{"rendered":"<p>Temporada da entidade ter\u00e1 oito etapas do Campeonato Brasileiro e mais 18 da Copa Brasil e Trof\u00e9u Marcelinha Cunha<\/p>\n","protected":false},"author":12,"featured_media":52885,"comment_status":"open","ping_status":"open","sticky":false,"template":"","format":"gallery","meta":{"footnotes":""},"categories":[2579],"tags":[14,1081,194,5],"class_list":["post-54940","post","type-post","status-publish","format-gallery","has-post-thumbnail","hentry","category-calendario","tag-aguas-abertas","tag-calendario","tag-cbda","tag-natacao","post_format-post-format-gallery"],"yoast_head":"<!-- This site is optimized with the Yoast SEO plugin v27.0 - https:\/\/yoast.com\/product\/yoast-seo-wordpress\/ -->\n<title>CBDA confirma calend\u00e1rio de \u00e1guas abertas 2023! - Swimchannel<\/title>\n<meta name=\"robots\" content=\"index, follow, max-snippet:-1, max-image-preview:large, max-video-preview:-1\" \/>\n<link rel=\"canonical\" href=\"https:\/\/swimchannel.net\/br\/cbda-confirma-calendario-de-aguas-abertas-2023\/\" \/>\n<meta property=\"og:locale\" content=\"pt_BR\" \/>\n<meta property=\"og:type\" content=\"article\" \/>\n<meta property=\"og:title\" content=\"CBDA confirma calend\u00e1rio de \u00e1guas abertas 2023! - Swimchannel\" \/>\n<meta property=\"og:description\" content=\"Temporada da entidade ter\u00e1 oito etapas do Campeonato Brasileiro e mais 18 da Copa Brasil e Trof\u00e9u Marcelinha Cunha\" \/>\n<meta property=\"og:url\" content=\"https:\/\/swimchannel.net\/br\/cbda-confirma-calendario-de-aguas-abertas-2023\/\" \/>\n<meta property=\"og:site_name\" content=\"Swimchannel\" \/>\n<meta property=\"article:publisher\" content=\"https:\/\/www.facebook.com\/swimchannel\" \/>\n<meta property=\"article:published_time\" content=\"2023-01-19T03:01:45+00:00\" \/>\n<meta property=\"article:modified_time\" content=\"2023-01-19T03:09:39+00:00\" \/>\n<meta property=\"og:image\" content=\"https:\/\/swimchannel.net\/br\/wp-content\/uploads\/2022\/08\/p19f5nf1vt1vbaac9154m1pv0kce7_crop.jpg\" \/>\n\t<meta property=\"og:image:width\" content=\"945\" \/>\n\t<meta property=\"og:image:height\" content=\"630\" \/>\n\t<meta property=\"og:image:type\" content=\"image\/jpeg\" \/>\n<meta name=\"author\" content=\"Alex Pussieldi\" \/>\n<meta name=\"twitter:card\" content=\"summary_large_image\" \/>\n<meta name=\"twitter:label1\" content=\"Escrito por\" \/>\n\t<meta name=\"twitter:data1\" content=\"Alex Pussieldi\" \/>\n<script type=\"application\/ld+json\" class=\"yoast-schema-graph\">{\"@context\":\"https:\/\/schema.org\",\"@graph\":[{\"@type\":\"Article\",\"@id\":\"https:\/\/swimchannel.net\/br\/cbda-confirma-calendario-de-aguas-abertas-2023\/#article\",\"isPartOf\":{\"@id\":\"https:\/\/swimchannel.net\/br\/cbda-confirma-calendario-de-aguas-abertas-2023\/\"},\"author\":{\"name\":\"Alex Pussieldi\",\"@id\":\"https:\/\/swimchannel.net\/br\/#\/schema\/person\/cf549cb99cf75592fcf7c76213385e63\"},\"headline\":\"CBDA confirma calend\u00e1rio de \u00e1guas abertas 2023!\",\"datePublished\":\"2023-01-19T03:01:45+00:00\",\"dateModified\":\"2023-01-19T03:09:39+00:00\",\"mainEntityOfPage\":{\"@id\":\"https:\/\/swimchannel.net\/br\/cbda-confirma-calendario-de-aguas-abertas-2023\/\"},\"wordCount\":89,\"commentCount\":0,\"publisher\":{\"@id\":\"https:\/\/swimchannel.net\/br\/#organization\"},\"image\":{\"@id\":\"https:\/\/swimchannel.net\/br\/cbda-confirma-calendario-de-aguas-abertas-2023\/#primaryimage\"},\"thumbnailUrl\":\"https:\/\/swimchannel.net\/br\/wp-content\/uploads\/2022\/08\/p19f5nf1vt1vbaac9154m1pv0kce7_crop.jpg\",\"keywords\":[\"\u00c1guas abertas\",\"calend\u00e1rio\",\"CBDA\",\"natacao\"],\"articleSection\":[\"Calend\u00e1rio\"],\"inLanguage\":\"pt-BR\",\"potentialAction\":[{\"@type\":\"CommentAction\",\"name\":\"Comment\",\"target\":[\"https:\/\/swimchannel.net\/br\/cbda-confirma-calendario-de-aguas-abertas-2023\/#respond\"]}]},{\"@type\":\"WebPage\",\"@id\":\"https:\/\/swimchannel.net\/br\/cbda-confirma-calendario-de-aguas-abertas-2023\/\",\"url\":\"https:\/\/swimchannel.net\/br\/cbda-confirma-calendario-de-aguas-abertas-2023\/\",\"name\":\"CBDA confirma calend\u00e1rio de \u00e1guas abertas 2023! - Swimchannel\",\"isPartOf\":{\"@id\":\"https:\/\/swimchannel.net\/br\/#website\"},\"primaryImageOfPage\":{\"@id\":\"https:\/\/swimchannel.net\/br\/cbda-confirma-calendario-de-aguas-abertas-2023\/#primaryimage\"},\"image\":{\"@id\":\"https:\/\/swimchannel.net\/br\/cbda-confirma-calendario-de-aguas-abertas-2023\/#primaryimage\"},\"thumbnailUrl\":\"https:\/\/swimchannel.net\/br\/wp-content\/uploads\/2022\/08\/p19f5nf1vt1vbaac9154m1pv0kce7_crop.jpg\",\"datePublished\":\"2023-01-19T03:01:45+00:00\",\"dateModified\":\"2023-01-19T03:09:39+00:00\",\"breadcrumb\":{\"@id\":\"https:\/\/swimchannel.net\/br\/cbda-confirma-calendario-de-aguas-abertas-2023\/#breadcrumb\"},\"inLanguage\":\"pt-BR\",\"potentialAction\":[{\"@type\":\"ReadAction\",\"target\":[\"https:\/\/swimchannel.net\/br\/cbda-confirma-calendario-de-aguas-abertas-2023\/\"]}]},{\"@type\":\"ImageObject\",\"inLanguage\":\"pt-BR\",\"@id\":\"https:\/\/swimchannel.net\/br\/cbda-confirma-calendario-de-aguas-abertas-2023\/#primaryimage\",\"url\":\"https:\/\/swimchannel.net\/br\/wp-content\/uploads\/2022\/08\/p19f5nf1vt1vbaac9154m1pv0kce7_crop.jpg\",\"contentUrl\":\"https:\/\/swimchannel.net\/br\/wp-content\/uploads\/2022\/08\/p19f5nf1vt1vbaac9154m1pv0kce7_crop.jpg\",\"width\":945,\"height\":630,\"caption\":\"\u00c1guas abertas - Foto: Satiro Sodr\u00e9\/SSPress\"},{\"@type\":\"BreadcrumbList\",\"@id\":\"https:\/\/swimchannel.net\/br\/cbda-confirma-calendario-de-aguas-abertas-2023\/#breadcrumb\",\"itemListElement\":[{\"@type\":\"ListItem\",\"position\":1,\"name\":\"Home\",\"item\":\"https:\/\/swimchannel.net\/br\/\"},{\"@type\":\"ListItem\",\"position\":2,\"name\":\"CBDA confirma calend\u00e1rio de \u00e1guas abertas 2023!\"}]},{\"@type\":\"WebSite\",\"@id\":\"https:\/\/swimchannel.net\/br\/#website\",\"url\":\"https:\/\/swimchannel.net\/br\/\",\"name\":\"Swimchannel\",\"description\":\"Maior portal de nata\u00e7\u00e3o da america latina\",\"publisher\":{\"@id\":\"https:\/\/swimchannel.net\/br\/#organization\"},\"potentialAction\":[{\"@type\":\"SearchAction\",\"target\":{\"@type\":\"EntryPoint\",\"urlTemplate\":\"https:\/\/swimchannel.net\/br\/?s={search_term_string}\"},\"query-input\":{\"@type\":\"PropertyValueSpecification\",\"valueRequired\":true,\"valueName\":\"search_term_string\"}}],\"inLanguage\":\"pt-BR\"},{\"@type\":\"Organization\",\"@id\":\"https:\/\/swimchannel.net\/br\/#organization\",\"name\":\"Swimchannel - Conectando voc\u00ea a Nata\u00e7\u00e3o\",\"url\":\"https:\/\/swimchannel.net\/br\/\",\"logo\":{\"@type\":\"ImageObject\",\"inLanguage\":\"pt-BR\",\"@id\":\"https:\/\/swimchannel.net\/br\/#\/schema\/logo\/image\/\",\"url\":\"https:\/\/swimchannel.net\/br\/wp-content\/uploads\/2026\/02\/SWIM-CHANNEL.png\",\"contentUrl\":\"https:\/\/swimchannel.net\/br\/wp-content\/uploads\/2026\/02\/SWIM-CHANNEL.png\",\"width\":1120,\"height\":630,\"caption\":\"Swimchannel - Conectando voc\u00ea a Nata\u00e7\u00e3o\"},\"image\":{\"@id\":\"https:\/\/swimchannel.net\/br\/#\/schema\/logo\/image\/\"},\"sameAs\":[\"https:\/\/www.facebook.com\/swimchannel\",\"https:\/\/www.instagram.com\/swimchannel\"]},{\"@type\":\"Person\",\"@id\":\"https:\/\/swimchannel.net\/br\/#\/schema\/person\/cf549cb99cf75592fcf7c76213385e63\",\"name\":\"Alex Pussieldi\",\"image\":{\"@type\":\"ImageObject\",\"inLanguage\":\"pt-BR\",\"@id\":\"https:\/\/swimchannel.net\/br\/#\/schema\/person\/image\/\",\"url\":\"https:\/\/swimchannel.net\/br\/wp-content\/uploads\/2021\/02\/9b1c252d-a4bd-4eda-b399-24565cac4114-100x100.jpg\",\"contentUrl\":\"https:\/\/swimchannel.net\/br\/wp-content\/uploads\/2021\/02\/9b1c252d-a4bd-4eda-b399-24565cac4114-100x100.jpg\",\"caption\":\"Alex Pussieldi\"},\"description\":\"Alexandre Pussieldi, apelidado de \u201ccoach\u201d, Foi t\u00e9cnico da sele\u00e7\u00e3o verde e amarela nas Olimp\u00edadas de Pequim-2008 e Londres-2012. O treinador ainda comandou outros quatro pa\u00edses: Kuwait, Paraguai, Aruba e Antilhas Holandesas, al\u00e9m da sele\u00e7\u00e3o americana de \u00e1guas abertas. Pussieldi tem passagens como comentarista de nata\u00e7\u00e3o do Grupo Globo e Swim Channel.\",\"url\":\"https:\/\/swimchannel.net\/br\/author\/alexpussieldi\/\"}]}<\/script>\n<!-- \/ Yoast SEO plugin. -->","yoast_head_json":{"title":"CBDA confirma calend\u00e1rio de \u00e1guas abertas 2023! - Swimchannel","robots":{"index":"index","follow":"follow","max-snippet":"max-snippet:-1","max-image-preview":"max-image-preview:large","max-video-preview":"max-video-preview:-1"},"canonical":"https:\/\/swimchannel.net\/br\/cbda-confirma-calendario-de-aguas-abertas-2023\/","og_locale":"pt_BR","og_type":"article","og_title":"CBDA confirma calend\u00e1rio de \u00e1guas abertas 2023! - Swimchannel","og_description":"Temporada da entidade ter\u00e1 oito etapas do Campeonato Brasileiro e mais 18 da Copa Brasil e Trof\u00e9u Marcelinha Cunha","og_url":"https:\/\/swimchannel.net\/br\/cbda-confirma-calendario-de-aguas-abertas-2023\/","og_site_name":"Swimchannel","article_publisher":"https:\/\/www.facebook.com\/swimchannel","article_published_time":"2023-01-19T03:01:45+00:00","article_modified_time":"2023-01-19T03:09:39+00:00","og_image":[{"width":945,"height":630,"url":"https:\/\/swimchannel.net\/br\/wp-content\/uploads\/2022\/08\/p19f5nf1vt1vbaac9154m1pv0kce7_crop.jpg","type":"image\/jpeg"}],"author":"Alex Pussieldi","twitter_card":"summary_large_image","twitter_misc":{"Escrito por":"Alex Pussieldi"},"schema":{"@context":"https:\/\/schema.org","@graph":[{"@type":"Article","@id":"https:\/\/swimchannel.net\/br\/cbda-confirma-calendario-de-aguas-abertas-2023\/#article","isPartOf":{"@id":"https:\/\/swimchannel.net\/br\/cbda-confirma-calendario-de-aguas-abertas-2023\/"},"author":{"name":"Alex Pussieldi","@id":"https:\/\/swimchannel.net\/br\/#\/schema\/person\/cf549cb99cf75592fcf7c76213385e63"},"headline":"CBDA confirma calend\u00e1rio de \u00e1guas abertas 2023!","datePublished":"2023-01-19T03:01:45+00:00","dateModified":"2023-01-19T03:09:39+00:00","mainEntityOfPage":{"@id":"https:\/\/swimchannel.net\/br\/cbda-confirma-calendario-de-aguas-abertas-2023\/"},"wordCount":89,"commentCount":0,"publisher":{"@id":"https:\/\/swimchannel.net\/br\/#organization"},"image":{"@id":"https:\/\/swimchannel.net\/br\/cbda-confirma-calendario-de-aguas-abertas-2023\/#primaryimage"},"thumbnailUrl":"https:\/\/swimchannel.net\/br\/wp-content\/uploads\/2022\/08\/p19f5nf1vt1vbaac9154m1pv0kce7_crop.jpg","keywords":["\u00c1guas abertas","calend\u00e1rio","CBDA","natacao"],"articleSection":["Calend\u00e1rio"],"inLanguage":"pt-BR","potentialAction":[{"@type":"CommentAction","name":"Comment","target":["https:\/\/swimchannel.net\/br\/cbda-confirma-calendario-de-aguas-abertas-2023\/#respond"]}]},{"@type":"WebPage","@id":"https:\/\/swimchannel.net\/br\/cbda-confirma-calendario-de-aguas-abertas-2023\/","url":"https:\/\/swimchannel.net\/br\/cbda-confirma-calendario-de-aguas-abertas-2023\/","name":"CBDA confirma calend\u00e1rio de \u00e1guas abertas 2023! - Swimchannel","isPartOf":{"@id":"https:\/\/swimchannel.net\/br\/#website"},"primaryImageOfPage":{"@id":"https:\/\/swimchannel.net\/br\/cbda-confirma-calendario-de-aguas-abertas-2023\/#primaryimage"},"image":{"@id":"https:\/\/swimchannel.net\/br\/cbda-confirma-calendario-de-aguas-abertas-2023\/#primaryimage"},"thumbnailUrl":"https:\/\/swimchannel.net\/br\/wp-content\/uploads\/2022\/08\/p19f5nf1vt1vbaac9154m1pv0kce7_crop.jpg","datePublished":"2023-01-19T03:01:45+00:00","dateModified":"2023-01-19T03:09:39+00:00","breadcrumb":{"@id":"https:\/\/swimchannel.net\/br\/cbda-confirma-calendario-de-aguas-abertas-2023\/#breadcrumb"},"inLanguage":"pt-BR","potentialAction":[{"@type":"ReadAction","target":["https:\/\/swimchannel.net\/br\/cbda-confirma-calendario-de-aguas-abertas-2023\/"]}]},{"@type":"ImageObject","inLanguage":"pt-BR","@id":"https:\/\/swimchannel.net\/br\/cbda-confirma-calendario-de-aguas-abertas-2023\/#primaryimage","url":"https:\/\/swimchannel.net\/br\/wp-content\/uploads\/2022\/08\/p19f5nf1vt1vbaac9154m1pv0kce7_crop.jpg","contentUrl":"https:\/\/swimchannel.net\/br\/wp-content\/uploads\/2022\/08\/p19f5nf1vt1vbaac9154m1pv0kce7_crop.jpg","width":945,"height":630,"caption":"\u00c1guas abertas - Foto: Satiro Sodr\u00e9\/SSPress"},{"@type":"BreadcrumbList","@id":"https:\/\/swimchannel.net\/br\/cbda-confirma-calendario-de-aguas-abertas-2023\/#breadcrumb","itemListElement":[{"@type":"ListItem","position":1,"name":"Home","item":"https:\/\/swimchannel.net\/br\/"},{"@type":"ListItem","position":2,"name":"CBDA confirma calend\u00e1rio de \u00e1guas abertas 2023!"}]},{"@type":"WebSite","@id":"https:\/\/swimchannel.net\/br\/#website","url":"https:\/\/swimchannel.net\/br\/","name":"Swimchannel","description":"Maior portal de nata\u00e7\u00e3o da america latina","publisher":{"@id":"https:\/\/swimchannel.net\/br\/#organization"},"potentialAction":[{"@type":"SearchAction","target":{"@type":"EntryPoint","urlTemplate":"https:\/\/swimchannel.net\/br\/?s={search_term_string}"},"query-input":{"@type":"PropertyValueSpecification","valueRequired":true,"valueName":"search_term_string"}}],"inLanguage":"pt-BR"},{"@type":"Organization","@id":"https:\/\/swimchannel.net\/br\/#organization","name":"Swimchannel - Conectando voc\u00ea a Nata\u00e7\u00e3o","url":"https:\/\/swimchannel.net\/br\/","logo":{"@type":"ImageObject","inLanguage":"pt-BR","@id":"https:\/\/swimchannel.net\/br\/#\/schema\/logo\/image\/","url":"https:\/\/swimchannel.net\/br\/wp-content\/uploads\/2026\/02\/SWIM-CHANNEL.png","contentUrl":"https:\/\/swimchannel.net\/br\/wp-content\/uploads\/2026\/02\/SWIM-CHANNEL.png","width":1120,"height":630,"caption":"Swimchannel - Conectando voc\u00ea a Nata\u00e7\u00e3o"},"image":{"@id":"https:\/\/swimchannel.net\/br\/#\/schema\/logo\/image\/"},"sameAs":["https:\/\/www.facebook.com\/swimchannel","https:\/\/www.instagram.com\/swimchannel"]},{"@type":"Person","@id":"https:\/\/swimchannel.net\/br\/#\/schema\/person\/cf549cb99cf75592fcf7c76213385e63","name":"Alex Pussieldi","image":{"@type":"ImageObject","inLanguage":"pt-BR","@id":"https:\/\/swimchannel.net\/br\/#\/schema\/person\/image\/","url":"https:\/\/swimchannel.net\/br\/wp-content\/uploads\/2021\/02\/9b1c252d-a4bd-4eda-b399-24565cac4114-100x100.jpg","contentUrl":"https:\/\/swimchannel.net\/br\/wp-content\/uploads\/2021\/02\/9b1c252d-a4bd-4eda-b399-24565cac4114-100x100.jpg","caption":"Alex Pussieldi"},"description":"Alexandre Pussieldi, apelidado de \u201ccoach\u201d, Foi t\u00e9cnico da sele\u00e7\u00e3o verde e amarela nas Olimp\u00edadas de Pequim-2008 e Londres-2012. O treinador ainda comandou outros quatro pa\u00edses: Kuwait, Paraguai, Aruba e Antilhas Holandesas, al\u00e9m da sele\u00e7\u00e3o americana de \u00e1guas abertas. Pussieldi tem passagens como comentarista de nata\u00e7\u00e3o do Grupo Globo e Swim Channel.","url":"https:\/\/swimchannel.net\/br\/author\/alexpussieldi\/"}]}},"_links":{"self":[{"href":"https:\/\/swimchannel.net\/br\/wp-json\/wp\/v2\/posts\/54940","targetHints":{"allow":["GET"]}}],"collection":[{"href":"https:\/\/swimchannel.net\/br\/wp-json\/wp\/v2\/posts"}],"about":[{"href":"https:\/\/swimchannel.net\/br\/wp-json\/wp\/v2\/types\/post"}],"author":[{"embeddable":true,"href":"https:\/\/swimchannel.net\/br\/wp-json\/wp\/v2\/users\/12"}],"replies":[{"embeddable":true,"href":"https:\/\/swimchannel.net\/br\/wp-json\/wp\/v2\/comments?post=54940"}],"version-history":[{"count":1,"href":"https:\/\/swimchannel.net\/br\/wp-json\/wp\/v2\/posts\/54940\/revisions"}],"predecessor-version":[{"id":54943,"href":"https:\/\/swimchannel.net\/br\/wp-json\/wp\/v2\/posts\/54940\/revisions\/54943"}],"wp:featuredmedia":[{"embeddable":true,"href":"https:\/\/swimchannel.net\/br\/wp-json\/wp\/v2\/media\/52885"}],"wp:attachment":[{"href":"https:\/\/swimchannel.net\/br\/wp-json\/wp\/v2\/media?parent=54940"}],"wp:term":[{"taxonomy":"category","embeddable":true,"href":"https:\/\/swimchannel.net\/br\/wp-json\/wp\/v2\/categories?post=54940"},{"taxonomy":"post_tag","embeddable":true,"href":"https:\/\/swimchannel.net\/br\/wp-json\/wp\/v2\/tags?post=54940"}],"curies":[{"name":"wp","href":"https:\/\/api.w.org\/{rel}","templated":true}]}}