{"id":55087,"date":"2023-01-31T10:10:42","date_gmt":"2023-01-31T13:10:42","guid":{"rendered":"https:\/\/swimchannel.net\/br\/?p=55087"},"modified":"2023-01-31T16:10:35","modified_gmt":"2023-01-31T19:10:35","slug":"rainha-do-mar-reune-mil-de-nadadoras-no-rio-de-janeiro","status":"publish","type":"post","link":"https:\/\/swimchannel.net\/br\/rainha-do-mar-reune-mil-de-nadadoras-no-rio-de-janeiro\/","title":{"rendered":"Rainha do Mar re\u00fane mil de nadadoras no Rio de Janeiro"},"content":{"rendered":"<p>O Rainha do Mar 2023, competi\u00e7\u00e3o de \u00e1guas abertas exclusiva para mulheres, aconteceu novamente no posto 5 de Copacabana, no Rio de Janeiro (RJ), mesmo cen\u00e1rio da disputa da maratona aqu\u00e1tica ol\u00edmpica na Rio-2016 e da primeira edi\u00e7\u00e3o da prova, no ano passado.A competi\u00e7\u00e3o reuniu mil atletas entre amadoras e profisisonais, foi realizado pela Effect Sport, e contou com patroc\u00ednio da \u00c1guas do Rio, Betano e da marca esportiva Speedo.<\/p>\n<p>O Rainha do Mar 2023 contou com a prova elite, vencida pela holandesa Sharon van Rouwendaal e com mais tr\u00eas provas para as ateltas amadoras: Open (500 metros), Sprint (1 km) e Classic (2 km).<\/p>\n<figure id=\"attachment_55096\" aria-describedby=\"caption-attachment-55096\" style=\"width: 840px\" class=\"wp-caption alignnone\"><img loading=\"lazy\" decoding=\"async\" class=\"size-full wp-image-55096\" src=\"https:\/\/swimchannel.net\/br\/wp-content\/uploads\/2023\/01\/nov.jpg\" alt=\"\" width=\"840\" height=\"630\" srcset=\"https:\/\/swimchannel.net\/br\/wp-content\/uploads\/2023\/01\/nov.jpg 840w, https:\/\/swimchannel.net\/br\/wp-content\/uploads\/2023\/01\/nov-240x180.jpg 240w, https:\/\/swimchannel.net\/br\/wp-content\/uploads\/2023\/01\/nov-768x576.jpg 768w, https:\/\/swimchannel.net\/br\/wp-content\/uploads\/2023\/01\/nov-750x563.jpg 750w\" sizes=\"auto, (max-width: 840px) 100vw, 840px\" \/><figcaption id=\"caption-attachment-55096\" class=\"wp-caption-text\">(Januzzi Filmes)<\/figcaption><\/figure>\n<p>Assim como em 2022, as vencedoras da categoria Sprint e Classic ganharam ainda a oportunidade de competir na divis\u00e3o Elite. E os resultados foram os mesmos do ano passado. Nathalia Almeida e Gabi Roncatto venceram as provas, respectivamente, e se garantiram na principal disputa do dia. Os resultados completos da prova podem se<a href=\"https:\/\/neorace.com.br\/resultados\/g-live.html?f=2023\/jan\/rm23.clax\">r conferidos aqui.<\/a><\/p>\n<p>\u201cMais uma vez, o Rainha do Mar mostrou a for\u00e7a feminina no esporte. Recebemos diversas rainhas na \u00e1gua, cada uma com sua hist\u00f3ria, com sua conquista pessoal. Isso \u00e9 espetacular. Para n\u00f3s, a melhor medalha, o melhor trof\u00e9u, \u00e9 ver o sorriso estampado no rosto de cada participante. Estamos muito felizes com a realiza\u00e7\u00e3o do evento, e j\u00e1 ansiosos para a sequ\u00eancia do calend\u00e1rio Rei e Rainha do Mar\u201d, comentou a diretora de projetos da Effect Sport, Claudia Helena Porto.<\/p>\n<figure id=\"attachment_55109\" aria-describedby=\"caption-attachment-55109\" style=\"width: 550px\" class=\"wp-caption alignnone\"><img loading=\"lazy\" decoding=\"async\" class=\"size-full wp-image-55109\" src=\"https:\/\/swimchannel.net\/br\/wp-content\/uploads\/2023\/01\/gabi.jpg\" alt=\"\" width=\"550\" height=\"552\" srcset=\"https:\/\/swimchannel.net\/br\/wp-content\/uploads\/2023\/01\/gabi.jpg 550w, https:\/\/swimchannel.net\/br\/wp-content\/uploads\/2023\/01\/gabi-179x180.jpg 179w, https:\/\/swimchannel.net\/br\/wp-content\/uploads\/2023\/01\/gabi-75x75.jpg 75w\" sizes=\"auto, (max-width: 550px) 100vw, 550px\" \/><figcaption id=\"caption-attachment-55109\" class=\"wp-caption-text\">Gabrielle Roncatto &#8211; Foto: Effect Sports<\/figcaption><\/figure>\n<p>No desafio de elite, dez nadadoras disputaram a coroa e o t\u00edtulo ficou novamente com a atleta dos Pa\u00edses Baixos Sharon van Rouwendaal. Veja mais sobre a vit\u00f3ria da atleta <a href=\"https:\/\/swimchannel.net\/br\/sharon-van-rouwendaal-e-bicampea-no-desafio-rainha-do-mar\/\">aqui. <\/a>Foi a segunda vit\u00f3ria da nadadora neerlandesa na segunda vez que o desafio foi disputado na Praia de Copacabana.<\/p>\n<p>No alto do p\u00f3dio, a holandesa teve a companhia de uma advers\u00e1ria bem conhecida. A italiana Rachele Bruni terminou o Rainha do Mar 2023 com a segunda coloca\u00e7\u00e3o, repetindo as primeiras posi\u00e7\u00f5es da Rio-2016. A brasileira Viviane Jungblut, vice-campe\u00e3 do evento em 2022, terminou no terceiro lugar, seguida pela francesa Aur\u00e9lie Muller e pela jovem revela\u00e7\u00e3o nacional Beatriz Dizotti, quarta e quinta colocadas, respectivamente.<\/p>\n<figure id=\"attachment_55110\" aria-describedby=\"caption-attachment-55110\" style=\"width: 439px\" class=\"wp-caption alignnone\"><img loading=\"lazy\" decoding=\"async\" class=\"size-full wp-image-55110\" src=\"https:\/\/swimchannel.net\/br\/wp-content\/uploads\/2023\/01\/nana.jpg\" alt=\"\" width=\"439\" height=\"550\" srcset=\"https:\/\/swimchannel.net\/br\/wp-content\/uploads\/2023\/01\/nana.jpg 439w, https:\/\/swimchannel.net\/br\/wp-content\/uploads\/2023\/01\/nana-144x180.jpg 144w\" sizes=\"auto, (max-width: 439px) 100vw, 439px\" \/><figcaption id=\"caption-attachment-55110\" class=\"wp-caption-text\">Nathalia Almeida &#8211; Foto: Effect Sports<\/figcaption><\/figure>\n<p>O Circuito Rei e Rainha do Mar 2023 segue com a etapa de Cabo Frio, dia 5 de mar\u00e7o, na praia do Per\u00f3, entre dunas e \u00e1guas cristalinas do lugar. Depois disso, o evento atravessa a Ba\u00eda de Guanabara e estreia em Niter\u00f3i, na bela praia de Camboinhas, no dia 28 de maio.<\/p>\n<p>As inscri\u00e7\u00f5es para as etapas e informa\u00e7\u00f5es sobre as provas est\u00e3o dispon\u00edveis por meio do site\u00a0<a href=\"https:\/\/click.presskit.com.br\/url\/92204195e1\/6256785dbbb\" target=\"_blank\" rel=\"noopener\" data-saferedirecturl=\"https:\/\/www.google.com\/url?q=https:\/\/click.presskit.com.br\/url\/92204195e1\/6256785dbbb&amp;source=gmail&amp;ust=1675187084167000&amp;usg=AOvVaw18fKKnr3GN2Q6cGNhK3PHo\">reierainhadomar.com.br<\/a>, com vagas limitadas.<\/p>\n","protected":false},"excerpt":{"rendered":"<p>Competi\u00e7\u00e3o foi realizada no \u00faltimo domingo em Copacabana e teve as ol\u00edmpicas Nathalia Almeida e Gabi Roncatto entre as campe\u00e3s do dia<\/p>\n","protected":false},"author":9,"featured_media":55094,"comment_status":"open","ping_status":"open","sticky":false,"template":"","format":"gallery","meta":{"footnotes":""},"categories":[115],"tags":[14,774,5,1267,4499],"class_list":["post-55087","post","type-post","status-publish","format-gallery","has-post-thumbnail","hentry","category-aguas-abertas","tag-aguas-abertas","tag-gabrielle-roncatto","tag-natacao","tag-nathalia-almeida","tag-rainha-do-mar","post_format-post-format-gallery"],"yoast_head":"<!-- This site is optimized with the Yoast SEO plugin v27.0 - https:\/\/yoast.com\/product\/yoast-seo-wordpress\/ -->\n<title>Rainha do Mar re\u00fane mil de nadadoras no Rio de Janeiro - Swimchannel<\/title>\n<meta name=\"robots\" content=\"index, follow, max-snippet:-1, max-image-preview:large, max-video-preview:-1\" \/>\n<link rel=\"canonical\" href=\"https:\/\/swimchannel.net\/br\/rainha-do-mar-reune-mil-de-nadadoras-no-rio-de-janeiro\/\" \/>\n<meta property=\"og:locale\" content=\"pt_BR\" \/>\n<meta property=\"og:type\" content=\"article\" \/>\n<meta property=\"og:title\" content=\"Rainha do Mar re\u00fane mil de nadadoras no Rio de Janeiro - Swimchannel\" \/>\n<meta property=\"og:description\" content=\"Competi\u00e7\u00e3o foi realizada no \u00faltimo domingo em Copacabana e teve as ol\u00edmpicas Nathalia Almeida e Gabi Roncatto entre as campe\u00e3s do dia\" \/>\n<meta property=\"og:url\" content=\"https:\/\/swimchannel.net\/br\/rainha-do-mar-reune-mil-de-nadadoras-no-rio-de-janeiro\/\" \/>\n<meta property=\"og:site_name\" content=\"Swimchannel\" \/>\n<meta property=\"article:publisher\" content=\"https:\/\/www.facebook.com\/swimchannel\" \/>\n<meta property=\"article:published_time\" content=\"2023-01-31T13:10:42+00:00\" \/>\n<meta property=\"article:modified_time\" content=\"2023-01-31T19:10:35+00:00\" \/>\n<meta property=\"og:image\" content=\"https:\/\/swimchannel.net\/br\/wp-content\/uploads\/2023\/01\/418067_1046773__71q1979.jpg\" \/>\n\t<meta property=\"og:image:width\" content=\"945\" \/>\n\t<meta property=\"og:image:height\" content=\"630\" \/>\n\t<meta property=\"og:image:type\" content=\"image\/jpeg\" \/>\n<meta name=\"author\" content=\"Katarine Monteiro\" \/>\n<meta name=\"twitter:card\" content=\"summary_large_image\" \/>\n<meta name=\"twitter:creator\" content=\"@https:\/\/twitter.com\/Katarinem\" \/>\n<meta name=\"twitter:label1\" content=\"Escrito por\" \/>\n\t<meta name=\"twitter:data1\" content=\"Katarine Monteiro\" \/>\n\t<meta name=\"twitter:label2\" content=\"Est. tempo de leitura\" \/>\n\t<meta name=\"twitter:data2\" content=\"2 minutos\" \/>\n<script type=\"application\/ld+json\" class=\"yoast-schema-graph\">{\"@context\":\"https:\/\/schema.org\",\"@graph\":[{\"@type\":\"Article\",\"@id\":\"https:\/\/swimchannel.net\/br\/rainha-do-mar-reune-mil-de-nadadoras-no-rio-de-janeiro\/#article\",\"isPartOf\":{\"@id\":\"https:\/\/swimchannel.net\/br\/rainha-do-mar-reune-mil-de-nadadoras-no-rio-de-janeiro\/\"},\"author\":{\"name\":\"Katarine Monteiro\",\"@id\":\"https:\/\/swimchannel.net\/br\/#\/schema\/person\/73ae9cec62249968bca1f0a8098ef002\"},\"headline\":\"Rainha do Mar re\u00fane mil de nadadoras no Rio de Janeiro\",\"datePublished\":\"2023-01-31T13:10:42+00:00\",\"dateModified\":\"2023-01-31T19:10:35+00:00\",\"mainEntityOfPage\":{\"@id\":\"https:\/\/swimchannel.net\/br\/rainha-do-mar-reune-mil-de-nadadoras-no-rio-de-janeiro\/\"},\"wordCount\":496,\"commentCount\":0,\"publisher\":{\"@id\":\"https:\/\/swimchannel.net\/br\/#organization\"},\"image\":{\"@id\":\"https:\/\/swimchannel.net\/br\/rainha-do-mar-reune-mil-de-nadadoras-no-rio-de-janeiro\/#primaryimage\"},\"thumbnailUrl\":\"https:\/\/swimchannel.net\/br\/wp-content\/uploads\/2023\/01\/418067_1046773__71q1979.jpg\",\"keywords\":[\"\u00c1guas abertas\",\"Gabrielle Roncatto\",\"natacao\",\"Nathalia Almeida\",\"Rainha do Mar\"],\"articleSection\":[\"\u00c1guas Abertas\"],\"inLanguage\":\"pt-BR\",\"potentialAction\":[{\"@type\":\"CommentAction\",\"name\":\"Comment\",\"target\":[\"https:\/\/swimchannel.net\/br\/rainha-do-mar-reune-mil-de-nadadoras-no-rio-de-janeiro\/#respond\"]}]},{\"@type\":\"WebPage\",\"@id\":\"https:\/\/swimchannel.net\/br\/rainha-do-mar-reune-mil-de-nadadoras-no-rio-de-janeiro\/\",\"url\":\"https:\/\/swimchannel.net\/br\/rainha-do-mar-reune-mil-de-nadadoras-no-rio-de-janeiro\/\",\"name\":\"Rainha do Mar re\u00fane mil de nadadoras no Rio de Janeiro - Swimchannel\",\"isPartOf\":{\"@id\":\"https:\/\/swimchannel.net\/br\/#website\"},\"primaryImageOfPage\":{\"@id\":\"https:\/\/swimchannel.net\/br\/rainha-do-mar-reune-mil-de-nadadoras-no-rio-de-janeiro\/#primaryimage\"},\"image\":{\"@id\":\"https:\/\/swimchannel.net\/br\/rainha-do-mar-reune-mil-de-nadadoras-no-rio-de-janeiro\/#primaryimage\"},\"thumbnailUrl\":\"https:\/\/swimchannel.net\/br\/wp-content\/uploads\/2023\/01\/418067_1046773__71q1979.jpg\",\"datePublished\":\"2023-01-31T13:10:42+00:00\",\"dateModified\":\"2023-01-31T19:10:35+00:00\",\"breadcrumb\":{\"@id\":\"https:\/\/swimchannel.net\/br\/rainha-do-mar-reune-mil-de-nadadoras-no-rio-de-janeiro\/#breadcrumb\"},\"inLanguage\":\"pt-BR\",\"potentialAction\":[{\"@type\":\"ReadAction\",\"target\":[\"https:\/\/swimchannel.net\/br\/rainha-do-mar-reune-mil-de-nadadoras-no-rio-de-janeiro\/\"]}]},{\"@type\":\"ImageObject\",\"inLanguage\":\"pt-BR\",\"@id\":\"https:\/\/swimchannel.net\/br\/rainha-do-mar-reune-mil-de-nadadoras-no-rio-de-janeiro\/#primaryimage\",\"url\":\"https:\/\/swimchannel.net\/br\/wp-content\/uploads\/2023\/01\/418067_1046773__71q1979.jpg\",\"contentUrl\":\"https:\/\/swimchannel.net\/br\/wp-content\/uploads\/2023\/01\/418067_1046773__71q1979.jpg\",\"width\":945,\"height\":630,\"caption\":\"A disputa foi intensa entre as nadadoras da Elite (Satiro Sodr\u00e9)\"},{\"@type\":\"BreadcrumbList\",\"@id\":\"https:\/\/swimchannel.net\/br\/rainha-do-mar-reune-mil-de-nadadoras-no-rio-de-janeiro\/#breadcrumb\",\"itemListElement\":[{\"@type\":\"ListItem\",\"position\":1,\"name\":\"Home\",\"item\":\"https:\/\/swimchannel.net\/br\/\"},{\"@type\":\"ListItem\",\"position\":2,\"name\":\"Rainha do Mar re\u00fane mil de nadadoras no Rio de Janeiro\"}]},{\"@type\":\"WebSite\",\"@id\":\"https:\/\/swimchannel.net\/br\/#website\",\"url\":\"https:\/\/swimchannel.net\/br\/\",\"name\":\"Swimchannel\",\"description\":\"Maior portal de nata\u00e7\u00e3o da america latina\",\"publisher\":{\"@id\":\"https:\/\/swimchannel.net\/br\/#organization\"},\"potentialAction\":[{\"@type\":\"SearchAction\",\"target\":{\"@type\":\"EntryPoint\",\"urlTemplate\":\"https:\/\/swimchannel.net\/br\/?s={search_term_string}\"},\"query-input\":{\"@type\":\"PropertyValueSpecification\",\"valueRequired\":true,\"valueName\":\"search_term_string\"}}],\"inLanguage\":\"pt-BR\"},{\"@type\":\"Organization\",\"@id\":\"https:\/\/swimchannel.net\/br\/#organization\",\"name\":\"Swimchannel - Conectando voc\u00ea a Nata\u00e7\u00e3o\",\"url\":\"https:\/\/swimchannel.net\/br\/\",\"logo\":{\"@type\":\"ImageObject\",\"inLanguage\":\"pt-BR\",\"@id\":\"https:\/\/swimchannel.net\/br\/#\/schema\/logo\/image\/\",\"url\":\"https:\/\/swimchannel.net\/br\/wp-content\/uploads\/2026\/02\/SWIM-CHANNEL.png\",\"contentUrl\":\"https:\/\/swimchannel.net\/br\/wp-content\/uploads\/2026\/02\/SWIM-CHANNEL.png\",\"width\":1120,\"height\":630,\"caption\":\"Swimchannel - Conectando voc\u00ea a Nata\u00e7\u00e3o\"},\"image\":{\"@id\":\"https:\/\/swimchannel.net\/br\/#\/schema\/logo\/image\/\"},\"sameAs\":[\"https:\/\/www.facebook.com\/swimchannel\",\"https:\/\/www.instagram.com\/swimchannel\"]},{\"@type\":\"Person\",\"@id\":\"https:\/\/swimchannel.net\/br\/#\/schema\/person\/73ae9cec62249968bca1f0a8098ef002\",\"name\":\"Katarine Monteiro\",\"image\":{\"@type\":\"ImageObject\",\"inLanguage\":\"pt-BR\",\"@id\":\"https:\/\/swimchannel.net\/br\/#\/schema\/person\/image\/\",\"url\":\"https:\/\/swimchannel.net\/br\/wp-content\/uploads\/2022\/01\/Katarine-Monteiro-100x100.jpg\",\"contentUrl\":\"https:\/\/swimchannel.net\/br\/wp-content\/uploads\/2022\/01\/Katarine-Monteiro-100x100.jpg\",\"caption\":\"Katarine Monteiro\"},\"description\":\"Jornalista SWIM CHANNEL especializada em esportes ol\u00edmpicos e em sa\u00fade. Com cobertura de grandes eventos internacionais, como Jogos Ol\u00edmpicos Rio 2016, Jogos Pan-Americanos em Lima 2019, Qatar Total Open 2020, Qatar ExxonMobil Open 2019 - t\u00eanis em Doha (QT), Semana Internacional de Vela de Ilhabela, Transat Jacques Vabre 2019 (Fran\u00e7a-Brasil), L'\u00c9tape Brasil by Tour de France, j\u00e1 fez in\u00fameras coberturas de nata\u00e7\u00e3o, maratona aqu\u00e1tica e polo aqu\u00e1tico. Formada tamb\u00e9m em Letras, a jornalista atua como assessora de imprensa, rela\u00e7\u00f5es p\u00fablicas e social media, com especializa\u00e7\u00e3o em marketing esportivo. Nadadora amadora de \u00e1guas abertas, j\u00e1 trabalhou com grandes nomes da nata\u00e7\u00e3o e do polo aqu\u00e1tico brasileiro.\",\"sameAs\":[\"https:\/\/www.instagram.com\/_katarinemonteiro\/\",\"https:\/\/www.linkedin.com\/in\/katarine-monteiro-19385297\/\",\"https:\/\/x.com\/https:\/\/twitter.com\/Katarinem\"],\"url\":\"https:\/\/swimchannel.net\/br\/author\/katarine-monteiro\/\"}]}<\/script>\n<!-- \/ Yoast SEO plugin. -->","yoast_head_json":{"title":"Rainha do Mar re\u00fane mil de nadadoras no Rio de Janeiro - Swimchannel","robots":{"index":"index","follow":"follow","max-snippet":"max-snippet:-1","max-image-preview":"max-image-preview:large","max-video-preview":"max-video-preview:-1"},"canonical":"https:\/\/swimchannel.net\/br\/rainha-do-mar-reune-mil-de-nadadoras-no-rio-de-janeiro\/","og_locale":"pt_BR","og_type":"article","og_title":"Rainha do Mar re\u00fane mil de nadadoras no Rio de Janeiro - Swimchannel","og_description":"Competi\u00e7\u00e3o foi realizada no \u00faltimo domingo em Copacabana e teve as ol\u00edmpicas Nathalia Almeida e Gabi Roncatto entre as campe\u00e3s do dia","og_url":"https:\/\/swimchannel.net\/br\/rainha-do-mar-reune-mil-de-nadadoras-no-rio-de-janeiro\/","og_site_name":"Swimchannel","article_publisher":"https:\/\/www.facebook.com\/swimchannel","article_published_time":"2023-01-31T13:10:42+00:00","article_modified_time":"2023-01-31T19:10:35+00:00","og_image":[{"width":945,"height":630,"url":"https:\/\/swimchannel.net\/br\/wp-content\/uploads\/2023\/01\/418067_1046773__71q1979.jpg","type":"image\/jpeg"}],"author":"Katarine Monteiro","twitter_card":"summary_large_image","twitter_creator":"@https:\/\/twitter.com\/Katarinem","twitter_misc":{"Escrito por":"Katarine Monteiro","Est. tempo de leitura":"2 minutos"},"schema":{"@context":"https:\/\/schema.org","@graph":[{"@type":"Article","@id":"https:\/\/swimchannel.net\/br\/rainha-do-mar-reune-mil-de-nadadoras-no-rio-de-janeiro\/#article","isPartOf":{"@id":"https:\/\/swimchannel.net\/br\/rainha-do-mar-reune-mil-de-nadadoras-no-rio-de-janeiro\/"},"author":{"name":"Katarine Monteiro","@id":"https:\/\/swimchannel.net\/br\/#\/schema\/person\/73ae9cec62249968bca1f0a8098ef002"},"headline":"Rainha do Mar re\u00fane mil de nadadoras no Rio de Janeiro","datePublished":"2023-01-31T13:10:42+00:00","dateModified":"2023-01-31T19:10:35+00:00","mainEntityOfPage":{"@id":"https:\/\/swimchannel.net\/br\/rainha-do-mar-reune-mil-de-nadadoras-no-rio-de-janeiro\/"},"wordCount":496,"commentCount":0,"publisher":{"@id":"https:\/\/swimchannel.net\/br\/#organization"},"image":{"@id":"https:\/\/swimchannel.net\/br\/rainha-do-mar-reune-mil-de-nadadoras-no-rio-de-janeiro\/#primaryimage"},"thumbnailUrl":"https:\/\/swimchannel.net\/br\/wp-content\/uploads\/2023\/01\/418067_1046773__71q1979.jpg","keywords":["\u00c1guas abertas","Gabrielle Roncatto","natacao","Nathalia Almeida","Rainha do Mar"],"articleSection":["\u00c1guas Abertas"],"inLanguage":"pt-BR","potentialAction":[{"@type":"CommentAction","name":"Comment","target":["https:\/\/swimchannel.net\/br\/rainha-do-mar-reune-mil-de-nadadoras-no-rio-de-janeiro\/#respond"]}]},{"@type":"WebPage","@id":"https:\/\/swimchannel.net\/br\/rainha-do-mar-reune-mil-de-nadadoras-no-rio-de-janeiro\/","url":"https:\/\/swimchannel.net\/br\/rainha-do-mar-reune-mil-de-nadadoras-no-rio-de-janeiro\/","name":"Rainha do Mar re\u00fane mil de nadadoras no Rio de Janeiro - Swimchannel","isPartOf":{"@id":"https:\/\/swimchannel.net\/br\/#website"},"primaryImageOfPage":{"@id":"https:\/\/swimchannel.net\/br\/rainha-do-mar-reune-mil-de-nadadoras-no-rio-de-janeiro\/#primaryimage"},"image":{"@id":"https:\/\/swimchannel.net\/br\/rainha-do-mar-reune-mil-de-nadadoras-no-rio-de-janeiro\/#primaryimage"},"thumbnailUrl":"https:\/\/swimchannel.net\/br\/wp-content\/uploads\/2023\/01\/418067_1046773__71q1979.jpg","datePublished":"2023-01-31T13:10:42+00:00","dateModified":"2023-01-31T19:10:35+00:00","breadcrumb":{"@id":"https:\/\/swimchannel.net\/br\/rainha-do-mar-reune-mil-de-nadadoras-no-rio-de-janeiro\/#breadcrumb"},"inLanguage":"pt-BR","potentialAction":[{"@type":"ReadAction","target":["https:\/\/swimchannel.net\/br\/rainha-do-mar-reune-mil-de-nadadoras-no-rio-de-janeiro\/"]}]},{"@type":"ImageObject","inLanguage":"pt-BR","@id":"https:\/\/swimchannel.net\/br\/rainha-do-mar-reune-mil-de-nadadoras-no-rio-de-janeiro\/#primaryimage","url":"https:\/\/swimchannel.net\/br\/wp-content\/uploads\/2023\/01\/418067_1046773__71q1979.jpg","contentUrl":"https:\/\/swimchannel.net\/br\/wp-content\/uploads\/2023\/01\/418067_1046773__71q1979.jpg","width":945,"height":630,"caption":"A disputa foi intensa entre as nadadoras da Elite (Satiro Sodr\u00e9)"},{"@type":"BreadcrumbList","@id":"https:\/\/swimchannel.net\/br\/rainha-do-mar-reune-mil-de-nadadoras-no-rio-de-janeiro\/#breadcrumb","itemListElement":[{"@type":"ListItem","position":1,"name":"Home","item":"https:\/\/swimchannel.net\/br\/"},{"@type":"ListItem","position":2,"name":"Rainha do Mar re\u00fane mil de nadadoras no Rio de Janeiro"}]},{"@type":"WebSite","@id":"https:\/\/swimchannel.net\/br\/#website","url":"https:\/\/swimchannel.net\/br\/","name":"Swimchannel","description":"Maior portal de nata\u00e7\u00e3o da america latina","publisher":{"@id":"https:\/\/swimchannel.net\/br\/#organization"},"potentialAction":[{"@type":"SearchAction","target":{"@type":"EntryPoint","urlTemplate":"https:\/\/swimchannel.net\/br\/?s={search_term_string}"},"query-input":{"@type":"PropertyValueSpecification","valueRequired":true,"valueName":"search_term_string"}}],"inLanguage":"pt-BR"},{"@type":"Organization","@id":"https:\/\/swimchannel.net\/br\/#organization","name":"Swimchannel - Conectando voc\u00ea a Nata\u00e7\u00e3o","url":"https:\/\/swimchannel.net\/br\/","logo":{"@type":"ImageObject","inLanguage":"pt-BR","@id":"https:\/\/swimchannel.net\/br\/#\/schema\/logo\/image\/","url":"https:\/\/swimchannel.net\/br\/wp-content\/uploads\/2026\/02\/SWIM-CHANNEL.png","contentUrl":"https:\/\/swimchannel.net\/br\/wp-content\/uploads\/2026\/02\/SWIM-CHANNEL.png","width":1120,"height":630,"caption":"Swimchannel - Conectando voc\u00ea a Nata\u00e7\u00e3o"},"image":{"@id":"https:\/\/swimchannel.net\/br\/#\/schema\/logo\/image\/"},"sameAs":["https:\/\/www.facebook.com\/swimchannel","https:\/\/www.instagram.com\/swimchannel"]},{"@type":"Person","@id":"https:\/\/swimchannel.net\/br\/#\/schema\/person\/73ae9cec62249968bca1f0a8098ef002","name":"Katarine Monteiro","image":{"@type":"ImageObject","inLanguage":"pt-BR","@id":"https:\/\/swimchannel.net\/br\/#\/schema\/person\/image\/","url":"https:\/\/swimchannel.net\/br\/wp-content\/uploads\/2022\/01\/Katarine-Monteiro-100x100.jpg","contentUrl":"https:\/\/swimchannel.net\/br\/wp-content\/uploads\/2022\/01\/Katarine-Monteiro-100x100.jpg","caption":"Katarine Monteiro"},"description":"Jornalista SWIM CHANNEL especializada em esportes ol\u00edmpicos e em sa\u00fade. Com cobertura de grandes eventos internacionais, como Jogos Ol\u00edmpicos Rio 2016, Jogos Pan-Americanos em Lima 2019, Qatar Total Open 2020, Qatar ExxonMobil Open 2019 - t\u00eanis em Doha (QT), Semana Internacional de Vela de Ilhabela, Transat Jacques Vabre 2019 (Fran\u00e7a-Brasil), L'\u00c9tape Brasil by Tour de France, j\u00e1 fez in\u00fameras coberturas de nata\u00e7\u00e3o, maratona aqu\u00e1tica e polo aqu\u00e1tico. Formada tamb\u00e9m em Letras, a jornalista atua como assessora de imprensa, rela\u00e7\u00f5es p\u00fablicas e social media, com especializa\u00e7\u00e3o em marketing esportivo. Nadadora amadora de \u00e1guas abertas, j\u00e1 trabalhou com grandes nomes da nata\u00e7\u00e3o e do polo aqu\u00e1tico brasileiro.","sameAs":["https:\/\/www.instagram.com\/_katarinemonteiro\/","https:\/\/www.linkedin.com\/in\/katarine-monteiro-19385297\/","https:\/\/x.com\/https:\/\/twitter.com\/Katarinem"],"url":"https:\/\/swimchannel.net\/br\/author\/katarine-monteiro\/"}]}},"_links":{"self":[{"href":"https:\/\/swimchannel.net\/br\/wp-json\/wp\/v2\/posts\/55087","targetHints":{"allow":["GET"]}}],"collection":[{"href":"https:\/\/swimchannel.net\/br\/wp-json\/wp\/v2\/posts"}],"about":[{"href":"https:\/\/swimchannel.net\/br\/wp-json\/wp\/v2\/types\/post"}],"author":[{"embeddable":true,"href":"https:\/\/swimchannel.net\/br\/wp-json\/wp\/v2\/users\/9"}],"replies":[{"embeddable":true,"href":"https:\/\/swimchannel.net\/br\/wp-json\/wp\/v2\/comments?post=55087"}],"version-history":[{"count":6,"href":"https:\/\/swimchannel.net\/br\/wp-json\/wp\/v2\/posts\/55087\/revisions"}],"predecessor-version":[{"id":55111,"href":"https:\/\/swimchannel.net\/br\/wp-json\/wp\/v2\/posts\/55087\/revisions\/55111"}],"wp:featuredmedia":[{"embeddable":true,"href":"https:\/\/swimchannel.net\/br\/wp-json\/wp\/v2\/media\/55094"}],"wp:attachment":[{"href":"https:\/\/swimchannel.net\/br\/wp-json\/wp\/v2\/media?parent=55087"}],"wp:term":[{"taxonomy":"category","embeddable":true,"href":"https:\/\/swimchannel.net\/br\/wp-json\/wp\/v2\/categories?post=55087"},{"taxonomy":"post_tag","embeddable":true,"href":"https:\/\/swimchannel.net\/br\/wp-json\/wp\/v2\/tags?post=55087"}],"curies":[{"name":"wp","href":"https:\/\/api.w.org\/{rel}","templated":true}]}}