{"id":55103,"date":"2023-02-01T07:05:14","date_gmt":"2023-02-01T10:05:14","guid":{"rendered":"https:\/\/swimchannel.net\/br\/?p=55103"},"modified":"2023-02-01T11:45:27","modified_gmt":"2023-02-01T14:45:27","slug":"os-eventos-aquaticos-de-fevereiro-2023","status":"publish","type":"post","link":"https:\/\/swimchannel.net\/br\/os-eventos-aquaticos-de-fevereiro-2023\/","title":{"rendered":"Os eventos aqu\u00e1ticos de fevereiro"},"content":{"rendered":"<p>Mesmo com o feriado de Carnaval o calend\u00e1rio amador e profisisonal de fevereiro deste ano est\u00e1 repleto de competi\u00e7\u00f5es. No profissional, teremos dois eventos de nata\u00e7\u00e3o paral\u00edmpica. Entre os dias 11 e 12 deste m\u00eas ser\u00e1 realizado em S\u00e3o Paulo, o Campeonato Brasileiro de Nata\u00e7\u00e3o Paral\u00edmpica Sub20, organizado pelo Comit\u00ea Paral\u00edmpico Brasileiro (CPB).<\/p>\n<p>J\u00e1 entre os dias 17 e 19 a nata\u00e7\u00e3o paral\u00edmpica come\u00e7a a temporada internacional com a 1\u00aa etapa do World Series de Nata\u00e7\u00e3o Paral\u00edmpica, em Melbourne (Australia). Veja o calend\u00e1rio profissional completo na p\u00e1gina da<strong> SWIM CHANNEL<\/strong> <a href=\"https:\/\/swimchannel.net\/br\/calendario-profissional-2023\/\">aqui<\/a>.<\/p>\n<figure id=\"attachment_53924\" aria-describedby=\"caption-attachment-53924\" style=\"width: 551px\" class=\"wp-caption alignnone\"><img loading=\"lazy\" decoding=\"async\" class=\"size-full wp-image-53924\" src=\"https:\/\/swimchannel.net\/br\/wp-content\/uploads\/2022\/10\/trof.jpg\" alt=\"\" width=\"551\" height=\"550\" srcset=\"https:\/\/swimchannel.net\/br\/wp-content\/uploads\/2022\/10\/trof.jpg 551w, https:\/\/swimchannel.net\/br\/wp-content\/uploads\/2022\/10\/trof-180x180.jpg 180w, https:\/\/swimchannel.net\/br\/wp-content\/uploads\/2022\/10\/trof-75x75.jpg 75w\" sizes=\"auto, (max-width: 551px) 100vw, 551px\" \/><figcaption id=\"caption-attachment-53924\" class=\"wp-caption-text\">Trof\u00e9u Ana Marcela Cunha &#8211; Foto: Reprodu\u00e7\u00e3o<\/figcaption><\/figure>\n<p>Os eventos amadores, principalmente de \u00e1guas abertas, agitar\u00e3o os rios, lagos e praia neste m\u00eas. No primeiro final de semana (05\/02) j\u00e1 teremos o Trof\u00e9u Ana Marcela Cunha, em Santos. No dia seguinte est\u00e1 marcada a primeira etapa do Circuito MASF, no Rio de Janeiro.<\/p>\n<p>No final de semana seguinte (11 e 12) teremos a primeira etapa Copa Brasil de \u00e1guas abertas da CBDA, assim como a primeira etapa do Trof\u00e9u Marcelinha Cunha ambos na cidade de Itaja\u00ed, no litoral de Santa Catarina. No domingo (12) teremos em Bertioga a primeira etapa do TH5 de Aquathlon e Travessia e a segunda etapa do Circuito Gaivotas em Bora-Bora, S\u00e3o Sebasti\u00e3o.<\/p>\n<figure id=\"attachment_29616\" aria-describedby=\"caption-attachment-29616\" style=\"width: 1012px\" class=\"wp-caption alignnone\"><img loading=\"lazy\" decoding=\"async\" class=\"size-medium wp-image-29616\" src=\"https:\/\/swimchannel.net\/br\/wp-content\/uploads\/2021\/03\/75I2751-1012x675.jpg\" alt=\"\" width=\"1012\" height=\"675\" srcset=\"https:\/\/swimchannel.net\/br\/wp-content\/uploads\/2021\/03\/75I2751-1012x675.jpg 1012w, https:\/\/swimchannel.net\/br\/wp-content\/uploads\/2021\/03\/75I2751-1200x800.jpg 1200w, https:\/\/swimchannel.net\/br\/wp-content\/uploads\/2021\/03\/75I2751-270x180.jpg 270w, https:\/\/swimchannel.net\/br\/wp-content\/uploads\/2021\/03\/75I2751-768x512.jpg 768w, https:\/\/swimchannel.net\/br\/wp-content\/uploads\/2021\/03\/75I2751-1536x1024.jpg 1536w, https:\/\/swimchannel.net\/br\/wp-content\/uploads\/2021\/03\/75I2751-2048x1366.jpg 2048w, https:\/\/swimchannel.net\/br\/wp-content\/uploads\/2021\/03\/75I2751-600x400.jpg 600w, https:\/\/swimchannel.net\/br\/wp-content\/uploads\/2021\/03\/75I2751-750x500.jpg 750w, https:\/\/swimchannel.net\/br\/wp-content\/uploads\/2021\/03\/75I2751-1140x760.jpg 1140w\" sizes=\"auto, (max-width: 1012px) 100vw, 1012px\" \/><figcaption id=\"caption-attachment-29616\" class=\"wp-caption-text\">Copa Brasil de \u00c1guas abertas &#8211; Foto: Satiro Sodr\u00e9\/SSPress<\/figcaption><\/figure>\n<p>Passando o feriado de carnaval, no \u00faltimo final de semana do m\u00eas (25 e 26) teremos a primeira etapa do Circuito Mares, na Praia de Toque Toque Pequeno em S\u00e3o Sebasti\u00e3o. No s\u00e1bado (25) ser\u00e1 realizada a primeira Etapa do Circuito ABRAMN 2023 de Nata\u00e7\u00e3o Master, em Bras\u00edlia.\u00a0<strong><br \/>\n<\/strong><\/p>\n<p>Para fechar o \u00faltimo domingo do m\u00eas ser\u00e3o realizadas a\u00a0 primeira etapa do Circuito Maratona Aqu\u00e1tica, em S\u00e3o Bernardo e o Rio Rio Negro Experience Anavilhas, em Novo Air\u00e3o, nas \u00e1guas do Rio Negro. Veja o calend\u00e1rio amador completo na p\u00e1gina da<strong> SWIM CHANNEL<\/strong><a href=\"https:\/\/swimchannel.net\/br\/calendario-de-provas-2023\/\"> aqui<\/a>.<\/p>\n","protected":false},"excerpt":{"rendered":"<p>Eventos de nata\u00e7\u00e3o paral\u00edmpica e provas de \u00e1guas abertas s\u00e3o destaques do segundo m\u00eas de 2023<\/p>\n","protected":false},"author":9,"featured_media":53601,"comment_status":"open","ping_status":"open","sticky":false,"template":"","format":"gallery","meta":{"footnotes":""},"categories":[2579],"tags":[14,1081,5161,5],"class_list":["post-55103","post","type-post","status-publish","format-gallery","has-post-thumbnail","hentry","category-calendario","tag-aguas-abertas","tag-calendario","tag-eventos-aquaticos","tag-natacao","post_format-post-format-gallery"],"yoast_head":"<!-- This site is optimized with the Yoast SEO plugin v27.0 - https:\/\/yoast.com\/product\/yoast-seo-wordpress\/ -->\n<title>Os eventos aqu\u00e1ticos de fevereiro - Swimchannel<\/title>\n<meta name=\"robots\" content=\"index, follow, max-snippet:-1, max-image-preview:large, max-video-preview:-1\" \/>\n<link rel=\"canonical\" href=\"https:\/\/swimchannel.net\/br\/os-eventos-aquaticos-de-fevereiro-2023\/\" \/>\n<meta property=\"og:locale\" content=\"pt_BR\" \/>\n<meta property=\"og:type\" content=\"article\" \/>\n<meta property=\"og:title\" content=\"Os eventos aqu\u00e1ticos de fevereiro - Swimchannel\" \/>\n<meta property=\"og:description\" content=\"Eventos de nata\u00e7\u00e3o paral\u00edmpica e provas de \u00e1guas abertas s\u00e3o destaques do segundo m\u00eas de 2023\" \/>\n<meta property=\"og:url\" content=\"https:\/\/swimchannel.net\/br\/os-eventos-aquaticos-de-fevereiro-2023\/\" \/>\n<meta property=\"og:site_name\" content=\"Swimchannel\" \/>\n<meta property=\"article:publisher\" content=\"https:\/\/www.facebook.com\/swimchannel\" \/>\n<meta property=\"article:published_time\" content=\"2023-02-01T10:05:14+00:00\" \/>\n<meta property=\"article:modified_time\" content=\"2023-02-01T14:45:27+00:00\" \/>\n<meta property=\"og:image\" content=\"https:\/\/swimchannel.net\/br\/wp-content\/uploads\/2022\/09\/WhatsApp-Image-2022-09-26-at-17.22.29.jpeg\" \/>\n\t<meta property=\"og:image:width\" content=\"945\" \/>\n\t<meta property=\"og:image:height\" content=\"630\" \/>\n\t<meta property=\"og:image:type\" content=\"image\/jpeg\" \/>\n<meta name=\"author\" content=\"Katarine Monteiro\" \/>\n<meta name=\"twitter:card\" content=\"summary_large_image\" \/>\n<meta name=\"twitter:creator\" content=\"@https:\/\/twitter.com\/Katarinem\" \/>\n<meta name=\"twitter:label1\" content=\"Escrito por\" \/>\n\t<meta name=\"twitter:data1\" content=\"Katarine Monteiro\" \/>\n\t<meta name=\"twitter:label2\" content=\"Est. tempo de leitura\" \/>\n\t<meta name=\"twitter:data2\" content=\"2 minutos\" \/>\n<script type=\"application\/ld+json\" class=\"yoast-schema-graph\">{\"@context\":\"https:\/\/schema.org\",\"@graph\":[{\"@type\":\"Article\",\"@id\":\"https:\/\/swimchannel.net\/br\/os-eventos-aquaticos-de-fevereiro-2023\/#article\",\"isPartOf\":{\"@id\":\"https:\/\/swimchannel.net\/br\/os-eventos-aquaticos-de-fevereiro-2023\/\"},\"author\":{\"name\":\"Katarine Monteiro\",\"@id\":\"https:\/\/swimchannel.net\/br\/#\/schema\/person\/73ae9cec62249968bca1f0a8098ef002\"},\"headline\":\"Os eventos aqu\u00e1ticos de fevereiro\",\"datePublished\":\"2023-02-01T10:05:14+00:00\",\"dateModified\":\"2023-02-01T14:45:27+00:00\",\"mainEntityOfPage\":{\"@id\":\"https:\/\/swimchannel.net\/br\/os-eventos-aquaticos-de-fevereiro-2023\/\"},\"wordCount\":354,\"commentCount\":0,\"publisher\":{\"@id\":\"https:\/\/swimchannel.net\/br\/#organization\"},\"image\":{\"@id\":\"https:\/\/swimchannel.net\/br\/os-eventos-aquaticos-de-fevereiro-2023\/#primaryimage\"},\"thumbnailUrl\":\"https:\/\/swimchannel.net\/br\/wp-content\/uploads\/2022\/09\/WhatsApp-Image-2022-09-26-at-17.22.29.jpeg\",\"keywords\":[\"\u00c1guas abertas\",\"calend\u00e1rio\",\"eventos aqu\u00e1ticos\",\"natacao\"],\"articleSection\":[\"Calend\u00e1rio\"],\"inLanguage\":\"pt-BR\",\"potentialAction\":[{\"@type\":\"CommentAction\",\"name\":\"Comment\",\"target\":[\"https:\/\/swimchannel.net\/br\/os-eventos-aquaticos-de-fevereiro-2023\/#respond\"]}]},{\"@type\":\"WebPage\",\"@id\":\"https:\/\/swimchannel.net\/br\/os-eventos-aquaticos-de-fevereiro-2023\/\",\"url\":\"https:\/\/swimchannel.net\/br\/os-eventos-aquaticos-de-fevereiro-2023\/\",\"name\":\"Os eventos aqu\u00e1ticos de fevereiro - Swimchannel\",\"isPartOf\":{\"@id\":\"https:\/\/swimchannel.net\/br\/#website\"},\"primaryImageOfPage\":{\"@id\":\"https:\/\/swimchannel.net\/br\/os-eventos-aquaticos-de-fevereiro-2023\/#primaryimage\"},\"image\":{\"@id\":\"https:\/\/swimchannel.net\/br\/os-eventos-aquaticos-de-fevereiro-2023\/#primaryimage\"},\"thumbnailUrl\":\"https:\/\/swimchannel.net\/br\/wp-content\/uploads\/2022\/09\/WhatsApp-Image-2022-09-26-at-17.22.29.jpeg\",\"datePublished\":\"2023-02-01T10:05:14+00:00\",\"dateModified\":\"2023-02-01T14:45:27+00:00\",\"breadcrumb\":{\"@id\":\"https:\/\/swimchannel.net\/br\/os-eventos-aquaticos-de-fevereiro-2023\/#breadcrumb\"},\"inLanguage\":\"pt-BR\",\"potentialAction\":[{\"@type\":\"ReadAction\",\"target\":[\"https:\/\/swimchannel.net\/br\/os-eventos-aquaticos-de-fevereiro-2023\/\"]}]},{\"@type\":\"ImageObject\",\"inLanguage\":\"pt-BR\",\"@id\":\"https:\/\/swimchannel.net\/br\/os-eventos-aquaticos-de-fevereiro-2023\/#primaryimage\",\"url\":\"https:\/\/swimchannel.net\/br\/wp-content\/uploads\/2022\/09\/WhatsApp-Image-2022-09-26-at-17.22.29.jpeg\",\"contentUrl\":\"https:\/\/swimchannel.net\/br\/wp-content\/uploads\/2022\/09\/WhatsApp-Image-2022-09-26-at-17.22.29.jpeg\",\"width\":945,\"height\":630,\"caption\":\"Circuito Mares - Foto: Reprodu\u00e7\u00e3o\"},{\"@type\":\"BreadcrumbList\",\"@id\":\"https:\/\/swimchannel.net\/br\/os-eventos-aquaticos-de-fevereiro-2023\/#breadcrumb\",\"itemListElement\":[{\"@type\":\"ListItem\",\"position\":1,\"name\":\"Home\",\"item\":\"https:\/\/swimchannel.net\/br\/\"},{\"@type\":\"ListItem\",\"position\":2,\"name\":\"Os eventos aqu\u00e1ticos de fevereiro\"}]},{\"@type\":\"WebSite\",\"@id\":\"https:\/\/swimchannel.net\/br\/#website\",\"url\":\"https:\/\/swimchannel.net\/br\/\",\"name\":\"Swimchannel\",\"description\":\"Maior portal de nata\u00e7\u00e3o da america latina\",\"publisher\":{\"@id\":\"https:\/\/swimchannel.net\/br\/#organization\"},\"potentialAction\":[{\"@type\":\"SearchAction\",\"target\":{\"@type\":\"EntryPoint\",\"urlTemplate\":\"https:\/\/swimchannel.net\/br\/?s={search_term_string}\"},\"query-input\":{\"@type\":\"PropertyValueSpecification\",\"valueRequired\":true,\"valueName\":\"search_term_string\"}}],\"inLanguage\":\"pt-BR\"},{\"@type\":\"Organization\",\"@id\":\"https:\/\/swimchannel.net\/br\/#organization\",\"name\":\"Swimchannel - Conectando voc\u00ea a Nata\u00e7\u00e3o\",\"url\":\"https:\/\/swimchannel.net\/br\/\",\"logo\":{\"@type\":\"ImageObject\",\"inLanguage\":\"pt-BR\",\"@id\":\"https:\/\/swimchannel.net\/br\/#\/schema\/logo\/image\/\",\"url\":\"https:\/\/swimchannel.net\/br\/wp-content\/uploads\/2026\/02\/SWIM-CHANNEL.png\",\"contentUrl\":\"https:\/\/swimchannel.net\/br\/wp-content\/uploads\/2026\/02\/SWIM-CHANNEL.png\",\"width\":1120,\"height\":630,\"caption\":\"Swimchannel - Conectando voc\u00ea a Nata\u00e7\u00e3o\"},\"image\":{\"@id\":\"https:\/\/swimchannel.net\/br\/#\/schema\/logo\/image\/\"},\"sameAs\":[\"https:\/\/www.facebook.com\/swimchannel\",\"https:\/\/www.instagram.com\/swimchannel\"]},{\"@type\":\"Person\",\"@id\":\"https:\/\/swimchannel.net\/br\/#\/schema\/person\/73ae9cec62249968bca1f0a8098ef002\",\"name\":\"Katarine Monteiro\",\"image\":{\"@type\":\"ImageObject\",\"inLanguage\":\"pt-BR\",\"@id\":\"https:\/\/swimchannel.net\/br\/#\/schema\/person\/image\/\",\"url\":\"https:\/\/swimchannel.net\/br\/wp-content\/uploads\/2022\/01\/Katarine-Monteiro-100x100.jpg\",\"contentUrl\":\"https:\/\/swimchannel.net\/br\/wp-content\/uploads\/2022\/01\/Katarine-Monteiro-100x100.jpg\",\"caption\":\"Katarine Monteiro\"},\"description\":\"Jornalista SWIM CHANNEL especializada em esportes ol\u00edmpicos e em sa\u00fade. Com cobertura de grandes eventos internacionais, como Jogos Ol\u00edmpicos Rio 2016, Jogos Pan-Americanos em Lima 2019, Qatar Total Open 2020, Qatar ExxonMobil Open 2019 - t\u00eanis em Doha (QT), Semana Internacional de Vela de Ilhabela, Transat Jacques Vabre 2019 (Fran\u00e7a-Brasil), L'\u00c9tape Brasil by Tour de France, j\u00e1 fez in\u00fameras coberturas de nata\u00e7\u00e3o, maratona aqu\u00e1tica e polo aqu\u00e1tico. Formada tamb\u00e9m em Letras, a jornalista atua como assessora de imprensa, rela\u00e7\u00f5es p\u00fablicas e social media, com especializa\u00e7\u00e3o em marketing esportivo. Nadadora amadora de \u00e1guas abertas, j\u00e1 trabalhou com grandes nomes da nata\u00e7\u00e3o e do polo aqu\u00e1tico brasileiro.\",\"sameAs\":[\"https:\/\/www.instagram.com\/_katarinemonteiro\/\",\"https:\/\/www.linkedin.com\/in\/katarine-monteiro-19385297\/\",\"https:\/\/x.com\/https:\/\/twitter.com\/Katarinem\"],\"url\":\"https:\/\/swimchannel.net\/br\/author\/katarine-monteiro\/\"}]}<\/script>\n<!-- \/ Yoast SEO plugin. -->","yoast_head_json":{"title":"Os eventos aqu\u00e1ticos de fevereiro - Swimchannel","robots":{"index":"index","follow":"follow","max-snippet":"max-snippet:-1","max-image-preview":"max-image-preview:large","max-video-preview":"max-video-preview:-1"},"canonical":"https:\/\/swimchannel.net\/br\/os-eventos-aquaticos-de-fevereiro-2023\/","og_locale":"pt_BR","og_type":"article","og_title":"Os eventos aqu\u00e1ticos de fevereiro - Swimchannel","og_description":"Eventos de nata\u00e7\u00e3o paral\u00edmpica e provas de \u00e1guas abertas s\u00e3o destaques do segundo m\u00eas de 2023","og_url":"https:\/\/swimchannel.net\/br\/os-eventos-aquaticos-de-fevereiro-2023\/","og_site_name":"Swimchannel","article_publisher":"https:\/\/www.facebook.com\/swimchannel","article_published_time":"2023-02-01T10:05:14+00:00","article_modified_time":"2023-02-01T14:45:27+00:00","og_image":[{"width":945,"height":630,"url":"https:\/\/swimchannel.net\/br\/wp-content\/uploads\/2022\/09\/WhatsApp-Image-2022-09-26-at-17.22.29.jpeg","type":"image\/jpeg"}],"author":"Katarine Monteiro","twitter_card":"summary_large_image","twitter_creator":"@https:\/\/twitter.com\/Katarinem","twitter_misc":{"Escrito por":"Katarine Monteiro","Est. tempo de leitura":"2 minutos"},"schema":{"@context":"https:\/\/schema.org","@graph":[{"@type":"Article","@id":"https:\/\/swimchannel.net\/br\/os-eventos-aquaticos-de-fevereiro-2023\/#article","isPartOf":{"@id":"https:\/\/swimchannel.net\/br\/os-eventos-aquaticos-de-fevereiro-2023\/"},"author":{"name":"Katarine Monteiro","@id":"https:\/\/swimchannel.net\/br\/#\/schema\/person\/73ae9cec62249968bca1f0a8098ef002"},"headline":"Os eventos aqu\u00e1ticos de fevereiro","datePublished":"2023-02-01T10:05:14+00:00","dateModified":"2023-02-01T14:45:27+00:00","mainEntityOfPage":{"@id":"https:\/\/swimchannel.net\/br\/os-eventos-aquaticos-de-fevereiro-2023\/"},"wordCount":354,"commentCount":0,"publisher":{"@id":"https:\/\/swimchannel.net\/br\/#organization"},"image":{"@id":"https:\/\/swimchannel.net\/br\/os-eventos-aquaticos-de-fevereiro-2023\/#primaryimage"},"thumbnailUrl":"https:\/\/swimchannel.net\/br\/wp-content\/uploads\/2022\/09\/WhatsApp-Image-2022-09-26-at-17.22.29.jpeg","keywords":["\u00c1guas abertas","calend\u00e1rio","eventos aqu\u00e1ticos","natacao"],"articleSection":["Calend\u00e1rio"],"inLanguage":"pt-BR","potentialAction":[{"@type":"CommentAction","name":"Comment","target":["https:\/\/swimchannel.net\/br\/os-eventos-aquaticos-de-fevereiro-2023\/#respond"]}]},{"@type":"WebPage","@id":"https:\/\/swimchannel.net\/br\/os-eventos-aquaticos-de-fevereiro-2023\/","url":"https:\/\/swimchannel.net\/br\/os-eventos-aquaticos-de-fevereiro-2023\/","name":"Os eventos aqu\u00e1ticos de fevereiro - Swimchannel","isPartOf":{"@id":"https:\/\/swimchannel.net\/br\/#website"},"primaryImageOfPage":{"@id":"https:\/\/swimchannel.net\/br\/os-eventos-aquaticos-de-fevereiro-2023\/#primaryimage"},"image":{"@id":"https:\/\/swimchannel.net\/br\/os-eventos-aquaticos-de-fevereiro-2023\/#primaryimage"},"thumbnailUrl":"https:\/\/swimchannel.net\/br\/wp-content\/uploads\/2022\/09\/WhatsApp-Image-2022-09-26-at-17.22.29.jpeg","datePublished":"2023-02-01T10:05:14+00:00","dateModified":"2023-02-01T14:45:27+00:00","breadcrumb":{"@id":"https:\/\/swimchannel.net\/br\/os-eventos-aquaticos-de-fevereiro-2023\/#breadcrumb"},"inLanguage":"pt-BR","potentialAction":[{"@type":"ReadAction","target":["https:\/\/swimchannel.net\/br\/os-eventos-aquaticos-de-fevereiro-2023\/"]}]},{"@type":"ImageObject","inLanguage":"pt-BR","@id":"https:\/\/swimchannel.net\/br\/os-eventos-aquaticos-de-fevereiro-2023\/#primaryimage","url":"https:\/\/swimchannel.net\/br\/wp-content\/uploads\/2022\/09\/WhatsApp-Image-2022-09-26-at-17.22.29.jpeg","contentUrl":"https:\/\/swimchannel.net\/br\/wp-content\/uploads\/2022\/09\/WhatsApp-Image-2022-09-26-at-17.22.29.jpeg","width":945,"height":630,"caption":"Circuito Mares - Foto: Reprodu\u00e7\u00e3o"},{"@type":"BreadcrumbList","@id":"https:\/\/swimchannel.net\/br\/os-eventos-aquaticos-de-fevereiro-2023\/#breadcrumb","itemListElement":[{"@type":"ListItem","position":1,"name":"Home","item":"https:\/\/swimchannel.net\/br\/"},{"@type":"ListItem","position":2,"name":"Os eventos aqu\u00e1ticos de fevereiro"}]},{"@type":"WebSite","@id":"https:\/\/swimchannel.net\/br\/#website","url":"https:\/\/swimchannel.net\/br\/","name":"Swimchannel","description":"Maior portal de nata\u00e7\u00e3o da america latina","publisher":{"@id":"https:\/\/swimchannel.net\/br\/#organization"},"potentialAction":[{"@type":"SearchAction","target":{"@type":"EntryPoint","urlTemplate":"https:\/\/swimchannel.net\/br\/?s={search_term_string}"},"query-input":{"@type":"PropertyValueSpecification","valueRequired":true,"valueName":"search_term_string"}}],"inLanguage":"pt-BR"},{"@type":"Organization","@id":"https:\/\/swimchannel.net\/br\/#organization","name":"Swimchannel - Conectando voc\u00ea a Nata\u00e7\u00e3o","url":"https:\/\/swimchannel.net\/br\/","logo":{"@type":"ImageObject","inLanguage":"pt-BR","@id":"https:\/\/swimchannel.net\/br\/#\/schema\/logo\/image\/","url":"https:\/\/swimchannel.net\/br\/wp-content\/uploads\/2026\/02\/SWIM-CHANNEL.png","contentUrl":"https:\/\/swimchannel.net\/br\/wp-content\/uploads\/2026\/02\/SWIM-CHANNEL.png","width":1120,"height":630,"caption":"Swimchannel - Conectando voc\u00ea a Nata\u00e7\u00e3o"},"image":{"@id":"https:\/\/swimchannel.net\/br\/#\/schema\/logo\/image\/"},"sameAs":["https:\/\/www.facebook.com\/swimchannel","https:\/\/www.instagram.com\/swimchannel"]},{"@type":"Person","@id":"https:\/\/swimchannel.net\/br\/#\/schema\/person\/73ae9cec62249968bca1f0a8098ef002","name":"Katarine Monteiro","image":{"@type":"ImageObject","inLanguage":"pt-BR","@id":"https:\/\/swimchannel.net\/br\/#\/schema\/person\/image\/","url":"https:\/\/swimchannel.net\/br\/wp-content\/uploads\/2022\/01\/Katarine-Monteiro-100x100.jpg","contentUrl":"https:\/\/swimchannel.net\/br\/wp-content\/uploads\/2022\/01\/Katarine-Monteiro-100x100.jpg","caption":"Katarine Monteiro"},"description":"Jornalista SWIM CHANNEL especializada em esportes ol\u00edmpicos e em sa\u00fade. Com cobertura de grandes eventos internacionais, como Jogos Ol\u00edmpicos Rio 2016, Jogos Pan-Americanos em Lima 2019, Qatar Total Open 2020, Qatar ExxonMobil Open 2019 - t\u00eanis em Doha (QT), Semana Internacional de Vela de Ilhabela, Transat Jacques Vabre 2019 (Fran\u00e7a-Brasil), L'\u00c9tape Brasil by Tour de France, j\u00e1 fez in\u00fameras coberturas de nata\u00e7\u00e3o, maratona aqu\u00e1tica e polo aqu\u00e1tico. Formada tamb\u00e9m em Letras, a jornalista atua como assessora de imprensa, rela\u00e7\u00f5es p\u00fablicas e social media, com especializa\u00e7\u00e3o em marketing esportivo. Nadadora amadora de \u00e1guas abertas, j\u00e1 trabalhou com grandes nomes da nata\u00e7\u00e3o e do polo aqu\u00e1tico brasileiro.","sameAs":["https:\/\/www.instagram.com\/_katarinemonteiro\/","https:\/\/www.linkedin.com\/in\/katarine-monteiro-19385297\/","https:\/\/x.com\/https:\/\/twitter.com\/Katarinem"],"url":"https:\/\/swimchannel.net\/br\/author\/katarine-monteiro\/"}]}},"_links":{"self":[{"href":"https:\/\/swimchannel.net\/br\/wp-json\/wp\/v2\/posts\/55103","targetHints":{"allow":["GET"]}}],"collection":[{"href":"https:\/\/swimchannel.net\/br\/wp-json\/wp\/v2\/posts"}],"about":[{"href":"https:\/\/swimchannel.net\/br\/wp-json\/wp\/v2\/types\/post"}],"author":[{"embeddable":true,"href":"https:\/\/swimchannel.net\/br\/wp-json\/wp\/v2\/users\/9"}],"replies":[{"embeddable":true,"href":"https:\/\/swimchannel.net\/br\/wp-json\/wp\/v2\/comments?post=55103"}],"version-history":[{"count":3,"href":"https:\/\/swimchannel.net\/br\/wp-json\/wp\/v2\/posts\/55103\/revisions"}],"predecessor-version":[{"id":55119,"href":"https:\/\/swimchannel.net\/br\/wp-json\/wp\/v2\/posts\/55103\/revisions\/55119"}],"wp:featuredmedia":[{"embeddable":true,"href":"https:\/\/swimchannel.net\/br\/wp-json\/wp\/v2\/media\/53601"}],"wp:attachment":[{"href":"https:\/\/swimchannel.net\/br\/wp-json\/wp\/v2\/media?parent=55103"}],"wp:term":[{"taxonomy":"category","embeddable":true,"href":"https:\/\/swimchannel.net\/br\/wp-json\/wp\/v2\/categories?post=55103"},{"taxonomy":"post_tag","embeddable":true,"href":"https:\/\/swimchannel.net\/br\/wp-json\/wp\/v2\/tags?post=55103"}],"curies":[{"name":"wp","href":"https:\/\/api.w.org\/{rel}","templated":true}]}}