{"id":55829,"date":"2023-03-18T17:59:44","date_gmt":"2023-03-18T20:59:44","guid":{"rendered":"https:\/\/swimchannel.net\/br\/?p=55829"},"modified":"2023-03-18T17:59:44","modified_gmt":"2023-03-18T20:59:44","slug":"angelica-andre-e-prata-na-taca-da-europa-len-em-israel","status":"publish","type":"post","link":"https:\/\/swimchannel.net\/br\/angelica-andre-e-prata-na-taca-da-europa-len-em-israel\/","title":{"rendered":"Ang\u00e9lica Andr\u00e9 \u00e9 prata na Ta\u00e7a da Europa LEN em Israel"},"content":{"rendered":"<p>Ang\u00e9lica Andr\u00e9 alcan\u00e7ou hoje mais uma medalha em grandes palcos internacionais, ao ser prata nos 10k da Ta\u00e7a da Europa LEN em Eilat (Israel). E parece que a ol\u00edmpica se d\u00e1 bem na competi\u00e7\u00e3o israelita, pois h\u00e1 um ano (a 24 de mar\u00e7o) foi quarta classificada, e em 2020 tamb\u00e9m foi prata (ver quadro no final).<\/p>\n<p>A atleta da sele\u00e7\u00e3o nacional e do FC Porto cumpriu a prova de \u00e1guas abertas em 1:54.55.9, ficando atr\u00e1s apenas da italiana Ginevra Taddeucci (1:54.04.4), e \u00e0 frente da h\u00fangara Bettina Fabian (1:55.11.7).<\/p>\n<p>Estas foram as classifica\u00e7\u00f5es das europeias, j\u00e1 que a prova foi tamb\u00e9m Open, e aberta a n\u00e3o europeias (uma tend\u00eancia que a LEN est\u00e1 a seguir, aumentando a competitividade das provas). Assim, em femininos foram as australianas que dominaram: 1\u00ba Lea Gubecka, 2\u00ba Claire Gough, com 1:54.02,2 e 1:54.03,7, respetivamente.<\/p>\n<p>Mesmo no Open, a atleta de Jos\u00e9 Manuel Borges \u2013 brilhante medalha de bronze no \u00faltimo Europeu em Roma nesta dist\u00e2ncia \u2013 foi quinta classificada, tudo bons indicadores neste ano que culminar\u00e1 no Mundial de Fukuoka (Jap\u00e3o) em julho.<\/p>\n<p>Em declara\u00e7\u00f5es \u00e0 <strong>FPN Ang\u00e9lica disse:<\/strong> \u201cfoi uma boa prova, mas podia ter sido ainda melhor. Cometi dois erros importantes que me impediram de poder acompanhar as australianas no final. Mas resumidamente acabou por ser uma boa prova mostrando a consist\u00eancia do trabalho.\u201d<\/p>\n<p>A dupla medalhada em Europeus Juniores, Mafalda Rosa (CN Rio Maior) foi oitava na Ta\u00e7a LEN, e 11\u00aa melhor no Open. A pupila de Nuno Ricardo nadou em 1:55.15,9.<\/p>\n<p>Declara\u00e7\u00f5es de <strong>Mafalda Rosa \u00e0 FPN<\/strong><\/p>\n<p>\u201cEstou feliz com o meu resultado, uma vez que foi a primeira prova da \u00e9poca vim com o objetivo de ficar nas 15 primeiras e avaliar a minha forma. Tamb\u00e9m gostava de expressar a minha felicidade em rela\u00e7\u00e3o ao resultado da Ang\u00e9lica. Fico super-motivada em saber que Portugal consegue ficar na frente e um dia possivelmente ganhar.\u201d<\/p>\n<p><strong>Tiago em 20\u00ba e Diogo em 21\u00ba lugar<\/strong><\/p>\n<p>Em masculinos o experiente Marc-Antoine Olivier (Fran\u00e7a) bateu a concorr\u00eancia no Open com 1:47.56,2, ultrapassando nos \u00faltimos metros o veterano Domenico Acerenza e (1:47.58,5) e Marcelo Guidi (1:48.01,1), ambos italianos.<\/p>\n<p>Quanto \u00e0 dupla portuguesa: o ol\u00edmpico Tiago Campos (CN Rio Maior) foi o 20\u00ba melhor da Europa (28.\u00ba lugar no Open) em 1:50.30,8 horas, com o sportinguista Diogo Cardoso a segui-lo com 1.50.32,4, 21\u00ba classificado na Ta\u00e7a da Europa LEN.<\/p>\n<p>Declara\u00e7\u00f5es do DTN<strong> Daniel Viegas \u00e0 FPN<\/strong><\/p>\n<p><strong>\u201c<\/strong>A prova teve uma boa competitividade para esta fase da \u00e9poca. Comparando com a Taca do Mundo que realizamos aqui em dezembro, houve uma evolu\u00e7\u00e3o nos resultados da Ang\u00e9lica e Diogo. A Mafalda e Tiago j\u00e1 n\u00e3o competiam a este n\u00edvel desde o Ver\u00e3o, sendo em geral bons indicadores para o futuro. Os objetivos foram quase todos cumpridos: a classifica\u00e7\u00e3o e desempenho da Ang\u00e9lica mostram o excelente momento que tem atravessado e a Mafalda confirma o estatuto dentro do pelot\u00e3o da frente. No setor masculino, continuamos com a ambi\u00e7\u00e3o de entrar na primeira metade do pelot\u00e3o.\u201d<\/p>\n<p>Declara\u00e7\u00f5es de <strong>Nuno Ricardo (CN Rio Maior) \u00e0 FPN <\/strong><\/p>\n<p><strong>\u201c<\/strong>A prova masculina prometia um andamento r\u00e1pido desde in\u00edcio dado que os h\u00fangaros tinham essa hip\u00f3tese como estrat\u00e9gia, al\u00e9m de ser algo que j\u00e1 nos vamos habituando a assistir. Os nossos portugueses mantiveram se sempre em posi\u00e7\u00f5es m\u00e9dias dentro do pelot\u00e3o mas a 2km do fim perdem o contato e terminam a prova em 29 e 30lugares. Na prova feminina, tamb\u00e9m a contar para a qualifica\u00e7\u00e3o do Mundial t\u00ednhamos um grupo de nadadoras australianas que a meio da prova colocaram um ritmo forte destacando se das advers\u00e1rias. No grupo perseguidor vinham Mafalda e Ang\u00e9lica, que nadaram sempre dentro das 12 primeiras. A faltar uma volta a Ang\u00e9lica assumiu a lideran\u00e7a do grupo perseguidor e sozinha procurou alcan\u00e7ar as 4 primeiras. Finalizaram em 2.\u00ba e 8.\u00ba lugar, o que espelha bem a consist\u00eancia destas duas nadadoras nos palcos internacionais.\u201d<\/p>\n<p><strong>Alguns dos melhores resultados internacionais de Ang\u00e9lica <\/strong><\/p>\n<p><strong>2\u00ba lugar \u2013 10k \u2013 Ta\u00e7a da Europa, Israel 2023<\/strong><\/p>\n<p><strong>3\u00ba lugar \u2013 10k \u2013 Europeu, It\u00e1lia 2022<\/strong><\/p>\n<p><strong>4\u00ba lugar \u2013 5k \u2013 Europeu, It\u00e1lia 2022<\/strong><\/p>\n<p><strong>7\u00ba lugar \u2013 10k \u2013 Mundial, Hungria 2022<\/strong><\/p>\n<p><strong>4\u00ba lugar \u2013 10k \u2013 Ta\u00e7a da Europa, Israel 2022<\/strong><\/p>\n<p><strong>5\u00ba lugar \u2013 10k \u2013 Qualifica\u00e7\u00e3o Ol\u00edmpica, Set\u00fabal 2021<\/strong><\/p>\n<p><strong>2\u00ba lugar \u2013 10k \u2013 Ta\u00e7a da Europa, Israel 2020<\/strong><\/p>\n<p><strong>1\u00ba lugar &#8211; 10k \u2013 Ta\u00e7a da Europa, Maced\u00f3nia 2019<\/strong><\/p>\n<p><strong>3\u00ba lugar \u2013 10k \u2013 Ta\u00e7a da Europa, Fran\u00e7a 2019<\/strong><\/p>\n","protected":false},"excerpt":{"rendered":"<p>Ang\u00e9lica Andr\u00e9 alcan\u00e7ou hoje mais uma medalha em grandes palcos internacionais, ao ser prata nos 10k da Ta\u00e7a da Europa LEN em Eilat (Israel). E parece que a ol\u00edmpica se d\u00e1 bem na competi\u00e7\u00e3o israelita, pois h\u00e1 um ano (a 24 de mar\u00e7o) foi quarta classificada, e em 2020 tamb\u00e9m foi prata (ver quadro no [&hellip;]<\/p>\n","protected":false},"author":174,"featured_media":55832,"comment_status":"open","ping_status":"open","sticky":false,"template":"","format":"standard","meta":{"footnotes":""},"categories":[115,4188],"tags":[4801,4357,4666,4667,5204,4358],"class_list":["post-55829","post","type-post","status-publish","format-standard","has-post-thumbnail","hentry","category-aguas-abertas","category-natacao-portuguesa","tag-aguas-abertas-portugal","tag-angelica-andre","tag-diogo-cardoso","tag-mafalda-rosa","tag-taca-da-europa-len","tag-tiago-campos"],"yoast_head":"<!-- This site is optimized with the Yoast SEO plugin v27.0 - https:\/\/yoast.com\/product\/yoast-seo-wordpress\/ -->\n<title>Ang\u00e9lica Andr\u00e9 \u00e9 prata na Ta\u00e7a da Europa LEN em Israel - Swimchannel<\/title>\n<meta name=\"robots\" content=\"index, follow, max-snippet:-1, max-image-preview:large, max-video-preview:-1\" \/>\n<link rel=\"canonical\" href=\"https:\/\/swimchannel.net\/br\/angelica-andre-e-prata-na-taca-da-europa-len-em-israel\/\" \/>\n<meta property=\"og:locale\" content=\"pt_BR\" \/>\n<meta property=\"og:type\" content=\"article\" \/>\n<meta property=\"og:title\" content=\"Ang\u00e9lica Andr\u00e9 \u00e9 prata na Ta\u00e7a da Europa LEN em Israel - Swimchannel\" \/>\n<meta property=\"og:description\" content=\"Ang\u00e9lica Andr\u00e9 alcan\u00e7ou hoje mais uma medalha em grandes palcos internacionais, ao ser prata nos 10k da Ta\u00e7a da Europa LEN em Eilat (Israel). E parece que a ol\u00edmpica se d\u00e1 bem na competi\u00e7\u00e3o israelita, pois h\u00e1 um ano (a 24 de mar\u00e7o) foi quarta classificada, e em 2020 tamb\u00e9m foi prata (ver quadro no [&hellip;]\" \/>\n<meta property=\"og:url\" content=\"https:\/\/swimchannel.net\/br\/angelica-andre-e-prata-na-taca-da-europa-len-em-israel\/\" \/>\n<meta property=\"og:site_name\" content=\"Swimchannel\" \/>\n<meta property=\"article:publisher\" content=\"https:\/\/www.facebook.com\/swimchannel\" \/>\n<meta property=\"article:published_time\" content=\"2023-03-18T20:59:44+00:00\" \/>\n<meta property=\"og:image\" content=\"https:\/\/swimchannel.net\/br\/wp-content\/uploads\/2023\/03\/angelica_podio_2_Captura_de_ecra_2023-03-18_093345.jpg\" \/>\n\t<meta property=\"og:image:width\" content=\"935\" \/>\n\t<meta property=\"og:image:height\" content=\"548\" \/>\n\t<meta property=\"og:image:type\" content=\"image\/jpeg\" \/>\n<meta name=\"author\" content=\"Nuno Albuquerque\" \/>\n<meta name=\"twitter:card\" content=\"summary_large_image\" \/>\n<meta name=\"twitter:label1\" content=\"Escrito por\" \/>\n\t<meta name=\"twitter:data1\" content=\"Nuno Albuquerque\" \/>\n\t<meta name=\"twitter:label2\" content=\"Est. tempo de leitura\" \/>\n\t<meta name=\"twitter:data2\" content=\"4 minutos\" \/>\n<script type=\"application\/ld+json\" class=\"yoast-schema-graph\">{\"@context\":\"https:\/\/schema.org\",\"@graph\":[{\"@type\":\"Article\",\"@id\":\"https:\/\/swimchannel.net\/br\/angelica-andre-e-prata-na-taca-da-europa-len-em-israel\/#article\",\"isPartOf\":{\"@id\":\"https:\/\/swimchannel.net\/br\/angelica-andre-e-prata-na-taca-da-europa-len-em-israel\/\"},\"author\":{\"name\":\"Nuno Albuquerque\",\"@id\":\"https:\/\/swimchannel.net\/br\/#\/schema\/person\/96742bc4be7f63afabd531ac47a43eba\"},\"headline\":\"Ang\u00e9lica Andr\u00e9 \u00e9 prata na Ta\u00e7a da Europa LEN em Israel\",\"datePublished\":\"2023-03-18T20:59:44+00:00\",\"mainEntityOfPage\":{\"@id\":\"https:\/\/swimchannel.net\/br\/angelica-andre-e-prata-na-taca-da-europa-len-em-israel\/\"},\"wordCount\":744,\"commentCount\":0,\"publisher\":{\"@id\":\"https:\/\/swimchannel.net\/br\/#organization\"},\"image\":{\"@id\":\"https:\/\/swimchannel.net\/br\/angelica-andre-e-prata-na-taca-da-europa-len-em-israel\/#primaryimage\"},\"thumbnailUrl\":\"https:\/\/swimchannel.net\/br\/wp-content\/uploads\/2023\/03\/angelica_podio_2_Captura_de_ecra_2023-03-18_093345.jpg\",\"keywords\":[\"\u00c1guas abertas Portugal\",\"Angelica Andr\u00e9\",\"Diogo Cardoso\",\"Mafalda Rosa\",\"Ta\u00e7a da Europa LEN\",\"Tiago campos\"],\"articleSection\":[\"\u00c1guas Abertas\",\"Nata\u00e7\u00e3o Portuguesa\"],\"inLanguage\":\"pt-BR\",\"potentialAction\":[{\"@type\":\"CommentAction\",\"name\":\"Comment\",\"target\":[\"https:\/\/swimchannel.net\/br\/angelica-andre-e-prata-na-taca-da-europa-len-em-israel\/#respond\"]}]},{\"@type\":\"WebPage\",\"@id\":\"https:\/\/swimchannel.net\/br\/angelica-andre-e-prata-na-taca-da-europa-len-em-israel\/\",\"url\":\"https:\/\/swimchannel.net\/br\/angelica-andre-e-prata-na-taca-da-europa-len-em-israel\/\",\"name\":\"Ang\u00e9lica Andr\u00e9 \u00e9 prata na Ta\u00e7a da Europa LEN em Israel - Swimchannel\",\"isPartOf\":{\"@id\":\"https:\/\/swimchannel.net\/br\/#website\"},\"primaryImageOfPage\":{\"@id\":\"https:\/\/swimchannel.net\/br\/angelica-andre-e-prata-na-taca-da-europa-len-em-israel\/#primaryimage\"},\"image\":{\"@id\":\"https:\/\/swimchannel.net\/br\/angelica-andre-e-prata-na-taca-da-europa-len-em-israel\/#primaryimage\"},\"thumbnailUrl\":\"https:\/\/swimchannel.net\/br\/wp-content\/uploads\/2023\/03\/angelica_podio_2_Captura_de_ecra_2023-03-18_093345.jpg\",\"datePublished\":\"2023-03-18T20:59:44+00:00\",\"breadcrumb\":{\"@id\":\"https:\/\/swimchannel.net\/br\/angelica-andre-e-prata-na-taca-da-europa-len-em-israel\/#breadcrumb\"},\"inLanguage\":\"pt-BR\",\"potentialAction\":[{\"@type\":\"ReadAction\",\"target\":[\"https:\/\/swimchannel.net\/br\/angelica-andre-e-prata-na-taca-da-europa-len-em-israel\/\"]}]},{\"@type\":\"ImageObject\",\"inLanguage\":\"pt-BR\",\"@id\":\"https:\/\/swimchannel.net\/br\/angelica-andre-e-prata-na-taca-da-europa-len-em-israel\/#primaryimage\",\"url\":\"https:\/\/swimchannel.net\/br\/wp-content\/uploads\/2023\/03\/angelica_podio_2_Captura_de_ecra_2023-03-18_093345.jpg\",\"contentUrl\":\"https:\/\/swimchannel.net\/br\/wp-content\/uploads\/2023\/03\/angelica_podio_2_Captura_de_ecra_2023-03-18_093345.jpg\",\"width\":935,\"height\":548,\"caption\":\"Ang\u00e9lica obt\u00e9m mais um p\u00f3dio internacional (Foto: FPN)\"},{\"@type\":\"BreadcrumbList\",\"@id\":\"https:\/\/swimchannel.net\/br\/angelica-andre-e-prata-na-taca-da-europa-len-em-israel\/#breadcrumb\",\"itemListElement\":[{\"@type\":\"ListItem\",\"position\":1,\"name\":\"Home\",\"item\":\"https:\/\/swimchannel.net\/br\/\"},{\"@type\":\"ListItem\",\"position\":2,\"name\":\"Ang\u00e9lica Andr\u00e9 \u00e9 prata na Ta\u00e7a da Europa LEN em Israel\"}]},{\"@type\":\"WebSite\",\"@id\":\"https:\/\/swimchannel.net\/br\/#website\",\"url\":\"https:\/\/swimchannel.net\/br\/\",\"name\":\"Swimchannel\",\"description\":\"Maior portal de nata\u00e7\u00e3o da america latina\",\"publisher\":{\"@id\":\"https:\/\/swimchannel.net\/br\/#organization\"},\"potentialAction\":[{\"@type\":\"SearchAction\",\"target\":{\"@type\":\"EntryPoint\",\"urlTemplate\":\"https:\/\/swimchannel.net\/br\/?s={search_term_string}\"},\"query-input\":{\"@type\":\"PropertyValueSpecification\",\"valueRequired\":true,\"valueName\":\"search_term_string\"}}],\"inLanguage\":\"pt-BR\"},{\"@type\":\"Organization\",\"@id\":\"https:\/\/swimchannel.net\/br\/#organization\",\"name\":\"Swimchannel - Conectando voc\u00ea a Nata\u00e7\u00e3o\",\"url\":\"https:\/\/swimchannel.net\/br\/\",\"logo\":{\"@type\":\"ImageObject\",\"inLanguage\":\"pt-BR\",\"@id\":\"https:\/\/swimchannel.net\/br\/#\/schema\/logo\/image\/\",\"url\":\"https:\/\/swimchannel.net\/br\/wp-content\/uploads\/2026\/02\/SWIM-CHANNEL.png\",\"contentUrl\":\"https:\/\/swimchannel.net\/br\/wp-content\/uploads\/2026\/02\/SWIM-CHANNEL.png\",\"width\":1120,\"height\":630,\"caption\":\"Swimchannel - Conectando voc\u00ea a Nata\u00e7\u00e3o\"},\"image\":{\"@id\":\"https:\/\/swimchannel.net\/br\/#\/schema\/logo\/image\/\"},\"sameAs\":[\"https:\/\/www.facebook.com\/swimchannel\",\"https:\/\/www.instagram.com\/swimchannel\"]},{\"@type\":\"Person\",\"@id\":\"https:\/\/swimchannel.net\/br\/#\/schema\/person\/96742bc4be7f63afabd531ac47a43eba\",\"name\":\"Nuno Albuquerque\",\"image\":{\"@type\":\"ImageObject\",\"inLanguage\":\"pt-BR\",\"@id\":\"https:\/\/swimchannel.net\/br\/#\/schema\/person\/image\/\",\"url\":\"https:\/\/swimchannel.net\/br\/wp-content\/uploads\/2021\/10\/175265239_284626789786752_3471159347588969871_n-100x100.jpg\",\"contentUrl\":\"https:\/\/swimchannel.net\/br\/wp-content\/uploads\/2021\/10\/175265239_284626789786752_3471159347588969871_n-100x100.jpg\",\"caption\":\"Nuno Albuquerque\"},\"description\":\"Jornalista e t\u00e9cnico de nata\u00e7\u00e3o, trabalha na modalidade h\u00e1 muitos anos. Desde o Campeonato Mundial da FINA de 1986 na cidade de Madri, Nuno j\u00e1 era rep\u00f3rter para um dos principais jornais de Portugal.\",\"url\":\"https:\/\/swimchannel.net\/br\/author\/nunoalbuquerque\/\"}]}<\/script>\n<!-- \/ Yoast SEO plugin. -->","yoast_head_json":{"title":"Ang\u00e9lica Andr\u00e9 \u00e9 prata na Ta\u00e7a da Europa LEN em Israel - Swimchannel","robots":{"index":"index","follow":"follow","max-snippet":"max-snippet:-1","max-image-preview":"max-image-preview:large","max-video-preview":"max-video-preview:-1"},"canonical":"https:\/\/swimchannel.net\/br\/angelica-andre-e-prata-na-taca-da-europa-len-em-israel\/","og_locale":"pt_BR","og_type":"article","og_title":"Ang\u00e9lica Andr\u00e9 \u00e9 prata na Ta\u00e7a da Europa LEN em Israel - Swimchannel","og_description":"Ang\u00e9lica Andr\u00e9 alcan\u00e7ou hoje mais uma medalha em grandes palcos internacionais, ao ser prata nos 10k da Ta\u00e7a da Europa LEN em Eilat (Israel). E parece que a ol\u00edmpica se d\u00e1 bem na competi\u00e7\u00e3o israelita, pois h\u00e1 um ano (a 24 de mar\u00e7o) foi quarta classificada, e em 2020 tamb\u00e9m foi prata (ver quadro no [&hellip;]","og_url":"https:\/\/swimchannel.net\/br\/angelica-andre-e-prata-na-taca-da-europa-len-em-israel\/","og_site_name":"Swimchannel","article_publisher":"https:\/\/www.facebook.com\/swimchannel","article_published_time":"2023-03-18T20:59:44+00:00","og_image":[{"width":935,"height":548,"url":"https:\/\/swimchannel.net\/br\/wp-content\/uploads\/2023\/03\/angelica_podio_2_Captura_de_ecra_2023-03-18_093345.jpg","type":"image\/jpeg"}],"author":"Nuno Albuquerque","twitter_card":"summary_large_image","twitter_misc":{"Escrito por":"Nuno Albuquerque","Est. tempo de leitura":"4 minutos"},"schema":{"@context":"https:\/\/schema.org","@graph":[{"@type":"Article","@id":"https:\/\/swimchannel.net\/br\/angelica-andre-e-prata-na-taca-da-europa-len-em-israel\/#article","isPartOf":{"@id":"https:\/\/swimchannel.net\/br\/angelica-andre-e-prata-na-taca-da-europa-len-em-israel\/"},"author":{"name":"Nuno Albuquerque","@id":"https:\/\/swimchannel.net\/br\/#\/schema\/person\/96742bc4be7f63afabd531ac47a43eba"},"headline":"Ang\u00e9lica Andr\u00e9 \u00e9 prata na Ta\u00e7a da Europa LEN em Israel","datePublished":"2023-03-18T20:59:44+00:00","mainEntityOfPage":{"@id":"https:\/\/swimchannel.net\/br\/angelica-andre-e-prata-na-taca-da-europa-len-em-israel\/"},"wordCount":744,"commentCount":0,"publisher":{"@id":"https:\/\/swimchannel.net\/br\/#organization"},"image":{"@id":"https:\/\/swimchannel.net\/br\/angelica-andre-e-prata-na-taca-da-europa-len-em-israel\/#primaryimage"},"thumbnailUrl":"https:\/\/swimchannel.net\/br\/wp-content\/uploads\/2023\/03\/angelica_podio_2_Captura_de_ecra_2023-03-18_093345.jpg","keywords":["\u00c1guas abertas Portugal","Angelica Andr\u00e9","Diogo Cardoso","Mafalda Rosa","Ta\u00e7a da Europa LEN","Tiago campos"],"articleSection":["\u00c1guas Abertas","Nata\u00e7\u00e3o Portuguesa"],"inLanguage":"pt-BR","potentialAction":[{"@type":"CommentAction","name":"Comment","target":["https:\/\/swimchannel.net\/br\/angelica-andre-e-prata-na-taca-da-europa-len-em-israel\/#respond"]}]},{"@type":"WebPage","@id":"https:\/\/swimchannel.net\/br\/angelica-andre-e-prata-na-taca-da-europa-len-em-israel\/","url":"https:\/\/swimchannel.net\/br\/angelica-andre-e-prata-na-taca-da-europa-len-em-israel\/","name":"Ang\u00e9lica Andr\u00e9 \u00e9 prata na Ta\u00e7a da Europa LEN em Israel - Swimchannel","isPartOf":{"@id":"https:\/\/swimchannel.net\/br\/#website"},"primaryImageOfPage":{"@id":"https:\/\/swimchannel.net\/br\/angelica-andre-e-prata-na-taca-da-europa-len-em-israel\/#primaryimage"},"image":{"@id":"https:\/\/swimchannel.net\/br\/angelica-andre-e-prata-na-taca-da-europa-len-em-israel\/#primaryimage"},"thumbnailUrl":"https:\/\/swimchannel.net\/br\/wp-content\/uploads\/2023\/03\/angelica_podio_2_Captura_de_ecra_2023-03-18_093345.jpg","datePublished":"2023-03-18T20:59:44+00:00","breadcrumb":{"@id":"https:\/\/swimchannel.net\/br\/angelica-andre-e-prata-na-taca-da-europa-len-em-israel\/#breadcrumb"},"inLanguage":"pt-BR","potentialAction":[{"@type":"ReadAction","target":["https:\/\/swimchannel.net\/br\/angelica-andre-e-prata-na-taca-da-europa-len-em-israel\/"]}]},{"@type":"ImageObject","inLanguage":"pt-BR","@id":"https:\/\/swimchannel.net\/br\/angelica-andre-e-prata-na-taca-da-europa-len-em-israel\/#primaryimage","url":"https:\/\/swimchannel.net\/br\/wp-content\/uploads\/2023\/03\/angelica_podio_2_Captura_de_ecra_2023-03-18_093345.jpg","contentUrl":"https:\/\/swimchannel.net\/br\/wp-content\/uploads\/2023\/03\/angelica_podio_2_Captura_de_ecra_2023-03-18_093345.jpg","width":935,"height":548,"caption":"Ang\u00e9lica obt\u00e9m mais um p\u00f3dio internacional (Foto: FPN)"},{"@type":"BreadcrumbList","@id":"https:\/\/swimchannel.net\/br\/angelica-andre-e-prata-na-taca-da-europa-len-em-israel\/#breadcrumb","itemListElement":[{"@type":"ListItem","position":1,"name":"Home","item":"https:\/\/swimchannel.net\/br\/"},{"@type":"ListItem","position":2,"name":"Ang\u00e9lica Andr\u00e9 \u00e9 prata na Ta\u00e7a da Europa LEN em Israel"}]},{"@type":"WebSite","@id":"https:\/\/swimchannel.net\/br\/#website","url":"https:\/\/swimchannel.net\/br\/","name":"Swimchannel","description":"Maior portal de nata\u00e7\u00e3o da america latina","publisher":{"@id":"https:\/\/swimchannel.net\/br\/#organization"},"potentialAction":[{"@type":"SearchAction","target":{"@type":"EntryPoint","urlTemplate":"https:\/\/swimchannel.net\/br\/?s={search_term_string}"},"query-input":{"@type":"PropertyValueSpecification","valueRequired":true,"valueName":"search_term_string"}}],"inLanguage":"pt-BR"},{"@type":"Organization","@id":"https:\/\/swimchannel.net\/br\/#organization","name":"Swimchannel - Conectando voc\u00ea a Nata\u00e7\u00e3o","url":"https:\/\/swimchannel.net\/br\/","logo":{"@type":"ImageObject","inLanguage":"pt-BR","@id":"https:\/\/swimchannel.net\/br\/#\/schema\/logo\/image\/","url":"https:\/\/swimchannel.net\/br\/wp-content\/uploads\/2026\/02\/SWIM-CHANNEL.png","contentUrl":"https:\/\/swimchannel.net\/br\/wp-content\/uploads\/2026\/02\/SWIM-CHANNEL.png","width":1120,"height":630,"caption":"Swimchannel - Conectando voc\u00ea a Nata\u00e7\u00e3o"},"image":{"@id":"https:\/\/swimchannel.net\/br\/#\/schema\/logo\/image\/"},"sameAs":["https:\/\/www.facebook.com\/swimchannel","https:\/\/www.instagram.com\/swimchannel"]},{"@type":"Person","@id":"https:\/\/swimchannel.net\/br\/#\/schema\/person\/96742bc4be7f63afabd531ac47a43eba","name":"Nuno Albuquerque","image":{"@type":"ImageObject","inLanguage":"pt-BR","@id":"https:\/\/swimchannel.net\/br\/#\/schema\/person\/image\/","url":"https:\/\/swimchannel.net\/br\/wp-content\/uploads\/2021\/10\/175265239_284626789786752_3471159347588969871_n-100x100.jpg","contentUrl":"https:\/\/swimchannel.net\/br\/wp-content\/uploads\/2021\/10\/175265239_284626789786752_3471159347588969871_n-100x100.jpg","caption":"Nuno Albuquerque"},"description":"Jornalista e t\u00e9cnico de nata\u00e7\u00e3o, trabalha na modalidade h\u00e1 muitos anos. Desde o Campeonato Mundial da FINA de 1986 na cidade de Madri, Nuno j\u00e1 era rep\u00f3rter para um dos principais jornais de Portugal.","url":"https:\/\/swimchannel.net\/br\/author\/nunoalbuquerque\/"}]}},"_links":{"self":[{"href":"https:\/\/swimchannel.net\/br\/wp-json\/wp\/v2\/posts\/55829","targetHints":{"allow":["GET"]}}],"collection":[{"href":"https:\/\/swimchannel.net\/br\/wp-json\/wp\/v2\/posts"}],"about":[{"href":"https:\/\/swimchannel.net\/br\/wp-json\/wp\/v2\/types\/post"}],"author":[{"embeddable":true,"href":"https:\/\/swimchannel.net\/br\/wp-json\/wp\/v2\/users\/174"}],"replies":[{"embeddable":true,"href":"https:\/\/swimchannel.net\/br\/wp-json\/wp\/v2\/comments?post=55829"}],"version-history":[{"count":3,"href":"https:\/\/swimchannel.net\/br\/wp-json\/wp\/v2\/posts\/55829\/revisions"}],"predecessor-version":[{"id":55834,"href":"https:\/\/swimchannel.net\/br\/wp-json\/wp\/v2\/posts\/55829\/revisions\/55834"}],"wp:featuredmedia":[{"embeddable":true,"href":"https:\/\/swimchannel.net\/br\/wp-json\/wp\/v2\/media\/55832"}],"wp:attachment":[{"href":"https:\/\/swimchannel.net\/br\/wp-json\/wp\/v2\/media?parent=55829"}],"wp:term":[{"taxonomy":"category","embeddable":true,"href":"https:\/\/swimchannel.net\/br\/wp-json\/wp\/v2\/categories?post=55829"},{"taxonomy":"post_tag","embeddable":true,"href":"https:\/\/swimchannel.net\/br\/wp-json\/wp\/v2\/tags?post=55829"}],"curies":[{"name":"wp","href":"https:\/\/api.w.org\/{rel}","templated":true}]}}