{"id":56417,"date":"2023-04-27T10:04:26","date_gmt":"2023-04-27T13:04:26","guid":{"rendered":"https:\/\/swimchannel.net\/br\/?p=56417"},"modified":"2023-04-27T12:07:10","modified_gmt":"2023-04-27T15:07:10","slug":"paraibuna-recebe-a-3a-etapa-do-circuito-maratona-aquatica","status":"publish","type":"post","link":"https:\/\/swimchannel.net\/br\/paraibuna-recebe-a-3a-etapa-do-circuito-maratona-aquatica\/","title":{"rendered":"Paraib\u00fana recebe a 3\u00aa etapa do Circuito Maratona Aqu\u00e1tica"},"content":{"rendered":"<p>A terceira etapa do Circuito Maratonas Aqu\u00e1ticas ser\u00e1 realizada no pr\u00f3ximo domingo na cidade de Paraib\u00fana, no Vale do Para\u00edba, em S\u00e3o Paulo. Organizada pela Associa\u00e7\u00e3o Aqu\u00e1tica e com parceria com a Speedo Multisport, o campeonato oferece tr\u00eas provas: a curta com 900m, a m\u00e9dia com 2 km e a longa com 4 km.<\/p>\n<p>A competi\u00e7\u00e3o conta tamb\u00e9m com o apoio da Prefeitura Municipal de Paraibuna. O local da prova ser\u00e1 na Represa de Paraibuna, localizada na Pousada Iguatiba, Rodovia dos Tamoios, Km 50 (sentido Caraguatatuba-S\u00e3o Jos\u00e9 dos Campos) \u2013 Estrada Zelio Machado Santiago, em Paraibuna<\/p>\n<p>Na competi\u00e7\u00e3o \u00e9 obrigat\u00f3rio a marca\u00e7\u00e3o da numera\u00e7\u00e3o do atleta no bra\u00e7o ou na m\u00e3o, sendo que para a prova m\u00e9dia dever\u00e1 ser na cor vermelha e nas provas longas e curtas as cores preta ou azul. O congresso t\u00e9cnico da prova m\u00e9dia e longa come\u00e7a \u00e0s 8h30 da manh\u00e3 e largada est\u00e1 marcada logo ap\u00f3s. A da prova curta est\u00e1 marcada para come\u00e7ar as 11h.<\/p>\n<figure id=\"attachment_52885\" aria-describedby=\"caption-attachment-52885\" style=\"width: 945px\" class=\"wp-caption alignnone\"><img loading=\"lazy\" decoding=\"async\" class=\"size-full wp-image-52885\" src=\"https:\/\/swimchannel.net\/br\/wp-content\/uploads\/2022\/08\/p19f5nf1vt1vbaac9154m1pv0kce7_crop.jpg\" alt=\"\" width=\"945\" height=\"630\" srcset=\"https:\/\/swimchannel.net\/br\/wp-content\/uploads\/2022\/08\/p19f5nf1vt1vbaac9154m1pv0kce7_crop.jpg 945w, https:\/\/swimchannel.net\/br\/wp-content\/uploads\/2022\/08\/p19f5nf1vt1vbaac9154m1pv0kce7_crop-270x180.jpg 270w, https:\/\/swimchannel.net\/br\/wp-content\/uploads\/2022\/08\/p19f5nf1vt1vbaac9154m1pv0kce7_crop-768x512.jpg 768w, https:\/\/swimchannel.net\/br\/wp-content\/uploads\/2022\/08\/p19f5nf1vt1vbaac9154m1pv0kce7_crop-750x500.jpg 750w\" sizes=\"auto, (max-width: 945px) 100vw, 945px\" \/><figcaption id=\"caption-attachment-52885\" class=\"wp-caption-text\">\u00c1guas abertas &#8211; Foto: Satiro Sodr\u00e9\/SSPress<\/figcaption><\/figure>\n<p>Os atletas devem usar a pulseira no punho direito. As pulseiras com a numera\u00e7\u00e3o em preto ser\u00e3o utilizadas para as provas m\u00e9dias e longas e na cor verde para as provas curtas. Em caso de rompimento da pulseira durante a prova o atleta somente ser\u00e1 classificado se ele estiver com a sua numera\u00e7\u00e3o anotada, caso n\u00e3o esteja o atleta ser\u00e1 desclassificado.<\/p>\n<p>Confira todo o calend\u00e1rio do Circuito Maratona Aqu\u00e1tica de 2023 <a href=\"https:\/\/www.maratonaaquatica.com.br\/calendario.asp\">clicando aqui.<\/a>\u00a0Os nadadores somam pontos ao longo das etapas para o trof\u00e9u de melhor do ano, entregue em um almo\u00e7o especial no m\u00eas de janeiro do ano seguinte.<\/p>\n<p>Veja aqui a rela\u00e7\u00e3o de atletas para as provas dessa terceira etapa:<br \/>\n<a href=\"http:\/\/blog.maratonaaquatica.com.br\/wp-content\/uploads\/2023\/04\/curta1.pdf\">Curta<\/a><br \/>\n<a href=\"http:\/\/blog.maratonaaquatica.com.br\/wp-content\/uploads\/2023\/04\/m_l1.pdf\">Media-Longa<\/a><\/p>\n","protected":false},"excerpt":{"rendered":"<p>Competi\u00e7\u00e3o ser\u00e1 realizada no pr\u00f3ximo domingo na represa da cidade e ter\u00e1 tr\u00eas dist\u00e2ncias em disputa<\/p>\n","protected":false},"author":9,"featured_media":3832,"comment_status":"open","ping_status":"open","sticky":false,"template":"","format":"standard","meta":{"footnotes":""},"categories":[115],"tags":[14,666,5,852,2006],"class_list":["post-56417","post","type-post","status-publish","format-standard","has-post-thumbnail","hentry","category-aguas-abertas","tag-aguas-abertas","tag-circuito-maratona-aquatica","tag-natacao","tag-paraibuna","tag-represa"],"yoast_head":"<!-- This site is optimized with the Yoast SEO plugin v27.0 - https:\/\/yoast.com\/product\/yoast-seo-wordpress\/ -->\n<title>Paraib\u00fana recebe a 3\u00aa etapa do Circuito Maratona Aqu\u00e1tica - Swimchannel<\/title>\n<meta name=\"robots\" content=\"index, follow, max-snippet:-1, max-image-preview:large, max-video-preview:-1\" \/>\n<link rel=\"canonical\" href=\"https:\/\/swimchannel.net\/br\/paraibuna-recebe-a-3a-etapa-do-circuito-maratona-aquatica\/\" \/>\n<meta property=\"og:locale\" content=\"pt_BR\" \/>\n<meta property=\"og:type\" content=\"article\" \/>\n<meta property=\"og:title\" content=\"Paraib\u00fana recebe a 3\u00aa etapa do Circuito Maratona Aqu\u00e1tica - Swimchannel\" \/>\n<meta property=\"og:description\" content=\"Competi\u00e7\u00e3o ser\u00e1 realizada no pr\u00f3ximo domingo na represa da cidade e ter\u00e1 tr\u00eas dist\u00e2ncias em disputa\" \/>\n<meta property=\"og:url\" content=\"https:\/\/swimchannel.net\/br\/paraibuna-recebe-a-3a-etapa-do-circuito-maratona-aquatica\/\" \/>\n<meta property=\"og:site_name\" content=\"Swimchannel\" \/>\n<meta property=\"article:publisher\" content=\"https:\/\/www.facebook.com\/swimchannel\" \/>\n<meta property=\"article:published_time\" content=\"2023-04-27T13:04:26+00:00\" \/>\n<meta property=\"article:modified_time\" content=\"2023-04-27T15:07:10+00:00\" \/>\n<meta property=\"og:image\" content=\"https:\/\/swimchannel.net\/br\/wp-content\/uploads\/2017\/06\/11425664.jpg\" \/>\n\t<meta property=\"og:image:width\" content=\"1024\" \/>\n\t<meta property=\"og:image:height\" content=\"768\" \/>\n\t<meta property=\"og:image:type\" content=\"image\/jpeg\" \/>\n<meta name=\"author\" content=\"Katarine Monteiro\" \/>\n<meta name=\"twitter:card\" content=\"summary_large_image\" \/>\n<meta name=\"twitter:creator\" content=\"@https:\/\/twitter.com\/Katarinem\" \/>\n<meta name=\"twitter:label1\" content=\"Escrito por\" \/>\n\t<meta name=\"twitter:data1\" content=\"Katarine Monteiro\" \/>\n\t<meta name=\"twitter:label2\" content=\"Est. tempo de leitura\" \/>\n\t<meta name=\"twitter:data2\" content=\"2 minutos\" \/>\n<script type=\"application\/ld+json\" class=\"yoast-schema-graph\">{\"@context\":\"https:\/\/schema.org\",\"@graph\":[{\"@type\":\"Article\",\"@id\":\"https:\/\/swimchannel.net\/br\/paraibuna-recebe-a-3a-etapa-do-circuito-maratona-aquatica\/#article\",\"isPartOf\":{\"@id\":\"https:\/\/swimchannel.net\/br\/paraibuna-recebe-a-3a-etapa-do-circuito-maratona-aquatica\/\"},\"author\":{\"name\":\"Katarine Monteiro\",\"@id\":\"https:\/\/swimchannel.net\/br\/#\/schema\/person\/73ae9cec62249968bca1f0a8098ef002\"},\"headline\":\"Paraib\u00fana recebe a 3\u00aa etapa do Circuito Maratona Aqu\u00e1tica\",\"datePublished\":\"2023-04-27T13:04:26+00:00\",\"dateModified\":\"2023-04-27T15:07:10+00:00\",\"mainEntityOfPage\":{\"@id\":\"https:\/\/swimchannel.net\/br\/paraibuna-recebe-a-3a-etapa-do-circuito-maratona-aquatica\/\"},\"wordCount\":329,\"commentCount\":0,\"publisher\":{\"@id\":\"https:\/\/swimchannel.net\/br\/#organization\"},\"image\":{\"@id\":\"https:\/\/swimchannel.net\/br\/paraibuna-recebe-a-3a-etapa-do-circuito-maratona-aquatica\/#primaryimage\"},\"thumbnailUrl\":\"https:\/\/swimchannel.net\/br\/wp-content\/uploads\/2017\/06\/11425664.jpg\",\"keywords\":[\"\u00c1guas abertas\",\"Circuito Maratona Aqu\u00e1tica\",\"natacao\",\"Paraibuna\",\"represa\"],\"articleSection\":[\"\u00c1guas Abertas\"],\"inLanguage\":\"pt-BR\",\"potentialAction\":[{\"@type\":\"CommentAction\",\"name\":\"Comment\",\"target\":[\"https:\/\/swimchannel.net\/br\/paraibuna-recebe-a-3a-etapa-do-circuito-maratona-aquatica\/#respond\"]}]},{\"@type\":\"WebPage\",\"@id\":\"https:\/\/swimchannel.net\/br\/paraibuna-recebe-a-3a-etapa-do-circuito-maratona-aquatica\/\",\"url\":\"https:\/\/swimchannel.net\/br\/paraibuna-recebe-a-3a-etapa-do-circuito-maratona-aquatica\/\",\"name\":\"Paraib\u00fana recebe a 3\u00aa etapa do Circuito Maratona Aqu\u00e1tica - Swimchannel\",\"isPartOf\":{\"@id\":\"https:\/\/swimchannel.net\/br\/#website\"},\"primaryImageOfPage\":{\"@id\":\"https:\/\/swimchannel.net\/br\/paraibuna-recebe-a-3a-etapa-do-circuito-maratona-aquatica\/#primaryimage\"},\"image\":{\"@id\":\"https:\/\/swimchannel.net\/br\/paraibuna-recebe-a-3a-etapa-do-circuito-maratona-aquatica\/#primaryimage\"},\"thumbnailUrl\":\"https:\/\/swimchannel.net\/br\/wp-content\/uploads\/2017\/06\/11425664.jpg\",\"datePublished\":\"2023-04-27T13:04:26+00:00\",\"dateModified\":\"2023-04-27T15:07:10+00:00\",\"breadcrumb\":{\"@id\":\"https:\/\/swimchannel.net\/br\/paraibuna-recebe-a-3a-etapa-do-circuito-maratona-aquatica\/#breadcrumb\"},\"inLanguage\":\"pt-BR\",\"potentialAction\":[{\"@type\":\"ReadAction\",\"target\":[\"https:\/\/swimchannel.net\/br\/paraibuna-recebe-a-3a-etapa-do-circuito-maratona-aquatica\/\"]}]},{\"@type\":\"ImageObject\",\"inLanguage\":\"pt-BR\",\"@id\":\"https:\/\/swimchannel.net\/br\/paraibuna-recebe-a-3a-etapa-do-circuito-maratona-aquatica\/#primaryimage\",\"url\":\"https:\/\/swimchannel.net\/br\/wp-content\/uploads\/2017\/06\/11425664.jpg\",\"contentUrl\":\"https:\/\/swimchannel.net\/br\/wp-content\/uploads\/2017\/06\/11425664.jpg\",\"width\":1024,\"height\":768,\"caption\":\"Imagem de parte da Represa de Paraibuna, local da prova - Foto: Reprodu\u00e7\u00e3o\"},{\"@type\":\"BreadcrumbList\",\"@id\":\"https:\/\/swimchannel.net\/br\/paraibuna-recebe-a-3a-etapa-do-circuito-maratona-aquatica\/#breadcrumb\",\"itemListElement\":[{\"@type\":\"ListItem\",\"position\":1,\"name\":\"Home\",\"item\":\"https:\/\/swimchannel.net\/br\/\"},{\"@type\":\"ListItem\",\"position\":2,\"name\":\"Paraib\u00fana recebe a 3\u00aa etapa do Circuito Maratona Aqu\u00e1tica\"}]},{\"@type\":\"WebSite\",\"@id\":\"https:\/\/swimchannel.net\/br\/#website\",\"url\":\"https:\/\/swimchannel.net\/br\/\",\"name\":\"Swimchannel\",\"description\":\"Maior portal de nata\u00e7\u00e3o da america latina\",\"publisher\":{\"@id\":\"https:\/\/swimchannel.net\/br\/#organization\"},\"potentialAction\":[{\"@type\":\"SearchAction\",\"target\":{\"@type\":\"EntryPoint\",\"urlTemplate\":\"https:\/\/swimchannel.net\/br\/?s={search_term_string}\"},\"query-input\":{\"@type\":\"PropertyValueSpecification\",\"valueRequired\":true,\"valueName\":\"search_term_string\"}}],\"inLanguage\":\"pt-BR\"},{\"@type\":\"Organization\",\"@id\":\"https:\/\/swimchannel.net\/br\/#organization\",\"name\":\"Swimchannel - Conectando voc\u00ea a Nata\u00e7\u00e3o\",\"url\":\"https:\/\/swimchannel.net\/br\/\",\"logo\":{\"@type\":\"ImageObject\",\"inLanguage\":\"pt-BR\",\"@id\":\"https:\/\/swimchannel.net\/br\/#\/schema\/logo\/image\/\",\"url\":\"https:\/\/swimchannel.net\/br\/wp-content\/uploads\/2026\/02\/SWIM-CHANNEL.png\",\"contentUrl\":\"https:\/\/swimchannel.net\/br\/wp-content\/uploads\/2026\/02\/SWIM-CHANNEL.png\",\"width\":1120,\"height\":630,\"caption\":\"Swimchannel - Conectando voc\u00ea a Nata\u00e7\u00e3o\"},\"image\":{\"@id\":\"https:\/\/swimchannel.net\/br\/#\/schema\/logo\/image\/\"},\"sameAs\":[\"https:\/\/www.facebook.com\/swimchannel\",\"https:\/\/www.instagram.com\/swimchannel\"]},{\"@type\":\"Person\",\"@id\":\"https:\/\/swimchannel.net\/br\/#\/schema\/person\/73ae9cec62249968bca1f0a8098ef002\",\"name\":\"Katarine Monteiro\",\"image\":{\"@type\":\"ImageObject\",\"inLanguage\":\"pt-BR\",\"@id\":\"https:\/\/swimchannel.net\/br\/#\/schema\/person\/image\/\",\"url\":\"https:\/\/swimchannel.net\/br\/wp-content\/uploads\/2022\/01\/Katarine-Monteiro-100x100.jpg\",\"contentUrl\":\"https:\/\/swimchannel.net\/br\/wp-content\/uploads\/2022\/01\/Katarine-Monteiro-100x100.jpg\",\"caption\":\"Katarine Monteiro\"},\"description\":\"Jornalista SWIM CHANNEL especializada em esportes ol\u00edmpicos e em sa\u00fade. Com cobertura de grandes eventos internacionais, como Jogos Ol\u00edmpicos Rio 2016, Jogos Pan-Americanos em Lima 2019, Qatar Total Open 2020, Qatar ExxonMobil Open 2019 - t\u00eanis em Doha (QT), Semana Internacional de Vela de Ilhabela, Transat Jacques Vabre 2019 (Fran\u00e7a-Brasil), L'\u00c9tape Brasil by Tour de France, j\u00e1 fez in\u00fameras coberturas de nata\u00e7\u00e3o, maratona aqu\u00e1tica e polo aqu\u00e1tico. Formada tamb\u00e9m em Letras, a jornalista atua como assessora de imprensa, rela\u00e7\u00f5es p\u00fablicas e social media, com especializa\u00e7\u00e3o em marketing esportivo. Nadadora amadora de \u00e1guas abertas, j\u00e1 trabalhou com grandes nomes da nata\u00e7\u00e3o e do polo aqu\u00e1tico brasileiro.\",\"sameAs\":[\"https:\/\/www.instagram.com\/_katarinemonteiro\/\",\"https:\/\/www.linkedin.com\/in\/katarine-monteiro-19385297\/\",\"https:\/\/x.com\/https:\/\/twitter.com\/Katarinem\"],\"url\":\"https:\/\/swimchannel.net\/br\/author\/katarine-monteiro\/\"}]}<\/script>\n<!-- \/ Yoast SEO plugin. -->","yoast_head_json":{"title":"Paraib\u00fana recebe a 3\u00aa etapa do Circuito Maratona Aqu\u00e1tica - Swimchannel","robots":{"index":"index","follow":"follow","max-snippet":"max-snippet:-1","max-image-preview":"max-image-preview:large","max-video-preview":"max-video-preview:-1"},"canonical":"https:\/\/swimchannel.net\/br\/paraibuna-recebe-a-3a-etapa-do-circuito-maratona-aquatica\/","og_locale":"pt_BR","og_type":"article","og_title":"Paraib\u00fana recebe a 3\u00aa etapa do Circuito Maratona Aqu\u00e1tica - Swimchannel","og_description":"Competi\u00e7\u00e3o ser\u00e1 realizada no pr\u00f3ximo domingo na represa da cidade e ter\u00e1 tr\u00eas dist\u00e2ncias em disputa","og_url":"https:\/\/swimchannel.net\/br\/paraibuna-recebe-a-3a-etapa-do-circuito-maratona-aquatica\/","og_site_name":"Swimchannel","article_publisher":"https:\/\/www.facebook.com\/swimchannel","article_published_time":"2023-04-27T13:04:26+00:00","article_modified_time":"2023-04-27T15:07:10+00:00","og_image":[{"width":1024,"height":768,"url":"https:\/\/swimchannel.net\/br\/wp-content\/uploads\/2017\/06\/11425664.jpg","type":"image\/jpeg"}],"author":"Katarine Monteiro","twitter_card":"summary_large_image","twitter_creator":"@https:\/\/twitter.com\/Katarinem","twitter_misc":{"Escrito por":"Katarine Monteiro","Est. tempo de leitura":"2 minutos"},"schema":{"@context":"https:\/\/schema.org","@graph":[{"@type":"Article","@id":"https:\/\/swimchannel.net\/br\/paraibuna-recebe-a-3a-etapa-do-circuito-maratona-aquatica\/#article","isPartOf":{"@id":"https:\/\/swimchannel.net\/br\/paraibuna-recebe-a-3a-etapa-do-circuito-maratona-aquatica\/"},"author":{"name":"Katarine Monteiro","@id":"https:\/\/swimchannel.net\/br\/#\/schema\/person\/73ae9cec62249968bca1f0a8098ef002"},"headline":"Paraib\u00fana recebe a 3\u00aa etapa do Circuito Maratona Aqu\u00e1tica","datePublished":"2023-04-27T13:04:26+00:00","dateModified":"2023-04-27T15:07:10+00:00","mainEntityOfPage":{"@id":"https:\/\/swimchannel.net\/br\/paraibuna-recebe-a-3a-etapa-do-circuito-maratona-aquatica\/"},"wordCount":329,"commentCount":0,"publisher":{"@id":"https:\/\/swimchannel.net\/br\/#organization"},"image":{"@id":"https:\/\/swimchannel.net\/br\/paraibuna-recebe-a-3a-etapa-do-circuito-maratona-aquatica\/#primaryimage"},"thumbnailUrl":"https:\/\/swimchannel.net\/br\/wp-content\/uploads\/2017\/06\/11425664.jpg","keywords":["\u00c1guas abertas","Circuito Maratona Aqu\u00e1tica","natacao","Paraibuna","represa"],"articleSection":["\u00c1guas Abertas"],"inLanguage":"pt-BR","potentialAction":[{"@type":"CommentAction","name":"Comment","target":["https:\/\/swimchannel.net\/br\/paraibuna-recebe-a-3a-etapa-do-circuito-maratona-aquatica\/#respond"]}]},{"@type":"WebPage","@id":"https:\/\/swimchannel.net\/br\/paraibuna-recebe-a-3a-etapa-do-circuito-maratona-aquatica\/","url":"https:\/\/swimchannel.net\/br\/paraibuna-recebe-a-3a-etapa-do-circuito-maratona-aquatica\/","name":"Paraib\u00fana recebe a 3\u00aa etapa do Circuito Maratona Aqu\u00e1tica - Swimchannel","isPartOf":{"@id":"https:\/\/swimchannel.net\/br\/#website"},"primaryImageOfPage":{"@id":"https:\/\/swimchannel.net\/br\/paraibuna-recebe-a-3a-etapa-do-circuito-maratona-aquatica\/#primaryimage"},"image":{"@id":"https:\/\/swimchannel.net\/br\/paraibuna-recebe-a-3a-etapa-do-circuito-maratona-aquatica\/#primaryimage"},"thumbnailUrl":"https:\/\/swimchannel.net\/br\/wp-content\/uploads\/2017\/06\/11425664.jpg","datePublished":"2023-04-27T13:04:26+00:00","dateModified":"2023-04-27T15:07:10+00:00","breadcrumb":{"@id":"https:\/\/swimchannel.net\/br\/paraibuna-recebe-a-3a-etapa-do-circuito-maratona-aquatica\/#breadcrumb"},"inLanguage":"pt-BR","potentialAction":[{"@type":"ReadAction","target":["https:\/\/swimchannel.net\/br\/paraibuna-recebe-a-3a-etapa-do-circuito-maratona-aquatica\/"]}]},{"@type":"ImageObject","inLanguage":"pt-BR","@id":"https:\/\/swimchannel.net\/br\/paraibuna-recebe-a-3a-etapa-do-circuito-maratona-aquatica\/#primaryimage","url":"https:\/\/swimchannel.net\/br\/wp-content\/uploads\/2017\/06\/11425664.jpg","contentUrl":"https:\/\/swimchannel.net\/br\/wp-content\/uploads\/2017\/06\/11425664.jpg","width":1024,"height":768,"caption":"Imagem de parte da Represa de Paraibuna, local da prova - Foto: Reprodu\u00e7\u00e3o"},{"@type":"BreadcrumbList","@id":"https:\/\/swimchannel.net\/br\/paraibuna-recebe-a-3a-etapa-do-circuito-maratona-aquatica\/#breadcrumb","itemListElement":[{"@type":"ListItem","position":1,"name":"Home","item":"https:\/\/swimchannel.net\/br\/"},{"@type":"ListItem","position":2,"name":"Paraib\u00fana recebe a 3\u00aa etapa do Circuito Maratona Aqu\u00e1tica"}]},{"@type":"WebSite","@id":"https:\/\/swimchannel.net\/br\/#website","url":"https:\/\/swimchannel.net\/br\/","name":"Swimchannel","description":"Maior portal de nata\u00e7\u00e3o da america latina","publisher":{"@id":"https:\/\/swimchannel.net\/br\/#organization"},"potentialAction":[{"@type":"SearchAction","target":{"@type":"EntryPoint","urlTemplate":"https:\/\/swimchannel.net\/br\/?s={search_term_string}"},"query-input":{"@type":"PropertyValueSpecification","valueRequired":true,"valueName":"search_term_string"}}],"inLanguage":"pt-BR"},{"@type":"Organization","@id":"https:\/\/swimchannel.net\/br\/#organization","name":"Swimchannel - Conectando voc\u00ea a Nata\u00e7\u00e3o","url":"https:\/\/swimchannel.net\/br\/","logo":{"@type":"ImageObject","inLanguage":"pt-BR","@id":"https:\/\/swimchannel.net\/br\/#\/schema\/logo\/image\/","url":"https:\/\/swimchannel.net\/br\/wp-content\/uploads\/2026\/02\/SWIM-CHANNEL.png","contentUrl":"https:\/\/swimchannel.net\/br\/wp-content\/uploads\/2026\/02\/SWIM-CHANNEL.png","width":1120,"height":630,"caption":"Swimchannel - Conectando voc\u00ea a Nata\u00e7\u00e3o"},"image":{"@id":"https:\/\/swimchannel.net\/br\/#\/schema\/logo\/image\/"},"sameAs":["https:\/\/www.facebook.com\/swimchannel","https:\/\/www.instagram.com\/swimchannel"]},{"@type":"Person","@id":"https:\/\/swimchannel.net\/br\/#\/schema\/person\/73ae9cec62249968bca1f0a8098ef002","name":"Katarine Monteiro","image":{"@type":"ImageObject","inLanguage":"pt-BR","@id":"https:\/\/swimchannel.net\/br\/#\/schema\/person\/image\/","url":"https:\/\/swimchannel.net\/br\/wp-content\/uploads\/2022\/01\/Katarine-Monteiro-100x100.jpg","contentUrl":"https:\/\/swimchannel.net\/br\/wp-content\/uploads\/2022\/01\/Katarine-Monteiro-100x100.jpg","caption":"Katarine Monteiro"},"description":"Jornalista SWIM CHANNEL especializada em esportes ol\u00edmpicos e em sa\u00fade. Com cobertura de grandes eventos internacionais, como Jogos Ol\u00edmpicos Rio 2016, Jogos Pan-Americanos em Lima 2019, Qatar Total Open 2020, Qatar ExxonMobil Open 2019 - t\u00eanis em Doha (QT), Semana Internacional de Vela de Ilhabela, Transat Jacques Vabre 2019 (Fran\u00e7a-Brasil), L'\u00c9tape Brasil by Tour de France, j\u00e1 fez in\u00fameras coberturas de nata\u00e7\u00e3o, maratona aqu\u00e1tica e polo aqu\u00e1tico. Formada tamb\u00e9m em Letras, a jornalista atua como assessora de imprensa, rela\u00e7\u00f5es p\u00fablicas e social media, com especializa\u00e7\u00e3o em marketing esportivo. Nadadora amadora de \u00e1guas abertas, j\u00e1 trabalhou com grandes nomes da nata\u00e7\u00e3o e do polo aqu\u00e1tico brasileiro.","sameAs":["https:\/\/www.instagram.com\/_katarinemonteiro\/","https:\/\/www.linkedin.com\/in\/katarine-monteiro-19385297\/","https:\/\/x.com\/https:\/\/twitter.com\/Katarinem"],"url":"https:\/\/swimchannel.net\/br\/author\/katarine-monteiro\/"}]}},"_links":{"self":[{"href":"https:\/\/swimchannel.net\/br\/wp-json\/wp\/v2\/posts\/56417","targetHints":{"allow":["GET"]}}],"collection":[{"href":"https:\/\/swimchannel.net\/br\/wp-json\/wp\/v2\/posts"}],"about":[{"href":"https:\/\/swimchannel.net\/br\/wp-json\/wp\/v2\/types\/post"}],"author":[{"embeddable":true,"href":"https:\/\/swimchannel.net\/br\/wp-json\/wp\/v2\/users\/9"}],"replies":[{"embeddable":true,"href":"https:\/\/swimchannel.net\/br\/wp-json\/wp\/v2\/comments?post=56417"}],"version-history":[{"count":5,"href":"https:\/\/swimchannel.net\/br\/wp-json\/wp\/v2\/posts\/56417\/revisions"}],"predecessor-version":[{"id":56429,"href":"https:\/\/swimchannel.net\/br\/wp-json\/wp\/v2\/posts\/56417\/revisions\/56429"}],"wp:featuredmedia":[{"embeddable":true,"href":"https:\/\/swimchannel.net\/br\/wp-json\/wp\/v2\/media\/3832"}],"wp:attachment":[{"href":"https:\/\/swimchannel.net\/br\/wp-json\/wp\/v2\/media?parent=56417"}],"wp:term":[{"taxonomy":"category","embeddable":true,"href":"https:\/\/swimchannel.net\/br\/wp-json\/wp\/v2\/categories?post=56417"},{"taxonomy":"post_tag","embeddable":true,"href":"https:\/\/swimchannel.net\/br\/wp-json\/wp\/v2\/tags?post=56417"}],"curies":[{"name":"wp","href":"https:\/\/api.w.org\/{rel}","templated":true}]}}