{"id":56532,"date":"2023-05-04T11:39:35","date_gmt":"2023-05-04T14:39:35","guid":{"rendered":"https:\/\/swimchannel.net\/br\/?p=56532"},"modified":"2023-05-04T11:39:35","modified_gmt":"2023-05-04T14:39:35","slug":"salim-antonio-carlos-alberto-e-joao-quem-sao-os-novos-recordistas-mundiais-da-natacao-masters-do-brasil","status":"publish","type":"post","link":"https:\/\/swimchannel.net\/br\/salim-antonio-carlos-alberto-e-joao-quem-sao-os-novos-recordistas-mundiais-da-natacao-masters-do-brasil\/","title":{"rendered":"Salim, Antonio Carlos, Alberto e Jo\u00e3o: quem s\u00e3o os novos recordistas mundiais da nata\u00e7\u00e3o masters do Brasil?"},"content":{"rendered":"<p>Entre os 144 recordes quebrados no Campeonato Brasileiro Masters disputado na semana passada na piscina do Fluminense, no Rio de Janeiro, dois foram recordes mundiais, e ambos batidos pelo mesmo quarteto nas provas de revezamento 4x100m medley e 4x200m livre.<\/p>\n<p>Nadando na categoria 360+ o quarteto Salim Abed, Jo\u00e3o Grimberg, Alberto Paulo Marques e Ant\u00f4nio Carlos Orselli representou a equipe Victor Spiritus\/Power e suas hist\u00f3rias s\u00e3o recheadas de passagens inspiradoras para o esporte master no Brasil.<\/p>\n<p><img loading=\"lazy\" decoding=\"async\" class=\"alignnone size-full wp-image-56536\" src=\"https:\/\/swimchannel.net\/br\/wp-content\/uploads\/2023\/05\/WhatsApp-Image-2023-05-02-at-7.12.21-AM.jpeg\" alt=\"\" width=\"473\" height=\"630\" srcset=\"https:\/\/swimchannel.net\/br\/wp-content\/uploads\/2023\/05\/WhatsApp-Image-2023-05-02-at-7.12.21-AM.jpeg 473w, https:\/\/swimchannel.net\/br\/wp-content\/uploads\/2023\/05\/WhatsApp-Image-2023-05-02-at-7.12.21-AM-135x180.jpeg 135w\" sizes=\"auto, (max-width: 473px) 100vw, 473px\" \/><\/p>\n<p>Salim \u00e9 o mais velho, 95 anos, Jo\u00e3o tem 94, Alberto 91, Antonio Carlos o ca\u00e7ula com 81. A nata\u00e7\u00e3o entrou na vida deles de diferentes formas e oportunidades. Enquanto Alberto e Salim iniciaram na inf\u00e2ncia, Antonio Carlos j\u00e1 era adolescente aos 12 anos, mas Jo\u00e3o s\u00f3 veio a aprender quando tinha 60 anos e poucos meses depois estava na equipe masters da A Hebraica.<\/p>\n<p>O amor pela \u00e1gua os uniu. Salim, depois de fazer parte das equipes competitivas do Clube de Regatas Tiet\u00ea, fez parte do primeiro time de Aqualoucos do Brasil. Na \u00e9poca, tamb\u00e9m estavam na equipe nomes famosos como de Ronald Golias e Johnny Hebert.<\/p>\n<p>Antonio Carlos \u00e9 o \u00fanico que encara a nata\u00e7\u00e3o como profiss\u00e3o. Ele j\u00e1 havia trabalhado como treinador na d\u00e9cada de 60 no Limeira Clube e onde iniciou os seus primeiros trabalhos com a nata\u00e7\u00e3o masters. Atualmente trabalha no Clube Araraquense onde mant\u00e9m uma equipe com treinos di\u00e1rios cinco vezes pela semana. Salim \u00e9 seu atleta e Alberto recebe os seus treinos onde executa sozinho na piscina em S\u00e3o Carlos. Eram apenas 600 metros por dia, mas agora o &#8220;Coach Orselli aumentou para 1.000, espero conseguir executar&#8221; disse ele a <strong>SWIM CHANNEL<\/strong>.<\/p>\n<p><img loading=\"lazy\" decoding=\"async\" class=\"alignnone size-full wp-image-56534\" src=\"https:\/\/swimchannel.net\/br\/wp-content\/uploads\/2023\/05\/WhatsApp-Image-2023-05-02-at-11.28.27-AM.jpeg\" alt=\"\" width=\"473\" height=\"630\" srcset=\"https:\/\/swimchannel.net\/br\/wp-content\/uploads\/2023\/05\/WhatsApp-Image-2023-05-02-at-11.28.27-AM.jpeg 473w, https:\/\/swimchannel.net\/br\/wp-content\/uploads\/2023\/05\/WhatsApp-Image-2023-05-02-at-11.28.27-AM-135x180.jpeg 135w\" sizes=\"auto, (max-width: 473px) 100vw, 473px\" \/><\/p>\n<p>Jo\u00e3o fez parte da equipe da A Hebraica at\u00e9 2015. Lembra com carinho do clube que lhe fez trazer a paix\u00e3o pelo esporte, e reconhece na treinadora Adriana Silva a &#8220;sua inspira\u00e7\u00e3o&#8221;.<\/p>\n<p>Inspira\u00e7\u00e3o ali\u00e1s, \u00e9 o que n\u00e3o falta no quarteto. Todos falam com carinho dos momentos e oportunidades que o esporte masters lhe proporcionou. Salim ainda cita uma passagem de Paulo Lenk, pai de Maria Lenk, na sua juventude e que foi seu grande incentivador. Ele se posicionava a margem do lago segurando uma corda, &#8220;como uma vara de pescar, amarrada a cintura das crian\u00e7as acompanhando suas bra\u00e7adas&#8221; diz ele.<\/p>\n<p>Seja por motivo de sa\u00fade como foi para Jo\u00e3o, e seu problema no ombro, ou a aprendizagem na inf\u00e2ncia e adolesc\u00eancia para os demais, a nata\u00e7\u00e3o \u00e9 inspiradora e motivo de alegria para os quatro. Eles foram bastante celebrados em suas performances com o 4x100m medley marcando 11min32s00 apagando um recorde que era de um clube ucraniano e os 24min47s07 do 4x200m livre em recorde estabelecido.<\/p>\n<p><img loading=\"lazy\" decoding=\"async\" class=\"alignnone size-full wp-image-56535\" src=\"https:\/\/swimchannel.net\/br\/wp-content\/uploads\/2023\/05\/WhatsApp-Image-2023-05-02-at-7.18.15-AM.jpeg\" alt=\"\" width=\"291\" height=\"630\" srcset=\"https:\/\/swimchannel.net\/br\/wp-content\/uploads\/2023\/05\/WhatsApp-Image-2023-05-02-at-7.18.15-AM.jpeg 291w, https:\/\/swimchannel.net\/br\/wp-content\/uploads\/2023\/05\/WhatsApp-Image-2023-05-02-at-7.18.15-AM-83x180.jpeg 83w\" sizes=\"auto, (max-width: 291px) 100vw, 291px\" \/><\/p>\n<p>A alegria dos quatro, o reconhecimento de todos, foi gigante, mas maior ainda \u00e9 a inspira\u00e7\u00e3o e refer\u00eancia que sua dedica\u00e7\u00e3o e amor pelo esporte traz e reproduz trazendo novos praticantes e promovendo o esporte que tanto amamos.<\/p>\n<p>A espera dos pr\u00f3ximos desafios e, muito mais que recordes mundiais que possam acontecer, que a alegria e o prazer siga sempre forte no amor ao esporte.<\/p>\n","protected":false},"excerpt":{"rendered":"<p>Salim, Antonio Carlos, Alberto e Jo\u00e3o: quem s\u00e3o os novos recordistas mundiais da nata\u00e7\u00e3o masters do Brasil?<\/p>\n","protected":false},"author":12,"featured_media":56537,"comment_status":"open","ping_status":"open","sticky":false,"template":"","format":"gallery","meta":{"footnotes":""},"categories":[1247],"tags":[382,5283,5284,4391,5282,5,227,5281],"class_list":["post-56532","post","type-post","status-publish","format-gallery","has-post-thumbnail","hentry","category-natacao-master","tag-abmn","tag-alberto-paulo-marques","tag-antonio-carlos-orselli","tag-campeonato-brasileiro-masters","tag-joao-grimberg","tag-natacao","tag-natacao-master","tag-salim-abed","post_format-post-format-gallery"],"yoast_head":"<!-- This site is optimized with the Yoast SEO plugin v27.0 - https:\/\/yoast.com\/product\/yoast-seo-wordpress\/ -->\n<title>Salim, Antonio Carlos, Alberto e Jo\u00e3o: quem s\u00e3o os novos recordistas mundiais da nata\u00e7\u00e3o masters do Brasil? - Swimchannel<\/title>\n<meta name=\"robots\" content=\"index, follow, max-snippet:-1, max-image-preview:large, max-video-preview:-1\" \/>\n<link rel=\"canonical\" href=\"https:\/\/swimchannel.net\/br\/salim-antonio-carlos-alberto-e-joao-quem-sao-os-novos-recordistas-mundiais-da-natacao-masters-do-brasil\/\" \/>\n<meta property=\"og:locale\" content=\"pt_BR\" \/>\n<meta property=\"og:type\" content=\"article\" \/>\n<meta property=\"og:title\" content=\"Salim, Antonio Carlos, Alberto e Jo\u00e3o: quem s\u00e3o os novos recordistas mundiais da nata\u00e7\u00e3o masters do Brasil? - Swimchannel\" \/>\n<meta property=\"og:description\" content=\"Salim, Antonio Carlos, Alberto e Jo\u00e3o: quem s\u00e3o os novos recordistas mundiais da nata\u00e7\u00e3o masters do Brasil?\" \/>\n<meta property=\"og:url\" content=\"https:\/\/swimchannel.net\/br\/salim-antonio-carlos-alberto-e-joao-quem-sao-os-novos-recordistas-mundiais-da-natacao-masters-do-brasil\/\" \/>\n<meta property=\"og:site_name\" content=\"Swimchannel\" \/>\n<meta property=\"article:publisher\" content=\"https:\/\/www.facebook.com\/swimchannel\" \/>\n<meta property=\"article:published_time\" content=\"2023-05-04T14:39:35+00:00\" \/>\n<meta property=\"og:image\" content=\"https:\/\/swimchannel.net\/br\/wp-content\/uploads\/2023\/05\/344102412_1827444710989599_7112537929489700595_n-1.jpg\" \/>\n\t<meta property=\"og:image:width\" content=\"840\" \/>\n\t<meta property=\"og:image:height\" content=\"630\" \/>\n\t<meta property=\"og:image:type\" content=\"image\/jpeg\" \/>\n<meta name=\"author\" content=\"Alex Pussieldi\" \/>\n<meta name=\"twitter:card\" content=\"summary_large_image\" \/>\n<meta name=\"twitter:label1\" content=\"Escrito por\" \/>\n\t<meta name=\"twitter:data1\" content=\"Alex Pussieldi\" \/>\n\t<meta name=\"twitter:label2\" content=\"Est. tempo de leitura\" \/>\n\t<meta name=\"twitter:data2\" content=\"3 minutos\" \/>\n<script type=\"application\/ld+json\" class=\"yoast-schema-graph\">{\"@context\":\"https:\/\/schema.org\",\"@graph\":[{\"@type\":\"Article\",\"@id\":\"https:\/\/swimchannel.net\/br\/salim-antonio-carlos-alberto-e-joao-quem-sao-os-novos-recordistas-mundiais-da-natacao-masters-do-brasil\/#article\",\"isPartOf\":{\"@id\":\"https:\/\/swimchannel.net\/br\/salim-antonio-carlos-alberto-e-joao-quem-sao-os-novos-recordistas-mundiais-da-natacao-masters-do-brasil\/\"},\"author\":{\"name\":\"Alex Pussieldi\",\"@id\":\"https:\/\/swimchannel.net\/br\/#\/schema\/person\/cf549cb99cf75592fcf7c76213385e63\"},\"headline\":\"Salim, Antonio Carlos, Alberto e Jo\u00e3o: quem s\u00e3o os novos recordistas mundiais da nata\u00e7\u00e3o masters do Brasil?\",\"datePublished\":\"2023-05-04T14:39:35+00:00\",\"mainEntityOfPage\":{\"@id\":\"https:\/\/swimchannel.net\/br\/salim-antonio-carlos-alberto-e-joao-quem-sao-os-novos-recordistas-mundiais-da-natacao-masters-do-brasil\/\"},\"wordCount\":550,\"commentCount\":3,\"publisher\":{\"@id\":\"https:\/\/swimchannel.net\/br\/#organization\"},\"image\":{\"@id\":\"https:\/\/swimchannel.net\/br\/salim-antonio-carlos-alberto-e-joao-quem-sao-os-novos-recordistas-mundiais-da-natacao-masters-do-brasil\/#primaryimage\"},\"thumbnailUrl\":\"https:\/\/swimchannel.net\/br\/wp-content\/uploads\/2023\/05\/344102412_1827444710989599_7112537929489700595_n-1.jpg\",\"keywords\":[\"ABMN\",\"Alberto Paulo Marques\",\"Ant\u00f4nio Carlos Orselli\",\"Campeonato Brasileiro Masters\",\"Jo\u00e3o Grimberg\",\"natacao\",\"nata\u00e7\u00e3o master\",\"Salim Abed\"],\"articleSection\":[\"Nata\u00e7\u00e3o Master\"],\"inLanguage\":\"pt-BR\",\"potentialAction\":[{\"@type\":\"CommentAction\",\"name\":\"Comment\",\"target\":[\"https:\/\/swimchannel.net\/br\/salim-antonio-carlos-alberto-e-joao-quem-sao-os-novos-recordistas-mundiais-da-natacao-masters-do-brasil\/#respond\"]}]},{\"@type\":\"WebPage\",\"@id\":\"https:\/\/swimchannel.net\/br\/salim-antonio-carlos-alberto-e-joao-quem-sao-os-novos-recordistas-mundiais-da-natacao-masters-do-brasil\/\",\"url\":\"https:\/\/swimchannel.net\/br\/salim-antonio-carlos-alberto-e-joao-quem-sao-os-novos-recordistas-mundiais-da-natacao-masters-do-brasil\/\",\"name\":\"Salim, Antonio Carlos, Alberto e Jo\u00e3o: quem s\u00e3o os novos recordistas mundiais da nata\u00e7\u00e3o masters do Brasil? - Swimchannel\",\"isPartOf\":{\"@id\":\"https:\/\/swimchannel.net\/br\/#website\"},\"primaryImageOfPage\":{\"@id\":\"https:\/\/swimchannel.net\/br\/salim-antonio-carlos-alberto-e-joao-quem-sao-os-novos-recordistas-mundiais-da-natacao-masters-do-brasil\/#primaryimage\"},\"image\":{\"@id\":\"https:\/\/swimchannel.net\/br\/salim-antonio-carlos-alberto-e-joao-quem-sao-os-novos-recordistas-mundiais-da-natacao-masters-do-brasil\/#primaryimage\"},\"thumbnailUrl\":\"https:\/\/swimchannel.net\/br\/wp-content\/uploads\/2023\/05\/344102412_1827444710989599_7112537929489700595_n-1.jpg\",\"datePublished\":\"2023-05-04T14:39:35+00:00\",\"breadcrumb\":{\"@id\":\"https:\/\/swimchannel.net\/br\/salim-antonio-carlos-alberto-e-joao-quem-sao-os-novos-recordistas-mundiais-da-natacao-masters-do-brasil\/#breadcrumb\"},\"inLanguage\":\"pt-BR\",\"potentialAction\":[{\"@type\":\"ReadAction\",\"target\":[\"https:\/\/swimchannel.net\/br\/salim-antonio-carlos-alberto-e-joao-quem-sao-os-novos-recordistas-mundiais-da-natacao-masters-do-brasil\/\"]}]},{\"@type\":\"ImageObject\",\"inLanguage\":\"pt-BR\",\"@id\":\"https:\/\/swimchannel.net\/br\/salim-antonio-carlos-alberto-e-joao-quem-sao-os-novos-recordistas-mundiais-da-natacao-masters-do-brasil\/#primaryimage\",\"url\":\"https:\/\/swimchannel.net\/br\/wp-content\/uploads\/2023\/05\/344102412_1827444710989599_7112537929489700595_n-1.jpg\",\"contentUrl\":\"https:\/\/swimchannel.net\/br\/wp-content\/uploads\/2023\/05\/344102412_1827444710989599_7112537929489700595_n-1.jpg\",\"width\":840,\"height\":630,\"caption\":\"O quarteto recordista - Foto: Reprodu\u00e7\u00e3o\"},{\"@type\":\"BreadcrumbList\",\"@id\":\"https:\/\/swimchannel.net\/br\/salim-antonio-carlos-alberto-e-joao-quem-sao-os-novos-recordistas-mundiais-da-natacao-masters-do-brasil\/#breadcrumb\",\"itemListElement\":[{\"@type\":\"ListItem\",\"position\":1,\"name\":\"Home\",\"item\":\"https:\/\/swimchannel.net\/br\/\"},{\"@type\":\"ListItem\",\"position\":2,\"name\":\"Salim, Antonio Carlos, Alberto e Jo\u00e3o: quem s\u00e3o os novos recordistas mundiais da nata\u00e7\u00e3o masters do Brasil?\"}]},{\"@type\":\"WebSite\",\"@id\":\"https:\/\/swimchannel.net\/br\/#website\",\"url\":\"https:\/\/swimchannel.net\/br\/\",\"name\":\"Swimchannel\",\"description\":\"Maior portal de nata\u00e7\u00e3o da america latina\",\"publisher\":{\"@id\":\"https:\/\/swimchannel.net\/br\/#organization\"},\"potentialAction\":[{\"@type\":\"SearchAction\",\"target\":{\"@type\":\"EntryPoint\",\"urlTemplate\":\"https:\/\/swimchannel.net\/br\/?s={search_term_string}\"},\"query-input\":{\"@type\":\"PropertyValueSpecification\",\"valueRequired\":true,\"valueName\":\"search_term_string\"}}],\"inLanguage\":\"pt-BR\"},{\"@type\":\"Organization\",\"@id\":\"https:\/\/swimchannel.net\/br\/#organization\",\"name\":\"Swimchannel - Conectando voc\u00ea a Nata\u00e7\u00e3o\",\"url\":\"https:\/\/swimchannel.net\/br\/\",\"logo\":{\"@type\":\"ImageObject\",\"inLanguage\":\"pt-BR\",\"@id\":\"https:\/\/swimchannel.net\/br\/#\/schema\/logo\/image\/\",\"url\":\"https:\/\/swimchannel.net\/br\/wp-content\/uploads\/2026\/02\/SWIM-CHANNEL.png\",\"contentUrl\":\"https:\/\/swimchannel.net\/br\/wp-content\/uploads\/2026\/02\/SWIM-CHANNEL.png\",\"width\":1120,\"height\":630,\"caption\":\"Swimchannel - Conectando voc\u00ea a Nata\u00e7\u00e3o\"},\"image\":{\"@id\":\"https:\/\/swimchannel.net\/br\/#\/schema\/logo\/image\/\"},\"sameAs\":[\"https:\/\/www.facebook.com\/swimchannel\",\"https:\/\/www.instagram.com\/swimchannel\"]},{\"@type\":\"Person\",\"@id\":\"https:\/\/swimchannel.net\/br\/#\/schema\/person\/cf549cb99cf75592fcf7c76213385e63\",\"name\":\"Alex Pussieldi\",\"image\":{\"@type\":\"ImageObject\",\"inLanguage\":\"pt-BR\",\"@id\":\"https:\/\/swimchannel.net\/br\/#\/schema\/person\/image\/\",\"url\":\"https:\/\/swimchannel.net\/br\/wp-content\/uploads\/2021\/02\/9b1c252d-a4bd-4eda-b399-24565cac4114-100x100.jpg\",\"contentUrl\":\"https:\/\/swimchannel.net\/br\/wp-content\/uploads\/2021\/02\/9b1c252d-a4bd-4eda-b399-24565cac4114-100x100.jpg\",\"caption\":\"Alex Pussieldi\"},\"description\":\"Alexandre Pussieldi, apelidado de \u201ccoach\u201d, Foi t\u00e9cnico da sele\u00e7\u00e3o verde e amarela nas Olimp\u00edadas de Pequim-2008 e Londres-2012. O treinador ainda comandou outros quatro pa\u00edses: Kuwait, Paraguai, Aruba e Antilhas Holandesas, al\u00e9m da sele\u00e7\u00e3o americana de \u00e1guas abertas. Pussieldi tem passagens como comentarista de nata\u00e7\u00e3o do Grupo Globo e Swim Channel.\",\"url\":\"https:\/\/swimchannel.net\/br\/author\/alexpussieldi\/\"}]}<\/script>\n<!-- \/ Yoast SEO plugin. -->","yoast_head_json":{"title":"Salim, Antonio Carlos, Alberto e Jo\u00e3o: quem s\u00e3o os novos recordistas mundiais da nata\u00e7\u00e3o masters do Brasil? - Swimchannel","robots":{"index":"index","follow":"follow","max-snippet":"max-snippet:-1","max-image-preview":"max-image-preview:large","max-video-preview":"max-video-preview:-1"},"canonical":"https:\/\/swimchannel.net\/br\/salim-antonio-carlos-alberto-e-joao-quem-sao-os-novos-recordistas-mundiais-da-natacao-masters-do-brasil\/","og_locale":"pt_BR","og_type":"article","og_title":"Salim, Antonio Carlos, Alberto e Jo\u00e3o: quem s\u00e3o os novos recordistas mundiais da nata\u00e7\u00e3o masters do Brasil? - Swimchannel","og_description":"Salim, Antonio Carlos, Alberto e Jo\u00e3o: quem s\u00e3o os novos recordistas mundiais da nata\u00e7\u00e3o masters do Brasil?","og_url":"https:\/\/swimchannel.net\/br\/salim-antonio-carlos-alberto-e-joao-quem-sao-os-novos-recordistas-mundiais-da-natacao-masters-do-brasil\/","og_site_name":"Swimchannel","article_publisher":"https:\/\/www.facebook.com\/swimchannel","article_published_time":"2023-05-04T14:39:35+00:00","og_image":[{"width":840,"height":630,"url":"https:\/\/swimchannel.net\/br\/wp-content\/uploads\/2023\/05\/344102412_1827444710989599_7112537929489700595_n-1.jpg","type":"image\/jpeg"}],"author":"Alex Pussieldi","twitter_card":"summary_large_image","twitter_misc":{"Escrito por":"Alex Pussieldi","Est. tempo de leitura":"3 minutos"},"schema":{"@context":"https:\/\/schema.org","@graph":[{"@type":"Article","@id":"https:\/\/swimchannel.net\/br\/salim-antonio-carlos-alberto-e-joao-quem-sao-os-novos-recordistas-mundiais-da-natacao-masters-do-brasil\/#article","isPartOf":{"@id":"https:\/\/swimchannel.net\/br\/salim-antonio-carlos-alberto-e-joao-quem-sao-os-novos-recordistas-mundiais-da-natacao-masters-do-brasil\/"},"author":{"name":"Alex Pussieldi","@id":"https:\/\/swimchannel.net\/br\/#\/schema\/person\/cf549cb99cf75592fcf7c76213385e63"},"headline":"Salim, Antonio Carlos, Alberto e Jo\u00e3o: quem s\u00e3o os novos recordistas mundiais da nata\u00e7\u00e3o masters do Brasil?","datePublished":"2023-05-04T14:39:35+00:00","mainEntityOfPage":{"@id":"https:\/\/swimchannel.net\/br\/salim-antonio-carlos-alberto-e-joao-quem-sao-os-novos-recordistas-mundiais-da-natacao-masters-do-brasil\/"},"wordCount":550,"commentCount":3,"publisher":{"@id":"https:\/\/swimchannel.net\/br\/#organization"},"image":{"@id":"https:\/\/swimchannel.net\/br\/salim-antonio-carlos-alberto-e-joao-quem-sao-os-novos-recordistas-mundiais-da-natacao-masters-do-brasil\/#primaryimage"},"thumbnailUrl":"https:\/\/swimchannel.net\/br\/wp-content\/uploads\/2023\/05\/344102412_1827444710989599_7112537929489700595_n-1.jpg","keywords":["ABMN","Alberto Paulo Marques","Ant\u00f4nio Carlos Orselli","Campeonato Brasileiro Masters","Jo\u00e3o Grimberg","natacao","nata\u00e7\u00e3o master","Salim Abed"],"articleSection":["Nata\u00e7\u00e3o Master"],"inLanguage":"pt-BR","potentialAction":[{"@type":"CommentAction","name":"Comment","target":["https:\/\/swimchannel.net\/br\/salim-antonio-carlos-alberto-e-joao-quem-sao-os-novos-recordistas-mundiais-da-natacao-masters-do-brasil\/#respond"]}]},{"@type":"WebPage","@id":"https:\/\/swimchannel.net\/br\/salim-antonio-carlos-alberto-e-joao-quem-sao-os-novos-recordistas-mundiais-da-natacao-masters-do-brasil\/","url":"https:\/\/swimchannel.net\/br\/salim-antonio-carlos-alberto-e-joao-quem-sao-os-novos-recordistas-mundiais-da-natacao-masters-do-brasil\/","name":"Salim, Antonio Carlos, Alberto e Jo\u00e3o: quem s\u00e3o os novos recordistas mundiais da nata\u00e7\u00e3o masters do Brasil? - Swimchannel","isPartOf":{"@id":"https:\/\/swimchannel.net\/br\/#website"},"primaryImageOfPage":{"@id":"https:\/\/swimchannel.net\/br\/salim-antonio-carlos-alberto-e-joao-quem-sao-os-novos-recordistas-mundiais-da-natacao-masters-do-brasil\/#primaryimage"},"image":{"@id":"https:\/\/swimchannel.net\/br\/salim-antonio-carlos-alberto-e-joao-quem-sao-os-novos-recordistas-mundiais-da-natacao-masters-do-brasil\/#primaryimage"},"thumbnailUrl":"https:\/\/swimchannel.net\/br\/wp-content\/uploads\/2023\/05\/344102412_1827444710989599_7112537929489700595_n-1.jpg","datePublished":"2023-05-04T14:39:35+00:00","breadcrumb":{"@id":"https:\/\/swimchannel.net\/br\/salim-antonio-carlos-alberto-e-joao-quem-sao-os-novos-recordistas-mundiais-da-natacao-masters-do-brasil\/#breadcrumb"},"inLanguage":"pt-BR","potentialAction":[{"@type":"ReadAction","target":["https:\/\/swimchannel.net\/br\/salim-antonio-carlos-alberto-e-joao-quem-sao-os-novos-recordistas-mundiais-da-natacao-masters-do-brasil\/"]}]},{"@type":"ImageObject","inLanguage":"pt-BR","@id":"https:\/\/swimchannel.net\/br\/salim-antonio-carlos-alberto-e-joao-quem-sao-os-novos-recordistas-mundiais-da-natacao-masters-do-brasil\/#primaryimage","url":"https:\/\/swimchannel.net\/br\/wp-content\/uploads\/2023\/05\/344102412_1827444710989599_7112537929489700595_n-1.jpg","contentUrl":"https:\/\/swimchannel.net\/br\/wp-content\/uploads\/2023\/05\/344102412_1827444710989599_7112537929489700595_n-1.jpg","width":840,"height":630,"caption":"O quarteto recordista - Foto: Reprodu\u00e7\u00e3o"},{"@type":"BreadcrumbList","@id":"https:\/\/swimchannel.net\/br\/salim-antonio-carlos-alberto-e-joao-quem-sao-os-novos-recordistas-mundiais-da-natacao-masters-do-brasil\/#breadcrumb","itemListElement":[{"@type":"ListItem","position":1,"name":"Home","item":"https:\/\/swimchannel.net\/br\/"},{"@type":"ListItem","position":2,"name":"Salim, Antonio Carlos, Alberto e Jo\u00e3o: quem s\u00e3o os novos recordistas mundiais da nata\u00e7\u00e3o masters do Brasil?"}]},{"@type":"WebSite","@id":"https:\/\/swimchannel.net\/br\/#website","url":"https:\/\/swimchannel.net\/br\/","name":"Swimchannel","description":"Maior portal de nata\u00e7\u00e3o da america latina","publisher":{"@id":"https:\/\/swimchannel.net\/br\/#organization"},"potentialAction":[{"@type":"SearchAction","target":{"@type":"EntryPoint","urlTemplate":"https:\/\/swimchannel.net\/br\/?s={search_term_string}"},"query-input":{"@type":"PropertyValueSpecification","valueRequired":true,"valueName":"search_term_string"}}],"inLanguage":"pt-BR"},{"@type":"Organization","@id":"https:\/\/swimchannel.net\/br\/#organization","name":"Swimchannel - Conectando voc\u00ea a Nata\u00e7\u00e3o","url":"https:\/\/swimchannel.net\/br\/","logo":{"@type":"ImageObject","inLanguage":"pt-BR","@id":"https:\/\/swimchannel.net\/br\/#\/schema\/logo\/image\/","url":"https:\/\/swimchannel.net\/br\/wp-content\/uploads\/2026\/02\/SWIM-CHANNEL.png","contentUrl":"https:\/\/swimchannel.net\/br\/wp-content\/uploads\/2026\/02\/SWIM-CHANNEL.png","width":1120,"height":630,"caption":"Swimchannel - Conectando voc\u00ea a Nata\u00e7\u00e3o"},"image":{"@id":"https:\/\/swimchannel.net\/br\/#\/schema\/logo\/image\/"},"sameAs":["https:\/\/www.facebook.com\/swimchannel","https:\/\/www.instagram.com\/swimchannel"]},{"@type":"Person","@id":"https:\/\/swimchannel.net\/br\/#\/schema\/person\/cf549cb99cf75592fcf7c76213385e63","name":"Alex Pussieldi","image":{"@type":"ImageObject","inLanguage":"pt-BR","@id":"https:\/\/swimchannel.net\/br\/#\/schema\/person\/image\/","url":"https:\/\/swimchannel.net\/br\/wp-content\/uploads\/2021\/02\/9b1c252d-a4bd-4eda-b399-24565cac4114-100x100.jpg","contentUrl":"https:\/\/swimchannel.net\/br\/wp-content\/uploads\/2021\/02\/9b1c252d-a4bd-4eda-b399-24565cac4114-100x100.jpg","caption":"Alex Pussieldi"},"description":"Alexandre Pussieldi, apelidado de \u201ccoach\u201d, Foi t\u00e9cnico da sele\u00e7\u00e3o verde e amarela nas Olimp\u00edadas de Pequim-2008 e Londres-2012. O treinador ainda comandou outros quatro pa\u00edses: Kuwait, Paraguai, Aruba e Antilhas Holandesas, al\u00e9m da sele\u00e7\u00e3o americana de \u00e1guas abertas. Pussieldi tem passagens como comentarista de nata\u00e7\u00e3o do Grupo Globo e Swim Channel.","url":"https:\/\/swimchannel.net\/br\/author\/alexpussieldi\/"}]}},"_links":{"self":[{"href":"https:\/\/swimchannel.net\/br\/wp-json\/wp\/v2\/posts\/56532","targetHints":{"allow":["GET"]}}],"collection":[{"href":"https:\/\/swimchannel.net\/br\/wp-json\/wp\/v2\/posts"}],"about":[{"href":"https:\/\/swimchannel.net\/br\/wp-json\/wp\/v2\/types\/post"}],"author":[{"embeddable":true,"href":"https:\/\/swimchannel.net\/br\/wp-json\/wp\/v2\/users\/12"}],"replies":[{"embeddable":true,"href":"https:\/\/swimchannel.net\/br\/wp-json\/wp\/v2\/comments?post=56532"}],"version-history":[{"count":2,"href":"https:\/\/swimchannel.net\/br\/wp-json\/wp\/v2\/posts\/56532\/revisions"}],"predecessor-version":[{"id":56538,"href":"https:\/\/swimchannel.net\/br\/wp-json\/wp\/v2\/posts\/56532\/revisions\/56538"}],"wp:featuredmedia":[{"embeddable":true,"href":"https:\/\/swimchannel.net\/br\/wp-json\/wp\/v2\/media\/56537"}],"wp:attachment":[{"href":"https:\/\/swimchannel.net\/br\/wp-json\/wp\/v2\/media?parent=56532"}],"wp:term":[{"taxonomy":"category","embeddable":true,"href":"https:\/\/swimchannel.net\/br\/wp-json\/wp\/v2\/categories?post=56532"},{"taxonomy":"post_tag","embeddable":true,"href":"https:\/\/swimchannel.net\/br\/wp-json\/wp\/v2\/tags?post=56532"}],"curies":[{"name":"wp","href":"https:\/\/api.w.org\/{rel}","templated":true}]}}