{"id":56544,"date":"2023-05-05T08:23:09","date_gmt":"2023-05-05T11:23:09","guid":{"rendered":"https:\/\/swimchannel.net\/br\/?p=56544"},"modified":"2023-05-05T11:26:59","modified_gmt":"2023-05-05T14:26:59","slug":"brasileiro-copa-brasil-e-trofeu-marcelinha-cunha-chegam-a-maceio","status":"publish","type":"post","link":"https:\/\/swimchannel.net\/br\/brasileiro-copa-brasil-e-trofeu-marcelinha-cunha-chegam-a-maceio\/","title":{"rendered":"Brasileiro, Copa Brasil e Trof\u00e9u Marcelinha Cunha chegam \u00e0 Macei\u00f3"},"content":{"rendered":"<p>A segunda etapa do Campeonato Brasileiro de \u00e1guas abertas chega a cidade de Macei\u00f3, em Alagoas nesta sexta-feira. Organizada pela Confedera\u00e7\u00e3o Brasileira de Desportos Aqu\u00e1ticos (CBDA) a competi\u00e7\u00e3o oferece as provas de 10 km e 5 km. Al\u00e9m delas, as provas da s\u00e9tima etapa da Copa Brasil e do Trof\u00e9u Marcelinha Cunha tamb\u00e9m ser\u00e3o realizadas na cidade entre sexta e s\u00e1bado.<\/p>\n<p>No start list da prova de 10 km desta sexta no Brasileiro temos nomes como Isabele Fink, do Corinthians e as atletas do Gr\u00eamio N\u00e1utico Uni\u00e3o: Cibelle e Viviane Jungblut e J\u00falia Pereira, no feminino. No masculino teremos entre os inscritos Matheus Evangelista do GNU, e Arthur Pazos do Yacht Club da Bahia. Veja a lista completa de atletas <a href=\"https:\/\/www.cbda.org.br\/evento\/aguas-abertas\/1458\/2-etapa-28-cbi-10-km\">aqui.<\/a><\/p>\n<figure id=\"attachment_56333\" class=\"wp-caption alignnone\" aria-describedby=\"caption-attachment-56333\"><figcaption id=\"caption-attachment-56333\" class=\"wp-caption-text\">\n<figure id=\"attachment_56221\" aria-describedby=\"caption-attachment-56221\" style=\"width: 945px\" class=\"wp-caption alignnone\"><img loading=\"lazy\" decoding=\"async\" class=\"size-full wp-image-56221\" src=\"https:\/\/swimchannel.net\/br\/wp-content\/uploads\/2023\/04\/IMG_4662.jpg\" alt=\"\" width=\"945\" height=\"630\" srcset=\"https:\/\/swimchannel.net\/br\/wp-content\/uploads\/2023\/04\/IMG_4662.jpg 945w, https:\/\/swimchannel.net\/br\/wp-content\/uploads\/2023\/04\/IMG_4662-270x180.jpg 270w, https:\/\/swimchannel.net\/br\/wp-content\/uploads\/2023\/04\/IMG_4662-768x512.jpg 768w, https:\/\/swimchannel.net\/br\/wp-content\/uploads\/2023\/04\/IMG_4662-750x500.jpg 750w\" sizes=\"auto, (max-width: 945px) 100vw, 945px\" \/><figcaption id=\"caption-attachment-56221\" class=\"wp-caption-text\">As irm\u00e3s Viviane e Cibele Jungblut &#8211; Foto: FBDA\/Reprodu\u00e7\u00e3o<\/figcaption><\/figure>\n<\/figcaption><\/figure>\n<p>A Copa Brasil ter\u00e1 as disputas de 2,5 km na sexta e 5 km e 1,5 km no s\u00e1bado. No calend\u00e1rio do Trof\u00e9u Marcelinha Cunha esta sexta \u00e9 dia dos 500m para petiz e s\u00e1bado para 250m para mini a mirim e 250m para petiz.<\/p>\n<p>A pr\u00f3xima etapa do Brasileiro ser\u00e1 no dia 27 e 28 de maio em S\u00e3o Lu\u00eds, no Maranh\u00e3o. A 8\u00aa etapa da Copa Brasil e Trof\u00e9u Marcelinha Cunha ser\u00e3o entre os dias 10 e 11 de junho em Fortaleza, no Cear\u00e1.\u00a0Clique para ver todos os detalhes da etapa de Macei\u00f3 (AL): <a href=\"https:\/\/www.cbda.org.br\/aguas-abertas\" target=\"_blank\" rel=\"noopener\">cbda.org.br\/aguas-abertas<\/a>.<\/p>\n","protected":false},"excerpt":{"rendered":"<p>Competi\u00e7\u00f5es de \u00e1guas abertas da CBDA ser\u00e3o realizada a partir desta sexta-feira na capital alagoana<\/p>\n","protected":false},"author":9,"featured_media":56221,"comment_status":"open","ping_status":"open","sticky":false,"template":"","format":"gallery","meta":{"footnotes":""},"categories":[115],"tags":[14,194,542,5,5174],"class_list":["post-56544","post","type-post","status-publish","format-gallery","has-post-thumbnail","hentry","category-aguas-abertas","tag-aguas-abertas","tag-cbda","tag-copa-brasil","tag-natacao","tag-trofeu-marcelinha-cunha","post_format-post-format-gallery"],"yoast_head":"<!-- This site is optimized with the Yoast SEO plugin v27.0 - https:\/\/yoast.com\/product\/yoast-seo-wordpress\/ -->\n<title>Brasileiro, Copa Brasil e Trof\u00e9u Marcelinha Cunha chegam \u00e0 Macei\u00f3 - Swimchannel<\/title>\n<meta name=\"robots\" content=\"index, follow, max-snippet:-1, max-image-preview:large, max-video-preview:-1\" \/>\n<link rel=\"canonical\" href=\"https:\/\/swimchannel.net\/br\/brasileiro-copa-brasil-e-trofeu-marcelinha-cunha-chegam-a-maceio\/\" \/>\n<meta property=\"og:locale\" content=\"pt_BR\" \/>\n<meta property=\"og:type\" content=\"article\" \/>\n<meta property=\"og:title\" content=\"Brasileiro, Copa Brasil e Trof\u00e9u Marcelinha Cunha chegam \u00e0 Macei\u00f3 - Swimchannel\" \/>\n<meta property=\"og:description\" content=\"Competi\u00e7\u00f5es de \u00e1guas abertas da CBDA ser\u00e3o realizada a partir desta sexta-feira na capital alagoana\" \/>\n<meta property=\"og:url\" content=\"https:\/\/swimchannel.net\/br\/brasileiro-copa-brasil-e-trofeu-marcelinha-cunha-chegam-a-maceio\/\" \/>\n<meta property=\"og:site_name\" content=\"Swimchannel\" \/>\n<meta property=\"article:publisher\" content=\"https:\/\/www.facebook.com\/swimchannel\" \/>\n<meta property=\"article:published_time\" content=\"2023-05-05T11:23:09+00:00\" \/>\n<meta property=\"article:modified_time\" content=\"2023-05-05T14:26:59+00:00\" \/>\n<meta property=\"og:image\" content=\"https:\/\/swimchannel.net\/br\/wp-content\/uploads\/2023\/04\/IMG_4662.jpg\" \/>\n\t<meta property=\"og:image:width\" content=\"945\" \/>\n\t<meta property=\"og:image:height\" content=\"630\" \/>\n\t<meta property=\"og:image:type\" content=\"image\/jpeg\" \/>\n<meta name=\"author\" content=\"Katarine Monteiro\" \/>\n<meta name=\"twitter:card\" content=\"summary_large_image\" \/>\n<meta name=\"twitter:creator\" content=\"@https:\/\/twitter.com\/Katarinem\" \/>\n<meta name=\"twitter:label1\" content=\"Escrito por\" \/>\n\t<meta name=\"twitter:data1\" content=\"Katarine Monteiro\" \/>\n\t<meta name=\"twitter:label2\" content=\"Est. tempo de leitura\" \/>\n\t<meta name=\"twitter:data2\" content=\"1 minuto\" \/>\n<script type=\"application\/ld+json\" class=\"yoast-schema-graph\">{\"@context\":\"https:\/\/schema.org\",\"@graph\":[{\"@type\":\"Article\",\"@id\":\"https:\/\/swimchannel.net\/br\/brasileiro-copa-brasil-e-trofeu-marcelinha-cunha-chegam-a-maceio\/#article\",\"isPartOf\":{\"@id\":\"https:\/\/swimchannel.net\/br\/brasileiro-copa-brasil-e-trofeu-marcelinha-cunha-chegam-a-maceio\/\"},\"author\":{\"name\":\"Katarine Monteiro\",\"@id\":\"https:\/\/swimchannel.net\/br\/#\/schema\/person\/73ae9cec62249968bca1f0a8098ef002\"},\"headline\":\"Brasileiro, Copa Brasil e Trof\u00e9u Marcelinha Cunha chegam \u00e0 Macei\u00f3\",\"datePublished\":\"2023-05-05T11:23:09+00:00\",\"dateModified\":\"2023-05-05T14:26:59+00:00\",\"mainEntityOfPage\":{\"@id\":\"https:\/\/swimchannel.net\/br\/brasileiro-copa-brasil-e-trofeu-marcelinha-cunha-chegam-a-maceio\/\"},\"wordCount\":262,\"commentCount\":0,\"publisher\":{\"@id\":\"https:\/\/swimchannel.net\/br\/#organization\"},\"image\":{\"@id\":\"https:\/\/swimchannel.net\/br\/brasileiro-copa-brasil-e-trofeu-marcelinha-cunha-chegam-a-maceio\/#primaryimage\"},\"thumbnailUrl\":\"https:\/\/swimchannel.net\/br\/wp-content\/uploads\/2023\/04\/IMG_4662.jpg\",\"keywords\":[\"\u00c1guas abertas\",\"CBDA\",\"Copa Brasil\",\"natacao\",\"Trof\u00e9u Marcelinha Cunha\"],\"articleSection\":[\"\u00c1guas Abertas\"],\"inLanguage\":\"pt-BR\",\"potentialAction\":[{\"@type\":\"CommentAction\",\"name\":\"Comment\",\"target\":[\"https:\/\/swimchannel.net\/br\/brasileiro-copa-brasil-e-trofeu-marcelinha-cunha-chegam-a-maceio\/#respond\"]}]},{\"@type\":\"WebPage\",\"@id\":\"https:\/\/swimchannel.net\/br\/brasileiro-copa-brasil-e-trofeu-marcelinha-cunha-chegam-a-maceio\/\",\"url\":\"https:\/\/swimchannel.net\/br\/brasileiro-copa-brasil-e-trofeu-marcelinha-cunha-chegam-a-maceio\/\",\"name\":\"Brasileiro, Copa Brasil e Trof\u00e9u Marcelinha Cunha chegam \u00e0 Macei\u00f3 - Swimchannel\",\"isPartOf\":{\"@id\":\"https:\/\/swimchannel.net\/br\/#website\"},\"primaryImageOfPage\":{\"@id\":\"https:\/\/swimchannel.net\/br\/brasileiro-copa-brasil-e-trofeu-marcelinha-cunha-chegam-a-maceio\/#primaryimage\"},\"image\":{\"@id\":\"https:\/\/swimchannel.net\/br\/brasileiro-copa-brasil-e-trofeu-marcelinha-cunha-chegam-a-maceio\/#primaryimage\"},\"thumbnailUrl\":\"https:\/\/swimchannel.net\/br\/wp-content\/uploads\/2023\/04\/IMG_4662.jpg\",\"datePublished\":\"2023-05-05T11:23:09+00:00\",\"dateModified\":\"2023-05-05T14:26:59+00:00\",\"breadcrumb\":{\"@id\":\"https:\/\/swimchannel.net\/br\/brasileiro-copa-brasil-e-trofeu-marcelinha-cunha-chegam-a-maceio\/#breadcrumb\"},\"inLanguage\":\"pt-BR\",\"potentialAction\":[{\"@type\":\"ReadAction\",\"target\":[\"https:\/\/swimchannel.net\/br\/brasileiro-copa-brasil-e-trofeu-marcelinha-cunha-chegam-a-maceio\/\"]}]},{\"@type\":\"ImageObject\",\"inLanguage\":\"pt-BR\",\"@id\":\"https:\/\/swimchannel.net\/br\/brasileiro-copa-brasil-e-trofeu-marcelinha-cunha-chegam-a-maceio\/#primaryimage\",\"url\":\"https:\/\/swimchannel.net\/br\/wp-content\/uploads\/2023\/04\/IMG_4662.jpg\",\"contentUrl\":\"https:\/\/swimchannel.net\/br\/wp-content\/uploads\/2023\/04\/IMG_4662.jpg\",\"width\":945,\"height\":630,\"caption\":\"As irm\u00e3s Viviane e Cibele Jungblut - Foto: FBDA\/Reprodu\u00e7\u00e3o\"},{\"@type\":\"BreadcrumbList\",\"@id\":\"https:\/\/swimchannel.net\/br\/brasileiro-copa-brasil-e-trofeu-marcelinha-cunha-chegam-a-maceio\/#breadcrumb\",\"itemListElement\":[{\"@type\":\"ListItem\",\"position\":1,\"name\":\"Home\",\"item\":\"https:\/\/swimchannel.net\/br\/\"},{\"@type\":\"ListItem\",\"position\":2,\"name\":\"Brasileiro, Copa Brasil e Trof\u00e9u Marcelinha Cunha chegam \u00e0 Macei\u00f3\"}]},{\"@type\":\"WebSite\",\"@id\":\"https:\/\/swimchannel.net\/br\/#website\",\"url\":\"https:\/\/swimchannel.net\/br\/\",\"name\":\"Swimchannel\",\"description\":\"Maior portal de nata\u00e7\u00e3o da america latina\",\"publisher\":{\"@id\":\"https:\/\/swimchannel.net\/br\/#organization\"},\"potentialAction\":[{\"@type\":\"SearchAction\",\"target\":{\"@type\":\"EntryPoint\",\"urlTemplate\":\"https:\/\/swimchannel.net\/br\/?s={search_term_string}\"},\"query-input\":{\"@type\":\"PropertyValueSpecification\",\"valueRequired\":true,\"valueName\":\"search_term_string\"}}],\"inLanguage\":\"pt-BR\"},{\"@type\":\"Organization\",\"@id\":\"https:\/\/swimchannel.net\/br\/#organization\",\"name\":\"Swimchannel - Conectando voc\u00ea a Nata\u00e7\u00e3o\",\"url\":\"https:\/\/swimchannel.net\/br\/\",\"logo\":{\"@type\":\"ImageObject\",\"inLanguage\":\"pt-BR\",\"@id\":\"https:\/\/swimchannel.net\/br\/#\/schema\/logo\/image\/\",\"url\":\"https:\/\/swimchannel.net\/br\/wp-content\/uploads\/2026\/02\/SWIM-CHANNEL.png\",\"contentUrl\":\"https:\/\/swimchannel.net\/br\/wp-content\/uploads\/2026\/02\/SWIM-CHANNEL.png\",\"width\":1120,\"height\":630,\"caption\":\"Swimchannel - Conectando voc\u00ea a Nata\u00e7\u00e3o\"},\"image\":{\"@id\":\"https:\/\/swimchannel.net\/br\/#\/schema\/logo\/image\/\"},\"sameAs\":[\"https:\/\/www.facebook.com\/swimchannel\",\"https:\/\/www.instagram.com\/swimchannel\"]},{\"@type\":\"Person\",\"@id\":\"https:\/\/swimchannel.net\/br\/#\/schema\/person\/73ae9cec62249968bca1f0a8098ef002\",\"name\":\"Katarine Monteiro\",\"image\":{\"@type\":\"ImageObject\",\"inLanguage\":\"pt-BR\",\"@id\":\"https:\/\/swimchannel.net\/br\/#\/schema\/person\/image\/\",\"url\":\"https:\/\/swimchannel.net\/br\/wp-content\/uploads\/2022\/01\/Katarine-Monteiro-100x100.jpg\",\"contentUrl\":\"https:\/\/swimchannel.net\/br\/wp-content\/uploads\/2022\/01\/Katarine-Monteiro-100x100.jpg\",\"caption\":\"Katarine Monteiro\"},\"description\":\"Jornalista SWIM CHANNEL especializada em esportes ol\u00edmpicos e em sa\u00fade. Com cobertura de grandes eventos internacionais, como Jogos Ol\u00edmpicos Rio 2016, Jogos Pan-Americanos em Lima 2019, Qatar Total Open 2020, Qatar ExxonMobil Open 2019 - t\u00eanis em Doha (QT), Semana Internacional de Vela de Ilhabela, Transat Jacques Vabre 2019 (Fran\u00e7a-Brasil), L'\u00c9tape Brasil by Tour de France, j\u00e1 fez in\u00fameras coberturas de nata\u00e7\u00e3o, maratona aqu\u00e1tica e polo aqu\u00e1tico. Formada tamb\u00e9m em Letras, a jornalista atua como assessora de imprensa, rela\u00e7\u00f5es p\u00fablicas e social media, com especializa\u00e7\u00e3o em marketing esportivo. Nadadora amadora de \u00e1guas abertas, j\u00e1 trabalhou com grandes nomes da nata\u00e7\u00e3o e do polo aqu\u00e1tico brasileiro.\",\"sameAs\":[\"https:\/\/www.instagram.com\/_katarinemonteiro\/\",\"https:\/\/www.linkedin.com\/in\/katarine-monteiro-19385297\/\",\"https:\/\/x.com\/https:\/\/twitter.com\/Katarinem\"],\"url\":\"https:\/\/swimchannel.net\/br\/author\/katarine-monteiro\/\"}]}<\/script>\n<!-- \/ Yoast SEO plugin. -->","yoast_head_json":{"title":"Brasileiro, Copa Brasil e Trof\u00e9u Marcelinha Cunha chegam \u00e0 Macei\u00f3 - Swimchannel","robots":{"index":"index","follow":"follow","max-snippet":"max-snippet:-1","max-image-preview":"max-image-preview:large","max-video-preview":"max-video-preview:-1"},"canonical":"https:\/\/swimchannel.net\/br\/brasileiro-copa-brasil-e-trofeu-marcelinha-cunha-chegam-a-maceio\/","og_locale":"pt_BR","og_type":"article","og_title":"Brasileiro, Copa Brasil e Trof\u00e9u Marcelinha Cunha chegam \u00e0 Macei\u00f3 - Swimchannel","og_description":"Competi\u00e7\u00f5es de \u00e1guas abertas da CBDA ser\u00e3o realizada a partir desta sexta-feira na capital alagoana","og_url":"https:\/\/swimchannel.net\/br\/brasileiro-copa-brasil-e-trofeu-marcelinha-cunha-chegam-a-maceio\/","og_site_name":"Swimchannel","article_publisher":"https:\/\/www.facebook.com\/swimchannel","article_published_time":"2023-05-05T11:23:09+00:00","article_modified_time":"2023-05-05T14:26:59+00:00","og_image":[{"width":945,"height":630,"url":"https:\/\/swimchannel.net\/br\/wp-content\/uploads\/2023\/04\/IMG_4662.jpg","type":"image\/jpeg"}],"author":"Katarine Monteiro","twitter_card":"summary_large_image","twitter_creator":"@https:\/\/twitter.com\/Katarinem","twitter_misc":{"Escrito por":"Katarine Monteiro","Est. tempo de leitura":"1 minuto"},"schema":{"@context":"https:\/\/schema.org","@graph":[{"@type":"Article","@id":"https:\/\/swimchannel.net\/br\/brasileiro-copa-brasil-e-trofeu-marcelinha-cunha-chegam-a-maceio\/#article","isPartOf":{"@id":"https:\/\/swimchannel.net\/br\/brasileiro-copa-brasil-e-trofeu-marcelinha-cunha-chegam-a-maceio\/"},"author":{"name":"Katarine Monteiro","@id":"https:\/\/swimchannel.net\/br\/#\/schema\/person\/73ae9cec62249968bca1f0a8098ef002"},"headline":"Brasileiro, Copa Brasil e Trof\u00e9u Marcelinha Cunha chegam \u00e0 Macei\u00f3","datePublished":"2023-05-05T11:23:09+00:00","dateModified":"2023-05-05T14:26:59+00:00","mainEntityOfPage":{"@id":"https:\/\/swimchannel.net\/br\/brasileiro-copa-brasil-e-trofeu-marcelinha-cunha-chegam-a-maceio\/"},"wordCount":262,"commentCount":0,"publisher":{"@id":"https:\/\/swimchannel.net\/br\/#organization"},"image":{"@id":"https:\/\/swimchannel.net\/br\/brasileiro-copa-brasil-e-trofeu-marcelinha-cunha-chegam-a-maceio\/#primaryimage"},"thumbnailUrl":"https:\/\/swimchannel.net\/br\/wp-content\/uploads\/2023\/04\/IMG_4662.jpg","keywords":["\u00c1guas abertas","CBDA","Copa Brasil","natacao","Trof\u00e9u Marcelinha Cunha"],"articleSection":["\u00c1guas Abertas"],"inLanguage":"pt-BR","potentialAction":[{"@type":"CommentAction","name":"Comment","target":["https:\/\/swimchannel.net\/br\/brasileiro-copa-brasil-e-trofeu-marcelinha-cunha-chegam-a-maceio\/#respond"]}]},{"@type":"WebPage","@id":"https:\/\/swimchannel.net\/br\/brasileiro-copa-brasil-e-trofeu-marcelinha-cunha-chegam-a-maceio\/","url":"https:\/\/swimchannel.net\/br\/brasileiro-copa-brasil-e-trofeu-marcelinha-cunha-chegam-a-maceio\/","name":"Brasileiro, Copa Brasil e Trof\u00e9u Marcelinha Cunha chegam \u00e0 Macei\u00f3 - Swimchannel","isPartOf":{"@id":"https:\/\/swimchannel.net\/br\/#website"},"primaryImageOfPage":{"@id":"https:\/\/swimchannel.net\/br\/brasileiro-copa-brasil-e-trofeu-marcelinha-cunha-chegam-a-maceio\/#primaryimage"},"image":{"@id":"https:\/\/swimchannel.net\/br\/brasileiro-copa-brasil-e-trofeu-marcelinha-cunha-chegam-a-maceio\/#primaryimage"},"thumbnailUrl":"https:\/\/swimchannel.net\/br\/wp-content\/uploads\/2023\/04\/IMG_4662.jpg","datePublished":"2023-05-05T11:23:09+00:00","dateModified":"2023-05-05T14:26:59+00:00","breadcrumb":{"@id":"https:\/\/swimchannel.net\/br\/brasileiro-copa-brasil-e-trofeu-marcelinha-cunha-chegam-a-maceio\/#breadcrumb"},"inLanguage":"pt-BR","potentialAction":[{"@type":"ReadAction","target":["https:\/\/swimchannel.net\/br\/brasileiro-copa-brasil-e-trofeu-marcelinha-cunha-chegam-a-maceio\/"]}]},{"@type":"ImageObject","inLanguage":"pt-BR","@id":"https:\/\/swimchannel.net\/br\/brasileiro-copa-brasil-e-trofeu-marcelinha-cunha-chegam-a-maceio\/#primaryimage","url":"https:\/\/swimchannel.net\/br\/wp-content\/uploads\/2023\/04\/IMG_4662.jpg","contentUrl":"https:\/\/swimchannel.net\/br\/wp-content\/uploads\/2023\/04\/IMG_4662.jpg","width":945,"height":630,"caption":"As irm\u00e3s Viviane e Cibele Jungblut - Foto: FBDA\/Reprodu\u00e7\u00e3o"},{"@type":"BreadcrumbList","@id":"https:\/\/swimchannel.net\/br\/brasileiro-copa-brasil-e-trofeu-marcelinha-cunha-chegam-a-maceio\/#breadcrumb","itemListElement":[{"@type":"ListItem","position":1,"name":"Home","item":"https:\/\/swimchannel.net\/br\/"},{"@type":"ListItem","position":2,"name":"Brasileiro, Copa Brasil e Trof\u00e9u Marcelinha Cunha chegam \u00e0 Macei\u00f3"}]},{"@type":"WebSite","@id":"https:\/\/swimchannel.net\/br\/#website","url":"https:\/\/swimchannel.net\/br\/","name":"Swimchannel","description":"Maior portal de nata\u00e7\u00e3o da america latina","publisher":{"@id":"https:\/\/swimchannel.net\/br\/#organization"},"potentialAction":[{"@type":"SearchAction","target":{"@type":"EntryPoint","urlTemplate":"https:\/\/swimchannel.net\/br\/?s={search_term_string}"},"query-input":{"@type":"PropertyValueSpecification","valueRequired":true,"valueName":"search_term_string"}}],"inLanguage":"pt-BR"},{"@type":"Organization","@id":"https:\/\/swimchannel.net\/br\/#organization","name":"Swimchannel - Conectando voc\u00ea a Nata\u00e7\u00e3o","url":"https:\/\/swimchannel.net\/br\/","logo":{"@type":"ImageObject","inLanguage":"pt-BR","@id":"https:\/\/swimchannel.net\/br\/#\/schema\/logo\/image\/","url":"https:\/\/swimchannel.net\/br\/wp-content\/uploads\/2026\/02\/SWIM-CHANNEL.png","contentUrl":"https:\/\/swimchannel.net\/br\/wp-content\/uploads\/2026\/02\/SWIM-CHANNEL.png","width":1120,"height":630,"caption":"Swimchannel - Conectando voc\u00ea a Nata\u00e7\u00e3o"},"image":{"@id":"https:\/\/swimchannel.net\/br\/#\/schema\/logo\/image\/"},"sameAs":["https:\/\/www.facebook.com\/swimchannel","https:\/\/www.instagram.com\/swimchannel"]},{"@type":"Person","@id":"https:\/\/swimchannel.net\/br\/#\/schema\/person\/73ae9cec62249968bca1f0a8098ef002","name":"Katarine Monteiro","image":{"@type":"ImageObject","inLanguage":"pt-BR","@id":"https:\/\/swimchannel.net\/br\/#\/schema\/person\/image\/","url":"https:\/\/swimchannel.net\/br\/wp-content\/uploads\/2022\/01\/Katarine-Monteiro-100x100.jpg","contentUrl":"https:\/\/swimchannel.net\/br\/wp-content\/uploads\/2022\/01\/Katarine-Monteiro-100x100.jpg","caption":"Katarine Monteiro"},"description":"Jornalista SWIM CHANNEL especializada em esportes ol\u00edmpicos e em sa\u00fade. Com cobertura de grandes eventos internacionais, como Jogos Ol\u00edmpicos Rio 2016, Jogos Pan-Americanos em Lima 2019, Qatar Total Open 2020, Qatar ExxonMobil Open 2019 - t\u00eanis em Doha (QT), Semana Internacional de Vela de Ilhabela, Transat Jacques Vabre 2019 (Fran\u00e7a-Brasil), L'\u00c9tape Brasil by Tour de France, j\u00e1 fez in\u00fameras coberturas de nata\u00e7\u00e3o, maratona aqu\u00e1tica e polo aqu\u00e1tico. Formada tamb\u00e9m em Letras, a jornalista atua como assessora de imprensa, rela\u00e7\u00f5es p\u00fablicas e social media, com especializa\u00e7\u00e3o em marketing esportivo. Nadadora amadora de \u00e1guas abertas, j\u00e1 trabalhou com grandes nomes da nata\u00e7\u00e3o e do polo aqu\u00e1tico brasileiro.","sameAs":["https:\/\/www.instagram.com\/_katarinemonteiro\/","https:\/\/www.linkedin.com\/in\/katarine-monteiro-19385297\/","https:\/\/x.com\/https:\/\/twitter.com\/Katarinem"],"url":"https:\/\/swimchannel.net\/br\/author\/katarine-monteiro\/"}]}},"_links":{"self":[{"href":"https:\/\/swimchannel.net\/br\/wp-json\/wp\/v2\/posts\/56544","targetHints":{"allow":["GET"]}}],"collection":[{"href":"https:\/\/swimchannel.net\/br\/wp-json\/wp\/v2\/posts"}],"about":[{"href":"https:\/\/swimchannel.net\/br\/wp-json\/wp\/v2\/types\/post"}],"author":[{"embeddable":true,"href":"https:\/\/swimchannel.net\/br\/wp-json\/wp\/v2\/users\/9"}],"replies":[{"embeddable":true,"href":"https:\/\/swimchannel.net\/br\/wp-json\/wp\/v2\/comments?post=56544"}],"version-history":[{"count":4,"href":"https:\/\/swimchannel.net\/br\/wp-json\/wp\/v2\/posts\/56544\/revisions"}],"predecessor-version":[{"id":56552,"href":"https:\/\/swimchannel.net\/br\/wp-json\/wp\/v2\/posts\/56544\/revisions\/56552"}],"wp:featuredmedia":[{"embeddable":true,"href":"https:\/\/swimchannel.net\/br\/wp-json\/wp\/v2\/media\/56221"}],"wp:attachment":[{"href":"https:\/\/swimchannel.net\/br\/wp-json\/wp\/v2\/media?parent=56544"}],"wp:term":[{"taxonomy":"category","embeddable":true,"href":"https:\/\/swimchannel.net\/br\/wp-json\/wp\/v2\/categories?post=56544"},{"taxonomy":"post_tag","embeddable":true,"href":"https:\/\/swimchannel.net\/br\/wp-json\/wp\/v2\/tags?post=56544"}],"curies":[{"name":"wp","href":"https:\/\/api.w.org\/{rel}","templated":true}]}}