{"id":56548,"date":"2023-05-05T11:09:25","date_gmt":"2023-05-05T14:09:25","guid":{"rendered":"https:\/\/swimchannel.net\/br\/?p=56548"},"modified":"2026-03-25T13:48:06","modified_gmt":"2026-03-25T16:48:06","slug":"a-volta-de-caeleb-dressel-e-o-que-aconteceu-com-ele","status":"publish","type":"post","link":"https:\/\/swimchannel.net\/br\/a-volta-de-caeleb-dressel-e-o-que-aconteceu-com-ele\/","title":{"rendered":"A volta de Caeleb Dressel e o que aconteceu com ele"},"content":{"rendered":"<p>A volta est\u00e1 marcada, depois de 316 dias, Caeleb Dressel volta a competir na pr\u00f3xima semana em um torneio em Atlanta, na Ge\u00f3rgia. O que aconteceu com ele, ningu\u00e9m sabe, e pela regulamenta\u00e7\u00e3o dos direitos de privacidade m\u00e9dica nos Estados Unidos, nunca ser\u00e1 divulgado.<\/p>\n<p>Caeleb Dressel est\u00e1 com 26 anos de idade, duas Olimp\u00edadas, tr\u00eas Mundiais, recordista mundial dos 100m borboleta em piscina curta e longa, \u00e9 um dos principais astros da nata\u00e7\u00e3o mundial. Seu retorno a nata\u00e7\u00e3o competitiva \u00e9 celebrado por todos, muito mais que sua sa\u00fade mental parece estar estabilizada.<\/p>\n<p>A \u00faltima competi\u00e7\u00e3o de Dressel foi o Mundial de Budapeste no ano passado. Ele integrou o revezamento 4x100m livre campe\u00e3o da prova no primeiro dia abrindo a prova com 47s67. No dia seguinte ganhou os 50m borboleta com 22s57, 21 cent\u00e9simos a frente de Nicholas Santos. Com um intervalo de um dia, Dressel voltou a piscina no dia 21 de junho, sua \u00faltima prova, nadou as eliminat\u00f3rias dos 100m livre marcando 47s95, o segundo tempo da prova.<\/p>\n<p>A <strong>SWIM CHANNEL<\/strong> foi o primeiro \u00f3rg\u00e3o de imprensa do mundo a tomar conhecimento que <a href=\"https:\/\/swimchannel.net\/br\/caeleb-dressel-esta-fora-do-mundial-de-budapeste\/\" target=\"_blank\" rel=\"noopener\">Dressel n\u00e3o voltaria para a prova da semifinal<\/a>. A sua frente estava o romeno David Popovici que fez o melhor tempo daquela eliminat\u00f3ria com 47s60. Popovici j\u00e1 brilhava na competi\u00e7\u00e3o tendo vencido os 200m livre com 1min43s21.<\/p>\n<p>J\u00e1 na \u00e1rea de soltura e aquecimento, a informa\u00e7\u00e3o circulava que Dressel n\u00e3o voltaria para a etapa da tarde. No retorno da delega\u00e7\u00e3o americana ao hotel, informa\u00e7\u00f5es indicavam uma crise emocional muito grande. Horas depois, a chefia da delega\u00e7\u00e3o da USA Swimming confirmava na abertura da transmiss\u00e3o a retirada de Dressel da prova, sem detalhes do que havia acontecido.<\/p>\n<p>Caeleb Dressel retornou aos Estados Unidos naquela mesma noite e entrou numa grande imers\u00e3o de ref\u00fagio. Suas constantes apari\u00e7\u00f5es nas redes sociais desapareceram e ele s\u00f3 retomou as postagens num comunicado em 4 de setembro, quando expressou que havia decidido se afastar do esporte por um tempo. &#8220;Eu sei que consigo nadar e ser feliz, eu j\u00e1 tive isso em algum ponto da minha vida, e estou tentando recuperar. Se voc\u00ea precisa de um tempo, tire. Eu vou voltar&#8221; era uma de suas mensagens na postagens.<\/p>\n<p>A privacidade m\u00e9dica nos Estados Unidos \u00e9 uma lei muito dura e r\u00edgida. HIPAA, Health Insurance Portability and Accountability Act de 1996, pro\u00edbe qualquer tipo de divulga\u00e7\u00e3o e acesso as informa\u00e7\u00f5es relacionadas a sa\u00fade de qualquer cidad\u00e3o. Assim, embora se fale em poss\u00edvel interna\u00e7\u00e3o ou terapia, nada se fala ou se divulga do que aconteceu com Dressel em todo este processo.<\/p>\n<p>A pr\u00f3pria Universidade da Fl\u00f3rida e o Gators Swim Club onde Dressel treina com Anthony Nesty tem tido cuidado extra durante todo este per\u00edodo. Dressel s\u00f3 retomou os treinamentos no in\u00edcio deste ano. <a href=\"https:\/\/bestswimming.swimchannel.net\/2023\/03\/06\/tem-noticia-boa-de-caeleb-dressel-e-das-boas\/\" target=\"_blank\" rel=\"noopener\">Em mar\u00e7o, o Grupo <strong>SWIM CHANNEL<\/strong> novamente trouxe outra informa\u00e7\u00e3o exclusiva<\/a> quando acompanhou seus primeiros treinos em um dos aquecimentos durante o TYR Pro Swim Series em Fort Lauderdale.<\/p>\n<p>H\u00e1 duas semanas, Dressel era um dos integrantes do Relay Camp organizado pela USA Swimming em Austin, no Texas. V\u00e1rios nadadores da Sele\u00e7\u00e3o Americana fizeram um programa de tr\u00eas dias em palestras, avalia\u00e7\u00f5es e treinamentos em conjunto na prepara\u00e7\u00e3o dos revezamentos americanos para o Mundial de Fukuoka.<\/p>\n<p>Na pr\u00f3xima semana, de sexta a domingo, Dressel estar\u00e1 no 2023 Speedo Atlanta Classic, uma competi\u00e7\u00e3o de eliminat\u00f3rias e finais na piscina da Universidade Georgia Tech. \u00c9 sua volta as competi\u00e7\u00f5es e em seis provas. Na sexta, Dressel nada os 200m livre e 100m borboleta. No s\u00e1bado, 200m borboleta e 50m livre, e no domingo, os 200m medley e os 100m livre.<\/p>\n<p>Dressel j\u00e1 nadou este evento em anos anteriores. O torneio ter\u00e1 a presen\u00e7a de uma s\u00e9rie de estrelas americanas e internacionais como Katie Ledecky, Summer McIntosh, Bobby Finke, Joshua Liendo entre outros. O torneio marca o seu retorno e principalmente prepara\u00e7\u00e3o para a Seletiva Americana que est\u00e1 marcada para o Trials de 27 de junho a 1\u00ba de julho em Indian\u00e1polis.<\/p>\n","protected":false},"excerpt":{"rendered":"<p>Sem competir desde o Campeonato Mundial de Budapeste do ano passado, americano retorna esse fim de semana as piscinas em Atlanta<\/p>\n","protected":false},"author":12,"featured_media":0,"comment_status":"open","ping_status":"open","sticky":false,"template":"","format":"gallery","meta":{"footnotes":""},"categories":[137],"tags":[248,5,2310,5286],"class_list":["post-56548","post","type-post","status-publish","format-gallery","hentry","category-natacao","tag-caeleb-dressel","tag-natacao","tag-saude-mental","tag-speedo-atlanta-classic","post_format-post-format-gallery"],"yoast_head":"<!-- This site is optimized with the Yoast SEO plugin v27.0 - https:\/\/yoast.com\/product\/yoast-seo-wordpress\/ -->\n<title>A volta de Caeleb Dressel e o que aconteceu com ele - Swimchannel<\/title>\n<meta name=\"robots\" content=\"index, follow, max-snippet:-1, max-image-preview:large, max-video-preview:-1\" \/>\n<link rel=\"canonical\" href=\"https:\/\/swimchannel.net\/br\/a-volta-de-caeleb-dressel-e-o-que-aconteceu-com-ele\/\" \/>\n<meta property=\"og:locale\" content=\"pt_BR\" \/>\n<meta property=\"og:type\" content=\"article\" \/>\n<meta property=\"og:title\" content=\"A volta de Caeleb Dressel e o que aconteceu com ele - Swimchannel\" \/>\n<meta property=\"og:description\" content=\"Sem competir desde o Campeonato Mundial de Budapeste do ano passado, americano retorna esse fim de semana as piscinas em Atlanta\" \/>\n<meta property=\"og:url\" content=\"https:\/\/swimchannel.net\/br\/a-volta-de-caeleb-dressel-e-o-que-aconteceu-com-ele\/\" \/>\n<meta property=\"og:site_name\" content=\"Swimchannel\" \/>\n<meta property=\"article:publisher\" content=\"https:\/\/www.facebook.com\/swimchannel\" \/>\n<meta property=\"article:published_time\" content=\"2023-05-05T14:09:25+00:00\" \/>\n<meta property=\"article:modified_time\" content=\"2026-03-25T16:48:06+00:00\" \/>\n<meta name=\"author\" content=\"Alex Pussieldi\" \/>\n<meta name=\"twitter:card\" content=\"summary_large_image\" \/>\n<meta name=\"twitter:label1\" content=\"Escrito por\" \/>\n\t<meta name=\"twitter:data1\" content=\"Alex Pussieldi\" \/>\n\t<meta name=\"twitter:label2\" content=\"Est. tempo de leitura\" \/>\n\t<meta name=\"twitter:data2\" content=\"4 minutos\" \/>\n<script type=\"application\/ld+json\" class=\"yoast-schema-graph\">{\"@context\":\"https:\/\/schema.org\",\"@graph\":[{\"@type\":\"Article\",\"@id\":\"https:\/\/swimchannel.net\/br\/a-volta-de-caeleb-dressel-e-o-que-aconteceu-com-ele\/#article\",\"isPartOf\":{\"@id\":\"https:\/\/swimchannel.net\/br\/a-volta-de-caeleb-dressel-e-o-que-aconteceu-com-ele\/\"},\"author\":{\"name\":\"Alex Pussieldi\",\"@id\":\"https:\/\/swimchannel.net\/br\/#\/schema\/person\/cf549cb99cf75592fcf7c76213385e63\"},\"headline\":\"A volta de Caeleb Dressel e o que aconteceu com ele\",\"datePublished\":\"2023-05-05T14:09:25+00:00\",\"dateModified\":\"2026-03-25T16:48:06+00:00\",\"mainEntityOfPage\":{\"@id\":\"https:\/\/swimchannel.net\/br\/a-volta-de-caeleb-dressel-e-o-que-aconteceu-com-ele\/\"},\"wordCount\":715,\"commentCount\":0,\"publisher\":{\"@id\":\"https:\/\/swimchannel.net\/br\/#organization\"},\"keywords\":[\"Caeleb Dressel\",\"natacao\",\"sa\u00fade mental\",\"Speedo Atlanta Classic\"],\"articleSection\":[\"Nata\u00e7\u00e3o\"],\"inLanguage\":\"pt-BR\",\"potentialAction\":[{\"@type\":\"CommentAction\",\"name\":\"Comment\",\"target\":[\"https:\/\/swimchannel.net\/br\/a-volta-de-caeleb-dressel-e-o-que-aconteceu-com-ele\/#respond\"]}]},{\"@type\":\"WebPage\",\"@id\":\"https:\/\/swimchannel.net\/br\/a-volta-de-caeleb-dressel-e-o-que-aconteceu-com-ele\/\",\"url\":\"https:\/\/swimchannel.net\/br\/a-volta-de-caeleb-dressel-e-o-que-aconteceu-com-ele\/\",\"name\":\"A volta de Caeleb Dressel e o que aconteceu com ele - Swimchannel\",\"isPartOf\":{\"@id\":\"https:\/\/swimchannel.net\/br\/#website\"},\"datePublished\":\"2023-05-05T14:09:25+00:00\",\"dateModified\":\"2026-03-25T16:48:06+00:00\",\"breadcrumb\":{\"@id\":\"https:\/\/swimchannel.net\/br\/a-volta-de-caeleb-dressel-e-o-que-aconteceu-com-ele\/#breadcrumb\"},\"inLanguage\":\"pt-BR\",\"potentialAction\":[{\"@type\":\"ReadAction\",\"target\":[\"https:\/\/swimchannel.net\/br\/a-volta-de-caeleb-dressel-e-o-que-aconteceu-com-ele\/\"]}]},{\"@type\":\"BreadcrumbList\",\"@id\":\"https:\/\/swimchannel.net\/br\/a-volta-de-caeleb-dressel-e-o-que-aconteceu-com-ele\/#breadcrumb\",\"itemListElement\":[{\"@type\":\"ListItem\",\"position\":1,\"name\":\"Home\",\"item\":\"https:\/\/swimchannel.net\/br\/\"},{\"@type\":\"ListItem\",\"position\":2,\"name\":\"A volta de Caeleb Dressel e o que aconteceu com ele\"}]},{\"@type\":\"WebSite\",\"@id\":\"https:\/\/swimchannel.net\/br\/#website\",\"url\":\"https:\/\/swimchannel.net\/br\/\",\"name\":\"Swimchannel\",\"description\":\"Maior portal de nata\u00e7\u00e3o da america latina\",\"publisher\":{\"@id\":\"https:\/\/swimchannel.net\/br\/#organization\"},\"potentialAction\":[{\"@type\":\"SearchAction\",\"target\":{\"@type\":\"EntryPoint\",\"urlTemplate\":\"https:\/\/swimchannel.net\/br\/?s={search_term_string}\"},\"query-input\":{\"@type\":\"PropertyValueSpecification\",\"valueRequired\":true,\"valueName\":\"search_term_string\"}}],\"inLanguage\":\"pt-BR\"},{\"@type\":\"Organization\",\"@id\":\"https:\/\/swimchannel.net\/br\/#organization\",\"name\":\"Swimchannel - Conectando voc\u00ea a Nata\u00e7\u00e3o\",\"url\":\"https:\/\/swimchannel.net\/br\/\",\"logo\":{\"@type\":\"ImageObject\",\"inLanguage\":\"pt-BR\",\"@id\":\"https:\/\/swimchannel.net\/br\/#\/schema\/logo\/image\/\",\"url\":\"https:\/\/swimchannel.net\/br\/wp-content\/uploads\/2026\/02\/SWIM-CHANNEL.png\",\"contentUrl\":\"https:\/\/swimchannel.net\/br\/wp-content\/uploads\/2026\/02\/SWIM-CHANNEL.png\",\"width\":1120,\"height\":630,\"caption\":\"Swimchannel - Conectando voc\u00ea a Nata\u00e7\u00e3o\"},\"image\":{\"@id\":\"https:\/\/swimchannel.net\/br\/#\/schema\/logo\/image\/\"},\"sameAs\":[\"https:\/\/www.facebook.com\/swimchannel\",\"https:\/\/www.instagram.com\/swimchannel\"]},{\"@type\":\"Person\",\"@id\":\"https:\/\/swimchannel.net\/br\/#\/schema\/person\/cf549cb99cf75592fcf7c76213385e63\",\"name\":\"Alex Pussieldi\",\"image\":{\"@type\":\"ImageObject\",\"inLanguage\":\"pt-BR\",\"@id\":\"https:\/\/swimchannel.net\/br\/#\/schema\/person\/image\/\",\"url\":\"https:\/\/swimchannel.net\/br\/wp-content\/uploads\/2021\/02\/9b1c252d-a4bd-4eda-b399-24565cac4114-100x100.jpg\",\"contentUrl\":\"https:\/\/swimchannel.net\/br\/wp-content\/uploads\/2021\/02\/9b1c252d-a4bd-4eda-b399-24565cac4114-100x100.jpg\",\"caption\":\"Alex Pussieldi\"},\"description\":\"Alexandre Pussieldi, apelidado de \u201ccoach\u201d, Foi t\u00e9cnico da sele\u00e7\u00e3o verde e amarela nas Olimp\u00edadas de Pequim-2008 e Londres-2012. O treinador ainda comandou outros quatro pa\u00edses: Kuwait, Paraguai, Aruba e Antilhas Holandesas, al\u00e9m da sele\u00e7\u00e3o americana de \u00e1guas abertas. Pussieldi tem passagens como comentarista de nata\u00e7\u00e3o do Grupo Globo e Swim Channel.\",\"url\":\"https:\/\/swimchannel.net\/br\/author\/alexpussieldi\/\"}]}<\/script>\n<!-- \/ Yoast SEO plugin. -->","yoast_head_json":{"title":"A volta de Caeleb Dressel e o que aconteceu com ele - Swimchannel","robots":{"index":"index","follow":"follow","max-snippet":"max-snippet:-1","max-image-preview":"max-image-preview:large","max-video-preview":"max-video-preview:-1"},"canonical":"https:\/\/swimchannel.net\/br\/a-volta-de-caeleb-dressel-e-o-que-aconteceu-com-ele\/","og_locale":"pt_BR","og_type":"article","og_title":"A volta de Caeleb Dressel e o que aconteceu com ele - Swimchannel","og_description":"Sem competir desde o Campeonato Mundial de Budapeste do ano passado, americano retorna esse fim de semana as piscinas em Atlanta","og_url":"https:\/\/swimchannel.net\/br\/a-volta-de-caeleb-dressel-e-o-que-aconteceu-com-ele\/","og_site_name":"Swimchannel","article_publisher":"https:\/\/www.facebook.com\/swimchannel","article_published_time":"2023-05-05T14:09:25+00:00","article_modified_time":"2026-03-25T16:48:06+00:00","author":"Alex Pussieldi","twitter_card":"summary_large_image","twitter_misc":{"Escrito por":"Alex Pussieldi","Est. tempo de leitura":"4 minutos"},"schema":{"@context":"https:\/\/schema.org","@graph":[{"@type":"Article","@id":"https:\/\/swimchannel.net\/br\/a-volta-de-caeleb-dressel-e-o-que-aconteceu-com-ele\/#article","isPartOf":{"@id":"https:\/\/swimchannel.net\/br\/a-volta-de-caeleb-dressel-e-o-que-aconteceu-com-ele\/"},"author":{"name":"Alex Pussieldi","@id":"https:\/\/swimchannel.net\/br\/#\/schema\/person\/cf549cb99cf75592fcf7c76213385e63"},"headline":"A volta de Caeleb Dressel e o que aconteceu com ele","datePublished":"2023-05-05T14:09:25+00:00","dateModified":"2026-03-25T16:48:06+00:00","mainEntityOfPage":{"@id":"https:\/\/swimchannel.net\/br\/a-volta-de-caeleb-dressel-e-o-que-aconteceu-com-ele\/"},"wordCount":715,"commentCount":0,"publisher":{"@id":"https:\/\/swimchannel.net\/br\/#organization"},"keywords":["Caeleb Dressel","natacao","sa\u00fade mental","Speedo Atlanta Classic"],"articleSection":["Nata\u00e7\u00e3o"],"inLanguage":"pt-BR","potentialAction":[{"@type":"CommentAction","name":"Comment","target":["https:\/\/swimchannel.net\/br\/a-volta-de-caeleb-dressel-e-o-que-aconteceu-com-ele\/#respond"]}]},{"@type":"WebPage","@id":"https:\/\/swimchannel.net\/br\/a-volta-de-caeleb-dressel-e-o-que-aconteceu-com-ele\/","url":"https:\/\/swimchannel.net\/br\/a-volta-de-caeleb-dressel-e-o-que-aconteceu-com-ele\/","name":"A volta de Caeleb Dressel e o que aconteceu com ele - Swimchannel","isPartOf":{"@id":"https:\/\/swimchannel.net\/br\/#website"},"datePublished":"2023-05-05T14:09:25+00:00","dateModified":"2026-03-25T16:48:06+00:00","breadcrumb":{"@id":"https:\/\/swimchannel.net\/br\/a-volta-de-caeleb-dressel-e-o-que-aconteceu-com-ele\/#breadcrumb"},"inLanguage":"pt-BR","potentialAction":[{"@type":"ReadAction","target":["https:\/\/swimchannel.net\/br\/a-volta-de-caeleb-dressel-e-o-que-aconteceu-com-ele\/"]}]},{"@type":"BreadcrumbList","@id":"https:\/\/swimchannel.net\/br\/a-volta-de-caeleb-dressel-e-o-que-aconteceu-com-ele\/#breadcrumb","itemListElement":[{"@type":"ListItem","position":1,"name":"Home","item":"https:\/\/swimchannel.net\/br\/"},{"@type":"ListItem","position":2,"name":"A volta de Caeleb Dressel e o que aconteceu com ele"}]},{"@type":"WebSite","@id":"https:\/\/swimchannel.net\/br\/#website","url":"https:\/\/swimchannel.net\/br\/","name":"Swimchannel","description":"Maior portal de nata\u00e7\u00e3o da america latina","publisher":{"@id":"https:\/\/swimchannel.net\/br\/#organization"},"potentialAction":[{"@type":"SearchAction","target":{"@type":"EntryPoint","urlTemplate":"https:\/\/swimchannel.net\/br\/?s={search_term_string}"},"query-input":{"@type":"PropertyValueSpecification","valueRequired":true,"valueName":"search_term_string"}}],"inLanguage":"pt-BR"},{"@type":"Organization","@id":"https:\/\/swimchannel.net\/br\/#organization","name":"Swimchannel - Conectando voc\u00ea a Nata\u00e7\u00e3o","url":"https:\/\/swimchannel.net\/br\/","logo":{"@type":"ImageObject","inLanguage":"pt-BR","@id":"https:\/\/swimchannel.net\/br\/#\/schema\/logo\/image\/","url":"https:\/\/swimchannel.net\/br\/wp-content\/uploads\/2026\/02\/SWIM-CHANNEL.png","contentUrl":"https:\/\/swimchannel.net\/br\/wp-content\/uploads\/2026\/02\/SWIM-CHANNEL.png","width":1120,"height":630,"caption":"Swimchannel - Conectando voc\u00ea a Nata\u00e7\u00e3o"},"image":{"@id":"https:\/\/swimchannel.net\/br\/#\/schema\/logo\/image\/"},"sameAs":["https:\/\/www.facebook.com\/swimchannel","https:\/\/www.instagram.com\/swimchannel"]},{"@type":"Person","@id":"https:\/\/swimchannel.net\/br\/#\/schema\/person\/cf549cb99cf75592fcf7c76213385e63","name":"Alex Pussieldi","image":{"@type":"ImageObject","inLanguage":"pt-BR","@id":"https:\/\/swimchannel.net\/br\/#\/schema\/person\/image\/","url":"https:\/\/swimchannel.net\/br\/wp-content\/uploads\/2021\/02\/9b1c252d-a4bd-4eda-b399-24565cac4114-100x100.jpg","contentUrl":"https:\/\/swimchannel.net\/br\/wp-content\/uploads\/2021\/02\/9b1c252d-a4bd-4eda-b399-24565cac4114-100x100.jpg","caption":"Alex Pussieldi"},"description":"Alexandre Pussieldi, apelidado de \u201ccoach\u201d, Foi t\u00e9cnico da sele\u00e7\u00e3o verde e amarela nas Olimp\u00edadas de Pequim-2008 e Londres-2012. O treinador ainda comandou outros quatro pa\u00edses: Kuwait, Paraguai, Aruba e Antilhas Holandesas, al\u00e9m da sele\u00e7\u00e3o americana de \u00e1guas abertas. Pussieldi tem passagens como comentarista de nata\u00e7\u00e3o do Grupo Globo e Swim Channel.","url":"https:\/\/swimchannel.net\/br\/author\/alexpussieldi\/"}]}},"_links":{"self":[{"href":"https:\/\/swimchannel.net\/br\/wp-json\/wp\/v2\/posts\/56548","targetHints":{"allow":["GET"]}}],"collection":[{"href":"https:\/\/swimchannel.net\/br\/wp-json\/wp\/v2\/posts"}],"about":[{"href":"https:\/\/swimchannel.net\/br\/wp-json\/wp\/v2\/types\/post"}],"author":[{"embeddable":true,"href":"https:\/\/swimchannel.net\/br\/wp-json\/wp\/v2\/users\/12"}],"replies":[{"embeddable":true,"href":"https:\/\/swimchannel.net\/br\/wp-json\/wp\/v2\/comments?post=56548"}],"version-history":[{"count":4,"href":"https:\/\/swimchannel.net\/br\/wp-json\/wp\/v2\/posts\/56548\/revisions"}],"predecessor-version":[{"id":80913,"href":"https:\/\/swimchannel.net\/br\/wp-json\/wp\/v2\/posts\/56548\/revisions\/80913"}],"wp:attachment":[{"href":"https:\/\/swimchannel.net\/br\/wp-json\/wp\/v2\/media?parent=56548"}],"wp:term":[{"taxonomy":"category","embeddable":true,"href":"https:\/\/swimchannel.net\/br\/wp-json\/wp\/v2\/categories?post=56548"},{"taxonomy":"post_tag","embeddable":true,"href":"https:\/\/swimchannel.net\/br\/wp-json\/wp\/v2\/tags?post=56548"}],"curies":[{"name":"wp","href":"https:\/\/api.w.org\/{rel}","templated":true}]}}