{"id":56625,"date":"2023-05-10T10:28:28","date_gmt":"2023-05-10T13:28:28","guid":{"rendered":"https:\/\/swimchannel.net\/br\/?p=56625"},"modified":"2023-05-10T14:25:16","modified_gmt":"2023-05-10T17:25:16","slug":"sandra-koch-e-simone-nogara-completam-o-amazon-challenge-de-30-km","status":"publish","type":"post","link":"https:\/\/swimchannel.net\/br\/sandra-koch-e-simone-nogara-completam-o-amazon-challenge-de-30-km\/","title":{"rendered":"Sandra Koch e Simone Nogara completam o Amazon Challenge de 30 km"},"content":{"rendered":"<p>Durante esta \u00faltima semana, o Amazon Challenge 30 km recebeu as nadadoras Sandra Koch e Simone Nogara, que completaram a ultramaratona aqu\u00e1tica individualmente. Sandra completou sua prova no dia 29 de abril e Simone no \u00faltimo dia 2 de maio. As provas foram realizadas no Rio Negro, em Manaus.<\/p>\n<p>Sandra Koch come\u00e7ou sua prova por 6h da manh\u00e3. Segundo a organiza\u00e7\u00e3o, um pouco antes da metade da prova, devido a entrada de ventos no percurso, o rio come\u00e7ou a ficar bem agitado e desafiador, permanecendo assim at\u00e9 pr\u00f3ximo ao fim do desafio. A atleta conclui a prova em 10h21min39s.<\/p>\n<p>&#8220;O vento contra entrou mais cedo, estava perto dos 12km (quase na metade do desafio) at\u00e9 que de uma hora para outra, antes mesmo de avistar a primeira vila, rajadas fortes entraram em cena assustando a todos. Passamos por Paricatuba, e no barco conseguiram os primeiros sinais de internet, agora o desafio passou a ser de todos que estavam me acompanhando on line, eu lembrei de tanta gente naquele momento&#8221;, contou Sandra.<\/p>\n<figure id=\"attachment_56641\" aria-describedby=\"caption-attachment-56641\" style=\"width: 420px\" class=\"wp-caption alignnone\"><img loading=\"lazy\" decoding=\"async\" class=\"size-full wp-image-56641\" src=\"https:\/\/swimchannel.net\/br\/wp-content\/uploads\/2023\/05\/bea7a39b-a73b-4cab-bcb2-76a720d7b113.jpg\" alt=\"\" width=\"420\" height=\"630\" srcset=\"https:\/\/swimchannel.net\/br\/wp-content\/uploads\/2023\/05\/bea7a39b-a73b-4cab-bcb2-76a720d7b113.jpg 420w, https:\/\/swimchannel.net\/br\/wp-content\/uploads\/2023\/05\/bea7a39b-a73b-4cab-bcb2-76a720d7b113-120x180.jpg 120w\" sizes=\"auto, (max-width: 420px) 100vw, 420px\" \/><figcaption id=\"caption-attachment-56641\" class=\"wp-caption-text\">Sandra Koch &#8211; Foto: Alcides Neto<\/figcaption><\/figure>\n<p id=\"9cb8\" class=\"pw-post-body-paragraph kx ky ev kz b ft la lb lc fw ld le lf lg lh li lj lk ll lm ln lo lp lq lr ls eo bj\" data-selectable-paragraph=\"\">Nascida em Blumenau (SC), a atleta de 48 anos tinha certeza e f\u00e9 que o vento iria em breve passar e acalmar e continuou nadando.\u00a0&#8220;A hidrata\u00e7\u00e3o era muito dif\u00edcil, sem vara do apoio, n\u00e3o conseguia pegar facilmente a garrafa, a p\u00e9ssima flutua\u00e7\u00e3o e o medo de dar uma pernada meio errada que viesse a desencadear uma c\u00e2imbra, me deixaram cansada e sem vontade de suplementar. Parar de nadar n\u00e3o era uma boa op\u00e7\u00e3o&#8221;, disse Sandra.<\/p>\n<p data-selectable-paragraph=\"\">Para realizar a prova, atleta teve apoio de seu t\u00e9cnico Alexandre Kirilos, da nutricionista N\u00e1dia Venturi, da Treinadora Mental Nell Salgado, do Clube AABB Blumenau e o apoio da Farm\u00e1cia de Manipula\u00e7\u00e3o Dermaest\u00e9tica.\u00a0&#8220;Eu sabia que tinha muita gente torcendo por mim, n\u00e3o conseguia lembrar de ningu\u00e9m naquela hora, s\u00f3 estava concentrada nas bra\u00e7adas tortas e pernadas submersas, esse era meu \u201cpresente\u201d. Entrei nos \u00faltimos 5 km com vento mais fraco, ondula\u00e7\u00f5es m\u00e9dias. Somente nos \u00faltimos 2 km que realmente acalmou, nesse momento eu j\u00e1 estava muito cansada, meu nado estava fraco. Restou pouco de mim fisicamente e emocionalmente&#8221;, comentou.<\/p>\n<p data-selectable-paragraph=\"\">Sandra tem algumas provas de ultramaratonas j\u00e1 realizadas como os 25km Bombinhas x Arvoredo em 2018, em que foi a primeira brasileira a terminar a prova e ainda \u00e9 recordista, os 16km Leme x Barra em 2021, o Desafio Bisa de 16km em 2022, Desafio Ilha Gip\u00f3ia de 21km e a 14 bis (24km).<\/p>\n<p data-selectable-paragraph=\"\">&#8220;Cada travessia tem seus desafios, e est\u00e1 a\u00ed o encanto de se desafiar sempre. N\u00e3o troco meus 30km, pois sa\u00ed mais forte e hoje entendendo o que \u00e9 realmente as \u00e1guas abertas&#8221;, finalizou Sandra.<\/p>\n<figure id=\"attachment_56642\" aria-describedby=\"caption-attachment-56642\" style=\"width: 721px\" class=\"wp-caption alignnone\"><img loading=\"lazy\" decoding=\"async\" class=\"size-full wp-image-56642\" src=\"https:\/\/swimchannel.net\/br\/wp-content\/uploads\/2023\/05\/8af78e5e-e8c5-4d09-b01a-b59af710e8c1.jpg\" alt=\"\" width=\"721\" height=\"630\" srcset=\"https:\/\/swimchannel.net\/br\/wp-content\/uploads\/2023\/05\/8af78e5e-e8c5-4d09-b01a-b59af710e8c1.jpg 721w, https:\/\/swimchannel.net\/br\/wp-content\/uploads\/2023\/05\/8af78e5e-e8c5-4d09-b01a-b59af710e8c1-206x180.jpg 206w\" sizes=\"auto, (max-width: 721px) 100vw, 721px\" \/><figcaption id=\"caption-attachment-56642\" class=\"wp-caption-text\">Sandra Koch &#8211; Foto: Alcides Neto<\/figcaption><\/figure>\n<p>Simone Nogara nadou no dia 2 de maio, iniciando tamb\u00e9m por volta de 6h da manh\u00e3. Segundo a organiza\u00e7\u00e3o do Desafio, o dia estava nublado e o rio bem tranquilo. Seu nado foi marcado pela presen\u00e7a de botos que acompanharam a nadadora por boa parte do percurso e um dia nublado, que ajudou a amenizar a temperatura quente da \u00e1gua.<\/p>\n<p>A atleta de 48 anos finalizou seu nado com o tempo de 9h38min43s. A travessia come\u00e7ou na Praia da A\u00e7utuba e foi at\u00e9 Praia de Ponta Negra em Manaus. &#8220;Ter a possibilidade de nadar na maior floresta do mundo \u00e9 inexplic\u00e1vel, s\u00e3o sentimentos de gratid\u00e3o, felicidade e contempla\u00e7\u00e3o da vida. Foram muitas pernadas, superando os meus medos a cada bra\u00e7ada, posso dizer que l\u00e1 dentro renasci ao concluir a prova&#8221;, contou Simone.<\/p>\n<figure id=\"attachment_56639\" aria-describedby=\"caption-attachment-56639\" style=\"width: 945px\" class=\"wp-caption alignnone\"><img loading=\"lazy\" decoding=\"async\" class=\"size-full wp-image-56639\" src=\"https:\/\/swimchannel.net\/br\/wp-content\/uploads\/2023\/05\/f64a2fa9-08d1-4e67-8ac6-3758528bef6e.jpg\" alt=\"\" width=\"945\" height=\"630\" srcset=\"https:\/\/swimchannel.net\/br\/wp-content\/uploads\/2023\/05\/f64a2fa9-08d1-4e67-8ac6-3758528bef6e.jpg 945w, https:\/\/swimchannel.net\/br\/wp-content\/uploads\/2023\/05\/f64a2fa9-08d1-4e67-8ac6-3758528bef6e-270x180.jpg 270w, https:\/\/swimchannel.net\/br\/wp-content\/uploads\/2023\/05\/f64a2fa9-08d1-4e67-8ac6-3758528bef6e-768x512.jpg 768w, https:\/\/swimchannel.net\/br\/wp-content\/uploads\/2023\/05\/f64a2fa9-08d1-4e67-8ac6-3758528bef6e-750x500.jpg 750w\" sizes=\"auto, (max-width: 945px) 100vw, 945px\" \/><figcaption id=\"caption-attachment-56639\" class=\"wp-caption-text\">Simone Nogara &#8211; Foto: S\u00e9rgio Monteiro &#8211; serginhonetfotos Manaus AM<\/figcaption><\/figure>\n<p>Para se preparar mentalmente para o desafio, a atleta teve ao seu lado o treinador mental Jos\u00e9 Ferreira, que em 2021 conquistou o recorde Guinness por ter nadado 72 km em 26h32min, na Travessia do Leme ao Pontal.\u00a0&#8220;Aprendi que com esfor\u00e7o e dedica\u00e7\u00e3o mudamos nossos h\u00e1bitos, transformamos corpo, mente em um e tornando um atleta mais amadurecido. Sempre quis inspirar pessoas para acreditarem em si, realizar os seus sonhos e objetivos de vida, assim como acabei de fazer.As ultramaratonas v\u00eam mudando a minha vida!&#8221;, conclui a atleta que reside em Blumenau.<\/p>\n<p>Nascida na cidade de Condor, no Rio Grande do Sul, a atleta contou com alguns apoiadores para se prepar para o desafio: seu t\u00e9cnico Samir Barel, o preparador mental Jos\u00e9 Ferreira, os preparadores f\u00edsicos Andr\u00e9 Pullmann e Paulinho Gonzales, as fisioterapeutas Camila Fronza e Tuane Pullmann, a nutricionista Nadia Venturi, o Espa\u00e7o Pilates C&#8217;alma, Lauvian &#8211; Personal e dos m\u00e9dicos Dr. Herado Demarchi e Dr Andr\u00e9 Accioly. Simone nada pela AABB Blumenau e decidiu a aprender a nadar aos 43 anos de idade.<\/p>\n<figure id=\"attachment_56640\" aria-describedby=\"caption-attachment-56640\" style=\"width: 945px\" class=\"wp-caption alignnone\"><img loading=\"lazy\" decoding=\"async\" class=\"size-full wp-image-56640\" src=\"https:\/\/swimchannel.net\/br\/wp-content\/uploads\/2023\/05\/90a4e2c1-df3b-4928-ab26-19bba9162eeb.jpg\" alt=\"\" width=\"945\" height=\"630\" srcset=\"https:\/\/swimchannel.net\/br\/wp-content\/uploads\/2023\/05\/90a4e2c1-df3b-4928-ab26-19bba9162eeb.jpg 945w, https:\/\/swimchannel.net\/br\/wp-content\/uploads\/2023\/05\/90a4e2c1-df3b-4928-ab26-19bba9162eeb-270x180.jpg 270w, https:\/\/swimchannel.net\/br\/wp-content\/uploads\/2023\/05\/90a4e2c1-df3b-4928-ab26-19bba9162eeb-768x512.jpg 768w, https:\/\/swimchannel.net\/br\/wp-content\/uploads\/2023\/05\/90a4e2c1-df3b-4928-ab26-19bba9162eeb-750x500.jpg 750w\" sizes=\"auto, (max-width: 945px) 100vw, 945px\" \/><figcaption id=\"caption-attachment-56640\" class=\"wp-caption-text\">Simone Nogara &#8211; Foto: S\u00e9rgio Monteiro &#8211; serginhonetfotos Manaus AM<\/figcaption><\/figure>\n<p>\u201cNa inf\u00e2ncia passei por um afogamento no rio que banha minha cidade natal Condor, chamado Rio Raiz e acabei desencadeando p\u00e2nico com \u00e1gua, tinha dificuldades em ficar com o corpo dentro da piscina ou entrar com \u00e1gua acima da cintura no mar. Aos 43 anos, decidi aprender a nadar e superar este medo d\u2019\u00e1gua e o professor Paulinho foi respons\u00e1vel por me ajudar neste desafio t\u00e3o dif\u00edcil\u201d, contou.<\/p>\n<p>O Amazon Challenge \u00e9 organizado pela mesma associa\u00e7\u00e3o do Rio Negro Challenge, que este ano completa dez anos. A comemora\u00e7\u00e3o j\u00e1 est\u00e1 marcada para o dia 19 de novembro e as inscri\u00e7\u00f5es est\u00e3o abertas para as provas de 2 km, 4 km e 10 km.<\/p>\n<p>Inscreva-se e saiba mais em <a href=\"http:\/\/www.rionegrochallenge.com.br\">www.rionegrochallenge.com.br<\/a>.<\/p>\n","protected":false},"excerpt":{"rendered":"<p>Atletas nadaram individualmente o desafio nas \u00e1guas do Rio Negro em Manaus na \u00faltima semana<\/p>\n","protected":false},"author":9,"featured_media":56633,"comment_status":"open","ping_status":"open","sticky":false,"template":"","format":"gallery","meta":{"footnotes":""},"categories":[115],"tags":[14,1660,705,5292,5293],"class_list":["post-56625","post","type-post","status-publish","format-gallery","has-post-thumbnail","hentry","category-aguas-abertas","tag-aguas-abertas","tag-amazon-challenge","tag-rio-negro-challenge","tag-sandra-koch","tag-simone-nogara","post_format-post-format-gallery"],"yoast_head":"<!-- This site is optimized with the Yoast SEO plugin v27.0 - https:\/\/yoast.com\/product\/yoast-seo-wordpress\/ -->\n<title>Sandra Koch e Simone Nogara completam o Amazon Challenge de 30 km - Swimchannel<\/title>\n<meta name=\"robots\" content=\"index, follow, max-snippet:-1, max-image-preview:large, max-video-preview:-1\" \/>\n<link rel=\"canonical\" href=\"https:\/\/swimchannel.net\/br\/sandra-koch-e-simone-nogara-completam-o-amazon-challenge-de-30-km\/\" \/>\n<meta property=\"og:locale\" content=\"pt_BR\" \/>\n<meta property=\"og:type\" content=\"article\" \/>\n<meta property=\"og:title\" content=\"Sandra Koch e Simone Nogara completam o Amazon Challenge de 30 km - Swimchannel\" \/>\n<meta property=\"og:description\" content=\"Atletas nadaram individualmente o desafio nas \u00e1guas do Rio Negro em Manaus na \u00faltima semana\" \/>\n<meta property=\"og:url\" content=\"https:\/\/swimchannel.net\/br\/sandra-koch-e-simone-nogara-completam-o-amazon-challenge-de-30-km\/\" \/>\n<meta property=\"og:site_name\" content=\"Swimchannel\" \/>\n<meta property=\"article:publisher\" content=\"https:\/\/www.facebook.com\/swimchannel\" \/>\n<meta property=\"article:published_time\" content=\"2023-05-10T13:28:28+00:00\" \/>\n<meta property=\"article:modified_time\" content=\"2023-05-10T17:25:16+00:00\" \/>\n<meta property=\"og:image\" content=\"https:\/\/swimchannel.net\/br\/wp-content\/uploads\/2023\/05\/9d9e1daa-78a6-41b8-bb8e-d42618700869.jpg\" \/>\n\t<meta property=\"og:image:width\" content=\"946\" \/>\n\t<meta property=\"og:image:height\" content=\"630\" \/>\n\t<meta property=\"og:image:type\" content=\"image\/jpeg\" \/>\n<meta name=\"author\" content=\"Katarine Monteiro\" \/>\n<meta name=\"twitter:card\" content=\"summary_large_image\" \/>\n<meta name=\"twitter:creator\" content=\"@https:\/\/twitter.com\/Katarinem\" \/>\n<meta name=\"twitter:label1\" content=\"Escrito por\" \/>\n\t<meta name=\"twitter:data1\" content=\"Katarine Monteiro\" \/>\n\t<meta name=\"twitter:label2\" content=\"Est. tempo de leitura\" \/>\n\t<meta name=\"twitter:data2\" content=\"5 minutos\" \/>\n<script type=\"application\/ld+json\" class=\"yoast-schema-graph\">{\"@context\":\"https:\/\/schema.org\",\"@graph\":[{\"@type\":\"Article\",\"@id\":\"https:\/\/swimchannel.net\/br\/sandra-koch-e-simone-nogara-completam-o-amazon-challenge-de-30-km\/#article\",\"isPartOf\":{\"@id\":\"https:\/\/swimchannel.net\/br\/sandra-koch-e-simone-nogara-completam-o-amazon-challenge-de-30-km\/\"},\"author\":{\"name\":\"Katarine Monteiro\",\"@id\":\"https:\/\/swimchannel.net\/br\/#\/schema\/person\/73ae9cec62249968bca1f0a8098ef002\"},\"headline\":\"Sandra Koch e Simone Nogara completam o Amazon Challenge de 30 km\",\"datePublished\":\"2023-05-10T13:28:28+00:00\",\"dateModified\":\"2023-05-10T17:25:16+00:00\",\"mainEntityOfPage\":{\"@id\":\"https:\/\/swimchannel.net\/br\/sandra-koch-e-simone-nogara-completam-o-amazon-challenge-de-30-km\/\"},\"wordCount\":973,\"commentCount\":2,\"publisher\":{\"@id\":\"https:\/\/swimchannel.net\/br\/#organization\"},\"image\":{\"@id\":\"https:\/\/swimchannel.net\/br\/sandra-koch-e-simone-nogara-completam-o-amazon-challenge-de-30-km\/#primaryimage\"},\"thumbnailUrl\":\"https:\/\/swimchannel.net\/br\/wp-content\/uploads\/2023\/05\/9d9e1daa-78a6-41b8-bb8e-d42618700869.jpg\",\"keywords\":[\"\u00c1guas abertas\",\"Amazon Challenge\",\"Rio Negro Challenge\",\"Sandra Koch\",\"Simone Nogara\"],\"articleSection\":[\"\u00c1guas Abertas\"],\"inLanguage\":\"pt-BR\",\"potentialAction\":[{\"@type\":\"CommentAction\",\"name\":\"Comment\",\"target\":[\"https:\/\/swimchannel.net\/br\/sandra-koch-e-simone-nogara-completam-o-amazon-challenge-de-30-km\/#respond\"]}]},{\"@type\":\"WebPage\",\"@id\":\"https:\/\/swimchannel.net\/br\/sandra-koch-e-simone-nogara-completam-o-amazon-challenge-de-30-km\/\",\"url\":\"https:\/\/swimchannel.net\/br\/sandra-koch-e-simone-nogara-completam-o-amazon-challenge-de-30-km\/\",\"name\":\"Sandra Koch e Simone Nogara completam o Amazon Challenge de 30 km - Swimchannel\",\"isPartOf\":{\"@id\":\"https:\/\/swimchannel.net\/br\/#website\"},\"primaryImageOfPage\":{\"@id\":\"https:\/\/swimchannel.net\/br\/sandra-koch-e-simone-nogara-completam-o-amazon-challenge-de-30-km\/#primaryimage\"},\"image\":{\"@id\":\"https:\/\/swimchannel.net\/br\/sandra-koch-e-simone-nogara-completam-o-amazon-challenge-de-30-km\/#primaryimage\"},\"thumbnailUrl\":\"https:\/\/swimchannel.net\/br\/wp-content\/uploads\/2023\/05\/9d9e1daa-78a6-41b8-bb8e-d42618700869.jpg\",\"datePublished\":\"2023-05-10T13:28:28+00:00\",\"dateModified\":\"2023-05-10T17:25:16+00:00\",\"breadcrumb\":{\"@id\":\"https:\/\/swimchannel.net\/br\/sandra-koch-e-simone-nogara-completam-o-amazon-challenge-de-30-km\/#breadcrumb\"},\"inLanguage\":\"pt-BR\",\"potentialAction\":[{\"@type\":\"ReadAction\",\"target\":[\"https:\/\/swimchannel.net\/br\/sandra-koch-e-simone-nogara-completam-o-amazon-challenge-de-30-km\/\"]}]},{\"@type\":\"ImageObject\",\"inLanguage\":\"pt-BR\",\"@id\":\"https:\/\/swimchannel.net\/br\/sandra-koch-e-simone-nogara-completam-o-amazon-challenge-de-30-km\/#primaryimage\",\"url\":\"https:\/\/swimchannel.net\/br\/wp-content\/uploads\/2023\/05\/9d9e1daa-78a6-41b8-bb8e-d42618700869.jpg\",\"contentUrl\":\"https:\/\/swimchannel.net\/br\/wp-content\/uploads\/2023\/05\/9d9e1daa-78a6-41b8-bb8e-d42618700869.jpg\",\"width\":946,\"height\":630,\"caption\":\"Sandra Koch - Foto: Alcides Neto\"},{\"@type\":\"BreadcrumbList\",\"@id\":\"https:\/\/swimchannel.net\/br\/sandra-koch-e-simone-nogara-completam-o-amazon-challenge-de-30-km\/#breadcrumb\",\"itemListElement\":[{\"@type\":\"ListItem\",\"position\":1,\"name\":\"Home\",\"item\":\"https:\/\/swimchannel.net\/br\/\"},{\"@type\":\"ListItem\",\"position\":2,\"name\":\"Sandra Koch e Simone Nogara completam o Amazon Challenge de 30 km\"}]},{\"@type\":\"WebSite\",\"@id\":\"https:\/\/swimchannel.net\/br\/#website\",\"url\":\"https:\/\/swimchannel.net\/br\/\",\"name\":\"Swimchannel\",\"description\":\"Maior portal de nata\u00e7\u00e3o da america latina\",\"publisher\":{\"@id\":\"https:\/\/swimchannel.net\/br\/#organization\"},\"potentialAction\":[{\"@type\":\"SearchAction\",\"target\":{\"@type\":\"EntryPoint\",\"urlTemplate\":\"https:\/\/swimchannel.net\/br\/?s={search_term_string}\"},\"query-input\":{\"@type\":\"PropertyValueSpecification\",\"valueRequired\":true,\"valueName\":\"search_term_string\"}}],\"inLanguage\":\"pt-BR\"},{\"@type\":\"Organization\",\"@id\":\"https:\/\/swimchannel.net\/br\/#organization\",\"name\":\"Swimchannel - Conectando voc\u00ea a Nata\u00e7\u00e3o\",\"url\":\"https:\/\/swimchannel.net\/br\/\",\"logo\":{\"@type\":\"ImageObject\",\"inLanguage\":\"pt-BR\",\"@id\":\"https:\/\/swimchannel.net\/br\/#\/schema\/logo\/image\/\",\"url\":\"https:\/\/swimchannel.net\/br\/wp-content\/uploads\/2026\/02\/SWIM-CHANNEL.png\",\"contentUrl\":\"https:\/\/swimchannel.net\/br\/wp-content\/uploads\/2026\/02\/SWIM-CHANNEL.png\",\"width\":1120,\"height\":630,\"caption\":\"Swimchannel - Conectando voc\u00ea a Nata\u00e7\u00e3o\"},\"image\":{\"@id\":\"https:\/\/swimchannel.net\/br\/#\/schema\/logo\/image\/\"},\"sameAs\":[\"https:\/\/www.facebook.com\/swimchannel\",\"https:\/\/www.instagram.com\/swimchannel\"]},{\"@type\":\"Person\",\"@id\":\"https:\/\/swimchannel.net\/br\/#\/schema\/person\/73ae9cec62249968bca1f0a8098ef002\",\"name\":\"Katarine Monteiro\",\"image\":{\"@type\":\"ImageObject\",\"inLanguage\":\"pt-BR\",\"@id\":\"https:\/\/swimchannel.net\/br\/#\/schema\/person\/image\/\",\"url\":\"https:\/\/swimchannel.net\/br\/wp-content\/uploads\/2022\/01\/Katarine-Monteiro-100x100.jpg\",\"contentUrl\":\"https:\/\/swimchannel.net\/br\/wp-content\/uploads\/2022\/01\/Katarine-Monteiro-100x100.jpg\",\"caption\":\"Katarine Monteiro\"},\"description\":\"Jornalista SWIM CHANNEL especializada em esportes ol\u00edmpicos e em sa\u00fade. Com cobertura de grandes eventos internacionais, como Jogos Ol\u00edmpicos Rio 2016, Jogos Pan-Americanos em Lima 2019, Qatar Total Open 2020, Qatar ExxonMobil Open 2019 - t\u00eanis em Doha (QT), Semana Internacional de Vela de Ilhabela, Transat Jacques Vabre 2019 (Fran\u00e7a-Brasil), L'\u00c9tape Brasil by Tour de France, j\u00e1 fez in\u00fameras coberturas de nata\u00e7\u00e3o, maratona aqu\u00e1tica e polo aqu\u00e1tico. Formada tamb\u00e9m em Letras, a jornalista atua como assessora de imprensa, rela\u00e7\u00f5es p\u00fablicas e social media, com especializa\u00e7\u00e3o em marketing esportivo. Nadadora amadora de \u00e1guas abertas, j\u00e1 trabalhou com grandes nomes da nata\u00e7\u00e3o e do polo aqu\u00e1tico brasileiro.\",\"sameAs\":[\"https:\/\/www.instagram.com\/_katarinemonteiro\/\",\"https:\/\/www.linkedin.com\/in\/katarine-monteiro-19385297\/\",\"https:\/\/x.com\/https:\/\/twitter.com\/Katarinem\"],\"url\":\"https:\/\/swimchannel.net\/br\/author\/katarine-monteiro\/\"}]}<\/script>\n<!-- \/ Yoast SEO plugin. -->","yoast_head_json":{"title":"Sandra Koch e Simone Nogara completam o Amazon Challenge de 30 km - Swimchannel","robots":{"index":"index","follow":"follow","max-snippet":"max-snippet:-1","max-image-preview":"max-image-preview:large","max-video-preview":"max-video-preview:-1"},"canonical":"https:\/\/swimchannel.net\/br\/sandra-koch-e-simone-nogara-completam-o-amazon-challenge-de-30-km\/","og_locale":"pt_BR","og_type":"article","og_title":"Sandra Koch e Simone Nogara completam o Amazon Challenge de 30 km - Swimchannel","og_description":"Atletas nadaram individualmente o desafio nas \u00e1guas do Rio Negro em Manaus na \u00faltima semana","og_url":"https:\/\/swimchannel.net\/br\/sandra-koch-e-simone-nogara-completam-o-amazon-challenge-de-30-km\/","og_site_name":"Swimchannel","article_publisher":"https:\/\/www.facebook.com\/swimchannel","article_published_time":"2023-05-10T13:28:28+00:00","article_modified_time":"2023-05-10T17:25:16+00:00","og_image":[{"width":946,"height":630,"url":"https:\/\/swimchannel.net\/br\/wp-content\/uploads\/2023\/05\/9d9e1daa-78a6-41b8-bb8e-d42618700869.jpg","type":"image\/jpeg"}],"author":"Katarine Monteiro","twitter_card":"summary_large_image","twitter_creator":"@https:\/\/twitter.com\/Katarinem","twitter_misc":{"Escrito por":"Katarine Monteiro","Est. tempo de leitura":"5 minutos"},"schema":{"@context":"https:\/\/schema.org","@graph":[{"@type":"Article","@id":"https:\/\/swimchannel.net\/br\/sandra-koch-e-simone-nogara-completam-o-amazon-challenge-de-30-km\/#article","isPartOf":{"@id":"https:\/\/swimchannel.net\/br\/sandra-koch-e-simone-nogara-completam-o-amazon-challenge-de-30-km\/"},"author":{"name":"Katarine Monteiro","@id":"https:\/\/swimchannel.net\/br\/#\/schema\/person\/73ae9cec62249968bca1f0a8098ef002"},"headline":"Sandra Koch e Simone Nogara completam o Amazon Challenge de 30 km","datePublished":"2023-05-10T13:28:28+00:00","dateModified":"2023-05-10T17:25:16+00:00","mainEntityOfPage":{"@id":"https:\/\/swimchannel.net\/br\/sandra-koch-e-simone-nogara-completam-o-amazon-challenge-de-30-km\/"},"wordCount":973,"commentCount":2,"publisher":{"@id":"https:\/\/swimchannel.net\/br\/#organization"},"image":{"@id":"https:\/\/swimchannel.net\/br\/sandra-koch-e-simone-nogara-completam-o-amazon-challenge-de-30-km\/#primaryimage"},"thumbnailUrl":"https:\/\/swimchannel.net\/br\/wp-content\/uploads\/2023\/05\/9d9e1daa-78a6-41b8-bb8e-d42618700869.jpg","keywords":["\u00c1guas abertas","Amazon Challenge","Rio Negro Challenge","Sandra Koch","Simone Nogara"],"articleSection":["\u00c1guas Abertas"],"inLanguage":"pt-BR","potentialAction":[{"@type":"CommentAction","name":"Comment","target":["https:\/\/swimchannel.net\/br\/sandra-koch-e-simone-nogara-completam-o-amazon-challenge-de-30-km\/#respond"]}]},{"@type":"WebPage","@id":"https:\/\/swimchannel.net\/br\/sandra-koch-e-simone-nogara-completam-o-amazon-challenge-de-30-km\/","url":"https:\/\/swimchannel.net\/br\/sandra-koch-e-simone-nogara-completam-o-amazon-challenge-de-30-km\/","name":"Sandra Koch e Simone Nogara completam o Amazon Challenge de 30 km - Swimchannel","isPartOf":{"@id":"https:\/\/swimchannel.net\/br\/#website"},"primaryImageOfPage":{"@id":"https:\/\/swimchannel.net\/br\/sandra-koch-e-simone-nogara-completam-o-amazon-challenge-de-30-km\/#primaryimage"},"image":{"@id":"https:\/\/swimchannel.net\/br\/sandra-koch-e-simone-nogara-completam-o-amazon-challenge-de-30-km\/#primaryimage"},"thumbnailUrl":"https:\/\/swimchannel.net\/br\/wp-content\/uploads\/2023\/05\/9d9e1daa-78a6-41b8-bb8e-d42618700869.jpg","datePublished":"2023-05-10T13:28:28+00:00","dateModified":"2023-05-10T17:25:16+00:00","breadcrumb":{"@id":"https:\/\/swimchannel.net\/br\/sandra-koch-e-simone-nogara-completam-o-amazon-challenge-de-30-km\/#breadcrumb"},"inLanguage":"pt-BR","potentialAction":[{"@type":"ReadAction","target":["https:\/\/swimchannel.net\/br\/sandra-koch-e-simone-nogara-completam-o-amazon-challenge-de-30-km\/"]}]},{"@type":"ImageObject","inLanguage":"pt-BR","@id":"https:\/\/swimchannel.net\/br\/sandra-koch-e-simone-nogara-completam-o-amazon-challenge-de-30-km\/#primaryimage","url":"https:\/\/swimchannel.net\/br\/wp-content\/uploads\/2023\/05\/9d9e1daa-78a6-41b8-bb8e-d42618700869.jpg","contentUrl":"https:\/\/swimchannel.net\/br\/wp-content\/uploads\/2023\/05\/9d9e1daa-78a6-41b8-bb8e-d42618700869.jpg","width":946,"height":630,"caption":"Sandra Koch - Foto: Alcides Neto"},{"@type":"BreadcrumbList","@id":"https:\/\/swimchannel.net\/br\/sandra-koch-e-simone-nogara-completam-o-amazon-challenge-de-30-km\/#breadcrumb","itemListElement":[{"@type":"ListItem","position":1,"name":"Home","item":"https:\/\/swimchannel.net\/br\/"},{"@type":"ListItem","position":2,"name":"Sandra Koch e Simone Nogara completam o Amazon Challenge de 30 km"}]},{"@type":"WebSite","@id":"https:\/\/swimchannel.net\/br\/#website","url":"https:\/\/swimchannel.net\/br\/","name":"Swimchannel","description":"Maior portal de nata\u00e7\u00e3o da america latina","publisher":{"@id":"https:\/\/swimchannel.net\/br\/#organization"},"potentialAction":[{"@type":"SearchAction","target":{"@type":"EntryPoint","urlTemplate":"https:\/\/swimchannel.net\/br\/?s={search_term_string}"},"query-input":{"@type":"PropertyValueSpecification","valueRequired":true,"valueName":"search_term_string"}}],"inLanguage":"pt-BR"},{"@type":"Organization","@id":"https:\/\/swimchannel.net\/br\/#organization","name":"Swimchannel - Conectando voc\u00ea a Nata\u00e7\u00e3o","url":"https:\/\/swimchannel.net\/br\/","logo":{"@type":"ImageObject","inLanguage":"pt-BR","@id":"https:\/\/swimchannel.net\/br\/#\/schema\/logo\/image\/","url":"https:\/\/swimchannel.net\/br\/wp-content\/uploads\/2026\/02\/SWIM-CHANNEL.png","contentUrl":"https:\/\/swimchannel.net\/br\/wp-content\/uploads\/2026\/02\/SWIM-CHANNEL.png","width":1120,"height":630,"caption":"Swimchannel - Conectando voc\u00ea a Nata\u00e7\u00e3o"},"image":{"@id":"https:\/\/swimchannel.net\/br\/#\/schema\/logo\/image\/"},"sameAs":["https:\/\/www.facebook.com\/swimchannel","https:\/\/www.instagram.com\/swimchannel"]},{"@type":"Person","@id":"https:\/\/swimchannel.net\/br\/#\/schema\/person\/73ae9cec62249968bca1f0a8098ef002","name":"Katarine Monteiro","image":{"@type":"ImageObject","inLanguage":"pt-BR","@id":"https:\/\/swimchannel.net\/br\/#\/schema\/person\/image\/","url":"https:\/\/swimchannel.net\/br\/wp-content\/uploads\/2022\/01\/Katarine-Monteiro-100x100.jpg","contentUrl":"https:\/\/swimchannel.net\/br\/wp-content\/uploads\/2022\/01\/Katarine-Monteiro-100x100.jpg","caption":"Katarine Monteiro"},"description":"Jornalista SWIM CHANNEL especializada em esportes ol\u00edmpicos e em sa\u00fade. Com cobertura de grandes eventos internacionais, como Jogos Ol\u00edmpicos Rio 2016, Jogos Pan-Americanos em Lima 2019, Qatar Total Open 2020, Qatar ExxonMobil Open 2019 - t\u00eanis em Doha (QT), Semana Internacional de Vela de Ilhabela, Transat Jacques Vabre 2019 (Fran\u00e7a-Brasil), L'\u00c9tape Brasil by Tour de France, j\u00e1 fez in\u00fameras coberturas de nata\u00e7\u00e3o, maratona aqu\u00e1tica e polo aqu\u00e1tico. Formada tamb\u00e9m em Letras, a jornalista atua como assessora de imprensa, rela\u00e7\u00f5es p\u00fablicas e social media, com especializa\u00e7\u00e3o em marketing esportivo. Nadadora amadora de \u00e1guas abertas, j\u00e1 trabalhou com grandes nomes da nata\u00e7\u00e3o e do polo aqu\u00e1tico brasileiro.","sameAs":["https:\/\/www.instagram.com\/_katarinemonteiro\/","https:\/\/www.linkedin.com\/in\/katarine-monteiro-19385297\/","https:\/\/x.com\/https:\/\/twitter.com\/Katarinem"],"url":"https:\/\/swimchannel.net\/br\/author\/katarine-monteiro\/"}]}},"_links":{"self":[{"href":"https:\/\/swimchannel.net\/br\/wp-json\/wp\/v2\/posts\/56625","targetHints":{"allow":["GET"]}}],"collection":[{"href":"https:\/\/swimchannel.net\/br\/wp-json\/wp\/v2\/posts"}],"about":[{"href":"https:\/\/swimchannel.net\/br\/wp-json\/wp\/v2\/types\/post"}],"author":[{"embeddable":true,"href":"https:\/\/swimchannel.net\/br\/wp-json\/wp\/v2\/users\/9"}],"replies":[{"embeddable":true,"href":"https:\/\/swimchannel.net\/br\/wp-json\/wp\/v2\/comments?post=56625"}],"version-history":[{"count":17,"href":"https:\/\/swimchannel.net\/br\/wp-json\/wp\/v2\/posts\/56625\/revisions"}],"predecessor-version":[{"id":56674,"href":"https:\/\/swimchannel.net\/br\/wp-json\/wp\/v2\/posts\/56625\/revisions\/56674"}],"wp:featuredmedia":[{"embeddable":true,"href":"https:\/\/swimchannel.net\/br\/wp-json\/wp\/v2\/media\/56633"}],"wp:attachment":[{"href":"https:\/\/swimchannel.net\/br\/wp-json\/wp\/v2\/media?parent=56625"}],"wp:term":[{"taxonomy":"category","embeddable":true,"href":"https:\/\/swimchannel.net\/br\/wp-json\/wp\/v2\/categories?post=56625"},{"taxonomy":"post_tag","embeddable":true,"href":"https:\/\/swimchannel.net\/br\/wp-json\/wp\/v2\/tags?post=56625"}],"curies":[{"name":"wp","href":"https:\/\/api.w.org\/{rel}","templated":true}]}}