{"id":58614,"date":"2023-07-03T11:41:36","date_gmt":"2023-07-03T14:41:36","guid":{"rendered":"https:\/\/swimchannel.net\/br\/?p=58614"},"modified":"2023-07-03T11:41:36","modified_gmt":"2023-07-03T14:41:36","slug":"salvador-recebe-o-brasileiro-junior-e-senior-a-partir-de-amanha","status":"publish","type":"post","link":"https:\/\/swimchannel.net\/br\/salvador-recebe-o-brasileiro-junior-e-senior-a-partir-de-amanha\/","title":{"rendered":"Salvador recebe o Brasileiro J\u00fanior e S\u00eanior a partir de amanh\u00e3"},"content":{"rendered":"<p>A piscina ol\u00edmpica do Bonoc\u00f4 em Salvador foi a primeira a ser inaugurada ap\u00f3s a destrui\u00e7\u00e3o da antiga Vila Ol\u00edmpica da Fonte Nova. Este ano, o local recebeu ainda mais melhoramentos com vesti\u00e1rios e arquibancadas. \u00c9 ali que acontece a partir desta ter\u00e7a-feira o Campeonato Brasileiro J\u00fanior e Senior de Inverno de 2023.<\/p>\n<p>A competi\u00e7\u00e3o fecha a sequ\u00eancia dos campeonatos nacionais da CBDA e tamb\u00e9m \u00e9 a \u00faltima seletiva para a forma\u00e7\u00e3o da Sele\u00e7\u00e3o Brasileira que disputa o Campeonato Sul-Americano Juvenil em Buenos Aires, na Argentina, em setembro. Atletas do J\u00fanior I contra os nadadores de primeiro ano do J\u00fanior II disputam as 12 vagas por sexo da Sele\u00e7\u00e3o contra os melhores tempos alcan\u00e7ados pela categoria Juvenil II no Brasileiro de Uberl\u00e2ndia.<\/p>\n<figure id=\"attachment_57457\" aria-describedby=\"caption-attachment-57457\" style=\"width: 945px\" class=\"wp-caption alignnone\"><img loading=\"lazy\" decoding=\"async\" class=\"size-full wp-image-57457\" src=\"https:\/\/swimchannel.net\/br\/wp-content\/uploads\/2023\/06\/52946283446_4b07f5a3ef_k.jpg\" alt=\"\" width=\"945\" height=\"630\" srcset=\"https:\/\/swimchannel.net\/br\/wp-content\/uploads\/2023\/06\/52946283446_4b07f5a3ef_k.jpg 945w, https:\/\/swimchannel.net\/br\/wp-content\/uploads\/2023\/06\/52946283446_4b07f5a3ef_k-270x180.jpg 270w, https:\/\/swimchannel.net\/br\/wp-content\/uploads\/2023\/06\/52946283446_4b07f5a3ef_k-768x512.jpg 768w, https:\/\/swimchannel.net\/br\/wp-content\/uploads\/2023\/06\/52946283446_4b07f5a3ef_k-750x500.jpg 750w\" sizes=\"auto, (max-width: 945px) 100vw, 945px\" \/><figcaption id=\"caption-attachment-57457\" class=\"wp-caption-text\">Celine Bispo &#8211; Foto: Satiro Sodre\/SSPress\/CBDA<\/figcaption><\/figure>\n<p>Salvador tamb\u00e9m ser\u00e1 o \u00faltimo teste de v\u00e1rios atletas que ir\u00e3o representar o Brasil no Mundial de Fukuoka. Destaque especial para dois baianos, Celine Bispo do Yacht Clube da Bahia, que nada quatro provas na categoria J\u00fanior II, e Guilherme Carib\u00e9 do Flamengo que participa de tr\u00eas provas na categoria Senior.<\/p>\n<p>Do time de Fukuoka tamb\u00e9m nadam o Brasileiro Luiz Altamir Melo do Ideal Clube do Cear\u00e1, Stephan Steverink, Murilo Sartori e Gabrielle Assis do Flamengo. Jhennifer Concei\u00e7\u00e3o e Ana Carolina Vieira do Pinheiros est\u00e3o inscritas na competi\u00e7\u00e3o, mas por conta da suspens\u00e3o imposta pelo STJD n\u00e3o poder\u00e3o nadar.<\/p>\n<figure id=\"attachment_22761\" aria-describedby=\"caption-attachment-22761\" style=\"width: 1200px\" class=\"wp-caption alignnone\"><img loading=\"lazy\" decoding=\"async\" class=\"size-full wp-image-22761\" src=\"https:\/\/swimchannel.net\/br\/wp-content\/uploads\/2020\/02\/altamir.jpg\" alt=\"\" width=\"1200\" height=\"675\" srcset=\"https:\/\/swimchannel.net\/br\/wp-content\/uploads\/2020\/02\/altamir.jpg 1200w, https:\/\/swimchannel.net\/br\/wp-content\/uploads\/2020\/02\/altamir-600x338.jpg 600w\" sizes=\"auto, (max-width: 1200px) 100vw, 1200px\" \/><figcaption id=\"caption-attachment-22761\" class=\"wp-caption-text\">Luiz Altamir &#8211; Foto: Satiro Sodr\u00e9\/SSPress\/CBDA<\/figcaption><\/figure>\n<p>O Brasileiro de cinco dias tem eliminat\u00f3rias e finais para a categoria J\u00fanior sendo que para o Senior \u00e9 final direta pela manh\u00e3. Para o J\u00fanior, diferente do que aconteceu nos Brasileiros Infantil e Juvenil n\u00e3o teremos finais A e B, somente a final de cada prova com os oito melhores tempos das eliminat\u00f3rias.<\/p>\n<p>Em total de atletas ser\u00e1 o maior campeonato brasileiro da sequ\u00eancia das disputas deste inverno. S\u00e3o 567 nadadores sendo 431 j\u00fanior e 136 seniores. Participam 84 clubes de 20 estados.<\/p>\n","protected":false},"excerpt":{"rendered":"<p>Competi\u00e7\u00e3o tem 567 nadadores inscritos e vai rolar na piscina ol\u00edmpica do Bonoc\u00f4 na capital baiana<\/p>\n","protected":false},"author":12,"featured_media":57459,"comment_status":"open","ping_status":"open","sticky":false,"template":"","format":"gallery","meta":{"footnotes":""},"categories":[137],"tags":[5362,194,5,427],"class_list":["post-58614","post","type-post","status-publish","format-gallery","has-post-thumbnail","hentry","category-natacao","tag-campeonato-brasileiro-junior-e-senior","tag-cbda","tag-natacao","tag-salvador","post_format-post-format-gallery"],"yoast_head":"<!-- This site is optimized with the Yoast SEO plugin v27.0 - https:\/\/yoast.com\/product\/yoast-seo-wordpress\/ -->\n<title>Salvador recebe o Brasileiro J\u00fanior e S\u00eanior a partir de amanh\u00e3 - Swimchannel<\/title>\n<meta name=\"robots\" content=\"index, follow, max-snippet:-1, max-image-preview:large, max-video-preview:-1\" \/>\n<link rel=\"canonical\" href=\"https:\/\/swimchannel.net\/br\/salvador-recebe-o-brasileiro-junior-e-senior-a-partir-de-amanha\/\" \/>\n<meta property=\"og:locale\" content=\"pt_BR\" \/>\n<meta property=\"og:type\" content=\"article\" \/>\n<meta property=\"og:title\" content=\"Salvador recebe o Brasileiro J\u00fanior e S\u00eanior a partir de amanh\u00e3 - Swimchannel\" \/>\n<meta property=\"og:description\" content=\"Competi\u00e7\u00e3o tem 567 nadadores inscritos e vai rolar na piscina ol\u00edmpica do Bonoc\u00f4 na capital baiana\" \/>\n<meta property=\"og:url\" content=\"https:\/\/swimchannel.net\/br\/salvador-recebe-o-brasileiro-junior-e-senior-a-partir-de-amanha\/\" \/>\n<meta property=\"og:site_name\" content=\"Swimchannel\" \/>\n<meta property=\"article:publisher\" content=\"https:\/\/www.facebook.com\/swimchannel\" \/>\n<meta property=\"article:published_time\" content=\"2023-07-03T14:41:36+00:00\" \/>\n<meta property=\"og:image\" content=\"https:\/\/swimchannel.net\/br\/wp-content\/uploads\/2023\/06\/52946283396_d0eac2cd8a_k.jpg\" \/>\n\t<meta property=\"og:image:width\" content=\"945\" \/>\n\t<meta property=\"og:image:height\" content=\"630\" \/>\n\t<meta property=\"og:image:type\" content=\"image\/jpeg\" \/>\n<meta name=\"author\" content=\"Alex Pussieldi\" \/>\n<meta name=\"twitter:card\" content=\"summary_large_image\" \/>\n<meta name=\"twitter:label1\" content=\"Escrito por\" \/>\n\t<meta name=\"twitter:data1\" content=\"Alex Pussieldi\" \/>\n\t<meta name=\"twitter:label2\" content=\"Est. tempo de leitura\" \/>\n\t<meta name=\"twitter:data2\" content=\"2 minutos\" \/>\n<script type=\"application\/ld+json\" class=\"yoast-schema-graph\">{\"@context\":\"https:\/\/schema.org\",\"@graph\":[{\"@type\":\"Article\",\"@id\":\"https:\/\/swimchannel.net\/br\/salvador-recebe-o-brasileiro-junior-e-senior-a-partir-de-amanha\/#article\",\"isPartOf\":{\"@id\":\"https:\/\/swimchannel.net\/br\/salvador-recebe-o-brasileiro-junior-e-senior-a-partir-de-amanha\/\"},\"author\":{\"name\":\"Alex Pussieldi\",\"@id\":\"https:\/\/swimchannel.net\/br\/#\/schema\/person\/cf549cb99cf75592fcf7c76213385e63\"},\"headline\":\"Salvador recebe o Brasileiro J\u00fanior e S\u00eanior a partir de amanh\u00e3\",\"datePublished\":\"2023-07-03T14:41:36+00:00\",\"mainEntityOfPage\":{\"@id\":\"https:\/\/swimchannel.net\/br\/salvador-recebe-o-brasileiro-junior-e-senior-a-partir-de-amanha\/\"},\"wordCount\":375,\"commentCount\":0,\"publisher\":{\"@id\":\"https:\/\/swimchannel.net\/br\/#organization\"},\"image\":{\"@id\":\"https:\/\/swimchannel.net\/br\/salvador-recebe-o-brasileiro-junior-e-senior-a-partir-de-amanha\/#primaryimage\"},\"thumbnailUrl\":\"https:\/\/swimchannel.net\/br\/wp-content\/uploads\/2023\/06\/52946283396_d0eac2cd8a_k.jpg\",\"keywords\":[\"Campeonato Brasileiro J\u00fanior e S\u00eanior\",\"CBDA\",\"natacao\",\"Salvador\"],\"articleSection\":[\"Nata\u00e7\u00e3o\"],\"inLanguage\":\"pt-BR\",\"potentialAction\":[{\"@type\":\"CommentAction\",\"name\":\"Comment\",\"target\":[\"https:\/\/swimchannel.net\/br\/salvador-recebe-o-brasileiro-junior-e-senior-a-partir-de-amanha\/#respond\"]}]},{\"@type\":\"WebPage\",\"@id\":\"https:\/\/swimchannel.net\/br\/salvador-recebe-o-brasileiro-junior-e-senior-a-partir-de-amanha\/\",\"url\":\"https:\/\/swimchannel.net\/br\/salvador-recebe-o-brasileiro-junior-e-senior-a-partir-de-amanha\/\",\"name\":\"Salvador recebe o Brasileiro J\u00fanior e S\u00eanior a partir de amanh\u00e3 - Swimchannel\",\"isPartOf\":{\"@id\":\"https:\/\/swimchannel.net\/br\/#website\"},\"primaryImageOfPage\":{\"@id\":\"https:\/\/swimchannel.net\/br\/salvador-recebe-o-brasileiro-junior-e-senior-a-partir-de-amanha\/#primaryimage\"},\"image\":{\"@id\":\"https:\/\/swimchannel.net\/br\/salvador-recebe-o-brasileiro-junior-e-senior-a-partir-de-amanha\/#primaryimage\"},\"thumbnailUrl\":\"https:\/\/swimchannel.net\/br\/wp-content\/uploads\/2023\/06\/52946283396_d0eac2cd8a_k.jpg\",\"datePublished\":\"2023-07-03T14:41:36+00:00\",\"breadcrumb\":{\"@id\":\"https:\/\/swimchannel.net\/br\/salvador-recebe-o-brasileiro-junior-e-senior-a-partir-de-amanha\/#breadcrumb\"},\"inLanguage\":\"pt-BR\",\"potentialAction\":[{\"@type\":\"ReadAction\",\"target\":[\"https:\/\/swimchannel.net\/br\/salvador-recebe-o-brasileiro-junior-e-senior-a-partir-de-amanha\/\"]}]},{\"@type\":\"ImageObject\",\"inLanguage\":\"pt-BR\",\"@id\":\"https:\/\/swimchannel.net\/br\/salvador-recebe-o-brasileiro-junior-e-senior-a-partir-de-amanha\/#primaryimage\",\"url\":\"https:\/\/swimchannel.net\/br\/wp-content\/uploads\/2023\/06\/52946283396_d0eac2cd8a_k.jpg\",\"contentUrl\":\"https:\/\/swimchannel.net\/br\/wp-content\/uploads\/2023\/06\/52946283396_d0eac2cd8a_k.jpg\",\"width\":945,\"height\":630,\"caption\":\"Guilherme Carib\u00e9 - Foto: Satiro Sodr\u00e9\/SSPress\/CBDA\"},{\"@type\":\"BreadcrumbList\",\"@id\":\"https:\/\/swimchannel.net\/br\/salvador-recebe-o-brasileiro-junior-e-senior-a-partir-de-amanha\/#breadcrumb\",\"itemListElement\":[{\"@type\":\"ListItem\",\"position\":1,\"name\":\"Home\",\"item\":\"https:\/\/swimchannel.net\/br\/\"},{\"@type\":\"ListItem\",\"position\":2,\"name\":\"Salvador recebe o Brasileiro J\u00fanior e S\u00eanior a partir de amanh\u00e3\"}]},{\"@type\":\"WebSite\",\"@id\":\"https:\/\/swimchannel.net\/br\/#website\",\"url\":\"https:\/\/swimchannel.net\/br\/\",\"name\":\"Swimchannel\",\"description\":\"Maior portal de nata\u00e7\u00e3o da america latina\",\"publisher\":{\"@id\":\"https:\/\/swimchannel.net\/br\/#organization\"},\"potentialAction\":[{\"@type\":\"SearchAction\",\"target\":{\"@type\":\"EntryPoint\",\"urlTemplate\":\"https:\/\/swimchannel.net\/br\/?s={search_term_string}\"},\"query-input\":{\"@type\":\"PropertyValueSpecification\",\"valueRequired\":true,\"valueName\":\"search_term_string\"}}],\"inLanguage\":\"pt-BR\"},{\"@type\":\"Organization\",\"@id\":\"https:\/\/swimchannel.net\/br\/#organization\",\"name\":\"Swimchannel - Conectando voc\u00ea a Nata\u00e7\u00e3o\",\"url\":\"https:\/\/swimchannel.net\/br\/\",\"logo\":{\"@type\":\"ImageObject\",\"inLanguage\":\"pt-BR\",\"@id\":\"https:\/\/swimchannel.net\/br\/#\/schema\/logo\/image\/\",\"url\":\"https:\/\/swimchannel.net\/br\/wp-content\/uploads\/2026\/02\/SWIM-CHANNEL.png\",\"contentUrl\":\"https:\/\/swimchannel.net\/br\/wp-content\/uploads\/2026\/02\/SWIM-CHANNEL.png\",\"width\":1120,\"height\":630,\"caption\":\"Swimchannel - Conectando voc\u00ea a Nata\u00e7\u00e3o\"},\"image\":{\"@id\":\"https:\/\/swimchannel.net\/br\/#\/schema\/logo\/image\/\"},\"sameAs\":[\"https:\/\/www.facebook.com\/swimchannel\",\"https:\/\/www.instagram.com\/swimchannel\"]},{\"@type\":\"Person\",\"@id\":\"https:\/\/swimchannel.net\/br\/#\/schema\/person\/cf549cb99cf75592fcf7c76213385e63\",\"name\":\"Alex Pussieldi\",\"image\":{\"@type\":\"ImageObject\",\"inLanguage\":\"pt-BR\",\"@id\":\"https:\/\/swimchannel.net\/br\/#\/schema\/person\/image\/\",\"url\":\"https:\/\/swimchannel.net\/br\/wp-content\/uploads\/2021\/02\/9b1c252d-a4bd-4eda-b399-24565cac4114-100x100.jpg\",\"contentUrl\":\"https:\/\/swimchannel.net\/br\/wp-content\/uploads\/2021\/02\/9b1c252d-a4bd-4eda-b399-24565cac4114-100x100.jpg\",\"caption\":\"Alex Pussieldi\"},\"description\":\"Alexandre Pussieldi, apelidado de \u201ccoach\u201d, Foi t\u00e9cnico da sele\u00e7\u00e3o verde e amarela nas Olimp\u00edadas de Pequim-2008 e Londres-2012. O treinador ainda comandou outros quatro pa\u00edses: Kuwait, Paraguai, Aruba e Antilhas Holandesas, al\u00e9m da sele\u00e7\u00e3o americana de \u00e1guas abertas. Pussieldi tem passagens como comentarista de nata\u00e7\u00e3o do Grupo Globo e Swim Channel.\",\"url\":\"https:\/\/swimchannel.net\/br\/author\/alexpussieldi\/\"}]}<\/script>\n<!-- \/ Yoast SEO plugin. -->","yoast_head_json":{"title":"Salvador recebe o Brasileiro J\u00fanior e S\u00eanior a partir de amanh\u00e3 - Swimchannel","robots":{"index":"index","follow":"follow","max-snippet":"max-snippet:-1","max-image-preview":"max-image-preview:large","max-video-preview":"max-video-preview:-1"},"canonical":"https:\/\/swimchannel.net\/br\/salvador-recebe-o-brasileiro-junior-e-senior-a-partir-de-amanha\/","og_locale":"pt_BR","og_type":"article","og_title":"Salvador recebe o Brasileiro J\u00fanior e S\u00eanior a partir de amanh\u00e3 - Swimchannel","og_description":"Competi\u00e7\u00e3o tem 567 nadadores inscritos e vai rolar na piscina ol\u00edmpica do Bonoc\u00f4 na capital baiana","og_url":"https:\/\/swimchannel.net\/br\/salvador-recebe-o-brasileiro-junior-e-senior-a-partir-de-amanha\/","og_site_name":"Swimchannel","article_publisher":"https:\/\/www.facebook.com\/swimchannel","article_published_time":"2023-07-03T14:41:36+00:00","og_image":[{"width":945,"height":630,"url":"https:\/\/swimchannel.net\/br\/wp-content\/uploads\/2023\/06\/52946283396_d0eac2cd8a_k.jpg","type":"image\/jpeg"}],"author":"Alex Pussieldi","twitter_card":"summary_large_image","twitter_misc":{"Escrito por":"Alex Pussieldi","Est. tempo de leitura":"2 minutos"},"schema":{"@context":"https:\/\/schema.org","@graph":[{"@type":"Article","@id":"https:\/\/swimchannel.net\/br\/salvador-recebe-o-brasileiro-junior-e-senior-a-partir-de-amanha\/#article","isPartOf":{"@id":"https:\/\/swimchannel.net\/br\/salvador-recebe-o-brasileiro-junior-e-senior-a-partir-de-amanha\/"},"author":{"name":"Alex Pussieldi","@id":"https:\/\/swimchannel.net\/br\/#\/schema\/person\/cf549cb99cf75592fcf7c76213385e63"},"headline":"Salvador recebe o Brasileiro J\u00fanior e S\u00eanior a partir de amanh\u00e3","datePublished":"2023-07-03T14:41:36+00:00","mainEntityOfPage":{"@id":"https:\/\/swimchannel.net\/br\/salvador-recebe-o-brasileiro-junior-e-senior-a-partir-de-amanha\/"},"wordCount":375,"commentCount":0,"publisher":{"@id":"https:\/\/swimchannel.net\/br\/#organization"},"image":{"@id":"https:\/\/swimchannel.net\/br\/salvador-recebe-o-brasileiro-junior-e-senior-a-partir-de-amanha\/#primaryimage"},"thumbnailUrl":"https:\/\/swimchannel.net\/br\/wp-content\/uploads\/2023\/06\/52946283396_d0eac2cd8a_k.jpg","keywords":["Campeonato Brasileiro J\u00fanior e S\u00eanior","CBDA","natacao","Salvador"],"articleSection":["Nata\u00e7\u00e3o"],"inLanguage":"pt-BR","potentialAction":[{"@type":"CommentAction","name":"Comment","target":["https:\/\/swimchannel.net\/br\/salvador-recebe-o-brasileiro-junior-e-senior-a-partir-de-amanha\/#respond"]}]},{"@type":"WebPage","@id":"https:\/\/swimchannel.net\/br\/salvador-recebe-o-brasileiro-junior-e-senior-a-partir-de-amanha\/","url":"https:\/\/swimchannel.net\/br\/salvador-recebe-o-brasileiro-junior-e-senior-a-partir-de-amanha\/","name":"Salvador recebe o Brasileiro J\u00fanior e S\u00eanior a partir de amanh\u00e3 - Swimchannel","isPartOf":{"@id":"https:\/\/swimchannel.net\/br\/#website"},"primaryImageOfPage":{"@id":"https:\/\/swimchannel.net\/br\/salvador-recebe-o-brasileiro-junior-e-senior-a-partir-de-amanha\/#primaryimage"},"image":{"@id":"https:\/\/swimchannel.net\/br\/salvador-recebe-o-brasileiro-junior-e-senior-a-partir-de-amanha\/#primaryimage"},"thumbnailUrl":"https:\/\/swimchannel.net\/br\/wp-content\/uploads\/2023\/06\/52946283396_d0eac2cd8a_k.jpg","datePublished":"2023-07-03T14:41:36+00:00","breadcrumb":{"@id":"https:\/\/swimchannel.net\/br\/salvador-recebe-o-brasileiro-junior-e-senior-a-partir-de-amanha\/#breadcrumb"},"inLanguage":"pt-BR","potentialAction":[{"@type":"ReadAction","target":["https:\/\/swimchannel.net\/br\/salvador-recebe-o-brasileiro-junior-e-senior-a-partir-de-amanha\/"]}]},{"@type":"ImageObject","inLanguage":"pt-BR","@id":"https:\/\/swimchannel.net\/br\/salvador-recebe-o-brasileiro-junior-e-senior-a-partir-de-amanha\/#primaryimage","url":"https:\/\/swimchannel.net\/br\/wp-content\/uploads\/2023\/06\/52946283396_d0eac2cd8a_k.jpg","contentUrl":"https:\/\/swimchannel.net\/br\/wp-content\/uploads\/2023\/06\/52946283396_d0eac2cd8a_k.jpg","width":945,"height":630,"caption":"Guilherme Carib\u00e9 - Foto: Satiro Sodr\u00e9\/SSPress\/CBDA"},{"@type":"BreadcrumbList","@id":"https:\/\/swimchannel.net\/br\/salvador-recebe-o-brasileiro-junior-e-senior-a-partir-de-amanha\/#breadcrumb","itemListElement":[{"@type":"ListItem","position":1,"name":"Home","item":"https:\/\/swimchannel.net\/br\/"},{"@type":"ListItem","position":2,"name":"Salvador recebe o Brasileiro J\u00fanior e S\u00eanior a partir de amanh\u00e3"}]},{"@type":"WebSite","@id":"https:\/\/swimchannel.net\/br\/#website","url":"https:\/\/swimchannel.net\/br\/","name":"Swimchannel","description":"Maior portal de nata\u00e7\u00e3o da america latina","publisher":{"@id":"https:\/\/swimchannel.net\/br\/#organization"},"potentialAction":[{"@type":"SearchAction","target":{"@type":"EntryPoint","urlTemplate":"https:\/\/swimchannel.net\/br\/?s={search_term_string}"},"query-input":{"@type":"PropertyValueSpecification","valueRequired":true,"valueName":"search_term_string"}}],"inLanguage":"pt-BR"},{"@type":"Organization","@id":"https:\/\/swimchannel.net\/br\/#organization","name":"Swimchannel - Conectando voc\u00ea a Nata\u00e7\u00e3o","url":"https:\/\/swimchannel.net\/br\/","logo":{"@type":"ImageObject","inLanguage":"pt-BR","@id":"https:\/\/swimchannel.net\/br\/#\/schema\/logo\/image\/","url":"https:\/\/swimchannel.net\/br\/wp-content\/uploads\/2026\/02\/SWIM-CHANNEL.png","contentUrl":"https:\/\/swimchannel.net\/br\/wp-content\/uploads\/2026\/02\/SWIM-CHANNEL.png","width":1120,"height":630,"caption":"Swimchannel - Conectando voc\u00ea a Nata\u00e7\u00e3o"},"image":{"@id":"https:\/\/swimchannel.net\/br\/#\/schema\/logo\/image\/"},"sameAs":["https:\/\/www.facebook.com\/swimchannel","https:\/\/www.instagram.com\/swimchannel"]},{"@type":"Person","@id":"https:\/\/swimchannel.net\/br\/#\/schema\/person\/cf549cb99cf75592fcf7c76213385e63","name":"Alex Pussieldi","image":{"@type":"ImageObject","inLanguage":"pt-BR","@id":"https:\/\/swimchannel.net\/br\/#\/schema\/person\/image\/","url":"https:\/\/swimchannel.net\/br\/wp-content\/uploads\/2021\/02\/9b1c252d-a4bd-4eda-b399-24565cac4114-100x100.jpg","contentUrl":"https:\/\/swimchannel.net\/br\/wp-content\/uploads\/2021\/02\/9b1c252d-a4bd-4eda-b399-24565cac4114-100x100.jpg","caption":"Alex Pussieldi"},"description":"Alexandre Pussieldi, apelidado de \u201ccoach\u201d, Foi t\u00e9cnico da sele\u00e7\u00e3o verde e amarela nas Olimp\u00edadas de Pequim-2008 e Londres-2012. O treinador ainda comandou outros quatro pa\u00edses: Kuwait, Paraguai, Aruba e Antilhas Holandesas, al\u00e9m da sele\u00e7\u00e3o americana de \u00e1guas abertas. Pussieldi tem passagens como comentarista de nata\u00e7\u00e3o do Grupo Globo e Swim Channel.","url":"https:\/\/swimchannel.net\/br\/author\/alexpussieldi\/"}]}},"_links":{"self":[{"href":"https:\/\/swimchannel.net\/br\/wp-json\/wp\/v2\/posts\/58614","targetHints":{"allow":["GET"]}}],"collection":[{"href":"https:\/\/swimchannel.net\/br\/wp-json\/wp\/v2\/posts"}],"about":[{"href":"https:\/\/swimchannel.net\/br\/wp-json\/wp\/v2\/types\/post"}],"author":[{"embeddable":true,"href":"https:\/\/swimchannel.net\/br\/wp-json\/wp\/v2\/users\/12"}],"replies":[{"embeddable":true,"href":"https:\/\/swimchannel.net\/br\/wp-json\/wp\/v2\/comments?post=58614"}],"version-history":[{"count":2,"href":"https:\/\/swimchannel.net\/br\/wp-json\/wp\/v2\/posts\/58614\/revisions"}],"predecessor-version":[{"id":58628,"href":"https:\/\/swimchannel.net\/br\/wp-json\/wp\/v2\/posts\/58614\/revisions\/58628"}],"wp:featuredmedia":[{"embeddable":true,"href":"https:\/\/swimchannel.net\/br\/wp-json\/wp\/v2\/media\/57459"}],"wp:attachment":[{"href":"https:\/\/swimchannel.net\/br\/wp-json\/wp\/v2\/media?parent=58614"}],"wp:term":[{"taxonomy":"category","embeddable":true,"href":"https:\/\/swimchannel.net\/br\/wp-json\/wp\/v2\/categories?post=58614"},{"taxonomy":"post_tag","embeddable":true,"href":"https:\/\/swimchannel.net\/br\/wp-json\/wp\/v2\/tags?post=58614"}],"curies":[{"name":"wp","href":"https:\/\/api.w.org\/{rel}","templated":true}]}}