{"id":58694,"date":"2023-07-06T09:13:53","date_gmt":"2023-07-06T12:13:53","guid":{"rendered":"https:\/\/swimchannel.net\/br\/?p=58694"},"modified":"2023-07-06T10:23:41","modified_gmt":"2023-07-06T13:23:41","slug":"celine-bispo-e-luiz-altamir-ganham-o-mvp-viva-floresta-swim-channel-do-dia-2-do-brasileiro-de-salvador","status":"publish","type":"post","link":"https:\/\/swimchannel.net\/br\/celine-bispo-e-luiz-altamir-ganham-o-mvp-viva-floresta-swim-channel-do-dia-2-do-brasileiro-de-salvador\/","title":{"rendered":"Celine Bispo e Luiz Altamir ganham o MVP Viva Floresta Swim Channel do dia 2 do brasileiro de Salvador"},"content":{"rendered":"<p>Dois atletas de clubes nordestinos ganharam o MVP Viva Floresta da transmiss\u00e3o da Swim Channel TV no dia 2 do Campeonato Brasileiro J\u00fanior e S\u00eanior de Inverno em Savlador. E foi na mesma prova, os 200 metros nado livre e ambos classificados para representar o Brasil no Mundial de Fukuoka.<\/p>\n<figure id=\"attachment_58703\" aria-describedby=\"caption-attachment-58703\" style=\"width: 1120px\" class=\"wp-caption alignnone\"><img loading=\"lazy\" decoding=\"async\" class=\"size-full wp-image-58703\" src=\"https:\/\/swimchannel.net\/br\/wp-content\/uploads\/2023\/07\/WhatsApp-Image-2023-07-06-at-10.17.58-3.jpeg\" alt=\"\" width=\"1120\" height=\"630\" srcset=\"https:\/\/swimchannel.net\/br\/wp-content\/uploads\/2023\/07\/WhatsApp-Image-2023-07-06-at-10.17.58-3.jpeg 1120w, https:\/\/swimchannel.net\/br\/wp-content\/uploads\/2023\/07\/WhatsApp-Image-2023-07-06-at-10.17.58-3-320x180.jpeg 320w, https:\/\/swimchannel.net\/br\/wp-content\/uploads\/2023\/07\/WhatsApp-Image-2023-07-06-at-10.17.58-3-768x432.jpeg 768w, https:\/\/swimchannel.net\/br\/wp-content\/uploads\/2023\/07\/WhatsApp-Image-2023-07-06-at-10.17.58-3-750x422.jpeg 750w\" sizes=\"auto, (max-width: 1120px) 100vw, 1120px\" \/><figcaption id=\"caption-attachment-58703\" class=\"wp-caption-text\">Celine Bispo MVP Viva Floresta \/ Swim Channel do segundo dia do Campeonato Brasileiro Junior e S\u00eanior<\/figcaption><\/figure>\n<p>No feminino a escolhida foi a baiana Celine Bispo que nadou pela segunda vez na casa dos 2:02. Venceu a prova dos 200 livre J\u00fanior II feminino marcando 2:02.38. Um ritmo fren\u00e9tico, muito forte, e um parcial de 150 metros impressionante. \u201cFaltou o final da prova\u201d dizia o treinador Murilo Barreto, sabendo que isso ainda vai acontecer.<\/p>\n<p>Como est\u00e1 classificada para o Mundial de Fukuoka, o Brasileiro de Salvador deixou de ser objetivo para virar treinamento. E foi um grande treino. Os 200 livre entra no menu para a nadadora, inicialmente para ajudar a sua volta nos 100 livre, mas quem acompanhou a prova sabe que a performance de hoje desperta uma expectativa de quem sabe no futuro estar na disputa de uma vaga para o 4\u00d7200 livre ol\u00edmpico.<\/p>\n<figure id=\"attachment_58702\" aria-describedby=\"caption-attachment-58702\" style=\"width: 1120px\" class=\"wp-caption alignnone\"><img loading=\"lazy\" decoding=\"async\" class=\"size-full wp-image-58702\" src=\"https:\/\/swimchannel.net\/br\/wp-content\/uploads\/2023\/07\/WhatsApp-Image-2023-07-06-at-10.17.58-2.jpeg\" alt=\"\" width=\"1120\" height=\"630\" srcset=\"https:\/\/swimchannel.net\/br\/wp-content\/uploads\/2023\/07\/WhatsApp-Image-2023-07-06-at-10.17.58-2.jpeg 1120w, https:\/\/swimchannel.net\/br\/wp-content\/uploads\/2023\/07\/WhatsApp-Image-2023-07-06-at-10.17.58-2-320x180.jpeg 320w, https:\/\/swimchannel.net\/br\/wp-content\/uploads\/2023\/07\/WhatsApp-Image-2023-07-06-at-10.17.58-2-768x432.jpeg 768w, https:\/\/swimchannel.net\/br\/wp-content\/uploads\/2023\/07\/WhatsApp-Image-2023-07-06-at-10.17.58-2-750x422.jpeg 750w\" sizes=\"auto, (max-width: 1120px) 100vw, 1120px\" \/><figcaption id=\"caption-attachment-58702\" class=\"wp-caption-text\">Luiz Altamir MVP Viva Floresta \/ Swim Channel do segundo dia do Campeonato Brasileiro Junior e S\u00eanior<\/figcaption><\/figure>\n<p>No masculino o MVP Viva Floresta Swim Channel saiu na etapa da manh\u00e3, tamb\u00e9m nos 200 livre, mas na categoria S\u00eanior masculino. O excelente duelo reunindo tr\u00eas nadadores do revezamento 4\u00d7200 livre do Brasil em Mundiais, Luiz Altamir Melo, Murilo Sartori e Vinicius Assun\u00e7\u00e3o gerou uma expectativa muito boa.<\/p>\n<p>Na pr\u00e1tica, Altamir n\u00e3o tomou conhecimento embora sempre acompanhado de perto de Murilo Sartori, o nadador do Ideal venceu a prova com expressivos 1:48.81.<\/p>\n<p>A escolha do MVP Viva Floresta Swim Channel acontece em todas as etapas de transmiss\u00e3o da Swim Channel TV que \u00e9 respons\u00e1vel atrav\u00e9s de seu corpo editorial na escolha da melhor performance masculina e feminina do dia.<\/p>\n","protected":false},"excerpt":{"rendered":"<p>Dois atletas de clubes nordestinos ganharam o MVP Viva Floresta da transmiss\u00e3o da Swim Channel TV no dia 2 do Campeonato Brasileiro J\u00fanior e S\u00eanior de Inverno em Savlador. E foi na mesma prova, os 200 metros nado livre e ambos classificados para representar o Brasil no Mundial de Fukuoka. No feminino a escolhida foi [&hellip;]<\/p>\n","protected":false},"author":12,"featured_media":58702,"comment_status":"open","ping_status":"open","sticky":false,"template":"","format":"standard","meta":{"footnotes":""},"categories":[137,2576],"tags":[5329,1377,5373],"class_list":["post-58694","post","type-post","status-publish","format-standard","has-post-thumbnail","hentry","category-natacao","category-ultimas-noticias","tag-celine-bispo","tag-luiz-altamir","tag-mvp-viva-floresta"],"yoast_head":"<!-- This site is optimized with the Yoast SEO plugin v27.0 - https:\/\/yoast.com\/product\/yoast-seo-wordpress\/ -->\n<title>Celine Bispo e Luiz Altamir ganham o MVP Viva Floresta Swim Channel do dia 2 do brasileiro de Salvador - Swimchannel<\/title>\n<meta name=\"robots\" content=\"index, follow, max-snippet:-1, max-image-preview:large, max-video-preview:-1\" \/>\n<link rel=\"canonical\" href=\"https:\/\/swimchannel.net\/br\/celine-bispo-e-luiz-altamir-ganham-o-mvp-viva-floresta-swim-channel-do-dia-2-do-brasileiro-de-salvador\/\" \/>\n<meta property=\"og:locale\" content=\"pt_BR\" \/>\n<meta property=\"og:type\" content=\"article\" \/>\n<meta property=\"og:title\" content=\"Celine Bispo e Luiz Altamir ganham o MVP Viva Floresta Swim Channel do dia 2 do brasileiro de Salvador - Swimchannel\" \/>\n<meta property=\"og:description\" content=\"Dois atletas de clubes nordestinos ganharam o MVP Viva Floresta da transmiss\u00e3o da Swim Channel TV no dia 2 do Campeonato Brasileiro J\u00fanior e S\u00eanior de Inverno em Savlador. E foi na mesma prova, os 200 metros nado livre e ambos classificados para representar o Brasil no Mundial de Fukuoka. No feminino a escolhida foi [&hellip;]\" \/>\n<meta property=\"og:url\" content=\"https:\/\/swimchannel.net\/br\/celine-bispo-e-luiz-altamir-ganham-o-mvp-viva-floresta-swim-channel-do-dia-2-do-brasileiro-de-salvador\/\" \/>\n<meta property=\"og:site_name\" content=\"Swimchannel\" \/>\n<meta property=\"article:publisher\" content=\"https:\/\/www.facebook.com\/swimchannel\" \/>\n<meta property=\"article:published_time\" content=\"2023-07-06T12:13:53+00:00\" \/>\n<meta property=\"article:modified_time\" content=\"2023-07-06T13:23:41+00:00\" \/>\n<meta property=\"og:image\" content=\"https:\/\/swimchannel.net\/br\/wp-content\/uploads\/2023\/07\/WhatsApp-Image-2023-07-06-at-10.17.58-2.jpeg\" \/>\n\t<meta property=\"og:image:width\" content=\"1120\" \/>\n\t<meta property=\"og:image:height\" content=\"630\" \/>\n\t<meta property=\"og:image:type\" content=\"image\/jpeg\" \/>\n<meta name=\"author\" content=\"Alex Pussieldi\" \/>\n<meta name=\"twitter:card\" content=\"summary_large_image\" \/>\n<meta name=\"twitter:label1\" content=\"Escrito por\" \/>\n\t<meta name=\"twitter:data1\" content=\"Alex Pussieldi\" \/>\n\t<meta name=\"twitter:label2\" content=\"Est. tempo de leitura\" \/>\n\t<meta name=\"twitter:data2\" content=\"2 minutos\" \/>\n<script type=\"application\/ld+json\" class=\"yoast-schema-graph\">{\"@context\":\"https:\/\/schema.org\",\"@graph\":[{\"@type\":\"Article\",\"@id\":\"https:\/\/swimchannel.net\/br\/celine-bispo-e-luiz-altamir-ganham-o-mvp-viva-floresta-swim-channel-do-dia-2-do-brasileiro-de-salvador\/#article\",\"isPartOf\":{\"@id\":\"https:\/\/swimchannel.net\/br\/celine-bispo-e-luiz-altamir-ganham-o-mvp-viva-floresta-swim-channel-do-dia-2-do-brasileiro-de-salvador\/\"},\"author\":{\"name\":\"Alex Pussieldi\",\"@id\":\"https:\/\/swimchannel.net\/br\/#\/schema\/person\/cf549cb99cf75592fcf7c76213385e63\"},\"headline\":\"Celine Bispo e Luiz Altamir ganham o MVP Viva Floresta Swim Channel do dia 2 do brasileiro de Salvador\",\"datePublished\":\"2023-07-06T12:13:53+00:00\",\"dateModified\":\"2023-07-06T13:23:41+00:00\",\"mainEntityOfPage\":{\"@id\":\"https:\/\/swimchannel.net\/br\/celine-bispo-e-luiz-altamir-ganham-o-mvp-viva-floresta-swim-channel-do-dia-2-do-brasileiro-de-salvador\/\"},\"wordCount\":357,\"commentCount\":0,\"publisher\":{\"@id\":\"https:\/\/swimchannel.net\/br\/#organization\"},\"image\":{\"@id\":\"https:\/\/swimchannel.net\/br\/celine-bispo-e-luiz-altamir-ganham-o-mvp-viva-floresta-swim-channel-do-dia-2-do-brasileiro-de-salvador\/#primaryimage\"},\"thumbnailUrl\":\"https:\/\/swimchannel.net\/br\/wp-content\/uploads\/2023\/07\/WhatsApp-Image-2023-07-06-at-10.17.58-2.jpeg\",\"keywords\":[\"Celine Bispo\",\"Luiz Altamir\",\"MVP Viva Floresta\"],\"articleSection\":[\"Nata\u00e7\u00e3o\",\"\u00daltimas Not\u00edcias\"],\"inLanguage\":\"pt-BR\",\"potentialAction\":[{\"@type\":\"CommentAction\",\"name\":\"Comment\",\"target\":[\"https:\/\/swimchannel.net\/br\/celine-bispo-e-luiz-altamir-ganham-o-mvp-viva-floresta-swim-channel-do-dia-2-do-brasileiro-de-salvador\/#respond\"]}]},{\"@type\":\"WebPage\",\"@id\":\"https:\/\/swimchannel.net\/br\/celine-bispo-e-luiz-altamir-ganham-o-mvp-viva-floresta-swim-channel-do-dia-2-do-brasileiro-de-salvador\/\",\"url\":\"https:\/\/swimchannel.net\/br\/celine-bispo-e-luiz-altamir-ganham-o-mvp-viva-floresta-swim-channel-do-dia-2-do-brasileiro-de-salvador\/\",\"name\":\"Celine Bispo e Luiz Altamir ganham o MVP Viva Floresta Swim Channel do dia 2 do brasileiro de Salvador - Swimchannel\",\"isPartOf\":{\"@id\":\"https:\/\/swimchannel.net\/br\/#website\"},\"primaryImageOfPage\":{\"@id\":\"https:\/\/swimchannel.net\/br\/celine-bispo-e-luiz-altamir-ganham-o-mvp-viva-floresta-swim-channel-do-dia-2-do-brasileiro-de-salvador\/#primaryimage\"},\"image\":{\"@id\":\"https:\/\/swimchannel.net\/br\/celine-bispo-e-luiz-altamir-ganham-o-mvp-viva-floresta-swim-channel-do-dia-2-do-brasileiro-de-salvador\/#primaryimage\"},\"thumbnailUrl\":\"https:\/\/swimchannel.net\/br\/wp-content\/uploads\/2023\/07\/WhatsApp-Image-2023-07-06-at-10.17.58-2.jpeg\",\"datePublished\":\"2023-07-06T12:13:53+00:00\",\"dateModified\":\"2023-07-06T13:23:41+00:00\",\"breadcrumb\":{\"@id\":\"https:\/\/swimchannel.net\/br\/celine-bispo-e-luiz-altamir-ganham-o-mvp-viva-floresta-swim-channel-do-dia-2-do-brasileiro-de-salvador\/#breadcrumb\"},\"inLanguage\":\"pt-BR\",\"potentialAction\":[{\"@type\":\"ReadAction\",\"target\":[\"https:\/\/swimchannel.net\/br\/celine-bispo-e-luiz-altamir-ganham-o-mvp-viva-floresta-swim-channel-do-dia-2-do-brasileiro-de-salvador\/\"]}]},{\"@type\":\"ImageObject\",\"inLanguage\":\"pt-BR\",\"@id\":\"https:\/\/swimchannel.net\/br\/celine-bispo-e-luiz-altamir-ganham-o-mvp-viva-floresta-swim-channel-do-dia-2-do-brasileiro-de-salvador\/#primaryimage\",\"url\":\"https:\/\/swimchannel.net\/br\/wp-content\/uploads\/2023\/07\/WhatsApp-Image-2023-07-06-at-10.17.58-2.jpeg\",\"contentUrl\":\"https:\/\/swimchannel.net\/br\/wp-content\/uploads\/2023\/07\/WhatsApp-Image-2023-07-06-at-10.17.58-2.jpeg\",\"width\":1120,\"height\":630,\"caption\":\"Luiz Altamir MVP Viva Floresta \/ Swim Channel do segundo dia do Campeonato Brasileiro Junior e S\u00eanior\"},{\"@type\":\"BreadcrumbList\",\"@id\":\"https:\/\/swimchannel.net\/br\/celine-bispo-e-luiz-altamir-ganham-o-mvp-viva-floresta-swim-channel-do-dia-2-do-brasileiro-de-salvador\/#breadcrumb\",\"itemListElement\":[{\"@type\":\"ListItem\",\"position\":1,\"name\":\"Home\",\"item\":\"https:\/\/swimchannel.net\/br\/\"},{\"@type\":\"ListItem\",\"position\":2,\"name\":\"Celine Bispo e Luiz Altamir ganham o MVP Viva Floresta Swim Channel do dia 2 do brasileiro de Salvador\"}]},{\"@type\":\"WebSite\",\"@id\":\"https:\/\/swimchannel.net\/br\/#website\",\"url\":\"https:\/\/swimchannel.net\/br\/\",\"name\":\"Swimchannel\",\"description\":\"Maior portal de nata\u00e7\u00e3o da america latina\",\"publisher\":{\"@id\":\"https:\/\/swimchannel.net\/br\/#organization\"},\"potentialAction\":[{\"@type\":\"SearchAction\",\"target\":{\"@type\":\"EntryPoint\",\"urlTemplate\":\"https:\/\/swimchannel.net\/br\/?s={search_term_string}\"},\"query-input\":{\"@type\":\"PropertyValueSpecification\",\"valueRequired\":true,\"valueName\":\"search_term_string\"}}],\"inLanguage\":\"pt-BR\"},{\"@type\":\"Organization\",\"@id\":\"https:\/\/swimchannel.net\/br\/#organization\",\"name\":\"Swimchannel - Conectando voc\u00ea a Nata\u00e7\u00e3o\",\"url\":\"https:\/\/swimchannel.net\/br\/\",\"logo\":{\"@type\":\"ImageObject\",\"inLanguage\":\"pt-BR\",\"@id\":\"https:\/\/swimchannel.net\/br\/#\/schema\/logo\/image\/\",\"url\":\"https:\/\/swimchannel.net\/br\/wp-content\/uploads\/2026\/02\/SWIM-CHANNEL.png\",\"contentUrl\":\"https:\/\/swimchannel.net\/br\/wp-content\/uploads\/2026\/02\/SWIM-CHANNEL.png\",\"width\":1120,\"height\":630,\"caption\":\"Swimchannel - Conectando voc\u00ea a Nata\u00e7\u00e3o\"},\"image\":{\"@id\":\"https:\/\/swimchannel.net\/br\/#\/schema\/logo\/image\/\"},\"sameAs\":[\"https:\/\/www.facebook.com\/swimchannel\",\"https:\/\/www.instagram.com\/swimchannel\"]},{\"@type\":\"Person\",\"@id\":\"https:\/\/swimchannel.net\/br\/#\/schema\/person\/cf549cb99cf75592fcf7c76213385e63\",\"name\":\"Alex Pussieldi\",\"image\":{\"@type\":\"ImageObject\",\"inLanguage\":\"pt-BR\",\"@id\":\"https:\/\/swimchannel.net\/br\/#\/schema\/person\/image\/\",\"url\":\"https:\/\/swimchannel.net\/br\/wp-content\/uploads\/2021\/02\/9b1c252d-a4bd-4eda-b399-24565cac4114-100x100.jpg\",\"contentUrl\":\"https:\/\/swimchannel.net\/br\/wp-content\/uploads\/2021\/02\/9b1c252d-a4bd-4eda-b399-24565cac4114-100x100.jpg\",\"caption\":\"Alex Pussieldi\"},\"description\":\"Alexandre Pussieldi, apelidado de \u201ccoach\u201d, Foi t\u00e9cnico da sele\u00e7\u00e3o verde e amarela nas Olimp\u00edadas de Pequim-2008 e Londres-2012. O treinador ainda comandou outros quatro pa\u00edses: Kuwait, Paraguai, Aruba e Antilhas Holandesas, al\u00e9m da sele\u00e7\u00e3o americana de \u00e1guas abertas. Pussieldi tem passagens como comentarista de nata\u00e7\u00e3o do Grupo Globo e Swim Channel.\",\"url\":\"https:\/\/swimchannel.net\/br\/author\/alexpussieldi\/\"}]}<\/script>\n<!-- \/ Yoast SEO plugin. -->","yoast_head_json":{"title":"Celine Bispo e Luiz Altamir ganham o MVP Viva Floresta Swim Channel do dia 2 do brasileiro de Salvador - Swimchannel","robots":{"index":"index","follow":"follow","max-snippet":"max-snippet:-1","max-image-preview":"max-image-preview:large","max-video-preview":"max-video-preview:-1"},"canonical":"https:\/\/swimchannel.net\/br\/celine-bispo-e-luiz-altamir-ganham-o-mvp-viva-floresta-swim-channel-do-dia-2-do-brasileiro-de-salvador\/","og_locale":"pt_BR","og_type":"article","og_title":"Celine Bispo e Luiz Altamir ganham o MVP Viva Floresta Swim Channel do dia 2 do brasileiro de Salvador - Swimchannel","og_description":"Dois atletas de clubes nordestinos ganharam o MVP Viva Floresta da transmiss\u00e3o da Swim Channel TV no dia 2 do Campeonato Brasileiro J\u00fanior e S\u00eanior de Inverno em Savlador. E foi na mesma prova, os 200 metros nado livre e ambos classificados para representar o Brasil no Mundial de Fukuoka. No feminino a escolhida foi [&hellip;]","og_url":"https:\/\/swimchannel.net\/br\/celine-bispo-e-luiz-altamir-ganham-o-mvp-viva-floresta-swim-channel-do-dia-2-do-brasileiro-de-salvador\/","og_site_name":"Swimchannel","article_publisher":"https:\/\/www.facebook.com\/swimchannel","article_published_time":"2023-07-06T12:13:53+00:00","article_modified_time":"2023-07-06T13:23:41+00:00","og_image":[{"width":1120,"height":630,"url":"https:\/\/swimchannel.net\/br\/wp-content\/uploads\/2023\/07\/WhatsApp-Image-2023-07-06-at-10.17.58-2.jpeg","type":"image\/jpeg"}],"author":"Alex Pussieldi","twitter_card":"summary_large_image","twitter_misc":{"Escrito por":"Alex Pussieldi","Est. tempo de leitura":"2 minutos"},"schema":{"@context":"https:\/\/schema.org","@graph":[{"@type":"Article","@id":"https:\/\/swimchannel.net\/br\/celine-bispo-e-luiz-altamir-ganham-o-mvp-viva-floresta-swim-channel-do-dia-2-do-brasileiro-de-salvador\/#article","isPartOf":{"@id":"https:\/\/swimchannel.net\/br\/celine-bispo-e-luiz-altamir-ganham-o-mvp-viva-floresta-swim-channel-do-dia-2-do-brasileiro-de-salvador\/"},"author":{"name":"Alex Pussieldi","@id":"https:\/\/swimchannel.net\/br\/#\/schema\/person\/cf549cb99cf75592fcf7c76213385e63"},"headline":"Celine Bispo e Luiz Altamir ganham o MVP Viva Floresta Swim Channel do dia 2 do brasileiro de Salvador","datePublished":"2023-07-06T12:13:53+00:00","dateModified":"2023-07-06T13:23:41+00:00","mainEntityOfPage":{"@id":"https:\/\/swimchannel.net\/br\/celine-bispo-e-luiz-altamir-ganham-o-mvp-viva-floresta-swim-channel-do-dia-2-do-brasileiro-de-salvador\/"},"wordCount":357,"commentCount":0,"publisher":{"@id":"https:\/\/swimchannel.net\/br\/#organization"},"image":{"@id":"https:\/\/swimchannel.net\/br\/celine-bispo-e-luiz-altamir-ganham-o-mvp-viva-floresta-swim-channel-do-dia-2-do-brasileiro-de-salvador\/#primaryimage"},"thumbnailUrl":"https:\/\/swimchannel.net\/br\/wp-content\/uploads\/2023\/07\/WhatsApp-Image-2023-07-06-at-10.17.58-2.jpeg","keywords":["Celine Bispo","Luiz Altamir","MVP Viva Floresta"],"articleSection":["Nata\u00e7\u00e3o","\u00daltimas Not\u00edcias"],"inLanguage":"pt-BR","potentialAction":[{"@type":"CommentAction","name":"Comment","target":["https:\/\/swimchannel.net\/br\/celine-bispo-e-luiz-altamir-ganham-o-mvp-viva-floresta-swim-channel-do-dia-2-do-brasileiro-de-salvador\/#respond"]}]},{"@type":"WebPage","@id":"https:\/\/swimchannel.net\/br\/celine-bispo-e-luiz-altamir-ganham-o-mvp-viva-floresta-swim-channel-do-dia-2-do-brasileiro-de-salvador\/","url":"https:\/\/swimchannel.net\/br\/celine-bispo-e-luiz-altamir-ganham-o-mvp-viva-floresta-swim-channel-do-dia-2-do-brasileiro-de-salvador\/","name":"Celine Bispo e Luiz Altamir ganham o MVP Viva Floresta Swim Channel do dia 2 do brasileiro de Salvador - Swimchannel","isPartOf":{"@id":"https:\/\/swimchannel.net\/br\/#website"},"primaryImageOfPage":{"@id":"https:\/\/swimchannel.net\/br\/celine-bispo-e-luiz-altamir-ganham-o-mvp-viva-floresta-swim-channel-do-dia-2-do-brasileiro-de-salvador\/#primaryimage"},"image":{"@id":"https:\/\/swimchannel.net\/br\/celine-bispo-e-luiz-altamir-ganham-o-mvp-viva-floresta-swim-channel-do-dia-2-do-brasileiro-de-salvador\/#primaryimage"},"thumbnailUrl":"https:\/\/swimchannel.net\/br\/wp-content\/uploads\/2023\/07\/WhatsApp-Image-2023-07-06-at-10.17.58-2.jpeg","datePublished":"2023-07-06T12:13:53+00:00","dateModified":"2023-07-06T13:23:41+00:00","breadcrumb":{"@id":"https:\/\/swimchannel.net\/br\/celine-bispo-e-luiz-altamir-ganham-o-mvp-viva-floresta-swim-channel-do-dia-2-do-brasileiro-de-salvador\/#breadcrumb"},"inLanguage":"pt-BR","potentialAction":[{"@type":"ReadAction","target":["https:\/\/swimchannel.net\/br\/celine-bispo-e-luiz-altamir-ganham-o-mvp-viva-floresta-swim-channel-do-dia-2-do-brasileiro-de-salvador\/"]}]},{"@type":"ImageObject","inLanguage":"pt-BR","@id":"https:\/\/swimchannel.net\/br\/celine-bispo-e-luiz-altamir-ganham-o-mvp-viva-floresta-swim-channel-do-dia-2-do-brasileiro-de-salvador\/#primaryimage","url":"https:\/\/swimchannel.net\/br\/wp-content\/uploads\/2023\/07\/WhatsApp-Image-2023-07-06-at-10.17.58-2.jpeg","contentUrl":"https:\/\/swimchannel.net\/br\/wp-content\/uploads\/2023\/07\/WhatsApp-Image-2023-07-06-at-10.17.58-2.jpeg","width":1120,"height":630,"caption":"Luiz Altamir MVP Viva Floresta \/ Swim Channel do segundo dia do Campeonato Brasileiro Junior e S\u00eanior"},{"@type":"BreadcrumbList","@id":"https:\/\/swimchannel.net\/br\/celine-bispo-e-luiz-altamir-ganham-o-mvp-viva-floresta-swim-channel-do-dia-2-do-brasileiro-de-salvador\/#breadcrumb","itemListElement":[{"@type":"ListItem","position":1,"name":"Home","item":"https:\/\/swimchannel.net\/br\/"},{"@type":"ListItem","position":2,"name":"Celine Bispo e Luiz Altamir ganham o MVP Viva Floresta Swim Channel do dia 2 do brasileiro de Salvador"}]},{"@type":"WebSite","@id":"https:\/\/swimchannel.net\/br\/#website","url":"https:\/\/swimchannel.net\/br\/","name":"Swimchannel","description":"Maior portal de nata\u00e7\u00e3o da america latina","publisher":{"@id":"https:\/\/swimchannel.net\/br\/#organization"},"potentialAction":[{"@type":"SearchAction","target":{"@type":"EntryPoint","urlTemplate":"https:\/\/swimchannel.net\/br\/?s={search_term_string}"},"query-input":{"@type":"PropertyValueSpecification","valueRequired":true,"valueName":"search_term_string"}}],"inLanguage":"pt-BR"},{"@type":"Organization","@id":"https:\/\/swimchannel.net\/br\/#organization","name":"Swimchannel - Conectando voc\u00ea a Nata\u00e7\u00e3o","url":"https:\/\/swimchannel.net\/br\/","logo":{"@type":"ImageObject","inLanguage":"pt-BR","@id":"https:\/\/swimchannel.net\/br\/#\/schema\/logo\/image\/","url":"https:\/\/swimchannel.net\/br\/wp-content\/uploads\/2026\/02\/SWIM-CHANNEL.png","contentUrl":"https:\/\/swimchannel.net\/br\/wp-content\/uploads\/2026\/02\/SWIM-CHANNEL.png","width":1120,"height":630,"caption":"Swimchannel - Conectando voc\u00ea a Nata\u00e7\u00e3o"},"image":{"@id":"https:\/\/swimchannel.net\/br\/#\/schema\/logo\/image\/"},"sameAs":["https:\/\/www.facebook.com\/swimchannel","https:\/\/www.instagram.com\/swimchannel"]},{"@type":"Person","@id":"https:\/\/swimchannel.net\/br\/#\/schema\/person\/cf549cb99cf75592fcf7c76213385e63","name":"Alex Pussieldi","image":{"@type":"ImageObject","inLanguage":"pt-BR","@id":"https:\/\/swimchannel.net\/br\/#\/schema\/person\/image\/","url":"https:\/\/swimchannel.net\/br\/wp-content\/uploads\/2021\/02\/9b1c252d-a4bd-4eda-b399-24565cac4114-100x100.jpg","contentUrl":"https:\/\/swimchannel.net\/br\/wp-content\/uploads\/2021\/02\/9b1c252d-a4bd-4eda-b399-24565cac4114-100x100.jpg","caption":"Alex Pussieldi"},"description":"Alexandre Pussieldi, apelidado de \u201ccoach\u201d, Foi t\u00e9cnico da sele\u00e7\u00e3o verde e amarela nas Olimp\u00edadas de Pequim-2008 e Londres-2012. O treinador ainda comandou outros quatro pa\u00edses: Kuwait, Paraguai, Aruba e Antilhas Holandesas, al\u00e9m da sele\u00e7\u00e3o americana de \u00e1guas abertas. Pussieldi tem passagens como comentarista de nata\u00e7\u00e3o do Grupo Globo e Swim Channel.","url":"https:\/\/swimchannel.net\/br\/author\/alexpussieldi\/"}]}},"_links":{"self":[{"href":"https:\/\/swimchannel.net\/br\/wp-json\/wp\/v2\/posts\/58694","targetHints":{"allow":["GET"]}}],"collection":[{"href":"https:\/\/swimchannel.net\/br\/wp-json\/wp\/v2\/posts"}],"about":[{"href":"https:\/\/swimchannel.net\/br\/wp-json\/wp\/v2\/types\/post"}],"author":[{"embeddable":true,"href":"https:\/\/swimchannel.net\/br\/wp-json\/wp\/v2\/users\/12"}],"replies":[{"embeddable":true,"href":"https:\/\/swimchannel.net\/br\/wp-json\/wp\/v2\/comments?post=58694"}],"version-history":[{"count":3,"href":"https:\/\/swimchannel.net\/br\/wp-json\/wp\/v2\/posts\/58694\/revisions"}],"predecessor-version":[{"id":58704,"href":"https:\/\/swimchannel.net\/br\/wp-json\/wp\/v2\/posts\/58694\/revisions\/58704"}],"wp:featuredmedia":[{"embeddable":true,"href":"https:\/\/swimchannel.net\/br\/wp-json\/wp\/v2\/media\/58702"}],"wp:attachment":[{"href":"https:\/\/swimchannel.net\/br\/wp-json\/wp\/v2\/media?parent=58694"}],"wp:term":[{"taxonomy":"category","embeddable":true,"href":"https:\/\/swimchannel.net\/br\/wp-json\/wp\/v2\/categories?post=58694"},{"taxonomy":"post_tag","embeddable":true,"href":"https:\/\/swimchannel.net\/br\/wp-json\/wp\/v2\/tags?post=58694"}],"curies":[{"name":"wp","href":"https:\/\/api.w.org\/{rel}","templated":true}]}}