{"id":58765,"date":"2023-07-11T16:04:55","date_gmt":"2023-07-11T19:04:55","guid":{"rendered":"https:\/\/swimchannel.net\/br\/?p=58765"},"modified":"2026-03-26T19:40:49","modified_gmt":"2026-03-26T22:40:49","slug":"programacao-de-provas-das-aguas-abertas-e-horario-de-disputa","status":"publish","type":"post","link":"https:\/\/swimchannel.net\/br\/programacao-de-provas-das-aguas-abertas-e-horario-de-disputa\/","title":{"rendered":"Programa\u00e7\u00e3o de provas das \u00e1guas abertas e hor\u00e1rio de disputa"},"content":{"rendered":"<p>As \u00e1guas abertas do Mundial de Fukuoka v\u00e3o classificar seis nadadores, tr\u00eas de cada sexo, para a prova ol\u00edmpica de Paris no pr\u00f3ximo ano. Os dois primeiros de disputa das competi\u00e7\u00f5es est\u00e3o destinados as provas dos 10 quil\u00f4metros que garantem os primeiros participantes dos 22 nadadores que estar\u00e3o oficialmente na disputa ol\u00edmpica de 2024. O programa das \u00e1guas abertas de Fukuoka pela primeira vez, desde que a modalidade entrou nos Mundiais, n\u00e3o ter\u00e1 a prova dos 25 quil\u00f4metros, segundo a World Aquatics, em decis\u00e3o que n\u00e3o ter\u00e1 revers\u00e3o em futuras disputas.<\/p>\n<p>O Mundial tem quatro dias de disputa e em tr\u00eas dist\u00e2ncias distintas:<\/p>\n<p>15 de julho \u2013 10 quil\u00f4metros feminino<br \/>\n16 de julho \u2013 10 quil\u00f4metros masculino<br \/>\n18 de julho \u2013 5 quil\u00f4metros feminino e masculino<br \/>\n20 de julho \u2013 Revezamento 4\u00d71500 metros misto<\/p>\n<p>A praia de Seaside Momochi Beach Park, uma praia artificial localizada ao p\u00e9 da Torre de Fukuoka, local de grande aflu\u00eancia tur\u00edstica e com apenas um quil\u00f4metro de praia. A disposi\u00e7\u00e3o do circuito ir\u00e1 permitir uma visualiza\u00e7\u00e3o de toda a prova pela audi\u00eancia.<\/p>\n<p><strong>A prova dos 10 quil\u00f4metros ter\u00e1:<\/strong><br \/>\n6 voltas de 1.668 metros cada, com ajuste no final para o total de 10 quil\u00f4metros. S\u00e3o quatro b\u00f3ias vermelhas de contorno em percurso em forma de quadrado com outras quatro b\u00f3ias amarelas de sinaliza\u00e7\u00e3o. Cada linha do quadrado do percurso tem 417 metros.<\/p>\n<p><strong>A prova dos 5 quil\u00f4metros ter\u00e1:<\/strong><br \/>\n3 voltas de 1.668 metros cada, com ajuste no final para o total de 5 quil\u00f4metros. S\u00e3o quatro b\u00f3ias vermelhas de contorno em percurso em forma de quadrado com outras quatro b\u00f3ias amarelas de sinaliza\u00e7\u00e3o. Cada linha do quadrado do percurso tem 417 metros.<\/p>\n<p><strong>A prova do revezamento misto ter\u00e1:<\/strong><br \/>\n1 volta de um quadrado de 375 metros para cada nadador, tamb\u00e9m com quatro b\u00f3ias vermelhas de contorno em percurso em forma de quadrado com outras quatro b\u00f3ias amarelas de sinaliza\u00e7\u00e3o. Cada linha do quadro de percurso de 375 metros.<\/p>\n<p><strong>Programa\u00e7\u00e3o no hor\u00e1rio de Bras\u00edlia:<\/strong><br \/>\n14 de julho, sexta-feira, 20:00 \u2013 Prova dos 10 quil\u00f4metros feminino<br \/>\n15 de julho, s\u00e1bado, 20:00 \u2013 Prova dos 10 quil\u00f4metros masculino<br \/>\n17 de julho, segunda-feira, 20:00 \u2013 Prova dos 5 quil\u00f4metros feminino<br \/>\n17 de julho, segunda-feira, 22:00 \u2013 Prova dos 5 quil\u00f4metros masculino<br \/>\n19 de julho, quinta-feira, 20:00 \u2013 Prova do revezamento 4\u00d71500 metros<\/p>\n","protected":false},"excerpt":{"rendered":"<p>As \u00e1guas abertas do Mundial de Fukuoka v\u00e3o classificar seis nadadores, tr\u00eas de cada sexo, para a prova ol\u00edmpica de Paris no pr\u00f3ximo ano. Os dois primeiros de disputa das competi\u00e7\u00f5es est\u00e3o destinados as provas dos 10 quil\u00f4metros que garantem os primeiros participantes dos 22 nadadores que estar\u00e3o oficialmente na disputa ol\u00edmpica de 2024. O [&hellip;]<\/p>\n","protected":false},"author":12,"featured_media":0,"comment_status":"open","ping_status":"open","sticky":false,"template":"","format":"standard","meta":{"footnotes":""},"categories":[115,2576],"tags":[4520],"class_list":["post-58765","post","type-post","status-publish","format-standard","hentry","category-aguas-abertas","category-ultimas-noticias","tag-mundial-de-fukuoka"],"yoast_head":"<!-- This site is optimized with the Yoast SEO plugin v27.0 - https:\/\/yoast.com\/product\/yoast-seo-wordpress\/ -->\n<title>Programa\u00e7\u00e3o de provas das \u00e1guas abertas e hor\u00e1rio de disputa - Swimchannel<\/title>\n<meta name=\"robots\" content=\"index, follow, max-snippet:-1, max-image-preview:large, max-video-preview:-1\" \/>\n<link rel=\"canonical\" href=\"https:\/\/swimchannel.net\/br\/programacao-de-provas-das-aguas-abertas-e-horario-de-disputa\/\" \/>\n<meta property=\"og:locale\" content=\"pt_BR\" \/>\n<meta property=\"og:type\" content=\"article\" \/>\n<meta property=\"og:title\" content=\"Programa\u00e7\u00e3o de provas das \u00e1guas abertas e hor\u00e1rio de disputa - Swimchannel\" \/>\n<meta property=\"og:description\" content=\"As \u00e1guas abertas do Mundial de Fukuoka v\u00e3o classificar seis nadadores, tr\u00eas de cada sexo, para a prova ol\u00edmpica de Paris no pr\u00f3ximo ano. Os dois primeiros de disputa das competi\u00e7\u00f5es est\u00e3o destinados as provas dos 10 quil\u00f4metros que garantem os primeiros participantes dos 22 nadadores que estar\u00e3o oficialmente na disputa ol\u00edmpica de 2024. O [&hellip;]\" \/>\n<meta property=\"og:url\" content=\"https:\/\/swimchannel.net\/br\/programacao-de-provas-das-aguas-abertas-e-horario-de-disputa\/\" \/>\n<meta property=\"og:site_name\" content=\"Swimchannel\" \/>\n<meta property=\"article:publisher\" content=\"https:\/\/www.facebook.com\/swimchannel\" \/>\n<meta property=\"article:published_time\" content=\"2023-07-11T19:04:55+00:00\" \/>\n<meta property=\"article:modified_time\" content=\"2026-03-26T22:40:49+00:00\" \/>\n<meta name=\"author\" content=\"Alex Pussieldi\" \/>\n<meta name=\"twitter:card\" content=\"summary_large_image\" \/>\n<meta name=\"twitter:label1\" content=\"Escrito por\" \/>\n\t<meta name=\"twitter:data1\" content=\"Alex Pussieldi\" \/>\n\t<meta name=\"twitter:label2\" content=\"Est. tempo de leitura\" \/>\n\t<meta name=\"twitter:data2\" content=\"3 minutos\" \/>\n<script type=\"application\/ld+json\" class=\"yoast-schema-graph\">{\"@context\":\"https:\/\/schema.org\",\"@graph\":[{\"@type\":\"Article\",\"@id\":\"https:\/\/swimchannel.net\/br\/programacao-de-provas-das-aguas-abertas-e-horario-de-disputa\/#article\",\"isPartOf\":{\"@id\":\"https:\/\/swimchannel.net\/br\/programacao-de-provas-das-aguas-abertas-e-horario-de-disputa\/\"},\"author\":{\"name\":\"Alex Pussieldi\",\"@id\":\"https:\/\/swimchannel.net\/br\/#\/schema\/person\/cf549cb99cf75592fcf7c76213385e63\"},\"headline\":\"Programa\u00e7\u00e3o de provas das \u00e1guas abertas e hor\u00e1rio de disputa\",\"datePublished\":\"2023-07-11T19:04:55+00:00\",\"dateModified\":\"2026-03-26T22:40:49+00:00\",\"mainEntityOfPage\":{\"@id\":\"https:\/\/swimchannel.net\/br\/programacao-de-provas-das-aguas-abertas-e-horario-de-disputa\/\"},\"wordCount\":395,\"commentCount\":0,\"publisher\":{\"@id\":\"https:\/\/swimchannel.net\/br\/#organization\"},\"keywords\":[\"mundial de fukuoka\"],\"articleSection\":[\"\u00c1guas Abertas\",\"\u00daltimas Not\u00edcias\"],\"inLanguage\":\"pt-BR\",\"potentialAction\":[{\"@type\":\"CommentAction\",\"name\":\"Comment\",\"target\":[\"https:\/\/swimchannel.net\/br\/programacao-de-provas-das-aguas-abertas-e-horario-de-disputa\/#respond\"]}]},{\"@type\":\"WebPage\",\"@id\":\"https:\/\/swimchannel.net\/br\/programacao-de-provas-das-aguas-abertas-e-horario-de-disputa\/\",\"url\":\"https:\/\/swimchannel.net\/br\/programacao-de-provas-das-aguas-abertas-e-horario-de-disputa\/\",\"name\":\"Programa\u00e7\u00e3o de provas das \u00e1guas abertas e hor\u00e1rio de disputa - Swimchannel\",\"isPartOf\":{\"@id\":\"https:\/\/swimchannel.net\/br\/#website\"},\"datePublished\":\"2023-07-11T19:04:55+00:00\",\"dateModified\":\"2026-03-26T22:40:49+00:00\",\"breadcrumb\":{\"@id\":\"https:\/\/swimchannel.net\/br\/programacao-de-provas-das-aguas-abertas-e-horario-de-disputa\/#breadcrumb\"},\"inLanguage\":\"pt-BR\",\"potentialAction\":[{\"@type\":\"ReadAction\",\"target\":[\"https:\/\/swimchannel.net\/br\/programacao-de-provas-das-aguas-abertas-e-horario-de-disputa\/\"]}]},{\"@type\":\"BreadcrumbList\",\"@id\":\"https:\/\/swimchannel.net\/br\/programacao-de-provas-das-aguas-abertas-e-horario-de-disputa\/#breadcrumb\",\"itemListElement\":[{\"@type\":\"ListItem\",\"position\":1,\"name\":\"Home\",\"item\":\"https:\/\/swimchannel.net\/br\/\"},{\"@type\":\"ListItem\",\"position\":2,\"name\":\"Programa\u00e7\u00e3o de provas das \u00e1guas abertas e hor\u00e1rio de disputa\"}]},{\"@type\":\"WebSite\",\"@id\":\"https:\/\/swimchannel.net\/br\/#website\",\"url\":\"https:\/\/swimchannel.net\/br\/\",\"name\":\"Swimchannel\",\"description\":\"Maior portal de nata\u00e7\u00e3o da america latina\",\"publisher\":{\"@id\":\"https:\/\/swimchannel.net\/br\/#organization\"},\"potentialAction\":[{\"@type\":\"SearchAction\",\"target\":{\"@type\":\"EntryPoint\",\"urlTemplate\":\"https:\/\/swimchannel.net\/br\/?s={search_term_string}\"},\"query-input\":{\"@type\":\"PropertyValueSpecification\",\"valueRequired\":true,\"valueName\":\"search_term_string\"}}],\"inLanguage\":\"pt-BR\"},{\"@type\":\"Organization\",\"@id\":\"https:\/\/swimchannel.net\/br\/#organization\",\"name\":\"Swimchannel - Conectando voc\u00ea a Nata\u00e7\u00e3o\",\"url\":\"https:\/\/swimchannel.net\/br\/\",\"logo\":{\"@type\":\"ImageObject\",\"inLanguage\":\"pt-BR\",\"@id\":\"https:\/\/swimchannel.net\/br\/#\/schema\/logo\/image\/\",\"url\":\"https:\/\/swimchannel.net\/br\/wp-content\/uploads\/2026\/02\/SWIM-CHANNEL.png\",\"contentUrl\":\"https:\/\/swimchannel.net\/br\/wp-content\/uploads\/2026\/02\/SWIM-CHANNEL.png\",\"width\":1120,\"height\":630,\"caption\":\"Swimchannel - Conectando voc\u00ea a Nata\u00e7\u00e3o\"},\"image\":{\"@id\":\"https:\/\/swimchannel.net\/br\/#\/schema\/logo\/image\/\"},\"sameAs\":[\"https:\/\/www.facebook.com\/swimchannel\",\"https:\/\/www.instagram.com\/swimchannel\"]},{\"@type\":\"Person\",\"@id\":\"https:\/\/swimchannel.net\/br\/#\/schema\/person\/cf549cb99cf75592fcf7c76213385e63\",\"name\":\"Alex Pussieldi\",\"image\":{\"@type\":\"ImageObject\",\"inLanguage\":\"pt-BR\",\"@id\":\"https:\/\/swimchannel.net\/br\/#\/schema\/person\/image\/\",\"url\":\"https:\/\/swimchannel.net\/br\/wp-content\/uploads\/2021\/02\/9b1c252d-a4bd-4eda-b399-24565cac4114-100x100.jpg\",\"contentUrl\":\"https:\/\/swimchannel.net\/br\/wp-content\/uploads\/2021\/02\/9b1c252d-a4bd-4eda-b399-24565cac4114-100x100.jpg\",\"caption\":\"Alex Pussieldi\"},\"description\":\"Alexandre Pussieldi, apelidado de \u201ccoach\u201d, Foi t\u00e9cnico da sele\u00e7\u00e3o verde e amarela nas Olimp\u00edadas de Pequim-2008 e Londres-2012. O treinador ainda comandou outros quatro pa\u00edses: Kuwait, Paraguai, Aruba e Antilhas Holandesas, al\u00e9m da sele\u00e7\u00e3o americana de \u00e1guas abertas. Pussieldi tem passagens como comentarista de nata\u00e7\u00e3o do Grupo Globo e Swim Channel.\",\"url\":\"https:\/\/swimchannel.net\/br\/author\/alexpussieldi\/\"}]}<\/script>\n<!-- \/ Yoast SEO plugin. -->","yoast_head_json":{"title":"Programa\u00e7\u00e3o de provas das \u00e1guas abertas e hor\u00e1rio de disputa - Swimchannel","robots":{"index":"index","follow":"follow","max-snippet":"max-snippet:-1","max-image-preview":"max-image-preview:large","max-video-preview":"max-video-preview:-1"},"canonical":"https:\/\/swimchannel.net\/br\/programacao-de-provas-das-aguas-abertas-e-horario-de-disputa\/","og_locale":"pt_BR","og_type":"article","og_title":"Programa\u00e7\u00e3o de provas das \u00e1guas abertas e hor\u00e1rio de disputa - Swimchannel","og_description":"As \u00e1guas abertas do Mundial de Fukuoka v\u00e3o classificar seis nadadores, tr\u00eas de cada sexo, para a prova ol\u00edmpica de Paris no pr\u00f3ximo ano. Os dois primeiros de disputa das competi\u00e7\u00f5es est\u00e3o destinados as provas dos 10 quil\u00f4metros que garantem os primeiros participantes dos 22 nadadores que estar\u00e3o oficialmente na disputa ol\u00edmpica de 2024. O [&hellip;]","og_url":"https:\/\/swimchannel.net\/br\/programacao-de-provas-das-aguas-abertas-e-horario-de-disputa\/","og_site_name":"Swimchannel","article_publisher":"https:\/\/www.facebook.com\/swimchannel","article_published_time":"2023-07-11T19:04:55+00:00","article_modified_time":"2026-03-26T22:40:49+00:00","author":"Alex Pussieldi","twitter_card":"summary_large_image","twitter_misc":{"Escrito por":"Alex Pussieldi","Est. tempo de leitura":"3 minutos"},"schema":{"@context":"https:\/\/schema.org","@graph":[{"@type":"Article","@id":"https:\/\/swimchannel.net\/br\/programacao-de-provas-das-aguas-abertas-e-horario-de-disputa\/#article","isPartOf":{"@id":"https:\/\/swimchannel.net\/br\/programacao-de-provas-das-aguas-abertas-e-horario-de-disputa\/"},"author":{"name":"Alex Pussieldi","@id":"https:\/\/swimchannel.net\/br\/#\/schema\/person\/cf549cb99cf75592fcf7c76213385e63"},"headline":"Programa\u00e7\u00e3o de provas das \u00e1guas abertas e hor\u00e1rio de disputa","datePublished":"2023-07-11T19:04:55+00:00","dateModified":"2026-03-26T22:40:49+00:00","mainEntityOfPage":{"@id":"https:\/\/swimchannel.net\/br\/programacao-de-provas-das-aguas-abertas-e-horario-de-disputa\/"},"wordCount":395,"commentCount":0,"publisher":{"@id":"https:\/\/swimchannel.net\/br\/#organization"},"keywords":["mundial de fukuoka"],"articleSection":["\u00c1guas Abertas","\u00daltimas Not\u00edcias"],"inLanguage":"pt-BR","potentialAction":[{"@type":"CommentAction","name":"Comment","target":["https:\/\/swimchannel.net\/br\/programacao-de-provas-das-aguas-abertas-e-horario-de-disputa\/#respond"]}]},{"@type":"WebPage","@id":"https:\/\/swimchannel.net\/br\/programacao-de-provas-das-aguas-abertas-e-horario-de-disputa\/","url":"https:\/\/swimchannel.net\/br\/programacao-de-provas-das-aguas-abertas-e-horario-de-disputa\/","name":"Programa\u00e7\u00e3o de provas das \u00e1guas abertas e hor\u00e1rio de disputa - Swimchannel","isPartOf":{"@id":"https:\/\/swimchannel.net\/br\/#website"},"datePublished":"2023-07-11T19:04:55+00:00","dateModified":"2026-03-26T22:40:49+00:00","breadcrumb":{"@id":"https:\/\/swimchannel.net\/br\/programacao-de-provas-das-aguas-abertas-e-horario-de-disputa\/#breadcrumb"},"inLanguage":"pt-BR","potentialAction":[{"@type":"ReadAction","target":["https:\/\/swimchannel.net\/br\/programacao-de-provas-das-aguas-abertas-e-horario-de-disputa\/"]}]},{"@type":"BreadcrumbList","@id":"https:\/\/swimchannel.net\/br\/programacao-de-provas-das-aguas-abertas-e-horario-de-disputa\/#breadcrumb","itemListElement":[{"@type":"ListItem","position":1,"name":"Home","item":"https:\/\/swimchannel.net\/br\/"},{"@type":"ListItem","position":2,"name":"Programa\u00e7\u00e3o de provas das \u00e1guas abertas e hor\u00e1rio de disputa"}]},{"@type":"WebSite","@id":"https:\/\/swimchannel.net\/br\/#website","url":"https:\/\/swimchannel.net\/br\/","name":"Swimchannel","description":"Maior portal de nata\u00e7\u00e3o da america latina","publisher":{"@id":"https:\/\/swimchannel.net\/br\/#organization"},"potentialAction":[{"@type":"SearchAction","target":{"@type":"EntryPoint","urlTemplate":"https:\/\/swimchannel.net\/br\/?s={search_term_string}"},"query-input":{"@type":"PropertyValueSpecification","valueRequired":true,"valueName":"search_term_string"}}],"inLanguage":"pt-BR"},{"@type":"Organization","@id":"https:\/\/swimchannel.net\/br\/#organization","name":"Swimchannel - Conectando voc\u00ea a Nata\u00e7\u00e3o","url":"https:\/\/swimchannel.net\/br\/","logo":{"@type":"ImageObject","inLanguage":"pt-BR","@id":"https:\/\/swimchannel.net\/br\/#\/schema\/logo\/image\/","url":"https:\/\/swimchannel.net\/br\/wp-content\/uploads\/2026\/02\/SWIM-CHANNEL.png","contentUrl":"https:\/\/swimchannel.net\/br\/wp-content\/uploads\/2026\/02\/SWIM-CHANNEL.png","width":1120,"height":630,"caption":"Swimchannel - Conectando voc\u00ea a Nata\u00e7\u00e3o"},"image":{"@id":"https:\/\/swimchannel.net\/br\/#\/schema\/logo\/image\/"},"sameAs":["https:\/\/www.facebook.com\/swimchannel","https:\/\/www.instagram.com\/swimchannel"]},{"@type":"Person","@id":"https:\/\/swimchannel.net\/br\/#\/schema\/person\/cf549cb99cf75592fcf7c76213385e63","name":"Alex Pussieldi","image":{"@type":"ImageObject","inLanguage":"pt-BR","@id":"https:\/\/swimchannel.net\/br\/#\/schema\/person\/image\/","url":"https:\/\/swimchannel.net\/br\/wp-content\/uploads\/2021\/02\/9b1c252d-a4bd-4eda-b399-24565cac4114-100x100.jpg","contentUrl":"https:\/\/swimchannel.net\/br\/wp-content\/uploads\/2021\/02\/9b1c252d-a4bd-4eda-b399-24565cac4114-100x100.jpg","caption":"Alex Pussieldi"},"description":"Alexandre Pussieldi, apelidado de \u201ccoach\u201d, Foi t\u00e9cnico da sele\u00e7\u00e3o verde e amarela nas Olimp\u00edadas de Pequim-2008 e Londres-2012. O treinador ainda comandou outros quatro pa\u00edses: Kuwait, Paraguai, Aruba e Antilhas Holandesas, al\u00e9m da sele\u00e7\u00e3o americana de \u00e1guas abertas. Pussieldi tem passagens como comentarista de nata\u00e7\u00e3o do Grupo Globo e Swim Channel.","url":"https:\/\/swimchannel.net\/br\/author\/alexpussieldi\/"}]}},"_links":{"self":[{"href":"https:\/\/swimchannel.net\/br\/wp-json\/wp\/v2\/posts\/58765","targetHints":{"allow":["GET"]}}],"collection":[{"href":"https:\/\/swimchannel.net\/br\/wp-json\/wp\/v2\/posts"}],"about":[{"href":"https:\/\/swimchannel.net\/br\/wp-json\/wp\/v2\/types\/post"}],"author":[{"embeddable":true,"href":"https:\/\/swimchannel.net\/br\/wp-json\/wp\/v2\/users\/12"}],"replies":[{"embeddable":true,"href":"https:\/\/swimchannel.net\/br\/wp-json\/wp\/v2\/comments?post=58765"}],"version-history":[{"count":1,"href":"https:\/\/swimchannel.net\/br\/wp-json\/wp\/v2\/posts\/58765\/revisions"}],"predecessor-version":[{"id":58767,"href":"https:\/\/swimchannel.net\/br\/wp-json\/wp\/v2\/posts\/58765\/revisions\/58767"}],"wp:attachment":[{"href":"https:\/\/swimchannel.net\/br\/wp-json\/wp\/v2\/media?parent=58765"}],"wp:term":[{"taxonomy":"category","embeddable":true,"href":"https:\/\/swimchannel.net\/br\/wp-json\/wp\/v2\/categories?post=58765"},{"taxonomy":"post_tag","embeddable":true,"href":"https:\/\/swimchannel.net\/br\/wp-json\/wp\/v2\/tags?post=58765"}],"curies":[{"name":"wp","href":"https:\/\/api.w.org\/{rel}","templated":true}]}}