{"id":59482,"date":"2023-07-31T12:08:48","date_gmt":"2023-07-31T15:08:48","guid":{"rendered":"https:\/\/swimchannel.net\/br\/?p=59482"},"modified":"2026-03-27T19:19:16","modified_gmt":"2026-03-27T22:19:16","slug":"ledecky-cria-o-clube-dos-6-sara-sjoestroem-entra-no-clube-dos-5","status":"publish","type":"post","link":"https:\/\/swimchannel.net\/br\/ledecky-cria-o-clube-dos-6-sara-sjoestroem-entra-no-clube-dos-5\/","title":{"rendered":"Ledecky cria o clube dos 6, Sara Sjoestroem entra no clube dos 5"},"content":{"rendered":"<p>O feito in\u00e9dito de Katie Ledecky ao se tornar na primeira hexa campe\u00e3 mundial da hist\u00f3ria veio no mesmo dia que Sarah Sjoestroem entrou para o clube dos penta campe\u00f5es mundiais. Ledecky venceu os 800m livre com 8min08s87 e com isso chegou ao sexto campeonato mundial consecutivo, a \u00fanica que era penta consecutiva, agora se torna na primeira hexa.<\/p>\n<p>Nos Mundiais de Curta tamb\u00e9m temos um hexa campe\u00e3o, \u00e9 o japon\u00eas Daiya Seto que foi hexa campe\u00e3o dos 400m medley com a vit\u00f3ria de Melbourne no ano passado. Vale destacar que Seto n\u00e3o conseguiu fazer de forma consecutiva como Ledecky alcan\u00e7ou na piscina longa.<\/p>\n<p>Enquanto isso, Sarah Sjoestroem da Su\u00e9cia venceu os 50m borboleta com 24s77 e entrou para o clube do penta repetindo os t\u00edtulos que mant\u00e9m desde 2015. Agora, Sjoestroem \u00e9 a \u00fanica penta campe\u00e3 consecutiva da hist\u00f3ria.<\/p>\n<p>Veja aqui a lista destes feitos dos Mundiais dos Esportes Aqu\u00e1ticos:<\/p>\n<p><strong>HEXA<\/strong><br \/>\n<strong>Katie Ledecky, Estados Unidos, 800m livre<\/strong><br \/>\n2013 \u2013 8min13s86<br \/>\n2015 \u2013 8min07s39<br \/>\n2017 \u2013 8min12s68<br \/>\n2019 \u2013 8min13s58<br \/>\n2022 \u2013 8min08s04<br \/>\n2023 \u2013 8min08s87<\/p>\n<p><strong>PENTA<\/strong><br \/>\n<strong>Sarah Sjoestroem, Su\u00e9cia, 50m borboleta<\/strong><br \/>\n2015 \u2013 25s06<br \/>\n2017 \u2013 24s60<br \/>\n2019 \u2013 24s79<br \/>\n2022 \u2013 24s95<br \/>\n2023 \u2013 24s77<\/p>\n<p><strong>Michael Phelps, Estados Unidos, 200 metros borboleta<\/strong><br \/>\n2001 \u2013 1min54s58<br \/>\n2003 \u2013 1min54s35<br \/>\n2007 \u2013 1min52s09<br \/>\n2009 \u2013 1min51s51<br \/>\n2011 \u2013 1min53s34<\/p>\n<p><strong>Katinka Hosszu, Hungria, 400 metros medley<\/strong><br \/>\n2009 \u2013 4min30s31<br \/>\n2013 \u2013 4min30s41<br \/>\n2015 \u2013 4min30s49<br \/>\n2017 \u2013 4min29s33<br \/>\n2019 \u2013 4min30s39<\/p>\n<p><strong>Larissa Ilchenko, R\u00fassia, 5 quil\u00f4metros<\/strong><br \/>\n2004 \u2013 1h03min11s9<br \/>\n2005 \u2013 55min40s1<br \/>\n2006 \u2013 1h08min19s7<br \/>\n2007 \u2013 1h00min41s3<br \/>\n2008 \u2013 1h00min04s6<\/p>\n<figure id=\"attachment_53580\" aria-describedby=\"caption-attachment-53580\" style=\"width: 1053px\" class=\"wp-caption alignnone\"><img loading=\"lazy\" decoding=\"async\" class=\"size-full wp-image-53580\" src=\"https:\/\/swimchannel.net\/br\/wp-content\/uploads\/2022\/09\/ana_marcela_cunha_ouro_25km_mundial_2022.jpg\" alt=\"\" width=\"1053\" height=\"630\" srcset=\"https:\/\/swimchannel.net\/br\/wp-content\/uploads\/2022\/09\/ana_marcela_cunha_ouro_25km_mundial_2022.jpg 1053w, https:\/\/swimchannel.net\/br\/wp-content\/uploads\/2022\/09\/ana_marcela_cunha_ouro_25km_mundial_2022-301x180.jpg 301w, https:\/\/swimchannel.net\/br\/wp-content\/uploads\/2022\/09\/ana_marcela_cunha_ouro_25km_mundial_2022-768x459.jpg 768w, https:\/\/swimchannel.net\/br\/wp-content\/uploads\/2022\/09\/ana_marcela_cunha_ouro_25km_mundial_2022-750x449.jpg 750w\" sizes=\"auto, (max-width: 1053px) 100vw, 1053px\" \/><figcaption id=\"caption-attachment-53580\" class=\"wp-caption-text\">Ana Marcela Cunha \u00e9 pentacampe\u00e3 mundial dos 25 km &#8211; Foto: Reprodu\u00e7\u00e3o<\/figcaption><\/figure>\n<p><strong>Ana Marcela Cunha, Brasil, 25 quil\u00f4metros<\/strong><br \/>\n2011 \u2013 5h29min22s9<br \/>\n2015 \u2013 5h13min47s3<br \/>\n2017 \u2013 5h21min58s4<br \/>\n2019 \u2013 5h08min03s0<br \/>\n2022 \u2013 5h24min15s0<\/p>\n","protected":false},"excerpt":{"rendered":"<p>Americana obteve o feito nos 1500m livre e sueca nos 50m borboleta<\/p>\n","protected":false},"author":12,"featured_media":0,"comment_status":"open","ping_status":"open","sticky":false,"template":"","format":"gallery","meta":{"footnotes":""},"categories":[58],"tags":[44,5153,85,5,93],"class_list":["post-59482","post","type-post","status-publish","format-gallery","hentry","category-campeonato-mundial","tag-campeonato-mundial","tag-fukuoka-2023","tag-katie-ledecky","tag-natacao","tag-sara-sjoestroem","post_format-post-format-gallery"],"yoast_head":"<!-- This site is optimized with the Yoast SEO plugin v27.0 - https:\/\/yoast.com\/product\/yoast-seo-wordpress\/ -->\n<title>Ledecky cria o clube dos 6, Sara Sjoestroem entra no clube dos 5 - Swimchannel<\/title>\n<meta name=\"robots\" content=\"index, follow, max-snippet:-1, max-image-preview:large, max-video-preview:-1\" \/>\n<link rel=\"canonical\" href=\"https:\/\/swimchannel.net\/br\/ledecky-cria-o-clube-dos-6-sara-sjoestroem-entra-no-clube-dos-5\/\" \/>\n<meta property=\"og:locale\" content=\"pt_BR\" \/>\n<meta property=\"og:type\" content=\"article\" \/>\n<meta property=\"og:title\" content=\"Ledecky cria o clube dos 6, Sara Sjoestroem entra no clube dos 5 - Swimchannel\" \/>\n<meta property=\"og:description\" content=\"Americana obteve o feito nos 1500m livre e sueca nos 50m borboleta\" \/>\n<meta property=\"og:url\" content=\"https:\/\/swimchannel.net\/br\/ledecky-cria-o-clube-dos-6-sara-sjoestroem-entra-no-clube-dos-5\/\" \/>\n<meta property=\"og:site_name\" content=\"Swimchannel\" \/>\n<meta property=\"article:publisher\" content=\"https:\/\/www.facebook.com\/swimchannel\" \/>\n<meta property=\"article:published_time\" content=\"2023-07-31T15:08:48+00:00\" \/>\n<meta property=\"article:modified_time\" content=\"2026-03-27T22:19:16+00:00\" \/>\n<meta property=\"og:image\" content=\"https:\/\/swimchannel.net\/br\/wp-content\/uploads\/2022\/09\/ana_marcela_cunha_ouro_25km_mundial_2022.jpg\" \/>\n\t<meta property=\"og:image:width\" content=\"1053\" \/>\n\t<meta property=\"og:image:height\" content=\"630\" \/>\n\t<meta property=\"og:image:type\" content=\"image\/jpeg\" \/>\n<meta name=\"author\" content=\"Alex Pussieldi\" \/>\n<meta name=\"twitter:card\" content=\"summary_large_image\" \/>\n<meta name=\"twitter:label1\" content=\"Escrito por\" \/>\n\t<meta name=\"twitter:data1\" content=\"Alex Pussieldi\" \/>\n\t<meta name=\"twitter:label2\" content=\"Est. tempo de leitura\" \/>\n\t<meta name=\"twitter:data2\" content=\"2 minutos\" \/>\n<script type=\"application\/ld+json\" class=\"yoast-schema-graph\">{\"@context\":\"https:\/\/schema.org\",\"@graph\":[{\"@type\":\"Article\",\"@id\":\"https:\/\/swimchannel.net\/br\/ledecky-cria-o-clube-dos-6-sara-sjoestroem-entra-no-clube-dos-5\/#article\",\"isPartOf\":{\"@id\":\"https:\/\/swimchannel.net\/br\/ledecky-cria-o-clube-dos-6-sara-sjoestroem-entra-no-clube-dos-5\/\"},\"author\":{\"name\":\"Alex Pussieldi\",\"@id\":\"https:\/\/swimchannel.net\/br\/#\/schema\/person\/cf549cb99cf75592fcf7c76213385e63\"},\"headline\":\"Ledecky cria o clube dos 6, Sara Sjoestroem entra no clube dos 5\",\"datePublished\":\"2023-07-31T15:08:48+00:00\",\"dateModified\":\"2026-03-27T22:19:16+00:00\",\"mainEntityOfPage\":{\"@id\":\"https:\/\/swimchannel.net\/br\/ledecky-cria-o-clube-dos-6-sara-sjoestroem-entra-no-clube-dos-5\/\"},\"wordCount\":296,\"commentCount\":0,\"publisher\":{\"@id\":\"https:\/\/swimchannel.net\/br\/#organization\"},\"image\":{\"@id\":\"https:\/\/swimchannel.net\/br\/ledecky-cria-o-clube-dos-6-sara-sjoestroem-entra-no-clube-dos-5\/#primaryimage\"},\"thumbnailUrl\":\"https:\/\/swimchannel.net\/br\/wp-content\/uploads\/2022\/09\/ana_marcela_cunha_ouro_25km_mundial_2022.jpg\",\"keywords\":[\"Campeonato Mundial\",\"Fukuoka-2023\",\"Katie Ledecky\",\"natacao\",\"Sara Sjoestroem\"],\"articleSection\":[\"Campeonato Mundial\"],\"inLanguage\":\"pt-BR\",\"potentialAction\":[{\"@type\":\"CommentAction\",\"name\":\"Comment\",\"target\":[\"https:\/\/swimchannel.net\/br\/ledecky-cria-o-clube-dos-6-sara-sjoestroem-entra-no-clube-dos-5\/#respond\"]}]},{\"@type\":\"WebPage\",\"@id\":\"https:\/\/swimchannel.net\/br\/ledecky-cria-o-clube-dos-6-sara-sjoestroem-entra-no-clube-dos-5\/\",\"url\":\"https:\/\/swimchannel.net\/br\/ledecky-cria-o-clube-dos-6-sara-sjoestroem-entra-no-clube-dos-5\/\",\"name\":\"Ledecky cria o clube dos 6, Sara Sjoestroem entra no clube dos 5 - Swimchannel\",\"isPartOf\":{\"@id\":\"https:\/\/swimchannel.net\/br\/#website\"},\"primaryImageOfPage\":{\"@id\":\"https:\/\/swimchannel.net\/br\/ledecky-cria-o-clube-dos-6-sara-sjoestroem-entra-no-clube-dos-5\/#primaryimage\"},\"image\":{\"@id\":\"https:\/\/swimchannel.net\/br\/ledecky-cria-o-clube-dos-6-sara-sjoestroem-entra-no-clube-dos-5\/#primaryimage\"},\"thumbnailUrl\":\"https:\/\/swimchannel.net\/br\/wp-content\/uploads\/2022\/09\/ana_marcela_cunha_ouro_25km_mundial_2022.jpg\",\"datePublished\":\"2023-07-31T15:08:48+00:00\",\"dateModified\":\"2026-03-27T22:19:16+00:00\",\"breadcrumb\":{\"@id\":\"https:\/\/swimchannel.net\/br\/ledecky-cria-o-clube-dos-6-sara-sjoestroem-entra-no-clube-dos-5\/#breadcrumb\"},\"inLanguage\":\"pt-BR\",\"potentialAction\":[{\"@type\":\"ReadAction\",\"target\":[\"https:\/\/swimchannel.net\/br\/ledecky-cria-o-clube-dos-6-sara-sjoestroem-entra-no-clube-dos-5\/\"]}]},{\"@type\":\"ImageObject\",\"inLanguage\":\"pt-BR\",\"@id\":\"https:\/\/swimchannel.net\/br\/ledecky-cria-o-clube-dos-6-sara-sjoestroem-entra-no-clube-dos-5\/#primaryimage\",\"url\":\"https:\/\/swimchannel.net\/br\/wp-content\/uploads\/2022\/09\/ana_marcela_cunha_ouro_25km_mundial_2022.jpg\",\"contentUrl\":\"https:\/\/swimchannel.net\/br\/wp-content\/uploads\/2022\/09\/ana_marcela_cunha_ouro_25km_mundial_2022.jpg\",\"width\":1053,\"height\":630,\"caption\":\"Ana Marcela Cunha \u00e9 pentacampe\u00e3 mundial dos 25K - Foto: Reprodu\u00e7\u00e3o\"},{\"@type\":\"BreadcrumbList\",\"@id\":\"https:\/\/swimchannel.net\/br\/ledecky-cria-o-clube-dos-6-sara-sjoestroem-entra-no-clube-dos-5\/#breadcrumb\",\"itemListElement\":[{\"@type\":\"ListItem\",\"position\":1,\"name\":\"Home\",\"item\":\"https:\/\/swimchannel.net\/br\/\"},{\"@type\":\"ListItem\",\"position\":2,\"name\":\"Ledecky cria o clube dos 6, Sara Sjoestroem entra no clube dos 5\"}]},{\"@type\":\"WebSite\",\"@id\":\"https:\/\/swimchannel.net\/br\/#website\",\"url\":\"https:\/\/swimchannel.net\/br\/\",\"name\":\"Swimchannel\",\"description\":\"Maior portal de nata\u00e7\u00e3o da america latina\",\"publisher\":{\"@id\":\"https:\/\/swimchannel.net\/br\/#organization\"},\"potentialAction\":[{\"@type\":\"SearchAction\",\"target\":{\"@type\":\"EntryPoint\",\"urlTemplate\":\"https:\/\/swimchannel.net\/br\/?s={search_term_string}\"},\"query-input\":{\"@type\":\"PropertyValueSpecification\",\"valueRequired\":true,\"valueName\":\"search_term_string\"}}],\"inLanguage\":\"pt-BR\"},{\"@type\":\"Organization\",\"@id\":\"https:\/\/swimchannel.net\/br\/#organization\",\"name\":\"Swimchannel - Conectando voc\u00ea a Nata\u00e7\u00e3o\",\"url\":\"https:\/\/swimchannel.net\/br\/\",\"logo\":{\"@type\":\"ImageObject\",\"inLanguage\":\"pt-BR\",\"@id\":\"https:\/\/swimchannel.net\/br\/#\/schema\/logo\/image\/\",\"url\":\"https:\/\/swimchannel.net\/br\/wp-content\/uploads\/2026\/02\/SWIM-CHANNEL.png\",\"contentUrl\":\"https:\/\/swimchannel.net\/br\/wp-content\/uploads\/2026\/02\/SWIM-CHANNEL.png\",\"width\":1120,\"height\":630,\"caption\":\"Swimchannel - Conectando voc\u00ea a Nata\u00e7\u00e3o\"},\"image\":{\"@id\":\"https:\/\/swimchannel.net\/br\/#\/schema\/logo\/image\/\"},\"sameAs\":[\"https:\/\/www.facebook.com\/swimchannel\",\"https:\/\/www.instagram.com\/swimchannel\"]},{\"@type\":\"Person\",\"@id\":\"https:\/\/swimchannel.net\/br\/#\/schema\/person\/cf549cb99cf75592fcf7c76213385e63\",\"name\":\"Alex Pussieldi\",\"image\":{\"@type\":\"ImageObject\",\"inLanguage\":\"pt-BR\",\"@id\":\"https:\/\/swimchannel.net\/br\/#\/schema\/person\/image\/\",\"url\":\"https:\/\/swimchannel.net\/br\/wp-content\/uploads\/2021\/02\/9b1c252d-a4bd-4eda-b399-24565cac4114-100x100.jpg\",\"contentUrl\":\"https:\/\/swimchannel.net\/br\/wp-content\/uploads\/2021\/02\/9b1c252d-a4bd-4eda-b399-24565cac4114-100x100.jpg\",\"caption\":\"Alex Pussieldi\"},\"description\":\"Alexandre Pussieldi, apelidado de \u201ccoach\u201d, Foi t\u00e9cnico da sele\u00e7\u00e3o verde e amarela nas Olimp\u00edadas de Pequim-2008 e Londres-2012. O treinador ainda comandou outros quatro pa\u00edses: Kuwait, Paraguai, Aruba e Antilhas Holandesas, al\u00e9m da sele\u00e7\u00e3o americana de \u00e1guas abertas. Pussieldi tem passagens como comentarista de nata\u00e7\u00e3o do Grupo Globo e Swim Channel.\",\"url\":\"https:\/\/swimchannel.net\/br\/author\/alexpussieldi\/\"}]}<\/script>\n<!-- \/ Yoast SEO plugin. -->","yoast_head_json":{"title":"Ledecky cria o clube dos 6, Sara Sjoestroem entra no clube dos 5 - Swimchannel","robots":{"index":"index","follow":"follow","max-snippet":"max-snippet:-1","max-image-preview":"max-image-preview:large","max-video-preview":"max-video-preview:-1"},"canonical":"https:\/\/swimchannel.net\/br\/ledecky-cria-o-clube-dos-6-sara-sjoestroem-entra-no-clube-dos-5\/","og_locale":"pt_BR","og_type":"article","og_title":"Ledecky cria o clube dos 6, Sara Sjoestroem entra no clube dos 5 - Swimchannel","og_description":"Americana obteve o feito nos 1500m livre e sueca nos 50m borboleta","og_url":"https:\/\/swimchannel.net\/br\/ledecky-cria-o-clube-dos-6-sara-sjoestroem-entra-no-clube-dos-5\/","og_site_name":"Swimchannel","article_publisher":"https:\/\/www.facebook.com\/swimchannel","article_published_time":"2023-07-31T15:08:48+00:00","article_modified_time":"2026-03-27T22:19:16+00:00","og_image":[{"width":1053,"height":630,"url":"https:\/\/swimchannel.net\/br\/wp-content\/uploads\/2022\/09\/ana_marcela_cunha_ouro_25km_mundial_2022.jpg","type":"image\/jpeg"}],"author":"Alex Pussieldi","twitter_card":"summary_large_image","twitter_misc":{"Escrito por":"Alex Pussieldi","Est. tempo de leitura":"2 minutos"},"schema":{"@context":"https:\/\/schema.org","@graph":[{"@type":"Article","@id":"https:\/\/swimchannel.net\/br\/ledecky-cria-o-clube-dos-6-sara-sjoestroem-entra-no-clube-dos-5\/#article","isPartOf":{"@id":"https:\/\/swimchannel.net\/br\/ledecky-cria-o-clube-dos-6-sara-sjoestroem-entra-no-clube-dos-5\/"},"author":{"name":"Alex Pussieldi","@id":"https:\/\/swimchannel.net\/br\/#\/schema\/person\/cf549cb99cf75592fcf7c76213385e63"},"headline":"Ledecky cria o clube dos 6, Sara Sjoestroem entra no clube dos 5","datePublished":"2023-07-31T15:08:48+00:00","dateModified":"2026-03-27T22:19:16+00:00","mainEntityOfPage":{"@id":"https:\/\/swimchannel.net\/br\/ledecky-cria-o-clube-dos-6-sara-sjoestroem-entra-no-clube-dos-5\/"},"wordCount":296,"commentCount":0,"publisher":{"@id":"https:\/\/swimchannel.net\/br\/#organization"},"image":{"@id":"https:\/\/swimchannel.net\/br\/ledecky-cria-o-clube-dos-6-sara-sjoestroem-entra-no-clube-dos-5\/#primaryimage"},"thumbnailUrl":"https:\/\/swimchannel.net\/br\/wp-content\/uploads\/2022\/09\/ana_marcela_cunha_ouro_25km_mundial_2022.jpg","keywords":["Campeonato Mundial","Fukuoka-2023","Katie Ledecky","natacao","Sara Sjoestroem"],"articleSection":["Campeonato Mundial"],"inLanguage":"pt-BR","potentialAction":[{"@type":"CommentAction","name":"Comment","target":["https:\/\/swimchannel.net\/br\/ledecky-cria-o-clube-dos-6-sara-sjoestroem-entra-no-clube-dos-5\/#respond"]}]},{"@type":"WebPage","@id":"https:\/\/swimchannel.net\/br\/ledecky-cria-o-clube-dos-6-sara-sjoestroem-entra-no-clube-dos-5\/","url":"https:\/\/swimchannel.net\/br\/ledecky-cria-o-clube-dos-6-sara-sjoestroem-entra-no-clube-dos-5\/","name":"Ledecky cria o clube dos 6, Sara Sjoestroem entra no clube dos 5 - Swimchannel","isPartOf":{"@id":"https:\/\/swimchannel.net\/br\/#website"},"primaryImageOfPage":{"@id":"https:\/\/swimchannel.net\/br\/ledecky-cria-o-clube-dos-6-sara-sjoestroem-entra-no-clube-dos-5\/#primaryimage"},"image":{"@id":"https:\/\/swimchannel.net\/br\/ledecky-cria-o-clube-dos-6-sara-sjoestroem-entra-no-clube-dos-5\/#primaryimage"},"thumbnailUrl":"https:\/\/swimchannel.net\/br\/wp-content\/uploads\/2022\/09\/ana_marcela_cunha_ouro_25km_mundial_2022.jpg","datePublished":"2023-07-31T15:08:48+00:00","dateModified":"2026-03-27T22:19:16+00:00","breadcrumb":{"@id":"https:\/\/swimchannel.net\/br\/ledecky-cria-o-clube-dos-6-sara-sjoestroem-entra-no-clube-dos-5\/#breadcrumb"},"inLanguage":"pt-BR","potentialAction":[{"@type":"ReadAction","target":["https:\/\/swimchannel.net\/br\/ledecky-cria-o-clube-dos-6-sara-sjoestroem-entra-no-clube-dos-5\/"]}]},{"@type":"ImageObject","inLanguage":"pt-BR","@id":"https:\/\/swimchannel.net\/br\/ledecky-cria-o-clube-dos-6-sara-sjoestroem-entra-no-clube-dos-5\/#primaryimage","url":"https:\/\/swimchannel.net\/br\/wp-content\/uploads\/2022\/09\/ana_marcela_cunha_ouro_25km_mundial_2022.jpg","contentUrl":"https:\/\/swimchannel.net\/br\/wp-content\/uploads\/2022\/09\/ana_marcela_cunha_ouro_25km_mundial_2022.jpg","width":1053,"height":630,"caption":"Ana Marcela Cunha \u00e9 pentacampe\u00e3 mundial dos 25K - Foto: Reprodu\u00e7\u00e3o"},{"@type":"BreadcrumbList","@id":"https:\/\/swimchannel.net\/br\/ledecky-cria-o-clube-dos-6-sara-sjoestroem-entra-no-clube-dos-5\/#breadcrumb","itemListElement":[{"@type":"ListItem","position":1,"name":"Home","item":"https:\/\/swimchannel.net\/br\/"},{"@type":"ListItem","position":2,"name":"Ledecky cria o clube dos 6, Sara Sjoestroem entra no clube dos 5"}]},{"@type":"WebSite","@id":"https:\/\/swimchannel.net\/br\/#website","url":"https:\/\/swimchannel.net\/br\/","name":"Swimchannel","description":"Maior portal de nata\u00e7\u00e3o da america latina","publisher":{"@id":"https:\/\/swimchannel.net\/br\/#organization"},"potentialAction":[{"@type":"SearchAction","target":{"@type":"EntryPoint","urlTemplate":"https:\/\/swimchannel.net\/br\/?s={search_term_string}"},"query-input":{"@type":"PropertyValueSpecification","valueRequired":true,"valueName":"search_term_string"}}],"inLanguage":"pt-BR"},{"@type":"Organization","@id":"https:\/\/swimchannel.net\/br\/#organization","name":"Swimchannel - Conectando voc\u00ea a Nata\u00e7\u00e3o","url":"https:\/\/swimchannel.net\/br\/","logo":{"@type":"ImageObject","inLanguage":"pt-BR","@id":"https:\/\/swimchannel.net\/br\/#\/schema\/logo\/image\/","url":"https:\/\/swimchannel.net\/br\/wp-content\/uploads\/2026\/02\/SWIM-CHANNEL.png","contentUrl":"https:\/\/swimchannel.net\/br\/wp-content\/uploads\/2026\/02\/SWIM-CHANNEL.png","width":1120,"height":630,"caption":"Swimchannel - Conectando voc\u00ea a Nata\u00e7\u00e3o"},"image":{"@id":"https:\/\/swimchannel.net\/br\/#\/schema\/logo\/image\/"},"sameAs":["https:\/\/www.facebook.com\/swimchannel","https:\/\/www.instagram.com\/swimchannel"]},{"@type":"Person","@id":"https:\/\/swimchannel.net\/br\/#\/schema\/person\/cf549cb99cf75592fcf7c76213385e63","name":"Alex Pussieldi","image":{"@type":"ImageObject","inLanguage":"pt-BR","@id":"https:\/\/swimchannel.net\/br\/#\/schema\/person\/image\/","url":"https:\/\/swimchannel.net\/br\/wp-content\/uploads\/2021\/02\/9b1c252d-a4bd-4eda-b399-24565cac4114-100x100.jpg","contentUrl":"https:\/\/swimchannel.net\/br\/wp-content\/uploads\/2021\/02\/9b1c252d-a4bd-4eda-b399-24565cac4114-100x100.jpg","caption":"Alex Pussieldi"},"description":"Alexandre Pussieldi, apelidado de \u201ccoach\u201d, Foi t\u00e9cnico da sele\u00e7\u00e3o verde e amarela nas Olimp\u00edadas de Pequim-2008 e Londres-2012. O treinador ainda comandou outros quatro pa\u00edses: Kuwait, Paraguai, Aruba e Antilhas Holandesas, al\u00e9m da sele\u00e7\u00e3o americana de \u00e1guas abertas. Pussieldi tem passagens como comentarista de nata\u00e7\u00e3o do Grupo Globo e Swim Channel.","url":"https:\/\/swimchannel.net\/br\/author\/alexpussieldi\/"}]}},"_links":{"self":[{"href":"https:\/\/swimchannel.net\/br\/wp-json\/wp\/v2\/posts\/59482","targetHints":{"allow":["GET"]}}],"collection":[{"href":"https:\/\/swimchannel.net\/br\/wp-json\/wp\/v2\/posts"}],"about":[{"href":"https:\/\/swimchannel.net\/br\/wp-json\/wp\/v2\/types\/post"}],"author":[{"embeddable":true,"href":"https:\/\/swimchannel.net\/br\/wp-json\/wp\/v2\/users\/12"}],"replies":[{"embeddable":true,"href":"https:\/\/swimchannel.net\/br\/wp-json\/wp\/v2\/comments?post=59482"}],"version-history":[{"count":4,"href":"https:\/\/swimchannel.net\/br\/wp-json\/wp\/v2\/posts\/59482\/revisions"}],"predecessor-version":[{"id":80996,"href":"https:\/\/swimchannel.net\/br\/wp-json\/wp\/v2\/posts\/59482\/revisions\/80996"}],"wp:attachment":[{"href":"https:\/\/swimchannel.net\/br\/wp-json\/wp\/v2\/media?parent=59482"}],"wp:term":[{"taxonomy":"category","embeddable":true,"href":"https:\/\/swimchannel.net\/br\/wp-json\/wp\/v2\/categories?post=59482"},{"taxonomy":"post_tag","embeddable":true,"href":"https:\/\/swimchannel.net\/br\/wp-json\/wp\/v2\/tags?post=59482"}],"curies":[{"name":"wp","href":"https:\/\/api.w.org\/{rel}","templated":true}]}}