{"id":60204,"date":"2023-08-31T11:22:06","date_gmt":"2023-08-31T14:22:06","guid":{"rendered":"https:\/\/swimchannel.net\/br\/?p=60204"},"modified":"2023-08-31T11:22:06","modified_gmt":"2023-08-31T14:22:06","slug":"escalacao-do-brasil-para-mundial-junior-de-netanya","status":"publish","type":"post","link":"https:\/\/swimchannel.net\/br\/escalacao-do-brasil-para-mundial-junior-de-netanya\/","title":{"rendered":"Escala\u00e7\u00e3o do Brasil para Mundial J\u00fanior de Netanya"},"content":{"rendered":"<p>8\u00aa edi\u00e7\u00e3o do Campeonato Mundial J\u00fanior de Nata\u00e7\u00e3o come\u00e7a na segunda-feira, em Netanya, em Israel. A sele\u00e7\u00e3o brasileira embarcou ontem com 11 nadadores para a competi\u00e7\u00e3o. Confira aqui a escala\u00e7\u00e3o do time brasileiro:<\/p>\n<figure id=\"attachment_57457\" aria-describedby=\"caption-attachment-57457\" style=\"width: 945px\" class=\"wp-caption alignnone\"><img loading=\"lazy\" decoding=\"async\" class=\"size-full wp-image-57457\" src=\"https:\/\/swimchannel.net\/br\/wp-content\/uploads\/2023\/06\/52946283446_4b07f5a3ef_k.jpg\" alt=\"\" width=\"945\" height=\"630\" srcset=\"https:\/\/swimchannel.net\/br\/wp-content\/uploads\/2023\/06\/52946283446_4b07f5a3ef_k.jpg 945w, https:\/\/swimchannel.net\/br\/wp-content\/uploads\/2023\/06\/52946283446_4b07f5a3ef_k-270x180.jpg 270w, https:\/\/swimchannel.net\/br\/wp-content\/uploads\/2023\/06\/52946283446_4b07f5a3ef_k-768x512.jpg 768w, https:\/\/swimchannel.net\/br\/wp-content\/uploads\/2023\/06\/52946283446_4b07f5a3ef_k-750x500.jpg 750w\" sizes=\"auto, (max-width: 945px) 100vw, 945px\" \/><figcaption id=\"caption-attachment-57457\" class=\"wp-caption-text\">Celine Bispo &#8211; Foto: Satiro Sodre\/SSPress\/CBDA<\/figcaption><\/figure>\n<p><strong>FEMININO <\/strong><br \/>\nCeline Bispo: 50m, 100m e 200m livre, 50m e 100m borboleta<br \/>\nLuiza Lima: 400m, 800m e 1500m livre<br \/>\nManuela Sega: 50m, 100m e 200m peito, 50m livre<br \/>\nThaiana Amaral: 100m, 200m e 400m livre<br \/>\nRevezamentos 4x100m e 4x200m livre<\/p>\n<figure id=\"attachment_46905\" aria-describedby=\"caption-attachment-46905\" style=\"width: 944px\" class=\"wp-caption alignnone\"><img loading=\"lazy\" decoding=\"async\" class=\"size-full wp-image-46905\" src=\"https:\/\/swimchannel.net\/br\/wp-content\/uploads\/2021\/10\/WhatsApp-Image-2021-10-14-at-6.42.46-PM.jpeg\" alt=\"\" width=\"944\" height=\"630\" srcset=\"https:\/\/swimchannel.net\/br\/wp-content\/uploads\/2021\/10\/WhatsApp-Image-2021-10-14-at-6.42.46-PM.jpeg 944w, https:\/\/swimchannel.net\/br\/wp-content\/uploads\/2021\/10\/WhatsApp-Image-2021-10-14-at-6.42.46-PM-270x180.jpeg 270w, https:\/\/swimchannel.net\/br\/wp-content\/uploads\/2021\/10\/WhatsApp-Image-2021-10-14-at-6.42.46-PM-768x513.jpeg 768w, https:\/\/swimchannel.net\/br\/wp-content\/uploads\/2021\/10\/WhatsApp-Image-2021-10-14-at-6.42.46-PM-600x400.jpeg 600w, https:\/\/swimchannel.net\/br\/wp-content\/uploads\/2021\/10\/WhatsApp-Image-2021-10-14-at-6.42.46-PM-750x501.jpeg 750w\" sizes=\"auto, (max-width: 944px) 100vw, 944px\" \/><figcaption id=\"caption-attachment-46905\" class=\"wp-caption-text\">Luiza Lima &#8211; Foto: Satiro Sodr\u00e9\/SSPress<\/figcaption><\/figure>\n<p><strong>MASCULINO <\/strong><br \/>\nGuilherme Kanzler: 400m livre e 400m medley<br \/>\nHeitor Napolitano: 50m e 200m borboleta, 200m medley<br \/>\nLeonardo Alc\u00e2ntara: 200m, 400m, 800m e 1500m livre<br \/>\nMatheus Melechi: 800m e 1500m livre<br \/>\nPedro Sansone: 50m e 100m livre<br \/>\nSamuel Lopes: 50m, 100m e 200m costas<br \/>\nVinicius Rizza: 50m e 100m livre, 50m borboleta<br \/>\nRevezamentos 4x100m e 4x200m livre<\/p>\n<p><strong>MISTO <\/strong><br \/>\nRevezamento 4x100m lvre e 4x100m medley<\/p>\n","protected":false},"excerpt":{"rendered":"<p>Equipe embarcou para Israel e ter\u00e1 ao todo 11 atletas em a\u00e7\u00e3o na competi\u00e7\u00e3o; confira o time brasileiro aqui<\/p>\n","protected":false},"author":12,"featured_media":60205,"comment_status":"open","ping_status":"open","sticky":false,"template":"","format":"gallery","meta":{"footnotes":""},"categories":[132],"tags":[131,5,5186,167],"class_list":["post-60204","post","type-post","status-publish","format-gallery","has-post-thumbnail","hentry","category-campeonato-mundial-junior","tag-campeonato-mundial-junior","tag-natacao","tag-netanya-2023","tag-selecao-brasileira","post_format-post-format-gallery"],"yoast_head":"<!-- This site is optimized with the Yoast SEO plugin v27.0 - https:\/\/yoast.com\/product\/yoast-seo-wordpress\/ -->\n<title>Escala\u00e7\u00e3o do Brasil para Mundial J\u00fanior de Netanya - Swimchannel<\/title>\n<meta name=\"robots\" content=\"index, follow, max-snippet:-1, max-image-preview:large, max-video-preview:-1\" \/>\n<link rel=\"canonical\" href=\"https:\/\/swimchannel.net\/br\/escalacao-do-brasil-para-mundial-junior-de-netanya\/\" \/>\n<meta property=\"og:locale\" content=\"pt_BR\" \/>\n<meta property=\"og:type\" content=\"article\" \/>\n<meta property=\"og:title\" content=\"Escala\u00e7\u00e3o do Brasil para Mundial J\u00fanior de Netanya - Swimchannel\" \/>\n<meta property=\"og:description\" content=\"Equipe embarcou para Israel e ter\u00e1 ao todo 11 atletas em a\u00e7\u00e3o na competi\u00e7\u00e3o; confira o time brasileiro aqui\" \/>\n<meta property=\"og:url\" content=\"https:\/\/swimchannel.net\/br\/escalacao-do-brasil-para-mundial-junior-de-netanya\/\" \/>\n<meta property=\"og:site_name\" content=\"Swimchannel\" \/>\n<meta property=\"article:publisher\" content=\"https:\/\/www.facebook.com\/swimchannel\" \/>\n<meta property=\"article:published_time\" content=\"2023-08-31T14:22:06+00:00\" \/>\n<meta property=\"og:image\" content=\"https:\/\/swimchannel.net\/br\/wp-content\/uploads\/2023\/08\/WhatsApp-Image-2023-08-30-at-6.27.57-PM.jpeg\" \/>\n\t<meta property=\"og:image:width\" content=\"840\" \/>\n\t<meta property=\"og:image:height\" content=\"630\" \/>\n\t<meta property=\"og:image:type\" content=\"image\/jpeg\" \/>\n<meta name=\"author\" content=\"Alex Pussieldi\" \/>\n<meta name=\"twitter:card\" content=\"summary_large_image\" \/>\n<meta name=\"twitter:label1\" content=\"Escrito por\" \/>\n\t<meta name=\"twitter:data1\" content=\"Alex Pussieldi\" \/>\n\t<meta name=\"twitter:label2\" content=\"Est. tempo de leitura\" \/>\n\t<meta name=\"twitter:data2\" content=\"1 minuto\" \/>\n<script type=\"application\/ld+json\" class=\"yoast-schema-graph\">{\"@context\":\"https:\/\/schema.org\",\"@graph\":[{\"@type\":\"Article\",\"@id\":\"https:\/\/swimchannel.net\/br\/escalacao-do-brasil-para-mundial-junior-de-netanya\/#article\",\"isPartOf\":{\"@id\":\"https:\/\/swimchannel.net\/br\/escalacao-do-brasil-para-mundial-junior-de-netanya\/\"},\"author\":{\"name\":\"Alex Pussieldi\",\"@id\":\"https:\/\/swimchannel.net\/br\/#\/schema\/person\/cf549cb99cf75592fcf7c76213385e63\"},\"headline\":\"Escala\u00e7\u00e3o do Brasil para Mundial J\u00fanior de Netanya\",\"datePublished\":\"2023-08-31T14:22:06+00:00\",\"mainEntityOfPage\":{\"@id\":\"https:\/\/swimchannel.net\/br\/escalacao-do-brasil-para-mundial-junior-de-netanya\/\"},\"wordCount\":187,\"commentCount\":0,\"publisher\":{\"@id\":\"https:\/\/swimchannel.net\/br\/#organization\"},\"image\":{\"@id\":\"https:\/\/swimchannel.net\/br\/escalacao-do-brasil-para-mundial-junior-de-netanya\/#primaryimage\"},\"thumbnailUrl\":\"https:\/\/swimchannel.net\/br\/wp-content\/uploads\/2023\/08\/WhatsApp-Image-2023-08-30-at-6.27.57-PM.jpeg\",\"keywords\":[\"Campeonato Mundial J\u00fanior\",\"natacao\",\"Netanya-2023\",\"sele\u00e7\u00e3o brasileira\"],\"articleSection\":[\"Campeonato Mundial J\u00fanior\"],\"inLanguage\":\"pt-BR\",\"potentialAction\":[{\"@type\":\"CommentAction\",\"name\":\"Comment\",\"target\":[\"https:\/\/swimchannel.net\/br\/escalacao-do-brasil-para-mundial-junior-de-netanya\/#respond\"]}]},{\"@type\":\"WebPage\",\"@id\":\"https:\/\/swimchannel.net\/br\/escalacao-do-brasil-para-mundial-junior-de-netanya\/\",\"url\":\"https:\/\/swimchannel.net\/br\/escalacao-do-brasil-para-mundial-junior-de-netanya\/\",\"name\":\"Escala\u00e7\u00e3o do Brasil para Mundial J\u00fanior de Netanya - Swimchannel\",\"isPartOf\":{\"@id\":\"https:\/\/swimchannel.net\/br\/#website\"},\"primaryImageOfPage\":{\"@id\":\"https:\/\/swimchannel.net\/br\/escalacao-do-brasil-para-mundial-junior-de-netanya\/#primaryimage\"},\"image\":{\"@id\":\"https:\/\/swimchannel.net\/br\/escalacao-do-brasil-para-mundial-junior-de-netanya\/#primaryimage\"},\"thumbnailUrl\":\"https:\/\/swimchannel.net\/br\/wp-content\/uploads\/2023\/08\/WhatsApp-Image-2023-08-30-at-6.27.57-PM.jpeg\",\"datePublished\":\"2023-08-31T14:22:06+00:00\",\"breadcrumb\":{\"@id\":\"https:\/\/swimchannel.net\/br\/escalacao-do-brasil-para-mundial-junior-de-netanya\/#breadcrumb\"},\"inLanguage\":\"pt-BR\",\"potentialAction\":[{\"@type\":\"ReadAction\",\"target\":[\"https:\/\/swimchannel.net\/br\/escalacao-do-brasil-para-mundial-junior-de-netanya\/\"]}]},{\"@type\":\"ImageObject\",\"inLanguage\":\"pt-BR\",\"@id\":\"https:\/\/swimchannel.net\/br\/escalacao-do-brasil-para-mundial-junior-de-netanya\/#primaryimage\",\"url\":\"https:\/\/swimchannel.net\/br\/wp-content\/uploads\/2023\/08\/WhatsApp-Image-2023-08-30-at-6.27.57-PM.jpeg\",\"contentUrl\":\"https:\/\/swimchannel.net\/br\/wp-content\/uploads\/2023\/08\/WhatsApp-Image-2023-08-30-at-6.27.57-PM.jpeg\",\"width\":840,\"height\":630},{\"@type\":\"BreadcrumbList\",\"@id\":\"https:\/\/swimchannel.net\/br\/escalacao-do-brasil-para-mundial-junior-de-netanya\/#breadcrumb\",\"itemListElement\":[{\"@type\":\"ListItem\",\"position\":1,\"name\":\"Home\",\"item\":\"https:\/\/swimchannel.net\/br\/\"},{\"@type\":\"ListItem\",\"position\":2,\"name\":\"Escala\u00e7\u00e3o do Brasil para Mundial J\u00fanior de Netanya\"}]},{\"@type\":\"WebSite\",\"@id\":\"https:\/\/swimchannel.net\/br\/#website\",\"url\":\"https:\/\/swimchannel.net\/br\/\",\"name\":\"Swimchannel\",\"description\":\"Maior portal de nata\u00e7\u00e3o da america latina\",\"publisher\":{\"@id\":\"https:\/\/swimchannel.net\/br\/#organization\"},\"potentialAction\":[{\"@type\":\"SearchAction\",\"target\":{\"@type\":\"EntryPoint\",\"urlTemplate\":\"https:\/\/swimchannel.net\/br\/?s={search_term_string}\"},\"query-input\":{\"@type\":\"PropertyValueSpecification\",\"valueRequired\":true,\"valueName\":\"search_term_string\"}}],\"inLanguage\":\"pt-BR\"},{\"@type\":\"Organization\",\"@id\":\"https:\/\/swimchannel.net\/br\/#organization\",\"name\":\"Swimchannel - Conectando voc\u00ea a Nata\u00e7\u00e3o\",\"url\":\"https:\/\/swimchannel.net\/br\/\",\"logo\":{\"@type\":\"ImageObject\",\"inLanguage\":\"pt-BR\",\"@id\":\"https:\/\/swimchannel.net\/br\/#\/schema\/logo\/image\/\",\"url\":\"https:\/\/swimchannel.net\/br\/wp-content\/uploads\/2026\/02\/SWIM-CHANNEL.png\",\"contentUrl\":\"https:\/\/swimchannel.net\/br\/wp-content\/uploads\/2026\/02\/SWIM-CHANNEL.png\",\"width\":1120,\"height\":630,\"caption\":\"Swimchannel - Conectando voc\u00ea a Nata\u00e7\u00e3o\"},\"image\":{\"@id\":\"https:\/\/swimchannel.net\/br\/#\/schema\/logo\/image\/\"},\"sameAs\":[\"https:\/\/www.facebook.com\/swimchannel\",\"https:\/\/www.instagram.com\/swimchannel\"]},{\"@type\":\"Person\",\"@id\":\"https:\/\/swimchannel.net\/br\/#\/schema\/person\/cf549cb99cf75592fcf7c76213385e63\",\"name\":\"Alex Pussieldi\",\"image\":{\"@type\":\"ImageObject\",\"inLanguage\":\"pt-BR\",\"@id\":\"https:\/\/swimchannel.net\/br\/#\/schema\/person\/image\/\",\"url\":\"https:\/\/swimchannel.net\/br\/wp-content\/uploads\/2021\/02\/9b1c252d-a4bd-4eda-b399-24565cac4114-100x100.jpg\",\"contentUrl\":\"https:\/\/swimchannel.net\/br\/wp-content\/uploads\/2021\/02\/9b1c252d-a4bd-4eda-b399-24565cac4114-100x100.jpg\",\"caption\":\"Alex Pussieldi\"},\"description\":\"Alexandre Pussieldi, apelidado de \u201ccoach\u201d, Foi t\u00e9cnico da sele\u00e7\u00e3o verde e amarela nas Olimp\u00edadas de Pequim-2008 e Londres-2012. O treinador ainda comandou outros quatro pa\u00edses: Kuwait, Paraguai, Aruba e Antilhas Holandesas, al\u00e9m da sele\u00e7\u00e3o americana de \u00e1guas abertas. Pussieldi tem passagens como comentarista de nata\u00e7\u00e3o do Grupo Globo e Swim Channel.\",\"url\":\"https:\/\/swimchannel.net\/br\/author\/alexpussieldi\/\"}]}<\/script>\n<!-- \/ Yoast SEO plugin. -->","yoast_head_json":{"title":"Escala\u00e7\u00e3o do Brasil para Mundial J\u00fanior de Netanya - Swimchannel","robots":{"index":"index","follow":"follow","max-snippet":"max-snippet:-1","max-image-preview":"max-image-preview:large","max-video-preview":"max-video-preview:-1"},"canonical":"https:\/\/swimchannel.net\/br\/escalacao-do-brasil-para-mundial-junior-de-netanya\/","og_locale":"pt_BR","og_type":"article","og_title":"Escala\u00e7\u00e3o do Brasil para Mundial J\u00fanior de Netanya - Swimchannel","og_description":"Equipe embarcou para Israel e ter\u00e1 ao todo 11 atletas em a\u00e7\u00e3o na competi\u00e7\u00e3o; confira o time brasileiro aqui","og_url":"https:\/\/swimchannel.net\/br\/escalacao-do-brasil-para-mundial-junior-de-netanya\/","og_site_name":"Swimchannel","article_publisher":"https:\/\/www.facebook.com\/swimchannel","article_published_time":"2023-08-31T14:22:06+00:00","og_image":[{"width":840,"height":630,"url":"https:\/\/swimchannel.net\/br\/wp-content\/uploads\/2023\/08\/WhatsApp-Image-2023-08-30-at-6.27.57-PM.jpeg","type":"image\/jpeg"}],"author":"Alex Pussieldi","twitter_card":"summary_large_image","twitter_misc":{"Escrito por":"Alex Pussieldi","Est. tempo de leitura":"1 minuto"},"schema":{"@context":"https:\/\/schema.org","@graph":[{"@type":"Article","@id":"https:\/\/swimchannel.net\/br\/escalacao-do-brasil-para-mundial-junior-de-netanya\/#article","isPartOf":{"@id":"https:\/\/swimchannel.net\/br\/escalacao-do-brasil-para-mundial-junior-de-netanya\/"},"author":{"name":"Alex Pussieldi","@id":"https:\/\/swimchannel.net\/br\/#\/schema\/person\/cf549cb99cf75592fcf7c76213385e63"},"headline":"Escala\u00e7\u00e3o do Brasil para Mundial J\u00fanior de Netanya","datePublished":"2023-08-31T14:22:06+00:00","mainEntityOfPage":{"@id":"https:\/\/swimchannel.net\/br\/escalacao-do-brasil-para-mundial-junior-de-netanya\/"},"wordCount":187,"commentCount":0,"publisher":{"@id":"https:\/\/swimchannel.net\/br\/#organization"},"image":{"@id":"https:\/\/swimchannel.net\/br\/escalacao-do-brasil-para-mundial-junior-de-netanya\/#primaryimage"},"thumbnailUrl":"https:\/\/swimchannel.net\/br\/wp-content\/uploads\/2023\/08\/WhatsApp-Image-2023-08-30-at-6.27.57-PM.jpeg","keywords":["Campeonato Mundial J\u00fanior","natacao","Netanya-2023","sele\u00e7\u00e3o brasileira"],"articleSection":["Campeonato Mundial J\u00fanior"],"inLanguage":"pt-BR","potentialAction":[{"@type":"CommentAction","name":"Comment","target":["https:\/\/swimchannel.net\/br\/escalacao-do-brasil-para-mundial-junior-de-netanya\/#respond"]}]},{"@type":"WebPage","@id":"https:\/\/swimchannel.net\/br\/escalacao-do-brasil-para-mundial-junior-de-netanya\/","url":"https:\/\/swimchannel.net\/br\/escalacao-do-brasil-para-mundial-junior-de-netanya\/","name":"Escala\u00e7\u00e3o do Brasil para Mundial J\u00fanior de Netanya - Swimchannel","isPartOf":{"@id":"https:\/\/swimchannel.net\/br\/#website"},"primaryImageOfPage":{"@id":"https:\/\/swimchannel.net\/br\/escalacao-do-brasil-para-mundial-junior-de-netanya\/#primaryimage"},"image":{"@id":"https:\/\/swimchannel.net\/br\/escalacao-do-brasil-para-mundial-junior-de-netanya\/#primaryimage"},"thumbnailUrl":"https:\/\/swimchannel.net\/br\/wp-content\/uploads\/2023\/08\/WhatsApp-Image-2023-08-30-at-6.27.57-PM.jpeg","datePublished":"2023-08-31T14:22:06+00:00","breadcrumb":{"@id":"https:\/\/swimchannel.net\/br\/escalacao-do-brasil-para-mundial-junior-de-netanya\/#breadcrumb"},"inLanguage":"pt-BR","potentialAction":[{"@type":"ReadAction","target":["https:\/\/swimchannel.net\/br\/escalacao-do-brasil-para-mundial-junior-de-netanya\/"]}]},{"@type":"ImageObject","inLanguage":"pt-BR","@id":"https:\/\/swimchannel.net\/br\/escalacao-do-brasil-para-mundial-junior-de-netanya\/#primaryimage","url":"https:\/\/swimchannel.net\/br\/wp-content\/uploads\/2023\/08\/WhatsApp-Image-2023-08-30-at-6.27.57-PM.jpeg","contentUrl":"https:\/\/swimchannel.net\/br\/wp-content\/uploads\/2023\/08\/WhatsApp-Image-2023-08-30-at-6.27.57-PM.jpeg","width":840,"height":630},{"@type":"BreadcrumbList","@id":"https:\/\/swimchannel.net\/br\/escalacao-do-brasil-para-mundial-junior-de-netanya\/#breadcrumb","itemListElement":[{"@type":"ListItem","position":1,"name":"Home","item":"https:\/\/swimchannel.net\/br\/"},{"@type":"ListItem","position":2,"name":"Escala\u00e7\u00e3o do Brasil para Mundial J\u00fanior de Netanya"}]},{"@type":"WebSite","@id":"https:\/\/swimchannel.net\/br\/#website","url":"https:\/\/swimchannel.net\/br\/","name":"Swimchannel","description":"Maior portal de nata\u00e7\u00e3o da america latina","publisher":{"@id":"https:\/\/swimchannel.net\/br\/#organization"},"potentialAction":[{"@type":"SearchAction","target":{"@type":"EntryPoint","urlTemplate":"https:\/\/swimchannel.net\/br\/?s={search_term_string}"},"query-input":{"@type":"PropertyValueSpecification","valueRequired":true,"valueName":"search_term_string"}}],"inLanguage":"pt-BR"},{"@type":"Organization","@id":"https:\/\/swimchannel.net\/br\/#organization","name":"Swimchannel - Conectando voc\u00ea a Nata\u00e7\u00e3o","url":"https:\/\/swimchannel.net\/br\/","logo":{"@type":"ImageObject","inLanguage":"pt-BR","@id":"https:\/\/swimchannel.net\/br\/#\/schema\/logo\/image\/","url":"https:\/\/swimchannel.net\/br\/wp-content\/uploads\/2026\/02\/SWIM-CHANNEL.png","contentUrl":"https:\/\/swimchannel.net\/br\/wp-content\/uploads\/2026\/02\/SWIM-CHANNEL.png","width":1120,"height":630,"caption":"Swimchannel - Conectando voc\u00ea a Nata\u00e7\u00e3o"},"image":{"@id":"https:\/\/swimchannel.net\/br\/#\/schema\/logo\/image\/"},"sameAs":["https:\/\/www.facebook.com\/swimchannel","https:\/\/www.instagram.com\/swimchannel"]},{"@type":"Person","@id":"https:\/\/swimchannel.net\/br\/#\/schema\/person\/cf549cb99cf75592fcf7c76213385e63","name":"Alex Pussieldi","image":{"@type":"ImageObject","inLanguage":"pt-BR","@id":"https:\/\/swimchannel.net\/br\/#\/schema\/person\/image\/","url":"https:\/\/swimchannel.net\/br\/wp-content\/uploads\/2021\/02\/9b1c252d-a4bd-4eda-b399-24565cac4114-100x100.jpg","contentUrl":"https:\/\/swimchannel.net\/br\/wp-content\/uploads\/2021\/02\/9b1c252d-a4bd-4eda-b399-24565cac4114-100x100.jpg","caption":"Alex Pussieldi"},"description":"Alexandre Pussieldi, apelidado de \u201ccoach\u201d, Foi t\u00e9cnico da sele\u00e7\u00e3o verde e amarela nas Olimp\u00edadas de Pequim-2008 e Londres-2012. O treinador ainda comandou outros quatro pa\u00edses: Kuwait, Paraguai, Aruba e Antilhas Holandesas, al\u00e9m da sele\u00e7\u00e3o americana de \u00e1guas abertas. Pussieldi tem passagens como comentarista de nata\u00e7\u00e3o do Grupo Globo e Swim Channel.","url":"https:\/\/swimchannel.net\/br\/author\/alexpussieldi\/"}]}},"_links":{"self":[{"href":"https:\/\/swimchannel.net\/br\/wp-json\/wp\/v2\/posts\/60204","targetHints":{"allow":["GET"]}}],"collection":[{"href":"https:\/\/swimchannel.net\/br\/wp-json\/wp\/v2\/posts"}],"about":[{"href":"https:\/\/swimchannel.net\/br\/wp-json\/wp\/v2\/types\/post"}],"author":[{"embeddable":true,"href":"https:\/\/swimchannel.net\/br\/wp-json\/wp\/v2\/users\/12"}],"replies":[{"embeddable":true,"href":"https:\/\/swimchannel.net\/br\/wp-json\/wp\/v2\/comments?post=60204"}],"version-history":[{"count":2,"href":"https:\/\/swimchannel.net\/br\/wp-json\/wp\/v2\/posts\/60204\/revisions"}],"predecessor-version":[{"id":60207,"href":"https:\/\/swimchannel.net\/br\/wp-json\/wp\/v2\/posts\/60204\/revisions\/60207"}],"wp:featuredmedia":[{"embeddable":true,"href":"https:\/\/swimchannel.net\/br\/wp-json\/wp\/v2\/media\/60205"}],"wp:attachment":[{"href":"https:\/\/swimchannel.net\/br\/wp-json\/wp\/v2\/media?parent=60204"}],"wp:term":[{"taxonomy":"category","embeddable":true,"href":"https:\/\/swimchannel.net\/br\/wp-json\/wp\/v2\/categories?post=60204"},{"taxonomy":"post_tag","embeddable":true,"href":"https:\/\/swimchannel.net\/br\/wp-json\/wp\/v2\/tags?post=60204"}],"curies":[{"name":"wp","href":"https:\/\/api.w.org\/{rel}","templated":true}]}}