{"id":60310,"date":"2023-09-05T17:19:06","date_gmt":"2023-09-05T20:19:06","guid":{"rendered":"https:\/\/swimchannel.net\/br\/?p=60310"},"modified":"2023-09-05T17:27:23","modified_gmt":"2023-09-05T20:27:23","slug":"brasils-sera-mais-uma-vez-representado-pela-selecao-do-norte-nordeste-na-copa-pacifico","status":"publish","type":"post","link":"https:\/\/swimchannel.net\/br\/brasils-sera-mais-uma-vez-representado-pela-selecao-do-norte-nordeste-na-copa-pacifico\/","title":{"rendered":"Brasil ser\u00e1 mais uma vez representado pela sele\u00e7\u00e3o do Norte-Nordeste na Copa Pac\u00edfico"},"content":{"rendered":"<p>Diferente do que aconteceu nas \u00e1guas abertas, a nata\u00e7\u00e3o do Brasil ser\u00e1 representada apenas pelos atletas da regi\u00e3o Norte-Nordeste na disputa da Copa Pac\u00edfico que acontecer\u00e1 de 17 a 22 de outubro, em Cali, na Col\u00f4mbia.<\/p>\n<p>A piscina Hernando Botero O\u2019Byrne foi sede dos Jogos Panamericanos J\u00fanior em 2021 e agora recebe a competi\u00e7\u00e3o.<\/p>\n<p>Veja aqui o boletim da CBDA que anuncia a convoca\u00e7\u00e3o da equipe brasileira:\u00a0<a href=\"https:\/\/sge-aquaticos.bigmidia.com\/_uploads\/boletim\/o_1h9eu9icdcrklo34mv6a5cqqn.pdf\">https:\/\/sge-aquaticos.bigmidia.com\/_uploads\/boletim\/o_1h9eu9icdcrklo34mv6a5cqqn.pdf<\/a>.<\/p>\n","protected":false},"excerpt":{"rendered":"<p>Diferente do que aconteceu nas \u00e1guas abertas, a nata\u00e7\u00e3o do Brasil ser\u00e1 representada apenas pelos atletas da regi\u00e3o Norte-Nordeste na disputa da Copa Pac\u00edfico que acontecer\u00e1 de 17 a 22 de outubro, em Cali, na Col\u00f4mbia. A piscina Hernando Botero O\u2019Byrne foi sede dos Jogos Panamericanos J\u00fanior em 2021 e agora recebe a competi\u00e7\u00e3o. Veja [&hellip;]<\/p>\n","protected":false},"author":12,"featured_media":60311,"comment_status":"open","ping_status":"open","sticky":false,"template":"","format":"standard","meta":{"footnotes":""},"categories":[137],"tags":[194,4341,5,167],"class_list":["post-60310","post","type-post","status-publish","format-standard","has-post-thumbnail","hentry","category-natacao","tag-cbda","tag-copa-pacifico","tag-natacao","tag-selecao-brasileira"],"yoast_head":"<!-- This site is optimized with the Yoast SEO plugin v27.0 - https:\/\/yoast.com\/product\/yoast-seo-wordpress\/ -->\n<title>Brasil ser\u00e1 mais uma vez representado pela sele\u00e7\u00e3o do Norte-Nordeste na Copa Pac\u00edfico - Swimchannel<\/title>\n<meta name=\"robots\" content=\"index, follow, max-snippet:-1, max-image-preview:large, max-video-preview:-1\" \/>\n<link rel=\"canonical\" href=\"https:\/\/swimchannel.net\/br\/brasils-sera-mais-uma-vez-representado-pela-selecao-do-norte-nordeste-na-copa-pacifico\/\" \/>\n<meta property=\"og:locale\" content=\"pt_BR\" \/>\n<meta property=\"og:type\" content=\"article\" \/>\n<meta property=\"og:title\" content=\"Brasil ser\u00e1 mais uma vez representado pela sele\u00e7\u00e3o do Norte-Nordeste na Copa Pac\u00edfico - Swimchannel\" \/>\n<meta property=\"og:description\" content=\"Diferente do que aconteceu nas \u00e1guas abertas, a nata\u00e7\u00e3o do Brasil ser\u00e1 representada apenas pelos atletas da regi\u00e3o Norte-Nordeste na disputa da Copa Pac\u00edfico que acontecer\u00e1 de 17 a 22 de outubro, em Cali, na Col\u00f4mbia. A piscina Hernando Botero O\u2019Byrne foi sede dos Jogos Panamericanos J\u00fanior em 2021 e agora recebe a competi\u00e7\u00e3o. Veja [&hellip;]\" \/>\n<meta property=\"og:url\" content=\"https:\/\/swimchannel.net\/br\/brasils-sera-mais-uma-vez-representado-pela-selecao-do-norte-nordeste-na-copa-pacifico\/\" \/>\n<meta property=\"og:site_name\" content=\"Swimchannel\" \/>\n<meta property=\"article:publisher\" content=\"https:\/\/www.facebook.com\/swimchannel\" \/>\n<meta property=\"article:published_time\" content=\"2023-09-05T20:19:06+00:00\" \/>\n<meta property=\"article:modified_time\" content=\"2023-09-05T20:27:23+00:00\" \/>\n<meta property=\"og:image\" content=\"https:\/\/swimchannel.net\/br\/wp-content\/uploads\/2023\/09\/1200px-Piscinas_Hernando_Botero_OByrne-1030x579-1.jpg\" \/>\n\t<meta property=\"og:image:width\" content=\"1030\" \/>\n\t<meta property=\"og:image:height\" content=\"579\" \/>\n\t<meta property=\"og:image:type\" content=\"image\/jpeg\" \/>\n<meta name=\"author\" content=\"Alex Pussieldi\" \/>\n<meta name=\"twitter:card\" content=\"summary_large_image\" \/>\n<meta name=\"twitter:label1\" content=\"Escrito por\" \/>\n\t<meta name=\"twitter:data1\" content=\"Alex Pussieldi\" \/>\n<script type=\"application\/ld+json\" class=\"yoast-schema-graph\">{\"@context\":\"https:\/\/schema.org\",\"@graph\":[{\"@type\":\"Article\",\"@id\":\"https:\/\/swimchannel.net\/br\/brasils-sera-mais-uma-vez-representado-pela-selecao-do-norte-nordeste-na-copa-pacifico\/#article\",\"isPartOf\":{\"@id\":\"https:\/\/swimchannel.net\/br\/brasils-sera-mais-uma-vez-representado-pela-selecao-do-norte-nordeste-na-copa-pacifico\/\"},\"author\":{\"name\":\"Alex Pussieldi\",\"@id\":\"https:\/\/swimchannel.net\/br\/#\/schema\/person\/cf549cb99cf75592fcf7c76213385e63\"},\"headline\":\"Brasil ser\u00e1 mais uma vez representado pela sele\u00e7\u00e3o do Norte-Nordeste na Copa Pac\u00edfico\",\"datePublished\":\"2023-09-05T20:19:06+00:00\",\"dateModified\":\"2023-09-05T20:27:23+00:00\",\"mainEntityOfPage\":{\"@id\":\"https:\/\/swimchannel.net\/br\/brasils-sera-mais-uma-vez-representado-pela-selecao-do-norte-nordeste-na-copa-pacifico\/\"},\"wordCount\":101,\"commentCount\":0,\"publisher\":{\"@id\":\"https:\/\/swimchannel.net\/br\/#organization\"},\"image\":{\"@id\":\"https:\/\/swimchannel.net\/br\/brasils-sera-mais-uma-vez-representado-pela-selecao-do-norte-nordeste-na-copa-pacifico\/#primaryimage\"},\"thumbnailUrl\":\"https:\/\/swimchannel.net\/br\/wp-content\/uploads\/2023\/09\/1200px-Piscinas_Hernando_Botero_OByrne-1030x579-1.jpg\",\"keywords\":[\"CBDA\",\"Copa Pac\u00edfico\",\"natacao\",\"sele\u00e7\u00e3o brasileira\"],\"articleSection\":[\"Nata\u00e7\u00e3o\"],\"inLanguage\":\"pt-BR\",\"potentialAction\":[{\"@type\":\"CommentAction\",\"name\":\"Comment\",\"target\":[\"https:\/\/swimchannel.net\/br\/brasils-sera-mais-uma-vez-representado-pela-selecao-do-norte-nordeste-na-copa-pacifico\/#respond\"]}]},{\"@type\":\"WebPage\",\"@id\":\"https:\/\/swimchannel.net\/br\/brasils-sera-mais-uma-vez-representado-pela-selecao-do-norte-nordeste-na-copa-pacifico\/\",\"url\":\"https:\/\/swimchannel.net\/br\/brasils-sera-mais-uma-vez-representado-pela-selecao-do-norte-nordeste-na-copa-pacifico\/\",\"name\":\"Brasil ser\u00e1 mais uma vez representado pela sele\u00e7\u00e3o do Norte-Nordeste na Copa Pac\u00edfico - Swimchannel\",\"isPartOf\":{\"@id\":\"https:\/\/swimchannel.net\/br\/#website\"},\"primaryImageOfPage\":{\"@id\":\"https:\/\/swimchannel.net\/br\/brasils-sera-mais-uma-vez-representado-pela-selecao-do-norte-nordeste-na-copa-pacifico\/#primaryimage\"},\"image\":{\"@id\":\"https:\/\/swimchannel.net\/br\/brasils-sera-mais-uma-vez-representado-pela-selecao-do-norte-nordeste-na-copa-pacifico\/#primaryimage\"},\"thumbnailUrl\":\"https:\/\/swimchannel.net\/br\/wp-content\/uploads\/2023\/09\/1200px-Piscinas_Hernando_Botero_OByrne-1030x579-1.jpg\",\"datePublished\":\"2023-09-05T20:19:06+00:00\",\"dateModified\":\"2023-09-05T20:27:23+00:00\",\"breadcrumb\":{\"@id\":\"https:\/\/swimchannel.net\/br\/brasils-sera-mais-uma-vez-representado-pela-selecao-do-norte-nordeste-na-copa-pacifico\/#breadcrumb\"},\"inLanguage\":\"pt-BR\",\"potentialAction\":[{\"@type\":\"ReadAction\",\"target\":[\"https:\/\/swimchannel.net\/br\/brasils-sera-mais-uma-vez-representado-pela-selecao-do-norte-nordeste-na-copa-pacifico\/\"]}]},{\"@type\":\"ImageObject\",\"inLanguage\":\"pt-BR\",\"@id\":\"https:\/\/swimchannel.net\/br\/brasils-sera-mais-uma-vez-representado-pela-selecao-do-norte-nordeste-na-copa-pacifico\/#primaryimage\",\"url\":\"https:\/\/swimchannel.net\/br\/wp-content\/uploads\/2023\/09\/1200px-Piscinas_Hernando_Botero_OByrne-1030x579-1.jpg\",\"contentUrl\":\"https:\/\/swimchannel.net\/br\/wp-content\/uploads\/2023\/09\/1200px-Piscinas_Hernando_Botero_OByrne-1030x579-1.jpg\",\"width\":1030,\"height\":579},{\"@type\":\"BreadcrumbList\",\"@id\":\"https:\/\/swimchannel.net\/br\/brasils-sera-mais-uma-vez-representado-pela-selecao-do-norte-nordeste-na-copa-pacifico\/#breadcrumb\",\"itemListElement\":[{\"@type\":\"ListItem\",\"position\":1,\"name\":\"Home\",\"item\":\"https:\/\/swimchannel.net\/br\/\"},{\"@type\":\"ListItem\",\"position\":2,\"name\":\"Brasil ser\u00e1 mais uma vez representado pela sele\u00e7\u00e3o do Norte-Nordeste na Copa Pac\u00edfico\"}]},{\"@type\":\"WebSite\",\"@id\":\"https:\/\/swimchannel.net\/br\/#website\",\"url\":\"https:\/\/swimchannel.net\/br\/\",\"name\":\"Swimchannel\",\"description\":\"Maior portal de nata\u00e7\u00e3o da america latina\",\"publisher\":{\"@id\":\"https:\/\/swimchannel.net\/br\/#organization\"},\"potentialAction\":[{\"@type\":\"SearchAction\",\"target\":{\"@type\":\"EntryPoint\",\"urlTemplate\":\"https:\/\/swimchannel.net\/br\/?s={search_term_string}\"},\"query-input\":{\"@type\":\"PropertyValueSpecification\",\"valueRequired\":true,\"valueName\":\"search_term_string\"}}],\"inLanguage\":\"pt-BR\"},{\"@type\":\"Organization\",\"@id\":\"https:\/\/swimchannel.net\/br\/#organization\",\"name\":\"Swimchannel - Conectando voc\u00ea a Nata\u00e7\u00e3o\",\"url\":\"https:\/\/swimchannel.net\/br\/\",\"logo\":{\"@type\":\"ImageObject\",\"inLanguage\":\"pt-BR\",\"@id\":\"https:\/\/swimchannel.net\/br\/#\/schema\/logo\/image\/\",\"url\":\"https:\/\/swimchannel.net\/br\/wp-content\/uploads\/2026\/02\/SWIM-CHANNEL.png\",\"contentUrl\":\"https:\/\/swimchannel.net\/br\/wp-content\/uploads\/2026\/02\/SWIM-CHANNEL.png\",\"width\":1120,\"height\":630,\"caption\":\"Swimchannel - Conectando voc\u00ea a Nata\u00e7\u00e3o\"},\"image\":{\"@id\":\"https:\/\/swimchannel.net\/br\/#\/schema\/logo\/image\/\"},\"sameAs\":[\"https:\/\/www.facebook.com\/swimchannel\",\"https:\/\/www.instagram.com\/swimchannel\"]},{\"@type\":\"Person\",\"@id\":\"https:\/\/swimchannel.net\/br\/#\/schema\/person\/cf549cb99cf75592fcf7c76213385e63\",\"name\":\"Alex Pussieldi\",\"image\":{\"@type\":\"ImageObject\",\"inLanguage\":\"pt-BR\",\"@id\":\"https:\/\/swimchannel.net\/br\/#\/schema\/person\/image\/\",\"url\":\"https:\/\/swimchannel.net\/br\/wp-content\/uploads\/2021\/02\/9b1c252d-a4bd-4eda-b399-24565cac4114-100x100.jpg\",\"contentUrl\":\"https:\/\/swimchannel.net\/br\/wp-content\/uploads\/2021\/02\/9b1c252d-a4bd-4eda-b399-24565cac4114-100x100.jpg\",\"caption\":\"Alex Pussieldi\"},\"description\":\"Alexandre Pussieldi, apelidado de \u201ccoach\u201d, Foi t\u00e9cnico da sele\u00e7\u00e3o verde e amarela nas Olimp\u00edadas de Pequim-2008 e Londres-2012. O treinador ainda comandou outros quatro pa\u00edses: Kuwait, Paraguai, Aruba e Antilhas Holandesas, al\u00e9m da sele\u00e7\u00e3o americana de \u00e1guas abertas. Pussieldi tem passagens como comentarista de nata\u00e7\u00e3o do Grupo Globo e Swim Channel.\",\"url\":\"https:\/\/swimchannel.net\/br\/author\/alexpussieldi\/\"}]}<\/script>\n<!-- \/ Yoast SEO plugin. -->","yoast_head_json":{"title":"Brasil ser\u00e1 mais uma vez representado pela sele\u00e7\u00e3o do Norte-Nordeste na Copa Pac\u00edfico - Swimchannel","robots":{"index":"index","follow":"follow","max-snippet":"max-snippet:-1","max-image-preview":"max-image-preview:large","max-video-preview":"max-video-preview:-1"},"canonical":"https:\/\/swimchannel.net\/br\/brasils-sera-mais-uma-vez-representado-pela-selecao-do-norte-nordeste-na-copa-pacifico\/","og_locale":"pt_BR","og_type":"article","og_title":"Brasil ser\u00e1 mais uma vez representado pela sele\u00e7\u00e3o do Norte-Nordeste na Copa Pac\u00edfico - Swimchannel","og_description":"Diferente do que aconteceu nas \u00e1guas abertas, a nata\u00e7\u00e3o do Brasil ser\u00e1 representada apenas pelos atletas da regi\u00e3o Norte-Nordeste na disputa da Copa Pac\u00edfico que acontecer\u00e1 de 17 a 22 de outubro, em Cali, na Col\u00f4mbia. A piscina Hernando Botero O\u2019Byrne foi sede dos Jogos Panamericanos J\u00fanior em 2021 e agora recebe a competi\u00e7\u00e3o. Veja [&hellip;]","og_url":"https:\/\/swimchannel.net\/br\/brasils-sera-mais-uma-vez-representado-pela-selecao-do-norte-nordeste-na-copa-pacifico\/","og_site_name":"Swimchannel","article_publisher":"https:\/\/www.facebook.com\/swimchannel","article_published_time":"2023-09-05T20:19:06+00:00","article_modified_time":"2023-09-05T20:27:23+00:00","og_image":[{"width":1030,"height":579,"url":"https:\/\/swimchannel.net\/br\/wp-content\/uploads\/2023\/09\/1200px-Piscinas_Hernando_Botero_OByrne-1030x579-1.jpg","type":"image\/jpeg"}],"author":"Alex Pussieldi","twitter_card":"summary_large_image","twitter_misc":{"Escrito por":"Alex Pussieldi"},"schema":{"@context":"https:\/\/schema.org","@graph":[{"@type":"Article","@id":"https:\/\/swimchannel.net\/br\/brasils-sera-mais-uma-vez-representado-pela-selecao-do-norte-nordeste-na-copa-pacifico\/#article","isPartOf":{"@id":"https:\/\/swimchannel.net\/br\/brasils-sera-mais-uma-vez-representado-pela-selecao-do-norte-nordeste-na-copa-pacifico\/"},"author":{"name":"Alex Pussieldi","@id":"https:\/\/swimchannel.net\/br\/#\/schema\/person\/cf549cb99cf75592fcf7c76213385e63"},"headline":"Brasil ser\u00e1 mais uma vez representado pela sele\u00e7\u00e3o do Norte-Nordeste na Copa Pac\u00edfico","datePublished":"2023-09-05T20:19:06+00:00","dateModified":"2023-09-05T20:27:23+00:00","mainEntityOfPage":{"@id":"https:\/\/swimchannel.net\/br\/brasils-sera-mais-uma-vez-representado-pela-selecao-do-norte-nordeste-na-copa-pacifico\/"},"wordCount":101,"commentCount":0,"publisher":{"@id":"https:\/\/swimchannel.net\/br\/#organization"},"image":{"@id":"https:\/\/swimchannel.net\/br\/brasils-sera-mais-uma-vez-representado-pela-selecao-do-norte-nordeste-na-copa-pacifico\/#primaryimage"},"thumbnailUrl":"https:\/\/swimchannel.net\/br\/wp-content\/uploads\/2023\/09\/1200px-Piscinas_Hernando_Botero_OByrne-1030x579-1.jpg","keywords":["CBDA","Copa Pac\u00edfico","natacao","sele\u00e7\u00e3o brasileira"],"articleSection":["Nata\u00e7\u00e3o"],"inLanguage":"pt-BR","potentialAction":[{"@type":"CommentAction","name":"Comment","target":["https:\/\/swimchannel.net\/br\/brasils-sera-mais-uma-vez-representado-pela-selecao-do-norte-nordeste-na-copa-pacifico\/#respond"]}]},{"@type":"WebPage","@id":"https:\/\/swimchannel.net\/br\/brasils-sera-mais-uma-vez-representado-pela-selecao-do-norte-nordeste-na-copa-pacifico\/","url":"https:\/\/swimchannel.net\/br\/brasils-sera-mais-uma-vez-representado-pela-selecao-do-norte-nordeste-na-copa-pacifico\/","name":"Brasil ser\u00e1 mais uma vez representado pela sele\u00e7\u00e3o do Norte-Nordeste na Copa Pac\u00edfico - Swimchannel","isPartOf":{"@id":"https:\/\/swimchannel.net\/br\/#website"},"primaryImageOfPage":{"@id":"https:\/\/swimchannel.net\/br\/brasils-sera-mais-uma-vez-representado-pela-selecao-do-norte-nordeste-na-copa-pacifico\/#primaryimage"},"image":{"@id":"https:\/\/swimchannel.net\/br\/brasils-sera-mais-uma-vez-representado-pela-selecao-do-norte-nordeste-na-copa-pacifico\/#primaryimage"},"thumbnailUrl":"https:\/\/swimchannel.net\/br\/wp-content\/uploads\/2023\/09\/1200px-Piscinas_Hernando_Botero_OByrne-1030x579-1.jpg","datePublished":"2023-09-05T20:19:06+00:00","dateModified":"2023-09-05T20:27:23+00:00","breadcrumb":{"@id":"https:\/\/swimchannel.net\/br\/brasils-sera-mais-uma-vez-representado-pela-selecao-do-norte-nordeste-na-copa-pacifico\/#breadcrumb"},"inLanguage":"pt-BR","potentialAction":[{"@type":"ReadAction","target":["https:\/\/swimchannel.net\/br\/brasils-sera-mais-uma-vez-representado-pela-selecao-do-norte-nordeste-na-copa-pacifico\/"]}]},{"@type":"ImageObject","inLanguage":"pt-BR","@id":"https:\/\/swimchannel.net\/br\/brasils-sera-mais-uma-vez-representado-pela-selecao-do-norte-nordeste-na-copa-pacifico\/#primaryimage","url":"https:\/\/swimchannel.net\/br\/wp-content\/uploads\/2023\/09\/1200px-Piscinas_Hernando_Botero_OByrne-1030x579-1.jpg","contentUrl":"https:\/\/swimchannel.net\/br\/wp-content\/uploads\/2023\/09\/1200px-Piscinas_Hernando_Botero_OByrne-1030x579-1.jpg","width":1030,"height":579},{"@type":"BreadcrumbList","@id":"https:\/\/swimchannel.net\/br\/brasils-sera-mais-uma-vez-representado-pela-selecao-do-norte-nordeste-na-copa-pacifico\/#breadcrumb","itemListElement":[{"@type":"ListItem","position":1,"name":"Home","item":"https:\/\/swimchannel.net\/br\/"},{"@type":"ListItem","position":2,"name":"Brasil ser\u00e1 mais uma vez representado pela sele\u00e7\u00e3o do Norte-Nordeste na Copa Pac\u00edfico"}]},{"@type":"WebSite","@id":"https:\/\/swimchannel.net\/br\/#website","url":"https:\/\/swimchannel.net\/br\/","name":"Swimchannel","description":"Maior portal de nata\u00e7\u00e3o da america latina","publisher":{"@id":"https:\/\/swimchannel.net\/br\/#organization"},"potentialAction":[{"@type":"SearchAction","target":{"@type":"EntryPoint","urlTemplate":"https:\/\/swimchannel.net\/br\/?s={search_term_string}"},"query-input":{"@type":"PropertyValueSpecification","valueRequired":true,"valueName":"search_term_string"}}],"inLanguage":"pt-BR"},{"@type":"Organization","@id":"https:\/\/swimchannel.net\/br\/#organization","name":"Swimchannel - Conectando voc\u00ea a Nata\u00e7\u00e3o","url":"https:\/\/swimchannel.net\/br\/","logo":{"@type":"ImageObject","inLanguage":"pt-BR","@id":"https:\/\/swimchannel.net\/br\/#\/schema\/logo\/image\/","url":"https:\/\/swimchannel.net\/br\/wp-content\/uploads\/2026\/02\/SWIM-CHANNEL.png","contentUrl":"https:\/\/swimchannel.net\/br\/wp-content\/uploads\/2026\/02\/SWIM-CHANNEL.png","width":1120,"height":630,"caption":"Swimchannel - Conectando voc\u00ea a Nata\u00e7\u00e3o"},"image":{"@id":"https:\/\/swimchannel.net\/br\/#\/schema\/logo\/image\/"},"sameAs":["https:\/\/www.facebook.com\/swimchannel","https:\/\/www.instagram.com\/swimchannel"]},{"@type":"Person","@id":"https:\/\/swimchannel.net\/br\/#\/schema\/person\/cf549cb99cf75592fcf7c76213385e63","name":"Alex Pussieldi","image":{"@type":"ImageObject","inLanguage":"pt-BR","@id":"https:\/\/swimchannel.net\/br\/#\/schema\/person\/image\/","url":"https:\/\/swimchannel.net\/br\/wp-content\/uploads\/2021\/02\/9b1c252d-a4bd-4eda-b399-24565cac4114-100x100.jpg","contentUrl":"https:\/\/swimchannel.net\/br\/wp-content\/uploads\/2021\/02\/9b1c252d-a4bd-4eda-b399-24565cac4114-100x100.jpg","caption":"Alex Pussieldi"},"description":"Alexandre Pussieldi, apelidado de \u201ccoach\u201d, Foi t\u00e9cnico da sele\u00e7\u00e3o verde e amarela nas Olimp\u00edadas de Pequim-2008 e Londres-2012. O treinador ainda comandou outros quatro pa\u00edses: Kuwait, Paraguai, Aruba e Antilhas Holandesas, al\u00e9m da sele\u00e7\u00e3o americana de \u00e1guas abertas. Pussieldi tem passagens como comentarista de nata\u00e7\u00e3o do Grupo Globo e Swim Channel.","url":"https:\/\/swimchannel.net\/br\/author\/alexpussieldi\/"}]}},"_links":{"self":[{"href":"https:\/\/swimchannel.net\/br\/wp-json\/wp\/v2\/posts\/60310","targetHints":{"allow":["GET"]}}],"collection":[{"href":"https:\/\/swimchannel.net\/br\/wp-json\/wp\/v2\/posts"}],"about":[{"href":"https:\/\/swimchannel.net\/br\/wp-json\/wp\/v2\/types\/post"}],"author":[{"embeddable":true,"href":"https:\/\/swimchannel.net\/br\/wp-json\/wp\/v2\/users\/12"}],"replies":[{"embeddable":true,"href":"https:\/\/swimchannel.net\/br\/wp-json\/wp\/v2\/comments?post=60310"}],"version-history":[{"count":2,"href":"https:\/\/swimchannel.net\/br\/wp-json\/wp\/v2\/posts\/60310\/revisions"}],"predecessor-version":[{"id":60316,"href":"https:\/\/swimchannel.net\/br\/wp-json\/wp\/v2\/posts\/60310\/revisions\/60316"}],"wp:featuredmedia":[{"embeddable":true,"href":"https:\/\/swimchannel.net\/br\/wp-json\/wp\/v2\/media\/60311"}],"wp:attachment":[{"href":"https:\/\/swimchannel.net\/br\/wp-json\/wp\/v2\/media?parent=60310"}],"wp:term":[{"taxonomy":"category","embeddable":true,"href":"https:\/\/swimchannel.net\/br\/wp-json\/wp\/v2\/categories?post=60310"},{"taxonomy":"post_tag","embeddable":true,"href":"https:\/\/swimchannel.net\/br\/wp-json\/wp\/v2\/tags?post=60310"}],"curies":[{"name":"wp","href":"https:\/\/api.w.org\/{rel}","templated":true}]}}