{"id":60500,"date":"2023-09-22T00:46:49","date_gmt":"2023-09-22T03:46:49","guid":{"rendered":"https:\/\/swimchannel.net\/br\/?p=60500"},"modified":"2023-09-25T18:53:16","modified_gmt":"2023-09-25T21:53:16","slug":"final-de-semana-tem-swim-challenge-cascais","status":"publish","type":"post","link":"https:\/\/swimchannel.net\/br\/final-de-semana-tem-swim-challenge-cascais\/","title":{"rendered":"Final de semana tem Swim Challenge Cascais"},"content":{"rendered":"<p>Neste fim de semana acontece mais uma edi\u00e7\u00e3o do Swim Challenge Cascais. O evento, disputado em Lisboa, ter\u00e1 ao todo seis provas a serem disputadas capital portuguesa: 1 km, 1.9 km, 3.8 km, 5 km, 10 km e 20 km, al\u00e9m de duas provas para a categoria kids de 200m e 400m de percurso. A competi\u00e7\u00e3o que \u00e9 organizada pela 3 Iron Sports vai reunir atletas de diferentes nacionalidades. Inclusive, nesta sexta-feira acontece uma coletiva de imprensa sobre o evento.<\/p>\n<p>A prova tamb\u00e9m conta com alguns embaixadores e figuras do universo das \u00e1guas abertas como Jos\u00e9 Ferreira, Andrea de la Hera, Mayra Santos, Nadia Ben Batane, Miguel Arrobas, Catarina Ganzeli Winkler, Thais Sant\u2019Ana e B\u00e1rbara Hern\u00e1ndez.\u00a0Nesta sexta-feira acontece uma coletiva de imprensa para detalhar as provas e a din\u00e2mica da competi\u00e7\u00e3o. O guia oficial para o nadador do evento tamb\u00e9m pode ser baixado pelos interessados <a href=\"https:\/\/swimchannel.net\/br\/wp-content\/uploads\/2023\/09\/PT_Guia-Nadador-20km_2023.pdf\" target=\"_blank\" rel=\"noopener\"><strong>clicando aqui<\/strong><\/a>. O material conta com v\u00e1rias informa\u00e7\u00f5es e curiosidades do evento.<\/p>\n<figure id=\"attachment_56509\" aria-describedby=\"caption-attachment-56509\" style=\"width: 945px\" class=\"wp-caption alignnone\"><img loading=\"lazy\" decoding=\"async\" class=\"size-full wp-image-56509\" src=\"https:\/\/swimchannel.net\/br\/wp-content\/uploads\/2023\/05\/LIDLSwimChallenge-2022-108.jpg\" alt=\"\" width=\"945\" height=\"630\" srcset=\"https:\/\/swimchannel.net\/br\/wp-content\/uploads\/2023\/05\/LIDLSwimChallenge-2022-108.jpg 945w, https:\/\/swimchannel.net\/br\/wp-content\/uploads\/2023\/05\/LIDLSwimChallenge-2022-108-270x180.jpg 270w, https:\/\/swimchannel.net\/br\/wp-content\/uploads\/2023\/05\/LIDLSwimChallenge-2022-108-768x512.jpg 768w, https:\/\/swimchannel.net\/br\/wp-content\/uploads\/2023\/05\/LIDLSwimChallenge-2022-108-750x500.jpg 750w\" sizes=\"auto, (max-width: 945px) 100vw, 945px\" \/><figcaption id=\"caption-attachment-56509\" class=\"wp-caption-text\">Foto: Swim Challenge Cascais Divulga\u00e7\u00e3o<\/figcaption><\/figure>\n<p><strong>Confira a programa\u00e7\u00e3o completa abaixo<\/strong><\/p>\n<p><strong>Sexta-feira, 22 de setembro<\/strong><br \/>\n10h as 20h: Abertura do Secretariado de todas as provas Praia dos Pescadores<br \/>\n10h as 20h: Merchandising e EXPO Praia dos Pescadores<br \/>\n15h: Confer\u00eancia de Imprensa Padr\u00e3o dos Descobrimentos<br \/>\n16h: Briefing da prova de 20km Padr\u00e3o dos Descobrimentos<br \/>\n17h: Briefing da prova de 10km Padr\u00e3o dos Descobrimentos<\/p>\n<p><strong>S\u00e1bado, 23 de setembro<\/strong><br \/>\n7h15 as 8h30: Credenciamento no Secretariado da prova de 10 km na Praia da Torre (N\u00e3o s\u00e3o permitidas altera\u00e7\u00f5es ou inscri\u00e7\u00f5es de \u00faltima hora)<br \/>\n8h as 9h30: Credenciamento no Secretariado da prova de 20 km na Praia dos Descobrimentos (N\u00e3o s\u00e3o permitidas altera\u00e7\u00f5es ou inscri\u00e7\u00f5es de \u00faltima hora)<br \/>\n8h55: Chamada Atletas 10 km Praia da Torre<br \/>\n9h05: Hino Evento 10 km Praia da Torre<br \/>\n9h15: In\u00edcio da prova de 10 km Praia da Torre<br \/>\n10h as 20h: Abertura do Secretariado das provas de 5 km, 3.8 km, 1.9 km, 1 km e KIDS Praia dos Pescadores<br \/>\n10h as 20h: Merchandising e EXPO Praia dos Pescadores<br \/>\n10h: Chamada Atletas 20 km Padr\u00e3o dos Descobrimentos<br \/>\n10h05: Hino Evento 20 km e Hino Nacional Padr\u00e3o dos Descobrimentos<br \/>\n10h15: In\u00edcio da prova de 20 km Homens Padr\u00e3o dos Descobrimentos<br \/>\n10h18: In\u00edcio da prova de 20 km Senhoras Padr\u00e3o dos Descobrimentos<br \/>\n11h05: Previs\u00e3o de chegada do primeiro atleta da prova de 10 km Praia dos Pescadores<br \/>\n13h15: Previs\u00e3o de chegada do \u00faltimo atleta da prova de 10 km Praia dos Pescadores<br \/>\n13h30: Cerim\u00f3nia de Entrega de Pr\u00e9mios da prova de 10 km Praia dos Pescadores<br \/>\n14h: Previs\u00e3o de chegada do primeiro atleta da prova de 20 km Praia dos Pescadores<br \/>\n15h: Cerim\u00f4nia de Flores da prova de 20 km na Praia dos Pescadores (dependente da hora de chegada do 3\u00ba atleta de cada g\u00eanero)<br \/>\n18h30: Previs\u00e3o de chegada do \u00faltimo atleta da prova de 20 km na Praia dos Pescadores<\/p>\n<figure id=\"attachment_56199\" aria-describedby=\"caption-attachment-56199\" style=\"width: 945px\" class=\"wp-caption alignnone\"><img loading=\"lazy\" decoding=\"async\" class=\"size-full wp-image-56199\" src=\"https:\/\/swimchannel.net\/br\/wp-content\/uploads\/2023\/04\/284134845_403139301821063_8292640422162311711_n.jpg\" alt=\"\" width=\"945\" height=\"630\" srcset=\"https:\/\/swimchannel.net\/br\/wp-content\/uploads\/2023\/04\/284134845_403139301821063_8292640422162311711_n.jpg 945w, https:\/\/swimchannel.net\/br\/wp-content\/uploads\/2023\/04\/284134845_403139301821063_8292640422162311711_n-270x180.jpg 270w, https:\/\/swimchannel.net\/br\/wp-content\/uploads\/2023\/04\/284134845_403139301821063_8292640422162311711_n-768x512.jpg 768w, https:\/\/swimchannel.net\/br\/wp-content\/uploads\/2023\/04\/284134845_403139301821063_8292640422162311711_n-750x500.jpg 750w\" sizes=\"auto, (max-width: 945px) 100vw, 945px\" \/><figcaption id=\"caption-attachment-56199\" class=\"wp-caption-text\">Foto: Swim Challenge Cascais Divulga\u00e7\u00e3o<\/figcaption><\/figure>\n<p><strong>Domingo, 24 de setembro<\/strong><br \/>\n06h30 as 07h30: Credenciamento no Secretariado da prova de 3.8 km na Praia dos Pescadores (N\u00e3o s\u00e3o permitidas inscri\u00e7\u00f5es de \u00faltima hora)<br \/>\n07h40: Briefing da prova de 3.8 km na Praia dos Pescadores<br \/>\n07h55: Hino do evento na Praia dos Pescadores<br \/>\n08h: In\u00edcio da prova de 3.8 km na Praia dos Pescadores<br \/>\n08h30 as 09h30: Acredita\u00e7\u00e3o no Secretariado da prova de 1.9 km na Praia dos Pescadores (N\u00e3o s\u00e3o permitidas inscri\u00e7\u00f5es de \u00faltima hora)<br \/>\n09h45: Briefing da prova de 1.9 km na Praia dos Pescadores<br \/>\n10h: In\u00edcio da prova de 1.9 km na Praia dos Pescadores<br \/>\n09h30 as 10h30: Acredita\u00e7\u00e3o no Secretariado da prova de 5 km na Praia dos Pescadores (N\u00e3o s\u00e3o permitidas inscri\u00e7\u00f5es de \u00faltima hora)<br \/>\n10h as 20h: Merchandising e EXPO Praia dos Pescadores<br \/>\n10h45: Briefing da prova de 5 km na Praia dos Pescadores<br \/>\n11h: In\u00edcio da prova de 5 km na Praia dos Pescadores<br \/>\n13h30 as 14h30: Credenciamento no etariado da prova de 1 km na Praia dos Pescadores (N\u00e3o s\u00e3o permitidas inscri\u00e7\u00f5es de \u00faltima hora)<br \/>\n14h30: Cerim\u00f4nia de Entrega de Pr\u00e9mios das provas 5 km, 3.8 km e 1.9 km Cerim\u00f4nia de Entrega de Pr\u00e9mios de Equipa das provas 20 km, 10 km e 5 km na Praia dos Pescadores<br \/>\n14h as 16h: Credenciamento no Secretariado das provas KIDS na Praia dos Pescadores (N\u00e3o s\u00e3o permitidas inscri\u00e7\u00f5es de \u00faltima hora)<br \/>\n14h45: Briefing da prova de 1 km na Praia dos Pescadores<br \/>\n15h In\u00edcio da prova de 1 km na Praia dos Pescadores<br \/>\n15h45: Briefing da prova KIDS na Praia dos Pescadores<br \/>\n16h: In\u00edcio da prova KIDS na Praia dos Pescadores<br \/>\n16h30: Cerim\u00f4nia de Entrega de Pr\u00e9mios das provas de 1 km e KIDS Cerim\u00f4nia de Entrega de Pr\u00e9mios de Equipa das provas de 3.8 km, 1.9 km e 1 km na Praia dos Pescadores<\/p>\n","protected":false},"excerpt":{"rendered":"<p>Competi\u00e7\u00e3o de \u00e1gaus abertas disputada em Portugal ter\u00e1 seis dist\u00e2ncias que v\u00e3o de 1 km at\u00e9 20 km <\/p>\n","protected":false},"author":3,"featured_media":56509,"comment_status":"open","ping_status":"open","sticky":false,"template":"","format":"gallery","meta":{"footnotes":""},"categories":[115],"tags":[14,4774,5,631,434],"class_list":["post-60500","post","type-post","status-publish","format-gallery","has-post-thumbnail","hentry","category-aguas-abertas","tag-aguas-abertas","tag-cascais","tag-natacao","tag-portugal","tag-swim-challenge","post_format-post-format-gallery"],"yoast_head":"<!-- This site is optimized with the Yoast SEO plugin v27.0 - https:\/\/yoast.com\/product\/yoast-seo-wordpress\/ -->\n<title>Final de semana tem Swim Challenge Cascais - Swimchannel<\/title>\n<meta name=\"robots\" content=\"index, follow, max-snippet:-1, max-image-preview:large, max-video-preview:-1\" \/>\n<link rel=\"canonical\" href=\"https:\/\/swimchannel.net\/br\/final-de-semana-tem-swim-challenge-cascais\/\" \/>\n<meta property=\"og:locale\" content=\"pt_BR\" \/>\n<meta property=\"og:type\" content=\"article\" \/>\n<meta property=\"og:title\" content=\"Final de semana tem Swim Challenge Cascais - Swimchannel\" \/>\n<meta property=\"og:description\" content=\"Competi\u00e7\u00e3o de \u00e1gaus abertas disputada em Portugal ter\u00e1 seis dist\u00e2ncias que v\u00e3o de 1 km at\u00e9 20 km\" \/>\n<meta property=\"og:url\" content=\"https:\/\/swimchannel.net\/br\/final-de-semana-tem-swim-challenge-cascais\/\" \/>\n<meta property=\"og:site_name\" content=\"Swimchannel\" \/>\n<meta property=\"article:publisher\" content=\"https:\/\/www.facebook.com\/swimchannel\" \/>\n<meta property=\"article:published_time\" content=\"2023-09-22T03:46:49+00:00\" \/>\n<meta property=\"article:modified_time\" content=\"2023-09-25T21:53:16+00:00\" \/>\n<meta property=\"og:image\" content=\"https:\/\/swimchannel.net\/br\/wp-content\/uploads\/2023\/05\/LIDLSwimChallenge-2022-108.jpg\" \/>\n\t<meta property=\"og:image:width\" content=\"945\" \/>\n\t<meta property=\"og:image:height\" content=\"630\" \/>\n\t<meta property=\"og:image:type\" content=\"image\/jpeg\" \/>\n<meta name=\"author\" content=\"Guilherme Freitas\" \/>\n<meta name=\"twitter:card\" content=\"summary_large_image\" \/>\n<meta name=\"twitter:label1\" content=\"Escrito por\" \/>\n\t<meta name=\"twitter:data1\" content=\"Guilherme Freitas\" \/>\n\t<meta name=\"twitter:label2\" content=\"Est. tempo de leitura\" \/>\n\t<meta name=\"twitter:data2\" content=\"4 minutos\" \/>\n<script type=\"application\/ld+json\" class=\"yoast-schema-graph\">{\"@context\":\"https:\/\/schema.org\",\"@graph\":[{\"@type\":\"Article\",\"@id\":\"https:\/\/swimchannel.net\/br\/final-de-semana-tem-swim-challenge-cascais\/#article\",\"isPartOf\":{\"@id\":\"https:\/\/swimchannel.net\/br\/final-de-semana-tem-swim-challenge-cascais\/\"},\"author\":{\"name\":\"Guilherme Freitas\",\"@id\":\"https:\/\/swimchannel.net\/br\/#\/schema\/person\/aa2a63bab3275f53749a83276b213c48\"},\"headline\":\"Final de semana tem Swim Challenge Cascais\",\"datePublished\":\"2023-09-22T03:46:49+00:00\",\"dateModified\":\"2023-09-25T21:53:16+00:00\",\"mainEntityOfPage\":{\"@id\":\"https:\/\/swimchannel.net\/br\/final-de-semana-tem-swim-challenge-cascais\/\"},\"wordCount\":818,\"commentCount\":0,\"publisher\":{\"@id\":\"https:\/\/swimchannel.net\/br\/#organization\"},\"image\":{\"@id\":\"https:\/\/swimchannel.net\/br\/final-de-semana-tem-swim-challenge-cascais\/#primaryimage\"},\"thumbnailUrl\":\"https:\/\/swimchannel.net\/br\/wp-content\/uploads\/2023\/05\/LIDLSwimChallenge-2022-108.jpg\",\"keywords\":[\"\u00c1guas abertas\",\"Cascais\",\"natacao\",\"Portugal\",\"Swim Challenge\"],\"articleSection\":[\"\u00c1guas Abertas\"],\"inLanguage\":\"pt-BR\",\"potentialAction\":[{\"@type\":\"CommentAction\",\"name\":\"Comment\",\"target\":[\"https:\/\/swimchannel.net\/br\/final-de-semana-tem-swim-challenge-cascais\/#respond\"]}]},{\"@type\":\"WebPage\",\"@id\":\"https:\/\/swimchannel.net\/br\/final-de-semana-tem-swim-challenge-cascais\/\",\"url\":\"https:\/\/swimchannel.net\/br\/final-de-semana-tem-swim-challenge-cascais\/\",\"name\":\"Final de semana tem Swim Challenge Cascais - Swimchannel\",\"isPartOf\":{\"@id\":\"https:\/\/swimchannel.net\/br\/#website\"},\"primaryImageOfPage\":{\"@id\":\"https:\/\/swimchannel.net\/br\/final-de-semana-tem-swim-challenge-cascais\/#primaryimage\"},\"image\":{\"@id\":\"https:\/\/swimchannel.net\/br\/final-de-semana-tem-swim-challenge-cascais\/#primaryimage\"},\"thumbnailUrl\":\"https:\/\/swimchannel.net\/br\/wp-content\/uploads\/2023\/05\/LIDLSwimChallenge-2022-108.jpg\",\"datePublished\":\"2023-09-22T03:46:49+00:00\",\"dateModified\":\"2023-09-25T21:53:16+00:00\",\"breadcrumb\":{\"@id\":\"https:\/\/swimchannel.net\/br\/final-de-semana-tem-swim-challenge-cascais\/#breadcrumb\"},\"inLanguage\":\"pt-BR\",\"potentialAction\":[{\"@type\":\"ReadAction\",\"target\":[\"https:\/\/swimchannel.net\/br\/final-de-semana-tem-swim-challenge-cascais\/\"]}]},{\"@type\":\"ImageObject\",\"inLanguage\":\"pt-BR\",\"@id\":\"https:\/\/swimchannel.net\/br\/final-de-semana-tem-swim-challenge-cascais\/#primaryimage\",\"url\":\"https:\/\/swimchannel.net\/br\/wp-content\/uploads\/2023\/05\/LIDLSwimChallenge-2022-108.jpg\",\"contentUrl\":\"https:\/\/swimchannel.net\/br\/wp-content\/uploads\/2023\/05\/LIDLSwimChallenge-2022-108.jpg\",\"width\":945,\"height\":630,\"caption\":\"Foto: Swim Challenge Cascais Divulga\u00e7\u00e3o\"},{\"@type\":\"BreadcrumbList\",\"@id\":\"https:\/\/swimchannel.net\/br\/final-de-semana-tem-swim-challenge-cascais\/#breadcrumb\",\"itemListElement\":[{\"@type\":\"ListItem\",\"position\":1,\"name\":\"Home\",\"item\":\"https:\/\/swimchannel.net\/br\/\"},{\"@type\":\"ListItem\",\"position\":2,\"name\":\"Final de semana tem Swim Challenge Cascais\"}]},{\"@type\":\"WebSite\",\"@id\":\"https:\/\/swimchannel.net\/br\/#website\",\"url\":\"https:\/\/swimchannel.net\/br\/\",\"name\":\"Swimchannel\",\"description\":\"Maior portal de nata\u00e7\u00e3o da america latina\",\"publisher\":{\"@id\":\"https:\/\/swimchannel.net\/br\/#organization\"},\"potentialAction\":[{\"@type\":\"SearchAction\",\"target\":{\"@type\":\"EntryPoint\",\"urlTemplate\":\"https:\/\/swimchannel.net\/br\/?s={search_term_string}\"},\"query-input\":{\"@type\":\"PropertyValueSpecification\",\"valueRequired\":true,\"valueName\":\"search_term_string\"}}],\"inLanguage\":\"pt-BR\"},{\"@type\":\"Organization\",\"@id\":\"https:\/\/swimchannel.net\/br\/#organization\",\"name\":\"Swimchannel - Conectando voc\u00ea a Nata\u00e7\u00e3o\",\"url\":\"https:\/\/swimchannel.net\/br\/\",\"logo\":{\"@type\":\"ImageObject\",\"inLanguage\":\"pt-BR\",\"@id\":\"https:\/\/swimchannel.net\/br\/#\/schema\/logo\/image\/\",\"url\":\"https:\/\/swimchannel.net\/br\/wp-content\/uploads\/2026\/02\/SWIM-CHANNEL.png\",\"contentUrl\":\"https:\/\/swimchannel.net\/br\/wp-content\/uploads\/2026\/02\/SWIM-CHANNEL.png\",\"width\":1120,\"height\":630,\"caption\":\"Swimchannel - Conectando voc\u00ea a Nata\u00e7\u00e3o\"},\"image\":{\"@id\":\"https:\/\/swimchannel.net\/br\/#\/schema\/logo\/image\/\"},\"sameAs\":[\"https:\/\/www.facebook.com\/swimchannel\",\"https:\/\/www.instagram.com\/swimchannel\"]},{\"@type\":\"Person\",\"@id\":\"https:\/\/swimchannel.net\/br\/#\/schema\/person\/aa2a63bab3275f53749a83276b213c48\",\"name\":\"Guilherme Freitas\",\"image\":{\"@type\":\"ImageObject\",\"inLanguage\":\"pt-BR\",\"@id\":\"https:\/\/swimchannel.net\/br\/#\/schema\/person\/image\/\",\"url\":\"https:\/\/swimchannel.net\/br\/wp-content\/uploads\/2025\/10\/gui22-193x180.png\",\"contentUrl\":\"https:\/\/swimchannel.net\/br\/wp-content\/uploads\/2025\/10\/gui22-193x180.png\",\"caption\":\"Guilherme Freitas\"},\"description\":\"Jornalista s\u00eanior da SWIM CHANNEL, ex-correspondente da FINA no Brasil e pesquisador acad\u00eamico.\",\"sameAs\":[\"instagram.com\/guifreitas86\"],\"url\":\"https:\/\/swimchannel.net\/br\/author\/guilherme-freitas\/\"}]}<\/script>\n<!-- \/ Yoast SEO plugin. -->","yoast_head_json":{"title":"Final de semana tem Swim Challenge Cascais - Swimchannel","robots":{"index":"index","follow":"follow","max-snippet":"max-snippet:-1","max-image-preview":"max-image-preview:large","max-video-preview":"max-video-preview:-1"},"canonical":"https:\/\/swimchannel.net\/br\/final-de-semana-tem-swim-challenge-cascais\/","og_locale":"pt_BR","og_type":"article","og_title":"Final de semana tem Swim Challenge Cascais - Swimchannel","og_description":"Competi\u00e7\u00e3o de \u00e1gaus abertas disputada em Portugal ter\u00e1 seis dist\u00e2ncias que v\u00e3o de 1 km at\u00e9 20 km","og_url":"https:\/\/swimchannel.net\/br\/final-de-semana-tem-swim-challenge-cascais\/","og_site_name":"Swimchannel","article_publisher":"https:\/\/www.facebook.com\/swimchannel","article_published_time":"2023-09-22T03:46:49+00:00","article_modified_time":"2023-09-25T21:53:16+00:00","og_image":[{"width":945,"height":630,"url":"https:\/\/swimchannel.net\/br\/wp-content\/uploads\/2023\/05\/LIDLSwimChallenge-2022-108.jpg","type":"image\/jpeg"}],"author":"Guilherme Freitas","twitter_card":"summary_large_image","twitter_misc":{"Escrito por":"Guilherme Freitas","Est. tempo de leitura":"4 minutos"},"schema":{"@context":"https:\/\/schema.org","@graph":[{"@type":"Article","@id":"https:\/\/swimchannel.net\/br\/final-de-semana-tem-swim-challenge-cascais\/#article","isPartOf":{"@id":"https:\/\/swimchannel.net\/br\/final-de-semana-tem-swim-challenge-cascais\/"},"author":{"name":"Guilherme Freitas","@id":"https:\/\/swimchannel.net\/br\/#\/schema\/person\/aa2a63bab3275f53749a83276b213c48"},"headline":"Final de semana tem Swim Challenge Cascais","datePublished":"2023-09-22T03:46:49+00:00","dateModified":"2023-09-25T21:53:16+00:00","mainEntityOfPage":{"@id":"https:\/\/swimchannel.net\/br\/final-de-semana-tem-swim-challenge-cascais\/"},"wordCount":818,"commentCount":0,"publisher":{"@id":"https:\/\/swimchannel.net\/br\/#organization"},"image":{"@id":"https:\/\/swimchannel.net\/br\/final-de-semana-tem-swim-challenge-cascais\/#primaryimage"},"thumbnailUrl":"https:\/\/swimchannel.net\/br\/wp-content\/uploads\/2023\/05\/LIDLSwimChallenge-2022-108.jpg","keywords":["\u00c1guas abertas","Cascais","natacao","Portugal","Swim Challenge"],"articleSection":["\u00c1guas Abertas"],"inLanguage":"pt-BR","potentialAction":[{"@type":"CommentAction","name":"Comment","target":["https:\/\/swimchannel.net\/br\/final-de-semana-tem-swim-challenge-cascais\/#respond"]}]},{"@type":"WebPage","@id":"https:\/\/swimchannel.net\/br\/final-de-semana-tem-swim-challenge-cascais\/","url":"https:\/\/swimchannel.net\/br\/final-de-semana-tem-swim-challenge-cascais\/","name":"Final de semana tem Swim Challenge Cascais - Swimchannel","isPartOf":{"@id":"https:\/\/swimchannel.net\/br\/#website"},"primaryImageOfPage":{"@id":"https:\/\/swimchannel.net\/br\/final-de-semana-tem-swim-challenge-cascais\/#primaryimage"},"image":{"@id":"https:\/\/swimchannel.net\/br\/final-de-semana-tem-swim-challenge-cascais\/#primaryimage"},"thumbnailUrl":"https:\/\/swimchannel.net\/br\/wp-content\/uploads\/2023\/05\/LIDLSwimChallenge-2022-108.jpg","datePublished":"2023-09-22T03:46:49+00:00","dateModified":"2023-09-25T21:53:16+00:00","breadcrumb":{"@id":"https:\/\/swimchannel.net\/br\/final-de-semana-tem-swim-challenge-cascais\/#breadcrumb"},"inLanguage":"pt-BR","potentialAction":[{"@type":"ReadAction","target":["https:\/\/swimchannel.net\/br\/final-de-semana-tem-swim-challenge-cascais\/"]}]},{"@type":"ImageObject","inLanguage":"pt-BR","@id":"https:\/\/swimchannel.net\/br\/final-de-semana-tem-swim-challenge-cascais\/#primaryimage","url":"https:\/\/swimchannel.net\/br\/wp-content\/uploads\/2023\/05\/LIDLSwimChallenge-2022-108.jpg","contentUrl":"https:\/\/swimchannel.net\/br\/wp-content\/uploads\/2023\/05\/LIDLSwimChallenge-2022-108.jpg","width":945,"height":630,"caption":"Foto: Swim Challenge Cascais Divulga\u00e7\u00e3o"},{"@type":"BreadcrumbList","@id":"https:\/\/swimchannel.net\/br\/final-de-semana-tem-swim-challenge-cascais\/#breadcrumb","itemListElement":[{"@type":"ListItem","position":1,"name":"Home","item":"https:\/\/swimchannel.net\/br\/"},{"@type":"ListItem","position":2,"name":"Final de semana tem Swim Challenge Cascais"}]},{"@type":"WebSite","@id":"https:\/\/swimchannel.net\/br\/#website","url":"https:\/\/swimchannel.net\/br\/","name":"Swimchannel","description":"Maior portal de nata\u00e7\u00e3o da america latina","publisher":{"@id":"https:\/\/swimchannel.net\/br\/#organization"},"potentialAction":[{"@type":"SearchAction","target":{"@type":"EntryPoint","urlTemplate":"https:\/\/swimchannel.net\/br\/?s={search_term_string}"},"query-input":{"@type":"PropertyValueSpecification","valueRequired":true,"valueName":"search_term_string"}}],"inLanguage":"pt-BR"},{"@type":"Organization","@id":"https:\/\/swimchannel.net\/br\/#organization","name":"Swimchannel - Conectando voc\u00ea a Nata\u00e7\u00e3o","url":"https:\/\/swimchannel.net\/br\/","logo":{"@type":"ImageObject","inLanguage":"pt-BR","@id":"https:\/\/swimchannel.net\/br\/#\/schema\/logo\/image\/","url":"https:\/\/swimchannel.net\/br\/wp-content\/uploads\/2026\/02\/SWIM-CHANNEL.png","contentUrl":"https:\/\/swimchannel.net\/br\/wp-content\/uploads\/2026\/02\/SWIM-CHANNEL.png","width":1120,"height":630,"caption":"Swimchannel - Conectando voc\u00ea a Nata\u00e7\u00e3o"},"image":{"@id":"https:\/\/swimchannel.net\/br\/#\/schema\/logo\/image\/"},"sameAs":["https:\/\/www.facebook.com\/swimchannel","https:\/\/www.instagram.com\/swimchannel"]},{"@type":"Person","@id":"https:\/\/swimchannel.net\/br\/#\/schema\/person\/aa2a63bab3275f53749a83276b213c48","name":"Guilherme Freitas","image":{"@type":"ImageObject","inLanguage":"pt-BR","@id":"https:\/\/swimchannel.net\/br\/#\/schema\/person\/image\/","url":"https:\/\/swimchannel.net\/br\/wp-content\/uploads\/2025\/10\/gui22-193x180.png","contentUrl":"https:\/\/swimchannel.net\/br\/wp-content\/uploads\/2025\/10\/gui22-193x180.png","caption":"Guilherme Freitas"},"description":"Jornalista s\u00eanior da SWIM CHANNEL, ex-correspondente da FINA no Brasil e pesquisador acad\u00eamico.","sameAs":["instagram.com\/guifreitas86"],"url":"https:\/\/swimchannel.net\/br\/author\/guilherme-freitas\/"}]}},"_links":{"self":[{"href":"https:\/\/swimchannel.net\/br\/wp-json\/wp\/v2\/posts\/60500","targetHints":{"allow":["GET"]}}],"collection":[{"href":"https:\/\/swimchannel.net\/br\/wp-json\/wp\/v2\/posts"}],"about":[{"href":"https:\/\/swimchannel.net\/br\/wp-json\/wp\/v2\/types\/post"}],"author":[{"embeddable":true,"href":"https:\/\/swimchannel.net\/br\/wp-json\/wp\/v2\/users\/3"}],"replies":[{"embeddable":true,"href":"https:\/\/swimchannel.net\/br\/wp-json\/wp\/v2\/comments?post=60500"}],"version-history":[{"count":1,"href":"https:\/\/swimchannel.net\/br\/wp-json\/wp\/v2\/posts\/60500\/revisions"}],"predecessor-version":[{"id":60506,"href":"https:\/\/swimchannel.net\/br\/wp-json\/wp\/v2\/posts\/60500\/revisions\/60506"}],"wp:featuredmedia":[{"embeddable":true,"href":"https:\/\/swimchannel.net\/br\/wp-json\/wp\/v2\/media\/56509"}],"wp:attachment":[{"href":"https:\/\/swimchannel.net\/br\/wp-json\/wp\/v2\/media?parent=60500"}],"wp:term":[{"taxonomy":"category","embeddable":true,"href":"https:\/\/swimchannel.net\/br\/wp-json\/wp\/v2\/categories?post=60500"},{"taxonomy":"post_tag","embeddable":true,"href":"https:\/\/swimchannel.net\/br\/wp-json\/wp\/v2\/tags?post=60500"}],"curies":[{"name":"wp","href":"https:\/\/api.w.org\/{rel}","templated":true}]}}