{"id":60615,"date":"2023-09-28T14:58:13","date_gmt":"2023-09-28T17:58:13","guid":{"rendered":"https:\/\/swimchannel.net\/br\/?p=60615"},"modified":"2023-09-28T17:32:53","modified_gmt":"2023-09-28T20:32:53","slug":"travessia-internacional-da-pinheira-chega-a-sua-quarta-edicao-em-outubro","status":"publish","type":"post","link":"https:\/\/swimchannel.net\/br\/travessia-internacional-da-pinheira-chega-a-sua-quarta-edicao-em-outubro\/","title":{"rendered":"Travessia Internacional da Pinheira chega a sua quarta edi\u00e7\u00e3o em outubro"},"content":{"rendered":"<p>Os apaixonados pela nata\u00e7\u00e3o em \u00e1guas abertas j\u00e1 t\u00eam encontro marcado no Sul do pa\u00eds. No dia 08 de outubro ser\u00e1 realizada a 4\u00aa Edi\u00e7\u00e3o da Travessia Internacional da Pinheira, em Palho\u00e7a (SC) e as inscri\u00e7\u00f5es podem ser feitas at\u00e9 dia 04 de outubro,\u00a0no site oficial\u00a0<a href=\"https:\/\/www.blueticket.com.br\/evento\/30159\">aqui<\/a>. Entre os desafios da competi\u00e7\u00e3o est\u00e1 a dist\u00e2ncia de 5 km, que poder\u00e1 ser disputada na modalidade solo ou de revezamento de trio.<\/p>\n<p>Com cen\u00e1rio deslumbrante, os participantes ter\u00e3o a oportunidade de se lan\u00e7ar nas \u00e1guas do Sul do Brasil. A competi\u00e7\u00e3o parte da Praia de Cima, com chegada na Ponta do Papagaio, sendo que ao longo do percurso os atletas passar\u00e3o pelas praias da Pinheira e Mar Aberto.<\/p>\n<p>\u201cO percurso priorit\u00e1rio ser\u00e1 no sentido Sul\/Norte e tem como proposta apresentar uma experi\u00eancia \u00fanica para os nadadores. Entretanto, \u00e9 importante lembrar que, dependendo das condi\u00e7\u00f5es clim\u00e1ticas no dia da prova, a dire\u00e7\u00e3o da travessia poder\u00e1 ser ajustada\u201d, explica Philippe dos Anjos, diretor da PDA Esportes, organizadora do evento.<\/p>\n<p>A nata\u00e7\u00e3o em \u00e1guas abertas combina o amor pela \u00e1gua com a busca por desafios naturais. E \u00e9 justamente esse o diferencial da Travessia Internacional da Pinheira, que tem se tornado uma refer\u00eancia na Am\u00e9rica do Sul, com a participa\u00e7\u00e3o de muitos atletas da Argentina, Uruguai e Peru.<\/p>\n<p>\u201cNos alegra muito realizar esta competi\u00e7\u00e3o que une uma dist\u00e2ncia desafiadora \u00e0s belezas naturais do local. Este tipo de prova \u00e9 uma \u00f3tima oportunidade para os atletas testarem suas habilidades e resist\u00eancia\u201d, pontua dos Anjos.<\/p>\n<figure id=\"attachment_60616\" aria-describedby=\"caption-attachment-60616\" style=\"width: 944px\" class=\"wp-caption alignnone\"><img loading=\"lazy\" decoding=\"async\" class=\"size-full wp-image-60616\" src=\"https:\/\/swimchannel.net\/br\/wp-content\/uploads\/2023\/09\/4f0ee870-307f-4014-980e-9c1df27200b5.jpg\" alt=\"\" width=\"944\" height=\"630\" srcset=\"https:\/\/swimchannel.net\/br\/wp-content\/uploads\/2023\/09\/4f0ee870-307f-4014-980e-9c1df27200b5.jpg 944w, https:\/\/swimchannel.net\/br\/wp-content\/uploads\/2023\/09\/4f0ee870-307f-4014-980e-9c1df27200b5-270x180.jpg 270w, https:\/\/swimchannel.net\/br\/wp-content\/uploads\/2023\/09\/4f0ee870-307f-4014-980e-9c1df27200b5-768x513.jpg 768w, https:\/\/swimchannel.net\/br\/wp-content\/uploads\/2023\/09\/4f0ee870-307f-4014-980e-9c1df27200b5-750x501.jpg 750w\" sizes=\"auto, (max-width: 944px) 100vw, 944px\" \/><figcaption id=\"caption-attachment-60616\" class=\"wp-caption-text\">Travessia da Pinheira. Foto: Assessoria de Imprensa PDA Sports<\/figcaption><\/figure>\n<p>Segundo a organiza\u00e7\u00e3o, toda a seguran\u00e7a da prova \u00e9 feita por profissionais qualificados, sendo a equipe de salvatagem composta por guarda-vidas civis e\/ou devidamente capacitados em salvamento aqu\u00e1tico. Al\u00e9m disso, cada atleta poder\u00e1 ter seu acompanhamento individual por caiaque ou stand up paddle, sendo respons\u00e1vel pelo seu equipamento, transporte e armazenamento.<\/p>\n<p>Todos os participantes que cruzarem a linha de chegada ser\u00e3o agraciados com uma medalha de participa\u00e7\u00e3o. Al\u00e9m disso, os destaques da competi\u00e7\u00e3o ter\u00e3o premia\u00e7\u00f5es para os Campe\u00f5es Absolutos Individuais Masculinos e Femininos, do 1\u00ba ao 3\u00ba lugar, bem como para os tr\u00eas primeiros colocados em todas as categorias individuais, tanto masculinas quanto femininas. N\u00e3o deixando de lado as equipes, os campe\u00f5es absolutos do trio masculino, feminino e misto tamb\u00e9m ser\u00e3o premiados, do 1\u00ba ao 3\u00ba lugar.<\/p>\n<p><strong>Programa\u00e7\u00e3o Completa<\/strong><\/p>\n<p>Dia 04\/10 | Quarta-feira<br \/>\n19:30 &#8211; Congresso T\u00e9cnico (on-line)<br \/>\nInstagram: @nadecomapda<\/p>\n<p>Dia 07\/10 | S\u00e1bado<br \/>\n14:00 \u00e0s 18:00 &#8211; Retirada dos Kits<br \/>\n18:00 &#8211; Vida Salgada Talk<br \/>\nTema: Em Breve<br \/>\n19:00 &#8211; Jantar de Massas (por ades\u00e3o)<br \/>\nLocal: A Confirmar<\/p>\n<p>Dia 08\/10 | Domingo<br \/>\n06:15 as 06:45 &#8211; Check-in<br \/>\n06:45 &#8211; Briefing Pr\u00e9-prova na Arena<br \/>\n07:00 &#8211; Sa\u00edda do \u00f4nibus para largada<br \/>\n07:30 &#8211; Largada Masculino<br \/>\n07:33 &#8211; Largada Feminino<br \/>\n07:36 &#8211; Largada PCD<br \/>\n11:00 &#8211; Cerim\u00f4nia de Premia\u00e7\u00e3o<br \/>\n*Entrega dos Kits &#8211; Obrigat\u00f3ria apresenta\u00e7\u00e3o de um documento oficial com foto.<\/p>\n<p>Mais informa\u00e7\u00f5es e inscri\u00e7\u00f5es acesse o site \u2013 <a href=\"http:\/\/www.pdaesportes.com.br\">www.pdaesportes.com.br <\/a>ou acompanhe o perfil da organiza\u00e7\u00e3o no Instagram &#8211; @nadecomapda.<\/p>\n","protected":false},"excerpt":{"rendered":"<p>Competi\u00e7\u00e3o catarinense tem inscri\u00e7\u00f5es abertas e \u00e9 considerada refer\u00eancia na Am\u00e9rica do Sul<\/p>\n","protected":false},"author":9,"featured_media":60617,"comment_status":"open","ping_status":"open","sticky":false,"template":"","format":"gallery","meta":{"footnotes":""},"categories":[115],"tags":[14,5537,5,1985],"class_list":["post-60615","post","type-post","status-publish","format-gallery","has-post-thumbnail","hentry","category-aguas-abertas","tag-aguas-abertas","tag-internacional-da-pinheira","tag-natacao","tag-pda-esportes","post_format-post-format-gallery"],"yoast_head":"<!-- This site is optimized with the Yoast SEO plugin v27.0 - https:\/\/yoast.com\/product\/yoast-seo-wordpress\/ -->\n<title>Travessia Internacional da Pinheira chega a sua quarta edi\u00e7\u00e3o em outubro - Swimchannel<\/title>\n<meta name=\"robots\" content=\"index, follow, max-snippet:-1, max-image-preview:large, max-video-preview:-1\" \/>\n<link rel=\"canonical\" href=\"https:\/\/swimchannel.net\/br\/travessia-internacional-da-pinheira-chega-a-sua-quarta-edicao-em-outubro\/\" \/>\n<meta property=\"og:locale\" content=\"pt_BR\" \/>\n<meta property=\"og:type\" content=\"article\" \/>\n<meta property=\"og:title\" content=\"Travessia Internacional da Pinheira chega a sua quarta edi\u00e7\u00e3o em outubro - Swimchannel\" \/>\n<meta property=\"og:description\" content=\"Competi\u00e7\u00e3o catarinense tem inscri\u00e7\u00f5es abertas e \u00e9 considerada refer\u00eancia na Am\u00e9rica do Sul\" \/>\n<meta property=\"og:url\" content=\"https:\/\/swimchannel.net\/br\/travessia-internacional-da-pinheira-chega-a-sua-quarta-edicao-em-outubro\/\" \/>\n<meta property=\"og:site_name\" content=\"Swimchannel\" \/>\n<meta property=\"article:publisher\" content=\"https:\/\/www.facebook.com\/swimchannel\" \/>\n<meta property=\"article:published_time\" content=\"2023-09-28T17:58:13+00:00\" \/>\n<meta property=\"article:modified_time\" content=\"2023-09-28T20:32:53+00:00\" \/>\n<meta property=\"og:image\" content=\"https:\/\/swimchannel.net\/br\/wp-content\/uploads\/2023\/09\/ce5e9aea-f850-4b93-a22a-09c23d605bbe.jpg\" \/>\n\t<meta property=\"og:image:width\" content=\"945\" \/>\n\t<meta property=\"og:image:height\" content=\"630\" \/>\n\t<meta property=\"og:image:type\" content=\"image\/jpeg\" \/>\n<meta name=\"author\" content=\"Katarine Monteiro\" \/>\n<meta name=\"twitter:card\" content=\"summary_large_image\" \/>\n<meta name=\"twitter:creator\" content=\"@https:\/\/twitter.com\/Katarinem\" \/>\n<meta name=\"twitter:label1\" content=\"Escrito por\" \/>\n\t<meta name=\"twitter:data1\" content=\"Katarine Monteiro\" \/>\n\t<meta name=\"twitter:label2\" content=\"Est. tempo de leitura\" \/>\n\t<meta name=\"twitter:data2\" content=\"3 minutos\" \/>\n<script type=\"application\/ld+json\" class=\"yoast-schema-graph\">{\"@context\":\"https:\/\/schema.org\",\"@graph\":[{\"@type\":\"Article\",\"@id\":\"https:\/\/swimchannel.net\/br\/travessia-internacional-da-pinheira-chega-a-sua-quarta-edicao-em-outubro\/#article\",\"isPartOf\":{\"@id\":\"https:\/\/swimchannel.net\/br\/travessia-internacional-da-pinheira-chega-a-sua-quarta-edicao-em-outubro\/\"},\"author\":{\"name\":\"Katarine Monteiro\",\"@id\":\"https:\/\/swimchannel.net\/br\/#\/schema\/person\/73ae9cec62249968bca1f0a8098ef002\"},\"headline\":\"Travessia Internacional da Pinheira chega a sua quarta edi\u00e7\u00e3o em outubro\",\"datePublished\":\"2023-09-28T17:58:13+00:00\",\"dateModified\":\"2023-09-28T20:32:53+00:00\",\"mainEntityOfPage\":{\"@id\":\"https:\/\/swimchannel.net\/br\/travessia-internacional-da-pinheira-chega-a-sua-quarta-edicao-em-outubro\/\"},\"wordCount\":544,\"commentCount\":0,\"publisher\":{\"@id\":\"https:\/\/swimchannel.net\/br\/#organization\"},\"image\":{\"@id\":\"https:\/\/swimchannel.net\/br\/travessia-internacional-da-pinheira-chega-a-sua-quarta-edicao-em-outubro\/#primaryimage\"},\"thumbnailUrl\":\"https:\/\/swimchannel.net\/br\/wp-content\/uploads\/2023\/09\/ce5e9aea-f850-4b93-a22a-09c23d605bbe.jpg\",\"keywords\":[\"\u00c1guas abertas\",\"Internacional da Pinheira\",\"natacao\",\"PDA Esportes\"],\"articleSection\":[\"\u00c1guas Abertas\"],\"inLanguage\":\"pt-BR\",\"potentialAction\":[{\"@type\":\"CommentAction\",\"name\":\"Comment\",\"target\":[\"https:\/\/swimchannel.net\/br\/travessia-internacional-da-pinheira-chega-a-sua-quarta-edicao-em-outubro\/#respond\"]}]},{\"@type\":\"WebPage\",\"@id\":\"https:\/\/swimchannel.net\/br\/travessia-internacional-da-pinheira-chega-a-sua-quarta-edicao-em-outubro\/\",\"url\":\"https:\/\/swimchannel.net\/br\/travessia-internacional-da-pinheira-chega-a-sua-quarta-edicao-em-outubro\/\",\"name\":\"Travessia Internacional da Pinheira chega a sua quarta edi\u00e7\u00e3o em outubro - Swimchannel\",\"isPartOf\":{\"@id\":\"https:\/\/swimchannel.net\/br\/#website\"},\"primaryImageOfPage\":{\"@id\":\"https:\/\/swimchannel.net\/br\/travessia-internacional-da-pinheira-chega-a-sua-quarta-edicao-em-outubro\/#primaryimage\"},\"image\":{\"@id\":\"https:\/\/swimchannel.net\/br\/travessia-internacional-da-pinheira-chega-a-sua-quarta-edicao-em-outubro\/#primaryimage\"},\"thumbnailUrl\":\"https:\/\/swimchannel.net\/br\/wp-content\/uploads\/2023\/09\/ce5e9aea-f850-4b93-a22a-09c23d605bbe.jpg\",\"datePublished\":\"2023-09-28T17:58:13+00:00\",\"dateModified\":\"2023-09-28T20:32:53+00:00\",\"breadcrumb\":{\"@id\":\"https:\/\/swimchannel.net\/br\/travessia-internacional-da-pinheira-chega-a-sua-quarta-edicao-em-outubro\/#breadcrumb\"},\"inLanguage\":\"pt-BR\",\"potentialAction\":[{\"@type\":\"ReadAction\",\"target\":[\"https:\/\/swimchannel.net\/br\/travessia-internacional-da-pinheira-chega-a-sua-quarta-edicao-em-outubro\/\"]}]},{\"@type\":\"ImageObject\",\"inLanguage\":\"pt-BR\",\"@id\":\"https:\/\/swimchannel.net\/br\/travessia-internacional-da-pinheira-chega-a-sua-quarta-edicao-em-outubro\/#primaryimage\",\"url\":\"https:\/\/swimchannel.net\/br\/wp-content\/uploads\/2023\/09\/ce5e9aea-f850-4b93-a22a-09c23d605bbe.jpg\",\"contentUrl\":\"https:\/\/swimchannel.net\/br\/wp-content\/uploads\/2023\/09\/ce5e9aea-f850-4b93-a22a-09c23d605bbe.jpg\",\"width\":945,\"height\":630,\"caption\":\"Travessia da Pinheira. Foto: Assessoria de Imprensa PDA Sports\"},{\"@type\":\"BreadcrumbList\",\"@id\":\"https:\/\/swimchannel.net\/br\/travessia-internacional-da-pinheira-chega-a-sua-quarta-edicao-em-outubro\/#breadcrumb\",\"itemListElement\":[{\"@type\":\"ListItem\",\"position\":1,\"name\":\"Home\",\"item\":\"https:\/\/swimchannel.net\/br\/\"},{\"@type\":\"ListItem\",\"position\":2,\"name\":\"Travessia Internacional da Pinheira chega a sua quarta edi\u00e7\u00e3o em outubro\"}]},{\"@type\":\"WebSite\",\"@id\":\"https:\/\/swimchannel.net\/br\/#website\",\"url\":\"https:\/\/swimchannel.net\/br\/\",\"name\":\"Swimchannel\",\"description\":\"Maior portal de nata\u00e7\u00e3o da america latina\",\"publisher\":{\"@id\":\"https:\/\/swimchannel.net\/br\/#organization\"},\"potentialAction\":[{\"@type\":\"SearchAction\",\"target\":{\"@type\":\"EntryPoint\",\"urlTemplate\":\"https:\/\/swimchannel.net\/br\/?s={search_term_string}\"},\"query-input\":{\"@type\":\"PropertyValueSpecification\",\"valueRequired\":true,\"valueName\":\"search_term_string\"}}],\"inLanguage\":\"pt-BR\"},{\"@type\":\"Organization\",\"@id\":\"https:\/\/swimchannel.net\/br\/#organization\",\"name\":\"Swimchannel - Conectando voc\u00ea a Nata\u00e7\u00e3o\",\"url\":\"https:\/\/swimchannel.net\/br\/\",\"logo\":{\"@type\":\"ImageObject\",\"inLanguage\":\"pt-BR\",\"@id\":\"https:\/\/swimchannel.net\/br\/#\/schema\/logo\/image\/\",\"url\":\"https:\/\/swimchannel.net\/br\/wp-content\/uploads\/2026\/02\/SWIM-CHANNEL.png\",\"contentUrl\":\"https:\/\/swimchannel.net\/br\/wp-content\/uploads\/2026\/02\/SWIM-CHANNEL.png\",\"width\":1120,\"height\":630,\"caption\":\"Swimchannel - Conectando voc\u00ea a Nata\u00e7\u00e3o\"},\"image\":{\"@id\":\"https:\/\/swimchannel.net\/br\/#\/schema\/logo\/image\/\"},\"sameAs\":[\"https:\/\/www.facebook.com\/swimchannel\",\"https:\/\/www.instagram.com\/swimchannel\"]},{\"@type\":\"Person\",\"@id\":\"https:\/\/swimchannel.net\/br\/#\/schema\/person\/73ae9cec62249968bca1f0a8098ef002\",\"name\":\"Katarine Monteiro\",\"image\":{\"@type\":\"ImageObject\",\"inLanguage\":\"pt-BR\",\"@id\":\"https:\/\/swimchannel.net\/br\/#\/schema\/person\/image\/\",\"url\":\"https:\/\/swimchannel.net\/br\/wp-content\/uploads\/2022\/01\/Katarine-Monteiro-100x100.jpg\",\"contentUrl\":\"https:\/\/swimchannel.net\/br\/wp-content\/uploads\/2022\/01\/Katarine-Monteiro-100x100.jpg\",\"caption\":\"Katarine Monteiro\"},\"description\":\"Jornalista SWIM CHANNEL especializada em esportes ol\u00edmpicos e em sa\u00fade. Com cobertura de grandes eventos internacionais, como Jogos Ol\u00edmpicos Rio 2016, Jogos Pan-Americanos em Lima 2019, Qatar Total Open 2020, Qatar ExxonMobil Open 2019 - t\u00eanis em Doha (QT), Semana Internacional de Vela de Ilhabela, Transat Jacques Vabre 2019 (Fran\u00e7a-Brasil), L'\u00c9tape Brasil by Tour de France, j\u00e1 fez in\u00fameras coberturas de nata\u00e7\u00e3o, maratona aqu\u00e1tica e polo aqu\u00e1tico. Formada tamb\u00e9m em Letras, a jornalista atua como assessora de imprensa, rela\u00e7\u00f5es p\u00fablicas e social media, com especializa\u00e7\u00e3o em marketing esportivo. Nadadora amadora de \u00e1guas abertas, j\u00e1 trabalhou com grandes nomes da nata\u00e7\u00e3o e do polo aqu\u00e1tico brasileiro.\",\"sameAs\":[\"https:\/\/www.instagram.com\/_katarinemonteiro\/\",\"https:\/\/www.linkedin.com\/in\/katarine-monteiro-19385297\/\",\"https:\/\/x.com\/https:\/\/twitter.com\/Katarinem\"],\"url\":\"https:\/\/swimchannel.net\/br\/author\/katarine-monteiro\/\"}]}<\/script>\n<!-- \/ Yoast SEO plugin. -->","yoast_head_json":{"title":"Travessia Internacional da Pinheira chega a sua quarta edi\u00e7\u00e3o em outubro - Swimchannel","robots":{"index":"index","follow":"follow","max-snippet":"max-snippet:-1","max-image-preview":"max-image-preview:large","max-video-preview":"max-video-preview:-1"},"canonical":"https:\/\/swimchannel.net\/br\/travessia-internacional-da-pinheira-chega-a-sua-quarta-edicao-em-outubro\/","og_locale":"pt_BR","og_type":"article","og_title":"Travessia Internacional da Pinheira chega a sua quarta edi\u00e7\u00e3o em outubro - Swimchannel","og_description":"Competi\u00e7\u00e3o catarinense tem inscri\u00e7\u00f5es abertas e \u00e9 considerada refer\u00eancia na Am\u00e9rica do Sul","og_url":"https:\/\/swimchannel.net\/br\/travessia-internacional-da-pinheira-chega-a-sua-quarta-edicao-em-outubro\/","og_site_name":"Swimchannel","article_publisher":"https:\/\/www.facebook.com\/swimchannel","article_published_time":"2023-09-28T17:58:13+00:00","article_modified_time":"2023-09-28T20:32:53+00:00","og_image":[{"width":945,"height":630,"url":"https:\/\/swimchannel.net\/br\/wp-content\/uploads\/2023\/09\/ce5e9aea-f850-4b93-a22a-09c23d605bbe.jpg","type":"image\/jpeg"}],"author":"Katarine Monteiro","twitter_card":"summary_large_image","twitter_creator":"@https:\/\/twitter.com\/Katarinem","twitter_misc":{"Escrito por":"Katarine Monteiro","Est. tempo de leitura":"3 minutos"},"schema":{"@context":"https:\/\/schema.org","@graph":[{"@type":"Article","@id":"https:\/\/swimchannel.net\/br\/travessia-internacional-da-pinheira-chega-a-sua-quarta-edicao-em-outubro\/#article","isPartOf":{"@id":"https:\/\/swimchannel.net\/br\/travessia-internacional-da-pinheira-chega-a-sua-quarta-edicao-em-outubro\/"},"author":{"name":"Katarine Monteiro","@id":"https:\/\/swimchannel.net\/br\/#\/schema\/person\/73ae9cec62249968bca1f0a8098ef002"},"headline":"Travessia Internacional da Pinheira chega a sua quarta edi\u00e7\u00e3o em outubro","datePublished":"2023-09-28T17:58:13+00:00","dateModified":"2023-09-28T20:32:53+00:00","mainEntityOfPage":{"@id":"https:\/\/swimchannel.net\/br\/travessia-internacional-da-pinheira-chega-a-sua-quarta-edicao-em-outubro\/"},"wordCount":544,"commentCount":0,"publisher":{"@id":"https:\/\/swimchannel.net\/br\/#organization"},"image":{"@id":"https:\/\/swimchannel.net\/br\/travessia-internacional-da-pinheira-chega-a-sua-quarta-edicao-em-outubro\/#primaryimage"},"thumbnailUrl":"https:\/\/swimchannel.net\/br\/wp-content\/uploads\/2023\/09\/ce5e9aea-f850-4b93-a22a-09c23d605bbe.jpg","keywords":["\u00c1guas abertas","Internacional da Pinheira","natacao","PDA Esportes"],"articleSection":["\u00c1guas Abertas"],"inLanguage":"pt-BR","potentialAction":[{"@type":"CommentAction","name":"Comment","target":["https:\/\/swimchannel.net\/br\/travessia-internacional-da-pinheira-chega-a-sua-quarta-edicao-em-outubro\/#respond"]}]},{"@type":"WebPage","@id":"https:\/\/swimchannel.net\/br\/travessia-internacional-da-pinheira-chega-a-sua-quarta-edicao-em-outubro\/","url":"https:\/\/swimchannel.net\/br\/travessia-internacional-da-pinheira-chega-a-sua-quarta-edicao-em-outubro\/","name":"Travessia Internacional da Pinheira chega a sua quarta edi\u00e7\u00e3o em outubro - Swimchannel","isPartOf":{"@id":"https:\/\/swimchannel.net\/br\/#website"},"primaryImageOfPage":{"@id":"https:\/\/swimchannel.net\/br\/travessia-internacional-da-pinheira-chega-a-sua-quarta-edicao-em-outubro\/#primaryimage"},"image":{"@id":"https:\/\/swimchannel.net\/br\/travessia-internacional-da-pinheira-chega-a-sua-quarta-edicao-em-outubro\/#primaryimage"},"thumbnailUrl":"https:\/\/swimchannel.net\/br\/wp-content\/uploads\/2023\/09\/ce5e9aea-f850-4b93-a22a-09c23d605bbe.jpg","datePublished":"2023-09-28T17:58:13+00:00","dateModified":"2023-09-28T20:32:53+00:00","breadcrumb":{"@id":"https:\/\/swimchannel.net\/br\/travessia-internacional-da-pinheira-chega-a-sua-quarta-edicao-em-outubro\/#breadcrumb"},"inLanguage":"pt-BR","potentialAction":[{"@type":"ReadAction","target":["https:\/\/swimchannel.net\/br\/travessia-internacional-da-pinheira-chega-a-sua-quarta-edicao-em-outubro\/"]}]},{"@type":"ImageObject","inLanguage":"pt-BR","@id":"https:\/\/swimchannel.net\/br\/travessia-internacional-da-pinheira-chega-a-sua-quarta-edicao-em-outubro\/#primaryimage","url":"https:\/\/swimchannel.net\/br\/wp-content\/uploads\/2023\/09\/ce5e9aea-f850-4b93-a22a-09c23d605bbe.jpg","contentUrl":"https:\/\/swimchannel.net\/br\/wp-content\/uploads\/2023\/09\/ce5e9aea-f850-4b93-a22a-09c23d605bbe.jpg","width":945,"height":630,"caption":"Travessia da Pinheira. Foto: Assessoria de Imprensa PDA Sports"},{"@type":"BreadcrumbList","@id":"https:\/\/swimchannel.net\/br\/travessia-internacional-da-pinheira-chega-a-sua-quarta-edicao-em-outubro\/#breadcrumb","itemListElement":[{"@type":"ListItem","position":1,"name":"Home","item":"https:\/\/swimchannel.net\/br\/"},{"@type":"ListItem","position":2,"name":"Travessia Internacional da Pinheira chega a sua quarta edi\u00e7\u00e3o em outubro"}]},{"@type":"WebSite","@id":"https:\/\/swimchannel.net\/br\/#website","url":"https:\/\/swimchannel.net\/br\/","name":"Swimchannel","description":"Maior portal de nata\u00e7\u00e3o da america latina","publisher":{"@id":"https:\/\/swimchannel.net\/br\/#organization"},"potentialAction":[{"@type":"SearchAction","target":{"@type":"EntryPoint","urlTemplate":"https:\/\/swimchannel.net\/br\/?s={search_term_string}"},"query-input":{"@type":"PropertyValueSpecification","valueRequired":true,"valueName":"search_term_string"}}],"inLanguage":"pt-BR"},{"@type":"Organization","@id":"https:\/\/swimchannel.net\/br\/#organization","name":"Swimchannel - Conectando voc\u00ea a Nata\u00e7\u00e3o","url":"https:\/\/swimchannel.net\/br\/","logo":{"@type":"ImageObject","inLanguage":"pt-BR","@id":"https:\/\/swimchannel.net\/br\/#\/schema\/logo\/image\/","url":"https:\/\/swimchannel.net\/br\/wp-content\/uploads\/2026\/02\/SWIM-CHANNEL.png","contentUrl":"https:\/\/swimchannel.net\/br\/wp-content\/uploads\/2026\/02\/SWIM-CHANNEL.png","width":1120,"height":630,"caption":"Swimchannel - Conectando voc\u00ea a Nata\u00e7\u00e3o"},"image":{"@id":"https:\/\/swimchannel.net\/br\/#\/schema\/logo\/image\/"},"sameAs":["https:\/\/www.facebook.com\/swimchannel","https:\/\/www.instagram.com\/swimchannel"]},{"@type":"Person","@id":"https:\/\/swimchannel.net\/br\/#\/schema\/person\/73ae9cec62249968bca1f0a8098ef002","name":"Katarine Monteiro","image":{"@type":"ImageObject","inLanguage":"pt-BR","@id":"https:\/\/swimchannel.net\/br\/#\/schema\/person\/image\/","url":"https:\/\/swimchannel.net\/br\/wp-content\/uploads\/2022\/01\/Katarine-Monteiro-100x100.jpg","contentUrl":"https:\/\/swimchannel.net\/br\/wp-content\/uploads\/2022\/01\/Katarine-Monteiro-100x100.jpg","caption":"Katarine Monteiro"},"description":"Jornalista SWIM CHANNEL especializada em esportes ol\u00edmpicos e em sa\u00fade. Com cobertura de grandes eventos internacionais, como Jogos Ol\u00edmpicos Rio 2016, Jogos Pan-Americanos em Lima 2019, Qatar Total Open 2020, Qatar ExxonMobil Open 2019 - t\u00eanis em Doha (QT), Semana Internacional de Vela de Ilhabela, Transat Jacques Vabre 2019 (Fran\u00e7a-Brasil), L'\u00c9tape Brasil by Tour de France, j\u00e1 fez in\u00fameras coberturas de nata\u00e7\u00e3o, maratona aqu\u00e1tica e polo aqu\u00e1tico. Formada tamb\u00e9m em Letras, a jornalista atua como assessora de imprensa, rela\u00e7\u00f5es p\u00fablicas e social media, com especializa\u00e7\u00e3o em marketing esportivo. Nadadora amadora de \u00e1guas abertas, j\u00e1 trabalhou com grandes nomes da nata\u00e7\u00e3o e do polo aqu\u00e1tico brasileiro.","sameAs":["https:\/\/www.instagram.com\/_katarinemonteiro\/","https:\/\/www.linkedin.com\/in\/katarine-monteiro-19385297\/","https:\/\/x.com\/https:\/\/twitter.com\/Katarinem"],"url":"https:\/\/swimchannel.net\/br\/author\/katarine-monteiro\/"}]}},"_links":{"self":[{"href":"https:\/\/swimchannel.net\/br\/wp-json\/wp\/v2\/posts\/60615","targetHints":{"allow":["GET"]}}],"collection":[{"href":"https:\/\/swimchannel.net\/br\/wp-json\/wp\/v2\/posts"}],"about":[{"href":"https:\/\/swimchannel.net\/br\/wp-json\/wp\/v2\/types\/post"}],"author":[{"embeddable":true,"href":"https:\/\/swimchannel.net\/br\/wp-json\/wp\/v2\/users\/9"}],"replies":[{"embeddable":true,"href":"https:\/\/swimchannel.net\/br\/wp-json\/wp\/v2\/comments?post=60615"}],"version-history":[{"count":5,"href":"https:\/\/swimchannel.net\/br\/wp-json\/wp\/v2\/posts\/60615\/revisions"}],"predecessor-version":[{"id":60622,"href":"https:\/\/swimchannel.net\/br\/wp-json\/wp\/v2\/posts\/60615\/revisions\/60622"}],"wp:featuredmedia":[{"embeddable":true,"href":"https:\/\/swimchannel.net\/br\/wp-json\/wp\/v2\/media\/60617"}],"wp:attachment":[{"href":"https:\/\/swimchannel.net\/br\/wp-json\/wp\/v2\/media?parent=60615"}],"wp:term":[{"taxonomy":"category","embeddable":true,"href":"https:\/\/swimchannel.net\/br\/wp-json\/wp\/v2\/categories?post=60615"},{"taxonomy":"post_tag","embeddable":true,"href":"https:\/\/swimchannel.net\/br\/wp-json\/wp\/v2\/tags?post=60615"}],"curies":[{"name":"wp","href":"https:\/\/api.w.org\/{rel}","templated":true}]}}