{"id":60726,"date":"2023-10-10T12:48:47","date_gmt":"2023-10-10T15:48:47","guid":{"rendered":"https:\/\/swimchannel.net\/br\/?p=60726"},"modified":"2023-10-10T13:29:17","modified_gmt":"2023-10-10T16:29:17","slug":"travessia-internacional-da-pinheira-e-adiada-para-9-de-dezembro-e-reabre-inscricoes","status":"publish","type":"post","link":"https:\/\/swimchannel.net\/br\/travessia-internacional-da-pinheira-e-adiada-para-9-de-dezembro-e-reabre-inscricoes\/","title":{"rendered":"Travessia Internacional da Pinheira \u00e9 adiada para 9 de dezembro e reabre inscri\u00e7\u00f5es"},"content":{"rendered":"<p class=\"font_0 wixui-rich-text__text\"><span class=\"wixui-rich-text__text\">A 4\u00aa Edi\u00e7\u00e3o da Travessia Internacional da Pinheira, em \u00a0Palho\u00e7a (SC), que seria realizada no \u00faltimo final de semana (07 e 08),\u00a0 foi adiada devido a possibilidade de mau tempo. A dire\u00e7\u00e3o da prova optou por adiar a realiza\u00e7\u00e3o do evento prezando pela seguran\u00e7a dos atletas e afim de evitar poss\u00edveis transtornos quanto ao deslocamento de todos.<br class=\"wixui-rich-text__text\" \/><\/span><\/p>\n<p>Agora com nova data, dia 09 de dezembro, as inscri\u00e7\u00f5es foram reabertas no site oficial<a href=\"https:\/\/www.blueticket.com.br\/evento\/30159\"> clicando aqui. <\/a>Entre os desafios da competi\u00e7\u00e3o est\u00e1 a dist\u00e2ncia de 5 km, que poder\u00e1 ser disputada na modalidade solo ou de revezamento de trio.\u00a0A edi\u00e7\u00e3o ser\u00e1 realizada <span class=\"wixui-rich-text__text\"> com o Festival Bela Palho\u00e7a. Todos os atletas inscritos manter\u00e3o as suas inscri\u00e7\u00f5es v\u00e1lidas para esta nova data.<\/span><\/p>\n<figure id=\"attachment_60727\" aria-describedby=\"caption-attachment-60727\" style=\"width: 945px\" class=\"wp-caption alignnone\"><img loading=\"lazy\" decoding=\"async\" class=\"size-full wp-image-60727\" src=\"https:\/\/swimchannel.net\/br\/wp-content\/uploads\/2023\/10\/DVD_4493.jpg\" alt=\"\" width=\"945\" height=\"630\" srcset=\"https:\/\/swimchannel.net\/br\/wp-content\/uploads\/2023\/10\/DVD_4493.jpg 945w, https:\/\/swimchannel.net\/br\/wp-content\/uploads\/2023\/10\/DVD_4493-270x180.jpg 270w, https:\/\/swimchannel.net\/br\/wp-content\/uploads\/2023\/10\/DVD_4493-768x512.jpg 768w, https:\/\/swimchannel.net\/br\/wp-content\/uploads\/2023\/10\/DVD_4493-750x500.jpg 750w\" sizes=\"auto, (max-width: 945px) 100vw, 945px\" \/><figcaption id=\"caption-attachment-60727\" class=\"wp-caption-text\">Travessia da Pinheira. Foto: FishEye Photografy<\/figcaption><\/figure>\n<p>A Travessia Internacional da Pinheira tem se tornado uma refer\u00eancia na Am\u00e9rica do Sul, com a participa\u00e7\u00e3o de muitos atletas da Argentina, Uruguai e Peru.A competi\u00e7\u00e3o parte da Praia de Cima, com chegada na Ponta do Papagaio, sendo que ao longo do percurso os atletas passar\u00e3o pelas praias da Pinheira e Mar Aberto, todas no litoral de Santa Catarina.<\/p>\n<p>Mais informa\u00e7\u00f5es e inscri\u00e7\u00f5es acesse o site \u2013\u00a0<a href=\"http:\/\/www.pdaesportes.com.br\/\">www.pdaesportes.com.br\u00a0<\/a>ou acompanhe o perfil da organiza\u00e7\u00e3o no Instagram \u2013 <a href=\"https:\/\/www.instagram.com\/nadecomapda\/\" target=\"_blank\" rel=\"noopener\"><em>@nadecomapda.<\/em><\/a><\/p>\n","protected":false},"excerpt":{"rendered":"<p>Organizadores consideraram a previs\u00e3o de mau tempo na regi\u00e3o e adiaram prova para o \u00faltimo m\u00eas do ano<\/p>\n","protected":false},"author":9,"featured_media":60728,"comment_status":"open","ping_status":"open","sticky":false,"template":"","format":"gallery","meta":{"footnotes":""},"categories":[115],"tags":[14,5537,5,1985,5546],"class_list":["post-60726","post","type-post","status-publish","format-gallery","has-post-thumbnail","hentry","category-aguas-abertas","tag-aguas-abertas","tag-internacional-da-pinheira","tag-natacao","tag-pda-esportes","tag-travessia-da-pinheira","post_format-post-format-gallery"],"yoast_head":"<!-- This site is optimized with the Yoast SEO plugin v27.0 - https:\/\/yoast.com\/product\/yoast-seo-wordpress\/ -->\n<title>Travessia Internacional da Pinheira \u00e9 adiada para 9 de dezembro e reabre inscri\u00e7\u00f5es - Swimchannel<\/title>\n<meta name=\"robots\" content=\"index, follow, max-snippet:-1, max-image-preview:large, max-video-preview:-1\" \/>\n<link rel=\"canonical\" href=\"https:\/\/swimchannel.net\/br\/travessia-internacional-da-pinheira-e-adiada-para-9-de-dezembro-e-reabre-inscricoes\/\" \/>\n<meta property=\"og:locale\" content=\"pt_BR\" \/>\n<meta property=\"og:type\" content=\"article\" \/>\n<meta property=\"og:title\" content=\"Travessia Internacional da Pinheira \u00e9 adiada para 9 de dezembro e reabre inscri\u00e7\u00f5es - Swimchannel\" \/>\n<meta property=\"og:description\" content=\"Organizadores consideraram a previs\u00e3o de mau tempo na regi\u00e3o e adiaram prova para o \u00faltimo m\u00eas do ano\" \/>\n<meta property=\"og:url\" content=\"https:\/\/swimchannel.net\/br\/travessia-internacional-da-pinheira-e-adiada-para-9-de-dezembro-e-reabre-inscricoes\/\" \/>\n<meta property=\"og:site_name\" content=\"Swimchannel\" \/>\n<meta property=\"article:publisher\" content=\"https:\/\/www.facebook.com\/swimchannel\" \/>\n<meta property=\"article:published_time\" content=\"2023-10-10T15:48:47+00:00\" \/>\n<meta property=\"article:modified_time\" content=\"2023-10-10T16:29:17+00:00\" \/>\n<meta property=\"og:image\" content=\"https:\/\/swimchannel.net\/br\/wp-content\/uploads\/2023\/10\/DVD_4407.jpg\" \/>\n\t<meta property=\"og:image:width\" content=\"945\" \/>\n\t<meta property=\"og:image:height\" content=\"630\" \/>\n\t<meta property=\"og:image:type\" content=\"image\/jpeg\" \/>\n<meta name=\"author\" content=\"Katarine Monteiro\" \/>\n<meta name=\"twitter:card\" content=\"summary_large_image\" \/>\n<meta name=\"twitter:creator\" content=\"@https:\/\/twitter.com\/Katarinem\" \/>\n<meta name=\"twitter:label1\" content=\"Escrito por\" \/>\n\t<meta name=\"twitter:data1\" content=\"Katarine Monteiro\" \/>\n\t<meta name=\"twitter:label2\" content=\"Est. tempo de leitura\" \/>\n\t<meta name=\"twitter:data2\" content=\"1 minuto\" \/>\n<script type=\"application\/ld+json\" class=\"yoast-schema-graph\">{\"@context\":\"https:\/\/schema.org\",\"@graph\":[{\"@type\":\"Article\",\"@id\":\"https:\/\/swimchannel.net\/br\/travessia-internacional-da-pinheira-e-adiada-para-9-de-dezembro-e-reabre-inscricoes\/#article\",\"isPartOf\":{\"@id\":\"https:\/\/swimchannel.net\/br\/travessia-internacional-da-pinheira-e-adiada-para-9-de-dezembro-e-reabre-inscricoes\/\"},\"author\":{\"name\":\"Katarine Monteiro\",\"@id\":\"https:\/\/swimchannel.net\/br\/#\/schema\/person\/73ae9cec62249968bca1f0a8098ef002\"},\"headline\":\"Travessia Internacional da Pinheira \u00e9 adiada para 9 de dezembro e reabre inscri\u00e7\u00f5es\",\"datePublished\":\"2023-10-10T15:48:47+00:00\",\"dateModified\":\"2023-10-10T16:29:17+00:00\",\"mainEntityOfPage\":{\"@id\":\"https:\/\/swimchannel.net\/br\/travessia-internacional-da-pinheira-e-adiada-para-9-de-dezembro-e-reabre-inscricoes\/\"},\"wordCount\":241,\"commentCount\":0,\"publisher\":{\"@id\":\"https:\/\/swimchannel.net\/br\/#organization\"},\"image\":{\"@id\":\"https:\/\/swimchannel.net\/br\/travessia-internacional-da-pinheira-e-adiada-para-9-de-dezembro-e-reabre-inscricoes\/#primaryimage\"},\"thumbnailUrl\":\"https:\/\/swimchannel.net\/br\/wp-content\/uploads\/2023\/10\/DVD_4407.jpg\",\"keywords\":[\"\u00c1guas abertas\",\"Internacional da Pinheira\",\"natacao\",\"PDA Esportes\",\"Travessia da Pinheira\"],\"articleSection\":[\"\u00c1guas Abertas\"],\"inLanguage\":\"pt-BR\",\"potentialAction\":[{\"@type\":\"CommentAction\",\"name\":\"Comment\",\"target\":[\"https:\/\/swimchannel.net\/br\/travessia-internacional-da-pinheira-e-adiada-para-9-de-dezembro-e-reabre-inscricoes\/#respond\"]}]},{\"@type\":\"WebPage\",\"@id\":\"https:\/\/swimchannel.net\/br\/travessia-internacional-da-pinheira-e-adiada-para-9-de-dezembro-e-reabre-inscricoes\/\",\"url\":\"https:\/\/swimchannel.net\/br\/travessia-internacional-da-pinheira-e-adiada-para-9-de-dezembro-e-reabre-inscricoes\/\",\"name\":\"Travessia Internacional da Pinheira \u00e9 adiada para 9 de dezembro e reabre inscri\u00e7\u00f5es - Swimchannel\",\"isPartOf\":{\"@id\":\"https:\/\/swimchannel.net\/br\/#website\"},\"primaryImageOfPage\":{\"@id\":\"https:\/\/swimchannel.net\/br\/travessia-internacional-da-pinheira-e-adiada-para-9-de-dezembro-e-reabre-inscricoes\/#primaryimage\"},\"image\":{\"@id\":\"https:\/\/swimchannel.net\/br\/travessia-internacional-da-pinheira-e-adiada-para-9-de-dezembro-e-reabre-inscricoes\/#primaryimage\"},\"thumbnailUrl\":\"https:\/\/swimchannel.net\/br\/wp-content\/uploads\/2023\/10\/DVD_4407.jpg\",\"datePublished\":\"2023-10-10T15:48:47+00:00\",\"dateModified\":\"2023-10-10T16:29:17+00:00\",\"breadcrumb\":{\"@id\":\"https:\/\/swimchannel.net\/br\/travessia-internacional-da-pinheira-e-adiada-para-9-de-dezembro-e-reabre-inscricoes\/#breadcrumb\"},\"inLanguage\":\"pt-BR\",\"potentialAction\":[{\"@type\":\"ReadAction\",\"target\":[\"https:\/\/swimchannel.net\/br\/travessia-internacional-da-pinheira-e-adiada-para-9-de-dezembro-e-reabre-inscricoes\/\"]}]},{\"@type\":\"ImageObject\",\"inLanguage\":\"pt-BR\",\"@id\":\"https:\/\/swimchannel.net\/br\/travessia-internacional-da-pinheira-e-adiada-para-9-de-dezembro-e-reabre-inscricoes\/#primaryimage\",\"url\":\"https:\/\/swimchannel.net\/br\/wp-content\/uploads\/2023\/10\/DVD_4407.jpg\",\"contentUrl\":\"https:\/\/swimchannel.net\/br\/wp-content\/uploads\/2023\/10\/DVD_4407.jpg\",\"width\":945,\"height\":630,\"caption\":\"Travessia da Pinheira. Foto: FishEye Photografy\"},{\"@type\":\"BreadcrumbList\",\"@id\":\"https:\/\/swimchannel.net\/br\/travessia-internacional-da-pinheira-e-adiada-para-9-de-dezembro-e-reabre-inscricoes\/#breadcrumb\",\"itemListElement\":[{\"@type\":\"ListItem\",\"position\":1,\"name\":\"Home\",\"item\":\"https:\/\/swimchannel.net\/br\/\"},{\"@type\":\"ListItem\",\"position\":2,\"name\":\"Travessia Internacional da Pinheira \u00e9 adiada para 9 de dezembro e reabre inscri\u00e7\u00f5es\"}]},{\"@type\":\"WebSite\",\"@id\":\"https:\/\/swimchannel.net\/br\/#website\",\"url\":\"https:\/\/swimchannel.net\/br\/\",\"name\":\"Swimchannel\",\"description\":\"Maior portal de nata\u00e7\u00e3o da america latina\",\"publisher\":{\"@id\":\"https:\/\/swimchannel.net\/br\/#organization\"},\"potentialAction\":[{\"@type\":\"SearchAction\",\"target\":{\"@type\":\"EntryPoint\",\"urlTemplate\":\"https:\/\/swimchannel.net\/br\/?s={search_term_string}\"},\"query-input\":{\"@type\":\"PropertyValueSpecification\",\"valueRequired\":true,\"valueName\":\"search_term_string\"}}],\"inLanguage\":\"pt-BR\"},{\"@type\":\"Organization\",\"@id\":\"https:\/\/swimchannel.net\/br\/#organization\",\"name\":\"Swimchannel - Conectando voc\u00ea a Nata\u00e7\u00e3o\",\"url\":\"https:\/\/swimchannel.net\/br\/\",\"logo\":{\"@type\":\"ImageObject\",\"inLanguage\":\"pt-BR\",\"@id\":\"https:\/\/swimchannel.net\/br\/#\/schema\/logo\/image\/\",\"url\":\"https:\/\/swimchannel.net\/br\/wp-content\/uploads\/2026\/02\/SWIM-CHANNEL.png\",\"contentUrl\":\"https:\/\/swimchannel.net\/br\/wp-content\/uploads\/2026\/02\/SWIM-CHANNEL.png\",\"width\":1120,\"height\":630,\"caption\":\"Swimchannel - Conectando voc\u00ea a Nata\u00e7\u00e3o\"},\"image\":{\"@id\":\"https:\/\/swimchannel.net\/br\/#\/schema\/logo\/image\/\"},\"sameAs\":[\"https:\/\/www.facebook.com\/swimchannel\",\"https:\/\/www.instagram.com\/swimchannel\"]},{\"@type\":\"Person\",\"@id\":\"https:\/\/swimchannel.net\/br\/#\/schema\/person\/73ae9cec62249968bca1f0a8098ef002\",\"name\":\"Katarine Monteiro\",\"image\":{\"@type\":\"ImageObject\",\"inLanguage\":\"pt-BR\",\"@id\":\"https:\/\/swimchannel.net\/br\/#\/schema\/person\/image\/\",\"url\":\"https:\/\/swimchannel.net\/br\/wp-content\/uploads\/2022\/01\/Katarine-Monteiro-100x100.jpg\",\"contentUrl\":\"https:\/\/swimchannel.net\/br\/wp-content\/uploads\/2022\/01\/Katarine-Monteiro-100x100.jpg\",\"caption\":\"Katarine Monteiro\"},\"description\":\"Jornalista SWIM CHANNEL especializada em esportes ol\u00edmpicos e em sa\u00fade. Com cobertura de grandes eventos internacionais, como Jogos Ol\u00edmpicos Rio 2016, Jogos Pan-Americanos em Lima 2019, Qatar Total Open 2020, Qatar ExxonMobil Open 2019 - t\u00eanis em Doha (QT), Semana Internacional de Vela de Ilhabela, Transat Jacques Vabre 2019 (Fran\u00e7a-Brasil), L'\u00c9tape Brasil by Tour de France, j\u00e1 fez in\u00fameras coberturas de nata\u00e7\u00e3o, maratona aqu\u00e1tica e polo aqu\u00e1tico. Formada tamb\u00e9m em Letras, a jornalista atua como assessora de imprensa, rela\u00e7\u00f5es p\u00fablicas e social media, com especializa\u00e7\u00e3o em marketing esportivo. Nadadora amadora de \u00e1guas abertas, j\u00e1 trabalhou com grandes nomes da nata\u00e7\u00e3o e do polo aqu\u00e1tico brasileiro.\",\"sameAs\":[\"https:\/\/www.instagram.com\/_katarinemonteiro\/\",\"https:\/\/www.linkedin.com\/in\/katarine-monteiro-19385297\/\",\"https:\/\/x.com\/https:\/\/twitter.com\/Katarinem\"],\"url\":\"https:\/\/swimchannel.net\/br\/author\/katarine-monteiro\/\"}]}<\/script>\n<!-- \/ Yoast SEO plugin. -->","yoast_head_json":{"title":"Travessia Internacional da Pinheira \u00e9 adiada para 9 de dezembro e reabre inscri\u00e7\u00f5es - Swimchannel","robots":{"index":"index","follow":"follow","max-snippet":"max-snippet:-1","max-image-preview":"max-image-preview:large","max-video-preview":"max-video-preview:-1"},"canonical":"https:\/\/swimchannel.net\/br\/travessia-internacional-da-pinheira-e-adiada-para-9-de-dezembro-e-reabre-inscricoes\/","og_locale":"pt_BR","og_type":"article","og_title":"Travessia Internacional da Pinheira \u00e9 adiada para 9 de dezembro e reabre inscri\u00e7\u00f5es - Swimchannel","og_description":"Organizadores consideraram a previs\u00e3o de mau tempo na regi\u00e3o e adiaram prova para o \u00faltimo m\u00eas do ano","og_url":"https:\/\/swimchannel.net\/br\/travessia-internacional-da-pinheira-e-adiada-para-9-de-dezembro-e-reabre-inscricoes\/","og_site_name":"Swimchannel","article_publisher":"https:\/\/www.facebook.com\/swimchannel","article_published_time":"2023-10-10T15:48:47+00:00","article_modified_time":"2023-10-10T16:29:17+00:00","og_image":[{"width":945,"height":630,"url":"https:\/\/swimchannel.net\/br\/wp-content\/uploads\/2023\/10\/DVD_4407.jpg","type":"image\/jpeg"}],"author":"Katarine Monteiro","twitter_card":"summary_large_image","twitter_creator":"@https:\/\/twitter.com\/Katarinem","twitter_misc":{"Escrito por":"Katarine Monteiro","Est. tempo de leitura":"1 minuto"},"schema":{"@context":"https:\/\/schema.org","@graph":[{"@type":"Article","@id":"https:\/\/swimchannel.net\/br\/travessia-internacional-da-pinheira-e-adiada-para-9-de-dezembro-e-reabre-inscricoes\/#article","isPartOf":{"@id":"https:\/\/swimchannel.net\/br\/travessia-internacional-da-pinheira-e-adiada-para-9-de-dezembro-e-reabre-inscricoes\/"},"author":{"name":"Katarine Monteiro","@id":"https:\/\/swimchannel.net\/br\/#\/schema\/person\/73ae9cec62249968bca1f0a8098ef002"},"headline":"Travessia Internacional da Pinheira \u00e9 adiada para 9 de dezembro e reabre inscri\u00e7\u00f5es","datePublished":"2023-10-10T15:48:47+00:00","dateModified":"2023-10-10T16:29:17+00:00","mainEntityOfPage":{"@id":"https:\/\/swimchannel.net\/br\/travessia-internacional-da-pinheira-e-adiada-para-9-de-dezembro-e-reabre-inscricoes\/"},"wordCount":241,"commentCount":0,"publisher":{"@id":"https:\/\/swimchannel.net\/br\/#organization"},"image":{"@id":"https:\/\/swimchannel.net\/br\/travessia-internacional-da-pinheira-e-adiada-para-9-de-dezembro-e-reabre-inscricoes\/#primaryimage"},"thumbnailUrl":"https:\/\/swimchannel.net\/br\/wp-content\/uploads\/2023\/10\/DVD_4407.jpg","keywords":["\u00c1guas abertas","Internacional da Pinheira","natacao","PDA Esportes","Travessia da Pinheira"],"articleSection":["\u00c1guas Abertas"],"inLanguage":"pt-BR","potentialAction":[{"@type":"CommentAction","name":"Comment","target":["https:\/\/swimchannel.net\/br\/travessia-internacional-da-pinheira-e-adiada-para-9-de-dezembro-e-reabre-inscricoes\/#respond"]}]},{"@type":"WebPage","@id":"https:\/\/swimchannel.net\/br\/travessia-internacional-da-pinheira-e-adiada-para-9-de-dezembro-e-reabre-inscricoes\/","url":"https:\/\/swimchannel.net\/br\/travessia-internacional-da-pinheira-e-adiada-para-9-de-dezembro-e-reabre-inscricoes\/","name":"Travessia Internacional da Pinheira \u00e9 adiada para 9 de dezembro e reabre inscri\u00e7\u00f5es - Swimchannel","isPartOf":{"@id":"https:\/\/swimchannel.net\/br\/#website"},"primaryImageOfPage":{"@id":"https:\/\/swimchannel.net\/br\/travessia-internacional-da-pinheira-e-adiada-para-9-de-dezembro-e-reabre-inscricoes\/#primaryimage"},"image":{"@id":"https:\/\/swimchannel.net\/br\/travessia-internacional-da-pinheira-e-adiada-para-9-de-dezembro-e-reabre-inscricoes\/#primaryimage"},"thumbnailUrl":"https:\/\/swimchannel.net\/br\/wp-content\/uploads\/2023\/10\/DVD_4407.jpg","datePublished":"2023-10-10T15:48:47+00:00","dateModified":"2023-10-10T16:29:17+00:00","breadcrumb":{"@id":"https:\/\/swimchannel.net\/br\/travessia-internacional-da-pinheira-e-adiada-para-9-de-dezembro-e-reabre-inscricoes\/#breadcrumb"},"inLanguage":"pt-BR","potentialAction":[{"@type":"ReadAction","target":["https:\/\/swimchannel.net\/br\/travessia-internacional-da-pinheira-e-adiada-para-9-de-dezembro-e-reabre-inscricoes\/"]}]},{"@type":"ImageObject","inLanguage":"pt-BR","@id":"https:\/\/swimchannel.net\/br\/travessia-internacional-da-pinheira-e-adiada-para-9-de-dezembro-e-reabre-inscricoes\/#primaryimage","url":"https:\/\/swimchannel.net\/br\/wp-content\/uploads\/2023\/10\/DVD_4407.jpg","contentUrl":"https:\/\/swimchannel.net\/br\/wp-content\/uploads\/2023\/10\/DVD_4407.jpg","width":945,"height":630,"caption":"Travessia da Pinheira. Foto: FishEye Photografy"},{"@type":"BreadcrumbList","@id":"https:\/\/swimchannel.net\/br\/travessia-internacional-da-pinheira-e-adiada-para-9-de-dezembro-e-reabre-inscricoes\/#breadcrumb","itemListElement":[{"@type":"ListItem","position":1,"name":"Home","item":"https:\/\/swimchannel.net\/br\/"},{"@type":"ListItem","position":2,"name":"Travessia Internacional da Pinheira \u00e9 adiada para 9 de dezembro e reabre inscri\u00e7\u00f5es"}]},{"@type":"WebSite","@id":"https:\/\/swimchannel.net\/br\/#website","url":"https:\/\/swimchannel.net\/br\/","name":"Swimchannel","description":"Maior portal de nata\u00e7\u00e3o da america latina","publisher":{"@id":"https:\/\/swimchannel.net\/br\/#organization"},"potentialAction":[{"@type":"SearchAction","target":{"@type":"EntryPoint","urlTemplate":"https:\/\/swimchannel.net\/br\/?s={search_term_string}"},"query-input":{"@type":"PropertyValueSpecification","valueRequired":true,"valueName":"search_term_string"}}],"inLanguage":"pt-BR"},{"@type":"Organization","@id":"https:\/\/swimchannel.net\/br\/#organization","name":"Swimchannel - Conectando voc\u00ea a Nata\u00e7\u00e3o","url":"https:\/\/swimchannel.net\/br\/","logo":{"@type":"ImageObject","inLanguage":"pt-BR","@id":"https:\/\/swimchannel.net\/br\/#\/schema\/logo\/image\/","url":"https:\/\/swimchannel.net\/br\/wp-content\/uploads\/2026\/02\/SWIM-CHANNEL.png","contentUrl":"https:\/\/swimchannel.net\/br\/wp-content\/uploads\/2026\/02\/SWIM-CHANNEL.png","width":1120,"height":630,"caption":"Swimchannel - Conectando voc\u00ea a Nata\u00e7\u00e3o"},"image":{"@id":"https:\/\/swimchannel.net\/br\/#\/schema\/logo\/image\/"},"sameAs":["https:\/\/www.facebook.com\/swimchannel","https:\/\/www.instagram.com\/swimchannel"]},{"@type":"Person","@id":"https:\/\/swimchannel.net\/br\/#\/schema\/person\/73ae9cec62249968bca1f0a8098ef002","name":"Katarine Monteiro","image":{"@type":"ImageObject","inLanguage":"pt-BR","@id":"https:\/\/swimchannel.net\/br\/#\/schema\/person\/image\/","url":"https:\/\/swimchannel.net\/br\/wp-content\/uploads\/2022\/01\/Katarine-Monteiro-100x100.jpg","contentUrl":"https:\/\/swimchannel.net\/br\/wp-content\/uploads\/2022\/01\/Katarine-Monteiro-100x100.jpg","caption":"Katarine Monteiro"},"description":"Jornalista SWIM CHANNEL especializada em esportes ol\u00edmpicos e em sa\u00fade. Com cobertura de grandes eventos internacionais, como Jogos Ol\u00edmpicos Rio 2016, Jogos Pan-Americanos em Lima 2019, Qatar Total Open 2020, Qatar ExxonMobil Open 2019 - t\u00eanis em Doha (QT), Semana Internacional de Vela de Ilhabela, Transat Jacques Vabre 2019 (Fran\u00e7a-Brasil), L'\u00c9tape Brasil by Tour de France, j\u00e1 fez in\u00fameras coberturas de nata\u00e7\u00e3o, maratona aqu\u00e1tica e polo aqu\u00e1tico. Formada tamb\u00e9m em Letras, a jornalista atua como assessora de imprensa, rela\u00e7\u00f5es p\u00fablicas e social media, com especializa\u00e7\u00e3o em marketing esportivo. Nadadora amadora de \u00e1guas abertas, j\u00e1 trabalhou com grandes nomes da nata\u00e7\u00e3o e do polo aqu\u00e1tico brasileiro.","sameAs":["https:\/\/www.instagram.com\/_katarinemonteiro\/","https:\/\/www.linkedin.com\/in\/katarine-monteiro-19385297\/","https:\/\/x.com\/https:\/\/twitter.com\/Katarinem"],"url":"https:\/\/swimchannel.net\/br\/author\/katarine-monteiro\/"}]}},"_links":{"self":[{"href":"https:\/\/swimchannel.net\/br\/wp-json\/wp\/v2\/posts\/60726","targetHints":{"allow":["GET"]}}],"collection":[{"href":"https:\/\/swimchannel.net\/br\/wp-json\/wp\/v2\/posts"}],"about":[{"href":"https:\/\/swimchannel.net\/br\/wp-json\/wp\/v2\/types\/post"}],"author":[{"embeddable":true,"href":"https:\/\/swimchannel.net\/br\/wp-json\/wp\/v2\/users\/9"}],"replies":[{"embeddable":true,"href":"https:\/\/swimchannel.net\/br\/wp-json\/wp\/v2\/comments?post=60726"}],"version-history":[{"count":3,"href":"https:\/\/swimchannel.net\/br\/wp-json\/wp\/v2\/posts\/60726\/revisions"}],"predecessor-version":[{"id":60731,"href":"https:\/\/swimchannel.net\/br\/wp-json\/wp\/v2\/posts\/60726\/revisions\/60731"}],"wp:featuredmedia":[{"embeddable":true,"href":"https:\/\/swimchannel.net\/br\/wp-json\/wp\/v2\/media\/60728"}],"wp:attachment":[{"href":"https:\/\/swimchannel.net\/br\/wp-json\/wp\/v2\/media?parent=60726"}],"wp:term":[{"taxonomy":"category","embeddable":true,"href":"https:\/\/swimchannel.net\/br\/wp-json\/wp\/v2\/categories?post=60726"},{"taxonomy":"post_tag","embeddable":true,"href":"https:\/\/swimchannel.net\/br\/wp-json\/wp\/v2\/tags?post=60726"}],"curies":[{"name":"wp","href":"https:\/\/api.w.org\/{rel}","templated":true}]}}