{"id":60817,"date":"2023-10-12T15:39:14","date_gmt":"2023-10-12T18:39:14","guid":{"rendered":"https:\/\/swimchannel.net\/br\/?p=60817"},"modified":"2023-10-14T15:41:13","modified_gmt":"2023-10-14T18:41:13","slug":"world-aquatics-muda-sede-da-copa-do-mundo-de-israel-para-portugal","status":"publish","type":"post","link":"https:\/\/swimchannel.net\/br\/world-aquatics-muda-sede-da-copa-do-mundo-de-israel-para-portugal\/","title":{"rendered":"World Aquatics muda sede da Copa do Mundo de Israel para Portugal"},"content":{"rendered":"<p>A primeira consequ\u00eancia dos conflitos entre o Hamas e Israel para os esportes aqu\u00e1ticos \u00e9 a mudan\u00e7a da sede da etapa final da Copa do Mundo de \u00c1guas Abertas. A competi\u00e7\u00e3o estava marcada para os dias 2 e 3 de dezembro em Eilat, Israel. Desde o ataque do Hamas a World Aquatics estava a estudar a maneira adequada para salvaguardar todos os participantes da competi\u00e7\u00e3o e decidiu pela transfer\u00eancia de local.<\/p>\n<p>Funchal, \u00e9 a sexta maior cidade de Portugal, popula\u00e7\u00e3o de 105 mil habitantes, fica na Ilha da Madeira e em dezembro vai oferecer uma temperatura m\u00e9dia de 15 a 16 graus, com \u00e1gua por volta dos 18 graus. A World Aquatics manteve mesma data (2 e 3 de dezembro), alterando o local.<\/p>\n<p>No dia 2 de dezembro acontece a \u00faltima etapa da temporada dos 10 qul\u00f4metros e no dia seguinte a prova do revezamento fechando o ano das \u00e1guas abertas em 2023.<\/p>\n<p>No ranking da temporada da Copa do Mundo de \u00c1guas Abertas:<\/p>\n<p>Feminino<br \/>\n1o Sharon van Rouwendaal dos Pa\u00edses Baixos 1.750 pontos<br \/>\n2o Leonie Beck da Alemanha 1.740 pontos<br \/>\n3o Caroline Jouisse da Fran\u00e7a 1.300 pontos<br \/>\nMelhor brasileira 8o Viviane Jungblut 800 pontos<\/p>\n<figure id=\"attachment_55076\" aria-describedby=\"caption-attachment-55076\" style=\"width: 876px\" class=\"wp-caption alignnone\"><img loading=\"lazy\" decoding=\"async\" class=\"size-full wp-image-55076\" src=\"https:\/\/swimchannel.net\/br\/wp-content\/uploads\/2023\/01\/sharon2.jpg\" alt=\"\" width=\"876\" height=\"630\" srcset=\"https:\/\/swimchannel.net\/br\/wp-content\/uploads\/2023\/01\/sharon2.jpg 876w, https:\/\/swimchannel.net\/br\/wp-content\/uploads\/2023\/01\/sharon2-250x180.jpg 250w, https:\/\/swimchannel.net\/br\/wp-content\/uploads\/2023\/01\/sharon2-768x552.jpg 768w, https:\/\/swimchannel.net\/br\/wp-content\/uploads\/2023\/01\/sharon2-120x86.jpg 120w, https:\/\/swimchannel.net\/br\/wp-content\/uploads\/2023\/01\/sharon2-750x539.jpg 750w\" sizes=\"auto, (max-width: 876px) 100vw, 876px\" \/><figcaption id=\"caption-attachment-55076\" class=\"wp-caption-text\">Sharon van Rouwendaal &#8211; Foto: Satiro Sodr\u00e9\/SSPress<\/figcaption><\/figure>\n<p>Masculino<br \/>\n1o Kristof Rasovszky da Hungria 1.900 pontos<br \/>\n2o Marcelo Guidi da It\u00e1lia 1.750 pontos<br \/>\n3o Mario Sanzullo da It\u00e1lia 1.150 pontos<br \/>\nMelhor brasileiro 35o Matheus Melecchi 161 pontos<\/p>\n<p>Na categoria J\u00fanior Masculino<br \/>\n1o Linus Schwedler da Alemanha 1.400 pontos<br \/>\n2o Honor Kovacs da Hungria 1.300 pontos<br \/>\n3o Bernardo Gavioli e Matheus Melecchi do Brasil 900 pontos<\/p>\n<p>Os 10 primeiros colocados do ranking mundial da Copa do Mundo ser\u00e3o premiados da seguinte forma:<br \/>\n1o lugar 50 mil d\u00f3lares<br \/>\n2o lugar 35 mil d\u00f3lares<br \/>\n3o lugar 25 mil d\u00f3lares<br \/>\n4o lugar 20 mil d\u00f3lares<br \/>\n5o lugar 15 mil d\u00f3lares<br \/>\n6o lugar 12 mil d\u00f3lares<br \/>\n7o lugar 8 mil d\u00f3lares<br \/>\n8o lugar 5 mil d\u00f3lares<br \/>\n9o lugar 3.500 d\u00f3lares<br \/>\n10o lugar 1.500 d\u00f3lares<\/p>\n<p>Na categoria j\u00fanior somente o campe\u00e3o da temporada ser\u00e1 premiado com 5 mil d\u00f3lares.<\/p>\n","protected":false},"excerpt":{"rendered":"<p>Competi\u00e7\u00e3o ser\u00e1 em Funchal, na Ilha da Madeira<\/p>\n","protected":false},"author":12,"featured_media":40735,"comment_status":"open","ping_status":"open","sticky":false,"template":"","format":"gallery","meta":{"footnotes":""},"categories":[5152],"tags":[14,1472,5,631,5101],"class_list":["post-60817","post","type-post","status-publish","format-gallery","has-post-thumbnail","hentry","category-blog-do-coach","tag-aguas-abertas","tag-israel","tag-natacao","tag-portugal","tag-world-aquatics","post_format-post-format-gallery"],"yoast_head":"<!-- This site is optimized with the Yoast SEO plugin v27.0 - https:\/\/yoast.com\/product\/yoast-seo-wordpress\/ -->\n<title>World Aquatics muda sede da Copa do Mundo de Israel para Portugal - Swimchannel<\/title>\n<meta name=\"robots\" content=\"index, follow, max-snippet:-1, max-image-preview:large, max-video-preview:-1\" \/>\n<link rel=\"canonical\" href=\"https:\/\/swimchannel.net\/br\/world-aquatics-muda-sede-da-copa-do-mundo-de-israel-para-portugal\/\" \/>\n<meta property=\"og:locale\" content=\"pt_BR\" \/>\n<meta property=\"og:type\" content=\"article\" \/>\n<meta property=\"og:title\" content=\"World Aquatics muda sede da Copa do Mundo de Israel para Portugal - Swimchannel\" \/>\n<meta property=\"og:description\" content=\"Competi\u00e7\u00e3o ser\u00e1 em Funchal, na Ilha da Madeira\" \/>\n<meta property=\"og:url\" content=\"https:\/\/swimchannel.net\/br\/world-aquatics-muda-sede-da-copa-do-mundo-de-israel-para-portugal\/\" \/>\n<meta property=\"og:site_name\" content=\"Swimchannel\" \/>\n<meta property=\"article:publisher\" content=\"https:\/\/www.facebook.com\/swimchannel\" \/>\n<meta property=\"article:published_time\" content=\"2023-10-12T18:39:14+00:00\" \/>\n<meta property=\"article:modified_time\" content=\"2023-10-14T18:41:13+00:00\" \/>\n<meta property=\"og:image\" content=\"https:\/\/swimchannel.net\/br\/wp-content\/uploads\/2021\/04\/ilha-da-madeira-cabo-girao.jpg\" \/>\n\t<meta property=\"og:image:width\" content=\"1600\" \/>\n\t<meta property=\"og:image:height\" content=\"1067\" \/>\n\t<meta property=\"og:image:type\" content=\"image\/jpeg\" \/>\n<meta name=\"author\" content=\"Alex Pussieldi\" \/>\n<meta name=\"twitter:card\" content=\"summary_large_image\" \/>\n<meta name=\"twitter:label1\" content=\"Escrito por\" \/>\n\t<meta name=\"twitter:data1\" content=\"Alex Pussieldi\" \/>\n\t<meta name=\"twitter:label2\" content=\"Est. tempo de leitura\" \/>\n\t<meta name=\"twitter:data2\" content=\"2 minutos\" \/>\n<script type=\"application\/ld+json\" class=\"yoast-schema-graph\">{\"@context\":\"https:\/\/schema.org\",\"@graph\":[{\"@type\":\"Article\",\"@id\":\"https:\/\/swimchannel.net\/br\/world-aquatics-muda-sede-da-copa-do-mundo-de-israel-para-portugal\/#article\",\"isPartOf\":{\"@id\":\"https:\/\/swimchannel.net\/br\/world-aquatics-muda-sede-da-copa-do-mundo-de-israel-para-portugal\/\"},\"author\":{\"name\":\"Alex Pussieldi\",\"@id\":\"https:\/\/swimchannel.net\/br\/#\/schema\/person\/cf549cb99cf75592fcf7c76213385e63\"},\"headline\":\"World Aquatics muda sede da Copa do Mundo de Israel para Portugal\",\"datePublished\":\"2023-10-12T18:39:14+00:00\",\"dateModified\":\"2023-10-14T18:41:13+00:00\",\"mainEntityOfPage\":{\"@id\":\"https:\/\/swimchannel.net\/br\/world-aquatics-muda-sede-da-copa-do-mundo-de-israel-para-portugal\/\"},\"wordCount\":349,\"commentCount\":0,\"publisher\":{\"@id\":\"https:\/\/swimchannel.net\/br\/#organization\"},\"image\":{\"@id\":\"https:\/\/swimchannel.net\/br\/world-aquatics-muda-sede-da-copa-do-mundo-de-israel-para-portugal\/#primaryimage\"},\"thumbnailUrl\":\"https:\/\/swimchannel.net\/br\/wp-content\/uploads\/2021\/04\/ilha-da-madeira-cabo-girao.jpg\",\"keywords\":[\"\u00c1guas abertas\",\"Israel\",\"natacao\",\"Portugal\",\"World Aquatics\"],\"articleSection\":[\"Blog do Coach\"],\"inLanguage\":\"pt-BR\",\"potentialAction\":[{\"@type\":\"CommentAction\",\"name\":\"Comment\",\"target\":[\"https:\/\/swimchannel.net\/br\/world-aquatics-muda-sede-da-copa-do-mundo-de-israel-para-portugal\/#respond\"]}]},{\"@type\":\"WebPage\",\"@id\":\"https:\/\/swimchannel.net\/br\/world-aquatics-muda-sede-da-copa-do-mundo-de-israel-para-portugal\/\",\"url\":\"https:\/\/swimchannel.net\/br\/world-aquatics-muda-sede-da-copa-do-mundo-de-israel-para-portugal\/\",\"name\":\"World Aquatics muda sede da Copa do Mundo de Israel para Portugal - Swimchannel\",\"isPartOf\":{\"@id\":\"https:\/\/swimchannel.net\/br\/#website\"},\"primaryImageOfPage\":{\"@id\":\"https:\/\/swimchannel.net\/br\/world-aquatics-muda-sede-da-copa-do-mundo-de-israel-para-portugal\/#primaryimage\"},\"image\":{\"@id\":\"https:\/\/swimchannel.net\/br\/world-aquatics-muda-sede-da-copa-do-mundo-de-israel-para-portugal\/#primaryimage\"},\"thumbnailUrl\":\"https:\/\/swimchannel.net\/br\/wp-content\/uploads\/2021\/04\/ilha-da-madeira-cabo-girao.jpg\",\"datePublished\":\"2023-10-12T18:39:14+00:00\",\"dateModified\":\"2023-10-14T18:41:13+00:00\",\"breadcrumb\":{\"@id\":\"https:\/\/swimchannel.net\/br\/world-aquatics-muda-sede-da-copa-do-mundo-de-israel-para-portugal\/#breadcrumb\"},\"inLanguage\":\"pt-BR\",\"potentialAction\":[{\"@type\":\"ReadAction\",\"target\":[\"https:\/\/swimchannel.net\/br\/world-aquatics-muda-sede-da-copa-do-mundo-de-israel-para-portugal\/\"]}]},{\"@type\":\"ImageObject\",\"inLanguage\":\"pt-BR\",\"@id\":\"https:\/\/swimchannel.net\/br\/world-aquatics-muda-sede-da-copa-do-mundo-de-israel-para-portugal\/#primaryimage\",\"url\":\"https:\/\/swimchannel.net\/br\/wp-content\/uploads\/2021\/04\/ilha-da-madeira-cabo-girao.jpg\",\"contentUrl\":\"https:\/\/swimchannel.net\/br\/wp-content\/uploads\/2021\/04\/ilha-da-madeira-cabo-girao.jpg\",\"width\":1600,\"height\":1067,\"caption\":\"Ilha da Madeira - Foto: Reprodu\u00e7\u00e3o\"},{\"@type\":\"BreadcrumbList\",\"@id\":\"https:\/\/swimchannel.net\/br\/world-aquatics-muda-sede-da-copa-do-mundo-de-israel-para-portugal\/#breadcrumb\",\"itemListElement\":[{\"@type\":\"ListItem\",\"position\":1,\"name\":\"Home\",\"item\":\"https:\/\/swimchannel.net\/br\/\"},{\"@type\":\"ListItem\",\"position\":2,\"name\":\"World Aquatics muda sede da Copa do Mundo de Israel para Portugal\"}]},{\"@type\":\"WebSite\",\"@id\":\"https:\/\/swimchannel.net\/br\/#website\",\"url\":\"https:\/\/swimchannel.net\/br\/\",\"name\":\"Swimchannel\",\"description\":\"Maior portal de nata\u00e7\u00e3o da america latina\",\"publisher\":{\"@id\":\"https:\/\/swimchannel.net\/br\/#organization\"},\"potentialAction\":[{\"@type\":\"SearchAction\",\"target\":{\"@type\":\"EntryPoint\",\"urlTemplate\":\"https:\/\/swimchannel.net\/br\/?s={search_term_string}\"},\"query-input\":{\"@type\":\"PropertyValueSpecification\",\"valueRequired\":true,\"valueName\":\"search_term_string\"}}],\"inLanguage\":\"pt-BR\"},{\"@type\":\"Organization\",\"@id\":\"https:\/\/swimchannel.net\/br\/#organization\",\"name\":\"Swimchannel - Conectando voc\u00ea a Nata\u00e7\u00e3o\",\"url\":\"https:\/\/swimchannel.net\/br\/\",\"logo\":{\"@type\":\"ImageObject\",\"inLanguage\":\"pt-BR\",\"@id\":\"https:\/\/swimchannel.net\/br\/#\/schema\/logo\/image\/\",\"url\":\"https:\/\/swimchannel.net\/br\/wp-content\/uploads\/2026\/02\/SWIM-CHANNEL.png\",\"contentUrl\":\"https:\/\/swimchannel.net\/br\/wp-content\/uploads\/2026\/02\/SWIM-CHANNEL.png\",\"width\":1120,\"height\":630,\"caption\":\"Swimchannel - Conectando voc\u00ea a Nata\u00e7\u00e3o\"},\"image\":{\"@id\":\"https:\/\/swimchannel.net\/br\/#\/schema\/logo\/image\/\"},\"sameAs\":[\"https:\/\/www.facebook.com\/swimchannel\",\"https:\/\/www.instagram.com\/swimchannel\"]},{\"@type\":\"Person\",\"@id\":\"https:\/\/swimchannel.net\/br\/#\/schema\/person\/cf549cb99cf75592fcf7c76213385e63\",\"name\":\"Alex Pussieldi\",\"image\":{\"@type\":\"ImageObject\",\"inLanguage\":\"pt-BR\",\"@id\":\"https:\/\/swimchannel.net\/br\/#\/schema\/person\/image\/\",\"url\":\"https:\/\/swimchannel.net\/br\/wp-content\/uploads\/2021\/02\/9b1c252d-a4bd-4eda-b399-24565cac4114-100x100.jpg\",\"contentUrl\":\"https:\/\/swimchannel.net\/br\/wp-content\/uploads\/2021\/02\/9b1c252d-a4bd-4eda-b399-24565cac4114-100x100.jpg\",\"caption\":\"Alex Pussieldi\"},\"description\":\"Alexandre Pussieldi, apelidado de \u201ccoach\u201d, Foi t\u00e9cnico da sele\u00e7\u00e3o verde e amarela nas Olimp\u00edadas de Pequim-2008 e Londres-2012. O treinador ainda comandou outros quatro pa\u00edses: Kuwait, Paraguai, Aruba e Antilhas Holandesas, al\u00e9m da sele\u00e7\u00e3o americana de \u00e1guas abertas. Pussieldi tem passagens como comentarista de nata\u00e7\u00e3o do Grupo Globo e Swim Channel.\",\"url\":\"https:\/\/swimchannel.net\/br\/author\/alexpussieldi\/\"}]}<\/script>\n<!-- \/ Yoast SEO plugin. -->","yoast_head_json":{"title":"World Aquatics muda sede da Copa do Mundo de Israel para Portugal - Swimchannel","robots":{"index":"index","follow":"follow","max-snippet":"max-snippet:-1","max-image-preview":"max-image-preview:large","max-video-preview":"max-video-preview:-1"},"canonical":"https:\/\/swimchannel.net\/br\/world-aquatics-muda-sede-da-copa-do-mundo-de-israel-para-portugal\/","og_locale":"pt_BR","og_type":"article","og_title":"World Aquatics muda sede da Copa do Mundo de Israel para Portugal - Swimchannel","og_description":"Competi\u00e7\u00e3o ser\u00e1 em Funchal, na Ilha da Madeira","og_url":"https:\/\/swimchannel.net\/br\/world-aquatics-muda-sede-da-copa-do-mundo-de-israel-para-portugal\/","og_site_name":"Swimchannel","article_publisher":"https:\/\/www.facebook.com\/swimchannel","article_published_time":"2023-10-12T18:39:14+00:00","article_modified_time":"2023-10-14T18:41:13+00:00","og_image":[{"width":1600,"height":1067,"url":"https:\/\/swimchannel.net\/br\/wp-content\/uploads\/2021\/04\/ilha-da-madeira-cabo-girao.jpg","type":"image\/jpeg"}],"author":"Alex Pussieldi","twitter_card":"summary_large_image","twitter_misc":{"Escrito por":"Alex Pussieldi","Est. tempo de leitura":"2 minutos"},"schema":{"@context":"https:\/\/schema.org","@graph":[{"@type":"Article","@id":"https:\/\/swimchannel.net\/br\/world-aquatics-muda-sede-da-copa-do-mundo-de-israel-para-portugal\/#article","isPartOf":{"@id":"https:\/\/swimchannel.net\/br\/world-aquatics-muda-sede-da-copa-do-mundo-de-israel-para-portugal\/"},"author":{"name":"Alex Pussieldi","@id":"https:\/\/swimchannel.net\/br\/#\/schema\/person\/cf549cb99cf75592fcf7c76213385e63"},"headline":"World Aquatics muda sede da Copa do Mundo de Israel para Portugal","datePublished":"2023-10-12T18:39:14+00:00","dateModified":"2023-10-14T18:41:13+00:00","mainEntityOfPage":{"@id":"https:\/\/swimchannel.net\/br\/world-aquatics-muda-sede-da-copa-do-mundo-de-israel-para-portugal\/"},"wordCount":349,"commentCount":0,"publisher":{"@id":"https:\/\/swimchannel.net\/br\/#organization"},"image":{"@id":"https:\/\/swimchannel.net\/br\/world-aquatics-muda-sede-da-copa-do-mundo-de-israel-para-portugal\/#primaryimage"},"thumbnailUrl":"https:\/\/swimchannel.net\/br\/wp-content\/uploads\/2021\/04\/ilha-da-madeira-cabo-girao.jpg","keywords":["\u00c1guas abertas","Israel","natacao","Portugal","World Aquatics"],"articleSection":["Blog do Coach"],"inLanguage":"pt-BR","potentialAction":[{"@type":"CommentAction","name":"Comment","target":["https:\/\/swimchannel.net\/br\/world-aquatics-muda-sede-da-copa-do-mundo-de-israel-para-portugal\/#respond"]}]},{"@type":"WebPage","@id":"https:\/\/swimchannel.net\/br\/world-aquatics-muda-sede-da-copa-do-mundo-de-israel-para-portugal\/","url":"https:\/\/swimchannel.net\/br\/world-aquatics-muda-sede-da-copa-do-mundo-de-israel-para-portugal\/","name":"World Aquatics muda sede da Copa do Mundo de Israel para Portugal - Swimchannel","isPartOf":{"@id":"https:\/\/swimchannel.net\/br\/#website"},"primaryImageOfPage":{"@id":"https:\/\/swimchannel.net\/br\/world-aquatics-muda-sede-da-copa-do-mundo-de-israel-para-portugal\/#primaryimage"},"image":{"@id":"https:\/\/swimchannel.net\/br\/world-aquatics-muda-sede-da-copa-do-mundo-de-israel-para-portugal\/#primaryimage"},"thumbnailUrl":"https:\/\/swimchannel.net\/br\/wp-content\/uploads\/2021\/04\/ilha-da-madeira-cabo-girao.jpg","datePublished":"2023-10-12T18:39:14+00:00","dateModified":"2023-10-14T18:41:13+00:00","breadcrumb":{"@id":"https:\/\/swimchannel.net\/br\/world-aquatics-muda-sede-da-copa-do-mundo-de-israel-para-portugal\/#breadcrumb"},"inLanguage":"pt-BR","potentialAction":[{"@type":"ReadAction","target":["https:\/\/swimchannel.net\/br\/world-aquatics-muda-sede-da-copa-do-mundo-de-israel-para-portugal\/"]}]},{"@type":"ImageObject","inLanguage":"pt-BR","@id":"https:\/\/swimchannel.net\/br\/world-aquatics-muda-sede-da-copa-do-mundo-de-israel-para-portugal\/#primaryimage","url":"https:\/\/swimchannel.net\/br\/wp-content\/uploads\/2021\/04\/ilha-da-madeira-cabo-girao.jpg","contentUrl":"https:\/\/swimchannel.net\/br\/wp-content\/uploads\/2021\/04\/ilha-da-madeira-cabo-girao.jpg","width":1600,"height":1067,"caption":"Ilha da Madeira - Foto: Reprodu\u00e7\u00e3o"},{"@type":"BreadcrumbList","@id":"https:\/\/swimchannel.net\/br\/world-aquatics-muda-sede-da-copa-do-mundo-de-israel-para-portugal\/#breadcrumb","itemListElement":[{"@type":"ListItem","position":1,"name":"Home","item":"https:\/\/swimchannel.net\/br\/"},{"@type":"ListItem","position":2,"name":"World Aquatics muda sede da Copa do Mundo de Israel para Portugal"}]},{"@type":"WebSite","@id":"https:\/\/swimchannel.net\/br\/#website","url":"https:\/\/swimchannel.net\/br\/","name":"Swimchannel","description":"Maior portal de nata\u00e7\u00e3o da america latina","publisher":{"@id":"https:\/\/swimchannel.net\/br\/#organization"},"potentialAction":[{"@type":"SearchAction","target":{"@type":"EntryPoint","urlTemplate":"https:\/\/swimchannel.net\/br\/?s={search_term_string}"},"query-input":{"@type":"PropertyValueSpecification","valueRequired":true,"valueName":"search_term_string"}}],"inLanguage":"pt-BR"},{"@type":"Organization","@id":"https:\/\/swimchannel.net\/br\/#organization","name":"Swimchannel - Conectando voc\u00ea a Nata\u00e7\u00e3o","url":"https:\/\/swimchannel.net\/br\/","logo":{"@type":"ImageObject","inLanguage":"pt-BR","@id":"https:\/\/swimchannel.net\/br\/#\/schema\/logo\/image\/","url":"https:\/\/swimchannel.net\/br\/wp-content\/uploads\/2026\/02\/SWIM-CHANNEL.png","contentUrl":"https:\/\/swimchannel.net\/br\/wp-content\/uploads\/2026\/02\/SWIM-CHANNEL.png","width":1120,"height":630,"caption":"Swimchannel - Conectando voc\u00ea a Nata\u00e7\u00e3o"},"image":{"@id":"https:\/\/swimchannel.net\/br\/#\/schema\/logo\/image\/"},"sameAs":["https:\/\/www.facebook.com\/swimchannel","https:\/\/www.instagram.com\/swimchannel"]},{"@type":"Person","@id":"https:\/\/swimchannel.net\/br\/#\/schema\/person\/cf549cb99cf75592fcf7c76213385e63","name":"Alex Pussieldi","image":{"@type":"ImageObject","inLanguage":"pt-BR","@id":"https:\/\/swimchannel.net\/br\/#\/schema\/person\/image\/","url":"https:\/\/swimchannel.net\/br\/wp-content\/uploads\/2021\/02\/9b1c252d-a4bd-4eda-b399-24565cac4114-100x100.jpg","contentUrl":"https:\/\/swimchannel.net\/br\/wp-content\/uploads\/2021\/02\/9b1c252d-a4bd-4eda-b399-24565cac4114-100x100.jpg","caption":"Alex Pussieldi"},"description":"Alexandre Pussieldi, apelidado de \u201ccoach\u201d, Foi t\u00e9cnico da sele\u00e7\u00e3o verde e amarela nas Olimp\u00edadas de Pequim-2008 e Londres-2012. O treinador ainda comandou outros quatro pa\u00edses: Kuwait, Paraguai, Aruba e Antilhas Holandesas, al\u00e9m da sele\u00e7\u00e3o americana de \u00e1guas abertas. Pussieldi tem passagens como comentarista de nata\u00e7\u00e3o do Grupo Globo e Swim Channel.","url":"https:\/\/swimchannel.net\/br\/author\/alexpussieldi\/"}]}},"_links":{"self":[{"href":"https:\/\/swimchannel.net\/br\/wp-json\/wp\/v2\/posts\/60817","targetHints":{"allow":["GET"]}}],"collection":[{"href":"https:\/\/swimchannel.net\/br\/wp-json\/wp\/v2\/posts"}],"about":[{"href":"https:\/\/swimchannel.net\/br\/wp-json\/wp\/v2\/types\/post"}],"author":[{"embeddable":true,"href":"https:\/\/swimchannel.net\/br\/wp-json\/wp\/v2\/users\/12"}],"replies":[{"embeddable":true,"href":"https:\/\/swimchannel.net\/br\/wp-json\/wp\/v2\/comments?post=60817"}],"version-history":[{"count":1,"href":"https:\/\/swimchannel.net\/br\/wp-json\/wp\/v2\/posts\/60817\/revisions"}],"predecessor-version":[{"id":60818,"href":"https:\/\/swimchannel.net\/br\/wp-json\/wp\/v2\/posts\/60817\/revisions\/60818"}],"wp:featuredmedia":[{"embeddable":true,"href":"https:\/\/swimchannel.net\/br\/wp-json\/wp\/v2\/media\/40735"}],"wp:attachment":[{"href":"https:\/\/swimchannel.net\/br\/wp-json\/wp\/v2\/media?parent=60817"}],"wp:term":[{"taxonomy":"category","embeddable":true,"href":"https:\/\/swimchannel.net\/br\/wp-json\/wp\/v2\/categories?post=60817"},{"taxonomy":"post_tag","embeddable":true,"href":"https:\/\/swimchannel.net\/br\/wp-json\/wp\/v2\/tags?post=60817"}],"curies":[{"name":"wp","href":"https:\/\/api.w.org\/{rel}","templated":true}]}}