{"id":60825,"date":"2023-10-16T10:26:04","date_gmt":"2023-10-16T13:26:04","guid":{"rendered":"https:\/\/swimchannel.net\/br\/?p=60825"},"modified":"2023-10-16T10:26:04","modified_gmt":"2023-10-16T13:26:04","slug":"comentaristas-do-grupo-swim-channel-na-transmissao-da-natacao-dos-jogos-pan-americanos","status":"publish","type":"post","link":"https:\/\/swimchannel.net\/br\/comentaristas-do-grupo-swim-channel-na-transmissao-da-natacao-dos-jogos-pan-americanos\/","title":{"rendered":"Comentaristas do Grupo SWIM CHANNEL na transmiss\u00e3o da nata\u00e7\u00e3o dos Jogos Pan-Americanos"},"content":{"rendered":"<p>Patrick Winkler na Caz\u00e9 TV e o Coach Alex Pussieldi no Canal Ol\u00edmpico do Brasil ser\u00e3o comentaristas da nata\u00e7\u00e3o na cobertura dos Jogos Pan-Americanos de Santiago. A dupla ir\u00e1 atuar nas transmiss\u00f5es de eliminat\u00f3rias e finais a partir do pr\u00f3ximo s\u00e1bado.<\/p>\n<p>Pela primeira vez, desde 1995, n\u00e3o teremos transmiss\u00e3o na TV, nem aberta nem fechada, dos Jogos Panamericanos. Os direitos de transmiss\u00e3o da edi\u00e7\u00e3o deste ano pertencem ao grupo internacional Mediapro que optou por negociar com plataformas digitais para toda a Am\u00e9rica. O \u00fanico pa\u00eds que ter\u00e1 transmiss\u00e3o por televis\u00e3o \u00e9 o pa\u00eds sede que ofereceu a todos os canais do pa\u00eds aumentando a visibilidade da competi\u00e7\u00e3o.<\/p>\n<figure id=\"attachment_60832\" aria-describedby=\"caption-attachment-60832\" style=\"width: 1200px\" class=\"wp-caption alignnone\"><img loading=\"lazy\" decoding=\"async\" class=\"size-full wp-image-60832\" src=\"https:\/\/swimchannel.net\/br\/wp-content\/uploads\/2023\/10\/Captura-de-tela-2023-10-16-102149.jpg\" alt=\"\" width=\"1200\" height=\"571\" srcset=\"https:\/\/swimchannel.net\/br\/wp-content\/uploads\/2023\/10\/Captura-de-tela-2023-10-16-102149.jpg 1200w, https:\/\/swimchannel.net\/br\/wp-content\/uploads\/2023\/10\/Captura-de-tela-2023-10-16-102149-320x152.jpg 320w, https:\/\/swimchannel.net\/br\/wp-content\/uploads\/2023\/10\/Captura-de-tela-2023-10-16-102149-768x365.jpg 768w, https:\/\/swimchannel.net\/br\/wp-content\/uploads\/2023\/10\/Captura-de-tela-2023-10-16-102149-750x357.jpg 750w, https:\/\/swimchannel.net\/br\/wp-content\/uploads\/2023\/10\/Captura-de-tela-2023-10-16-102149-1140x542.jpg 1140w\" sizes=\"auto, (max-width: 1200px) 100vw, 1200px\" \/><figcaption id=\"caption-attachment-60832\" class=\"wp-caption-text\">Patrick Winkler e Alexandre Pussieldi &#8211; Foto: Reprodu\u00e7\u00e3o<\/figcaption><\/figure>\n<p>Aumentar a visibilidade e modernizar a abordagem esta \u00e9 uma das miss\u00f5es ao levar a transmiss\u00e3o de grandes eventos esportivos para o digital. Por cinco dias, de 21 a 25 de outubro, com eliminat\u00f3rias a partir das 9 da manh\u00e3 e finais as 16 horas, voc\u00ea poder\u00e1 acompanhar tanto na Caz\u00e9 TV como no Canal Ol\u00edmpico do Brasil a cobertura completa da nata\u00e7\u00e3o no Pan de Santiago.<\/p>\n<p>Aqui o link da Caz\u00e9 TV:\u00a0<a href=\"https:\/\/www.youtube.com\/@CazeTV\">https:\/\/www.youtube.com\/@CazeTV<\/a><\/p>\n<p>Aqui o link do Canal Ol\u00edmpico do Brasil:\u00a0<a href=\"https:\/\/www.canalolimpicodobrasil.com.br\">https:\/\/www.canalolimpicodobrasil.com.br<\/a><\/p>\n","protected":false},"excerpt":{"rendered":"<p>Patrick Winkler na Caz\u00e9 TV e Coach Alex Pussieldi no Canal Ol\u00edmpico do Brasil comentar\u00e3o a competi\u00e7\u00e3o que come\u00e7a essa semana em Santiago<\/p>\n","protected":false},"author":12,"featured_media":60833,"comment_status":"open","ping_status":"open","sticky":false,"template":"","format":"gallery","meta":{"footnotes":""},"categories":[57],"tags":[5555,5554,26,5,4806],"class_list":["post-60825","post","type-post","status-publish","format-gallery","has-post-thumbnail","hentry","category-jogos-pan-americanos","tag-canal-olimpico","tag-caze-tv","tag-jogos-pan-americanos","tag-natacao","tag-santiago-2023","post_format-post-format-gallery"],"yoast_head":"<!-- This site is optimized with the Yoast SEO plugin v27.0 - https:\/\/yoast.com\/product\/yoast-seo-wordpress\/ -->\n<title>Comentaristas do Grupo SWIM CHANNEL na transmiss\u00e3o da nata\u00e7\u00e3o dos Jogos Pan-Americanos - Swimchannel<\/title>\n<meta name=\"robots\" content=\"index, follow, max-snippet:-1, max-image-preview:large, max-video-preview:-1\" \/>\n<link rel=\"canonical\" href=\"https:\/\/swimchannel.net\/br\/comentaristas-do-grupo-swim-channel-na-transmissao-da-natacao-dos-jogos-pan-americanos\/\" \/>\n<meta property=\"og:locale\" content=\"pt_BR\" \/>\n<meta property=\"og:type\" content=\"article\" \/>\n<meta property=\"og:title\" content=\"Comentaristas do Grupo SWIM CHANNEL na transmiss\u00e3o da nata\u00e7\u00e3o dos Jogos Pan-Americanos - Swimchannel\" \/>\n<meta property=\"og:description\" content=\"Patrick Winkler na Caz\u00e9 TV e Coach Alex Pussieldi no Canal Ol\u00edmpico do Brasil comentar\u00e3o a competi\u00e7\u00e3o que come\u00e7a essa semana em Santiago\" \/>\n<meta property=\"og:url\" content=\"https:\/\/swimchannel.net\/br\/comentaristas-do-grupo-swim-channel-na-transmissao-da-natacao-dos-jogos-pan-americanos\/\" \/>\n<meta property=\"og:site_name\" content=\"Swimchannel\" \/>\n<meta property=\"article:publisher\" content=\"https:\/\/www.facebook.com\/swimchannel\" \/>\n<meta property=\"article:published_time\" content=\"2023-10-16T13:26:04+00:00\" \/>\n<meta property=\"og:image\" content=\"https:\/\/swimchannel.net\/br\/wp-content\/uploads\/2023\/10\/e718b48db9.jpg\" \/>\n\t<meta property=\"og:image:width\" content=\"840\" \/>\n\t<meta property=\"og:image:height\" content=\"630\" \/>\n\t<meta property=\"og:image:type\" content=\"image\/jpeg\" \/>\n<meta name=\"author\" content=\"Alex Pussieldi\" \/>\n<meta name=\"twitter:card\" content=\"summary_large_image\" \/>\n<meta name=\"twitter:label1\" content=\"Escrito por\" \/>\n\t<meta name=\"twitter:data1\" content=\"Alex Pussieldi\" \/>\n\t<meta name=\"twitter:label2\" content=\"Est. tempo de leitura\" \/>\n\t<meta name=\"twitter:data2\" content=\"1 minuto\" \/>\n<script type=\"application\/ld+json\" class=\"yoast-schema-graph\">{\"@context\":\"https:\/\/schema.org\",\"@graph\":[{\"@type\":\"Article\",\"@id\":\"https:\/\/swimchannel.net\/br\/comentaristas-do-grupo-swim-channel-na-transmissao-da-natacao-dos-jogos-pan-americanos\/#article\",\"isPartOf\":{\"@id\":\"https:\/\/swimchannel.net\/br\/comentaristas-do-grupo-swim-channel-na-transmissao-da-natacao-dos-jogos-pan-americanos\/\"},\"author\":{\"name\":\"Alex Pussieldi\",\"@id\":\"https:\/\/swimchannel.net\/br\/#\/schema\/person\/cf549cb99cf75592fcf7c76213385e63\"},\"headline\":\"Comentaristas do Grupo SWIM CHANNEL na transmiss\u00e3o da nata\u00e7\u00e3o dos Jogos Pan-Americanos\",\"datePublished\":\"2023-10-16T13:26:04+00:00\",\"mainEntityOfPage\":{\"@id\":\"https:\/\/swimchannel.net\/br\/comentaristas-do-grupo-swim-channel-na-transmissao-da-natacao-dos-jogos-pan-americanos\/\"},\"wordCount\":245,\"commentCount\":0,\"publisher\":{\"@id\":\"https:\/\/swimchannel.net\/br\/#organization\"},\"image\":{\"@id\":\"https:\/\/swimchannel.net\/br\/comentaristas-do-grupo-swim-channel-na-transmissao-da-natacao-dos-jogos-pan-americanos\/#primaryimage\"},\"thumbnailUrl\":\"https:\/\/swimchannel.net\/br\/wp-content\/uploads\/2023\/10\/e718b48db9.jpg\",\"keywords\":[\"Canal Ol\u00edmpico\",\"Caz\u00e9 TV\",\"Jogos Pan-Americanos\",\"natacao\",\"Santiago-2023\"],\"articleSection\":[\"Jogos Pan-Americanos\"],\"inLanguage\":\"pt-BR\",\"potentialAction\":[{\"@type\":\"CommentAction\",\"name\":\"Comment\",\"target\":[\"https:\/\/swimchannel.net\/br\/comentaristas-do-grupo-swim-channel-na-transmissao-da-natacao-dos-jogos-pan-americanos\/#respond\"]}]},{\"@type\":\"WebPage\",\"@id\":\"https:\/\/swimchannel.net\/br\/comentaristas-do-grupo-swim-channel-na-transmissao-da-natacao-dos-jogos-pan-americanos\/\",\"url\":\"https:\/\/swimchannel.net\/br\/comentaristas-do-grupo-swim-channel-na-transmissao-da-natacao-dos-jogos-pan-americanos\/\",\"name\":\"Comentaristas do Grupo SWIM CHANNEL na transmiss\u00e3o da nata\u00e7\u00e3o dos Jogos Pan-Americanos - Swimchannel\",\"isPartOf\":{\"@id\":\"https:\/\/swimchannel.net\/br\/#website\"},\"primaryImageOfPage\":{\"@id\":\"https:\/\/swimchannel.net\/br\/comentaristas-do-grupo-swim-channel-na-transmissao-da-natacao-dos-jogos-pan-americanos\/#primaryimage\"},\"image\":{\"@id\":\"https:\/\/swimchannel.net\/br\/comentaristas-do-grupo-swim-channel-na-transmissao-da-natacao-dos-jogos-pan-americanos\/#primaryimage\"},\"thumbnailUrl\":\"https:\/\/swimchannel.net\/br\/wp-content\/uploads\/2023\/10\/e718b48db9.jpg\",\"datePublished\":\"2023-10-16T13:26:04+00:00\",\"breadcrumb\":{\"@id\":\"https:\/\/swimchannel.net\/br\/comentaristas-do-grupo-swim-channel-na-transmissao-da-natacao-dos-jogos-pan-americanos\/#breadcrumb\"},\"inLanguage\":\"pt-BR\",\"potentialAction\":[{\"@type\":\"ReadAction\",\"target\":[\"https:\/\/swimchannel.net\/br\/comentaristas-do-grupo-swim-channel-na-transmissao-da-natacao-dos-jogos-pan-americanos\/\"]}]},{\"@type\":\"ImageObject\",\"inLanguage\":\"pt-BR\",\"@id\":\"https:\/\/swimchannel.net\/br\/comentaristas-do-grupo-swim-channel-na-transmissao-da-natacao-dos-jogos-pan-americanos\/#primaryimage\",\"url\":\"https:\/\/swimchannel.net\/br\/wp-content\/uploads\/2023\/10\/e718b48db9.jpg\",\"contentUrl\":\"https:\/\/swimchannel.net\/br\/wp-content\/uploads\/2023\/10\/e718b48db9.jpg\",\"width\":840,\"height\":630,\"caption\":\"Jogos Pan-Americanos Santiago-2023 - Foto: Reprodu\u00e7\u00e3o\"},{\"@type\":\"BreadcrumbList\",\"@id\":\"https:\/\/swimchannel.net\/br\/comentaristas-do-grupo-swim-channel-na-transmissao-da-natacao-dos-jogos-pan-americanos\/#breadcrumb\",\"itemListElement\":[{\"@type\":\"ListItem\",\"position\":1,\"name\":\"Home\",\"item\":\"https:\/\/swimchannel.net\/br\/\"},{\"@type\":\"ListItem\",\"position\":2,\"name\":\"Comentaristas do Grupo SWIM CHANNEL na transmiss\u00e3o da nata\u00e7\u00e3o dos Jogos Pan-Americanos\"}]},{\"@type\":\"WebSite\",\"@id\":\"https:\/\/swimchannel.net\/br\/#website\",\"url\":\"https:\/\/swimchannel.net\/br\/\",\"name\":\"Swimchannel\",\"description\":\"Maior portal de nata\u00e7\u00e3o da america latina\",\"publisher\":{\"@id\":\"https:\/\/swimchannel.net\/br\/#organization\"},\"potentialAction\":[{\"@type\":\"SearchAction\",\"target\":{\"@type\":\"EntryPoint\",\"urlTemplate\":\"https:\/\/swimchannel.net\/br\/?s={search_term_string}\"},\"query-input\":{\"@type\":\"PropertyValueSpecification\",\"valueRequired\":true,\"valueName\":\"search_term_string\"}}],\"inLanguage\":\"pt-BR\"},{\"@type\":\"Organization\",\"@id\":\"https:\/\/swimchannel.net\/br\/#organization\",\"name\":\"Swimchannel - Conectando voc\u00ea a Nata\u00e7\u00e3o\",\"url\":\"https:\/\/swimchannel.net\/br\/\",\"logo\":{\"@type\":\"ImageObject\",\"inLanguage\":\"pt-BR\",\"@id\":\"https:\/\/swimchannel.net\/br\/#\/schema\/logo\/image\/\",\"url\":\"https:\/\/swimchannel.net\/br\/wp-content\/uploads\/2026\/02\/SWIM-CHANNEL.png\",\"contentUrl\":\"https:\/\/swimchannel.net\/br\/wp-content\/uploads\/2026\/02\/SWIM-CHANNEL.png\",\"width\":1120,\"height\":630,\"caption\":\"Swimchannel - Conectando voc\u00ea a Nata\u00e7\u00e3o\"},\"image\":{\"@id\":\"https:\/\/swimchannel.net\/br\/#\/schema\/logo\/image\/\"},\"sameAs\":[\"https:\/\/www.facebook.com\/swimchannel\",\"https:\/\/www.instagram.com\/swimchannel\"]},{\"@type\":\"Person\",\"@id\":\"https:\/\/swimchannel.net\/br\/#\/schema\/person\/cf549cb99cf75592fcf7c76213385e63\",\"name\":\"Alex Pussieldi\",\"image\":{\"@type\":\"ImageObject\",\"inLanguage\":\"pt-BR\",\"@id\":\"https:\/\/swimchannel.net\/br\/#\/schema\/person\/image\/\",\"url\":\"https:\/\/swimchannel.net\/br\/wp-content\/uploads\/2021\/02\/9b1c252d-a4bd-4eda-b399-24565cac4114-100x100.jpg\",\"contentUrl\":\"https:\/\/swimchannel.net\/br\/wp-content\/uploads\/2021\/02\/9b1c252d-a4bd-4eda-b399-24565cac4114-100x100.jpg\",\"caption\":\"Alex Pussieldi\"},\"description\":\"Alexandre Pussieldi, apelidado de \u201ccoach\u201d, Foi t\u00e9cnico da sele\u00e7\u00e3o verde e amarela nas Olimp\u00edadas de Pequim-2008 e Londres-2012. O treinador ainda comandou outros quatro pa\u00edses: Kuwait, Paraguai, Aruba e Antilhas Holandesas, al\u00e9m da sele\u00e7\u00e3o americana de \u00e1guas abertas. Pussieldi tem passagens como comentarista de nata\u00e7\u00e3o do Grupo Globo e Swim Channel.\",\"url\":\"https:\/\/swimchannel.net\/br\/author\/alexpussieldi\/\"}]}<\/script>\n<!-- \/ Yoast SEO plugin. -->","yoast_head_json":{"title":"Comentaristas do Grupo SWIM CHANNEL na transmiss\u00e3o da nata\u00e7\u00e3o dos Jogos Pan-Americanos - Swimchannel","robots":{"index":"index","follow":"follow","max-snippet":"max-snippet:-1","max-image-preview":"max-image-preview:large","max-video-preview":"max-video-preview:-1"},"canonical":"https:\/\/swimchannel.net\/br\/comentaristas-do-grupo-swim-channel-na-transmissao-da-natacao-dos-jogos-pan-americanos\/","og_locale":"pt_BR","og_type":"article","og_title":"Comentaristas do Grupo SWIM CHANNEL na transmiss\u00e3o da nata\u00e7\u00e3o dos Jogos Pan-Americanos - Swimchannel","og_description":"Patrick Winkler na Caz\u00e9 TV e Coach Alex Pussieldi no Canal Ol\u00edmpico do Brasil comentar\u00e3o a competi\u00e7\u00e3o que come\u00e7a essa semana em Santiago","og_url":"https:\/\/swimchannel.net\/br\/comentaristas-do-grupo-swim-channel-na-transmissao-da-natacao-dos-jogos-pan-americanos\/","og_site_name":"Swimchannel","article_publisher":"https:\/\/www.facebook.com\/swimchannel","article_published_time":"2023-10-16T13:26:04+00:00","og_image":[{"width":840,"height":630,"url":"https:\/\/swimchannel.net\/br\/wp-content\/uploads\/2023\/10\/e718b48db9.jpg","type":"image\/jpeg"}],"author":"Alex Pussieldi","twitter_card":"summary_large_image","twitter_misc":{"Escrito por":"Alex Pussieldi","Est. tempo de leitura":"1 minuto"},"schema":{"@context":"https:\/\/schema.org","@graph":[{"@type":"Article","@id":"https:\/\/swimchannel.net\/br\/comentaristas-do-grupo-swim-channel-na-transmissao-da-natacao-dos-jogos-pan-americanos\/#article","isPartOf":{"@id":"https:\/\/swimchannel.net\/br\/comentaristas-do-grupo-swim-channel-na-transmissao-da-natacao-dos-jogos-pan-americanos\/"},"author":{"name":"Alex Pussieldi","@id":"https:\/\/swimchannel.net\/br\/#\/schema\/person\/cf549cb99cf75592fcf7c76213385e63"},"headline":"Comentaristas do Grupo SWIM CHANNEL na transmiss\u00e3o da nata\u00e7\u00e3o dos Jogos Pan-Americanos","datePublished":"2023-10-16T13:26:04+00:00","mainEntityOfPage":{"@id":"https:\/\/swimchannel.net\/br\/comentaristas-do-grupo-swim-channel-na-transmissao-da-natacao-dos-jogos-pan-americanos\/"},"wordCount":245,"commentCount":0,"publisher":{"@id":"https:\/\/swimchannel.net\/br\/#organization"},"image":{"@id":"https:\/\/swimchannel.net\/br\/comentaristas-do-grupo-swim-channel-na-transmissao-da-natacao-dos-jogos-pan-americanos\/#primaryimage"},"thumbnailUrl":"https:\/\/swimchannel.net\/br\/wp-content\/uploads\/2023\/10\/e718b48db9.jpg","keywords":["Canal Ol\u00edmpico","Caz\u00e9 TV","Jogos Pan-Americanos","natacao","Santiago-2023"],"articleSection":["Jogos Pan-Americanos"],"inLanguage":"pt-BR","potentialAction":[{"@type":"CommentAction","name":"Comment","target":["https:\/\/swimchannel.net\/br\/comentaristas-do-grupo-swim-channel-na-transmissao-da-natacao-dos-jogos-pan-americanos\/#respond"]}]},{"@type":"WebPage","@id":"https:\/\/swimchannel.net\/br\/comentaristas-do-grupo-swim-channel-na-transmissao-da-natacao-dos-jogos-pan-americanos\/","url":"https:\/\/swimchannel.net\/br\/comentaristas-do-grupo-swim-channel-na-transmissao-da-natacao-dos-jogos-pan-americanos\/","name":"Comentaristas do Grupo SWIM CHANNEL na transmiss\u00e3o da nata\u00e7\u00e3o dos Jogos Pan-Americanos - Swimchannel","isPartOf":{"@id":"https:\/\/swimchannel.net\/br\/#website"},"primaryImageOfPage":{"@id":"https:\/\/swimchannel.net\/br\/comentaristas-do-grupo-swim-channel-na-transmissao-da-natacao-dos-jogos-pan-americanos\/#primaryimage"},"image":{"@id":"https:\/\/swimchannel.net\/br\/comentaristas-do-grupo-swim-channel-na-transmissao-da-natacao-dos-jogos-pan-americanos\/#primaryimage"},"thumbnailUrl":"https:\/\/swimchannel.net\/br\/wp-content\/uploads\/2023\/10\/e718b48db9.jpg","datePublished":"2023-10-16T13:26:04+00:00","breadcrumb":{"@id":"https:\/\/swimchannel.net\/br\/comentaristas-do-grupo-swim-channel-na-transmissao-da-natacao-dos-jogos-pan-americanos\/#breadcrumb"},"inLanguage":"pt-BR","potentialAction":[{"@type":"ReadAction","target":["https:\/\/swimchannel.net\/br\/comentaristas-do-grupo-swim-channel-na-transmissao-da-natacao-dos-jogos-pan-americanos\/"]}]},{"@type":"ImageObject","inLanguage":"pt-BR","@id":"https:\/\/swimchannel.net\/br\/comentaristas-do-grupo-swim-channel-na-transmissao-da-natacao-dos-jogos-pan-americanos\/#primaryimage","url":"https:\/\/swimchannel.net\/br\/wp-content\/uploads\/2023\/10\/e718b48db9.jpg","contentUrl":"https:\/\/swimchannel.net\/br\/wp-content\/uploads\/2023\/10\/e718b48db9.jpg","width":840,"height":630,"caption":"Jogos Pan-Americanos Santiago-2023 - Foto: Reprodu\u00e7\u00e3o"},{"@type":"BreadcrumbList","@id":"https:\/\/swimchannel.net\/br\/comentaristas-do-grupo-swim-channel-na-transmissao-da-natacao-dos-jogos-pan-americanos\/#breadcrumb","itemListElement":[{"@type":"ListItem","position":1,"name":"Home","item":"https:\/\/swimchannel.net\/br\/"},{"@type":"ListItem","position":2,"name":"Comentaristas do Grupo SWIM CHANNEL na transmiss\u00e3o da nata\u00e7\u00e3o dos Jogos Pan-Americanos"}]},{"@type":"WebSite","@id":"https:\/\/swimchannel.net\/br\/#website","url":"https:\/\/swimchannel.net\/br\/","name":"Swimchannel","description":"Maior portal de nata\u00e7\u00e3o da america latina","publisher":{"@id":"https:\/\/swimchannel.net\/br\/#organization"},"potentialAction":[{"@type":"SearchAction","target":{"@type":"EntryPoint","urlTemplate":"https:\/\/swimchannel.net\/br\/?s={search_term_string}"},"query-input":{"@type":"PropertyValueSpecification","valueRequired":true,"valueName":"search_term_string"}}],"inLanguage":"pt-BR"},{"@type":"Organization","@id":"https:\/\/swimchannel.net\/br\/#organization","name":"Swimchannel - Conectando voc\u00ea a Nata\u00e7\u00e3o","url":"https:\/\/swimchannel.net\/br\/","logo":{"@type":"ImageObject","inLanguage":"pt-BR","@id":"https:\/\/swimchannel.net\/br\/#\/schema\/logo\/image\/","url":"https:\/\/swimchannel.net\/br\/wp-content\/uploads\/2026\/02\/SWIM-CHANNEL.png","contentUrl":"https:\/\/swimchannel.net\/br\/wp-content\/uploads\/2026\/02\/SWIM-CHANNEL.png","width":1120,"height":630,"caption":"Swimchannel - Conectando voc\u00ea a Nata\u00e7\u00e3o"},"image":{"@id":"https:\/\/swimchannel.net\/br\/#\/schema\/logo\/image\/"},"sameAs":["https:\/\/www.facebook.com\/swimchannel","https:\/\/www.instagram.com\/swimchannel"]},{"@type":"Person","@id":"https:\/\/swimchannel.net\/br\/#\/schema\/person\/cf549cb99cf75592fcf7c76213385e63","name":"Alex Pussieldi","image":{"@type":"ImageObject","inLanguage":"pt-BR","@id":"https:\/\/swimchannel.net\/br\/#\/schema\/person\/image\/","url":"https:\/\/swimchannel.net\/br\/wp-content\/uploads\/2021\/02\/9b1c252d-a4bd-4eda-b399-24565cac4114-100x100.jpg","contentUrl":"https:\/\/swimchannel.net\/br\/wp-content\/uploads\/2021\/02\/9b1c252d-a4bd-4eda-b399-24565cac4114-100x100.jpg","caption":"Alex Pussieldi"},"description":"Alexandre Pussieldi, apelidado de \u201ccoach\u201d, Foi t\u00e9cnico da sele\u00e7\u00e3o verde e amarela nas Olimp\u00edadas de Pequim-2008 e Londres-2012. O treinador ainda comandou outros quatro pa\u00edses: Kuwait, Paraguai, Aruba e Antilhas Holandesas, al\u00e9m da sele\u00e7\u00e3o americana de \u00e1guas abertas. Pussieldi tem passagens como comentarista de nata\u00e7\u00e3o do Grupo Globo e Swim Channel.","url":"https:\/\/swimchannel.net\/br\/author\/alexpussieldi\/"}]}},"_links":{"self":[{"href":"https:\/\/swimchannel.net\/br\/wp-json\/wp\/v2\/posts\/60825","targetHints":{"allow":["GET"]}}],"collection":[{"href":"https:\/\/swimchannel.net\/br\/wp-json\/wp\/v2\/posts"}],"about":[{"href":"https:\/\/swimchannel.net\/br\/wp-json\/wp\/v2\/types\/post"}],"author":[{"embeddable":true,"href":"https:\/\/swimchannel.net\/br\/wp-json\/wp\/v2\/users\/12"}],"replies":[{"embeddable":true,"href":"https:\/\/swimchannel.net\/br\/wp-json\/wp\/v2\/comments?post=60825"}],"version-history":[{"count":2,"href":"https:\/\/swimchannel.net\/br\/wp-json\/wp\/v2\/posts\/60825\/revisions"}],"predecessor-version":[{"id":60834,"href":"https:\/\/swimchannel.net\/br\/wp-json\/wp\/v2\/posts\/60825\/revisions\/60834"}],"wp:featuredmedia":[{"embeddable":true,"href":"https:\/\/swimchannel.net\/br\/wp-json\/wp\/v2\/media\/60833"}],"wp:attachment":[{"href":"https:\/\/swimchannel.net\/br\/wp-json\/wp\/v2\/media?parent=60825"}],"wp:term":[{"taxonomy":"category","embeddable":true,"href":"https:\/\/swimchannel.net\/br\/wp-json\/wp\/v2\/categories?post=60825"},{"taxonomy":"post_tag","embeddable":true,"href":"https:\/\/swimchannel.net\/br\/wp-json\/wp\/v2\/tags?post=60825"}],"curies":[{"name":"wp","href":"https:\/\/api.w.org\/{rel}","templated":true}]}}