{"id":60949,"date":"2023-10-18T21:00:05","date_gmt":"2023-10-19T00:00:05","guid":{"rendered":"https:\/\/swimchannel.net\/br\/?p=60949"},"modified":"2023-10-19T10:55:53","modified_gmt":"2023-10-19T13:55:53","slug":"fernando-scheffer-e-a-tenista-luisa-stefani-apontados-como-porta-bandeira-do-brasil-em-santiago","status":"publish","type":"post","link":"https:\/\/swimchannel.net\/br\/fernando-scheffer-e-a-tenista-luisa-stefani-apontados-como-porta-bandeira-do-brasil-em-santiago\/","title":{"rendered":"Fernando Scheffer e a tenista Luisa Stefani apontados como Porta-Bandeira do Brasil em Santiago"},"content":{"rendered":"<p><em>Press release publicado pelo Comit\u00ea Ol\u00edmpico do Brasil:\u00a0<\/em><\/p>\n<p>O Comit\u00ea Ol\u00edmpico do Brasil (COB) anunciou nesta quarta-feira, 18, os porta-bandeiras da delega\u00e7\u00e3o brasileira na Cerim\u00f4nia de Abertura dos Jogos Pan-americanos Santiago 2023. Medalhistas ol\u00edmpicos em T\u00f3quio, Fernando Scheffer, da nata\u00e7\u00e3o, e Luisa Stefani, do t\u00eanis, ter\u00e3o a honra de carregar a bandeira nacional na inaugura\u00e7\u00e3o da competi\u00e7\u00e3o continental nesta sexta-feira, 20, \u00e0s 20h30 (hor\u00e1rio de Bras\u00edlia), no Est\u00e1dio Nacional do Chile.<\/p>\n<p>Com isso, mais uma vez, o COB coloca um casal para liderar o Time Brasil no evento, valorizando o olhar da entidade para igualdade de g\u00eaneros no esporte.<\/p>\n<p>\u201cA escolha dos porta-bandeiras \u00e9 sempre muito importante para o COB. E termos a Luisa Stefani e o Fernando Scheffer nos representando na Cerim\u00f4nia de Abertura \u00e9 uma honra para todos n\u00f3s. S\u00e3o dois grandes atletas, vencedores, medalhistas ol\u00edmpicos e que ainda dar\u00e3o muitas alegrias ao torcedor brasileiro\u201d, disse Paulo Wanderley, Presidente do COB.<\/p>\n<p>\u201cFernando e Luisa s\u00e3o grandes atletas do esporte nacional, que fizeram hist\u00f3ria nos Jogos Ol\u00edmpicos de T\u00f3quio com medalhas emocionantes. Assim, para o Comit\u00ea Ol\u00edmpico do Brasil \u00e9 uma alegria poder homenage\u00e1-los com a honra de carregar nossa bandeira na abertura dos Jogos Pan-americanos de Santiago. Tenho certeza de que representar\u00e3o muito bem os mais de 600 atletas e 1000 integrantes da nossa delega\u00e7\u00e3o\u201d, afirmou Rog\u00e9rio Sampaio, diretor-geral do COB e chefe da miss\u00e3o brasileira em Santiago.<\/p>\n<p>Luisa Stefani \u00e9 a primeira tenista brasileira na hist\u00f3ria a ingressar no Top 20 do ranking de duplas da WTA. Ao lado de Carol Meligeni, Luisa foi medalhista de bronze nos Jogos Pan-americanos Lima 2019. E, dois anos mais tarde, ao lado de Laura Pigossi, conquistou a in\u00e9dita medalha ol\u00edmpica para o t\u00eanis nacional: bronze em T\u00f3quio. Tem no curr\u00edculo, al\u00e9m disso, o t\u00edtulo de duplas mistas do Grand Slam da Austr\u00e1lia, em 2023, depois de se recuperar de grave les\u00e3o no joelho.<\/p>\n<p>\u201cFiquei muito feliz e emocionada com esse convite para ser porta-bandeira. Sou muito f\u00e3 de esporte desde pequena e continuo sendo. Fazer parte do Time Brasil e carregar essa bandeira ao lado de tantos atletas, que continuam me inspirando, \u00e9 uma grande honra. Nada se compara a isso. Espero que seja mais uma miss\u00e3o de muito sucesso, muitas medalhas e muitas hist\u00f3rias para contar do nosso esporte brasileiro, em especial com as mulheres. Que a gente continue conquistando espa\u00e7o, quebrando barreiras e sempre trazendo nossa vibe brasileira, que isso ningu\u00e9m tem\u201d, falou Luisa.<\/p>\n<p>Ga\u00facho de Canoas, Fernando Scheffer tem 25 anos e come\u00e7ou a nadar ainda crian\u00e7a para n\u00e3o ficar sozinho em casa. Em 2018, integrou o revezamento 4x200m livre que bateu o recorde mundial de piscina curta e levou o ouro no Mundial de Hangzhou (China). No ano seguinte, conquistou duas medalhas douradas e uma de prata nos Jogos Pan-americanos Lima 2019. Embalado por esses resultados, ele chegou a T\u00f3quio 2020 para fechar o ciclo ol\u00edmpico com a medalha de bronze nos 200m livre, com direito a quebra de recorde sul-americano.<\/p>\n<p>\u201cFiquei muito feliz de ser o porta-bandeiras. Estive nos Jogos Pan-americanos em Lima, fui campe\u00e3o, fui para T\u00f3quio em 2021, conquistei a medalha de bronze, agora vou para meu segundo Jogos Pan-americanos e recebi essa honra de carregar a bandeira nesse desfile. \u00c9 muita alegria muito grande\u201d, disse Scheffer.<\/p>\n<p>E mesmo antes da Cerim\u00f4nia de Abertura, o Brasil j\u00e1 entra em campo para as primeiras disputas dos Jogos Pan-americanos. Nesta quinta-feira, 19, a modalidade que abre as competi\u00e7\u00f5es para o pa\u00eds \u00e9 o boxe, por volta das 11h. \u00c0 tarde, \u00e0s 15h, a sele\u00e7\u00e3o de beisebol enfrenta a Venezuela.<\/p>\n","protected":false},"excerpt":{"rendered":"<p>Press release publicado pelo Comit\u00ea Ol\u00edmpico do Brasil:\u00a0 O Comit\u00ea Ol\u00edmpico do Brasil (COB) anunciou nesta quarta-feira, 18, os porta-bandeiras da delega\u00e7\u00e3o brasileira na Cerim\u00f4nia de Abertura dos Jogos Pan-americanos Santiago 2023. Medalhistas ol\u00edmpicos em T\u00f3quio, Fernando Scheffer, da nata\u00e7\u00e3o, e Luisa Stefani, do t\u00eanis, ter\u00e3o a honra de carregar a bandeira nacional na inaugura\u00e7\u00e3o [&hellip;]<\/p>\n","protected":false},"author":12,"featured_media":60950,"comment_status":"open","ping_status":"open","sticky":false,"template":"","format":"standard","meta":{"footnotes":""},"categories":[57],"tags":[1264,26,5567,5],"class_list":["post-60949","post","type-post","status-publish","format-standard","has-post-thumbnail","hentry","category-jogos-pan-americanos","tag-fernando-scheffer","tag-jogos-pan-americanos","tag-luisa-stefani","tag-natacao"],"yoast_head":"<!-- This site is optimized with the Yoast SEO plugin v27.0 - https:\/\/yoast.com\/product\/yoast-seo-wordpress\/ -->\n<title>Fernando Scheffer e a tenista Luisa Stefani apontados como Porta-Bandeira do Brasil em Santiago - Swimchannel<\/title>\n<meta name=\"robots\" content=\"index, follow, max-snippet:-1, max-image-preview:large, max-video-preview:-1\" \/>\n<link rel=\"canonical\" href=\"https:\/\/swimchannel.net\/br\/fernando-scheffer-e-a-tenista-luisa-stefani-apontados-como-porta-bandeira-do-brasil-em-santiago\/\" \/>\n<meta property=\"og:locale\" content=\"pt_BR\" \/>\n<meta property=\"og:type\" content=\"article\" \/>\n<meta property=\"og:title\" content=\"Fernando Scheffer e a tenista Luisa Stefani apontados como Porta-Bandeira do Brasil em Santiago - Swimchannel\" \/>\n<meta property=\"og:description\" content=\"Press release publicado pelo Comit\u00ea Ol\u00edmpico do Brasil:\u00a0 O Comit\u00ea Ol\u00edmpico do Brasil (COB) anunciou nesta quarta-feira, 18, os porta-bandeiras da delega\u00e7\u00e3o brasileira na Cerim\u00f4nia de Abertura dos Jogos Pan-americanos Santiago 2023. Medalhistas ol\u00edmpicos em T\u00f3quio, Fernando Scheffer, da nata\u00e7\u00e3o, e Luisa Stefani, do t\u00eanis, ter\u00e3o a honra de carregar a bandeira nacional na inaugura\u00e7\u00e3o [&hellip;]\" \/>\n<meta property=\"og:url\" content=\"https:\/\/swimchannel.net\/br\/fernando-scheffer-e-a-tenista-luisa-stefani-apontados-como-porta-bandeira-do-brasil-em-santiago\/\" \/>\n<meta property=\"og:site_name\" content=\"Swimchannel\" \/>\n<meta property=\"article:publisher\" content=\"https:\/\/www.facebook.com\/swimchannel\" \/>\n<meta property=\"article:published_time\" content=\"2023-10-19T00:00:05+00:00\" \/>\n<meta property=\"article:modified_time\" content=\"2023-10-19T13:55:53+00:00\" \/>\n<meta property=\"og:image\" content=\"https:\/\/swimchannel.net\/br\/wp-content\/uploads\/2023\/10\/WhatsApp-Image-2023-10-18-at-11.28.39-AM-1030x465-1.jpeg\" \/>\n\t<meta property=\"og:image:width\" content=\"1030\" \/>\n\t<meta property=\"og:image:height\" content=\"465\" \/>\n\t<meta property=\"og:image:type\" content=\"image\/jpeg\" \/>\n<meta name=\"author\" content=\"Alex Pussieldi\" \/>\n<meta name=\"twitter:card\" content=\"summary_large_image\" \/>\n<meta name=\"twitter:label1\" content=\"Escrito por\" \/>\n\t<meta name=\"twitter:data1\" content=\"Alex Pussieldi\" \/>\n\t<meta name=\"twitter:label2\" content=\"Est. tempo de leitura\" \/>\n\t<meta name=\"twitter:data2\" content=\"3 minutos\" \/>\n<script type=\"application\/ld+json\" class=\"yoast-schema-graph\">{\"@context\":\"https:\/\/schema.org\",\"@graph\":[{\"@type\":\"Article\",\"@id\":\"https:\/\/swimchannel.net\/br\/fernando-scheffer-e-a-tenista-luisa-stefani-apontados-como-porta-bandeira-do-brasil-em-santiago\/#article\",\"isPartOf\":{\"@id\":\"https:\/\/swimchannel.net\/br\/fernando-scheffer-e-a-tenista-luisa-stefani-apontados-como-porta-bandeira-do-brasil-em-santiago\/\"},\"author\":{\"name\":\"Alex Pussieldi\",\"@id\":\"https:\/\/swimchannel.net\/br\/#\/schema\/person\/cf549cb99cf75592fcf7c76213385e63\"},\"headline\":\"Fernando Scheffer e a tenista Luisa Stefani apontados como Porta-Bandeira do Brasil em Santiago\",\"datePublished\":\"2023-10-19T00:00:05+00:00\",\"dateModified\":\"2023-10-19T13:55:53+00:00\",\"mainEntityOfPage\":{\"@id\":\"https:\/\/swimchannel.net\/br\/fernando-scheffer-e-a-tenista-luisa-stefani-apontados-como-porta-bandeira-do-brasil-em-santiago\/\"},\"wordCount\":643,\"commentCount\":0,\"publisher\":{\"@id\":\"https:\/\/swimchannel.net\/br\/#organization\"},\"image\":{\"@id\":\"https:\/\/swimchannel.net\/br\/fernando-scheffer-e-a-tenista-luisa-stefani-apontados-como-porta-bandeira-do-brasil-em-santiago\/#primaryimage\"},\"thumbnailUrl\":\"https:\/\/swimchannel.net\/br\/wp-content\/uploads\/2023\/10\/WhatsApp-Image-2023-10-18-at-11.28.39-AM-1030x465-1.jpeg\",\"keywords\":[\"Fernando Scheffer\",\"Jogos Pan-Americanos\",\"Luisa Stefani\",\"natacao\"],\"articleSection\":[\"Jogos Pan-Americanos\"],\"inLanguage\":\"pt-BR\",\"potentialAction\":[{\"@type\":\"CommentAction\",\"name\":\"Comment\",\"target\":[\"https:\/\/swimchannel.net\/br\/fernando-scheffer-e-a-tenista-luisa-stefani-apontados-como-porta-bandeira-do-brasil-em-santiago\/#respond\"]}]},{\"@type\":\"WebPage\",\"@id\":\"https:\/\/swimchannel.net\/br\/fernando-scheffer-e-a-tenista-luisa-stefani-apontados-como-porta-bandeira-do-brasil-em-santiago\/\",\"url\":\"https:\/\/swimchannel.net\/br\/fernando-scheffer-e-a-tenista-luisa-stefani-apontados-como-porta-bandeira-do-brasil-em-santiago\/\",\"name\":\"Fernando Scheffer e a tenista Luisa Stefani apontados como Porta-Bandeira do Brasil em Santiago - Swimchannel\",\"isPartOf\":{\"@id\":\"https:\/\/swimchannel.net\/br\/#website\"},\"primaryImageOfPage\":{\"@id\":\"https:\/\/swimchannel.net\/br\/fernando-scheffer-e-a-tenista-luisa-stefani-apontados-como-porta-bandeira-do-brasil-em-santiago\/#primaryimage\"},\"image\":{\"@id\":\"https:\/\/swimchannel.net\/br\/fernando-scheffer-e-a-tenista-luisa-stefani-apontados-como-porta-bandeira-do-brasil-em-santiago\/#primaryimage\"},\"thumbnailUrl\":\"https:\/\/swimchannel.net\/br\/wp-content\/uploads\/2023\/10\/WhatsApp-Image-2023-10-18-at-11.28.39-AM-1030x465-1.jpeg\",\"datePublished\":\"2023-10-19T00:00:05+00:00\",\"dateModified\":\"2023-10-19T13:55:53+00:00\",\"breadcrumb\":{\"@id\":\"https:\/\/swimchannel.net\/br\/fernando-scheffer-e-a-tenista-luisa-stefani-apontados-como-porta-bandeira-do-brasil-em-santiago\/#breadcrumb\"},\"inLanguage\":\"pt-BR\",\"potentialAction\":[{\"@type\":\"ReadAction\",\"target\":[\"https:\/\/swimchannel.net\/br\/fernando-scheffer-e-a-tenista-luisa-stefani-apontados-como-porta-bandeira-do-brasil-em-santiago\/\"]}]},{\"@type\":\"ImageObject\",\"inLanguage\":\"pt-BR\",\"@id\":\"https:\/\/swimchannel.net\/br\/fernando-scheffer-e-a-tenista-luisa-stefani-apontados-como-porta-bandeira-do-brasil-em-santiago\/#primaryimage\",\"url\":\"https:\/\/swimchannel.net\/br\/wp-content\/uploads\/2023\/10\/WhatsApp-Image-2023-10-18-at-11.28.39-AM-1030x465-1.jpeg\",\"contentUrl\":\"https:\/\/swimchannel.net\/br\/wp-content\/uploads\/2023\/10\/WhatsApp-Image-2023-10-18-at-11.28.39-AM-1030x465-1.jpeg\",\"width\":1030,\"height\":465},{\"@type\":\"BreadcrumbList\",\"@id\":\"https:\/\/swimchannel.net\/br\/fernando-scheffer-e-a-tenista-luisa-stefani-apontados-como-porta-bandeira-do-brasil-em-santiago\/#breadcrumb\",\"itemListElement\":[{\"@type\":\"ListItem\",\"position\":1,\"name\":\"Home\",\"item\":\"https:\/\/swimchannel.net\/br\/\"},{\"@type\":\"ListItem\",\"position\":2,\"name\":\"Fernando Scheffer e a tenista Luisa Stefani apontados como Porta-Bandeira do Brasil em Santiago\"}]},{\"@type\":\"WebSite\",\"@id\":\"https:\/\/swimchannel.net\/br\/#website\",\"url\":\"https:\/\/swimchannel.net\/br\/\",\"name\":\"Swimchannel\",\"description\":\"Maior portal de nata\u00e7\u00e3o da america latina\",\"publisher\":{\"@id\":\"https:\/\/swimchannel.net\/br\/#organization\"},\"potentialAction\":[{\"@type\":\"SearchAction\",\"target\":{\"@type\":\"EntryPoint\",\"urlTemplate\":\"https:\/\/swimchannel.net\/br\/?s={search_term_string}\"},\"query-input\":{\"@type\":\"PropertyValueSpecification\",\"valueRequired\":true,\"valueName\":\"search_term_string\"}}],\"inLanguage\":\"pt-BR\"},{\"@type\":\"Organization\",\"@id\":\"https:\/\/swimchannel.net\/br\/#organization\",\"name\":\"Swimchannel - Conectando voc\u00ea a Nata\u00e7\u00e3o\",\"url\":\"https:\/\/swimchannel.net\/br\/\",\"logo\":{\"@type\":\"ImageObject\",\"inLanguage\":\"pt-BR\",\"@id\":\"https:\/\/swimchannel.net\/br\/#\/schema\/logo\/image\/\",\"url\":\"https:\/\/swimchannel.net\/br\/wp-content\/uploads\/2026\/02\/SWIM-CHANNEL.png\",\"contentUrl\":\"https:\/\/swimchannel.net\/br\/wp-content\/uploads\/2026\/02\/SWIM-CHANNEL.png\",\"width\":1120,\"height\":630,\"caption\":\"Swimchannel - Conectando voc\u00ea a Nata\u00e7\u00e3o\"},\"image\":{\"@id\":\"https:\/\/swimchannel.net\/br\/#\/schema\/logo\/image\/\"},\"sameAs\":[\"https:\/\/www.facebook.com\/swimchannel\",\"https:\/\/www.instagram.com\/swimchannel\"]},{\"@type\":\"Person\",\"@id\":\"https:\/\/swimchannel.net\/br\/#\/schema\/person\/cf549cb99cf75592fcf7c76213385e63\",\"name\":\"Alex Pussieldi\",\"image\":{\"@type\":\"ImageObject\",\"inLanguage\":\"pt-BR\",\"@id\":\"https:\/\/swimchannel.net\/br\/#\/schema\/person\/image\/\",\"url\":\"https:\/\/swimchannel.net\/br\/wp-content\/uploads\/2021\/02\/9b1c252d-a4bd-4eda-b399-24565cac4114-100x100.jpg\",\"contentUrl\":\"https:\/\/swimchannel.net\/br\/wp-content\/uploads\/2021\/02\/9b1c252d-a4bd-4eda-b399-24565cac4114-100x100.jpg\",\"caption\":\"Alex Pussieldi\"},\"description\":\"Alexandre Pussieldi, apelidado de \u201ccoach\u201d, Foi t\u00e9cnico da sele\u00e7\u00e3o verde e amarela nas Olimp\u00edadas de Pequim-2008 e Londres-2012. O treinador ainda comandou outros quatro pa\u00edses: Kuwait, Paraguai, Aruba e Antilhas Holandesas, al\u00e9m da sele\u00e7\u00e3o americana de \u00e1guas abertas. Pussieldi tem passagens como comentarista de nata\u00e7\u00e3o do Grupo Globo e Swim Channel.\",\"url\":\"https:\/\/swimchannel.net\/br\/author\/alexpussieldi\/\"}]}<\/script>\n<!-- \/ Yoast SEO plugin. -->","yoast_head_json":{"title":"Fernando Scheffer e a tenista Luisa Stefani apontados como Porta-Bandeira do Brasil em Santiago - Swimchannel","robots":{"index":"index","follow":"follow","max-snippet":"max-snippet:-1","max-image-preview":"max-image-preview:large","max-video-preview":"max-video-preview:-1"},"canonical":"https:\/\/swimchannel.net\/br\/fernando-scheffer-e-a-tenista-luisa-stefani-apontados-como-porta-bandeira-do-brasil-em-santiago\/","og_locale":"pt_BR","og_type":"article","og_title":"Fernando Scheffer e a tenista Luisa Stefani apontados como Porta-Bandeira do Brasil em Santiago - Swimchannel","og_description":"Press release publicado pelo Comit\u00ea Ol\u00edmpico do Brasil:\u00a0 O Comit\u00ea Ol\u00edmpico do Brasil (COB) anunciou nesta quarta-feira, 18, os porta-bandeiras da delega\u00e7\u00e3o brasileira na Cerim\u00f4nia de Abertura dos Jogos Pan-americanos Santiago 2023. Medalhistas ol\u00edmpicos em T\u00f3quio, Fernando Scheffer, da nata\u00e7\u00e3o, e Luisa Stefani, do t\u00eanis, ter\u00e3o a honra de carregar a bandeira nacional na inaugura\u00e7\u00e3o [&hellip;]","og_url":"https:\/\/swimchannel.net\/br\/fernando-scheffer-e-a-tenista-luisa-stefani-apontados-como-porta-bandeira-do-brasil-em-santiago\/","og_site_name":"Swimchannel","article_publisher":"https:\/\/www.facebook.com\/swimchannel","article_published_time":"2023-10-19T00:00:05+00:00","article_modified_time":"2023-10-19T13:55:53+00:00","og_image":[{"width":1030,"height":465,"url":"https:\/\/swimchannel.net\/br\/wp-content\/uploads\/2023\/10\/WhatsApp-Image-2023-10-18-at-11.28.39-AM-1030x465-1.jpeg","type":"image\/jpeg"}],"author":"Alex Pussieldi","twitter_card":"summary_large_image","twitter_misc":{"Escrito por":"Alex Pussieldi","Est. tempo de leitura":"3 minutos"},"schema":{"@context":"https:\/\/schema.org","@graph":[{"@type":"Article","@id":"https:\/\/swimchannel.net\/br\/fernando-scheffer-e-a-tenista-luisa-stefani-apontados-como-porta-bandeira-do-brasil-em-santiago\/#article","isPartOf":{"@id":"https:\/\/swimchannel.net\/br\/fernando-scheffer-e-a-tenista-luisa-stefani-apontados-como-porta-bandeira-do-brasil-em-santiago\/"},"author":{"name":"Alex Pussieldi","@id":"https:\/\/swimchannel.net\/br\/#\/schema\/person\/cf549cb99cf75592fcf7c76213385e63"},"headline":"Fernando Scheffer e a tenista Luisa Stefani apontados como Porta-Bandeira do Brasil em Santiago","datePublished":"2023-10-19T00:00:05+00:00","dateModified":"2023-10-19T13:55:53+00:00","mainEntityOfPage":{"@id":"https:\/\/swimchannel.net\/br\/fernando-scheffer-e-a-tenista-luisa-stefani-apontados-como-porta-bandeira-do-brasil-em-santiago\/"},"wordCount":643,"commentCount":0,"publisher":{"@id":"https:\/\/swimchannel.net\/br\/#organization"},"image":{"@id":"https:\/\/swimchannel.net\/br\/fernando-scheffer-e-a-tenista-luisa-stefani-apontados-como-porta-bandeira-do-brasil-em-santiago\/#primaryimage"},"thumbnailUrl":"https:\/\/swimchannel.net\/br\/wp-content\/uploads\/2023\/10\/WhatsApp-Image-2023-10-18-at-11.28.39-AM-1030x465-1.jpeg","keywords":["Fernando Scheffer","Jogos Pan-Americanos","Luisa Stefani","natacao"],"articleSection":["Jogos Pan-Americanos"],"inLanguage":"pt-BR","potentialAction":[{"@type":"CommentAction","name":"Comment","target":["https:\/\/swimchannel.net\/br\/fernando-scheffer-e-a-tenista-luisa-stefani-apontados-como-porta-bandeira-do-brasil-em-santiago\/#respond"]}]},{"@type":"WebPage","@id":"https:\/\/swimchannel.net\/br\/fernando-scheffer-e-a-tenista-luisa-stefani-apontados-como-porta-bandeira-do-brasil-em-santiago\/","url":"https:\/\/swimchannel.net\/br\/fernando-scheffer-e-a-tenista-luisa-stefani-apontados-como-porta-bandeira-do-brasil-em-santiago\/","name":"Fernando Scheffer e a tenista Luisa Stefani apontados como Porta-Bandeira do Brasil em Santiago - Swimchannel","isPartOf":{"@id":"https:\/\/swimchannel.net\/br\/#website"},"primaryImageOfPage":{"@id":"https:\/\/swimchannel.net\/br\/fernando-scheffer-e-a-tenista-luisa-stefani-apontados-como-porta-bandeira-do-brasil-em-santiago\/#primaryimage"},"image":{"@id":"https:\/\/swimchannel.net\/br\/fernando-scheffer-e-a-tenista-luisa-stefani-apontados-como-porta-bandeira-do-brasil-em-santiago\/#primaryimage"},"thumbnailUrl":"https:\/\/swimchannel.net\/br\/wp-content\/uploads\/2023\/10\/WhatsApp-Image-2023-10-18-at-11.28.39-AM-1030x465-1.jpeg","datePublished":"2023-10-19T00:00:05+00:00","dateModified":"2023-10-19T13:55:53+00:00","breadcrumb":{"@id":"https:\/\/swimchannel.net\/br\/fernando-scheffer-e-a-tenista-luisa-stefani-apontados-como-porta-bandeira-do-brasil-em-santiago\/#breadcrumb"},"inLanguage":"pt-BR","potentialAction":[{"@type":"ReadAction","target":["https:\/\/swimchannel.net\/br\/fernando-scheffer-e-a-tenista-luisa-stefani-apontados-como-porta-bandeira-do-brasil-em-santiago\/"]}]},{"@type":"ImageObject","inLanguage":"pt-BR","@id":"https:\/\/swimchannel.net\/br\/fernando-scheffer-e-a-tenista-luisa-stefani-apontados-como-porta-bandeira-do-brasil-em-santiago\/#primaryimage","url":"https:\/\/swimchannel.net\/br\/wp-content\/uploads\/2023\/10\/WhatsApp-Image-2023-10-18-at-11.28.39-AM-1030x465-1.jpeg","contentUrl":"https:\/\/swimchannel.net\/br\/wp-content\/uploads\/2023\/10\/WhatsApp-Image-2023-10-18-at-11.28.39-AM-1030x465-1.jpeg","width":1030,"height":465},{"@type":"BreadcrumbList","@id":"https:\/\/swimchannel.net\/br\/fernando-scheffer-e-a-tenista-luisa-stefani-apontados-como-porta-bandeira-do-brasil-em-santiago\/#breadcrumb","itemListElement":[{"@type":"ListItem","position":1,"name":"Home","item":"https:\/\/swimchannel.net\/br\/"},{"@type":"ListItem","position":2,"name":"Fernando Scheffer e a tenista Luisa Stefani apontados como Porta-Bandeira do Brasil em Santiago"}]},{"@type":"WebSite","@id":"https:\/\/swimchannel.net\/br\/#website","url":"https:\/\/swimchannel.net\/br\/","name":"Swimchannel","description":"Maior portal de nata\u00e7\u00e3o da america latina","publisher":{"@id":"https:\/\/swimchannel.net\/br\/#organization"},"potentialAction":[{"@type":"SearchAction","target":{"@type":"EntryPoint","urlTemplate":"https:\/\/swimchannel.net\/br\/?s={search_term_string}"},"query-input":{"@type":"PropertyValueSpecification","valueRequired":true,"valueName":"search_term_string"}}],"inLanguage":"pt-BR"},{"@type":"Organization","@id":"https:\/\/swimchannel.net\/br\/#organization","name":"Swimchannel - Conectando voc\u00ea a Nata\u00e7\u00e3o","url":"https:\/\/swimchannel.net\/br\/","logo":{"@type":"ImageObject","inLanguage":"pt-BR","@id":"https:\/\/swimchannel.net\/br\/#\/schema\/logo\/image\/","url":"https:\/\/swimchannel.net\/br\/wp-content\/uploads\/2026\/02\/SWIM-CHANNEL.png","contentUrl":"https:\/\/swimchannel.net\/br\/wp-content\/uploads\/2026\/02\/SWIM-CHANNEL.png","width":1120,"height":630,"caption":"Swimchannel - Conectando voc\u00ea a Nata\u00e7\u00e3o"},"image":{"@id":"https:\/\/swimchannel.net\/br\/#\/schema\/logo\/image\/"},"sameAs":["https:\/\/www.facebook.com\/swimchannel","https:\/\/www.instagram.com\/swimchannel"]},{"@type":"Person","@id":"https:\/\/swimchannel.net\/br\/#\/schema\/person\/cf549cb99cf75592fcf7c76213385e63","name":"Alex Pussieldi","image":{"@type":"ImageObject","inLanguage":"pt-BR","@id":"https:\/\/swimchannel.net\/br\/#\/schema\/person\/image\/","url":"https:\/\/swimchannel.net\/br\/wp-content\/uploads\/2021\/02\/9b1c252d-a4bd-4eda-b399-24565cac4114-100x100.jpg","contentUrl":"https:\/\/swimchannel.net\/br\/wp-content\/uploads\/2021\/02\/9b1c252d-a4bd-4eda-b399-24565cac4114-100x100.jpg","caption":"Alex Pussieldi"},"description":"Alexandre Pussieldi, apelidado de \u201ccoach\u201d, Foi t\u00e9cnico da sele\u00e7\u00e3o verde e amarela nas Olimp\u00edadas de Pequim-2008 e Londres-2012. O treinador ainda comandou outros quatro pa\u00edses: Kuwait, Paraguai, Aruba e Antilhas Holandesas, al\u00e9m da sele\u00e7\u00e3o americana de \u00e1guas abertas. Pussieldi tem passagens como comentarista de nata\u00e7\u00e3o do Grupo Globo e Swim Channel.","url":"https:\/\/swimchannel.net\/br\/author\/alexpussieldi\/"}]}},"_links":{"self":[{"href":"https:\/\/swimchannel.net\/br\/wp-json\/wp\/v2\/posts\/60949","targetHints":{"allow":["GET"]}}],"collection":[{"href":"https:\/\/swimchannel.net\/br\/wp-json\/wp\/v2\/posts"}],"about":[{"href":"https:\/\/swimchannel.net\/br\/wp-json\/wp\/v2\/types\/post"}],"author":[{"embeddable":true,"href":"https:\/\/swimchannel.net\/br\/wp-json\/wp\/v2\/users\/12"}],"replies":[{"embeddable":true,"href":"https:\/\/swimchannel.net\/br\/wp-json\/wp\/v2\/comments?post=60949"}],"version-history":[{"count":1,"href":"https:\/\/swimchannel.net\/br\/wp-json\/wp\/v2\/posts\/60949\/revisions"}],"predecessor-version":[{"id":60951,"href":"https:\/\/swimchannel.net\/br\/wp-json\/wp\/v2\/posts\/60949\/revisions\/60951"}],"wp:featuredmedia":[{"embeddable":true,"href":"https:\/\/swimchannel.net\/br\/wp-json\/wp\/v2\/media\/60950"}],"wp:attachment":[{"href":"https:\/\/swimchannel.net\/br\/wp-json\/wp\/v2\/media?parent=60949"}],"wp:term":[{"taxonomy":"category","embeddable":true,"href":"https:\/\/swimchannel.net\/br\/wp-json\/wp\/v2\/categories?post=60949"},{"taxonomy":"post_tag","embeddable":true,"href":"https:\/\/swimchannel.net\/br\/wp-json\/wp\/v2\/tags?post=60949"}],"curies":[{"name":"wp","href":"https:\/\/api.w.org\/{rel}","templated":true}]}}