{"id":61775,"date":"2023-11-06T11:00:55","date_gmt":"2023-11-06T14:00:55","guid":{"rendered":"https:\/\/swimchannel.net\/br\/?p=61775"},"modified":"2023-11-06T12:54:56","modified_gmt":"2023-11-06T15:54:56","slug":"seletiva-olimpica-sera-na-piscina-da-unifa","status":"publish","type":"post","link":"https:\/\/swimchannel.net\/br\/seletiva-olimpica-sera-na-piscina-da-unifa\/","title":{"rendered":"Seletiva ol\u00edmpica ser\u00e1 na piscina da UNIFA"},"content":{"rendered":"<p>Quinta-feira, no intervalo entre eliminat\u00f3rias e finais do Trof\u00e9u Jos\u00e9 Finkel em S\u00e3o Paulo, a CBDA reuniu o Conselho T\u00e9cnico de Alto Rendimento e decidiu mudar data, local e crit\u00e9rios de participa\u00e7\u00e3o da Seletiva Ol\u00edmpica do Brasil para Paris 2024. O grupo que tem car\u00e1ter consultivo de acordo com o estatuto da entidade recebeu o aval da diretoria da CBDA que vai encaminhar a proposta por completo para a competi\u00e7\u00e3o que ir\u00e1 definir a Sele\u00e7\u00e3o Brasileira para os Jogos Ol\u00edmpicos do pr\u00f3ximo ano.<\/p>\n<p>Inicialmente marcada para 30 de abril a 4 de maio na piscina do Centro Paral\u00edmpico, em S\u00e3o Paulo, a Seletiva Ol\u00edmpica agora acontece no Rio de Janeiro, na piscina da UNIFA, no Campo dos Afonsos, de 6 a 11 de maio. O pedido dos treinadores para que o evento fosse realizado em piscina coberta e ao n\u00edvel do mar para atender a demanda dos fortes \u00edndices estabelecidos pela World Aquatics para os Jogos de Paris.<\/p>\n<figure id=\"attachment_55104\" aria-describedby=\"caption-attachment-55104\" style=\"width: 945px\" class=\"wp-caption alignnone\"><img loading=\"lazy\" decoding=\"async\" class=\"size-full wp-image-55104\" src=\"https:\/\/swimchannel.net\/br\/wp-content\/uploads\/2023\/01\/52e69c36-5496-42af-b4df-5541987a9fcf.jpeg\" alt=\"\" width=\"945\" height=\"630\" srcset=\"https:\/\/swimchannel.net\/br\/wp-content\/uploads\/2023\/01\/52e69c36-5496-42af-b4df-5541987a9fcf.jpeg 945w, https:\/\/swimchannel.net\/br\/wp-content\/uploads\/2023\/01\/52e69c36-5496-42af-b4df-5541987a9fcf-270x180.jpeg 270w, https:\/\/swimchannel.net\/br\/wp-content\/uploads\/2023\/01\/52e69c36-5496-42af-b4df-5541987a9fcf-768x512.jpeg 768w, https:\/\/swimchannel.net\/br\/wp-content\/uploads\/2023\/01\/52e69c36-5496-42af-b4df-5541987a9fcf-750x500.jpeg 750w\" sizes=\"auto, (max-width: 945px) 100vw, 945px\" \/><figcaption id=\"caption-attachment-55104\" class=\"wp-caption-text\">Vista da piscina da UNIFA &#8211; Foto: Rede do Esporte\/Gov.br<\/figcaption><\/figure>\n<p>A competi\u00e7\u00e3o vai incorporar a disputa do Trof\u00e9u Brasil, assim o evento de seis dias ter\u00e1 contagem de pontos, disputas de finais A e B, sem as provas de revezamento e as provas n\u00e3o ol\u00edmpicas.\u00a0A disputa do Trof\u00e9u Brasil atende a uma demanda dos pr\u00f3prios clubes, interessados na apresenta\u00e7\u00e3o de suas equipes, disputas pelos t\u00edtulos e coloca\u00e7\u00f5es do calend\u00e1rio nacional.<\/p>\n<p>Legado ol\u00edmpico do Rio 2016, o complexo aqu\u00e1tico da UNIFA j\u00e1 foi sede do Trof\u00e9u Open e Julio de Lamare de 2017, al\u00e9m o Campeonato Mundial Militar daquele ano. Mais recentemente, o local foi sede dos Jogos Mundiais Escolares Sub15. A piscina interna de 50 metros, marca Myrtha com blocos de partida e raias anti-marolas da melhor qualidade, al\u00e9m de completo sistema de cronometragem eletr\u00f4nica.<\/p>\n<figure id=\"attachment_61776\" aria-describedby=\"caption-attachment-61776\" style=\"width: 839px\" class=\"wp-caption alignnone\"><img loading=\"lazy\" decoding=\"async\" class=\"size-full wp-image-61776\" src=\"https:\/\/swimchannel.net\/br\/wp-content\/uploads\/2023\/11\/file-92-1030x773-1.jpeg\" alt=\"\" width=\"839\" height=\"630\" srcset=\"https:\/\/swimchannel.net\/br\/wp-content\/uploads\/2023\/11\/file-92-1030x773-1.jpeg 839w, https:\/\/swimchannel.net\/br\/wp-content\/uploads\/2023\/11\/file-92-1030x773-1-240x180.jpeg 240w, https:\/\/swimchannel.net\/br\/wp-content\/uploads\/2023\/11\/file-92-1030x773-1-768x577.jpeg 768w, https:\/\/swimchannel.net\/br\/wp-content\/uploads\/2023\/11\/file-92-1030x773-1-750x563.jpeg 750w\" sizes=\"auto, (max-width: 839px) 100vw, 839px\" \/><figcaption id=\"caption-attachment-61776\" class=\"wp-caption-text\">Vista da piscina da Unifa &#8211; Foto: Reprodu\u00e7\u00e3o<\/figcaption><\/figure>\n<p>Dois fatores a serem considerados e que merecem aten\u00e7\u00e3o \u00e9 a temperatura da \u00e1gua pois j\u00e1 tivemos o cancelamento dos Jogos Escolares Brasileiros de 2022 que aconteceria no local. Al\u00e9m da piscina externa de aquecimento e soltura, que n\u00e3o \u00e9 aquecida. Segundo dirigentes da CBDA ambas situa\u00e7\u00f5es ser\u00e3o discutidas com a UNIFA e com o Comit\u00ea Ol\u00edmpico do Brasil para que sejam oferecidas as melhores condi\u00e7\u00f5es poss\u00edveis aos atletas.<\/p>\n<p>O programa de provas e o regulamento da Seletiva Ol\u00edmpica deve ser publicado em breve pela CBDA.<\/p>\n","protected":false},"excerpt":{"rendered":"<p>Conselho t\u00e9cnico de alto rendimento pede e CBDA muda palco da competi\u00e7\u00e3o para a cidade do Rio de Janeiro<\/p>\n","protected":false},"author":12,"featured_media":55104,"comment_status":"open","ping_status":"open","sticky":false,"template":"","format":"gallery","meta":{"footnotes":""},"categories":[195],"tags":[194,183,5,952,232],"class_list":["post-61775","post","type-post","status-publish","format-gallery","has-post-thumbnail","hentry","category-jogos-olimpicos","tag-cbda","tag-jogos-olimpicos","tag-natacao","tag-paris-2024","tag-seletiva-olimpica","post_format-post-format-gallery"],"yoast_head":"<!-- This site is optimized with the Yoast SEO plugin v27.0 - https:\/\/yoast.com\/product\/yoast-seo-wordpress\/ -->\n<title>Seletiva ol\u00edmpica ser\u00e1 na piscina da UNIFA - Swimchannel<\/title>\n<meta name=\"robots\" content=\"index, follow, max-snippet:-1, max-image-preview:large, max-video-preview:-1\" \/>\n<link rel=\"canonical\" href=\"https:\/\/swimchannel.net\/br\/seletiva-olimpica-sera-na-piscina-da-unifa\/\" \/>\n<meta property=\"og:locale\" content=\"pt_BR\" \/>\n<meta property=\"og:type\" content=\"article\" \/>\n<meta property=\"og:title\" content=\"Seletiva ol\u00edmpica ser\u00e1 na piscina da UNIFA - Swimchannel\" \/>\n<meta property=\"og:description\" content=\"Conselho t\u00e9cnico de alto rendimento pede e CBDA muda palco da competi\u00e7\u00e3o para a cidade do Rio de Janeiro\" \/>\n<meta property=\"og:url\" content=\"https:\/\/swimchannel.net\/br\/seletiva-olimpica-sera-na-piscina-da-unifa\/\" \/>\n<meta property=\"og:site_name\" content=\"Swimchannel\" \/>\n<meta property=\"article:publisher\" content=\"https:\/\/www.facebook.com\/swimchannel\" \/>\n<meta property=\"article:published_time\" content=\"2023-11-06T14:00:55+00:00\" \/>\n<meta property=\"article:modified_time\" content=\"2023-11-06T15:54:56+00:00\" \/>\n<meta property=\"og:image\" content=\"https:\/\/swimchannel.net\/br\/wp-content\/uploads\/2023\/01\/52e69c36-5496-42af-b4df-5541987a9fcf.jpeg\" \/>\n\t<meta property=\"og:image:width\" content=\"945\" \/>\n\t<meta property=\"og:image:height\" content=\"630\" \/>\n\t<meta property=\"og:image:type\" content=\"image\/jpeg\" \/>\n<meta name=\"author\" content=\"Alex Pussieldi\" \/>\n<meta name=\"twitter:card\" content=\"summary_large_image\" \/>\n<meta name=\"twitter:label1\" content=\"Escrito por\" \/>\n\t<meta name=\"twitter:data1\" content=\"Alex Pussieldi\" \/>\n\t<meta name=\"twitter:label2\" content=\"Est. tempo de leitura\" \/>\n\t<meta name=\"twitter:data2\" content=\"2 minutos\" \/>\n<script type=\"application\/ld+json\" class=\"yoast-schema-graph\">{\"@context\":\"https:\/\/schema.org\",\"@graph\":[{\"@type\":\"Article\",\"@id\":\"https:\/\/swimchannel.net\/br\/seletiva-olimpica-sera-na-piscina-da-unifa\/#article\",\"isPartOf\":{\"@id\":\"https:\/\/swimchannel.net\/br\/seletiva-olimpica-sera-na-piscina-da-unifa\/\"},\"author\":{\"name\":\"Alex Pussieldi\",\"@id\":\"https:\/\/swimchannel.net\/br\/#\/schema\/person\/cf549cb99cf75592fcf7c76213385e63\"},\"headline\":\"Seletiva ol\u00edmpica ser\u00e1 na piscina da UNIFA\",\"datePublished\":\"2023-11-06T14:00:55+00:00\",\"dateModified\":\"2023-11-06T15:54:56+00:00\",\"mainEntityOfPage\":{\"@id\":\"https:\/\/swimchannel.net\/br\/seletiva-olimpica-sera-na-piscina-da-unifa\/\"},\"wordCount\":443,\"commentCount\":0,\"publisher\":{\"@id\":\"https:\/\/swimchannel.net\/br\/#organization\"},\"image\":{\"@id\":\"https:\/\/swimchannel.net\/br\/seletiva-olimpica-sera-na-piscina-da-unifa\/#primaryimage\"},\"thumbnailUrl\":\"https:\/\/swimchannel.net\/br\/wp-content\/uploads\/2023\/01\/52e69c36-5496-42af-b4df-5541987a9fcf.jpeg\",\"keywords\":[\"CBDA\",\"Jogos Ol\u00edmpicos\",\"natacao\",\"Paris-2024\",\"seletiva ol\u00edmpica\"],\"articleSection\":[\"Jogos Ol\u00edmpicos\"],\"inLanguage\":\"pt-BR\",\"potentialAction\":[{\"@type\":\"CommentAction\",\"name\":\"Comment\",\"target\":[\"https:\/\/swimchannel.net\/br\/seletiva-olimpica-sera-na-piscina-da-unifa\/#respond\"]}]},{\"@type\":\"WebPage\",\"@id\":\"https:\/\/swimchannel.net\/br\/seletiva-olimpica-sera-na-piscina-da-unifa\/\",\"url\":\"https:\/\/swimchannel.net\/br\/seletiva-olimpica-sera-na-piscina-da-unifa\/\",\"name\":\"Seletiva ol\u00edmpica ser\u00e1 na piscina da UNIFA - Swimchannel\",\"isPartOf\":{\"@id\":\"https:\/\/swimchannel.net\/br\/#website\"},\"primaryImageOfPage\":{\"@id\":\"https:\/\/swimchannel.net\/br\/seletiva-olimpica-sera-na-piscina-da-unifa\/#primaryimage\"},\"image\":{\"@id\":\"https:\/\/swimchannel.net\/br\/seletiva-olimpica-sera-na-piscina-da-unifa\/#primaryimage\"},\"thumbnailUrl\":\"https:\/\/swimchannel.net\/br\/wp-content\/uploads\/2023\/01\/52e69c36-5496-42af-b4df-5541987a9fcf.jpeg\",\"datePublished\":\"2023-11-06T14:00:55+00:00\",\"dateModified\":\"2023-11-06T15:54:56+00:00\",\"breadcrumb\":{\"@id\":\"https:\/\/swimchannel.net\/br\/seletiva-olimpica-sera-na-piscina-da-unifa\/#breadcrumb\"},\"inLanguage\":\"pt-BR\",\"potentialAction\":[{\"@type\":\"ReadAction\",\"target\":[\"https:\/\/swimchannel.net\/br\/seletiva-olimpica-sera-na-piscina-da-unifa\/\"]}]},{\"@type\":\"ImageObject\",\"inLanguage\":\"pt-BR\",\"@id\":\"https:\/\/swimchannel.net\/br\/seletiva-olimpica-sera-na-piscina-da-unifa\/#primaryimage\",\"url\":\"https:\/\/swimchannel.net\/br\/wp-content\/uploads\/2023\/01\/52e69c36-5496-42af-b4df-5541987a9fcf.jpeg\",\"contentUrl\":\"https:\/\/swimchannel.net\/br\/wp-content\/uploads\/2023\/01\/52e69c36-5496-42af-b4df-5541987a9fcf.jpeg\",\"width\":945,\"height\":630,\"caption\":\"Vista da piscina da UNIFA - Foto: Rede do Esporte\/Gov.br\"},{\"@type\":\"BreadcrumbList\",\"@id\":\"https:\/\/swimchannel.net\/br\/seletiva-olimpica-sera-na-piscina-da-unifa\/#breadcrumb\",\"itemListElement\":[{\"@type\":\"ListItem\",\"position\":1,\"name\":\"Home\",\"item\":\"https:\/\/swimchannel.net\/br\/\"},{\"@type\":\"ListItem\",\"position\":2,\"name\":\"Seletiva ol\u00edmpica ser\u00e1 na piscina da UNIFA\"}]},{\"@type\":\"WebSite\",\"@id\":\"https:\/\/swimchannel.net\/br\/#website\",\"url\":\"https:\/\/swimchannel.net\/br\/\",\"name\":\"Swimchannel\",\"description\":\"Maior portal de nata\u00e7\u00e3o da america latina\",\"publisher\":{\"@id\":\"https:\/\/swimchannel.net\/br\/#organization\"},\"potentialAction\":[{\"@type\":\"SearchAction\",\"target\":{\"@type\":\"EntryPoint\",\"urlTemplate\":\"https:\/\/swimchannel.net\/br\/?s={search_term_string}\"},\"query-input\":{\"@type\":\"PropertyValueSpecification\",\"valueRequired\":true,\"valueName\":\"search_term_string\"}}],\"inLanguage\":\"pt-BR\"},{\"@type\":\"Organization\",\"@id\":\"https:\/\/swimchannel.net\/br\/#organization\",\"name\":\"Swimchannel - Conectando voc\u00ea a Nata\u00e7\u00e3o\",\"url\":\"https:\/\/swimchannel.net\/br\/\",\"logo\":{\"@type\":\"ImageObject\",\"inLanguage\":\"pt-BR\",\"@id\":\"https:\/\/swimchannel.net\/br\/#\/schema\/logo\/image\/\",\"url\":\"https:\/\/swimchannel.net\/br\/wp-content\/uploads\/2026\/02\/SWIM-CHANNEL.png\",\"contentUrl\":\"https:\/\/swimchannel.net\/br\/wp-content\/uploads\/2026\/02\/SWIM-CHANNEL.png\",\"width\":1120,\"height\":630,\"caption\":\"Swimchannel - Conectando voc\u00ea a Nata\u00e7\u00e3o\"},\"image\":{\"@id\":\"https:\/\/swimchannel.net\/br\/#\/schema\/logo\/image\/\"},\"sameAs\":[\"https:\/\/www.facebook.com\/swimchannel\",\"https:\/\/www.instagram.com\/swimchannel\"]},{\"@type\":\"Person\",\"@id\":\"https:\/\/swimchannel.net\/br\/#\/schema\/person\/cf549cb99cf75592fcf7c76213385e63\",\"name\":\"Alex Pussieldi\",\"image\":{\"@type\":\"ImageObject\",\"inLanguage\":\"pt-BR\",\"@id\":\"https:\/\/swimchannel.net\/br\/#\/schema\/person\/image\/\",\"url\":\"https:\/\/swimchannel.net\/br\/wp-content\/uploads\/2021\/02\/9b1c252d-a4bd-4eda-b399-24565cac4114-100x100.jpg\",\"contentUrl\":\"https:\/\/swimchannel.net\/br\/wp-content\/uploads\/2021\/02\/9b1c252d-a4bd-4eda-b399-24565cac4114-100x100.jpg\",\"caption\":\"Alex Pussieldi\"},\"description\":\"Alexandre Pussieldi, apelidado de \u201ccoach\u201d, Foi t\u00e9cnico da sele\u00e7\u00e3o verde e amarela nas Olimp\u00edadas de Pequim-2008 e Londres-2012. O treinador ainda comandou outros quatro pa\u00edses: Kuwait, Paraguai, Aruba e Antilhas Holandesas, al\u00e9m da sele\u00e7\u00e3o americana de \u00e1guas abertas. Pussieldi tem passagens como comentarista de nata\u00e7\u00e3o do Grupo Globo e Swim Channel.\",\"url\":\"https:\/\/swimchannel.net\/br\/author\/alexpussieldi\/\"}]}<\/script>\n<!-- \/ Yoast SEO plugin. -->","yoast_head_json":{"title":"Seletiva ol\u00edmpica ser\u00e1 na piscina da UNIFA - Swimchannel","robots":{"index":"index","follow":"follow","max-snippet":"max-snippet:-1","max-image-preview":"max-image-preview:large","max-video-preview":"max-video-preview:-1"},"canonical":"https:\/\/swimchannel.net\/br\/seletiva-olimpica-sera-na-piscina-da-unifa\/","og_locale":"pt_BR","og_type":"article","og_title":"Seletiva ol\u00edmpica ser\u00e1 na piscina da UNIFA - Swimchannel","og_description":"Conselho t\u00e9cnico de alto rendimento pede e CBDA muda palco da competi\u00e7\u00e3o para a cidade do Rio de Janeiro","og_url":"https:\/\/swimchannel.net\/br\/seletiva-olimpica-sera-na-piscina-da-unifa\/","og_site_name":"Swimchannel","article_publisher":"https:\/\/www.facebook.com\/swimchannel","article_published_time":"2023-11-06T14:00:55+00:00","article_modified_time":"2023-11-06T15:54:56+00:00","og_image":[{"width":945,"height":630,"url":"https:\/\/swimchannel.net\/br\/wp-content\/uploads\/2023\/01\/52e69c36-5496-42af-b4df-5541987a9fcf.jpeg","type":"image\/jpeg"}],"author":"Alex Pussieldi","twitter_card":"summary_large_image","twitter_misc":{"Escrito por":"Alex Pussieldi","Est. tempo de leitura":"2 minutos"},"schema":{"@context":"https:\/\/schema.org","@graph":[{"@type":"Article","@id":"https:\/\/swimchannel.net\/br\/seletiva-olimpica-sera-na-piscina-da-unifa\/#article","isPartOf":{"@id":"https:\/\/swimchannel.net\/br\/seletiva-olimpica-sera-na-piscina-da-unifa\/"},"author":{"name":"Alex Pussieldi","@id":"https:\/\/swimchannel.net\/br\/#\/schema\/person\/cf549cb99cf75592fcf7c76213385e63"},"headline":"Seletiva ol\u00edmpica ser\u00e1 na piscina da UNIFA","datePublished":"2023-11-06T14:00:55+00:00","dateModified":"2023-11-06T15:54:56+00:00","mainEntityOfPage":{"@id":"https:\/\/swimchannel.net\/br\/seletiva-olimpica-sera-na-piscina-da-unifa\/"},"wordCount":443,"commentCount":0,"publisher":{"@id":"https:\/\/swimchannel.net\/br\/#organization"},"image":{"@id":"https:\/\/swimchannel.net\/br\/seletiva-olimpica-sera-na-piscina-da-unifa\/#primaryimage"},"thumbnailUrl":"https:\/\/swimchannel.net\/br\/wp-content\/uploads\/2023\/01\/52e69c36-5496-42af-b4df-5541987a9fcf.jpeg","keywords":["CBDA","Jogos Ol\u00edmpicos","natacao","Paris-2024","seletiva ol\u00edmpica"],"articleSection":["Jogos Ol\u00edmpicos"],"inLanguage":"pt-BR","potentialAction":[{"@type":"CommentAction","name":"Comment","target":["https:\/\/swimchannel.net\/br\/seletiva-olimpica-sera-na-piscina-da-unifa\/#respond"]}]},{"@type":"WebPage","@id":"https:\/\/swimchannel.net\/br\/seletiva-olimpica-sera-na-piscina-da-unifa\/","url":"https:\/\/swimchannel.net\/br\/seletiva-olimpica-sera-na-piscina-da-unifa\/","name":"Seletiva ol\u00edmpica ser\u00e1 na piscina da UNIFA - Swimchannel","isPartOf":{"@id":"https:\/\/swimchannel.net\/br\/#website"},"primaryImageOfPage":{"@id":"https:\/\/swimchannel.net\/br\/seletiva-olimpica-sera-na-piscina-da-unifa\/#primaryimage"},"image":{"@id":"https:\/\/swimchannel.net\/br\/seletiva-olimpica-sera-na-piscina-da-unifa\/#primaryimage"},"thumbnailUrl":"https:\/\/swimchannel.net\/br\/wp-content\/uploads\/2023\/01\/52e69c36-5496-42af-b4df-5541987a9fcf.jpeg","datePublished":"2023-11-06T14:00:55+00:00","dateModified":"2023-11-06T15:54:56+00:00","breadcrumb":{"@id":"https:\/\/swimchannel.net\/br\/seletiva-olimpica-sera-na-piscina-da-unifa\/#breadcrumb"},"inLanguage":"pt-BR","potentialAction":[{"@type":"ReadAction","target":["https:\/\/swimchannel.net\/br\/seletiva-olimpica-sera-na-piscina-da-unifa\/"]}]},{"@type":"ImageObject","inLanguage":"pt-BR","@id":"https:\/\/swimchannel.net\/br\/seletiva-olimpica-sera-na-piscina-da-unifa\/#primaryimage","url":"https:\/\/swimchannel.net\/br\/wp-content\/uploads\/2023\/01\/52e69c36-5496-42af-b4df-5541987a9fcf.jpeg","contentUrl":"https:\/\/swimchannel.net\/br\/wp-content\/uploads\/2023\/01\/52e69c36-5496-42af-b4df-5541987a9fcf.jpeg","width":945,"height":630,"caption":"Vista da piscina da UNIFA - Foto: Rede do Esporte\/Gov.br"},{"@type":"BreadcrumbList","@id":"https:\/\/swimchannel.net\/br\/seletiva-olimpica-sera-na-piscina-da-unifa\/#breadcrumb","itemListElement":[{"@type":"ListItem","position":1,"name":"Home","item":"https:\/\/swimchannel.net\/br\/"},{"@type":"ListItem","position":2,"name":"Seletiva ol\u00edmpica ser\u00e1 na piscina da UNIFA"}]},{"@type":"WebSite","@id":"https:\/\/swimchannel.net\/br\/#website","url":"https:\/\/swimchannel.net\/br\/","name":"Swimchannel","description":"Maior portal de nata\u00e7\u00e3o da america latina","publisher":{"@id":"https:\/\/swimchannel.net\/br\/#organization"},"potentialAction":[{"@type":"SearchAction","target":{"@type":"EntryPoint","urlTemplate":"https:\/\/swimchannel.net\/br\/?s={search_term_string}"},"query-input":{"@type":"PropertyValueSpecification","valueRequired":true,"valueName":"search_term_string"}}],"inLanguage":"pt-BR"},{"@type":"Organization","@id":"https:\/\/swimchannel.net\/br\/#organization","name":"Swimchannel - Conectando voc\u00ea a Nata\u00e7\u00e3o","url":"https:\/\/swimchannel.net\/br\/","logo":{"@type":"ImageObject","inLanguage":"pt-BR","@id":"https:\/\/swimchannel.net\/br\/#\/schema\/logo\/image\/","url":"https:\/\/swimchannel.net\/br\/wp-content\/uploads\/2026\/02\/SWIM-CHANNEL.png","contentUrl":"https:\/\/swimchannel.net\/br\/wp-content\/uploads\/2026\/02\/SWIM-CHANNEL.png","width":1120,"height":630,"caption":"Swimchannel - Conectando voc\u00ea a Nata\u00e7\u00e3o"},"image":{"@id":"https:\/\/swimchannel.net\/br\/#\/schema\/logo\/image\/"},"sameAs":["https:\/\/www.facebook.com\/swimchannel","https:\/\/www.instagram.com\/swimchannel"]},{"@type":"Person","@id":"https:\/\/swimchannel.net\/br\/#\/schema\/person\/cf549cb99cf75592fcf7c76213385e63","name":"Alex Pussieldi","image":{"@type":"ImageObject","inLanguage":"pt-BR","@id":"https:\/\/swimchannel.net\/br\/#\/schema\/person\/image\/","url":"https:\/\/swimchannel.net\/br\/wp-content\/uploads\/2021\/02\/9b1c252d-a4bd-4eda-b399-24565cac4114-100x100.jpg","contentUrl":"https:\/\/swimchannel.net\/br\/wp-content\/uploads\/2021\/02\/9b1c252d-a4bd-4eda-b399-24565cac4114-100x100.jpg","caption":"Alex Pussieldi"},"description":"Alexandre Pussieldi, apelidado de \u201ccoach\u201d, Foi t\u00e9cnico da sele\u00e7\u00e3o verde e amarela nas Olimp\u00edadas de Pequim-2008 e Londres-2012. O treinador ainda comandou outros quatro pa\u00edses: Kuwait, Paraguai, Aruba e Antilhas Holandesas, al\u00e9m da sele\u00e7\u00e3o americana de \u00e1guas abertas. Pussieldi tem passagens como comentarista de nata\u00e7\u00e3o do Grupo Globo e Swim Channel.","url":"https:\/\/swimchannel.net\/br\/author\/alexpussieldi\/"}]}},"_links":{"self":[{"href":"https:\/\/swimchannel.net\/br\/wp-json\/wp\/v2\/posts\/61775","targetHints":{"allow":["GET"]}}],"collection":[{"href":"https:\/\/swimchannel.net\/br\/wp-json\/wp\/v2\/posts"}],"about":[{"href":"https:\/\/swimchannel.net\/br\/wp-json\/wp\/v2\/types\/post"}],"author":[{"embeddable":true,"href":"https:\/\/swimchannel.net\/br\/wp-json\/wp\/v2\/users\/12"}],"replies":[{"embeddable":true,"href":"https:\/\/swimchannel.net\/br\/wp-json\/wp\/v2\/comments?post=61775"}],"version-history":[{"count":1,"href":"https:\/\/swimchannel.net\/br\/wp-json\/wp\/v2\/posts\/61775\/revisions"}],"predecessor-version":[{"id":61777,"href":"https:\/\/swimchannel.net\/br\/wp-json\/wp\/v2\/posts\/61775\/revisions\/61777"}],"wp:featuredmedia":[{"embeddable":true,"href":"https:\/\/swimchannel.net\/br\/wp-json\/wp\/v2\/media\/55104"}],"wp:attachment":[{"href":"https:\/\/swimchannel.net\/br\/wp-json\/wp\/v2\/media?parent=61775"}],"wp:term":[{"taxonomy":"category","embeddable":true,"href":"https:\/\/swimchannel.net\/br\/wp-json\/wp\/v2\/categories?post=61775"},{"taxonomy":"post_tag","embeddable":true,"href":"https:\/\/swimchannel.net\/br\/wp-json\/wp\/v2\/tags?post=61775"}],"curies":[{"name":"wp","href":"https:\/\/api.w.org\/{rel}","templated":true}]}}