{"id":62038,"date":"2023-11-30T10:27:55","date_gmt":"2023-11-30T13:27:55","guid":{"rendered":"https:\/\/swimchannel.net\/br\/?p=62038"},"modified":"2023-11-30T10:27:55","modified_gmt":"2023-11-30T13:27:55","slug":"vem-ai-o-circuito-nadar-pelo-brasil-em-2024","status":"publish","type":"post","link":"https:\/\/swimchannel.net\/br\/vem-ai-o-circuito-nadar-pelo-brasil-em-2024\/","title":{"rendered":"Vem ai o Circuito Nadar pelo Brasil em 2024!"},"content":{"rendered":"<p>Ap\u00f3s publicarmos aqui na <strong>SWIM CHANNEL<\/strong> sobre o &#8220;Escola Maratonas Aqu\u00e1ticas&#8221; que faz parte do Projeto Anamar (<strong><a href=\"https:\/\/swimchannel.net\/br\/instituto-ana-marcela-lanca-escola-de-maratonas-aquaticas\/\" target=\"_blank\" rel=\"noopener\">clique aqui para ler<\/a><\/strong>), chegou a hora de falar sobre a segunda a\u00e7\u00e3o promovida pela campe\u00e3 ol\u00edmpica\u00a0 Ana Marcela Cunha. Trata-se do Circuito Nadar pelo Brasil, um novo evento de \u00e1guas abertas que esta sendo organizado pela Ana Marcela Sports e ter\u00e1 produ\u00e7\u00e3o da Interativa Esportes, empresa liderada por Fabricio Vieira e que tamb\u00e9m est\u00e1 a frente do Trof\u00e9u Ana Marcela e do Circuito Mares.<\/p>\n<p>Esta nova competi\u00e7\u00e3o de \u00e1guas abertas ter\u00e1 uma programa\u00e7\u00e3o bastante din\u00e2mica, passando pelas cinco regi\u00f5es do Brasil. O circuito ter\u00e1 ao todo seis etapas, tendo in\u00edcio previsto para o segundo semestre de 2024 e encerramento no primeiro semestre de 2025. O Circuito Nadar pelo Brasil passar\u00e1 pelos estados do Tocantins na Regi\u00e3o Norte, por Bras\u00edlia no Centro-Oeste, Bahia no Nordeste, Santa Catarina no Sul e em S\u00e3o Paulo e Rio de Janeiro no Sudeste.<\/p>\n<figure id=\"attachment_44923\" aria-describedby=\"caption-attachment-44923\" style=\"width: 945px\" class=\"wp-caption alignnone\"><img loading=\"lazy\" decoding=\"async\" class=\"size-full wp-image-44923\" src=\"https:\/\/swimchannel.net\/br\/wp-content\/uploads\/2021\/08\/E73OmcFXIAc_2Ap.jpg\" alt=\"\" width=\"945\" height=\"630\" srcset=\"https:\/\/swimchannel.net\/br\/wp-content\/uploads\/2021\/08\/E73OmcFXIAc_2Ap.jpg 945w, https:\/\/swimchannel.net\/br\/wp-content\/uploads\/2021\/08\/E73OmcFXIAc_2Ap-270x180.jpg 270w, https:\/\/swimchannel.net\/br\/wp-content\/uploads\/2021\/08\/E73OmcFXIAc_2Ap-768x512.jpg 768w, https:\/\/swimchannel.net\/br\/wp-content\/uploads\/2021\/08\/E73OmcFXIAc_2Ap-200x133.jpg 200w, https:\/\/swimchannel.net\/br\/wp-content\/uploads\/2021\/08\/E73OmcFXIAc_2Ap-600x400.jpg 600w, https:\/\/swimchannel.net\/br\/wp-content\/uploads\/2021\/08\/E73OmcFXIAc_2Ap-750x500.jpg 750w\" sizes=\"auto, (max-width: 945px) 100vw, 945px\" \/><figcaption id=\"caption-attachment-44923\" class=\"wp-caption-text\">Ana Marcela Cunha &#8211; Foto: Satiro Sodr\u00e9\/SSPress<\/figcaption><\/figure>\n<p>A competi\u00e7\u00e3o ter\u00e1 tr\u00eas dist\u00e2ncias a serem disputadas com provas de 3 km, 1,5 km e 500m. Tamb\u00e9m est\u00e3o programadas duas dist\u00e2ncias para nadadores jovens, a kids 1 com percurso de 100 metros e a kids 2 com prova de 200 metros. O Circuito Nadar pelo Brasil ter\u00e1 uma pontua\u00e7\u00e3o coletada por ranking ap\u00f3s cada epata e ao final da temporada ser\u00e3o premiados os campe\u00f5es de cada categoria.<\/p>\n<p>O evento ter\u00e1 ainda uma inova\u00e7\u00e3o com premia\u00e7\u00f5es especiais em cada uma das etapas para os atletas inscritos. Os brindes a serem entregues ainda est\u00e3o sendo estabelecidos, mas a forma de premiar os inscritos j\u00e1 est\u00e1 definida. A cada etapa realizada haver\u00e1 um sorteio que premiar\u00e1 um felizardo independemente de sua coloca\u00e7\u00e3o ou prova disputada. Uma forma que a organiza\u00e7\u00e3o define como justa e motivacional para os atletas.<\/p>\n<figure id=\"attachment_62319\" aria-describedby=\"caption-attachment-62319\" style=\"width: 600px\" class=\"wp-caption alignnone\"><img loading=\"lazy\" decoding=\"async\" class=\"size-full wp-image-62319\" src=\"https:\/\/swimchannel.net\/br\/wp-content\/uploads\/2023\/11\/Captura-de-tela-2023-11-30-102323.jpg\" alt=\"\" width=\"600\" height=\"630\" srcset=\"https:\/\/swimchannel.net\/br\/wp-content\/uploads\/2023\/11\/Captura-de-tela-2023-11-30-102323.jpg 600w, https:\/\/swimchannel.net\/br\/wp-content\/uploads\/2023\/11\/Captura-de-tela-2023-11-30-102323-171x180.jpg 171w\" sizes=\"auto, (max-width: 600px) 100vw, 600px\" \/><figcaption id=\"caption-attachment-62319\" class=\"wp-caption-text\">Ana Marcela Cunha e Fabricio Vieira &#8211; Foto: Reprodu\u00e7\u00e3o<\/figcaption><\/figure>\n<p>Inclusive, tamb\u00e9m \u00e9 previsto a presen\u00e7a de Ana Marcela em algumas das etapas do circuito. Mais detalhes sobre esse projeto ser\u00e3o reveladas na live especial da <strong>SWIM CHANNEL TV<\/strong> no pr\u00f3ximo dia 10 de dezembro. Fique ligado!<\/p>\n","protected":false},"excerpt":{"rendered":"<p>Torneio faz parte do Projeto Anamar da campe\u00e3 ol\u00edmpica Ana Marcela Cunha e ter\u00e1 etapas em todas as regi\u00f5es do Brasil<\/p>\n","protected":false},"author":3,"featured_media":21261,"comment_status":"open","ping_status":"open","sticky":false,"template":"","format":"gallery","meta":{"footnotes":""},"categories":[115],"tags":[14,47,5629,5628,5,5626],"class_list":["post-62038","post","type-post","status-publish","format-gallery","has-post-thumbnail","hentry","category-aguas-abertas","tag-aguas-abertas","tag-ana-marcela-cunha","tag-circuito-nadar-pelo-brasil","tag-interativa","tag-natacao","tag-projeto-anamar","post_format-post-format-gallery"],"yoast_head":"<!-- This site is optimized with the Yoast SEO plugin v27.0 - https:\/\/yoast.com\/product\/yoast-seo-wordpress\/ -->\n<title>Vem ai o Circuito Nadar pelo Brasil em 2024! - Swimchannel<\/title>\n<meta name=\"robots\" content=\"index, follow, max-snippet:-1, max-image-preview:large, max-video-preview:-1\" \/>\n<link rel=\"canonical\" href=\"https:\/\/swimchannel.net\/br\/vem-ai-o-circuito-nadar-pelo-brasil-em-2024\/\" \/>\n<meta property=\"og:locale\" content=\"pt_BR\" \/>\n<meta property=\"og:type\" content=\"article\" \/>\n<meta property=\"og:title\" content=\"Vem ai o Circuito Nadar pelo Brasil em 2024! - Swimchannel\" \/>\n<meta property=\"og:description\" content=\"Torneio faz parte do Projeto Anamar da campe\u00e3 ol\u00edmpica Ana Marcela Cunha e ter\u00e1 etapas em todas as regi\u00f5es do Brasil\" \/>\n<meta property=\"og:url\" content=\"https:\/\/swimchannel.net\/br\/vem-ai-o-circuito-nadar-pelo-brasil-em-2024\/\" \/>\n<meta property=\"og:site_name\" content=\"Swimchannel\" \/>\n<meta property=\"article:publisher\" content=\"https:\/\/www.facebook.com\/swimchannel\" \/>\n<meta property=\"article:published_time\" content=\"2023-11-30T13:27:55+00:00\" \/>\n<meta property=\"og:image\" content=\"https:\/\/swimchannel.net\/br\/wp-content\/uploads\/2019\/11\/ana-marcela-rnc.jpg\" \/>\n\t<meta property=\"og:image:width\" content=\"1200\" \/>\n\t<meta property=\"og:image:height\" content=\"675\" \/>\n\t<meta property=\"og:image:type\" content=\"image\/jpeg\" \/>\n<meta name=\"author\" content=\"Guilherme Freitas\" \/>\n<meta name=\"twitter:card\" content=\"summary_large_image\" \/>\n<meta name=\"twitter:label1\" content=\"Escrito por\" \/>\n\t<meta name=\"twitter:data1\" content=\"Guilherme Freitas\" \/>\n\t<meta name=\"twitter:label2\" content=\"Est. tempo de leitura\" \/>\n\t<meta name=\"twitter:data2\" content=\"2 minutos\" \/>\n<script type=\"application\/ld+json\" class=\"yoast-schema-graph\">{\"@context\":\"https:\/\/schema.org\",\"@graph\":[{\"@type\":\"Article\",\"@id\":\"https:\/\/swimchannel.net\/br\/vem-ai-o-circuito-nadar-pelo-brasil-em-2024\/#article\",\"isPartOf\":{\"@id\":\"https:\/\/swimchannel.net\/br\/vem-ai-o-circuito-nadar-pelo-brasil-em-2024\/\"},\"author\":{\"name\":\"Guilherme Freitas\",\"@id\":\"https:\/\/swimchannel.net\/br\/#\/schema\/person\/aa2a63bab3275f53749a83276b213c48\"},\"headline\":\"Vem ai o Circuito Nadar pelo Brasil em 2024!\",\"datePublished\":\"2023-11-30T13:27:55+00:00\",\"mainEntityOfPage\":{\"@id\":\"https:\/\/swimchannel.net\/br\/vem-ai-o-circuito-nadar-pelo-brasil-em-2024\/\"},\"wordCount\":393,\"commentCount\":7,\"publisher\":{\"@id\":\"https:\/\/swimchannel.net\/br\/#organization\"},\"image\":{\"@id\":\"https:\/\/swimchannel.net\/br\/vem-ai-o-circuito-nadar-pelo-brasil-em-2024\/#primaryimage\"},\"thumbnailUrl\":\"https:\/\/swimchannel.net\/br\/wp-content\/uploads\/2019\/11\/ana-marcela-rnc.jpg\",\"keywords\":[\"\u00c1guas abertas\",\"Ana Marcela Cunha\",\"Circuito Nadar pelo Brasil\",\"Interativa\",\"natacao\",\"Projeto Anamar\"],\"articleSection\":[\"\u00c1guas Abertas\"],\"inLanguage\":\"pt-BR\",\"potentialAction\":[{\"@type\":\"CommentAction\",\"name\":\"Comment\",\"target\":[\"https:\/\/swimchannel.net\/br\/vem-ai-o-circuito-nadar-pelo-brasil-em-2024\/#respond\"]}]},{\"@type\":\"WebPage\",\"@id\":\"https:\/\/swimchannel.net\/br\/vem-ai-o-circuito-nadar-pelo-brasil-em-2024\/\",\"url\":\"https:\/\/swimchannel.net\/br\/vem-ai-o-circuito-nadar-pelo-brasil-em-2024\/\",\"name\":\"Vem ai o Circuito Nadar pelo Brasil em 2024! - Swimchannel\",\"isPartOf\":{\"@id\":\"https:\/\/swimchannel.net\/br\/#website\"},\"primaryImageOfPage\":{\"@id\":\"https:\/\/swimchannel.net\/br\/vem-ai-o-circuito-nadar-pelo-brasil-em-2024\/#primaryimage\"},\"image\":{\"@id\":\"https:\/\/swimchannel.net\/br\/vem-ai-o-circuito-nadar-pelo-brasil-em-2024\/#primaryimage\"},\"thumbnailUrl\":\"https:\/\/swimchannel.net\/br\/wp-content\/uploads\/2019\/11\/ana-marcela-rnc.jpg\",\"datePublished\":\"2023-11-30T13:27:55+00:00\",\"breadcrumb\":{\"@id\":\"https:\/\/swimchannel.net\/br\/vem-ai-o-circuito-nadar-pelo-brasil-em-2024\/#breadcrumb\"},\"inLanguage\":\"pt-BR\",\"potentialAction\":[{\"@type\":\"ReadAction\",\"target\":[\"https:\/\/swimchannel.net\/br\/vem-ai-o-circuito-nadar-pelo-brasil-em-2024\/\"]}]},{\"@type\":\"ImageObject\",\"inLanguage\":\"pt-BR\",\"@id\":\"https:\/\/swimchannel.net\/br\/vem-ai-o-circuito-nadar-pelo-brasil-em-2024\/#primaryimage\",\"url\":\"https:\/\/swimchannel.net\/br\/wp-content\/uploads\/2019\/11\/ana-marcela-rnc.jpg\",\"contentUrl\":\"https:\/\/swimchannel.net\/br\/wp-content\/uploads\/2019\/11\/ana-marcela-rnc.jpg\",\"width\":1200,\"height\":675,\"caption\":\"Ana Marcela Cunha - Foto: Satiro Sodr\u00e9\"},{\"@type\":\"BreadcrumbList\",\"@id\":\"https:\/\/swimchannel.net\/br\/vem-ai-o-circuito-nadar-pelo-brasil-em-2024\/#breadcrumb\",\"itemListElement\":[{\"@type\":\"ListItem\",\"position\":1,\"name\":\"Home\",\"item\":\"https:\/\/swimchannel.net\/br\/\"},{\"@type\":\"ListItem\",\"position\":2,\"name\":\"Vem ai o Circuito Nadar pelo Brasil em 2024!\"}]},{\"@type\":\"WebSite\",\"@id\":\"https:\/\/swimchannel.net\/br\/#website\",\"url\":\"https:\/\/swimchannel.net\/br\/\",\"name\":\"Swimchannel\",\"description\":\"Maior portal de nata\u00e7\u00e3o da america latina\",\"publisher\":{\"@id\":\"https:\/\/swimchannel.net\/br\/#organization\"},\"potentialAction\":[{\"@type\":\"SearchAction\",\"target\":{\"@type\":\"EntryPoint\",\"urlTemplate\":\"https:\/\/swimchannel.net\/br\/?s={search_term_string}\"},\"query-input\":{\"@type\":\"PropertyValueSpecification\",\"valueRequired\":true,\"valueName\":\"search_term_string\"}}],\"inLanguage\":\"pt-BR\"},{\"@type\":\"Organization\",\"@id\":\"https:\/\/swimchannel.net\/br\/#organization\",\"name\":\"Swimchannel - Conectando voc\u00ea a Nata\u00e7\u00e3o\",\"url\":\"https:\/\/swimchannel.net\/br\/\",\"logo\":{\"@type\":\"ImageObject\",\"inLanguage\":\"pt-BR\",\"@id\":\"https:\/\/swimchannel.net\/br\/#\/schema\/logo\/image\/\",\"url\":\"https:\/\/swimchannel.net\/br\/wp-content\/uploads\/2026\/02\/SWIM-CHANNEL.png\",\"contentUrl\":\"https:\/\/swimchannel.net\/br\/wp-content\/uploads\/2026\/02\/SWIM-CHANNEL.png\",\"width\":1120,\"height\":630,\"caption\":\"Swimchannel - Conectando voc\u00ea a Nata\u00e7\u00e3o\"},\"image\":{\"@id\":\"https:\/\/swimchannel.net\/br\/#\/schema\/logo\/image\/\"},\"sameAs\":[\"https:\/\/www.facebook.com\/swimchannel\",\"https:\/\/www.instagram.com\/swimchannel\"]},{\"@type\":\"Person\",\"@id\":\"https:\/\/swimchannel.net\/br\/#\/schema\/person\/aa2a63bab3275f53749a83276b213c48\",\"name\":\"Guilherme Freitas\",\"image\":{\"@type\":\"ImageObject\",\"inLanguage\":\"pt-BR\",\"@id\":\"https:\/\/swimchannel.net\/br\/#\/schema\/person\/image\/\",\"url\":\"https:\/\/swimchannel.net\/br\/wp-content\/uploads\/2025\/10\/gui22-193x180.png\",\"contentUrl\":\"https:\/\/swimchannel.net\/br\/wp-content\/uploads\/2025\/10\/gui22-193x180.png\",\"caption\":\"Guilherme Freitas\"},\"description\":\"Jornalista s\u00eanior da SWIM CHANNEL, ex-correspondente da FINA no Brasil e pesquisador acad\u00eamico.\",\"sameAs\":[\"instagram.com\/guifreitas86\"],\"url\":\"https:\/\/swimchannel.net\/br\/author\/guilherme-freitas\/\"}]}<\/script>\n<!-- \/ Yoast SEO plugin. -->","yoast_head_json":{"title":"Vem ai o Circuito Nadar pelo Brasil em 2024! - Swimchannel","robots":{"index":"index","follow":"follow","max-snippet":"max-snippet:-1","max-image-preview":"max-image-preview:large","max-video-preview":"max-video-preview:-1"},"canonical":"https:\/\/swimchannel.net\/br\/vem-ai-o-circuito-nadar-pelo-brasil-em-2024\/","og_locale":"pt_BR","og_type":"article","og_title":"Vem ai o Circuito Nadar pelo Brasil em 2024! - Swimchannel","og_description":"Torneio faz parte do Projeto Anamar da campe\u00e3 ol\u00edmpica Ana Marcela Cunha e ter\u00e1 etapas em todas as regi\u00f5es do Brasil","og_url":"https:\/\/swimchannel.net\/br\/vem-ai-o-circuito-nadar-pelo-brasil-em-2024\/","og_site_name":"Swimchannel","article_publisher":"https:\/\/www.facebook.com\/swimchannel","article_published_time":"2023-11-30T13:27:55+00:00","og_image":[{"width":1200,"height":675,"url":"https:\/\/swimchannel.net\/br\/wp-content\/uploads\/2019\/11\/ana-marcela-rnc.jpg","type":"image\/jpeg"}],"author":"Guilherme Freitas","twitter_card":"summary_large_image","twitter_misc":{"Escrito por":"Guilherme Freitas","Est. tempo de leitura":"2 minutos"},"schema":{"@context":"https:\/\/schema.org","@graph":[{"@type":"Article","@id":"https:\/\/swimchannel.net\/br\/vem-ai-o-circuito-nadar-pelo-brasil-em-2024\/#article","isPartOf":{"@id":"https:\/\/swimchannel.net\/br\/vem-ai-o-circuito-nadar-pelo-brasil-em-2024\/"},"author":{"name":"Guilherme Freitas","@id":"https:\/\/swimchannel.net\/br\/#\/schema\/person\/aa2a63bab3275f53749a83276b213c48"},"headline":"Vem ai o Circuito Nadar pelo Brasil em 2024!","datePublished":"2023-11-30T13:27:55+00:00","mainEntityOfPage":{"@id":"https:\/\/swimchannel.net\/br\/vem-ai-o-circuito-nadar-pelo-brasil-em-2024\/"},"wordCount":393,"commentCount":7,"publisher":{"@id":"https:\/\/swimchannel.net\/br\/#organization"},"image":{"@id":"https:\/\/swimchannel.net\/br\/vem-ai-o-circuito-nadar-pelo-brasil-em-2024\/#primaryimage"},"thumbnailUrl":"https:\/\/swimchannel.net\/br\/wp-content\/uploads\/2019\/11\/ana-marcela-rnc.jpg","keywords":["\u00c1guas abertas","Ana Marcela Cunha","Circuito Nadar pelo Brasil","Interativa","natacao","Projeto Anamar"],"articleSection":["\u00c1guas Abertas"],"inLanguage":"pt-BR","potentialAction":[{"@type":"CommentAction","name":"Comment","target":["https:\/\/swimchannel.net\/br\/vem-ai-o-circuito-nadar-pelo-brasil-em-2024\/#respond"]}]},{"@type":"WebPage","@id":"https:\/\/swimchannel.net\/br\/vem-ai-o-circuito-nadar-pelo-brasil-em-2024\/","url":"https:\/\/swimchannel.net\/br\/vem-ai-o-circuito-nadar-pelo-brasil-em-2024\/","name":"Vem ai o Circuito Nadar pelo Brasil em 2024! - Swimchannel","isPartOf":{"@id":"https:\/\/swimchannel.net\/br\/#website"},"primaryImageOfPage":{"@id":"https:\/\/swimchannel.net\/br\/vem-ai-o-circuito-nadar-pelo-brasil-em-2024\/#primaryimage"},"image":{"@id":"https:\/\/swimchannel.net\/br\/vem-ai-o-circuito-nadar-pelo-brasil-em-2024\/#primaryimage"},"thumbnailUrl":"https:\/\/swimchannel.net\/br\/wp-content\/uploads\/2019\/11\/ana-marcela-rnc.jpg","datePublished":"2023-11-30T13:27:55+00:00","breadcrumb":{"@id":"https:\/\/swimchannel.net\/br\/vem-ai-o-circuito-nadar-pelo-brasil-em-2024\/#breadcrumb"},"inLanguage":"pt-BR","potentialAction":[{"@type":"ReadAction","target":["https:\/\/swimchannel.net\/br\/vem-ai-o-circuito-nadar-pelo-brasil-em-2024\/"]}]},{"@type":"ImageObject","inLanguage":"pt-BR","@id":"https:\/\/swimchannel.net\/br\/vem-ai-o-circuito-nadar-pelo-brasil-em-2024\/#primaryimage","url":"https:\/\/swimchannel.net\/br\/wp-content\/uploads\/2019\/11\/ana-marcela-rnc.jpg","contentUrl":"https:\/\/swimchannel.net\/br\/wp-content\/uploads\/2019\/11\/ana-marcela-rnc.jpg","width":1200,"height":675,"caption":"Ana Marcela Cunha - Foto: Satiro Sodr\u00e9"},{"@type":"BreadcrumbList","@id":"https:\/\/swimchannel.net\/br\/vem-ai-o-circuito-nadar-pelo-brasil-em-2024\/#breadcrumb","itemListElement":[{"@type":"ListItem","position":1,"name":"Home","item":"https:\/\/swimchannel.net\/br\/"},{"@type":"ListItem","position":2,"name":"Vem ai o Circuito Nadar pelo Brasil em 2024!"}]},{"@type":"WebSite","@id":"https:\/\/swimchannel.net\/br\/#website","url":"https:\/\/swimchannel.net\/br\/","name":"Swimchannel","description":"Maior portal de nata\u00e7\u00e3o da america latina","publisher":{"@id":"https:\/\/swimchannel.net\/br\/#organization"},"potentialAction":[{"@type":"SearchAction","target":{"@type":"EntryPoint","urlTemplate":"https:\/\/swimchannel.net\/br\/?s={search_term_string}"},"query-input":{"@type":"PropertyValueSpecification","valueRequired":true,"valueName":"search_term_string"}}],"inLanguage":"pt-BR"},{"@type":"Organization","@id":"https:\/\/swimchannel.net\/br\/#organization","name":"Swimchannel - Conectando voc\u00ea a Nata\u00e7\u00e3o","url":"https:\/\/swimchannel.net\/br\/","logo":{"@type":"ImageObject","inLanguage":"pt-BR","@id":"https:\/\/swimchannel.net\/br\/#\/schema\/logo\/image\/","url":"https:\/\/swimchannel.net\/br\/wp-content\/uploads\/2026\/02\/SWIM-CHANNEL.png","contentUrl":"https:\/\/swimchannel.net\/br\/wp-content\/uploads\/2026\/02\/SWIM-CHANNEL.png","width":1120,"height":630,"caption":"Swimchannel - Conectando voc\u00ea a Nata\u00e7\u00e3o"},"image":{"@id":"https:\/\/swimchannel.net\/br\/#\/schema\/logo\/image\/"},"sameAs":["https:\/\/www.facebook.com\/swimchannel","https:\/\/www.instagram.com\/swimchannel"]},{"@type":"Person","@id":"https:\/\/swimchannel.net\/br\/#\/schema\/person\/aa2a63bab3275f53749a83276b213c48","name":"Guilherme Freitas","image":{"@type":"ImageObject","inLanguage":"pt-BR","@id":"https:\/\/swimchannel.net\/br\/#\/schema\/person\/image\/","url":"https:\/\/swimchannel.net\/br\/wp-content\/uploads\/2025\/10\/gui22-193x180.png","contentUrl":"https:\/\/swimchannel.net\/br\/wp-content\/uploads\/2025\/10\/gui22-193x180.png","caption":"Guilherme Freitas"},"description":"Jornalista s\u00eanior da SWIM CHANNEL, ex-correspondente da FINA no Brasil e pesquisador acad\u00eamico.","sameAs":["instagram.com\/guifreitas86"],"url":"https:\/\/swimchannel.net\/br\/author\/guilherme-freitas\/"}]}},"_links":{"self":[{"href":"https:\/\/swimchannel.net\/br\/wp-json\/wp\/v2\/posts\/62038","targetHints":{"allow":["GET"]}}],"collection":[{"href":"https:\/\/swimchannel.net\/br\/wp-json\/wp\/v2\/posts"}],"about":[{"href":"https:\/\/swimchannel.net\/br\/wp-json\/wp\/v2\/types\/post"}],"author":[{"embeddable":true,"href":"https:\/\/swimchannel.net\/br\/wp-json\/wp\/v2\/users\/3"}],"replies":[{"embeddable":true,"href":"https:\/\/swimchannel.net\/br\/wp-json\/wp\/v2\/comments?post=62038"}],"version-history":[{"count":4,"href":"https:\/\/swimchannel.net\/br\/wp-json\/wp\/v2\/posts\/62038\/revisions"}],"predecessor-version":[{"id":62320,"href":"https:\/\/swimchannel.net\/br\/wp-json\/wp\/v2\/posts\/62038\/revisions\/62320"}],"wp:featuredmedia":[{"embeddable":true,"href":"https:\/\/swimchannel.net\/br\/wp-json\/wp\/v2\/media\/21261"}],"wp:attachment":[{"href":"https:\/\/swimchannel.net\/br\/wp-json\/wp\/v2\/media?parent=62038"}],"wp:term":[{"taxonomy":"category","embeddable":true,"href":"https:\/\/swimchannel.net\/br\/wp-json\/wp\/v2\/categories?post=62038"},{"taxonomy":"post_tag","embeddable":true,"href":"https:\/\/swimchannel.net\/br\/wp-json\/wp\/v2\/tags?post=62038"}],"curies":[{"name":"wp","href":"https:\/\/api.w.org\/{rel}","templated":true}]}}