{"id":62238,"date":"2023-11-28T17:38:52","date_gmt":"2023-11-28T20:38:52","guid":{"rendered":"https:\/\/swimchannel.net\/br\/?p=62238"},"modified":"2023-11-28T18:01:09","modified_gmt":"2023-11-28T21:01:09","slug":"klaus-bernhoeft-assina-arte-de-campanha-dos-eventos-de-natacao","status":"publish","type":"post","link":"https:\/\/swimchannel.net\/br\/klaus-bernhoeft-assina-arte-de-campanha-dos-eventos-de-natacao\/","title":{"rendered":"Klaus Bernhoeft assina arte de campanha dos eventos de nata\u00e7\u00e3o"},"content":{"rendered":"<p>Uma das grande novidades destes Campeonatos Brasileiros de Ver\u00e3o, al\u00e9m das transmiss\u00f5es ao vivo na <strong>SWIM CHANNEL TV<\/strong>, s\u00e3o as artes especiais de cada campeonato. No Campeonato Infantil, disputado semana passada em Recife, uma arraia ilustrava o cartaz oficial do evento. Na pr\u00f3xima semana, no Juvenil, ser\u00e1 um polvo. E no Brasileiro J\u00fanior e S\u00eanior o animal marinho em quest\u00e3o ser\u00e1 o Marlin. Por traz destas artes esta uma mente brilhante: Klaus Bernhoeft.<\/p>\n<p>Designer gr\u00e1fico e nadador, Klaus \u00e9 nome bastante conhecido no meio aqu\u00e1tico. Nadador com passagens pelo Fluminense, Botafogo e Minas T\u00eanis Clube, Klaus colecionou medalhas em campeonatos nacionais, regionais e estaduais de categoria e no absoluto tamb\u00e9m obteve finais nos principais eventos nacionais. Sua especialidade era os 400m livre, embora tamb\u00e9m tenha obtido bons resultados nas provas de 800m e 1500m livre.<\/p>\n<div id='gallery-1' class='gallery galleryid-62238 gallery-columns-3 gallery-size-thumbnail'><figure class='gallery-item'>\n\t\t\t<div class='gallery-icon portrait'>\n\t\t\t\t<a href='https:\/\/swimchannel.net\/br\/klaus-bernhoeft-assina-arte-de-campanha-dos-eventos-de-natacao\/kv-cbda-bra-inf-23_v2\/'><img loading=\"lazy\" decoding=\"async\" width=\"127\" height=\"180\" src=\"https:\/\/swimchannel.net\/br\/wp-content\/uploads\/2023\/11\/KV-CBDA-BRA-INF-23_v2-127x180.jpg\" class=\"attachment-thumbnail size-thumbnail\" alt=\"\" aria-describedby=\"gallery-1-62252\" srcset=\"https:\/\/swimchannel.net\/br\/wp-content\/uploads\/2023\/11\/KV-CBDA-BRA-INF-23_v2-127x180.jpg 127w, https:\/\/swimchannel.net\/br\/wp-content\/uploads\/2023\/11\/KV-CBDA-BRA-INF-23_v2.jpg 446w\" sizes=\"auto, (max-width: 127px) 100vw, 127px\" \/><\/a>\n\t\t\t<\/div>\n\t\t\t\t<figcaption class='wp-caption-text gallery-caption' id='gallery-1-62252'>\n\t\t\t\tArte do Brasileiro Infantil de Ver\u00e3o &#8211; Foto: ZOZI Design\n\t\t\t\t<\/figcaption><\/figure><figure class='gallery-item'>\n\t\t\t<div class='gallery-icon portrait'>\n\t\t\t\t<a href='https:\/\/swimchannel.net\/br\/klaus-bernhoeft-assina-arte-de-campanha-dos-eventos-de-natacao\/kv-cbda-bra-juv-jr-e-sr-23_midias-sociais4\/'><img loading=\"lazy\" decoding=\"async\" width=\"101\" height=\"180\" src=\"https:\/\/swimchannel.net\/br\/wp-content\/uploads\/2023\/11\/KV-CBDA-BRA-Juv-Jr-e-Sr-23_Midias-Sociais4-101x180.jpg\" class=\"attachment-thumbnail size-thumbnail\" alt=\"\" aria-describedby=\"gallery-1-62250\" srcset=\"https:\/\/swimchannel.net\/br\/wp-content\/uploads\/2023\/11\/KV-CBDA-BRA-Juv-Jr-e-Sr-23_Midias-Sociais4-101x180.jpg 101w, https:\/\/swimchannel.net\/br\/wp-content\/uploads\/2023\/11\/KV-CBDA-BRA-Juv-Jr-e-Sr-23_Midias-Sociais4.jpg 354w\" sizes=\"auto, (max-width: 101px) 100vw, 101px\" \/><\/a>\n\t\t\t<\/div>\n\t\t\t\t<figcaption class='wp-caption-text gallery-caption' id='gallery-1-62250'>\n\t\t\t\tArte do Brasileiro Juvenil de Ver\u00e3o &#8211; Foto: ZOZI Design\n\t\t\t\t<\/figcaption><\/figure><figure class='gallery-item'>\n\t\t\t<div class='gallery-icon portrait'>\n\t\t\t\t<a href='https:\/\/swimchannel.net\/br\/klaus-bernhoeft-assina-arte-de-campanha-dos-eventos-de-natacao\/kv-cbda-bra-juv-jr-e-sr-23_midias-sociais\/'><img loading=\"lazy\" decoding=\"async\" width=\"101\" height=\"180\" src=\"https:\/\/swimchannel.net\/br\/wp-content\/uploads\/2023\/11\/KV-CBDA-BRA-Juv-Jr-e-Sr-23_Midias-Sociais-101x180.jpg\" class=\"attachment-thumbnail size-thumbnail\" alt=\"\" aria-describedby=\"gallery-1-62251\" srcset=\"https:\/\/swimchannel.net\/br\/wp-content\/uploads\/2023\/11\/KV-CBDA-BRA-Juv-Jr-e-Sr-23_Midias-Sociais-101x180.jpg 101w, https:\/\/swimchannel.net\/br\/wp-content\/uploads\/2023\/11\/KV-CBDA-BRA-Juv-Jr-e-Sr-23_Midias-Sociais.jpg 354w\" sizes=\"auto, (max-width: 101px) 100vw, 101px\" \/><\/a>\n\t\t\t<\/div>\n\t\t\t\t<figcaption class='wp-caption-text gallery-caption' id='gallery-1-62251'>\n\t\t\t\tArte do Brasileiro J\u00fanior e S\u00eanior de Ver\u00e3o &#8211; Foto: ZOZI Design\n\t\t\t\t<\/figcaption><\/figure><figure class='gallery-item'>\n\t\t\t<div class='gallery-icon portrait'>\n\t\t\t\t<a href='https:\/\/swimchannel.net\/br\/klaus-bernhoeft-assina-arte-de-campanha-dos-eventos-de-natacao\/kv-cbda-bra-juv-jr-e-sr-23_midias-sociais7\/'><img loading=\"lazy\" decoding=\"async\" width=\"101\" height=\"180\" src=\"https:\/\/swimchannel.net\/br\/wp-content\/uploads\/2023\/11\/KV-CBDA-BRA-Juv-Jr-e-Sr-23_Midias-Sociais7-101x180.jpg\" class=\"attachment-thumbnail size-thumbnail\" alt=\"\" aria-describedby=\"gallery-1-62249\" srcset=\"https:\/\/swimchannel.net\/br\/wp-content\/uploads\/2023\/11\/KV-CBDA-BRA-Juv-Jr-e-Sr-23_Midias-Sociais7-101x180.jpg 101w, https:\/\/swimchannel.net\/br\/wp-content\/uploads\/2023\/11\/KV-CBDA-BRA-Juv-Jr-e-Sr-23_Midias-Sociais7.jpg 354w\" sizes=\"auto, (max-width: 101px) 100vw, 101px\" \/><\/a>\n\t\t\t<\/div>\n\t\t\t\t<figcaption class='wp-caption-text gallery-caption' id='gallery-1-62249'>\n\t\t\t\tArte do Brasileiro Juvenil de Ver\u00e3o &#8211; Foto: ZOZI Design\n\t\t\t\t<\/figcaption><\/figure>\n\t\t<\/div>\n\n<p>Klaus se formou em design gr\u00e1fico e se mudou para S\u00e3o Paulo indo trabalhar na famosa editora Abril. Por l\u00e1, atuou em diversas revistas e alguns anos depois criou \u00a0a ZOZI Design. A empresa \u00e9 um est\u00fadio de comunica\u00e7\u00e3o e design, que entre seus projetos, editou diversas edi\u00e7\u00f5es da revista impressa da <strong>SWIM CHANNEL<\/strong>. A ZOZI tamb\u00e9m foi respons\u00e1vel com outros trabalhos visuais da <strong>SWIM CHANNEL<\/strong>, como a reformula\u00e7\u00e3o da nova logomarca ap\u00f3s completar 10 anos de vida.<\/p>\n<figure id=\"attachment_62279\" aria-describedby=\"caption-attachment-62279\" style=\"width: 501px\" class=\"wp-caption alignnone\"><img loading=\"lazy\" decoding=\"async\" class=\"size-full wp-image-62279\" src=\"https:\/\/swimchannel.net\/br\/wp-content\/uploads\/2023\/11\/WhatsApp-Image-2023-11-28-at-16.55.59.jpeg\" alt=\"\" width=\"501\" height=\"630\" srcset=\"https:\/\/swimchannel.net\/br\/wp-content\/uploads\/2023\/11\/WhatsApp-Image-2023-11-28-at-16.55.59.jpeg 501w, https:\/\/swimchannel.net\/br\/wp-content\/uploads\/2023\/11\/WhatsApp-Image-2023-11-28-at-16.55.59-143x180.jpeg 143w\" sizes=\"auto, (max-width: 501px) 100vw, 501px\" \/><figcaption id=\"caption-attachment-62279\" class=\"wp-caption-text\">Klaus Bernhoeft &#8211; Foto: Arquivo pessoal<\/figcaption><\/figure>\n<p>Uma das caracter\u00edsticas do trabalho de Klaus, \u00e9 criar trabalhos leves e com sutileza onde toda a criatividade do designer aparece. E isso pode ser conferido nas artes dos Brasileiros de Ver\u00e3o que tamb\u00e9m viraram camisetas como vistas na galeria de fotos acima. Unindo suas duas paix\u00f5es, a arte e a nata\u00e7\u00e3o, Klaus segue presente na comunidade aqu\u00e1tica brindando a todos com seu talento.<\/p>\n","protected":false},"excerpt":{"rendered":"<p>Uma das grande novidades destes Campeonatos Brasileiros de Ver\u00e3o, al\u00e9m das transmiss\u00f5es ao vivo na SWIM CHANNEL TV, s\u00e3o as artes especiais de cada campeonato. No Campeonato Infantil, disputado semana passada em Recife, uma arraia ilustrava o cartaz oficial do evento. Na pr\u00f3xima semana, no Juvenil, ser\u00e1 um polvo. E no Brasileiro J\u00fanior e S\u00eanior [&hellip;]<\/p>\n","protected":false},"author":3,"featured_media":62254,"comment_status":"open","ping_status":"open","sticky":false,"template":"","format":"gallery","meta":{"footnotes":""},"categories":[137],"tags":[14,5664,194,420,5],"class_list":["post-62238","post","type-post","status-publish","format-gallery","has-post-thumbnail","hentry","category-natacao","tag-aguas-abertas","tag-arte","tag-cbda","tag-klaus-bernhoeft","tag-natacao","post_format-post-format-gallery"],"yoast_head":"<!-- This site is optimized with the Yoast SEO plugin v27.0 - https:\/\/yoast.com\/product\/yoast-seo-wordpress\/ -->\n<title>Klaus Bernhoeft assina arte de campanha dos eventos de nata\u00e7\u00e3o - Swimchannel<\/title>\n<meta name=\"robots\" content=\"index, follow, max-snippet:-1, max-image-preview:large, max-video-preview:-1\" \/>\n<link rel=\"canonical\" href=\"https:\/\/swimchannel.net\/br\/klaus-bernhoeft-assina-arte-de-campanha-dos-eventos-de-natacao\/\" \/>\n<meta property=\"og:locale\" content=\"pt_BR\" \/>\n<meta property=\"og:type\" content=\"article\" \/>\n<meta property=\"og:title\" content=\"Klaus Bernhoeft assina arte de campanha dos eventos de nata\u00e7\u00e3o - Swimchannel\" \/>\n<meta property=\"og:description\" content=\"Uma das grande novidades destes Campeonatos Brasileiros de Ver\u00e3o, al\u00e9m das transmiss\u00f5es ao vivo na SWIM CHANNEL TV, s\u00e3o as artes especiais de cada campeonato. No Campeonato Infantil, disputado semana passada em Recife, uma arraia ilustrava o cartaz oficial do evento. Na pr\u00f3xima semana, no Juvenil, ser\u00e1 um polvo. E no Brasileiro J\u00fanior e S\u00eanior [&hellip;]\" \/>\n<meta property=\"og:url\" content=\"https:\/\/swimchannel.net\/br\/klaus-bernhoeft-assina-arte-de-campanha-dos-eventos-de-natacao\/\" \/>\n<meta property=\"og:site_name\" content=\"Swimchannel\" \/>\n<meta property=\"article:publisher\" content=\"https:\/\/www.facebook.com\/swimchannel\" \/>\n<meta property=\"article:published_time\" content=\"2023-11-28T20:38:52+00:00\" \/>\n<meta property=\"article:modified_time\" content=\"2023-11-28T21:01:09+00:00\" \/>\n<meta property=\"og:image\" content=\"https:\/\/swimchannel.net\/br\/wp-content\/uploads\/2023\/11\/kalus-swim.jpg\" \/>\n\t<meta property=\"og:image:width\" content=\"767\" \/>\n\t<meta property=\"og:image:height\" content=\"630\" \/>\n\t<meta property=\"og:image:type\" content=\"image\/jpeg\" \/>\n<meta name=\"author\" content=\"Guilherme Freitas\" \/>\n<meta name=\"twitter:card\" content=\"summary_large_image\" \/>\n<meta name=\"twitter:label1\" content=\"Escrito por\" \/>\n\t<meta name=\"twitter:data1\" content=\"Guilherme Freitas\" \/>\n\t<meta name=\"twitter:label2\" content=\"Est. tempo de leitura\" \/>\n\t<meta name=\"twitter:data2\" content=\"2 minutos\" \/>\n<script type=\"application\/ld+json\" class=\"yoast-schema-graph\">{\"@context\":\"https:\/\/schema.org\",\"@graph\":[{\"@type\":\"Article\",\"@id\":\"https:\/\/swimchannel.net\/br\/klaus-bernhoeft-assina-arte-de-campanha-dos-eventos-de-natacao\/#article\",\"isPartOf\":{\"@id\":\"https:\/\/swimchannel.net\/br\/klaus-bernhoeft-assina-arte-de-campanha-dos-eventos-de-natacao\/\"},\"author\":{\"name\":\"Guilherme Freitas\",\"@id\":\"https:\/\/swimchannel.net\/br\/#\/schema\/person\/aa2a63bab3275f53749a83276b213c48\"},\"headline\":\"Klaus Bernhoeft assina arte de campanha dos eventos de nata\u00e7\u00e3o\",\"datePublished\":\"2023-11-28T20:38:52+00:00\",\"dateModified\":\"2023-11-28T21:01:09+00:00\",\"mainEntityOfPage\":{\"@id\":\"https:\/\/swimchannel.net\/br\/klaus-bernhoeft-assina-arte-de-campanha-dos-eventos-de-natacao\/\"},\"wordCount\":327,\"commentCount\":0,\"publisher\":{\"@id\":\"https:\/\/swimchannel.net\/br\/#organization\"},\"image\":{\"@id\":\"https:\/\/swimchannel.net\/br\/klaus-bernhoeft-assina-arte-de-campanha-dos-eventos-de-natacao\/#primaryimage\"},\"thumbnailUrl\":\"https:\/\/swimchannel.net\/br\/wp-content\/uploads\/2023\/11\/kalus-swim.jpg\",\"keywords\":[\"\u00c1guas abertas\",\"arte\",\"CBDA\",\"Klaus Bernhoeft\",\"natacao\"],\"articleSection\":[\"Nata\u00e7\u00e3o\"],\"inLanguage\":\"pt-BR\",\"potentialAction\":[{\"@type\":\"CommentAction\",\"name\":\"Comment\",\"target\":[\"https:\/\/swimchannel.net\/br\/klaus-bernhoeft-assina-arte-de-campanha-dos-eventos-de-natacao\/#respond\"]}]},{\"@type\":\"WebPage\",\"@id\":\"https:\/\/swimchannel.net\/br\/klaus-bernhoeft-assina-arte-de-campanha-dos-eventos-de-natacao\/\",\"url\":\"https:\/\/swimchannel.net\/br\/klaus-bernhoeft-assina-arte-de-campanha-dos-eventos-de-natacao\/\",\"name\":\"Klaus Bernhoeft assina arte de campanha dos eventos de nata\u00e7\u00e3o - Swimchannel\",\"isPartOf\":{\"@id\":\"https:\/\/swimchannel.net\/br\/#website\"},\"primaryImageOfPage\":{\"@id\":\"https:\/\/swimchannel.net\/br\/klaus-bernhoeft-assina-arte-de-campanha-dos-eventos-de-natacao\/#primaryimage\"},\"image\":{\"@id\":\"https:\/\/swimchannel.net\/br\/klaus-bernhoeft-assina-arte-de-campanha-dos-eventos-de-natacao\/#primaryimage\"},\"thumbnailUrl\":\"https:\/\/swimchannel.net\/br\/wp-content\/uploads\/2023\/11\/kalus-swim.jpg\",\"datePublished\":\"2023-11-28T20:38:52+00:00\",\"dateModified\":\"2023-11-28T21:01:09+00:00\",\"breadcrumb\":{\"@id\":\"https:\/\/swimchannel.net\/br\/klaus-bernhoeft-assina-arte-de-campanha-dos-eventos-de-natacao\/#breadcrumb\"},\"inLanguage\":\"pt-BR\",\"potentialAction\":[{\"@type\":\"ReadAction\",\"target\":[\"https:\/\/swimchannel.net\/br\/klaus-bernhoeft-assina-arte-de-campanha-dos-eventos-de-natacao\/\"]}]},{\"@type\":\"ImageObject\",\"inLanguage\":\"pt-BR\",\"@id\":\"https:\/\/swimchannel.net\/br\/klaus-bernhoeft-assina-arte-de-campanha-dos-eventos-de-natacao\/#primaryimage\",\"url\":\"https:\/\/swimchannel.net\/br\/wp-content\/uploads\/2023\/11\/kalus-swim.jpg\",\"contentUrl\":\"https:\/\/swimchannel.net\/br\/wp-content\/uploads\/2023\/11\/kalus-swim.jpg\",\"width\":767,\"height\":630,\"caption\":\"Klaus Bernhoeft - Foto: Arquivo pessoal\"},{\"@type\":\"BreadcrumbList\",\"@id\":\"https:\/\/swimchannel.net\/br\/klaus-bernhoeft-assina-arte-de-campanha-dos-eventos-de-natacao\/#breadcrumb\",\"itemListElement\":[{\"@type\":\"ListItem\",\"position\":1,\"name\":\"Home\",\"item\":\"https:\/\/swimchannel.net\/br\/\"},{\"@type\":\"ListItem\",\"position\":2,\"name\":\"Klaus Bernhoeft assina arte de campanha dos eventos de nata\u00e7\u00e3o\"}]},{\"@type\":\"WebSite\",\"@id\":\"https:\/\/swimchannel.net\/br\/#website\",\"url\":\"https:\/\/swimchannel.net\/br\/\",\"name\":\"Swimchannel\",\"description\":\"Maior portal de nata\u00e7\u00e3o da america latina\",\"publisher\":{\"@id\":\"https:\/\/swimchannel.net\/br\/#organization\"},\"potentialAction\":[{\"@type\":\"SearchAction\",\"target\":{\"@type\":\"EntryPoint\",\"urlTemplate\":\"https:\/\/swimchannel.net\/br\/?s={search_term_string}\"},\"query-input\":{\"@type\":\"PropertyValueSpecification\",\"valueRequired\":true,\"valueName\":\"search_term_string\"}}],\"inLanguage\":\"pt-BR\"},{\"@type\":\"Organization\",\"@id\":\"https:\/\/swimchannel.net\/br\/#organization\",\"name\":\"Swimchannel - Conectando voc\u00ea a Nata\u00e7\u00e3o\",\"url\":\"https:\/\/swimchannel.net\/br\/\",\"logo\":{\"@type\":\"ImageObject\",\"inLanguage\":\"pt-BR\",\"@id\":\"https:\/\/swimchannel.net\/br\/#\/schema\/logo\/image\/\",\"url\":\"https:\/\/swimchannel.net\/br\/wp-content\/uploads\/2026\/02\/SWIM-CHANNEL.png\",\"contentUrl\":\"https:\/\/swimchannel.net\/br\/wp-content\/uploads\/2026\/02\/SWIM-CHANNEL.png\",\"width\":1120,\"height\":630,\"caption\":\"Swimchannel - Conectando voc\u00ea a Nata\u00e7\u00e3o\"},\"image\":{\"@id\":\"https:\/\/swimchannel.net\/br\/#\/schema\/logo\/image\/\"},\"sameAs\":[\"https:\/\/www.facebook.com\/swimchannel\",\"https:\/\/www.instagram.com\/swimchannel\"]},{\"@type\":\"Person\",\"@id\":\"https:\/\/swimchannel.net\/br\/#\/schema\/person\/aa2a63bab3275f53749a83276b213c48\",\"name\":\"Guilherme Freitas\",\"image\":{\"@type\":\"ImageObject\",\"inLanguage\":\"pt-BR\",\"@id\":\"https:\/\/swimchannel.net\/br\/#\/schema\/person\/image\/\",\"url\":\"https:\/\/swimchannel.net\/br\/wp-content\/uploads\/2025\/10\/gui22-193x180.png\",\"contentUrl\":\"https:\/\/swimchannel.net\/br\/wp-content\/uploads\/2025\/10\/gui22-193x180.png\",\"caption\":\"Guilherme Freitas\"},\"description\":\"Jornalista s\u00eanior da SWIM CHANNEL, ex-correspondente da FINA no Brasil e pesquisador acad\u00eamico.\",\"sameAs\":[\"instagram.com\/guifreitas86\"],\"url\":\"https:\/\/swimchannel.net\/br\/author\/guilherme-freitas\/\"}]}<\/script>\n<!-- \/ Yoast SEO plugin. -->","yoast_head_json":{"title":"Klaus Bernhoeft assina arte de campanha dos eventos de nata\u00e7\u00e3o - Swimchannel","robots":{"index":"index","follow":"follow","max-snippet":"max-snippet:-1","max-image-preview":"max-image-preview:large","max-video-preview":"max-video-preview:-1"},"canonical":"https:\/\/swimchannel.net\/br\/klaus-bernhoeft-assina-arte-de-campanha-dos-eventos-de-natacao\/","og_locale":"pt_BR","og_type":"article","og_title":"Klaus Bernhoeft assina arte de campanha dos eventos de nata\u00e7\u00e3o - Swimchannel","og_description":"Uma das grande novidades destes Campeonatos Brasileiros de Ver\u00e3o, al\u00e9m das transmiss\u00f5es ao vivo na SWIM CHANNEL TV, s\u00e3o as artes especiais de cada campeonato. No Campeonato Infantil, disputado semana passada em Recife, uma arraia ilustrava o cartaz oficial do evento. Na pr\u00f3xima semana, no Juvenil, ser\u00e1 um polvo. E no Brasileiro J\u00fanior e S\u00eanior [&hellip;]","og_url":"https:\/\/swimchannel.net\/br\/klaus-bernhoeft-assina-arte-de-campanha-dos-eventos-de-natacao\/","og_site_name":"Swimchannel","article_publisher":"https:\/\/www.facebook.com\/swimchannel","article_published_time":"2023-11-28T20:38:52+00:00","article_modified_time":"2023-11-28T21:01:09+00:00","og_image":[{"width":767,"height":630,"url":"https:\/\/swimchannel.net\/br\/wp-content\/uploads\/2023\/11\/kalus-swim.jpg","type":"image\/jpeg"}],"author":"Guilherme Freitas","twitter_card":"summary_large_image","twitter_misc":{"Escrito por":"Guilherme Freitas","Est. tempo de leitura":"2 minutos"},"schema":{"@context":"https:\/\/schema.org","@graph":[{"@type":"Article","@id":"https:\/\/swimchannel.net\/br\/klaus-bernhoeft-assina-arte-de-campanha-dos-eventos-de-natacao\/#article","isPartOf":{"@id":"https:\/\/swimchannel.net\/br\/klaus-bernhoeft-assina-arte-de-campanha-dos-eventos-de-natacao\/"},"author":{"name":"Guilherme Freitas","@id":"https:\/\/swimchannel.net\/br\/#\/schema\/person\/aa2a63bab3275f53749a83276b213c48"},"headline":"Klaus Bernhoeft assina arte de campanha dos eventos de nata\u00e7\u00e3o","datePublished":"2023-11-28T20:38:52+00:00","dateModified":"2023-11-28T21:01:09+00:00","mainEntityOfPage":{"@id":"https:\/\/swimchannel.net\/br\/klaus-bernhoeft-assina-arte-de-campanha-dos-eventos-de-natacao\/"},"wordCount":327,"commentCount":0,"publisher":{"@id":"https:\/\/swimchannel.net\/br\/#organization"},"image":{"@id":"https:\/\/swimchannel.net\/br\/klaus-bernhoeft-assina-arte-de-campanha-dos-eventos-de-natacao\/#primaryimage"},"thumbnailUrl":"https:\/\/swimchannel.net\/br\/wp-content\/uploads\/2023\/11\/kalus-swim.jpg","keywords":["\u00c1guas abertas","arte","CBDA","Klaus Bernhoeft","natacao"],"articleSection":["Nata\u00e7\u00e3o"],"inLanguage":"pt-BR","potentialAction":[{"@type":"CommentAction","name":"Comment","target":["https:\/\/swimchannel.net\/br\/klaus-bernhoeft-assina-arte-de-campanha-dos-eventos-de-natacao\/#respond"]}]},{"@type":"WebPage","@id":"https:\/\/swimchannel.net\/br\/klaus-bernhoeft-assina-arte-de-campanha-dos-eventos-de-natacao\/","url":"https:\/\/swimchannel.net\/br\/klaus-bernhoeft-assina-arte-de-campanha-dos-eventos-de-natacao\/","name":"Klaus Bernhoeft assina arte de campanha dos eventos de nata\u00e7\u00e3o - Swimchannel","isPartOf":{"@id":"https:\/\/swimchannel.net\/br\/#website"},"primaryImageOfPage":{"@id":"https:\/\/swimchannel.net\/br\/klaus-bernhoeft-assina-arte-de-campanha-dos-eventos-de-natacao\/#primaryimage"},"image":{"@id":"https:\/\/swimchannel.net\/br\/klaus-bernhoeft-assina-arte-de-campanha-dos-eventos-de-natacao\/#primaryimage"},"thumbnailUrl":"https:\/\/swimchannel.net\/br\/wp-content\/uploads\/2023\/11\/kalus-swim.jpg","datePublished":"2023-11-28T20:38:52+00:00","dateModified":"2023-11-28T21:01:09+00:00","breadcrumb":{"@id":"https:\/\/swimchannel.net\/br\/klaus-bernhoeft-assina-arte-de-campanha-dos-eventos-de-natacao\/#breadcrumb"},"inLanguage":"pt-BR","potentialAction":[{"@type":"ReadAction","target":["https:\/\/swimchannel.net\/br\/klaus-bernhoeft-assina-arte-de-campanha-dos-eventos-de-natacao\/"]}]},{"@type":"ImageObject","inLanguage":"pt-BR","@id":"https:\/\/swimchannel.net\/br\/klaus-bernhoeft-assina-arte-de-campanha-dos-eventos-de-natacao\/#primaryimage","url":"https:\/\/swimchannel.net\/br\/wp-content\/uploads\/2023\/11\/kalus-swim.jpg","contentUrl":"https:\/\/swimchannel.net\/br\/wp-content\/uploads\/2023\/11\/kalus-swim.jpg","width":767,"height":630,"caption":"Klaus Bernhoeft - Foto: Arquivo pessoal"},{"@type":"BreadcrumbList","@id":"https:\/\/swimchannel.net\/br\/klaus-bernhoeft-assina-arte-de-campanha-dos-eventos-de-natacao\/#breadcrumb","itemListElement":[{"@type":"ListItem","position":1,"name":"Home","item":"https:\/\/swimchannel.net\/br\/"},{"@type":"ListItem","position":2,"name":"Klaus Bernhoeft assina arte de campanha dos eventos de nata\u00e7\u00e3o"}]},{"@type":"WebSite","@id":"https:\/\/swimchannel.net\/br\/#website","url":"https:\/\/swimchannel.net\/br\/","name":"Swimchannel","description":"Maior portal de nata\u00e7\u00e3o da america latina","publisher":{"@id":"https:\/\/swimchannel.net\/br\/#organization"},"potentialAction":[{"@type":"SearchAction","target":{"@type":"EntryPoint","urlTemplate":"https:\/\/swimchannel.net\/br\/?s={search_term_string}"},"query-input":{"@type":"PropertyValueSpecification","valueRequired":true,"valueName":"search_term_string"}}],"inLanguage":"pt-BR"},{"@type":"Organization","@id":"https:\/\/swimchannel.net\/br\/#organization","name":"Swimchannel - Conectando voc\u00ea a Nata\u00e7\u00e3o","url":"https:\/\/swimchannel.net\/br\/","logo":{"@type":"ImageObject","inLanguage":"pt-BR","@id":"https:\/\/swimchannel.net\/br\/#\/schema\/logo\/image\/","url":"https:\/\/swimchannel.net\/br\/wp-content\/uploads\/2026\/02\/SWIM-CHANNEL.png","contentUrl":"https:\/\/swimchannel.net\/br\/wp-content\/uploads\/2026\/02\/SWIM-CHANNEL.png","width":1120,"height":630,"caption":"Swimchannel - Conectando voc\u00ea a Nata\u00e7\u00e3o"},"image":{"@id":"https:\/\/swimchannel.net\/br\/#\/schema\/logo\/image\/"},"sameAs":["https:\/\/www.facebook.com\/swimchannel","https:\/\/www.instagram.com\/swimchannel"]},{"@type":"Person","@id":"https:\/\/swimchannel.net\/br\/#\/schema\/person\/aa2a63bab3275f53749a83276b213c48","name":"Guilherme Freitas","image":{"@type":"ImageObject","inLanguage":"pt-BR","@id":"https:\/\/swimchannel.net\/br\/#\/schema\/person\/image\/","url":"https:\/\/swimchannel.net\/br\/wp-content\/uploads\/2025\/10\/gui22-193x180.png","contentUrl":"https:\/\/swimchannel.net\/br\/wp-content\/uploads\/2025\/10\/gui22-193x180.png","caption":"Guilherme Freitas"},"description":"Jornalista s\u00eanior da SWIM CHANNEL, ex-correspondente da FINA no Brasil e pesquisador acad\u00eamico.","sameAs":["instagram.com\/guifreitas86"],"url":"https:\/\/swimchannel.net\/br\/author\/guilherme-freitas\/"}]}},"_links":{"self":[{"href":"https:\/\/swimchannel.net\/br\/wp-json\/wp\/v2\/posts\/62238","targetHints":{"allow":["GET"]}}],"collection":[{"href":"https:\/\/swimchannel.net\/br\/wp-json\/wp\/v2\/posts"}],"about":[{"href":"https:\/\/swimchannel.net\/br\/wp-json\/wp\/v2\/types\/post"}],"author":[{"embeddable":true,"href":"https:\/\/swimchannel.net\/br\/wp-json\/wp\/v2\/users\/3"}],"replies":[{"embeddable":true,"href":"https:\/\/swimchannel.net\/br\/wp-json\/wp\/v2\/comments?post=62238"}],"version-history":[{"count":4,"href":"https:\/\/swimchannel.net\/br\/wp-json\/wp\/v2\/posts\/62238\/revisions"}],"predecessor-version":[{"id":62280,"href":"https:\/\/swimchannel.net\/br\/wp-json\/wp\/v2\/posts\/62238\/revisions\/62280"}],"wp:featuredmedia":[{"embeddable":true,"href":"https:\/\/swimchannel.net\/br\/wp-json\/wp\/v2\/media\/62254"}],"wp:attachment":[{"href":"https:\/\/swimchannel.net\/br\/wp-json\/wp\/v2\/media?parent=62238"}],"wp:term":[{"taxonomy":"category","embeddable":true,"href":"https:\/\/swimchannel.net\/br\/wp-json\/wp\/v2\/categories?post=62238"},{"taxonomy":"post_tag","embeddable":true,"href":"https:\/\/swimchannel.net\/br\/wp-json\/wp\/v2\/tags?post=62238"}],"curies":[{"name":"wp","href":"https:\/\/api.w.org\/{rel}","templated":true}]}}