{"id":62490,"date":"2023-12-06T19:31:20","date_gmt":"2023-12-06T22:31:20","guid":{"rendered":"https:\/\/swimchannel.net\/br\/?p=62490"},"modified":"2026-03-31T13:50:59","modified_gmt":"2026-03-31T16:50:59","slug":"noe-ponti-quebra-o-recorde-continental-dos-100m-borboleta-no-dia-2-do-europeu-de-curta","status":"publish","type":"post","link":"https:\/\/swimchannel.net\/br\/noe-ponti-quebra-o-recorde-continental-dos-100m-borboleta-no-dia-2-do-europeu-de-curta\/","title":{"rendered":"Noe Ponti quebra o recorde continental dos 100m borboleta no dia 2 do Europeu de Curta"},"content":{"rendered":"<p>No\u00e8 Ponti da Sui\u00e7a foi o nome de destaque do segundo dia do Campeonato Europeu de Piscina Curta em Otopeni, na Romenia. Ponti venceu os 100m borboleta com 48.47 batendo o recorde europeu da prova que pertencia ao russo Yevgeni Korotyshkin desde 2009.<\/p>\n<p>Ponti, medalha de bronze nos 100 borboleta nos Jogos Ol\u00edmpicos de T\u00f3quio, ganhou seu primeiro t\u00edtulo europeu da carreira. Ano passado, ele foi prata nos 100 borboleta no Europeu de Longa em Roma. Seus parciais na prova 22.68 com volta de 25.79.<\/p>\n<p><strong>Vencedores de provas do dia 2:<\/strong><br \/>\n50m livre feminino \u2013 Michelle Coleman da Su\u00e9cia 23.52<br \/>\n50m costas masculino \u2013 Mesen Tomac da Fran\u00e7a 22.84<br \/>\n100m peito feminino \u2013 Eneli Jefimova da Est\u00f4nia 1:03.21<br \/>\n100m borboleta masculino \u2013 Noe Ponti da Suina 48.47 recorde europeu<br \/>\n800m livre feminino \u2013 Anastasia Kirpichnikova da Fran\u00e7a 8:08.48<br \/>\nRevezamento 4x50m medley masculino \u2013 It\u00e1lia 1:30.78<br \/>\nLorenzo Mora 22.98, Nicolo Martinenghi 25.32, Thomas Ceccon 22.05, Lorenzo Zazzeri 20.43<\/p>\n<p><strong>Link para os resultados completos:<\/strong><br \/>\n<a href=\"https:\/\/www.omegatiming.com\/2023\/len-short-course-european-championships-live-results\">https:\/\/www.omegatiming.com\/2023\/len-short-course-european-championships-live-results<\/a><\/p>\n","protected":false},"excerpt":{"rendered":"<p>No\u00e8 Ponti da Sui\u00e7a foi o nome de destaque do segundo dia do Campeonato Europeu de Piscina Curta em Otopeni, na Romenia. Ponti venceu os 100m borboleta com 48.47 batendo o recorde europeu da prova que pertencia ao russo Yevgeni Korotyshkin desde 2009. Ponti, medalha de bronze nos 100 borboleta nos Jogos Ol\u00edmpicos de T\u00f3quio, [&hellip;]<\/p>\n","protected":false},"author":12,"featured_media":0,"comment_status":"open","ping_status":"open","sticky":false,"template":"","format":"standard","meta":{"footnotes":""},"categories":[137,2576],"tags":[2060,5,5691],"class_list":["post-62490","post","type-post","status-publish","format-standard","hentry","category-natacao","category-ultimas-noticias","tag-campeonato-europeu-de-piscina-curta","tag-natacao","tag-noe-ponti"],"yoast_head":"<!-- This site is optimized with the Yoast SEO plugin v27.0 - https:\/\/yoast.com\/product\/yoast-seo-wordpress\/ -->\n<title>Noe Ponti quebra o recorde continental dos 100m borboleta no dia 2 do Europeu de Curta - Swimchannel<\/title>\n<meta name=\"robots\" content=\"index, follow, max-snippet:-1, max-image-preview:large, max-video-preview:-1\" \/>\n<link rel=\"canonical\" href=\"https:\/\/swimchannel.net\/br\/noe-ponti-quebra-o-recorde-continental-dos-100m-borboleta-no-dia-2-do-europeu-de-curta\/\" \/>\n<meta property=\"og:locale\" content=\"pt_BR\" \/>\n<meta property=\"og:type\" content=\"article\" \/>\n<meta property=\"og:title\" content=\"Noe Ponti quebra o recorde continental dos 100m borboleta no dia 2 do Europeu de Curta - Swimchannel\" \/>\n<meta property=\"og:description\" content=\"No\u00e8 Ponti da Sui\u00e7a foi o nome de destaque do segundo dia do Campeonato Europeu de Piscina Curta em Otopeni, na Romenia. Ponti venceu os 100m borboleta com 48.47 batendo o recorde europeu da prova que pertencia ao russo Yevgeni Korotyshkin desde 2009. Ponti, medalha de bronze nos 100 borboleta nos Jogos Ol\u00edmpicos de T\u00f3quio, [&hellip;]\" \/>\n<meta property=\"og:url\" content=\"https:\/\/swimchannel.net\/br\/noe-ponti-quebra-o-recorde-continental-dos-100m-borboleta-no-dia-2-do-europeu-de-curta\/\" \/>\n<meta property=\"og:site_name\" content=\"Swimchannel\" \/>\n<meta property=\"article:publisher\" content=\"https:\/\/www.facebook.com\/swimchannel\" \/>\n<meta property=\"article:published_time\" content=\"2023-12-06T22:31:20+00:00\" \/>\n<meta property=\"article:modified_time\" content=\"2026-03-31T16:50:59+00:00\" \/>\n<meta name=\"author\" content=\"Alex Pussieldi\" \/>\n<meta name=\"twitter:card\" content=\"summary_large_image\" \/>\n<meta name=\"twitter:label1\" content=\"Escrito por\" \/>\n\t<meta name=\"twitter:data1\" content=\"Alex Pussieldi\" \/>\n\t<meta name=\"twitter:label2\" content=\"Est. tempo de leitura\" \/>\n\t<meta name=\"twitter:data2\" content=\"2 minutos\" \/>\n<script type=\"application\/ld+json\" class=\"yoast-schema-graph\">{\"@context\":\"https:\/\/schema.org\",\"@graph\":[{\"@type\":\"Article\",\"@id\":\"https:\/\/swimchannel.net\/br\/noe-ponti-quebra-o-recorde-continental-dos-100m-borboleta-no-dia-2-do-europeu-de-curta\/#article\",\"isPartOf\":{\"@id\":\"https:\/\/swimchannel.net\/br\/noe-ponti-quebra-o-recorde-continental-dos-100m-borboleta-no-dia-2-do-europeu-de-curta\/\"},\"author\":{\"name\":\"Alex Pussieldi\",\"@id\":\"https:\/\/swimchannel.net\/br\/#\/schema\/person\/cf549cb99cf75592fcf7c76213385e63\"},\"headline\":\"Noe Ponti quebra o recorde continental dos 100m borboleta no dia 2 do Europeu de Curta\",\"datePublished\":\"2023-12-06T22:31:20+00:00\",\"dateModified\":\"2026-03-31T16:50:59+00:00\",\"mainEntityOfPage\":{\"@id\":\"https:\/\/swimchannel.net\/br\/noe-ponti-quebra-o-recorde-continental-dos-100m-borboleta-no-dia-2-do-europeu-de-curta\/\"},\"wordCount\":169,\"commentCount\":0,\"publisher\":{\"@id\":\"https:\/\/swimchannel.net\/br\/#organization\"},\"keywords\":[\"Campeonato Europeu de Piscina Curta\",\"natacao\",\"noe ponti\"],\"articleSection\":[\"Nata\u00e7\u00e3o\",\"\u00daltimas Not\u00edcias\"],\"inLanguage\":\"pt-BR\",\"potentialAction\":[{\"@type\":\"CommentAction\",\"name\":\"Comment\",\"target\":[\"https:\/\/swimchannel.net\/br\/noe-ponti-quebra-o-recorde-continental-dos-100m-borboleta-no-dia-2-do-europeu-de-curta\/#respond\"]}]},{\"@type\":\"WebPage\",\"@id\":\"https:\/\/swimchannel.net\/br\/noe-ponti-quebra-o-recorde-continental-dos-100m-borboleta-no-dia-2-do-europeu-de-curta\/\",\"url\":\"https:\/\/swimchannel.net\/br\/noe-ponti-quebra-o-recorde-continental-dos-100m-borboleta-no-dia-2-do-europeu-de-curta\/\",\"name\":\"Noe Ponti quebra o recorde continental dos 100m borboleta no dia 2 do Europeu de Curta - Swimchannel\",\"isPartOf\":{\"@id\":\"https:\/\/swimchannel.net\/br\/#website\"},\"datePublished\":\"2023-12-06T22:31:20+00:00\",\"dateModified\":\"2026-03-31T16:50:59+00:00\",\"breadcrumb\":{\"@id\":\"https:\/\/swimchannel.net\/br\/noe-ponti-quebra-o-recorde-continental-dos-100m-borboleta-no-dia-2-do-europeu-de-curta\/#breadcrumb\"},\"inLanguage\":\"pt-BR\",\"potentialAction\":[{\"@type\":\"ReadAction\",\"target\":[\"https:\/\/swimchannel.net\/br\/noe-ponti-quebra-o-recorde-continental-dos-100m-borboleta-no-dia-2-do-europeu-de-curta\/\"]}]},{\"@type\":\"BreadcrumbList\",\"@id\":\"https:\/\/swimchannel.net\/br\/noe-ponti-quebra-o-recorde-continental-dos-100m-borboleta-no-dia-2-do-europeu-de-curta\/#breadcrumb\",\"itemListElement\":[{\"@type\":\"ListItem\",\"position\":1,\"name\":\"Home\",\"item\":\"https:\/\/swimchannel.net\/br\/\"},{\"@type\":\"ListItem\",\"position\":2,\"name\":\"Noe Ponti quebra o recorde continental dos 100m borboleta no dia 2 do Europeu de Curta\"}]},{\"@type\":\"WebSite\",\"@id\":\"https:\/\/swimchannel.net\/br\/#website\",\"url\":\"https:\/\/swimchannel.net\/br\/\",\"name\":\"Swimchannel\",\"description\":\"Maior portal de nata\u00e7\u00e3o da america latina\",\"publisher\":{\"@id\":\"https:\/\/swimchannel.net\/br\/#organization\"},\"potentialAction\":[{\"@type\":\"SearchAction\",\"target\":{\"@type\":\"EntryPoint\",\"urlTemplate\":\"https:\/\/swimchannel.net\/br\/?s={search_term_string}\"},\"query-input\":{\"@type\":\"PropertyValueSpecification\",\"valueRequired\":true,\"valueName\":\"search_term_string\"}}],\"inLanguage\":\"pt-BR\"},{\"@type\":\"Organization\",\"@id\":\"https:\/\/swimchannel.net\/br\/#organization\",\"name\":\"Swimchannel - Conectando voc\u00ea a Nata\u00e7\u00e3o\",\"url\":\"https:\/\/swimchannel.net\/br\/\",\"logo\":{\"@type\":\"ImageObject\",\"inLanguage\":\"pt-BR\",\"@id\":\"https:\/\/swimchannel.net\/br\/#\/schema\/logo\/image\/\",\"url\":\"https:\/\/swimchannel.net\/br\/wp-content\/uploads\/2026\/02\/SWIM-CHANNEL.png\",\"contentUrl\":\"https:\/\/swimchannel.net\/br\/wp-content\/uploads\/2026\/02\/SWIM-CHANNEL.png\",\"width\":1120,\"height\":630,\"caption\":\"Swimchannel - Conectando voc\u00ea a Nata\u00e7\u00e3o\"},\"image\":{\"@id\":\"https:\/\/swimchannel.net\/br\/#\/schema\/logo\/image\/\"},\"sameAs\":[\"https:\/\/www.facebook.com\/swimchannel\",\"https:\/\/www.instagram.com\/swimchannel\"]},{\"@type\":\"Person\",\"@id\":\"https:\/\/swimchannel.net\/br\/#\/schema\/person\/cf549cb99cf75592fcf7c76213385e63\",\"name\":\"Alex Pussieldi\",\"image\":{\"@type\":\"ImageObject\",\"inLanguage\":\"pt-BR\",\"@id\":\"https:\/\/swimchannel.net\/br\/#\/schema\/person\/image\/\",\"url\":\"https:\/\/swimchannel.net\/br\/wp-content\/uploads\/2021\/02\/9b1c252d-a4bd-4eda-b399-24565cac4114-100x100.jpg\",\"contentUrl\":\"https:\/\/swimchannel.net\/br\/wp-content\/uploads\/2021\/02\/9b1c252d-a4bd-4eda-b399-24565cac4114-100x100.jpg\",\"caption\":\"Alex Pussieldi\"},\"description\":\"Alexandre Pussieldi, apelidado de \u201ccoach\u201d, Foi t\u00e9cnico da sele\u00e7\u00e3o verde e amarela nas Olimp\u00edadas de Pequim-2008 e Londres-2012. O treinador ainda comandou outros quatro pa\u00edses: Kuwait, Paraguai, Aruba e Antilhas Holandesas, al\u00e9m da sele\u00e7\u00e3o americana de \u00e1guas abertas. Pussieldi tem passagens como comentarista de nata\u00e7\u00e3o do Grupo Globo e Swim Channel.\",\"url\":\"https:\/\/swimchannel.net\/br\/author\/alexpussieldi\/\"}]}<\/script>\n<!-- \/ Yoast SEO plugin. -->","yoast_head_json":{"title":"Noe Ponti quebra o recorde continental dos 100m borboleta no dia 2 do Europeu de Curta - Swimchannel","robots":{"index":"index","follow":"follow","max-snippet":"max-snippet:-1","max-image-preview":"max-image-preview:large","max-video-preview":"max-video-preview:-1"},"canonical":"https:\/\/swimchannel.net\/br\/noe-ponti-quebra-o-recorde-continental-dos-100m-borboleta-no-dia-2-do-europeu-de-curta\/","og_locale":"pt_BR","og_type":"article","og_title":"Noe Ponti quebra o recorde continental dos 100m borboleta no dia 2 do Europeu de Curta - Swimchannel","og_description":"No\u00e8 Ponti da Sui\u00e7a foi o nome de destaque do segundo dia do Campeonato Europeu de Piscina Curta em Otopeni, na Romenia. Ponti venceu os 100m borboleta com 48.47 batendo o recorde europeu da prova que pertencia ao russo Yevgeni Korotyshkin desde 2009. Ponti, medalha de bronze nos 100 borboleta nos Jogos Ol\u00edmpicos de T\u00f3quio, [&hellip;]","og_url":"https:\/\/swimchannel.net\/br\/noe-ponti-quebra-o-recorde-continental-dos-100m-borboleta-no-dia-2-do-europeu-de-curta\/","og_site_name":"Swimchannel","article_publisher":"https:\/\/www.facebook.com\/swimchannel","article_published_time":"2023-12-06T22:31:20+00:00","article_modified_time":"2026-03-31T16:50:59+00:00","author":"Alex Pussieldi","twitter_card":"summary_large_image","twitter_misc":{"Escrito por":"Alex Pussieldi","Est. tempo de leitura":"2 minutos"},"schema":{"@context":"https:\/\/schema.org","@graph":[{"@type":"Article","@id":"https:\/\/swimchannel.net\/br\/noe-ponti-quebra-o-recorde-continental-dos-100m-borboleta-no-dia-2-do-europeu-de-curta\/#article","isPartOf":{"@id":"https:\/\/swimchannel.net\/br\/noe-ponti-quebra-o-recorde-continental-dos-100m-borboleta-no-dia-2-do-europeu-de-curta\/"},"author":{"name":"Alex Pussieldi","@id":"https:\/\/swimchannel.net\/br\/#\/schema\/person\/cf549cb99cf75592fcf7c76213385e63"},"headline":"Noe Ponti quebra o recorde continental dos 100m borboleta no dia 2 do Europeu de Curta","datePublished":"2023-12-06T22:31:20+00:00","dateModified":"2026-03-31T16:50:59+00:00","mainEntityOfPage":{"@id":"https:\/\/swimchannel.net\/br\/noe-ponti-quebra-o-recorde-continental-dos-100m-borboleta-no-dia-2-do-europeu-de-curta\/"},"wordCount":169,"commentCount":0,"publisher":{"@id":"https:\/\/swimchannel.net\/br\/#organization"},"keywords":["Campeonato Europeu de Piscina Curta","natacao","noe ponti"],"articleSection":["Nata\u00e7\u00e3o","\u00daltimas Not\u00edcias"],"inLanguage":"pt-BR","potentialAction":[{"@type":"CommentAction","name":"Comment","target":["https:\/\/swimchannel.net\/br\/noe-ponti-quebra-o-recorde-continental-dos-100m-borboleta-no-dia-2-do-europeu-de-curta\/#respond"]}]},{"@type":"WebPage","@id":"https:\/\/swimchannel.net\/br\/noe-ponti-quebra-o-recorde-continental-dos-100m-borboleta-no-dia-2-do-europeu-de-curta\/","url":"https:\/\/swimchannel.net\/br\/noe-ponti-quebra-o-recorde-continental-dos-100m-borboleta-no-dia-2-do-europeu-de-curta\/","name":"Noe Ponti quebra o recorde continental dos 100m borboleta no dia 2 do Europeu de Curta - Swimchannel","isPartOf":{"@id":"https:\/\/swimchannel.net\/br\/#website"},"datePublished":"2023-12-06T22:31:20+00:00","dateModified":"2026-03-31T16:50:59+00:00","breadcrumb":{"@id":"https:\/\/swimchannel.net\/br\/noe-ponti-quebra-o-recorde-continental-dos-100m-borboleta-no-dia-2-do-europeu-de-curta\/#breadcrumb"},"inLanguage":"pt-BR","potentialAction":[{"@type":"ReadAction","target":["https:\/\/swimchannel.net\/br\/noe-ponti-quebra-o-recorde-continental-dos-100m-borboleta-no-dia-2-do-europeu-de-curta\/"]}]},{"@type":"BreadcrumbList","@id":"https:\/\/swimchannel.net\/br\/noe-ponti-quebra-o-recorde-continental-dos-100m-borboleta-no-dia-2-do-europeu-de-curta\/#breadcrumb","itemListElement":[{"@type":"ListItem","position":1,"name":"Home","item":"https:\/\/swimchannel.net\/br\/"},{"@type":"ListItem","position":2,"name":"Noe Ponti quebra o recorde continental dos 100m borboleta no dia 2 do Europeu de Curta"}]},{"@type":"WebSite","@id":"https:\/\/swimchannel.net\/br\/#website","url":"https:\/\/swimchannel.net\/br\/","name":"Swimchannel","description":"Maior portal de nata\u00e7\u00e3o da america latina","publisher":{"@id":"https:\/\/swimchannel.net\/br\/#organization"},"potentialAction":[{"@type":"SearchAction","target":{"@type":"EntryPoint","urlTemplate":"https:\/\/swimchannel.net\/br\/?s={search_term_string}"},"query-input":{"@type":"PropertyValueSpecification","valueRequired":true,"valueName":"search_term_string"}}],"inLanguage":"pt-BR"},{"@type":"Organization","@id":"https:\/\/swimchannel.net\/br\/#organization","name":"Swimchannel - Conectando voc\u00ea a Nata\u00e7\u00e3o","url":"https:\/\/swimchannel.net\/br\/","logo":{"@type":"ImageObject","inLanguage":"pt-BR","@id":"https:\/\/swimchannel.net\/br\/#\/schema\/logo\/image\/","url":"https:\/\/swimchannel.net\/br\/wp-content\/uploads\/2026\/02\/SWIM-CHANNEL.png","contentUrl":"https:\/\/swimchannel.net\/br\/wp-content\/uploads\/2026\/02\/SWIM-CHANNEL.png","width":1120,"height":630,"caption":"Swimchannel - Conectando voc\u00ea a Nata\u00e7\u00e3o"},"image":{"@id":"https:\/\/swimchannel.net\/br\/#\/schema\/logo\/image\/"},"sameAs":["https:\/\/www.facebook.com\/swimchannel","https:\/\/www.instagram.com\/swimchannel"]},{"@type":"Person","@id":"https:\/\/swimchannel.net\/br\/#\/schema\/person\/cf549cb99cf75592fcf7c76213385e63","name":"Alex Pussieldi","image":{"@type":"ImageObject","inLanguage":"pt-BR","@id":"https:\/\/swimchannel.net\/br\/#\/schema\/person\/image\/","url":"https:\/\/swimchannel.net\/br\/wp-content\/uploads\/2021\/02\/9b1c252d-a4bd-4eda-b399-24565cac4114-100x100.jpg","contentUrl":"https:\/\/swimchannel.net\/br\/wp-content\/uploads\/2021\/02\/9b1c252d-a4bd-4eda-b399-24565cac4114-100x100.jpg","caption":"Alex Pussieldi"},"description":"Alexandre Pussieldi, apelidado de \u201ccoach\u201d, Foi t\u00e9cnico da sele\u00e7\u00e3o verde e amarela nas Olimp\u00edadas de Pequim-2008 e Londres-2012. O treinador ainda comandou outros quatro pa\u00edses: Kuwait, Paraguai, Aruba e Antilhas Holandesas, al\u00e9m da sele\u00e7\u00e3o americana de \u00e1guas abertas. Pussieldi tem passagens como comentarista de nata\u00e7\u00e3o do Grupo Globo e Swim Channel.","url":"https:\/\/swimchannel.net\/br\/author\/alexpussieldi\/"}]}},"_links":{"self":[{"href":"https:\/\/swimchannel.net\/br\/wp-json\/wp\/v2\/posts\/62490","targetHints":{"allow":["GET"]}}],"collection":[{"href":"https:\/\/swimchannel.net\/br\/wp-json\/wp\/v2\/posts"}],"about":[{"href":"https:\/\/swimchannel.net\/br\/wp-json\/wp\/v2\/types\/post"}],"author":[{"embeddable":true,"href":"https:\/\/swimchannel.net\/br\/wp-json\/wp\/v2\/users\/12"}],"replies":[{"embeddable":true,"href":"https:\/\/swimchannel.net\/br\/wp-json\/wp\/v2\/comments?post=62490"}],"version-history":[{"count":1,"href":"https:\/\/swimchannel.net\/br\/wp-json\/wp\/v2\/posts\/62490\/revisions"}],"predecessor-version":[{"id":62492,"href":"https:\/\/swimchannel.net\/br\/wp-json\/wp\/v2\/posts\/62490\/revisions\/62492"}],"wp:attachment":[{"href":"https:\/\/swimchannel.net\/br\/wp-json\/wp\/v2\/media?parent=62490"}],"wp:term":[{"taxonomy":"category","embeddable":true,"href":"https:\/\/swimchannel.net\/br\/wp-json\/wp\/v2\/categories?post=62490"},{"taxonomy":"post_tag","embeddable":true,"href":"https:\/\/swimchannel.net\/br\/wp-json\/wp\/v2\/tags?post=62490"}],"curies":[{"name":"wp","href":"https:\/\/api.w.org\/{rel}","templated":true}]}}