{"id":62663,"date":"2023-12-15T12:21:08","date_gmt":"2023-12-15T15:21:08","guid":{"rendered":"https:\/\/swimchannel.net\/br\/?p=62663"},"modified":"2023-12-15T12:55:11","modified_gmt":"2023-12-15T15:55:11","slug":"eduardo-marques-e-leticia-wirth-vencem-4a-edicao-da-travessia-da-pinheira","status":"publish","type":"post","link":"https:\/\/swimchannel.net\/br\/eduardo-marques-e-leticia-wirth-vencem-4a-edicao-da-travessia-da-pinheira\/","title":{"rendered":"Eduardo Marques e Let\u00edcia Wirth vencem 4\u00aa edi\u00e7\u00e3o da Travessia da Pinheira"},"content":{"rendered":"<p>A 4\u00aa edi\u00e7\u00e3o da Travessia da Pinheira foi realizada no \u00faltimo final de semana (13 a 15 de dezembro) no 4\u00ba Festival Bela Palho\u00e7a, em Santa Catarina (SC). A competi\u00e7\u00e3o foi adiada devido a possibilidade de mau tempo e a dire\u00e7\u00e3o da prova optou pela realiza\u00e7\u00e3o do evento no Festval que reuniu mais de 1.500 atletas.<\/p>\n<p>A competi\u00e7\u00e3o contou com atletas de diversas partes do pa\u00eds e foi realizada Ponta do Papagaio. O Festival Bela Palho\u00e7a incluiu a edi\u00e7\u00e3o de encerramento da temporada 2023 do Circuito Ocean, que passou ao longo do ano pelo litoral catarinense.<\/p>\n<p>A Travessia da Pinheira, de 5 km, foi disputada na modalidade solo ou de revezamento de trio. A prova contou com 85 participantes, vindos principalmente dos estados do Sul e S\u00e3o Paulo, e que teve como os grandes campe\u00f5es os atletas do Gr\u00eamio N\u00e1utico Uni\u00e3o: Eduardo Marques e Let\u00edcia Fleck Wirth.<\/p>\n<p>Veja o resultado completo da Travessia\u00a0<a href=\"https:\/\/www.pdaesportes.com.br\/_files\/ugd\/397cc9_6b6b94e220ee4fd39eb2f886426473b7.pdf\">aqui.\u00a0<\/a><\/p>\n<blockquote class=\"instagram-media\" style=\"background: #FFF; border: 0; border-radius: 3px; box-shadow: 0 0 1px 0 rgba(0,0,0,0.5),0 1px 10px 0 rgba(0,0,0,0.15); margin: 1px; max-width: 540px; min-width: 326px; padding: 0; width: calc(100% - 2px);\" data-instgrm-captioned=\"\" data-instgrm-permalink=\"https:\/\/www.instagram.com\/reel\/C0or_-4LUBW\/?utm_source=ig_embed&amp;utm_campaign=loading\" data-instgrm-version=\"14\">\n<div style=\"padding: 16px;\">\n<p>&nbsp;<\/p>\n<div style=\"display: flex; flex-direction: row; align-items: center;\">\n<div style=\"background-color: #f4f4f4; border-radius: 50%; flex-grow: 0; height: 40px; margin-right: 14px; width: 40px;\"><\/div>\n<div style=\"display: flex; flex-direction: column; flex-grow: 1; justify-content: center;\">\n<div style=\"background-color: #f4f4f4; border-radius: 4px; flex-grow: 0; height: 14px; margin-bottom: 6px; width: 100px;\"><\/div>\n<div style=\"background-color: #f4f4f4; border-radius: 4px; flex-grow: 0; height: 14px; width: 60px;\"><\/div>\n<\/div>\n<\/div>\n<div style=\"padding: 19% 0;\"><\/div>\n<div style=\"display: block; height: 50px; margin: 0 auto 12px; width: 50px;\"><\/div>\n<div style=\"padding-top: 8px;\">\n<div style=\"color: #3897f0; font-family: Arial,sans-serif; font-size: 14px; font-style: normal; font-weight: 550; line-height: 18px;\">Ver essa foto no Instagram<\/div>\n<\/div>\n<div style=\"padding: 12.5% 0;\"><\/div>\n<div style=\"display: flex; flex-direction: row; margin-bottom: 14px; align-items: center;\">\n<div>\n<div style=\"background-color: #f4f4f4; border-radius: 50%; height: 12.5px; width: 12.5px; transform: translateX(0px) translateY(7px);\"><\/div>\n<div style=\"background-color: #f4f4f4; height: 12.5px; transform: rotate(-45deg) translateX(3px) translateY(1px); width: 12.5px; flex-grow: 0; margin-right: 14px; margin-left: 2px;\"><\/div>\n<div style=\"background-color: #f4f4f4; border-radius: 50%; height: 12.5px; width: 12.5px; transform: translateX(9px) translateY(-18px);\"><\/div>\n<\/div>\n<div style=\"margin-left: 8px;\">\n<div style=\"background-color: #f4f4f4; border-radius: 50%; flex-grow: 0; height: 20px; width: 20px;\"><\/div>\n<div style=\"width: 0; height: 0; border-top: 2px solid transparent; border-left: 6px solid #f4f4f4; border-bottom: 2px solid transparent; transform: translateX(16px) translateY(-4px) rotate(30deg);\"><\/div>\n<\/div>\n<div style=\"margin-left: auto;\">\n<div style=\"width: 0px; border-top: 8px solid #F4F4F4; border-right: 8px solid transparent; transform: translateY(16px);\"><\/div>\n<div style=\"background-color: #f4f4f4; flex-grow: 0; height: 12px; width: 16px; transform: translateY(-4px);\"><\/div>\n<div style=\"width: 0; height: 0; border-top: 8px solid #F4F4F4; border-left: 8px solid transparent; transform: translateY(-4px) translateX(8px);\"><\/div>\n<\/div>\n<\/div>\n<div style=\"display: flex; flex-direction: column; flex-grow: 1; justify-content: center; margin-bottom: 24px;\">\n<div style=\"background-color: #f4f4f4; border-radius: 4px; flex-grow: 0; height: 14px; margin-bottom: 6px; width: 224px;\"><\/div>\n<div style=\"background-color: #f4f4f4; border-radius: 4px; flex-grow: 0; height: 14px; width: 144px;\"><\/div>\n<\/div>\n<p>&nbsp;<\/p>\n<p style=\"color: #c9c8cd; font-family: Arial,sans-serif; font-size: 14px; line-height: 17px; margin-bottom: 0; margin-top: 8px; overflow: hidden; padding: 8px 0 7px; text-align: center; text-overflow: ellipsis; white-space: nowrap;\"><a style=\"color: #c9c8cd; font-family: Arial,sans-serif; font-size: 14px; font-style: normal; font-weight: normal; line-height: 17px; text-decoration: none;\" href=\"https:\/\/www.instagram.com\/reel\/C0or_-4LUBW\/?utm_source=ig_embed&amp;utm_campaign=loading\" target=\"_blank\" rel=\"noopener\">Uma publica\u00e7\u00e3o compartilhada por Nade com a PDA Esportes (@nadecomapda)<\/a><\/p>\n<\/div>\n<\/blockquote>\n<p><script async src=\"\/\/www.instagram.com\/embed.js\"><\/script><\/p>\n<p>No feminino, Let\u00edcia Fleck Wirth nadou a prova em 1h35min garantindo a primeira coloca\u00e7\u00e3o. Gabriela Perry da F5 Team foi a segunda (1h37min) e Carla Dal Ri da VATRI Ass.Esportiva fechou o p\u00f3dio em terceiro com o tempo de 1h38min. No masculino, Eduardo Marque do GNU venceu com 1h11min, Arthur dos Santos do ATN Tubar\u00e3o| Clube de Campo ficou com a segunda coloca\u00e7\u00e3o (1h12min) e Frederico Gross da Astel terminou em terceiro com 1h16min.<\/p>\n<p>O Festival tamb\u00e9m ofereceu uma vasta programa\u00e7\u00e3o gratuita para a comunidade, sendo que a sess\u00e3o de cinema realizada em parceria com a Voa Filmes contou com a participa\u00e7\u00e3o de crian\u00e7as da AEBAS. ONG da Grande Florian\u00f3polis que trabalha com o acolhimento e desenvolvimento psicossocial de crian\u00e7as.<\/p>\n<p>O Bela Palho\u00e7a foi uma realiza\u00e7\u00e3o da PDA Esportes, com o patroc\u00ednio da Casa de Vidro e o apoio da Prefeitura de Palho\u00e7a, Secretaria de Turismo, Funda\u00e7\u00e3o de Esportes do Munic\u00edpio e Associa\u00e7\u00e3o dos Protetores do Balne\u00e1rio Ponta do Papagaio.<\/p>\n<p>A Travessia Internacional da Pinheira tem se tornado uma refer\u00eancia na Am\u00e9rica do Sul, com a participa\u00e7\u00e3o de muitos atletas da Argentina, Uruguai e Peru.A competi\u00e7\u00e3o parte da Praia de Cima, com chegada na Ponta do Papagaio, sendo que ao longo do percurso os atletas passar\u00e3o pelas praias da Pinheira e Mar Aberto, todas no litoral de Santa Catarina.<\/p>\n<p>Mais informa\u00e7\u00f5es e inscri\u00e7\u00f5es acesse o site \u2013\u00a0<a href=\"http:\/\/www.pdaesportes.com.br\/\">www.pdaesportes.com.br\u00a0<\/a>ou acompanhe o perfil da organiza\u00e7\u00e3o no Instagram \u2013\u00a0<a href=\"https:\/\/www.instagram.com\/nadecomapda\/\" target=\"_blank\" rel=\"noopener\"><em>@nadecomapda.<\/em><\/a><\/p>\n","protected":false},"excerpt":{"rendered":"<p>A 4\u00aa edi\u00e7\u00e3o da Travessia da Pinheira foi realizada no \u00faltimo final de semana (13 a 15 de dezembro) no 4\u00ba Festival Bela Palho\u00e7a, em Santa Catarina (SC). A competi\u00e7\u00e3o foi adiada devido a possibilidade de mau tempo e a dire\u00e7\u00e3o da prova optou pela realiza\u00e7\u00e3o do evento no Festval que reuniu mais de 1.500 [&hellip;]<\/p>\n","protected":false},"author":9,"featured_media":62664,"comment_status":"open","ping_status":"open","sticky":false,"template":"","format":"gallery","meta":{"footnotes":""},"categories":[115],"tags":[14,5,1985,5546,5706],"class_list":["post-62663","post","type-post","status-publish","format-gallery","has-post-thumbnail","hentry","category-aguas-abertas","tag-aguas-abertas","tag-natacao","tag-pda-esportes","tag-travessia-da-pinheira","tag-travessia-internacional-da-pinheira","post_format-post-format-gallery"],"yoast_head":"<!-- This site is optimized with the Yoast SEO plugin v27.0 - https:\/\/yoast.com\/product\/yoast-seo-wordpress\/ -->\n<title>Eduardo Marques e Let\u00edcia Wirth vencem 4\u00aa edi\u00e7\u00e3o da Travessia da Pinheira - Swimchannel<\/title>\n<meta name=\"robots\" content=\"index, follow, max-snippet:-1, max-image-preview:large, max-video-preview:-1\" \/>\n<link rel=\"canonical\" href=\"https:\/\/swimchannel.net\/br\/eduardo-marques-e-leticia-wirth-vencem-4a-edicao-da-travessia-da-pinheira\/\" \/>\n<meta property=\"og:locale\" content=\"pt_BR\" \/>\n<meta property=\"og:type\" content=\"article\" \/>\n<meta property=\"og:title\" content=\"Eduardo Marques e Let\u00edcia Wirth vencem 4\u00aa edi\u00e7\u00e3o da Travessia da Pinheira - Swimchannel\" \/>\n<meta property=\"og:description\" content=\"A 4\u00aa edi\u00e7\u00e3o da Travessia da Pinheira foi realizada no \u00faltimo final de semana (13 a 15 de dezembro) no 4\u00ba Festival Bela Palho\u00e7a, em Santa Catarina (SC). A competi\u00e7\u00e3o foi adiada devido a possibilidade de mau tempo e a dire\u00e7\u00e3o da prova optou pela realiza\u00e7\u00e3o do evento no Festval que reuniu mais de 1.500 [&hellip;]\" \/>\n<meta property=\"og:url\" content=\"https:\/\/swimchannel.net\/br\/eduardo-marques-e-leticia-wirth-vencem-4a-edicao-da-travessia-da-pinheira\/\" \/>\n<meta property=\"og:site_name\" content=\"Swimchannel\" \/>\n<meta property=\"article:publisher\" content=\"https:\/\/www.facebook.com\/swimchannel\" \/>\n<meta property=\"article:published_time\" content=\"2023-12-15T15:21:08+00:00\" \/>\n<meta property=\"article:modified_time\" content=\"2023-12-15T15:55:11+00:00\" \/>\n<meta property=\"og:image\" content=\"https:\/\/swimchannel.net\/br\/wp-content\/uploads\/2023\/12\/3ee8bf1a-531d-4e26-8eba-521d57abb5d8.jpg\" \/>\n\t<meta property=\"og:image:width\" content=\"945\" \/>\n\t<meta property=\"og:image:height\" content=\"630\" \/>\n\t<meta property=\"og:image:type\" content=\"image\/jpeg\" \/>\n<meta name=\"author\" content=\"Katarine Monteiro\" \/>\n<meta name=\"twitter:card\" content=\"summary_large_image\" \/>\n<meta name=\"twitter:creator\" content=\"@https:\/\/twitter.com\/Katarinem\" \/>\n<meta name=\"twitter:label1\" content=\"Escrito por\" \/>\n\t<meta name=\"twitter:data1\" content=\"Katarine Monteiro\" \/>\n\t<meta name=\"twitter:label2\" content=\"Est. tempo de leitura\" \/>\n\t<meta name=\"twitter:data2\" content=\"2 minutos\" \/>\n<script type=\"application\/ld+json\" class=\"yoast-schema-graph\">{\"@context\":\"https:\/\/schema.org\",\"@graph\":[{\"@type\":\"Article\",\"@id\":\"https:\/\/swimchannel.net\/br\/eduardo-marques-e-leticia-wirth-vencem-4a-edicao-da-travessia-da-pinheira\/#article\",\"isPartOf\":{\"@id\":\"https:\/\/swimchannel.net\/br\/eduardo-marques-e-leticia-wirth-vencem-4a-edicao-da-travessia-da-pinheira\/\"},\"author\":{\"name\":\"Katarine Monteiro\",\"@id\":\"https:\/\/swimchannel.net\/br\/#\/schema\/person\/73ae9cec62249968bca1f0a8098ef002\"},\"headline\":\"Eduardo Marques e Let\u00edcia Wirth vencem 4\u00aa edi\u00e7\u00e3o da Travessia da Pinheira\",\"datePublished\":\"2023-12-15T15:21:08+00:00\",\"dateModified\":\"2023-12-15T15:55:11+00:00\",\"mainEntityOfPage\":{\"@id\":\"https:\/\/swimchannel.net\/br\/eduardo-marques-e-leticia-wirth-vencem-4a-edicao-da-travessia-da-pinheira\/\"},\"wordCount\":467,\"commentCount\":0,\"publisher\":{\"@id\":\"https:\/\/swimchannel.net\/br\/#organization\"},\"image\":{\"@id\":\"https:\/\/swimchannel.net\/br\/eduardo-marques-e-leticia-wirth-vencem-4a-edicao-da-travessia-da-pinheira\/#primaryimage\"},\"thumbnailUrl\":\"https:\/\/swimchannel.net\/br\/wp-content\/uploads\/2023\/12\/3ee8bf1a-531d-4e26-8eba-521d57abb5d8.jpg\",\"keywords\":[\"\u00c1guas abertas\",\"natacao\",\"PDA Esportes\",\"Travessia da Pinheira\",\"Travessia Internacional da Pinheira\"],\"articleSection\":[\"\u00c1guas Abertas\"],\"inLanguage\":\"pt-BR\",\"potentialAction\":[{\"@type\":\"CommentAction\",\"name\":\"Comment\",\"target\":[\"https:\/\/swimchannel.net\/br\/eduardo-marques-e-leticia-wirth-vencem-4a-edicao-da-travessia-da-pinheira\/#respond\"]}]},{\"@type\":\"WebPage\",\"@id\":\"https:\/\/swimchannel.net\/br\/eduardo-marques-e-leticia-wirth-vencem-4a-edicao-da-travessia-da-pinheira\/\",\"url\":\"https:\/\/swimchannel.net\/br\/eduardo-marques-e-leticia-wirth-vencem-4a-edicao-da-travessia-da-pinheira\/\",\"name\":\"Eduardo Marques e Let\u00edcia Wirth vencem 4\u00aa edi\u00e7\u00e3o da Travessia da Pinheira - Swimchannel\",\"isPartOf\":{\"@id\":\"https:\/\/swimchannel.net\/br\/#website\"},\"primaryImageOfPage\":{\"@id\":\"https:\/\/swimchannel.net\/br\/eduardo-marques-e-leticia-wirth-vencem-4a-edicao-da-travessia-da-pinheira\/#primaryimage\"},\"image\":{\"@id\":\"https:\/\/swimchannel.net\/br\/eduardo-marques-e-leticia-wirth-vencem-4a-edicao-da-travessia-da-pinheira\/#primaryimage\"},\"thumbnailUrl\":\"https:\/\/swimchannel.net\/br\/wp-content\/uploads\/2023\/12\/3ee8bf1a-531d-4e26-8eba-521d57abb5d8.jpg\",\"datePublished\":\"2023-12-15T15:21:08+00:00\",\"dateModified\":\"2023-12-15T15:55:11+00:00\",\"breadcrumb\":{\"@id\":\"https:\/\/swimchannel.net\/br\/eduardo-marques-e-leticia-wirth-vencem-4a-edicao-da-travessia-da-pinheira\/#breadcrumb\"},\"inLanguage\":\"pt-BR\",\"potentialAction\":[{\"@type\":\"ReadAction\",\"target\":[\"https:\/\/swimchannel.net\/br\/eduardo-marques-e-leticia-wirth-vencem-4a-edicao-da-travessia-da-pinheira\/\"]}]},{\"@type\":\"ImageObject\",\"inLanguage\":\"pt-BR\",\"@id\":\"https:\/\/swimchannel.net\/br\/eduardo-marques-e-leticia-wirth-vencem-4a-edicao-da-travessia-da-pinheira\/#primaryimage\",\"url\":\"https:\/\/swimchannel.net\/br\/wp-content\/uploads\/2023\/12\/3ee8bf1a-531d-4e26-8eba-521d57abb5d8.jpg\",\"contentUrl\":\"https:\/\/swimchannel.net\/br\/wp-content\/uploads\/2023\/12\/3ee8bf1a-531d-4e26-8eba-521d57abb5d8.jpg\",\"width\":945,\"height\":630,\"caption\":\"Travessia da Pinheira. Foto Fisheye Photography\"},{\"@type\":\"BreadcrumbList\",\"@id\":\"https:\/\/swimchannel.net\/br\/eduardo-marques-e-leticia-wirth-vencem-4a-edicao-da-travessia-da-pinheira\/#breadcrumb\",\"itemListElement\":[{\"@type\":\"ListItem\",\"position\":1,\"name\":\"Home\",\"item\":\"https:\/\/swimchannel.net\/br\/\"},{\"@type\":\"ListItem\",\"position\":2,\"name\":\"Eduardo Marques e Let\u00edcia Wirth vencem 4\u00aa edi\u00e7\u00e3o da Travessia da Pinheira\"}]},{\"@type\":\"WebSite\",\"@id\":\"https:\/\/swimchannel.net\/br\/#website\",\"url\":\"https:\/\/swimchannel.net\/br\/\",\"name\":\"Swimchannel\",\"description\":\"Maior portal de nata\u00e7\u00e3o da america latina\",\"publisher\":{\"@id\":\"https:\/\/swimchannel.net\/br\/#organization\"},\"potentialAction\":[{\"@type\":\"SearchAction\",\"target\":{\"@type\":\"EntryPoint\",\"urlTemplate\":\"https:\/\/swimchannel.net\/br\/?s={search_term_string}\"},\"query-input\":{\"@type\":\"PropertyValueSpecification\",\"valueRequired\":true,\"valueName\":\"search_term_string\"}}],\"inLanguage\":\"pt-BR\"},{\"@type\":\"Organization\",\"@id\":\"https:\/\/swimchannel.net\/br\/#organization\",\"name\":\"Swimchannel - Conectando voc\u00ea a Nata\u00e7\u00e3o\",\"url\":\"https:\/\/swimchannel.net\/br\/\",\"logo\":{\"@type\":\"ImageObject\",\"inLanguage\":\"pt-BR\",\"@id\":\"https:\/\/swimchannel.net\/br\/#\/schema\/logo\/image\/\",\"url\":\"https:\/\/swimchannel.net\/br\/wp-content\/uploads\/2026\/02\/SWIM-CHANNEL.png\",\"contentUrl\":\"https:\/\/swimchannel.net\/br\/wp-content\/uploads\/2026\/02\/SWIM-CHANNEL.png\",\"width\":1120,\"height\":630,\"caption\":\"Swimchannel - Conectando voc\u00ea a Nata\u00e7\u00e3o\"},\"image\":{\"@id\":\"https:\/\/swimchannel.net\/br\/#\/schema\/logo\/image\/\"},\"sameAs\":[\"https:\/\/www.facebook.com\/swimchannel\",\"https:\/\/www.instagram.com\/swimchannel\"]},{\"@type\":\"Person\",\"@id\":\"https:\/\/swimchannel.net\/br\/#\/schema\/person\/73ae9cec62249968bca1f0a8098ef002\",\"name\":\"Katarine Monteiro\",\"image\":{\"@type\":\"ImageObject\",\"inLanguage\":\"pt-BR\",\"@id\":\"https:\/\/swimchannel.net\/br\/#\/schema\/person\/image\/\",\"url\":\"https:\/\/swimchannel.net\/br\/wp-content\/uploads\/2022\/01\/Katarine-Monteiro-100x100.jpg\",\"contentUrl\":\"https:\/\/swimchannel.net\/br\/wp-content\/uploads\/2022\/01\/Katarine-Monteiro-100x100.jpg\",\"caption\":\"Katarine Monteiro\"},\"description\":\"Jornalista SWIM CHANNEL especializada em esportes ol\u00edmpicos e em sa\u00fade. Com cobertura de grandes eventos internacionais, como Jogos Ol\u00edmpicos Rio 2016, Jogos Pan-Americanos em Lima 2019, Qatar Total Open 2020, Qatar ExxonMobil Open 2019 - t\u00eanis em Doha (QT), Semana Internacional de Vela de Ilhabela, Transat Jacques Vabre 2019 (Fran\u00e7a-Brasil), L'\u00c9tape Brasil by Tour de France, j\u00e1 fez in\u00fameras coberturas de nata\u00e7\u00e3o, maratona aqu\u00e1tica e polo aqu\u00e1tico. Formada tamb\u00e9m em Letras, a jornalista atua como assessora de imprensa, rela\u00e7\u00f5es p\u00fablicas e social media, com especializa\u00e7\u00e3o em marketing esportivo. Nadadora amadora de \u00e1guas abertas, j\u00e1 trabalhou com grandes nomes da nata\u00e7\u00e3o e do polo aqu\u00e1tico brasileiro.\",\"sameAs\":[\"https:\/\/www.instagram.com\/_katarinemonteiro\/\",\"https:\/\/www.linkedin.com\/in\/katarine-monteiro-19385297\/\",\"https:\/\/x.com\/https:\/\/twitter.com\/Katarinem\"],\"url\":\"https:\/\/swimchannel.net\/br\/author\/katarine-monteiro\/\"}]}<\/script>\n<!-- \/ Yoast SEO plugin. -->","yoast_head_json":{"title":"Eduardo Marques e Let\u00edcia Wirth vencem 4\u00aa edi\u00e7\u00e3o da Travessia da Pinheira - Swimchannel","robots":{"index":"index","follow":"follow","max-snippet":"max-snippet:-1","max-image-preview":"max-image-preview:large","max-video-preview":"max-video-preview:-1"},"canonical":"https:\/\/swimchannel.net\/br\/eduardo-marques-e-leticia-wirth-vencem-4a-edicao-da-travessia-da-pinheira\/","og_locale":"pt_BR","og_type":"article","og_title":"Eduardo Marques e Let\u00edcia Wirth vencem 4\u00aa edi\u00e7\u00e3o da Travessia da Pinheira - Swimchannel","og_description":"A 4\u00aa edi\u00e7\u00e3o da Travessia da Pinheira foi realizada no \u00faltimo final de semana (13 a 15 de dezembro) no 4\u00ba Festival Bela Palho\u00e7a, em Santa Catarina (SC). A competi\u00e7\u00e3o foi adiada devido a possibilidade de mau tempo e a dire\u00e7\u00e3o da prova optou pela realiza\u00e7\u00e3o do evento no Festval que reuniu mais de 1.500 [&hellip;]","og_url":"https:\/\/swimchannel.net\/br\/eduardo-marques-e-leticia-wirth-vencem-4a-edicao-da-travessia-da-pinheira\/","og_site_name":"Swimchannel","article_publisher":"https:\/\/www.facebook.com\/swimchannel","article_published_time":"2023-12-15T15:21:08+00:00","article_modified_time":"2023-12-15T15:55:11+00:00","og_image":[{"width":945,"height":630,"url":"https:\/\/swimchannel.net\/br\/wp-content\/uploads\/2023\/12\/3ee8bf1a-531d-4e26-8eba-521d57abb5d8.jpg","type":"image\/jpeg"}],"author":"Katarine Monteiro","twitter_card":"summary_large_image","twitter_creator":"@https:\/\/twitter.com\/Katarinem","twitter_misc":{"Escrito por":"Katarine Monteiro","Est. tempo de leitura":"2 minutos"},"schema":{"@context":"https:\/\/schema.org","@graph":[{"@type":"Article","@id":"https:\/\/swimchannel.net\/br\/eduardo-marques-e-leticia-wirth-vencem-4a-edicao-da-travessia-da-pinheira\/#article","isPartOf":{"@id":"https:\/\/swimchannel.net\/br\/eduardo-marques-e-leticia-wirth-vencem-4a-edicao-da-travessia-da-pinheira\/"},"author":{"name":"Katarine Monteiro","@id":"https:\/\/swimchannel.net\/br\/#\/schema\/person\/73ae9cec62249968bca1f0a8098ef002"},"headline":"Eduardo Marques e Let\u00edcia Wirth vencem 4\u00aa edi\u00e7\u00e3o da Travessia da Pinheira","datePublished":"2023-12-15T15:21:08+00:00","dateModified":"2023-12-15T15:55:11+00:00","mainEntityOfPage":{"@id":"https:\/\/swimchannel.net\/br\/eduardo-marques-e-leticia-wirth-vencem-4a-edicao-da-travessia-da-pinheira\/"},"wordCount":467,"commentCount":0,"publisher":{"@id":"https:\/\/swimchannel.net\/br\/#organization"},"image":{"@id":"https:\/\/swimchannel.net\/br\/eduardo-marques-e-leticia-wirth-vencem-4a-edicao-da-travessia-da-pinheira\/#primaryimage"},"thumbnailUrl":"https:\/\/swimchannel.net\/br\/wp-content\/uploads\/2023\/12\/3ee8bf1a-531d-4e26-8eba-521d57abb5d8.jpg","keywords":["\u00c1guas abertas","natacao","PDA Esportes","Travessia da Pinheira","Travessia Internacional da Pinheira"],"articleSection":["\u00c1guas Abertas"],"inLanguage":"pt-BR","potentialAction":[{"@type":"CommentAction","name":"Comment","target":["https:\/\/swimchannel.net\/br\/eduardo-marques-e-leticia-wirth-vencem-4a-edicao-da-travessia-da-pinheira\/#respond"]}]},{"@type":"WebPage","@id":"https:\/\/swimchannel.net\/br\/eduardo-marques-e-leticia-wirth-vencem-4a-edicao-da-travessia-da-pinheira\/","url":"https:\/\/swimchannel.net\/br\/eduardo-marques-e-leticia-wirth-vencem-4a-edicao-da-travessia-da-pinheira\/","name":"Eduardo Marques e Let\u00edcia Wirth vencem 4\u00aa edi\u00e7\u00e3o da Travessia da Pinheira - Swimchannel","isPartOf":{"@id":"https:\/\/swimchannel.net\/br\/#website"},"primaryImageOfPage":{"@id":"https:\/\/swimchannel.net\/br\/eduardo-marques-e-leticia-wirth-vencem-4a-edicao-da-travessia-da-pinheira\/#primaryimage"},"image":{"@id":"https:\/\/swimchannel.net\/br\/eduardo-marques-e-leticia-wirth-vencem-4a-edicao-da-travessia-da-pinheira\/#primaryimage"},"thumbnailUrl":"https:\/\/swimchannel.net\/br\/wp-content\/uploads\/2023\/12\/3ee8bf1a-531d-4e26-8eba-521d57abb5d8.jpg","datePublished":"2023-12-15T15:21:08+00:00","dateModified":"2023-12-15T15:55:11+00:00","breadcrumb":{"@id":"https:\/\/swimchannel.net\/br\/eduardo-marques-e-leticia-wirth-vencem-4a-edicao-da-travessia-da-pinheira\/#breadcrumb"},"inLanguage":"pt-BR","potentialAction":[{"@type":"ReadAction","target":["https:\/\/swimchannel.net\/br\/eduardo-marques-e-leticia-wirth-vencem-4a-edicao-da-travessia-da-pinheira\/"]}]},{"@type":"ImageObject","inLanguage":"pt-BR","@id":"https:\/\/swimchannel.net\/br\/eduardo-marques-e-leticia-wirth-vencem-4a-edicao-da-travessia-da-pinheira\/#primaryimage","url":"https:\/\/swimchannel.net\/br\/wp-content\/uploads\/2023\/12\/3ee8bf1a-531d-4e26-8eba-521d57abb5d8.jpg","contentUrl":"https:\/\/swimchannel.net\/br\/wp-content\/uploads\/2023\/12\/3ee8bf1a-531d-4e26-8eba-521d57abb5d8.jpg","width":945,"height":630,"caption":"Travessia da Pinheira. Foto Fisheye Photography"},{"@type":"BreadcrumbList","@id":"https:\/\/swimchannel.net\/br\/eduardo-marques-e-leticia-wirth-vencem-4a-edicao-da-travessia-da-pinheira\/#breadcrumb","itemListElement":[{"@type":"ListItem","position":1,"name":"Home","item":"https:\/\/swimchannel.net\/br\/"},{"@type":"ListItem","position":2,"name":"Eduardo Marques e Let\u00edcia Wirth vencem 4\u00aa edi\u00e7\u00e3o da Travessia da Pinheira"}]},{"@type":"WebSite","@id":"https:\/\/swimchannel.net\/br\/#website","url":"https:\/\/swimchannel.net\/br\/","name":"Swimchannel","description":"Maior portal de nata\u00e7\u00e3o da america latina","publisher":{"@id":"https:\/\/swimchannel.net\/br\/#organization"},"potentialAction":[{"@type":"SearchAction","target":{"@type":"EntryPoint","urlTemplate":"https:\/\/swimchannel.net\/br\/?s={search_term_string}"},"query-input":{"@type":"PropertyValueSpecification","valueRequired":true,"valueName":"search_term_string"}}],"inLanguage":"pt-BR"},{"@type":"Organization","@id":"https:\/\/swimchannel.net\/br\/#organization","name":"Swimchannel - Conectando voc\u00ea a Nata\u00e7\u00e3o","url":"https:\/\/swimchannel.net\/br\/","logo":{"@type":"ImageObject","inLanguage":"pt-BR","@id":"https:\/\/swimchannel.net\/br\/#\/schema\/logo\/image\/","url":"https:\/\/swimchannel.net\/br\/wp-content\/uploads\/2026\/02\/SWIM-CHANNEL.png","contentUrl":"https:\/\/swimchannel.net\/br\/wp-content\/uploads\/2026\/02\/SWIM-CHANNEL.png","width":1120,"height":630,"caption":"Swimchannel - Conectando voc\u00ea a Nata\u00e7\u00e3o"},"image":{"@id":"https:\/\/swimchannel.net\/br\/#\/schema\/logo\/image\/"},"sameAs":["https:\/\/www.facebook.com\/swimchannel","https:\/\/www.instagram.com\/swimchannel"]},{"@type":"Person","@id":"https:\/\/swimchannel.net\/br\/#\/schema\/person\/73ae9cec62249968bca1f0a8098ef002","name":"Katarine Monteiro","image":{"@type":"ImageObject","inLanguage":"pt-BR","@id":"https:\/\/swimchannel.net\/br\/#\/schema\/person\/image\/","url":"https:\/\/swimchannel.net\/br\/wp-content\/uploads\/2022\/01\/Katarine-Monteiro-100x100.jpg","contentUrl":"https:\/\/swimchannel.net\/br\/wp-content\/uploads\/2022\/01\/Katarine-Monteiro-100x100.jpg","caption":"Katarine Monteiro"},"description":"Jornalista SWIM CHANNEL especializada em esportes ol\u00edmpicos e em sa\u00fade. Com cobertura de grandes eventos internacionais, como Jogos Ol\u00edmpicos Rio 2016, Jogos Pan-Americanos em Lima 2019, Qatar Total Open 2020, Qatar ExxonMobil Open 2019 - t\u00eanis em Doha (QT), Semana Internacional de Vela de Ilhabela, Transat Jacques Vabre 2019 (Fran\u00e7a-Brasil), L'\u00c9tape Brasil by Tour de France, j\u00e1 fez in\u00fameras coberturas de nata\u00e7\u00e3o, maratona aqu\u00e1tica e polo aqu\u00e1tico. Formada tamb\u00e9m em Letras, a jornalista atua como assessora de imprensa, rela\u00e7\u00f5es p\u00fablicas e social media, com especializa\u00e7\u00e3o em marketing esportivo. Nadadora amadora de \u00e1guas abertas, j\u00e1 trabalhou com grandes nomes da nata\u00e7\u00e3o e do polo aqu\u00e1tico brasileiro.","sameAs":["https:\/\/www.instagram.com\/_katarinemonteiro\/","https:\/\/www.linkedin.com\/in\/katarine-monteiro-19385297\/","https:\/\/x.com\/https:\/\/twitter.com\/Katarinem"],"url":"https:\/\/swimchannel.net\/br\/author\/katarine-monteiro\/"}]}},"_links":{"self":[{"href":"https:\/\/swimchannel.net\/br\/wp-json\/wp\/v2\/posts\/62663","targetHints":{"allow":["GET"]}}],"collection":[{"href":"https:\/\/swimchannel.net\/br\/wp-json\/wp\/v2\/posts"}],"about":[{"href":"https:\/\/swimchannel.net\/br\/wp-json\/wp\/v2\/types\/post"}],"author":[{"embeddable":true,"href":"https:\/\/swimchannel.net\/br\/wp-json\/wp\/v2\/users\/9"}],"replies":[{"embeddable":true,"href":"https:\/\/swimchannel.net\/br\/wp-json\/wp\/v2\/comments?post=62663"}],"version-history":[{"count":1,"href":"https:\/\/swimchannel.net\/br\/wp-json\/wp\/v2\/posts\/62663\/revisions"}],"predecessor-version":[{"id":62666,"href":"https:\/\/swimchannel.net\/br\/wp-json\/wp\/v2\/posts\/62663\/revisions\/62666"}],"wp:featuredmedia":[{"embeddable":true,"href":"https:\/\/swimchannel.net\/br\/wp-json\/wp\/v2\/media\/62664"}],"wp:attachment":[{"href":"https:\/\/swimchannel.net\/br\/wp-json\/wp\/v2\/media?parent=62663"}],"wp:term":[{"taxonomy":"category","embeddable":true,"href":"https:\/\/swimchannel.net\/br\/wp-json\/wp\/v2\/categories?post=62663"},{"taxonomy":"post_tag","embeddable":true,"href":"https:\/\/swimchannel.net\/br\/wp-json\/wp\/v2\/tags?post=62663"}],"curies":[{"name":"wp","href":"https:\/\/api.w.org\/{rel}","templated":true}]}}