{"id":63266,"date":"2024-01-24T13:58:07","date_gmt":"2024-01-24T16:58:07","guid":{"rendered":"https:\/\/swimchannel.net\/br\/?p=63266"},"modified":"2024-01-24T13:58:07","modified_gmt":"2024-01-24T16:58:07","slug":"nota-de-falecimento-lance-larson-campeao-olimpico-podio-com-manoel-dos-santos-roma-1960","status":"publish","type":"post","link":"https:\/\/swimchannel.net\/br\/nota-de-falecimento-lance-larson-campeao-olimpico-podio-com-manoel-dos-santos-roma-1960\/","title":{"rendered":"Nota de falecimento: Lance Larson campe\u00e3o ol\u00edmpico p\u00f3dio com Manoel dos Santos Roma 1960"},"content":{"rendered":"<p>Lance Larson, nadador americano campe\u00e3o ol\u00edmpico dos 100m nado livre nos Jogos de Roma em 1960 empatado com o australiano John Devitt faleceu na semana passada aos 83 anos de idade. Devitt havia falecido em agosto do ano passado aos 86 anos de idade.<\/p>\n<p>&nbsp;<\/p>\n<p>O brasileiro Manuel dos Santos foi medalha de bronze nesta prova que virou refer\u00eancia na nata\u00e7\u00e3o mundial. Foi da controv\u00e9rsia na chegada, que terminou empatada, que nasceu a obrigatoriedade do uso da cronometragem eletr\u00f4nica j\u00e1 a partir de T\u00f3quio 1964.<\/p>\n<p><a href=\"https:\/\/youtu.be\/_KWKtmuV5YU\">https:\/\/youtu.be\/_KWKtmuV5YU<\/a><\/p>\n<p>&nbsp;<\/p>\n","protected":false},"excerpt":{"rendered":"<p>Lance Larson, nadador americano campe\u00e3o ol\u00edmpico dos 100m nado livre nos Jogos de Roma em 1960 empatado com o australiano John Devitt faleceu na semana passada aos 83 anos de idade. Devitt havia falecido em agosto do ano passado aos 86 anos de idade. &nbsp; O brasileiro Manuel dos Santos foi medalha de bronze nesta [&hellip;]<\/p>\n","protected":false},"author":12,"featured_media":63267,"comment_status":"open","ping_status":"open","sticky":false,"template":"","format":"standard","meta":{"footnotes":""},"categories":[5152],"tags":[5767,2225,5],"class_list":["post-63266","post","type-post","status-publish","format-standard","has-post-thumbnail","hentry","category-blog-do-coach","tag-lance-larson","tag-manoel-dos-santos","tag-natacao"],"yoast_head":"<!-- This site is optimized with the Yoast SEO plugin v27.0 - https:\/\/yoast.com\/product\/yoast-seo-wordpress\/ -->\n<title>Nota de falecimento: Lance Larson campe\u00e3o ol\u00edmpico p\u00f3dio com Manoel dos Santos Roma 1960 - Swimchannel<\/title>\n<meta name=\"robots\" content=\"index, follow, max-snippet:-1, max-image-preview:large, max-video-preview:-1\" \/>\n<link rel=\"canonical\" href=\"https:\/\/swimchannel.net\/br\/nota-de-falecimento-lance-larson-campeao-olimpico-podio-com-manoel-dos-santos-roma-1960\/\" \/>\n<meta property=\"og:locale\" content=\"pt_BR\" \/>\n<meta property=\"og:type\" content=\"article\" \/>\n<meta property=\"og:title\" content=\"Nota de falecimento: Lance Larson campe\u00e3o ol\u00edmpico p\u00f3dio com Manoel dos Santos Roma 1960 - Swimchannel\" \/>\n<meta property=\"og:description\" content=\"Lance Larson, nadador americano campe\u00e3o ol\u00edmpico dos 100m nado livre nos Jogos de Roma em 1960 empatado com o australiano John Devitt faleceu na semana passada aos 83 anos de idade. Devitt havia falecido em agosto do ano passado aos 86 anos de idade. &nbsp; O brasileiro Manuel dos Santos foi medalha de bronze nesta [&hellip;]\" \/>\n<meta property=\"og:url\" content=\"https:\/\/swimchannel.net\/br\/nota-de-falecimento-lance-larson-campeao-olimpico-podio-com-manoel-dos-santos-roma-1960\/\" \/>\n<meta property=\"og:site_name\" content=\"Swimchannel\" \/>\n<meta property=\"article:publisher\" content=\"https:\/\/www.facebook.com\/swimchannel\" \/>\n<meta property=\"article:published_time\" content=\"2024-01-24T16:58:07+00:00\" \/>\n<meta property=\"og:image\" content=\"https:\/\/swimchannel.net\/br\/wp-content\/uploads\/2024\/01\/IMG_20240124_135532.jpg\" \/>\n\t<meta property=\"og:image:width\" content=\"640\" \/>\n\t<meta property=\"og:image:height\" content=\"410\" \/>\n\t<meta property=\"og:image:type\" content=\"image\/jpeg\" \/>\n<meta name=\"author\" content=\"Alex Pussieldi\" \/>\n<meta name=\"twitter:card\" content=\"summary_large_image\" \/>\n<meta name=\"twitter:label1\" content=\"Escrito por\" \/>\n\t<meta name=\"twitter:data1\" content=\"Alex Pussieldi\" \/>\n<script type=\"application\/ld+json\" class=\"yoast-schema-graph\">{\"@context\":\"https:\/\/schema.org\",\"@graph\":[{\"@type\":\"Article\",\"@id\":\"https:\/\/swimchannel.net\/br\/nota-de-falecimento-lance-larson-campeao-olimpico-podio-com-manoel-dos-santos-roma-1960\/#article\",\"isPartOf\":{\"@id\":\"https:\/\/swimchannel.net\/br\/nota-de-falecimento-lance-larson-campeao-olimpico-podio-com-manoel-dos-santos-roma-1960\/\"},\"author\":{\"name\":\"Alex Pussieldi\",\"@id\":\"https:\/\/swimchannel.net\/br\/#\/schema\/person\/cf549cb99cf75592fcf7c76213385e63\"},\"headline\":\"Nota de falecimento: Lance Larson campe\u00e3o ol\u00edmpico p\u00f3dio com Manoel dos Santos Roma 1960\",\"datePublished\":\"2024-01-24T16:58:07+00:00\",\"mainEntityOfPage\":{\"@id\":\"https:\/\/swimchannel.net\/br\/nota-de-falecimento-lance-larson-campeao-olimpico-podio-com-manoel-dos-santos-roma-1960\/\"},\"wordCount\":110,\"commentCount\":0,\"publisher\":{\"@id\":\"https:\/\/swimchannel.net\/br\/#organization\"},\"image\":{\"@id\":\"https:\/\/swimchannel.net\/br\/nota-de-falecimento-lance-larson-campeao-olimpico-podio-com-manoel-dos-santos-roma-1960\/#primaryimage\"},\"thumbnailUrl\":\"https:\/\/swimchannel.net\/br\/wp-content\/uploads\/2024\/01\/IMG_20240124_135532.jpg\",\"keywords\":[\"Lance larson\",\"Manoel dos Santos\",\"natacao\"],\"articleSection\":[\"Blog do Coach\"],\"inLanguage\":\"pt-BR\",\"potentialAction\":[{\"@type\":\"CommentAction\",\"name\":\"Comment\",\"target\":[\"https:\/\/swimchannel.net\/br\/nota-de-falecimento-lance-larson-campeao-olimpico-podio-com-manoel-dos-santos-roma-1960\/#respond\"]}]},{\"@type\":\"WebPage\",\"@id\":\"https:\/\/swimchannel.net\/br\/nota-de-falecimento-lance-larson-campeao-olimpico-podio-com-manoel-dos-santos-roma-1960\/\",\"url\":\"https:\/\/swimchannel.net\/br\/nota-de-falecimento-lance-larson-campeao-olimpico-podio-com-manoel-dos-santos-roma-1960\/\",\"name\":\"Nota de falecimento: Lance Larson campe\u00e3o ol\u00edmpico p\u00f3dio com Manoel dos Santos Roma 1960 - Swimchannel\",\"isPartOf\":{\"@id\":\"https:\/\/swimchannel.net\/br\/#website\"},\"primaryImageOfPage\":{\"@id\":\"https:\/\/swimchannel.net\/br\/nota-de-falecimento-lance-larson-campeao-olimpico-podio-com-manoel-dos-santos-roma-1960\/#primaryimage\"},\"image\":{\"@id\":\"https:\/\/swimchannel.net\/br\/nota-de-falecimento-lance-larson-campeao-olimpico-podio-com-manoel-dos-santos-roma-1960\/#primaryimage\"},\"thumbnailUrl\":\"https:\/\/swimchannel.net\/br\/wp-content\/uploads\/2024\/01\/IMG_20240124_135532.jpg\",\"datePublished\":\"2024-01-24T16:58:07+00:00\",\"breadcrumb\":{\"@id\":\"https:\/\/swimchannel.net\/br\/nota-de-falecimento-lance-larson-campeao-olimpico-podio-com-manoel-dos-santos-roma-1960\/#breadcrumb\"},\"inLanguage\":\"pt-BR\",\"potentialAction\":[{\"@type\":\"ReadAction\",\"target\":[\"https:\/\/swimchannel.net\/br\/nota-de-falecimento-lance-larson-campeao-olimpico-podio-com-manoel-dos-santos-roma-1960\/\"]}]},{\"@type\":\"ImageObject\",\"inLanguage\":\"pt-BR\",\"@id\":\"https:\/\/swimchannel.net\/br\/nota-de-falecimento-lance-larson-campeao-olimpico-podio-com-manoel-dos-santos-roma-1960\/#primaryimage\",\"url\":\"https:\/\/swimchannel.net\/br\/wp-content\/uploads\/2024\/01\/IMG_20240124_135532.jpg\",\"contentUrl\":\"https:\/\/swimchannel.net\/br\/wp-content\/uploads\/2024\/01\/IMG_20240124_135532.jpg\",\"width\":640,\"height\":410},{\"@type\":\"BreadcrumbList\",\"@id\":\"https:\/\/swimchannel.net\/br\/nota-de-falecimento-lance-larson-campeao-olimpico-podio-com-manoel-dos-santos-roma-1960\/#breadcrumb\",\"itemListElement\":[{\"@type\":\"ListItem\",\"position\":1,\"name\":\"Home\",\"item\":\"https:\/\/swimchannel.net\/br\/\"},{\"@type\":\"ListItem\",\"position\":2,\"name\":\"Nota de falecimento: Lance Larson campe\u00e3o ol\u00edmpico p\u00f3dio com Manoel dos Santos Roma 1960\"}]},{\"@type\":\"WebSite\",\"@id\":\"https:\/\/swimchannel.net\/br\/#website\",\"url\":\"https:\/\/swimchannel.net\/br\/\",\"name\":\"Swimchannel\",\"description\":\"Maior portal de nata\u00e7\u00e3o da america latina\",\"publisher\":{\"@id\":\"https:\/\/swimchannel.net\/br\/#organization\"},\"potentialAction\":[{\"@type\":\"SearchAction\",\"target\":{\"@type\":\"EntryPoint\",\"urlTemplate\":\"https:\/\/swimchannel.net\/br\/?s={search_term_string}\"},\"query-input\":{\"@type\":\"PropertyValueSpecification\",\"valueRequired\":true,\"valueName\":\"search_term_string\"}}],\"inLanguage\":\"pt-BR\"},{\"@type\":\"Organization\",\"@id\":\"https:\/\/swimchannel.net\/br\/#organization\",\"name\":\"Swimchannel - Conectando voc\u00ea a Nata\u00e7\u00e3o\",\"url\":\"https:\/\/swimchannel.net\/br\/\",\"logo\":{\"@type\":\"ImageObject\",\"inLanguage\":\"pt-BR\",\"@id\":\"https:\/\/swimchannel.net\/br\/#\/schema\/logo\/image\/\",\"url\":\"https:\/\/swimchannel.net\/br\/wp-content\/uploads\/2026\/02\/SWIM-CHANNEL.png\",\"contentUrl\":\"https:\/\/swimchannel.net\/br\/wp-content\/uploads\/2026\/02\/SWIM-CHANNEL.png\",\"width\":1120,\"height\":630,\"caption\":\"Swimchannel - Conectando voc\u00ea a Nata\u00e7\u00e3o\"},\"image\":{\"@id\":\"https:\/\/swimchannel.net\/br\/#\/schema\/logo\/image\/\"},\"sameAs\":[\"https:\/\/www.facebook.com\/swimchannel\",\"https:\/\/www.instagram.com\/swimchannel\"]},{\"@type\":\"Person\",\"@id\":\"https:\/\/swimchannel.net\/br\/#\/schema\/person\/cf549cb99cf75592fcf7c76213385e63\",\"name\":\"Alex Pussieldi\",\"image\":{\"@type\":\"ImageObject\",\"inLanguage\":\"pt-BR\",\"@id\":\"https:\/\/swimchannel.net\/br\/#\/schema\/person\/image\/\",\"url\":\"https:\/\/swimchannel.net\/br\/wp-content\/uploads\/2021\/02\/9b1c252d-a4bd-4eda-b399-24565cac4114-100x100.jpg\",\"contentUrl\":\"https:\/\/swimchannel.net\/br\/wp-content\/uploads\/2021\/02\/9b1c252d-a4bd-4eda-b399-24565cac4114-100x100.jpg\",\"caption\":\"Alex Pussieldi\"},\"description\":\"Alexandre Pussieldi, apelidado de \u201ccoach\u201d, Foi t\u00e9cnico da sele\u00e7\u00e3o verde e amarela nas Olimp\u00edadas de Pequim-2008 e Londres-2012. O treinador ainda comandou outros quatro pa\u00edses: Kuwait, Paraguai, Aruba e Antilhas Holandesas, al\u00e9m da sele\u00e7\u00e3o americana de \u00e1guas abertas. Pussieldi tem passagens como comentarista de nata\u00e7\u00e3o do Grupo Globo e Swim Channel.\",\"url\":\"https:\/\/swimchannel.net\/br\/author\/alexpussieldi\/\"}]}<\/script>\n<!-- \/ Yoast SEO plugin. -->","yoast_head_json":{"title":"Nota de falecimento: Lance Larson campe\u00e3o ol\u00edmpico p\u00f3dio com Manoel dos Santos Roma 1960 - Swimchannel","robots":{"index":"index","follow":"follow","max-snippet":"max-snippet:-1","max-image-preview":"max-image-preview:large","max-video-preview":"max-video-preview:-1"},"canonical":"https:\/\/swimchannel.net\/br\/nota-de-falecimento-lance-larson-campeao-olimpico-podio-com-manoel-dos-santos-roma-1960\/","og_locale":"pt_BR","og_type":"article","og_title":"Nota de falecimento: Lance Larson campe\u00e3o ol\u00edmpico p\u00f3dio com Manoel dos Santos Roma 1960 - Swimchannel","og_description":"Lance Larson, nadador americano campe\u00e3o ol\u00edmpico dos 100m nado livre nos Jogos de Roma em 1960 empatado com o australiano John Devitt faleceu na semana passada aos 83 anos de idade. Devitt havia falecido em agosto do ano passado aos 86 anos de idade. &nbsp; O brasileiro Manuel dos Santos foi medalha de bronze nesta [&hellip;]","og_url":"https:\/\/swimchannel.net\/br\/nota-de-falecimento-lance-larson-campeao-olimpico-podio-com-manoel-dos-santos-roma-1960\/","og_site_name":"Swimchannel","article_publisher":"https:\/\/www.facebook.com\/swimchannel","article_published_time":"2024-01-24T16:58:07+00:00","og_image":[{"width":640,"height":410,"url":"https:\/\/swimchannel.net\/br\/wp-content\/uploads\/2024\/01\/IMG_20240124_135532.jpg","type":"image\/jpeg"}],"author":"Alex Pussieldi","twitter_card":"summary_large_image","twitter_misc":{"Escrito por":"Alex Pussieldi"},"schema":{"@context":"https:\/\/schema.org","@graph":[{"@type":"Article","@id":"https:\/\/swimchannel.net\/br\/nota-de-falecimento-lance-larson-campeao-olimpico-podio-com-manoel-dos-santos-roma-1960\/#article","isPartOf":{"@id":"https:\/\/swimchannel.net\/br\/nota-de-falecimento-lance-larson-campeao-olimpico-podio-com-manoel-dos-santos-roma-1960\/"},"author":{"name":"Alex Pussieldi","@id":"https:\/\/swimchannel.net\/br\/#\/schema\/person\/cf549cb99cf75592fcf7c76213385e63"},"headline":"Nota de falecimento: Lance Larson campe\u00e3o ol\u00edmpico p\u00f3dio com Manoel dos Santos Roma 1960","datePublished":"2024-01-24T16:58:07+00:00","mainEntityOfPage":{"@id":"https:\/\/swimchannel.net\/br\/nota-de-falecimento-lance-larson-campeao-olimpico-podio-com-manoel-dos-santos-roma-1960\/"},"wordCount":110,"commentCount":0,"publisher":{"@id":"https:\/\/swimchannel.net\/br\/#organization"},"image":{"@id":"https:\/\/swimchannel.net\/br\/nota-de-falecimento-lance-larson-campeao-olimpico-podio-com-manoel-dos-santos-roma-1960\/#primaryimage"},"thumbnailUrl":"https:\/\/swimchannel.net\/br\/wp-content\/uploads\/2024\/01\/IMG_20240124_135532.jpg","keywords":["Lance larson","Manoel dos Santos","natacao"],"articleSection":["Blog do Coach"],"inLanguage":"pt-BR","potentialAction":[{"@type":"CommentAction","name":"Comment","target":["https:\/\/swimchannel.net\/br\/nota-de-falecimento-lance-larson-campeao-olimpico-podio-com-manoel-dos-santos-roma-1960\/#respond"]}]},{"@type":"WebPage","@id":"https:\/\/swimchannel.net\/br\/nota-de-falecimento-lance-larson-campeao-olimpico-podio-com-manoel-dos-santos-roma-1960\/","url":"https:\/\/swimchannel.net\/br\/nota-de-falecimento-lance-larson-campeao-olimpico-podio-com-manoel-dos-santos-roma-1960\/","name":"Nota de falecimento: Lance Larson campe\u00e3o ol\u00edmpico p\u00f3dio com Manoel dos Santos Roma 1960 - Swimchannel","isPartOf":{"@id":"https:\/\/swimchannel.net\/br\/#website"},"primaryImageOfPage":{"@id":"https:\/\/swimchannel.net\/br\/nota-de-falecimento-lance-larson-campeao-olimpico-podio-com-manoel-dos-santos-roma-1960\/#primaryimage"},"image":{"@id":"https:\/\/swimchannel.net\/br\/nota-de-falecimento-lance-larson-campeao-olimpico-podio-com-manoel-dos-santos-roma-1960\/#primaryimage"},"thumbnailUrl":"https:\/\/swimchannel.net\/br\/wp-content\/uploads\/2024\/01\/IMG_20240124_135532.jpg","datePublished":"2024-01-24T16:58:07+00:00","breadcrumb":{"@id":"https:\/\/swimchannel.net\/br\/nota-de-falecimento-lance-larson-campeao-olimpico-podio-com-manoel-dos-santos-roma-1960\/#breadcrumb"},"inLanguage":"pt-BR","potentialAction":[{"@type":"ReadAction","target":["https:\/\/swimchannel.net\/br\/nota-de-falecimento-lance-larson-campeao-olimpico-podio-com-manoel-dos-santos-roma-1960\/"]}]},{"@type":"ImageObject","inLanguage":"pt-BR","@id":"https:\/\/swimchannel.net\/br\/nota-de-falecimento-lance-larson-campeao-olimpico-podio-com-manoel-dos-santos-roma-1960\/#primaryimage","url":"https:\/\/swimchannel.net\/br\/wp-content\/uploads\/2024\/01\/IMG_20240124_135532.jpg","contentUrl":"https:\/\/swimchannel.net\/br\/wp-content\/uploads\/2024\/01\/IMG_20240124_135532.jpg","width":640,"height":410},{"@type":"BreadcrumbList","@id":"https:\/\/swimchannel.net\/br\/nota-de-falecimento-lance-larson-campeao-olimpico-podio-com-manoel-dos-santos-roma-1960\/#breadcrumb","itemListElement":[{"@type":"ListItem","position":1,"name":"Home","item":"https:\/\/swimchannel.net\/br\/"},{"@type":"ListItem","position":2,"name":"Nota de falecimento: Lance Larson campe\u00e3o ol\u00edmpico p\u00f3dio com Manoel dos Santos Roma 1960"}]},{"@type":"WebSite","@id":"https:\/\/swimchannel.net\/br\/#website","url":"https:\/\/swimchannel.net\/br\/","name":"Swimchannel","description":"Maior portal de nata\u00e7\u00e3o da america latina","publisher":{"@id":"https:\/\/swimchannel.net\/br\/#organization"},"potentialAction":[{"@type":"SearchAction","target":{"@type":"EntryPoint","urlTemplate":"https:\/\/swimchannel.net\/br\/?s={search_term_string}"},"query-input":{"@type":"PropertyValueSpecification","valueRequired":true,"valueName":"search_term_string"}}],"inLanguage":"pt-BR"},{"@type":"Organization","@id":"https:\/\/swimchannel.net\/br\/#organization","name":"Swimchannel - Conectando voc\u00ea a Nata\u00e7\u00e3o","url":"https:\/\/swimchannel.net\/br\/","logo":{"@type":"ImageObject","inLanguage":"pt-BR","@id":"https:\/\/swimchannel.net\/br\/#\/schema\/logo\/image\/","url":"https:\/\/swimchannel.net\/br\/wp-content\/uploads\/2026\/02\/SWIM-CHANNEL.png","contentUrl":"https:\/\/swimchannel.net\/br\/wp-content\/uploads\/2026\/02\/SWIM-CHANNEL.png","width":1120,"height":630,"caption":"Swimchannel - Conectando voc\u00ea a Nata\u00e7\u00e3o"},"image":{"@id":"https:\/\/swimchannel.net\/br\/#\/schema\/logo\/image\/"},"sameAs":["https:\/\/www.facebook.com\/swimchannel","https:\/\/www.instagram.com\/swimchannel"]},{"@type":"Person","@id":"https:\/\/swimchannel.net\/br\/#\/schema\/person\/cf549cb99cf75592fcf7c76213385e63","name":"Alex Pussieldi","image":{"@type":"ImageObject","inLanguage":"pt-BR","@id":"https:\/\/swimchannel.net\/br\/#\/schema\/person\/image\/","url":"https:\/\/swimchannel.net\/br\/wp-content\/uploads\/2021\/02\/9b1c252d-a4bd-4eda-b399-24565cac4114-100x100.jpg","contentUrl":"https:\/\/swimchannel.net\/br\/wp-content\/uploads\/2021\/02\/9b1c252d-a4bd-4eda-b399-24565cac4114-100x100.jpg","caption":"Alex Pussieldi"},"description":"Alexandre Pussieldi, apelidado de \u201ccoach\u201d, Foi t\u00e9cnico da sele\u00e7\u00e3o verde e amarela nas Olimp\u00edadas de Pequim-2008 e Londres-2012. O treinador ainda comandou outros quatro pa\u00edses: Kuwait, Paraguai, Aruba e Antilhas Holandesas, al\u00e9m da sele\u00e7\u00e3o americana de \u00e1guas abertas. Pussieldi tem passagens como comentarista de nata\u00e7\u00e3o do Grupo Globo e Swim Channel.","url":"https:\/\/swimchannel.net\/br\/author\/alexpussieldi\/"}]}},"_links":{"self":[{"href":"https:\/\/swimchannel.net\/br\/wp-json\/wp\/v2\/posts\/63266","targetHints":{"allow":["GET"]}}],"collection":[{"href":"https:\/\/swimchannel.net\/br\/wp-json\/wp\/v2\/posts"}],"about":[{"href":"https:\/\/swimchannel.net\/br\/wp-json\/wp\/v2\/types\/post"}],"author":[{"embeddable":true,"href":"https:\/\/swimchannel.net\/br\/wp-json\/wp\/v2\/users\/12"}],"replies":[{"embeddable":true,"href":"https:\/\/swimchannel.net\/br\/wp-json\/wp\/v2\/comments?post=63266"}],"version-history":[{"count":1,"href":"https:\/\/swimchannel.net\/br\/wp-json\/wp\/v2\/posts\/63266\/revisions"}],"predecessor-version":[{"id":63268,"href":"https:\/\/swimchannel.net\/br\/wp-json\/wp\/v2\/posts\/63266\/revisions\/63268"}],"wp:featuredmedia":[{"embeddable":true,"href":"https:\/\/swimchannel.net\/br\/wp-json\/wp\/v2\/media\/63267"}],"wp:attachment":[{"href":"https:\/\/swimchannel.net\/br\/wp-json\/wp\/v2\/media?parent=63266"}],"wp:term":[{"taxonomy":"category","embeddable":true,"href":"https:\/\/swimchannel.net\/br\/wp-json\/wp\/v2\/categories?post=63266"},{"taxonomy":"post_tag","embeddable":true,"href":"https:\/\/swimchannel.net\/br\/wp-json\/wp\/v2\/tags?post=63266"}],"curies":[{"name":"wp","href":"https:\/\/api.w.org\/{rel}","templated":true}]}}