{"id":63724,"date":"2024-02-12T20:53:32","date_gmt":"2024-02-12T23:53:32","guid":{"rendered":"https:\/\/swimchannel.net\/br\/?p=63724"},"modified":"2026-04-02T12:47:01","modified_gmt":"2026-04-02T15:47:01","slug":"world-aquatics-anunciou-classificados-do-nado-artistico-para-paris-deixou-brasil-de-fora-e-vem-protesto-por-ai","status":"publish","type":"post","link":"https:\/\/swimchannel.net\/br\/world-aquatics-anunciou-classificados-do-nado-artistico-para-paris-deixou-brasil-de-fora-e-vem-protesto-por-ai\/","title":{"rendered":"World Aquatics anunciou classificados do nado art\u00edstico para paris, deixou Brasil de fora e vem protesto por a\u00ed"},"content":{"rendered":"<p>Assim como nas \u00e1guas abertas regulamentos mal feitos geram diferentes interpreta\u00e7\u00f5es, discuss\u00f5es, protestos e judicializa\u00e7\u00e3o (<a href=\"https:\/\/bestswimming.swimchannel.net\/2024\/02\/12\/israel-entra-com-pedido-de-revisao-dos-criterios-de-aguas-abertas\/\">link<\/a>).<\/p>\n<p>A World Aquatics anunciou nesta segunda-feira (12\/02) a rela\u00e7\u00e3o dos pa\u00edses classificados para a disputa do Nado Artistico dos Jogos Ol\u00edmpicos Paris 2024. O an\u00fancio veio dois dias depois do encerramento das disputas do Mundial em Doha.<\/p>\n<p>O Brasil que vinha discutindo com a Aqua a sua situa\u00e7\u00e3o e interpreta\u00e7\u00e3o do regulamento que colocava a equipe na Oliimp\u00edada ficou de fora. A CBDA agora encaminha uma discuss\u00e3o jur\u00eddica para decidir qual procedimento poder\u00e1 e dever\u00e1 ser tomado.<\/p>\n<p>Hoje tamb\u00e9m, o Brasil ganhou mais um aliado na briga pela vaga do Dueto Ol\u00edmpico. O Cazaquist\u00e3o tem a mesma condi\u00e7\u00e3o do Brasil, com o dueto nacional tendo terminado os Jogos da \u00c1sia na terceira coloca\u00e7\u00e3o atr\u00e1s respectivamente de China e Jap\u00e3o, ambos classificados como um dos 10 pa\u00edses classificados para a prova de equipes.<\/p>\n<p>O Cazaquist\u00e3o j\u00e1 iniciou movimentos jur\u00eddicos em Doha mesmo no sentido de postular a vaga para a sua equipe. Em caso de aprovado, o benef\u00edcio seria extensivo ao Brasil que est\u00e1 na mesma condi\u00e7\u00e3o, medalhista de bronze no campeonato continental atr\u00e1s de dois pa\u00edses garantidos para as provas de equipe.<\/p>\n<p>Veja aqui o an\u00fancio publicado pela World Aquatics hoje:<\/p>\n<p><a href=\"https:\/\/www.worldaquatics.com\/news\/3891106\/artistic-swimming-at-the-paris-2024-olympics-qualified-noc-quota-positions\">https:\/\/www.worldaquatics.com\/news\/3891106\/artistic-swimming-at-the-paris-2024-olympics-qualified-noc-quota-positions<\/a><\/p>\n","protected":false},"excerpt":{"rendered":"<p>Assim como nas \u00e1guas abertas regulamentos mal feitos geram diferentes interpreta\u00e7\u00f5es, discuss\u00f5es, protestos e judicializa\u00e7\u00e3o (link). A World Aquatics anunciou nesta segunda-feira (12\/02) a rela\u00e7\u00e3o dos pa\u00edses classificados para a disputa do Nado Artistico dos Jogos Ol\u00edmpicos Paris 2024. O an\u00fancio veio dois dias depois do encerramento das disputas do Mundial em Doha. O Brasil [&hellip;]<\/p>\n","protected":false},"author":12,"featured_media":0,"comment_status":"open","ping_status":"open","sticky":false,"template":"","format":"standard","meta":{"footnotes":""},"categories":[1172],"tags":[5795,2407],"class_list":["post-63724","post","type-post","status-publish","format-standard","hentry","category-aqua","tag-dueto","tag-nado-artistico"],"yoast_head":"<!-- This site is optimized with the Yoast SEO plugin v27.0 - https:\/\/yoast.com\/product\/yoast-seo-wordpress\/ -->\n<title>World Aquatics anunciou classificados do nado art\u00edstico para paris, deixou Brasil de fora e vem protesto por a\u00ed - Swimchannel<\/title>\n<meta name=\"robots\" content=\"index, follow, max-snippet:-1, max-image-preview:large, max-video-preview:-1\" \/>\n<link rel=\"canonical\" href=\"https:\/\/swimchannel.net\/br\/world-aquatics-anunciou-classificados-do-nado-artistico-para-paris-deixou-brasil-de-fora-e-vem-protesto-por-ai\/\" \/>\n<meta property=\"og:locale\" content=\"pt_BR\" \/>\n<meta property=\"og:type\" content=\"article\" \/>\n<meta property=\"og:title\" content=\"World Aquatics anunciou classificados do nado art\u00edstico para paris, deixou Brasil de fora e vem protesto por a\u00ed - Swimchannel\" \/>\n<meta property=\"og:description\" content=\"Assim como nas \u00e1guas abertas regulamentos mal feitos geram diferentes interpreta\u00e7\u00f5es, discuss\u00f5es, protestos e judicializa\u00e7\u00e3o (link). A World Aquatics anunciou nesta segunda-feira (12\/02) a rela\u00e7\u00e3o dos pa\u00edses classificados para a disputa do Nado Artistico dos Jogos Ol\u00edmpicos Paris 2024. O an\u00fancio veio dois dias depois do encerramento das disputas do Mundial em Doha. O Brasil [&hellip;]\" \/>\n<meta property=\"og:url\" content=\"https:\/\/swimchannel.net\/br\/world-aquatics-anunciou-classificados-do-nado-artistico-para-paris-deixou-brasil-de-fora-e-vem-protesto-por-ai\/\" \/>\n<meta property=\"og:site_name\" content=\"Swimchannel\" \/>\n<meta property=\"article:publisher\" content=\"https:\/\/www.facebook.com\/swimchannel\" \/>\n<meta property=\"article:published_time\" content=\"2024-02-12T23:53:32+00:00\" \/>\n<meta property=\"article:modified_time\" content=\"2026-04-02T15:47:01+00:00\" \/>\n<meta name=\"author\" content=\"Alex Pussieldi\" \/>\n<meta name=\"twitter:card\" content=\"summary_large_image\" \/>\n<meta name=\"twitter:label1\" content=\"Escrito por\" \/>\n\t<meta name=\"twitter:data1\" content=\"Alex Pussieldi\" \/>\n\t<meta name=\"twitter:label2\" content=\"Est. tempo de leitura\" \/>\n\t<meta name=\"twitter:data2\" content=\"2 minutos\" \/>\n<script type=\"application\/ld+json\" class=\"yoast-schema-graph\">{\"@context\":\"https:\/\/schema.org\",\"@graph\":[{\"@type\":\"Article\",\"@id\":\"https:\/\/swimchannel.net\/br\/world-aquatics-anunciou-classificados-do-nado-artistico-para-paris-deixou-brasil-de-fora-e-vem-protesto-por-ai\/#article\",\"isPartOf\":{\"@id\":\"https:\/\/swimchannel.net\/br\/world-aquatics-anunciou-classificados-do-nado-artistico-para-paris-deixou-brasil-de-fora-e-vem-protesto-por-ai\/\"},\"author\":{\"name\":\"Alex Pussieldi\",\"@id\":\"https:\/\/swimchannel.net\/br\/#\/schema\/person\/cf549cb99cf75592fcf7c76213385e63\"},\"headline\":\"World Aquatics anunciou classificados do nado art\u00edstico para paris, deixou Brasil de fora e vem protesto por a\u00ed\",\"datePublished\":\"2024-02-12T23:53:32+00:00\",\"dateModified\":\"2026-04-02T15:47:01+00:00\",\"mainEntityOfPage\":{\"@id\":\"https:\/\/swimchannel.net\/br\/world-aquatics-anunciou-classificados-do-nado-artistico-para-paris-deixou-brasil-de-fora-e-vem-protesto-por-ai\/\"},\"wordCount\":257,\"commentCount\":0,\"publisher\":{\"@id\":\"https:\/\/swimchannel.net\/br\/#organization\"},\"keywords\":[\"dueto\",\"nado art\u00edstico\"],\"articleSection\":[\"AQUA\"],\"inLanguage\":\"pt-BR\",\"potentialAction\":[{\"@type\":\"CommentAction\",\"name\":\"Comment\",\"target\":[\"https:\/\/swimchannel.net\/br\/world-aquatics-anunciou-classificados-do-nado-artistico-para-paris-deixou-brasil-de-fora-e-vem-protesto-por-ai\/#respond\"]}]},{\"@type\":\"WebPage\",\"@id\":\"https:\/\/swimchannel.net\/br\/world-aquatics-anunciou-classificados-do-nado-artistico-para-paris-deixou-brasil-de-fora-e-vem-protesto-por-ai\/\",\"url\":\"https:\/\/swimchannel.net\/br\/world-aquatics-anunciou-classificados-do-nado-artistico-para-paris-deixou-brasil-de-fora-e-vem-protesto-por-ai\/\",\"name\":\"World Aquatics anunciou classificados do nado art\u00edstico para paris, deixou Brasil de fora e vem protesto por a\u00ed - Swimchannel\",\"isPartOf\":{\"@id\":\"https:\/\/swimchannel.net\/br\/#website\"},\"datePublished\":\"2024-02-12T23:53:32+00:00\",\"dateModified\":\"2026-04-02T15:47:01+00:00\",\"breadcrumb\":{\"@id\":\"https:\/\/swimchannel.net\/br\/world-aquatics-anunciou-classificados-do-nado-artistico-para-paris-deixou-brasil-de-fora-e-vem-protesto-por-ai\/#breadcrumb\"},\"inLanguage\":\"pt-BR\",\"potentialAction\":[{\"@type\":\"ReadAction\",\"target\":[\"https:\/\/swimchannel.net\/br\/world-aquatics-anunciou-classificados-do-nado-artistico-para-paris-deixou-brasil-de-fora-e-vem-protesto-por-ai\/\"]}]},{\"@type\":\"BreadcrumbList\",\"@id\":\"https:\/\/swimchannel.net\/br\/world-aquatics-anunciou-classificados-do-nado-artistico-para-paris-deixou-brasil-de-fora-e-vem-protesto-por-ai\/#breadcrumb\",\"itemListElement\":[{\"@type\":\"ListItem\",\"position\":1,\"name\":\"Home\",\"item\":\"https:\/\/swimchannel.net\/br\/\"},{\"@type\":\"ListItem\",\"position\":2,\"name\":\"World Aquatics anunciou classificados do nado art\u00edstico para paris, deixou Brasil de fora e vem protesto por a\u00ed\"}]},{\"@type\":\"WebSite\",\"@id\":\"https:\/\/swimchannel.net\/br\/#website\",\"url\":\"https:\/\/swimchannel.net\/br\/\",\"name\":\"Swimchannel\",\"description\":\"Maior portal de nata\u00e7\u00e3o da america latina\",\"publisher\":{\"@id\":\"https:\/\/swimchannel.net\/br\/#organization\"},\"potentialAction\":[{\"@type\":\"SearchAction\",\"target\":{\"@type\":\"EntryPoint\",\"urlTemplate\":\"https:\/\/swimchannel.net\/br\/?s={search_term_string}\"},\"query-input\":{\"@type\":\"PropertyValueSpecification\",\"valueRequired\":true,\"valueName\":\"search_term_string\"}}],\"inLanguage\":\"pt-BR\"},{\"@type\":\"Organization\",\"@id\":\"https:\/\/swimchannel.net\/br\/#organization\",\"name\":\"Swimchannel - Conectando voc\u00ea a Nata\u00e7\u00e3o\",\"url\":\"https:\/\/swimchannel.net\/br\/\",\"logo\":{\"@type\":\"ImageObject\",\"inLanguage\":\"pt-BR\",\"@id\":\"https:\/\/swimchannel.net\/br\/#\/schema\/logo\/image\/\",\"url\":\"https:\/\/swimchannel.net\/br\/wp-content\/uploads\/2026\/02\/SWIM-CHANNEL.png\",\"contentUrl\":\"https:\/\/swimchannel.net\/br\/wp-content\/uploads\/2026\/02\/SWIM-CHANNEL.png\",\"width\":1120,\"height\":630,\"caption\":\"Swimchannel - Conectando voc\u00ea a Nata\u00e7\u00e3o\"},\"image\":{\"@id\":\"https:\/\/swimchannel.net\/br\/#\/schema\/logo\/image\/\"},\"sameAs\":[\"https:\/\/www.facebook.com\/swimchannel\",\"https:\/\/www.instagram.com\/swimchannel\"]},{\"@type\":\"Person\",\"@id\":\"https:\/\/swimchannel.net\/br\/#\/schema\/person\/cf549cb99cf75592fcf7c76213385e63\",\"name\":\"Alex Pussieldi\",\"image\":{\"@type\":\"ImageObject\",\"inLanguage\":\"pt-BR\",\"@id\":\"https:\/\/swimchannel.net\/br\/#\/schema\/person\/image\/\",\"url\":\"https:\/\/swimchannel.net\/br\/wp-content\/uploads\/2021\/02\/9b1c252d-a4bd-4eda-b399-24565cac4114-100x100.jpg\",\"contentUrl\":\"https:\/\/swimchannel.net\/br\/wp-content\/uploads\/2021\/02\/9b1c252d-a4bd-4eda-b399-24565cac4114-100x100.jpg\",\"caption\":\"Alex Pussieldi\"},\"description\":\"Alexandre Pussieldi, apelidado de \u201ccoach\u201d, Foi t\u00e9cnico da sele\u00e7\u00e3o verde e amarela nas Olimp\u00edadas de Pequim-2008 e Londres-2012. O treinador ainda comandou outros quatro pa\u00edses: Kuwait, Paraguai, Aruba e Antilhas Holandesas, al\u00e9m da sele\u00e7\u00e3o americana de \u00e1guas abertas. Pussieldi tem passagens como comentarista de nata\u00e7\u00e3o do Grupo Globo e Swim Channel.\",\"url\":\"https:\/\/swimchannel.net\/br\/author\/alexpussieldi\/\"}]}<\/script>\n<!-- \/ Yoast SEO plugin. -->","yoast_head_json":{"title":"World Aquatics anunciou classificados do nado art\u00edstico para paris, deixou Brasil de fora e vem protesto por a\u00ed - Swimchannel","robots":{"index":"index","follow":"follow","max-snippet":"max-snippet:-1","max-image-preview":"max-image-preview:large","max-video-preview":"max-video-preview:-1"},"canonical":"https:\/\/swimchannel.net\/br\/world-aquatics-anunciou-classificados-do-nado-artistico-para-paris-deixou-brasil-de-fora-e-vem-protesto-por-ai\/","og_locale":"pt_BR","og_type":"article","og_title":"World Aquatics anunciou classificados do nado art\u00edstico para paris, deixou Brasil de fora e vem protesto por a\u00ed - Swimchannel","og_description":"Assim como nas \u00e1guas abertas regulamentos mal feitos geram diferentes interpreta\u00e7\u00f5es, discuss\u00f5es, protestos e judicializa\u00e7\u00e3o (link). A World Aquatics anunciou nesta segunda-feira (12\/02) a rela\u00e7\u00e3o dos pa\u00edses classificados para a disputa do Nado Artistico dos Jogos Ol\u00edmpicos Paris 2024. O an\u00fancio veio dois dias depois do encerramento das disputas do Mundial em Doha. O Brasil [&hellip;]","og_url":"https:\/\/swimchannel.net\/br\/world-aquatics-anunciou-classificados-do-nado-artistico-para-paris-deixou-brasil-de-fora-e-vem-protesto-por-ai\/","og_site_name":"Swimchannel","article_publisher":"https:\/\/www.facebook.com\/swimchannel","article_published_time":"2024-02-12T23:53:32+00:00","article_modified_time":"2026-04-02T15:47:01+00:00","author":"Alex Pussieldi","twitter_card":"summary_large_image","twitter_misc":{"Escrito por":"Alex Pussieldi","Est. tempo de leitura":"2 minutos"},"schema":{"@context":"https:\/\/schema.org","@graph":[{"@type":"Article","@id":"https:\/\/swimchannel.net\/br\/world-aquatics-anunciou-classificados-do-nado-artistico-para-paris-deixou-brasil-de-fora-e-vem-protesto-por-ai\/#article","isPartOf":{"@id":"https:\/\/swimchannel.net\/br\/world-aquatics-anunciou-classificados-do-nado-artistico-para-paris-deixou-brasil-de-fora-e-vem-protesto-por-ai\/"},"author":{"name":"Alex Pussieldi","@id":"https:\/\/swimchannel.net\/br\/#\/schema\/person\/cf549cb99cf75592fcf7c76213385e63"},"headline":"World Aquatics anunciou classificados do nado art\u00edstico para paris, deixou Brasil de fora e vem protesto por a\u00ed","datePublished":"2024-02-12T23:53:32+00:00","dateModified":"2026-04-02T15:47:01+00:00","mainEntityOfPage":{"@id":"https:\/\/swimchannel.net\/br\/world-aquatics-anunciou-classificados-do-nado-artistico-para-paris-deixou-brasil-de-fora-e-vem-protesto-por-ai\/"},"wordCount":257,"commentCount":0,"publisher":{"@id":"https:\/\/swimchannel.net\/br\/#organization"},"keywords":["dueto","nado art\u00edstico"],"articleSection":["AQUA"],"inLanguage":"pt-BR","potentialAction":[{"@type":"CommentAction","name":"Comment","target":["https:\/\/swimchannel.net\/br\/world-aquatics-anunciou-classificados-do-nado-artistico-para-paris-deixou-brasil-de-fora-e-vem-protesto-por-ai\/#respond"]}]},{"@type":"WebPage","@id":"https:\/\/swimchannel.net\/br\/world-aquatics-anunciou-classificados-do-nado-artistico-para-paris-deixou-brasil-de-fora-e-vem-protesto-por-ai\/","url":"https:\/\/swimchannel.net\/br\/world-aquatics-anunciou-classificados-do-nado-artistico-para-paris-deixou-brasil-de-fora-e-vem-protesto-por-ai\/","name":"World Aquatics anunciou classificados do nado art\u00edstico para paris, deixou Brasil de fora e vem protesto por a\u00ed - Swimchannel","isPartOf":{"@id":"https:\/\/swimchannel.net\/br\/#website"},"datePublished":"2024-02-12T23:53:32+00:00","dateModified":"2026-04-02T15:47:01+00:00","breadcrumb":{"@id":"https:\/\/swimchannel.net\/br\/world-aquatics-anunciou-classificados-do-nado-artistico-para-paris-deixou-brasil-de-fora-e-vem-protesto-por-ai\/#breadcrumb"},"inLanguage":"pt-BR","potentialAction":[{"@type":"ReadAction","target":["https:\/\/swimchannel.net\/br\/world-aquatics-anunciou-classificados-do-nado-artistico-para-paris-deixou-brasil-de-fora-e-vem-protesto-por-ai\/"]}]},{"@type":"BreadcrumbList","@id":"https:\/\/swimchannel.net\/br\/world-aquatics-anunciou-classificados-do-nado-artistico-para-paris-deixou-brasil-de-fora-e-vem-protesto-por-ai\/#breadcrumb","itemListElement":[{"@type":"ListItem","position":1,"name":"Home","item":"https:\/\/swimchannel.net\/br\/"},{"@type":"ListItem","position":2,"name":"World Aquatics anunciou classificados do nado art\u00edstico para paris, deixou Brasil de fora e vem protesto por a\u00ed"}]},{"@type":"WebSite","@id":"https:\/\/swimchannel.net\/br\/#website","url":"https:\/\/swimchannel.net\/br\/","name":"Swimchannel","description":"Maior portal de nata\u00e7\u00e3o da america latina","publisher":{"@id":"https:\/\/swimchannel.net\/br\/#organization"},"potentialAction":[{"@type":"SearchAction","target":{"@type":"EntryPoint","urlTemplate":"https:\/\/swimchannel.net\/br\/?s={search_term_string}"},"query-input":{"@type":"PropertyValueSpecification","valueRequired":true,"valueName":"search_term_string"}}],"inLanguage":"pt-BR"},{"@type":"Organization","@id":"https:\/\/swimchannel.net\/br\/#organization","name":"Swimchannel - Conectando voc\u00ea a Nata\u00e7\u00e3o","url":"https:\/\/swimchannel.net\/br\/","logo":{"@type":"ImageObject","inLanguage":"pt-BR","@id":"https:\/\/swimchannel.net\/br\/#\/schema\/logo\/image\/","url":"https:\/\/swimchannel.net\/br\/wp-content\/uploads\/2026\/02\/SWIM-CHANNEL.png","contentUrl":"https:\/\/swimchannel.net\/br\/wp-content\/uploads\/2026\/02\/SWIM-CHANNEL.png","width":1120,"height":630,"caption":"Swimchannel - Conectando voc\u00ea a Nata\u00e7\u00e3o"},"image":{"@id":"https:\/\/swimchannel.net\/br\/#\/schema\/logo\/image\/"},"sameAs":["https:\/\/www.facebook.com\/swimchannel","https:\/\/www.instagram.com\/swimchannel"]},{"@type":"Person","@id":"https:\/\/swimchannel.net\/br\/#\/schema\/person\/cf549cb99cf75592fcf7c76213385e63","name":"Alex Pussieldi","image":{"@type":"ImageObject","inLanguage":"pt-BR","@id":"https:\/\/swimchannel.net\/br\/#\/schema\/person\/image\/","url":"https:\/\/swimchannel.net\/br\/wp-content\/uploads\/2021\/02\/9b1c252d-a4bd-4eda-b399-24565cac4114-100x100.jpg","contentUrl":"https:\/\/swimchannel.net\/br\/wp-content\/uploads\/2021\/02\/9b1c252d-a4bd-4eda-b399-24565cac4114-100x100.jpg","caption":"Alex Pussieldi"},"description":"Alexandre Pussieldi, apelidado de \u201ccoach\u201d, Foi t\u00e9cnico da sele\u00e7\u00e3o verde e amarela nas Olimp\u00edadas de Pequim-2008 e Londres-2012. O treinador ainda comandou outros quatro pa\u00edses: Kuwait, Paraguai, Aruba e Antilhas Holandesas, al\u00e9m da sele\u00e7\u00e3o americana de \u00e1guas abertas. Pussieldi tem passagens como comentarista de nata\u00e7\u00e3o do Grupo Globo e Swim Channel.","url":"https:\/\/swimchannel.net\/br\/author\/alexpussieldi\/"}]}},"_links":{"self":[{"href":"https:\/\/swimchannel.net\/br\/wp-json\/wp\/v2\/posts\/63724","targetHints":{"allow":["GET"]}}],"collection":[{"href":"https:\/\/swimchannel.net\/br\/wp-json\/wp\/v2\/posts"}],"about":[{"href":"https:\/\/swimchannel.net\/br\/wp-json\/wp\/v2\/types\/post"}],"author":[{"embeddable":true,"href":"https:\/\/swimchannel.net\/br\/wp-json\/wp\/v2\/users\/12"}],"replies":[{"embeddable":true,"href":"https:\/\/swimchannel.net\/br\/wp-json\/wp\/v2\/comments?post=63724"}],"version-history":[{"count":1,"href":"https:\/\/swimchannel.net\/br\/wp-json\/wp\/v2\/posts\/63724\/revisions"}],"predecessor-version":[{"id":63726,"href":"https:\/\/swimchannel.net\/br\/wp-json\/wp\/v2\/posts\/63724\/revisions\/63726"}],"wp:attachment":[{"href":"https:\/\/swimchannel.net\/br\/wp-json\/wp\/v2\/media?parent=63724"}],"wp:term":[{"taxonomy":"category","embeddable":true,"href":"https:\/\/swimchannel.net\/br\/wp-json\/wp\/v2\/categories?post=63724"},{"taxonomy":"post_tag","embeddable":true,"href":"https:\/\/swimchannel.net\/br\/wp-json\/wp\/v2\/tags?post=63724"}],"curies":[{"name":"wp","href":"https:\/\/api.w.org\/{rel}","templated":true}]}}