{"id":64217,"date":"2024-02-29T11:32:25","date_gmt":"2024-02-29T14:32:25","guid":{"rendered":"https:\/\/swimchannel.net\/br\/?p=64217"},"modified":"2024-02-29T11:55:16","modified_gmt":"2024-02-29T14:55:16","slug":"cbda-anuncia-finkel-2024-em-jurere-internacional","status":"publish","type":"post","link":"https:\/\/swimchannel.net\/br\/cbda-anuncia-finkel-2024-em-jurere-internacional\/","title":{"rendered":"CBDA anuncia Finkel 2024 em Jurer\u00ea Internacional"},"content":{"rendered":"<p>A CBDA anunciou nesta quarta-feira (28\/02) a sede do Trof\u00e9u Jos\u00e9 Finkel 2024 para a cidade de Jurer\u00ea, em Santa Catarina. A famosa praia e reconhecida como um dos mais bonitos destinos do turismo nacional ganhou uma piscina de 25 metros com dez raias. Localizada ao norte da capital Florian\u00f3polis, a piscina rec\u00e9m inaugurada faz parte da equipe Swim Floripa, um dos mais novos clubes de nata\u00e7\u00e3o catarinense.<\/p>\n<p>O Finkel 2024 ser\u00e1 seletiva nacional \u00fanica para forma\u00e7\u00e3o da Sele\u00e7\u00e3o Brasileira que vai ao Campeonato Mundial de piscina curta em Budapeste, na Hungria, em dezembro. Para o evento, a organiza\u00e7\u00e3o pretende a coloca\u00e7\u00e3o de arquibancadas tempor\u00e1rias al\u00e9m da cobertura do local.<\/p>\n<figure id=\"attachment_64219\" aria-describedby=\"caption-attachment-64219\" style=\"width: 788px\" class=\"wp-caption aligncenter\"><img loading=\"lazy\" decoding=\"async\" class=\"size-full wp-image-64219\" src=\"https:\/\/swimchannel.net\/br\/wp-content\/uploads\/2024\/02\/430887643_950034673361213_1639743014539252071_n.jpg\" alt=\"\" width=\"788\" height=\"630\" srcset=\"https:\/\/swimchannel.net\/br\/wp-content\/uploads\/2024\/02\/430887643_950034673361213_1639743014539252071_n.jpg 788w, https:\/\/swimchannel.net\/br\/wp-content\/uploads\/2024\/02\/430887643_950034673361213_1639743014539252071_n-225x180.jpg 225w, https:\/\/swimchannel.net\/br\/wp-content\/uploads\/2024\/02\/430887643_950034673361213_1639743014539252071_n-768x614.jpg 768w, https:\/\/swimchannel.net\/br\/wp-content\/uploads\/2024\/02\/430887643_950034673361213_1639743014539252071_n-750x600.jpg 750w\" sizes=\"auto, (max-width: 788px) 100vw, 788px\" \/><figcaption id=\"caption-attachment-64219\" class=\"wp-caption-text\">Time Swim Floripa na nova piscina<\/figcaption><\/figure>\n<p>Florian\u00f3polis sempre foi destino de grandes eventos da nata\u00e7\u00e3o nacional tendo recebido o Trof\u00e9u Jos\u00e9 Finkel pela \u00faltima vez em 2009 e o Open em 2016, ambos na piscina de 50 metros da Unisul.<\/p>\n<p>Marcado para os dias 12 a 17 de agosto, oito dias ap\u00f3s o final da Olimp\u00edada de Paris, o Finkel 2024 deve ter um n\u00edvel de disputa bastante alto, similar ao que tivemos no Finkel de 2012 ent\u00e3o realizado na piscina do SESI em S\u00e3o Paulo poucos dias depois dos Jogos de Londres.<\/p>\n","protected":false},"excerpt":{"rendered":"<p>A CBDA anunciou nesta quarta-feira (28\/02) a sede do Trof\u00e9u Jos\u00e9 Finkel 2024 para a cidade de Jurer\u00ea, em Santa Catarina. A famosa praia e reconhecida como um dos mais bonitos destinos do turismo nacional ganhou uma piscina de 25 metros com dez raias. Localizada ao norte da capital Florian\u00f3polis, a piscina rec\u00e9m inaugurada faz [&hellip;]<\/p>\n","protected":false},"author":12,"featured_media":64221,"comment_status":"open","ping_status":"open","sticky":false,"template":"","format":"gallery","meta":{"footnotes":""},"categories":[241],"tags":[194,1221,5841,5,130],"class_list":["post-64217","post","type-post","status-publish","format-gallery","has-post-thumbnail","hentry","category-trofeu-jose-finkel","tag-cbda","tag-florianopolis","tag-jurere","tag-natacao","tag-trofeu-jose-finkel","post_format-post-format-gallery"],"yoast_head":"<!-- This site is optimized with the Yoast SEO plugin v27.0 - https:\/\/yoast.com\/product\/yoast-seo-wordpress\/ -->\n<title>CBDA anuncia Finkel 2024 em Jurer\u00ea Internacional - Swimchannel<\/title>\n<meta name=\"robots\" content=\"index, follow, max-snippet:-1, max-image-preview:large, max-video-preview:-1\" \/>\n<link rel=\"canonical\" href=\"https:\/\/swimchannel.net\/br\/cbda-anuncia-finkel-2024-em-jurere-internacional\/\" \/>\n<meta property=\"og:locale\" content=\"pt_BR\" \/>\n<meta property=\"og:type\" content=\"article\" \/>\n<meta property=\"og:title\" content=\"CBDA anuncia Finkel 2024 em Jurer\u00ea Internacional - Swimchannel\" \/>\n<meta property=\"og:description\" content=\"A CBDA anunciou nesta quarta-feira (28\/02) a sede do Trof\u00e9u Jos\u00e9 Finkel 2024 para a cidade de Jurer\u00ea, em Santa Catarina. A famosa praia e reconhecida como um dos mais bonitos destinos do turismo nacional ganhou uma piscina de 25 metros com dez raias. Localizada ao norte da capital Florian\u00f3polis, a piscina rec\u00e9m inaugurada faz [&hellip;]\" \/>\n<meta property=\"og:url\" content=\"https:\/\/swimchannel.net\/br\/cbda-anuncia-finkel-2024-em-jurere-internacional\/\" \/>\n<meta property=\"og:site_name\" content=\"Swimchannel\" \/>\n<meta property=\"article:publisher\" content=\"https:\/\/www.facebook.com\/swimchannel\" \/>\n<meta property=\"article:published_time\" content=\"2024-02-29T14:32:25+00:00\" \/>\n<meta property=\"article:modified_time\" content=\"2024-02-29T14:55:16+00:00\" \/>\n<meta property=\"og:image\" content=\"https:\/\/swimchannel.net\/br\/wp-content\/uploads\/2024\/02\/430678999_950034543361226_4035650942362971502_n.jpg\" \/>\n\t<meta property=\"og:image:width\" content=\"788\" \/>\n\t<meta property=\"og:image:height\" content=\"630\" \/>\n\t<meta property=\"og:image:type\" content=\"image\/jpeg\" \/>\n<meta name=\"author\" content=\"Alex Pussieldi\" \/>\n<meta name=\"twitter:card\" content=\"summary_large_image\" \/>\n<meta name=\"twitter:label1\" content=\"Escrito por\" \/>\n\t<meta name=\"twitter:data1\" content=\"Alex Pussieldi\" \/>\n\t<meta name=\"twitter:label2\" content=\"Est. tempo de leitura\" \/>\n\t<meta name=\"twitter:data2\" content=\"1 minuto\" \/>\n<script type=\"application\/ld+json\" class=\"yoast-schema-graph\">{\"@context\":\"https:\/\/schema.org\",\"@graph\":[{\"@type\":\"Article\",\"@id\":\"https:\/\/swimchannel.net\/br\/cbda-anuncia-finkel-2024-em-jurere-internacional\/#article\",\"isPartOf\":{\"@id\":\"https:\/\/swimchannel.net\/br\/cbda-anuncia-finkel-2024-em-jurere-internacional\/\"},\"author\":{\"name\":\"Alex Pussieldi\",\"@id\":\"https:\/\/swimchannel.net\/br\/#\/schema\/person\/cf549cb99cf75592fcf7c76213385e63\"},\"headline\":\"CBDA anuncia Finkel 2024 em Jurer\u00ea Internacional\",\"datePublished\":\"2024-02-29T14:32:25+00:00\",\"dateModified\":\"2024-02-29T14:55:16+00:00\",\"mainEntityOfPage\":{\"@id\":\"https:\/\/swimchannel.net\/br\/cbda-anuncia-finkel-2024-em-jurere-internacional\/\"},\"wordCount\":223,\"commentCount\":0,\"publisher\":{\"@id\":\"https:\/\/swimchannel.net\/br\/#organization\"},\"image\":{\"@id\":\"https:\/\/swimchannel.net\/br\/cbda-anuncia-finkel-2024-em-jurere-internacional\/#primaryimage\"},\"thumbnailUrl\":\"https:\/\/swimchannel.net\/br\/wp-content\/uploads\/2024\/02\/430678999_950034543361226_4035650942362971502_n.jpg\",\"keywords\":[\"CBDA\",\"Florian\u00f3polis\",\"Jurer\u00ea\",\"natacao\",\"Trof\u00e9u Jos\u00e9 Finkel\"],\"articleSection\":[\"Trof\u00e9u Jos\u00e9 Finkel\"],\"inLanguage\":\"pt-BR\",\"potentialAction\":[{\"@type\":\"CommentAction\",\"name\":\"Comment\",\"target\":[\"https:\/\/swimchannel.net\/br\/cbda-anuncia-finkel-2024-em-jurere-internacional\/#respond\"]}]},{\"@type\":\"WebPage\",\"@id\":\"https:\/\/swimchannel.net\/br\/cbda-anuncia-finkel-2024-em-jurere-internacional\/\",\"url\":\"https:\/\/swimchannel.net\/br\/cbda-anuncia-finkel-2024-em-jurere-internacional\/\",\"name\":\"CBDA anuncia Finkel 2024 em Jurer\u00ea Internacional - Swimchannel\",\"isPartOf\":{\"@id\":\"https:\/\/swimchannel.net\/br\/#website\"},\"primaryImageOfPage\":{\"@id\":\"https:\/\/swimchannel.net\/br\/cbda-anuncia-finkel-2024-em-jurere-internacional\/#primaryimage\"},\"image\":{\"@id\":\"https:\/\/swimchannel.net\/br\/cbda-anuncia-finkel-2024-em-jurere-internacional\/#primaryimage\"},\"thumbnailUrl\":\"https:\/\/swimchannel.net\/br\/wp-content\/uploads\/2024\/02\/430678999_950034543361226_4035650942362971502_n.jpg\",\"datePublished\":\"2024-02-29T14:32:25+00:00\",\"dateModified\":\"2024-02-29T14:55:16+00:00\",\"breadcrumb\":{\"@id\":\"https:\/\/swimchannel.net\/br\/cbda-anuncia-finkel-2024-em-jurere-internacional\/#breadcrumb\"},\"inLanguage\":\"pt-BR\",\"potentialAction\":[{\"@type\":\"ReadAction\",\"target\":[\"https:\/\/swimchannel.net\/br\/cbda-anuncia-finkel-2024-em-jurere-internacional\/\"]}]},{\"@type\":\"ImageObject\",\"inLanguage\":\"pt-BR\",\"@id\":\"https:\/\/swimchannel.net\/br\/cbda-anuncia-finkel-2024-em-jurere-internacional\/#primaryimage\",\"url\":\"https:\/\/swimchannel.net\/br\/wp-content\/uploads\/2024\/02\/430678999_950034543361226_4035650942362971502_n.jpg\",\"contentUrl\":\"https:\/\/swimchannel.net\/br\/wp-content\/uploads\/2024\/02\/430678999_950034543361226_4035650942362971502_n.jpg\",\"width\":788,\"height\":630},{\"@type\":\"BreadcrumbList\",\"@id\":\"https:\/\/swimchannel.net\/br\/cbda-anuncia-finkel-2024-em-jurere-internacional\/#breadcrumb\",\"itemListElement\":[{\"@type\":\"ListItem\",\"position\":1,\"name\":\"Home\",\"item\":\"https:\/\/swimchannel.net\/br\/\"},{\"@type\":\"ListItem\",\"position\":2,\"name\":\"CBDA anuncia Finkel 2024 em Jurer\u00ea Internacional\"}]},{\"@type\":\"WebSite\",\"@id\":\"https:\/\/swimchannel.net\/br\/#website\",\"url\":\"https:\/\/swimchannel.net\/br\/\",\"name\":\"Swimchannel\",\"description\":\"Maior portal de nata\u00e7\u00e3o da america latina\",\"publisher\":{\"@id\":\"https:\/\/swimchannel.net\/br\/#organization\"},\"potentialAction\":[{\"@type\":\"SearchAction\",\"target\":{\"@type\":\"EntryPoint\",\"urlTemplate\":\"https:\/\/swimchannel.net\/br\/?s={search_term_string}\"},\"query-input\":{\"@type\":\"PropertyValueSpecification\",\"valueRequired\":true,\"valueName\":\"search_term_string\"}}],\"inLanguage\":\"pt-BR\"},{\"@type\":\"Organization\",\"@id\":\"https:\/\/swimchannel.net\/br\/#organization\",\"name\":\"Swimchannel - Conectando voc\u00ea a Nata\u00e7\u00e3o\",\"url\":\"https:\/\/swimchannel.net\/br\/\",\"logo\":{\"@type\":\"ImageObject\",\"inLanguage\":\"pt-BR\",\"@id\":\"https:\/\/swimchannel.net\/br\/#\/schema\/logo\/image\/\",\"url\":\"https:\/\/swimchannel.net\/br\/wp-content\/uploads\/2026\/02\/SWIM-CHANNEL.png\",\"contentUrl\":\"https:\/\/swimchannel.net\/br\/wp-content\/uploads\/2026\/02\/SWIM-CHANNEL.png\",\"width\":1120,\"height\":630,\"caption\":\"Swimchannel - Conectando voc\u00ea a Nata\u00e7\u00e3o\"},\"image\":{\"@id\":\"https:\/\/swimchannel.net\/br\/#\/schema\/logo\/image\/\"},\"sameAs\":[\"https:\/\/www.facebook.com\/swimchannel\",\"https:\/\/www.instagram.com\/swimchannel\"]},{\"@type\":\"Person\",\"@id\":\"https:\/\/swimchannel.net\/br\/#\/schema\/person\/cf549cb99cf75592fcf7c76213385e63\",\"name\":\"Alex Pussieldi\",\"image\":{\"@type\":\"ImageObject\",\"inLanguage\":\"pt-BR\",\"@id\":\"https:\/\/swimchannel.net\/br\/#\/schema\/person\/image\/\",\"url\":\"https:\/\/swimchannel.net\/br\/wp-content\/uploads\/2021\/02\/9b1c252d-a4bd-4eda-b399-24565cac4114-100x100.jpg\",\"contentUrl\":\"https:\/\/swimchannel.net\/br\/wp-content\/uploads\/2021\/02\/9b1c252d-a4bd-4eda-b399-24565cac4114-100x100.jpg\",\"caption\":\"Alex Pussieldi\"},\"description\":\"Alexandre Pussieldi, apelidado de \u201ccoach\u201d, Foi t\u00e9cnico da sele\u00e7\u00e3o verde e amarela nas Olimp\u00edadas de Pequim-2008 e Londres-2012. O treinador ainda comandou outros quatro pa\u00edses: Kuwait, Paraguai, Aruba e Antilhas Holandesas, al\u00e9m da sele\u00e7\u00e3o americana de \u00e1guas abertas. Pussieldi tem passagens como comentarista de nata\u00e7\u00e3o do Grupo Globo e Swim Channel.\",\"url\":\"https:\/\/swimchannel.net\/br\/author\/alexpussieldi\/\"}]}<\/script>\n<!-- \/ Yoast SEO plugin. -->","yoast_head_json":{"title":"CBDA anuncia Finkel 2024 em Jurer\u00ea Internacional - Swimchannel","robots":{"index":"index","follow":"follow","max-snippet":"max-snippet:-1","max-image-preview":"max-image-preview:large","max-video-preview":"max-video-preview:-1"},"canonical":"https:\/\/swimchannel.net\/br\/cbda-anuncia-finkel-2024-em-jurere-internacional\/","og_locale":"pt_BR","og_type":"article","og_title":"CBDA anuncia Finkel 2024 em Jurer\u00ea Internacional - Swimchannel","og_description":"A CBDA anunciou nesta quarta-feira (28\/02) a sede do Trof\u00e9u Jos\u00e9 Finkel 2024 para a cidade de Jurer\u00ea, em Santa Catarina. A famosa praia e reconhecida como um dos mais bonitos destinos do turismo nacional ganhou uma piscina de 25 metros com dez raias. Localizada ao norte da capital Florian\u00f3polis, a piscina rec\u00e9m inaugurada faz [&hellip;]","og_url":"https:\/\/swimchannel.net\/br\/cbda-anuncia-finkel-2024-em-jurere-internacional\/","og_site_name":"Swimchannel","article_publisher":"https:\/\/www.facebook.com\/swimchannel","article_published_time":"2024-02-29T14:32:25+00:00","article_modified_time":"2024-02-29T14:55:16+00:00","og_image":[{"width":788,"height":630,"url":"https:\/\/swimchannel.net\/br\/wp-content\/uploads\/2024\/02\/430678999_950034543361226_4035650942362971502_n.jpg","type":"image\/jpeg"}],"author":"Alex Pussieldi","twitter_card":"summary_large_image","twitter_misc":{"Escrito por":"Alex Pussieldi","Est. tempo de leitura":"1 minuto"},"schema":{"@context":"https:\/\/schema.org","@graph":[{"@type":"Article","@id":"https:\/\/swimchannel.net\/br\/cbda-anuncia-finkel-2024-em-jurere-internacional\/#article","isPartOf":{"@id":"https:\/\/swimchannel.net\/br\/cbda-anuncia-finkel-2024-em-jurere-internacional\/"},"author":{"name":"Alex Pussieldi","@id":"https:\/\/swimchannel.net\/br\/#\/schema\/person\/cf549cb99cf75592fcf7c76213385e63"},"headline":"CBDA anuncia Finkel 2024 em Jurer\u00ea Internacional","datePublished":"2024-02-29T14:32:25+00:00","dateModified":"2024-02-29T14:55:16+00:00","mainEntityOfPage":{"@id":"https:\/\/swimchannel.net\/br\/cbda-anuncia-finkel-2024-em-jurere-internacional\/"},"wordCount":223,"commentCount":0,"publisher":{"@id":"https:\/\/swimchannel.net\/br\/#organization"},"image":{"@id":"https:\/\/swimchannel.net\/br\/cbda-anuncia-finkel-2024-em-jurere-internacional\/#primaryimage"},"thumbnailUrl":"https:\/\/swimchannel.net\/br\/wp-content\/uploads\/2024\/02\/430678999_950034543361226_4035650942362971502_n.jpg","keywords":["CBDA","Florian\u00f3polis","Jurer\u00ea","natacao","Trof\u00e9u Jos\u00e9 Finkel"],"articleSection":["Trof\u00e9u Jos\u00e9 Finkel"],"inLanguage":"pt-BR","potentialAction":[{"@type":"CommentAction","name":"Comment","target":["https:\/\/swimchannel.net\/br\/cbda-anuncia-finkel-2024-em-jurere-internacional\/#respond"]}]},{"@type":"WebPage","@id":"https:\/\/swimchannel.net\/br\/cbda-anuncia-finkel-2024-em-jurere-internacional\/","url":"https:\/\/swimchannel.net\/br\/cbda-anuncia-finkel-2024-em-jurere-internacional\/","name":"CBDA anuncia Finkel 2024 em Jurer\u00ea Internacional - Swimchannel","isPartOf":{"@id":"https:\/\/swimchannel.net\/br\/#website"},"primaryImageOfPage":{"@id":"https:\/\/swimchannel.net\/br\/cbda-anuncia-finkel-2024-em-jurere-internacional\/#primaryimage"},"image":{"@id":"https:\/\/swimchannel.net\/br\/cbda-anuncia-finkel-2024-em-jurere-internacional\/#primaryimage"},"thumbnailUrl":"https:\/\/swimchannel.net\/br\/wp-content\/uploads\/2024\/02\/430678999_950034543361226_4035650942362971502_n.jpg","datePublished":"2024-02-29T14:32:25+00:00","dateModified":"2024-02-29T14:55:16+00:00","breadcrumb":{"@id":"https:\/\/swimchannel.net\/br\/cbda-anuncia-finkel-2024-em-jurere-internacional\/#breadcrumb"},"inLanguage":"pt-BR","potentialAction":[{"@type":"ReadAction","target":["https:\/\/swimchannel.net\/br\/cbda-anuncia-finkel-2024-em-jurere-internacional\/"]}]},{"@type":"ImageObject","inLanguage":"pt-BR","@id":"https:\/\/swimchannel.net\/br\/cbda-anuncia-finkel-2024-em-jurere-internacional\/#primaryimage","url":"https:\/\/swimchannel.net\/br\/wp-content\/uploads\/2024\/02\/430678999_950034543361226_4035650942362971502_n.jpg","contentUrl":"https:\/\/swimchannel.net\/br\/wp-content\/uploads\/2024\/02\/430678999_950034543361226_4035650942362971502_n.jpg","width":788,"height":630},{"@type":"BreadcrumbList","@id":"https:\/\/swimchannel.net\/br\/cbda-anuncia-finkel-2024-em-jurere-internacional\/#breadcrumb","itemListElement":[{"@type":"ListItem","position":1,"name":"Home","item":"https:\/\/swimchannel.net\/br\/"},{"@type":"ListItem","position":2,"name":"CBDA anuncia Finkel 2024 em Jurer\u00ea Internacional"}]},{"@type":"WebSite","@id":"https:\/\/swimchannel.net\/br\/#website","url":"https:\/\/swimchannel.net\/br\/","name":"Swimchannel","description":"Maior portal de nata\u00e7\u00e3o da america latina","publisher":{"@id":"https:\/\/swimchannel.net\/br\/#organization"},"potentialAction":[{"@type":"SearchAction","target":{"@type":"EntryPoint","urlTemplate":"https:\/\/swimchannel.net\/br\/?s={search_term_string}"},"query-input":{"@type":"PropertyValueSpecification","valueRequired":true,"valueName":"search_term_string"}}],"inLanguage":"pt-BR"},{"@type":"Organization","@id":"https:\/\/swimchannel.net\/br\/#organization","name":"Swimchannel - Conectando voc\u00ea a Nata\u00e7\u00e3o","url":"https:\/\/swimchannel.net\/br\/","logo":{"@type":"ImageObject","inLanguage":"pt-BR","@id":"https:\/\/swimchannel.net\/br\/#\/schema\/logo\/image\/","url":"https:\/\/swimchannel.net\/br\/wp-content\/uploads\/2026\/02\/SWIM-CHANNEL.png","contentUrl":"https:\/\/swimchannel.net\/br\/wp-content\/uploads\/2026\/02\/SWIM-CHANNEL.png","width":1120,"height":630,"caption":"Swimchannel - Conectando voc\u00ea a Nata\u00e7\u00e3o"},"image":{"@id":"https:\/\/swimchannel.net\/br\/#\/schema\/logo\/image\/"},"sameAs":["https:\/\/www.facebook.com\/swimchannel","https:\/\/www.instagram.com\/swimchannel"]},{"@type":"Person","@id":"https:\/\/swimchannel.net\/br\/#\/schema\/person\/cf549cb99cf75592fcf7c76213385e63","name":"Alex Pussieldi","image":{"@type":"ImageObject","inLanguage":"pt-BR","@id":"https:\/\/swimchannel.net\/br\/#\/schema\/person\/image\/","url":"https:\/\/swimchannel.net\/br\/wp-content\/uploads\/2021\/02\/9b1c252d-a4bd-4eda-b399-24565cac4114-100x100.jpg","contentUrl":"https:\/\/swimchannel.net\/br\/wp-content\/uploads\/2021\/02\/9b1c252d-a4bd-4eda-b399-24565cac4114-100x100.jpg","caption":"Alex Pussieldi"},"description":"Alexandre Pussieldi, apelidado de \u201ccoach\u201d, Foi t\u00e9cnico da sele\u00e7\u00e3o verde e amarela nas Olimp\u00edadas de Pequim-2008 e Londres-2012. O treinador ainda comandou outros quatro pa\u00edses: Kuwait, Paraguai, Aruba e Antilhas Holandesas, al\u00e9m da sele\u00e7\u00e3o americana de \u00e1guas abertas. Pussieldi tem passagens como comentarista de nata\u00e7\u00e3o do Grupo Globo e Swim Channel.","url":"https:\/\/swimchannel.net\/br\/author\/alexpussieldi\/"}]}},"_links":{"self":[{"href":"https:\/\/swimchannel.net\/br\/wp-json\/wp\/v2\/posts\/64217","targetHints":{"allow":["GET"]}}],"collection":[{"href":"https:\/\/swimchannel.net\/br\/wp-json\/wp\/v2\/posts"}],"about":[{"href":"https:\/\/swimchannel.net\/br\/wp-json\/wp\/v2\/types\/post"}],"author":[{"embeddable":true,"href":"https:\/\/swimchannel.net\/br\/wp-json\/wp\/v2\/users\/12"}],"replies":[{"embeddable":true,"href":"https:\/\/swimchannel.net\/br\/wp-json\/wp\/v2\/comments?post=64217"}],"version-history":[{"count":2,"href":"https:\/\/swimchannel.net\/br\/wp-json\/wp\/v2\/posts\/64217\/revisions"}],"predecessor-version":[{"id":64229,"href":"https:\/\/swimchannel.net\/br\/wp-json\/wp\/v2\/posts\/64217\/revisions\/64229"}],"wp:featuredmedia":[{"embeddable":true,"href":"https:\/\/swimchannel.net\/br\/wp-json\/wp\/v2\/media\/64221"}],"wp:attachment":[{"href":"https:\/\/swimchannel.net\/br\/wp-json\/wp\/v2\/media?parent=64217"}],"wp:term":[{"taxonomy":"category","embeddable":true,"href":"https:\/\/swimchannel.net\/br\/wp-json\/wp\/v2\/categories?post=64217"},{"taxonomy":"post_tag","embeddable":true,"href":"https:\/\/swimchannel.net\/br\/wp-json\/wp\/v2\/tags?post=64217"}],"curies":[{"name":"wp","href":"https:\/\/api.w.org\/{rel}","templated":true}]}}