{"id":64670,"date":"2024-03-22T10:40:34","date_gmt":"2024-03-22T13:40:34","guid":{"rendered":"https:\/\/swimchannel.net\/br\/?p=64670"},"modified":"2024-03-22T11:31:54","modified_gmt":"2024-03-22T14:31:54","slug":"soma-bay-egito-vai-comecar-a-copa-do-mundo-de-aguas-abertas","status":"publish","type":"post","link":"https:\/\/swimchannel.net\/br\/soma-bay-egito-vai-comecar-a-copa-do-mundo-de-aguas-abertas\/","title":{"rendered":"Soma Bay, Egito, vai come\u00e7ar a Copa do Mundo de \u00c1guas Abertas"},"content":{"rendered":"<p>Neste final de semana, atletas de 15 pa\u00edses incluindo tr\u00eas brasileiros, caem na \u00e1gua para a disputa da etapa de abertura da Copa do Mundo de \u00c1guas Abertas. \u00c9 o Festival Aqu\u00e1tico de Soma Bay, no Egito, que tem as provas de 10 quil\u00f4metros no s\u00e1bado e o revezamento 4&#215;1500 metros no domingo. Provas de nado art\u00edstico e polo aqu\u00e1tico ainda ser\u00e3o disputadas nas pr\u00f3ximas semanas.<\/p>\n<p>Ana Marcela Cunha e Viviane Jungblut, as duas brasileiras j\u00e1 classificadas para os Jogos Ol\u00edmpicos de Paris, junto com Matheus Melecchi, \u00e9 o grupo que representa o pa\u00eds na disputa.<\/p>\n<p>Viviane e Melecchi viajaram junto de seu treinador Kiko Klaser do Gr\u00eamio N\u00e1utico Uni\u00e3o, enquanto Ana Marcela saiu direto da It\u00e1lia na companhia do grupo internacional que treina sob o comando de Fabrizio Antonelli em Ostia.<\/p>\n<figure id=\"attachment_64121\" aria-describedby=\"caption-attachment-64121\" style=\"width: 945px\" class=\"wp-caption alignnone\"><img loading=\"lazy\" decoding=\"async\" class=\"size-full wp-image-64121\" src=\"https:\/\/swimchannel.net\/br\/wp-content\/uploads\/2024\/02\/SS_7268.jpg\" alt=\"\" width=\"945\" height=\"630\" srcset=\"https:\/\/swimchannel.net\/br\/wp-content\/uploads\/2024\/02\/SS_7268.jpg 945w, https:\/\/swimchannel.net\/br\/wp-content\/uploads\/2024\/02\/SS_7268-270x180.jpg 270w, https:\/\/swimchannel.net\/br\/wp-content\/uploads\/2024\/02\/SS_7268-768x512.jpg 768w, https:\/\/swimchannel.net\/br\/wp-content\/uploads\/2024\/02\/SS_7268-750x500.jpg 750w\" sizes=\"auto, (max-width: 945px) 100vw, 945px\" \/><figcaption id=\"caption-attachment-64121\" class=\"wp-caption-text\">Ana Marcela Cunha &#8211; Foto: Satiro Sodr\u00e9<\/figcaption><\/figure>\n<p>Soma Bay \u00e9 a primeira das cinco etapas previstas para a Copa do Mundo de \u00c1guas Abertas que ainda ter\u00e1 provas no Golfo de Aranci, na It\u00e1lia, Set\u00fabal, em Portugal, Hong Kong e a etapa de encerramento em Eilat, Israel. Esta \u00faltima ainda sem data confirmada.<\/p>\n<p>Este \u00e9 o segundo ano consecutivo que Soma Bay recebe uma etapa da Copa do Mundo de \u00c1guas Abertas. A prova marcou o retorno de Ana Marcela no ano passado afastada desde a cirurgia feita em Novembro de 2022. No evento de 2023, Ana Marcela ficou em terceiro lugar, Viviane foi quinta colocada. No masculino, Melecchi foi o melhor brasileiro colocado em 18\u00ba lugar e Bernardo Gavioli chegou em 28\u00ba.<\/p>\n<figure id=\"attachment_64120\" aria-describedby=\"caption-attachment-64120\" style=\"width: 945px\" class=\"wp-caption alignnone\"><img loading=\"lazy\" decoding=\"async\" class=\"size-full wp-image-64120\" src=\"https:\/\/swimchannel.net\/br\/wp-content\/uploads\/2024\/02\/SS_7255.jpg\" alt=\"\" width=\"945\" height=\"630\" srcset=\"https:\/\/swimchannel.net\/br\/wp-content\/uploads\/2024\/02\/SS_7255.jpg 945w, https:\/\/swimchannel.net\/br\/wp-content\/uploads\/2024\/02\/SS_7255-270x180.jpg 270w, https:\/\/swimchannel.net\/br\/wp-content\/uploads\/2024\/02\/SS_7255-768x512.jpg 768w, https:\/\/swimchannel.net\/br\/wp-content\/uploads\/2024\/02\/SS_7255-750x500.jpg 750w\" sizes=\"auto, (max-width: 945px) 100vw, 945px\" \/><figcaption id=\"caption-attachment-64120\" class=\"wp-caption-text\">Viviane Jungblut &#8211; Foto: Satiro Sodr\u00e9<\/figcaption><\/figure>\n<p>As provas de s\u00e1bado e domingo ser\u00e3o transmitidas pela World Aquatics atrav\u00e9s de seu canal de YouTube. Confira os hor\u00e1rios abaixo:<\/p>\n<p><strong>S\u00e1bado<\/strong><br \/>\n10 km Masculino &#8211; 9h AM hor\u00e1rio local, 04h AM hor\u00e1rio Bras\u00edlia<br \/>\n10 km Feminino &#8211; 11h AM hor\u00e1rio local, 06h AM hor\u00e1rio Bras\u00edlia<\/p>\n<p><strong>Domingo<\/strong><br \/>\nRevezamento &#8211; 10h AM hor\u00e1rio local, 05h AM hor\u00e1rio Bras\u00edlia<\/p>\n","protected":false},"excerpt":{"rendered":"<p>Ana Marcela Cunha, Viviane Jungblut e Matheus Melecchi ser\u00e3o os brasileiros em a\u00e7\u00e3o na primeira etapa do circuito mundial de \u00e1guas abertas<\/p>\n","protected":false},"author":12,"featured_media":64121,"comment_status":"open","ping_status":"open","sticky":false,"template":"","format":"gallery","meta":{"footnotes":""},"categories":[115],"tags":[14,482,5,5183,5101],"class_list":["post-64670","post","type-post","status-publish","format-gallery","has-post-thumbnail","hentry","category-aguas-abertas","tag-aguas-abertas","tag-copa-do-mundo","tag-natacao","tag-soma-bay","tag-world-aquatics","post_format-post-format-gallery"],"yoast_head":"<!-- This site is optimized with the Yoast SEO plugin v27.0 - https:\/\/yoast.com\/product\/yoast-seo-wordpress\/ -->\n<title>Soma Bay, Egito, vai come\u00e7ar a Copa do Mundo de \u00c1guas Abertas - Swimchannel<\/title>\n<meta name=\"robots\" content=\"index, follow, max-snippet:-1, max-image-preview:large, max-video-preview:-1\" \/>\n<link rel=\"canonical\" href=\"https:\/\/swimchannel.net\/br\/soma-bay-egito-vai-comecar-a-copa-do-mundo-de-aguas-abertas\/\" \/>\n<meta property=\"og:locale\" content=\"pt_BR\" \/>\n<meta property=\"og:type\" content=\"article\" \/>\n<meta property=\"og:title\" content=\"Soma Bay, Egito, vai come\u00e7ar a Copa do Mundo de \u00c1guas Abertas - Swimchannel\" \/>\n<meta property=\"og:description\" content=\"Ana Marcela Cunha, Viviane Jungblut e Matheus Melecchi ser\u00e3o os brasileiros em a\u00e7\u00e3o na primeira etapa do circuito mundial de \u00e1guas abertas\" \/>\n<meta property=\"og:url\" content=\"https:\/\/swimchannel.net\/br\/soma-bay-egito-vai-comecar-a-copa-do-mundo-de-aguas-abertas\/\" \/>\n<meta property=\"og:site_name\" content=\"Swimchannel\" \/>\n<meta property=\"article:publisher\" content=\"https:\/\/www.facebook.com\/swimchannel\" \/>\n<meta property=\"article:published_time\" content=\"2024-03-22T13:40:34+00:00\" \/>\n<meta property=\"article:modified_time\" content=\"2024-03-22T14:31:54+00:00\" \/>\n<meta property=\"og:image\" content=\"https:\/\/swimchannel.net\/br\/wp-content\/uploads\/2024\/02\/SS_7268.jpg\" \/>\n\t<meta property=\"og:image:width\" content=\"945\" \/>\n\t<meta property=\"og:image:height\" content=\"630\" \/>\n\t<meta property=\"og:image:type\" content=\"image\/jpeg\" \/>\n<meta name=\"author\" content=\"Alex Pussieldi\" \/>\n<meta name=\"twitter:card\" content=\"summary_large_image\" \/>\n<meta name=\"twitter:label1\" content=\"Escrito por\" \/>\n\t<meta name=\"twitter:data1\" content=\"Alex Pussieldi\" \/>\n\t<meta name=\"twitter:label2\" content=\"Est. tempo de leitura\" \/>\n\t<meta name=\"twitter:data2\" content=\"2 minutos\" \/>\n<script type=\"application\/ld+json\" class=\"yoast-schema-graph\">{\"@context\":\"https:\/\/schema.org\",\"@graph\":[{\"@type\":\"Article\",\"@id\":\"https:\/\/swimchannel.net\/br\/soma-bay-egito-vai-comecar-a-copa-do-mundo-de-aguas-abertas\/#article\",\"isPartOf\":{\"@id\":\"https:\/\/swimchannel.net\/br\/soma-bay-egito-vai-comecar-a-copa-do-mundo-de-aguas-abertas\/\"},\"author\":{\"name\":\"Alex Pussieldi\",\"@id\":\"https:\/\/swimchannel.net\/br\/#\/schema\/person\/cf549cb99cf75592fcf7c76213385e63\"},\"headline\":\"Soma Bay, Egito, vai come\u00e7ar a Copa do Mundo de \u00c1guas Abertas\",\"datePublished\":\"2024-03-22T13:40:34+00:00\",\"dateModified\":\"2024-03-22T14:31:54+00:00\",\"mainEntityOfPage\":{\"@id\":\"https:\/\/swimchannel.net\/br\/soma-bay-egito-vai-comecar-a-copa-do-mundo-de-aguas-abertas\/\"},\"wordCount\":364,\"commentCount\":0,\"publisher\":{\"@id\":\"https:\/\/swimchannel.net\/br\/#organization\"},\"image\":{\"@id\":\"https:\/\/swimchannel.net\/br\/soma-bay-egito-vai-comecar-a-copa-do-mundo-de-aguas-abertas\/#primaryimage\"},\"thumbnailUrl\":\"https:\/\/swimchannel.net\/br\/wp-content\/uploads\/2024\/02\/SS_7268.jpg\",\"keywords\":[\"\u00c1guas abertas\",\"Copa do Mundo\",\"natacao\",\"Soma Bay\",\"World Aquatics\"],\"articleSection\":[\"\u00c1guas Abertas\"],\"inLanguage\":\"pt-BR\",\"potentialAction\":[{\"@type\":\"CommentAction\",\"name\":\"Comment\",\"target\":[\"https:\/\/swimchannel.net\/br\/soma-bay-egito-vai-comecar-a-copa-do-mundo-de-aguas-abertas\/#respond\"]}]},{\"@type\":\"WebPage\",\"@id\":\"https:\/\/swimchannel.net\/br\/soma-bay-egito-vai-comecar-a-copa-do-mundo-de-aguas-abertas\/\",\"url\":\"https:\/\/swimchannel.net\/br\/soma-bay-egito-vai-comecar-a-copa-do-mundo-de-aguas-abertas\/\",\"name\":\"Soma Bay, Egito, vai come\u00e7ar a Copa do Mundo de \u00c1guas Abertas - Swimchannel\",\"isPartOf\":{\"@id\":\"https:\/\/swimchannel.net\/br\/#website\"},\"primaryImageOfPage\":{\"@id\":\"https:\/\/swimchannel.net\/br\/soma-bay-egito-vai-comecar-a-copa-do-mundo-de-aguas-abertas\/#primaryimage\"},\"image\":{\"@id\":\"https:\/\/swimchannel.net\/br\/soma-bay-egito-vai-comecar-a-copa-do-mundo-de-aguas-abertas\/#primaryimage\"},\"thumbnailUrl\":\"https:\/\/swimchannel.net\/br\/wp-content\/uploads\/2024\/02\/SS_7268.jpg\",\"datePublished\":\"2024-03-22T13:40:34+00:00\",\"dateModified\":\"2024-03-22T14:31:54+00:00\",\"breadcrumb\":{\"@id\":\"https:\/\/swimchannel.net\/br\/soma-bay-egito-vai-comecar-a-copa-do-mundo-de-aguas-abertas\/#breadcrumb\"},\"inLanguage\":\"pt-BR\",\"potentialAction\":[{\"@type\":\"ReadAction\",\"target\":[\"https:\/\/swimchannel.net\/br\/soma-bay-egito-vai-comecar-a-copa-do-mundo-de-aguas-abertas\/\"]}]},{\"@type\":\"ImageObject\",\"inLanguage\":\"pt-BR\",\"@id\":\"https:\/\/swimchannel.net\/br\/soma-bay-egito-vai-comecar-a-copa-do-mundo-de-aguas-abertas\/#primaryimage\",\"url\":\"https:\/\/swimchannel.net\/br\/wp-content\/uploads\/2024\/02\/SS_7268.jpg\",\"contentUrl\":\"https:\/\/swimchannel.net\/br\/wp-content\/uploads\/2024\/02\/SS_7268.jpg\",\"width\":945,\"height\":630,\"caption\":\"Ana Marcela Cunha - Foto: Satiro Sodr\u00e9\"},{\"@type\":\"BreadcrumbList\",\"@id\":\"https:\/\/swimchannel.net\/br\/soma-bay-egito-vai-comecar-a-copa-do-mundo-de-aguas-abertas\/#breadcrumb\",\"itemListElement\":[{\"@type\":\"ListItem\",\"position\":1,\"name\":\"Home\",\"item\":\"https:\/\/swimchannel.net\/br\/\"},{\"@type\":\"ListItem\",\"position\":2,\"name\":\"Soma Bay, Egito, vai come\u00e7ar a Copa do Mundo de \u00c1guas Abertas\"}]},{\"@type\":\"WebSite\",\"@id\":\"https:\/\/swimchannel.net\/br\/#website\",\"url\":\"https:\/\/swimchannel.net\/br\/\",\"name\":\"Swimchannel\",\"description\":\"Maior portal de nata\u00e7\u00e3o da america latina\",\"publisher\":{\"@id\":\"https:\/\/swimchannel.net\/br\/#organization\"},\"potentialAction\":[{\"@type\":\"SearchAction\",\"target\":{\"@type\":\"EntryPoint\",\"urlTemplate\":\"https:\/\/swimchannel.net\/br\/?s={search_term_string}\"},\"query-input\":{\"@type\":\"PropertyValueSpecification\",\"valueRequired\":true,\"valueName\":\"search_term_string\"}}],\"inLanguage\":\"pt-BR\"},{\"@type\":\"Organization\",\"@id\":\"https:\/\/swimchannel.net\/br\/#organization\",\"name\":\"Swimchannel - Conectando voc\u00ea a Nata\u00e7\u00e3o\",\"url\":\"https:\/\/swimchannel.net\/br\/\",\"logo\":{\"@type\":\"ImageObject\",\"inLanguage\":\"pt-BR\",\"@id\":\"https:\/\/swimchannel.net\/br\/#\/schema\/logo\/image\/\",\"url\":\"https:\/\/swimchannel.net\/br\/wp-content\/uploads\/2026\/02\/SWIM-CHANNEL.png\",\"contentUrl\":\"https:\/\/swimchannel.net\/br\/wp-content\/uploads\/2026\/02\/SWIM-CHANNEL.png\",\"width\":1120,\"height\":630,\"caption\":\"Swimchannel - Conectando voc\u00ea a Nata\u00e7\u00e3o\"},\"image\":{\"@id\":\"https:\/\/swimchannel.net\/br\/#\/schema\/logo\/image\/\"},\"sameAs\":[\"https:\/\/www.facebook.com\/swimchannel\",\"https:\/\/www.instagram.com\/swimchannel\"]},{\"@type\":\"Person\",\"@id\":\"https:\/\/swimchannel.net\/br\/#\/schema\/person\/cf549cb99cf75592fcf7c76213385e63\",\"name\":\"Alex Pussieldi\",\"image\":{\"@type\":\"ImageObject\",\"inLanguage\":\"pt-BR\",\"@id\":\"https:\/\/swimchannel.net\/br\/#\/schema\/person\/image\/\",\"url\":\"https:\/\/swimchannel.net\/br\/wp-content\/uploads\/2021\/02\/9b1c252d-a4bd-4eda-b399-24565cac4114-100x100.jpg\",\"contentUrl\":\"https:\/\/swimchannel.net\/br\/wp-content\/uploads\/2021\/02\/9b1c252d-a4bd-4eda-b399-24565cac4114-100x100.jpg\",\"caption\":\"Alex Pussieldi\"},\"description\":\"Alexandre Pussieldi, apelidado de \u201ccoach\u201d, Foi t\u00e9cnico da sele\u00e7\u00e3o verde e amarela nas Olimp\u00edadas de Pequim-2008 e Londres-2012. O treinador ainda comandou outros quatro pa\u00edses: Kuwait, Paraguai, Aruba e Antilhas Holandesas, al\u00e9m da sele\u00e7\u00e3o americana de \u00e1guas abertas. Pussieldi tem passagens como comentarista de nata\u00e7\u00e3o do Grupo Globo e Swim Channel.\",\"url\":\"https:\/\/swimchannel.net\/br\/author\/alexpussieldi\/\"}]}<\/script>\n<!-- \/ Yoast SEO plugin. -->","yoast_head_json":{"title":"Soma Bay, Egito, vai come\u00e7ar a Copa do Mundo de \u00c1guas Abertas - Swimchannel","robots":{"index":"index","follow":"follow","max-snippet":"max-snippet:-1","max-image-preview":"max-image-preview:large","max-video-preview":"max-video-preview:-1"},"canonical":"https:\/\/swimchannel.net\/br\/soma-bay-egito-vai-comecar-a-copa-do-mundo-de-aguas-abertas\/","og_locale":"pt_BR","og_type":"article","og_title":"Soma Bay, Egito, vai come\u00e7ar a Copa do Mundo de \u00c1guas Abertas - Swimchannel","og_description":"Ana Marcela Cunha, Viviane Jungblut e Matheus Melecchi ser\u00e3o os brasileiros em a\u00e7\u00e3o na primeira etapa do circuito mundial de \u00e1guas abertas","og_url":"https:\/\/swimchannel.net\/br\/soma-bay-egito-vai-comecar-a-copa-do-mundo-de-aguas-abertas\/","og_site_name":"Swimchannel","article_publisher":"https:\/\/www.facebook.com\/swimchannel","article_published_time":"2024-03-22T13:40:34+00:00","article_modified_time":"2024-03-22T14:31:54+00:00","og_image":[{"width":945,"height":630,"url":"https:\/\/swimchannel.net\/br\/wp-content\/uploads\/2024\/02\/SS_7268.jpg","type":"image\/jpeg"}],"author":"Alex Pussieldi","twitter_card":"summary_large_image","twitter_misc":{"Escrito por":"Alex Pussieldi","Est. tempo de leitura":"2 minutos"},"schema":{"@context":"https:\/\/schema.org","@graph":[{"@type":"Article","@id":"https:\/\/swimchannel.net\/br\/soma-bay-egito-vai-comecar-a-copa-do-mundo-de-aguas-abertas\/#article","isPartOf":{"@id":"https:\/\/swimchannel.net\/br\/soma-bay-egito-vai-comecar-a-copa-do-mundo-de-aguas-abertas\/"},"author":{"name":"Alex Pussieldi","@id":"https:\/\/swimchannel.net\/br\/#\/schema\/person\/cf549cb99cf75592fcf7c76213385e63"},"headline":"Soma Bay, Egito, vai come\u00e7ar a Copa do Mundo de \u00c1guas Abertas","datePublished":"2024-03-22T13:40:34+00:00","dateModified":"2024-03-22T14:31:54+00:00","mainEntityOfPage":{"@id":"https:\/\/swimchannel.net\/br\/soma-bay-egito-vai-comecar-a-copa-do-mundo-de-aguas-abertas\/"},"wordCount":364,"commentCount":0,"publisher":{"@id":"https:\/\/swimchannel.net\/br\/#organization"},"image":{"@id":"https:\/\/swimchannel.net\/br\/soma-bay-egito-vai-comecar-a-copa-do-mundo-de-aguas-abertas\/#primaryimage"},"thumbnailUrl":"https:\/\/swimchannel.net\/br\/wp-content\/uploads\/2024\/02\/SS_7268.jpg","keywords":["\u00c1guas abertas","Copa do Mundo","natacao","Soma Bay","World Aquatics"],"articleSection":["\u00c1guas Abertas"],"inLanguage":"pt-BR","potentialAction":[{"@type":"CommentAction","name":"Comment","target":["https:\/\/swimchannel.net\/br\/soma-bay-egito-vai-comecar-a-copa-do-mundo-de-aguas-abertas\/#respond"]}]},{"@type":"WebPage","@id":"https:\/\/swimchannel.net\/br\/soma-bay-egito-vai-comecar-a-copa-do-mundo-de-aguas-abertas\/","url":"https:\/\/swimchannel.net\/br\/soma-bay-egito-vai-comecar-a-copa-do-mundo-de-aguas-abertas\/","name":"Soma Bay, Egito, vai come\u00e7ar a Copa do Mundo de \u00c1guas Abertas - Swimchannel","isPartOf":{"@id":"https:\/\/swimchannel.net\/br\/#website"},"primaryImageOfPage":{"@id":"https:\/\/swimchannel.net\/br\/soma-bay-egito-vai-comecar-a-copa-do-mundo-de-aguas-abertas\/#primaryimage"},"image":{"@id":"https:\/\/swimchannel.net\/br\/soma-bay-egito-vai-comecar-a-copa-do-mundo-de-aguas-abertas\/#primaryimage"},"thumbnailUrl":"https:\/\/swimchannel.net\/br\/wp-content\/uploads\/2024\/02\/SS_7268.jpg","datePublished":"2024-03-22T13:40:34+00:00","dateModified":"2024-03-22T14:31:54+00:00","breadcrumb":{"@id":"https:\/\/swimchannel.net\/br\/soma-bay-egito-vai-comecar-a-copa-do-mundo-de-aguas-abertas\/#breadcrumb"},"inLanguage":"pt-BR","potentialAction":[{"@type":"ReadAction","target":["https:\/\/swimchannel.net\/br\/soma-bay-egito-vai-comecar-a-copa-do-mundo-de-aguas-abertas\/"]}]},{"@type":"ImageObject","inLanguage":"pt-BR","@id":"https:\/\/swimchannel.net\/br\/soma-bay-egito-vai-comecar-a-copa-do-mundo-de-aguas-abertas\/#primaryimage","url":"https:\/\/swimchannel.net\/br\/wp-content\/uploads\/2024\/02\/SS_7268.jpg","contentUrl":"https:\/\/swimchannel.net\/br\/wp-content\/uploads\/2024\/02\/SS_7268.jpg","width":945,"height":630,"caption":"Ana Marcela Cunha - Foto: Satiro Sodr\u00e9"},{"@type":"BreadcrumbList","@id":"https:\/\/swimchannel.net\/br\/soma-bay-egito-vai-comecar-a-copa-do-mundo-de-aguas-abertas\/#breadcrumb","itemListElement":[{"@type":"ListItem","position":1,"name":"Home","item":"https:\/\/swimchannel.net\/br\/"},{"@type":"ListItem","position":2,"name":"Soma Bay, Egito, vai come\u00e7ar a Copa do Mundo de \u00c1guas Abertas"}]},{"@type":"WebSite","@id":"https:\/\/swimchannel.net\/br\/#website","url":"https:\/\/swimchannel.net\/br\/","name":"Swimchannel","description":"Maior portal de nata\u00e7\u00e3o da america latina","publisher":{"@id":"https:\/\/swimchannel.net\/br\/#organization"},"potentialAction":[{"@type":"SearchAction","target":{"@type":"EntryPoint","urlTemplate":"https:\/\/swimchannel.net\/br\/?s={search_term_string}"},"query-input":{"@type":"PropertyValueSpecification","valueRequired":true,"valueName":"search_term_string"}}],"inLanguage":"pt-BR"},{"@type":"Organization","@id":"https:\/\/swimchannel.net\/br\/#organization","name":"Swimchannel - Conectando voc\u00ea a Nata\u00e7\u00e3o","url":"https:\/\/swimchannel.net\/br\/","logo":{"@type":"ImageObject","inLanguage":"pt-BR","@id":"https:\/\/swimchannel.net\/br\/#\/schema\/logo\/image\/","url":"https:\/\/swimchannel.net\/br\/wp-content\/uploads\/2026\/02\/SWIM-CHANNEL.png","contentUrl":"https:\/\/swimchannel.net\/br\/wp-content\/uploads\/2026\/02\/SWIM-CHANNEL.png","width":1120,"height":630,"caption":"Swimchannel - Conectando voc\u00ea a Nata\u00e7\u00e3o"},"image":{"@id":"https:\/\/swimchannel.net\/br\/#\/schema\/logo\/image\/"},"sameAs":["https:\/\/www.facebook.com\/swimchannel","https:\/\/www.instagram.com\/swimchannel"]},{"@type":"Person","@id":"https:\/\/swimchannel.net\/br\/#\/schema\/person\/cf549cb99cf75592fcf7c76213385e63","name":"Alex Pussieldi","image":{"@type":"ImageObject","inLanguage":"pt-BR","@id":"https:\/\/swimchannel.net\/br\/#\/schema\/person\/image\/","url":"https:\/\/swimchannel.net\/br\/wp-content\/uploads\/2021\/02\/9b1c252d-a4bd-4eda-b399-24565cac4114-100x100.jpg","contentUrl":"https:\/\/swimchannel.net\/br\/wp-content\/uploads\/2021\/02\/9b1c252d-a4bd-4eda-b399-24565cac4114-100x100.jpg","caption":"Alex Pussieldi"},"description":"Alexandre Pussieldi, apelidado de \u201ccoach\u201d, Foi t\u00e9cnico da sele\u00e7\u00e3o verde e amarela nas Olimp\u00edadas de Pequim-2008 e Londres-2012. O treinador ainda comandou outros quatro pa\u00edses: Kuwait, Paraguai, Aruba e Antilhas Holandesas, al\u00e9m da sele\u00e7\u00e3o americana de \u00e1guas abertas. Pussieldi tem passagens como comentarista de nata\u00e7\u00e3o do Grupo Globo e Swim Channel.","url":"https:\/\/swimchannel.net\/br\/author\/alexpussieldi\/"}]}},"_links":{"self":[{"href":"https:\/\/swimchannel.net\/br\/wp-json\/wp\/v2\/posts\/64670","targetHints":{"allow":["GET"]}}],"collection":[{"href":"https:\/\/swimchannel.net\/br\/wp-json\/wp\/v2\/posts"}],"about":[{"href":"https:\/\/swimchannel.net\/br\/wp-json\/wp\/v2\/types\/post"}],"author":[{"embeddable":true,"href":"https:\/\/swimchannel.net\/br\/wp-json\/wp\/v2\/users\/12"}],"replies":[{"embeddable":true,"href":"https:\/\/swimchannel.net\/br\/wp-json\/wp\/v2\/comments?post=64670"}],"version-history":[{"count":2,"href":"https:\/\/swimchannel.net\/br\/wp-json\/wp\/v2\/posts\/64670\/revisions"}],"predecessor-version":[{"id":64672,"href":"https:\/\/swimchannel.net\/br\/wp-json\/wp\/v2\/posts\/64670\/revisions\/64672"}],"wp:featuredmedia":[{"embeddable":true,"href":"https:\/\/swimchannel.net\/br\/wp-json\/wp\/v2\/media\/64121"}],"wp:attachment":[{"href":"https:\/\/swimchannel.net\/br\/wp-json\/wp\/v2\/media?parent=64670"}],"wp:term":[{"taxonomy":"category","embeddable":true,"href":"https:\/\/swimchannel.net\/br\/wp-json\/wp\/v2\/categories?post=64670"},{"taxonomy":"post_tag","embeddable":true,"href":"https:\/\/swimchannel.net\/br\/wp-json\/wp\/v2\/tags?post=64670"}],"curies":[{"name":"wp","href":"https:\/\/api.w.org\/{rel}","templated":true}]}}