{"id":65669,"date":"2024-05-01T15:15:37","date_gmt":"2024-05-01T18:15:37","guid":{"rendered":"https:\/\/swimchannel.net\/br\/?p=65669"},"modified":"2024-05-01T15:15:37","modified_gmt":"2024-05-01T18:15:37","slug":"brasileiro-de-aguas-abertas-que-comeca-hoje-e-seletiva-para-tres-eventos","status":"publish","type":"post","link":"https:\/\/swimchannel.net\/br\/brasileiro-de-aguas-abertas-que-comeca-hoje-e-seletiva-para-tres-eventos\/","title":{"rendered":"Brasileiro de \u00c1guas Abertas que come\u00e7a hoje \u00e9 seletiva para tr\u00eas eventos"},"content":{"rendered":"<p>Reprodu\u00e7\u00e3o de mat\u00e9ria publicada no site da CBDA: <a href=\"https:\/\/www.cbda.org.br\/noticia\/20766\/seletiva-para-tres-eventos-etapa-de-itajai-sc-do-campeonato-brasileiro-e-disputada-a-partir-desta-quarta\" target=\"_blank\" rel=\"noopener\"><strong>https:\/\/www.cbda.org.br\/noticia\/20766\/seletiva-para-tres-eventos-etapa-de-itajai-sc-do-campeonato-brasileiro-e-disputada-a-partir-desta-quarta<\/strong><\/a>.<\/p>\n<p>&nbsp;<\/p>\n<p><strong>(Rio de Janeiro, 30 de abril de 2024)<\/strong>\u00a0Itaja\u00ed ser\u00e1 decisiva para a temporada da sele\u00e7\u00e3o brasileira de \u00c1guas Abertas. A cidade, no litoral de Santa Catarina, recebe, a partir desta quarta-feira (1\u00ba), a 2\u00aa etapa do Campeonato Brasileiro. A etapa definir\u00e1 os times para tr\u00eas competi\u00e7\u00f5es internacionais para esta temporada.<span class=\"Apple-converted-space\">\u00a0<\/span><\/p>\n<p>A etapa do Campeonato Brasileiro \u00e9 seletiva para o Campeonato Mundial J\u00fanior, Copa Pac\u00edfico e Camp. Sul-Americano Absoluto. Ao todo, 89 atletas est\u00e3o inscritos na prova de 10 km e 147 est\u00e3o na prova de 5 km e s\u00e3o postulantes as vagas para estas competi\u00e7\u00f5es.<\/p>\n<p>Na prova de 10 km, tanto para o Campeonato Mundial Junior, quanto para a Copa Pac\u00edfico, est\u00e3o em jogo quatro\u00a0 vagas para homens e quatro vagas para mulheres. Metade das vagas para os nascidos em 2005 e 2006 e a outra metade para os nascidos em 2007 e 2008.<\/p>\n<p>Para garantir vaga, por\u00e9m, os atletas precisam ter um \u00edndice m\u00ednimo nas provas de 1500m livre ou 800m livre, que deve ser estabelecido entre 1\u00ba de maio do ano passado at\u00e9 o dia 18 de maio deste ano.<\/p>\n<figure id=\"attachment_65670\" aria-describedby=\"caption-attachment-65670\" style=\"width: 900px\" class=\"wp-caption alignnone\"><img loading=\"lazy\" decoding=\"async\" class=\"size-medium wp-image-65670\" src=\"https:\/\/swimchannel.net\/br\/wp-content\/uploads\/2024\/05\/ntc_1714498400-900x675.jpeg\" alt=\"\" width=\"900\" height=\"675\" srcset=\"https:\/\/swimchannel.net\/br\/wp-content\/uploads\/2024\/05\/ntc_1714498400-900x675.jpeg 900w, https:\/\/swimchannel.net\/br\/wp-content\/uploads\/2024\/05\/ntc_1714498400-1067x800.jpeg 1067w, https:\/\/swimchannel.net\/br\/wp-content\/uploads\/2024\/05\/ntc_1714498400-240x180.jpeg 240w, https:\/\/swimchannel.net\/br\/wp-content\/uploads\/2024\/05\/ntc_1714498400-768x576.jpeg 768w, https:\/\/swimchannel.net\/br\/wp-content\/uploads\/2024\/05\/ntc_1714498400-750x562.jpeg 750w, https:\/\/swimchannel.net\/br\/wp-content\/uploads\/2024\/05\/ntc_1714498400-1140x855.jpeg 1140w, https:\/\/swimchannel.net\/br\/wp-content\/uploads\/2024\/05\/ntc_1714498400.jpeg 1334w\" sizes=\"auto, (max-width: 900px) 100vw, 900px\" \/><figcaption id=\"caption-attachment-65670\" class=\"wp-caption-text\">Itaja\u00ed &#8211; Foto: Reprodu\u00e7\u00e3o\/CBDA<\/figcaption><\/figure>\n<p>A situa\u00e7\u00e3o se repete nos 5 km, mas com a diferen\u00e7a dos anos de nascimento e da n\u00e3o necessidade do \u00edndice na piscina. Para esta dist\u00e2ncia, a seletiva vale para os atletas nascidos em 2009 e 2010.<\/p>\n<p>A seletiva para o Campeonato Sul-Americano Absoluto ter\u00e1 duas vagas em jogo para homens e uma vaga para mulher. Acontece que Viviane Jungblut, em prepara\u00e7\u00e3o para os Jogos Ol\u00edmpicos de Paris, j\u00e1 est\u00e1 classificada para a competi\u00e7\u00e3o continental.<\/p>\n<p>A prova ser\u00e1 disputada em circuitos de 2,5 km. Ser\u00e3o quatro voltas na prova de 10 km, duas voltas na de 5 km e uma volta nos 2,5 km.<\/p>\n<p>A competi\u00e7\u00e3o ser\u00e1 realizada at\u00e9 a pr\u00f3xima sexta-feira. A programa\u00e7\u00e3o hor\u00e1ria est\u00e1 dispon\u00edvel neste link: https:\/\/sge-<a href=\"https:\/\/sge-aquaticos.bigmidia.com\/_uploads\/relatorios\/5fb7058830883cddec6d5f97028863d6.pdf\" target=\"_blank\" rel=\"noopener\">aquaticos.bigmidia.com\/_uploads\/relatorios\/5fb7058830883cddec6d5f97028863d6.pdf<\/a>.<\/p>\n","protected":false},"excerpt":{"rendered":"<p>Brasileiro de \u00c1guas Abertas que come\u00e7a hoje \u00e9 seletiva para tr\u00eas eventos<\/p>\n","protected":false},"author":2,"featured_media":52885,"comment_status":"open","ping_status":"open","sticky":false,"template":"","format":"gallery","meta":{"footnotes":""},"categories":[115],"tags":[14,194,1774,5],"class_list":["post-65669","post","type-post","status-publish","format-gallery","has-post-thumbnail","hentry","category-aguas-abertas","tag-aguas-abertas","tag-cbda","tag-itajai","tag-natacao","post_format-post-format-gallery"],"yoast_head":"<!-- This site is optimized with the Yoast SEO plugin v27.0 - https:\/\/yoast.com\/product\/yoast-seo-wordpress\/ -->\n<title>Brasileiro de \u00c1guas Abertas que come\u00e7a hoje \u00e9 seletiva para tr\u00eas eventos - Swimchannel<\/title>\n<meta name=\"robots\" content=\"index, follow, max-snippet:-1, max-image-preview:large, max-video-preview:-1\" \/>\n<link rel=\"canonical\" href=\"https:\/\/swimchannel.net\/br\/brasileiro-de-aguas-abertas-que-comeca-hoje-e-seletiva-para-tres-eventos\/\" \/>\n<meta property=\"og:locale\" content=\"pt_BR\" \/>\n<meta property=\"og:type\" content=\"article\" \/>\n<meta property=\"og:title\" content=\"Brasileiro de \u00c1guas Abertas que come\u00e7a hoje \u00e9 seletiva para tr\u00eas eventos - Swimchannel\" \/>\n<meta property=\"og:description\" content=\"Brasileiro de \u00c1guas Abertas que come\u00e7a hoje \u00e9 seletiva para tr\u00eas eventos\" \/>\n<meta property=\"og:url\" content=\"https:\/\/swimchannel.net\/br\/brasileiro-de-aguas-abertas-que-comeca-hoje-e-seletiva-para-tres-eventos\/\" \/>\n<meta property=\"og:site_name\" content=\"Swimchannel\" \/>\n<meta property=\"article:publisher\" content=\"https:\/\/www.facebook.com\/swimchannel\" \/>\n<meta property=\"article:published_time\" content=\"2024-05-01T18:15:37+00:00\" \/>\n<meta property=\"og:image\" content=\"https:\/\/swimchannel.net\/br\/wp-content\/uploads\/2022\/08\/p19f5nf1vt1vbaac9154m1pv0kce7_crop.jpg\" \/>\n\t<meta property=\"og:image:width\" content=\"945\" \/>\n\t<meta property=\"og:image:height\" content=\"630\" \/>\n\t<meta property=\"og:image:type\" content=\"image\/jpeg\" \/>\n<meta name=\"author\" content=\"SwimChannel\" \/>\n<meta name=\"twitter:card\" content=\"summary_large_image\" \/>\n<meta name=\"twitter:label1\" content=\"Escrito por\" \/>\n\t<meta name=\"twitter:data1\" content=\"SwimChannel\" \/>\n\t<meta name=\"twitter:label2\" content=\"Est. tempo de leitura\" \/>\n\t<meta name=\"twitter:data2\" content=\"2 minutos\" \/>\n<script type=\"application\/ld+json\" class=\"yoast-schema-graph\">{\"@context\":\"https:\/\/schema.org\",\"@graph\":[{\"@type\":\"Article\",\"@id\":\"https:\/\/swimchannel.net\/br\/brasileiro-de-aguas-abertas-que-comeca-hoje-e-seletiva-para-tres-eventos\/#article\",\"isPartOf\":{\"@id\":\"https:\/\/swimchannel.net\/br\/brasileiro-de-aguas-abertas-que-comeca-hoje-e-seletiva-para-tres-eventos\/\"},\"author\":{\"name\":\"SwimChannel\",\"@id\":\"https:\/\/swimchannel.net\/br\/#\/schema\/person\/8b903436c3c0b427a4ec3402a0579c30\"},\"headline\":\"Brasileiro de \u00c1guas Abertas que come\u00e7a hoje \u00e9 seletiva para tr\u00eas eventos\",\"datePublished\":\"2024-05-01T18:15:37+00:00\",\"mainEntityOfPage\":{\"@id\":\"https:\/\/swimchannel.net\/br\/brasileiro-de-aguas-abertas-que-comeca-hoje-e-seletiva-para-tres-eventos\/\"},\"wordCount\":361,\"commentCount\":0,\"publisher\":{\"@id\":\"https:\/\/swimchannel.net\/br\/#organization\"},\"image\":{\"@id\":\"https:\/\/swimchannel.net\/br\/brasileiro-de-aguas-abertas-que-comeca-hoje-e-seletiva-para-tres-eventos\/#primaryimage\"},\"thumbnailUrl\":\"https:\/\/swimchannel.net\/br\/wp-content\/uploads\/2022\/08\/p19f5nf1vt1vbaac9154m1pv0kce7_crop.jpg\",\"keywords\":[\"\u00c1guas abertas\",\"CBDA\",\"Itaja\u00ed\",\"natacao\"],\"articleSection\":[\"\u00c1guas Abertas\"],\"inLanguage\":\"pt-BR\",\"potentialAction\":[{\"@type\":\"CommentAction\",\"name\":\"Comment\",\"target\":[\"https:\/\/swimchannel.net\/br\/brasileiro-de-aguas-abertas-que-comeca-hoje-e-seletiva-para-tres-eventos\/#respond\"]}]},{\"@type\":\"WebPage\",\"@id\":\"https:\/\/swimchannel.net\/br\/brasileiro-de-aguas-abertas-que-comeca-hoje-e-seletiva-para-tres-eventos\/\",\"url\":\"https:\/\/swimchannel.net\/br\/brasileiro-de-aguas-abertas-que-comeca-hoje-e-seletiva-para-tres-eventos\/\",\"name\":\"Brasileiro de \u00c1guas Abertas que come\u00e7a hoje \u00e9 seletiva para tr\u00eas eventos - Swimchannel\",\"isPartOf\":{\"@id\":\"https:\/\/swimchannel.net\/br\/#website\"},\"primaryImageOfPage\":{\"@id\":\"https:\/\/swimchannel.net\/br\/brasileiro-de-aguas-abertas-que-comeca-hoje-e-seletiva-para-tres-eventos\/#primaryimage\"},\"image\":{\"@id\":\"https:\/\/swimchannel.net\/br\/brasileiro-de-aguas-abertas-que-comeca-hoje-e-seletiva-para-tres-eventos\/#primaryimage\"},\"thumbnailUrl\":\"https:\/\/swimchannel.net\/br\/wp-content\/uploads\/2022\/08\/p19f5nf1vt1vbaac9154m1pv0kce7_crop.jpg\",\"datePublished\":\"2024-05-01T18:15:37+00:00\",\"breadcrumb\":{\"@id\":\"https:\/\/swimchannel.net\/br\/brasileiro-de-aguas-abertas-que-comeca-hoje-e-seletiva-para-tres-eventos\/#breadcrumb\"},\"inLanguage\":\"pt-BR\",\"potentialAction\":[{\"@type\":\"ReadAction\",\"target\":[\"https:\/\/swimchannel.net\/br\/brasileiro-de-aguas-abertas-que-comeca-hoje-e-seletiva-para-tres-eventos\/\"]}]},{\"@type\":\"ImageObject\",\"inLanguage\":\"pt-BR\",\"@id\":\"https:\/\/swimchannel.net\/br\/brasileiro-de-aguas-abertas-que-comeca-hoje-e-seletiva-para-tres-eventos\/#primaryimage\",\"url\":\"https:\/\/swimchannel.net\/br\/wp-content\/uploads\/2022\/08\/p19f5nf1vt1vbaac9154m1pv0kce7_crop.jpg\",\"contentUrl\":\"https:\/\/swimchannel.net\/br\/wp-content\/uploads\/2022\/08\/p19f5nf1vt1vbaac9154m1pv0kce7_crop.jpg\",\"width\":945,\"height\":630,\"caption\":\"\u00c1guas abertas - Foto: Satiro Sodr\u00e9\/SSPress\"},{\"@type\":\"BreadcrumbList\",\"@id\":\"https:\/\/swimchannel.net\/br\/brasileiro-de-aguas-abertas-que-comeca-hoje-e-seletiva-para-tres-eventos\/#breadcrumb\",\"itemListElement\":[{\"@type\":\"ListItem\",\"position\":1,\"name\":\"Home\",\"item\":\"https:\/\/swimchannel.net\/br\/\"},{\"@type\":\"ListItem\",\"position\":2,\"name\":\"Brasileiro de \u00c1guas Abertas que come\u00e7a hoje \u00e9 seletiva para tr\u00eas eventos\"}]},{\"@type\":\"WebSite\",\"@id\":\"https:\/\/swimchannel.net\/br\/#website\",\"url\":\"https:\/\/swimchannel.net\/br\/\",\"name\":\"Swimchannel\",\"description\":\"Maior portal de nata\u00e7\u00e3o da america latina\",\"publisher\":{\"@id\":\"https:\/\/swimchannel.net\/br\/#organization\"},\"potentialAction\":[{\"@type\":\"SearchAction\",\"target\":{\"@type\":\"EntryPoint\",\"urlTemplate\":\"https:\/\/swimchannel.net\/br\/?s={search_term_string}\"},\"query-input\":{\"@type\":\"PropertyValueSpecification\",\"valueRequired\":true,\"valueName\":\"search_term_string\"}}],\"inLanguage\":\"pt-BR\"},{\"@type\":\"Organization\",\"@id\":\"https:\/\/swimchannel.net\/br\/#organization\",\"name\":\"Swimchannel - Conectando voc\u00ea a Nata\u00e7\u00e3o\",\"url\":\"https:\/\/swimchannel.net\/br\/\",\"logo\":{\"@type\":\"ImageObject\",\"inLanguage\":\"pt-BR\",\"@id\":\"https:\/\/swimchannel.net\/br\/#\/schema\/logo\/image\/\",\"url\":\"https:\/\/swimchannel.net\/br\/wp-content\/uploads\/2026\/02\/SWIM-CHANNEL.png\",\"contentUrl\":\"https:\/\/swimchannel.net\/br\/wp-content\/uploads\/2026\/02\/SWIM-CHANNEL.png\",\"width\":1120,\"height\":630,\"caption\":\"Swimchannel - Conectando voc\u00ea a Nata\u00e7\u00e3o\"},\"image\":{\"@id\":\"https:\/\/swimchannel.net\/br\/#\/schema\/logo\/image\/\"},\"sameAs\":[\"https:\/\/www.facebook.com\/swimchannel\",\"https:\/\/www.instagram.com\/swimchannel\"]},{\"@type\":\"Person\",\"@id\":\"https:\/\/swimchannel.net\/br\/#\/schema\/person\/8b903436c3c0b427a4ec3402a0579c30\",\"name\":\"SwimChannel\",\"image\":{\"@type\":\"ImageObject\",\"inLanguage\":\"pt-BR\",\"@id\":\"https:\/\/swimchannel.net\/br\/#\/schema\/person\/image\/\",\"url\":\"https:\/\/swimchannel.net\/br\/wp-content\/uploads\/2021\/03\/SWIM-CHANNEL_JPG22-100x100.jpg\",\"contentUrl\":\"https:\/\/swimchannel.net\/br\/wp-content\/uploads\/2021\/03\/SWIM-CHANNEL_JPG22-100x100.jpg\",\"caption\":\"SwimChannel\"},\"url\":\"https:\/\/swimchannel.net\/br\/author\/swimchanneladmin\/\"}]}<\/script>\n<!-- \/ Yoast SEO plugin. -->","yoast_head_json":{"title":"Brasileiro de \u00c1guas Abertas que come\u00e7a hoje \u00e9 seletiva para tr\u00eas eventos - Swimchannel","robots":{"index":"index","follow":"follow","max-snippet":"max-snippet:-1","max-image-preview":"max-image-preview:large","max-video-preview":"max-video-preview:-1"},"canonical":"https:\/\/swimchannel.net\/br\/brasileiro-de-aguas-abertas-que-comeca-hoje-e-seletiva-para-tres-eventos\/","og_locale":"pt_BR","og_type":"article","og_title":"Brasileiro de \u00c1guas Abertas que come\u00e7a hoje \u00e9 seletiva para tr\u00eas eventos - Swimchannel","og_description":"Brasileiro de \u00c1guas Abertas que come\u00e7a hoje \u00e9 seletiva para tr\u00eas eventos","og_url":"https:\/\/swimchannel.net\/br\/brasileiro-de-aguas-abertas-que-comeca-hoje-e-seletiva-para-tres-eventos\/","og_site_name":"Swimchannel","article_publisher":"https:\/\/www.facebook.com\/swimchannel","article_published_time":"2024-05-01T18:15:37+00:00","og_image":[{"width":945,"height":630,"url":"https:\/\/swimchannel.net\/br\/wp-content\/uploads\/2022\/08\/p19f5nf1vt1vbaac9154m1pv0kce7_crop.jpg","type":"image\/jpeg"}],"author":"SwimChannel","twitter_card":"summary_large_image","twitter_misc":{"Escrito por":"SwimChannel","Est. tempo de leitura":"2 minutos"},"schema":{"@context":"https:\/\/schema.org","@graph":[{"@type":"Article","@id":"https:\/\/swimchannel.net\/br\/brasileiro-de-aguas-abertas-que-comeca-hoje-e-seletiva-para-tres-eventos\/#article","isPartOf":{"@id":"https:\/\/swimchannel.net\/br\/brasileiro-de-aguas-abertas-que-comeca-hoje-e-seletiva-para-tres-eventos\/"},"author":{"name":"SwimChannel","@id":"https:\/\/swimchannel.net\/br\/#\/schema\/person\/8b903436c3c0b427a4ec3402a0579c30"},"headline":"Brasileiro de \u00c1guas Abertas que come\u00e7a hoje \u00e9 seletiva para tr\u00eas eventos","datePublished":"2024-05-01T18:15:37+00:00","mainEntityOfPage":{"@id":"https:\/\/swimchannel.net\/br\/brasileiro-de-aguas-abertas-que-comeca-hoje-e-seletiva-para-tres-eventos\/"},"wordCount":361,"commentCount":0,"publisher":{"@id":"https:\/\/swimchannel.net\/br\/#organization"},"image":{"@id":"https:\/\/swimchannel.net\/br\/brasileiro-de-aguas-abertas-que-comeca-hoje-e-seletiva-para-tres-eventos\/#primaryimage"},"thumbnailUrl":"https:\/\/swimchannel.net\/br\/wp-content\/uploads\/2022\/08\/p19f5nf1vt1vbaac9154m1pv0kce7_crop.jpg","keywords":["\u00c1guas abertas","CBDA","Itaja\u00ed","natacao"],"articleSection":["\u00c1guas Abertas"],"inLanguage":"pt-BR","potentialAction":[{"@type":"CommentAction","name":"Comment","target":["https:\/\/swimchannel.net\/br\/brasileiro-de-aguas-abertas-que-comeca-hoje-e-seletiva-para-tres-eventos\/#respond"]}]},{"@type":"WebPage","@id":"https:\/\/swimchannel.net\/br\/brasileiro-de-aguas-abertas-que-comeca-hoje-e-seletiva-para-tres-eventos\/","url":"https:\/\/swimchannel.net\/br\/brasileiro-de-aguas-abertas-que-comeca-hoje-e-seletiva-para-tres-eventos\/","name":"Brasileiro de \u00c1guas Abertas que come\u00e7a hoje \u00e9 seletiva para tr\u00eas eventos - Swimchannel","isPartOf":{"@id":"https:\/\/swimchannel.net\/br\/#website"},"primaryImageOfPage":{"@id":"https:\/\/swimchannel.net\/br\/brasileiro-de-aguas-abertas-que-comeca-hoje-e-seletiva-para-tres-eventos\/#primaryimage"},"image":{"@id":"https:\/\/swimchannel.net\/br\/brasileiro-de-aguas-abertas-que-comeca-hoje-e-seletiva-para-tres-eventos\/#primaryimage"},"thumbnailUrl":"https:\/\/swimchannel.net\/br\/wp-content\/uploads\/2022\/08\/p19f5nf1vt1vbaac9154m1pv0kce7_crop.jpg","datePublished":"2024-05-01T18:15:37+00:00","breadcrumb":{"@id":"https:\/\/swimchannel.net\/br\/brasileiro-de-aguas-abertas-que-comeca-hoje-e-seletiva-para-tres-eventos\/#breadcrumb"},"inLanguage":"pt-BR","potentialAction":[{"@type":"ReadAction","target":["https:\/\/swimchannel.net\/br\/brasileiro-de-aguas-abertas-que-comeca-hoje-e-seletiva-para-tres-eventos\/"]}]},{"@type":"ImageObject","inLanguage":"pt-BR","@id":"https:\/\/swimchannel.net\/br\/brasileiro-de-aguas-abertas-que-comeca-hoje-e-seletiva-para-tres-eventos\/#primaryimage","url":"https:\/\/swimchannel.net\/br\/wp-content\/uploads\/2022\/08\/p19f5nf1vt1vbaac9154m1pv0kce7_crop.jpg","contentUrl":"https:\/\/swimchannel.net\/br\/wp-content\/uploads\/2022\/08\/p19f5nf1vt1vbaac9154m1pv0kce7_crop.jpg","width":945,"height":630,"caption":"\u00c1guas abertas - Foto: Satiro Sodr\u00e9\/SSPress"},{"@type":"BreadcrumbList","@id":"https:\/\/swimchannel.net\/br\/brasileiro-de-aguas-abertas-que-comeca-hoje-e-seletiva-para-tres-eventos\/#breadcrumb","itemListElement":[{"@type":"ListItem","position":1,"name":"Home","item":"https:\/\/swimchannel.net\/br\/"},{"@type":"ListItem","position":2,"name":"Brasileiro de \u00c1guas Abertas que come\u00e7a hoje \u00e9 seletiva para tr\u00eas eventos"}]},{"@type":"WebSite","@id":"https:\/\/swimchannel.net\/br\/#website","url":"https:\/\/swimchannel.net\/br\/","name":"Swimchannel","description":"Maior portal de nata\u00e7\u00e3o da america latina","publisher":{"@id":"https:\/\/swimchannel.net\/br\/#organization"},"potentialAction":[{"@type":"SearchAction","target":{"@type":"EntryPoint","urlTemplate":"https:\/\/swimchannel.net\/br\/?s={search_term_string}"},"query-input":{"@type":"PropertyValueSpecification","valueRequired":true,"valueName":"search_term_string"}}],"inLanguage":"pt-BR"},{"@type":"Organization","@id":"https:\/\/swimchannel.net\/br\/#organization","name":"Swimchannel - Conectando voc\u00ea a Nata\u00e7\u00e3o","url":"https:\/\/swimchannel.net\/br\/","logo":{"@type":"ImageObject","inLanguage":"pt-BR","@id":"https:\/\/swimchannel.net\/br\/#\/schema\/logo\/image\/","url":"https:\/\/swimchannel.net\/br\/wp-content\/uploads\/2026\/02\/SWIM-CHANNEL.png","contentUrl":"https:\/\/swimchannel.net\/br\/wp-content\/uploads\/2026\/02\/SWIM-CHANNEL.png","width":1120,"height":630,"caption":"Swimchannel - Conectando voc\u00ea a Nata\u00e7\u00e3o"},"image":{"@id":"https:\/\/swimchannel.net\/br\/#\/schema\/logo\/image\/"},"sameAs":["https:\/\/www.facebook.com\/swimchannel","https:\/\/www.instagram.com\/swimchannel"]},{"@type":"Person","@id":"https:\/\/swimchannel.net\/br\/#\/schema\/person\/8b903436c3c0b427a4ec3402a0579c30","name":"SwimChannel","image":{"@type":"ImageObject","inLanguage":"pt-BR","@id":"https:\/\/swimchannel.net\/br\/#\/schema\/person\/image\/","url":"https:\/\/swimchannel.net\/br\/wp-content\/uploads\/2021\/03\/SWIM-CHANNEL_JPG22-100x100.jpg","contentUrl":"https:\/\/swimchannel.net\/br\/wp-content\/uploads\/2021\/03\/SWIM-CHANNEL_JPG22-100x100.jpg","caption":"SwimChannel"},"url":"https:\/\/swimchannel.net\/br\/author\/swimchanneladmin\/"}]}},"_links":{"self":[{"href":"https:\/\/swimchannel.net\/br\/wp-json\/wp\/v2\/posts\/65669","targetHints":{"allow":["GET"]}}],"collection":[{"href":"https:\/\/swimchannel.net\/br\/wp-json\/wp\/v2\/posts"}],"about":[{"href":"https:\/\/swimchannel.net\/br\/wp-json\/wp\/v2\/types\/post"}],"author":[{"embeddable":true,"href":"https:\/\/swimchannel.net\/br\/wp-json\/wp\/v2\/users\/2"}],"replies":[{"embeddable":true,"href":"https:\/\/swimchannel.net\/br\/wp-json\/wp\/v2\/comments?post=65669"}],"version-history":[{"count":1,"href":"https:\/\/swimchannel.net\/br\/wp-json\/wp\/v2\/posts\/65669\/revisions"}],"predecessor-version":[{"id":65671,"href":"https:\/\/swimchannel.net\/br\/wp-json\/wp\/v2\/posts\/65669\/revisions\/65671"}],"wp:featuredmedia":[{"embeddable":true,"href":"https:\/\/swimchannel.net\/br\/wp-json\/wp\/v2\/media\/52885"}],"wp:attachment":[{"href":"https:\/\/swimchannel.net\/br\/wp-json\/wp\/v2\/media?parent=65669"}],"wp:term":[{"taxonomy":"category","embeddable":true,"href":"https:\/\/swimchannel.net\/br\/wp-json\/wp\/v2\/categories?post=65669"},{"taxonomy":"post_tag","embeddable":true,"href":"https:\/\/swimchannel.net\/br\/wp-json\/wp\/v2\/tags?post=65669"}],"curies":[{"name":"wp","href":"https:\/\/api.w.org\/{rel}","templated":true}]}}