{"id":66244,"date":"2024-05-20T17:17:53","date_gmt":"2024-05-20T20:17:53","guid":{"rendered":"https:\/\/swimchannel.net\/br\/?p=66244"},"modified":"2024-05-20T17:17:53","modified_gmt":"2024-05-20T20:17:53","slug":"ana-marcela-cunha-fica-em-quarto-na-copa-len-de-aguas-abertas","status":"publish","type":"post","link":"https:\/\/swimchannel.net\/br\/ana-marcela-cunha-fica-em-quarto-na-copa-len-de-aguas-abertas\/","title":{"rendered":"Ana Marcela Cunha fica em quarto na Copa Len de \u00c1guas Abertas"},"content":{"rendered":"<p>Ser\u00e3o dois finais de semana de competi\u00e7\u00f5es para Ana Marcela Cunha. Come\u00e7ou neste s\u00e1bado com a etapa de Piombino, na It\u00e1lia, a primeira etapa da Copa LEN de \u00c1guas Abertas e segue na pr\u00f3xima semana com a Copa do Mundo de \u00c1guas Abertas, tamb\u00e9m na It\u00e1lia, agora no Golfo de Aranci.<\/p>\n<p><img loading=\"lazy\" decoding=\"async\" class=\"alignnone size-full wp-image-66245\" src=\"https:\/\/swimchannel.net\/br\/wp-content\/uploads\/2024\/05\/Screenshot_2024-05-20-17-12-23-722_com.android.chrome-edit.jpg\" alt=\"\" width=\"913\" height=\"506\" srcset=\"https:\/\/swimchannel.net\/br\/wp-content\/uploads\/2024\/05\/Screenshot_2024-05-20-17-12-23-722_com.android.chrome-edit.jpg 913w, https:\/\/swimchannel.net\/br\/wp-content\/uploads\/2024\/05\/Screenshot_2024-05-20-17-12-23-722_com.android.chrome-edit-320x177.jpg 320w, https:\/\/swimchannel.net\/br\/wp-content\/uploads\/2024\/05\/Screenshot_2024-05-20-17-12-23-722_com.android.chrome-edit-768x426.jpg 768w, https:\/\/swimchannel.net\/br\/wp-content\/uploads\/2024\/05\/Screenshot_2024-05-20-17-12-23-722_com.android.chrome-edit-750x416.jpg 750w\" sizes=\"auto, (max-width: 913px) 100vw, 913px\" \/><\/p>\n<p>Numa programa\u00e7\u00e3o que teve semana pesada de treinamentos, Ana Marcela encarou a prova como parte do seu treino e conseguiu chegar no pelot\u00e3o da frente ficando a dois segundos da medalha de bronze da francesa Caroline Jouisse e tr\u00eas da campe\u00e3 da prova, a espanhola Angela Martinez Guillen.<\/p>\n<p><img loading=\"lazy\" decoding=\"async\" class=\"alignnone size-full wp-image-66246\" src=\"https:\/\/swimchannel.net\/br\/wp-content\/uploads\/2024\/05\/Screenshot_2024-05-20-17-12-43-015_com.android.chrome-edit.jpg\" alt=\"\" width=\"912\" height=\"607\" srcset=\"https:\/\/swimchannel.net\/br\/wp-content\/uploads\/2024\/05\/Screenshot_2024-05-20-17-12-43-015_com.android.chrome-edit.jpg 912w, https:\/\/swimchannel.net\/br\/wp-content\/uploads\/2024\/05\/Screenshot_2024-05-20-17-12-43-015_com.android.chrome-edit-270x180.jpg 270w, https:\/\/swimchannel.net\/br\/wp-content\/uploads\/2024\/05\/Screenshot_2024-05-20-17-12-43-015_com.android.chrome-edit-768x511.jpg 768w, https:\/\/swimchannel.net\/br\/wp-content\/uploads\/2024\/05\/Screenshot_2024-05-20-17-12-43-015_com.android.chrome-edit-750x499.jpg 750w\" sizes=\"auto, (max-width: 912px) 100vw, 912px\" \/><\/p>\n<p>O evento em Piombino impediu de Ana Marcela fazer um passeio que estava programado para este final de semana. A nadadora tinha inten\u00e7\u00e3o de ir at\u00e9 \u00cdmola, onde aconteceu uma grande homenagem a um de seus maiores \u00eddolos, Ayrton Senna.<\/p>\n<p>&nbsp;<\/p>\n<p>No pr\u00f3ximo final de semana, no Golfo de Aranci, al\u00e9m de Ana Marcela, o Brasil ainda ter\u00e1 Viviane Jungblut e Matheus Melecchi que est\u00e3o treinando nas depend\u00eancias do Maria Lenk no Rio de Janeiro.<\/p>\n<p>&nbsp;<\/p>\n<p>Resultados da primeira etapa da Copa LEN de \u00c1guas Abertas<\/p>\n<p>&nbsp;<\/p>\n<p>Masculino<\/p>\n<p>1o Domenico Acerenza da It\u00e1lia 1:46.54.16<\/p>\n<p>2o Sacha Velly da Fran\u00e7a 1:46.54.67<\/p>\n<p>3o Marc-Antoine Olivier da Fran\u00e7a 1:46.54.86<\/p>\n<p>&nbsp;<\/p>\n<p>Feminino<\/p>\n<p>1o Angela Martinez Guillen da Espanha 1:56.37.81<\/p>\n<p>2o Ginevra Taddeucci da It\u00e1lia 1:56.39.46<\/p>\n<p>3o Caroline Jouisse da Fran\u00e7a 1:56.4033<\/p>\n<p>4o Ana Marcela Cunha do Brasil 1:56.42.36<\/p>\n<p><img loading=\"lazy\" decoding=\"async\" class=\"alignnone size-full wp-image-66247\" src=\"https:\/\/swimchannel.net\/br\/wp-content\/uploads\/2024\/05\/Screenshot_2024-05-20-17-13-00-014_com.android.chrome-edit.jpg\" alt=\"\" width=\"910\" height=\"511\" srcset=\"https:\/\/swimchannel.net\/br\/wp-content\/uploads\/2024\/05\/Screenshot_2024-05-20-17-13-00-014_com.android.chrome-edit.jpg 910w, https:\/\/swimchannel.net\/br\/wp-content\/uploads\/2024\/05\/Screenshot_2024-05-20-17-13-00-014_com.android.chrome-edit-320x180.jpg 320w, https:\/\/swimchannel.net\/br\/wp-content\/uploads\/2024\/05\/Screenshot_2024-05-20-17-13-00-014_com.android.chrome-edit-768x431.jpg 768w, https:\/\/swimchannel.net\/br\/wp-content\/uploads\/2024\/05\/Screenshot_2024-05-20-17-13-00-014_com.android.chrome-edit-750x421.jpg 750w\" sizes=\"auto, (max-width: 910px) 100vw, 910px\" \/><\/p>\n<p><strong>Resultados completos:<\/strong><\/p>\n<p><a href=\"https:\/\/len.microplustimingservices.com\/eaowcup2024-piombino\/index_web.php?s=Q2hlY2tKc29uRm9yTG9hZE9uTWFpbihjb2RTdW1tYXJ5LCB0cnVlLCB0cnVlKTs=&amp;cat=ASX&amp;page=055&amp;spec=005&amp;bat=001&amp;td=STL1&amp;hg=&amp;descIT=TUlYRUTCoC3CoDEwIEtt&amp;descEN=TUlYRUTCoC3CoDEwIEtt&amp;descFR=TUlYRUTCoC3CoDEwIEtt&amp;curCatSel_M_F=\">https:\/\/len.microplustimingservices.com\/eaowcup2024-piombino\/index_web.php?s=Q2hlY2tKc29uRm9yTG9hZE9uTWFpbihjb2RTdW1tYXJ5LCB0cnVlLCB0cnVlKTs=&amp;cat=ASX&amp;page=055&amp;spec=005&amp;bat=001&amp;td=STL1&amp;hg=&amp;descIT=TUlYRUTCoC3CoDEwIEtt&amp;descEN=TUlYRUTCoC3CoDEwIEtt&amp;descFR=TUlYRUTCoC3CoDEwIEtt&amp;curCatSel_M_F=<\/a><\/p>\n<p><em><strong>Fotos Andrea Masini \/ DBM<\/strong><\/em><\/p>\n<p>&nbsp;<\/p>\n","protected":false},"excerpt":{"rendered":"<p>Ser\u00e3o dois finais de semana de competi\u00e7\u00f5es para Ana Marcela Cunha. Come\u00e7ou neste s\u00e1bado com a etapa de Piombino, na It\u00e1lia, a primeira etapa da Copa LEN de \u00c1guas Abertas e segue na pr\u00f3xima semana com a Copa do Mundo de \u00c1guas Abertas, tamb\u00e9m na It\u00e1lia, agora no Golfo de Aranci. Numa programa\u00e7\u00e3o que teve [&hellip;]<\/p>\n","protected":false},"author":12,"featured_media":66248,"comment_status":"open","ping_status":"open","sticky":false,"template":"","format":"standard","meta":{"footnotes":""},"categories":[115,2576],"tags":[14,47,5302],"class_list":["post-66244","post","type-post","status-publish","format-standard","has-post-thumbnail","hentry","category-aguas-abertas","category-ultimas-noticias","tag-aguas-abertas","tag-ana-marcela-cunha","tag-copa-len-de-aguas-abertas"],"yoast_head":"<!-- This site is optimized with the Yoast SEO plugin v27.0 - https:\/\/yoast.com\/product\/yoast-seo-wordpress\/ -->\n<title>Ana Marcela Cunha fica em quarto na Copa Len de \u00c1guas Abertas - Swimchannel<\/title>\n<meta name=\"robots\" content=\"index, follow, max-snippet:-1, max-image-preview:large, max-video-preview:-1\" \/>\n<link rel=\"canonical\" href=\"https:\/\/swimchannel.net\/br\/ana-marcela-cunha-fica-em-quarto-na-copa-len-de-aguas-abertas\/\" \/>\n<meta property=\"og:locale\" content=\"pt_BR\" \/>\n<meta property=\"og:type\" content=\"article\" \/>\n<meta property=\"og:title\" content=\"Ana Marcela Cunha fica em quarto na Copa Len de \u00c1guas Abertas - Swimchannel\" \/>\n<meta property=\"og:description\" content=\"Ser\u00e3o dois finais de semana de competi\u00e7\u00f5es para Ana Marcela Cunha. Come\u00e7ou neste s\u00e1bado com a etapa de Piombino, na It\u00e1lia, a primeira etapa da Copa LEN de \u00c1guas Abertas e segue na pr\u00f3xima semana com a Copa do Mundo de \u00c1guas Abertas, tamb\u00e9m na It\u00e1lia, agora no Golfo de Aranci. Numa programa\u00e7\u00e3o que teve [&hellip;]\" \/>\n<meta property=\"og:url\" content=\"https:\/\/swimchannel.net\/br\/ana-marcela-cunha-fica-em-quarto-na-copa-len-de-aguas-abertas\/\" \/>\n<meta property=\"og:site_name\" content=\"Swimchannel\" \/>\n<meta property=\"article:publisher\" content=\"https:\/\/www.facebook.com\/swimchannel\" \/>\n<meta property=\"article:published_time\" content=\"2024-05-20T20:17:53+00:00\" \/>\n<meta property=\"og:image\" content=\"https:\/\/swimchannel.net\/br\/wp-content\/uploads\/2024\/05\/Screenshot_2024-05-20-17-10-55-077_com.android.chrome-edit.jpg\" \/>\n\t<meta property=\"og:image:width\" content=\"1024\" \/>\n\t<meta property=\"og:image:height\" content=\"585\" \/>\n\t<meta property=\"og:image:type\" content=\"image\/jpeg\" \/>\n<meta name=\"author\" content=\"Alex Pussieldi\" \/>\n<meta name=\"twitter:card\" content=\"summary_large_image\" \/>\n<meta name=\"twitter:label1\" content=\"Escrito por\" \/>\n\t<meta name=\"twitter:data1\" content=\"Alex Pussieldi\" \/>\n\t<meta name=\"twitter:label2\" content=\"Est. tempo de leitura\" \/>\n\t<meta name=\"twitter:data2\" content=\"2 minutos\" \/>\n<script type=\"application\/ld+json\" class=\"yoast-schema-graph\">{\"@context\":\"https:\/\/schema.org\",\"@graph\":[{\"@type\":\"Article\",\"@id\":\"https:\/\/swimchannel.net\/br\/ana-marcela-cunha-fica-em-quarto-na-copa-len-de-aguas-abertas\/#article\",\"isPartOf\":{\"@id\":\"https:\/\/swimchannel.net\/br\/ana-marcela-cunha-fica-em-quarto-na-copa-len-de-aguas-abertas\/\"},\"author\":{\"name\":\"Alex Pussieldi\",\"@id\":\"https:\/\/swimchannel.net\/br\/#\/schema\/person\/cf549cb99cf75592fcf7c76213385e63\"},\"headline\":\"Ana Marcela Cunha fica em quarto na Copa Len de \u00c1guas Abertas\",\"datePublished\":\"2024-05-20T20:17:53+00:00\",\"mainEntityOfPage\":{\"@id\":\"https:\/\/swimchannel.net\/br\/ana-marcela-cunha-fica-em-quarto-na-copa-len-de-aguas-abertas\/\"},\"wordCount\":318,\"commentCount\":0,\"publisher\":{\"@id\":\"https:\/\/swimchannel.net\/br\/#organization\"},\"image\":{\"@id\":\"https:\/\/swimchannel.net\/br\/ana-marcela-cunha-fica-em-quarto-na-copa-len-de-aguas-abertas\/#primaryimage\"},\"thumbnailUrl\":\"https:\/\/swimchannel.net\/br\/wp-content\/uploads\/2024\/05\/Screenshot_2024-05-20-17-10-55-077_com.android.chrome-edit.jpg\",\"keywords\":[\"\u00c1guas abertas\",\"Ana Marcela Cunha\",\"Copa LEN de \u00c1guas Abertas\"],\"articleSection\":[\"\u00c1guas Abertas\",\"\u00daltimas Not\u00edcias\"],\"inLanguage\":\"pt-BR\",\"potentialAction\":[{\"@type\":\"CommentAction\",\"name\":\"Comment\",\"target\":[\"https:\/\/swimchannel.net\/br\/ana-marcela-cunha-fica-em-quarto-na-copa-len-de-aguas-abertas\/#respond\"]}]},{\"@type\":\"WebPage\",\"@id\":\"https:\/\/swimchannel.net\/br\/ana-marcela-cunha-fica-em-quarto-na-copa-len-de-aguas-abertas\/\",\"url\":\"https:\/\/swimchannel.net\/br\/ana-marcela-cunha-fica-em-quarto-na-copa-len-de-aguas-abertas\/\",\"name\":\"Ana Marcela Cunha fica em quarto na Copa Len de \u00c1guas Abertas - Swimchannel\",\"isPartOf\":{\"@id\":\"https:\/\/swimchannel.net\/br\/#website\"},\"primaryImageOfPage\":{\"@id\":\"https:\/\/swimchannel.net\/br\/ana-marcela-cunha-fica-em-quarto-na-copa-len-de-aguas-abertas\/#primaryimage\"},\"image\":{\"@id\":\"https:\/\/swimchannel.net\/br\/ana-marcela-cunha-fica-em-quarto-na-copa-len-de-aguas-abertas\/#primaryimage\"},\"thumbnailUrl\":\"https:\/\/swimchannel.net\/br\/wp-content\/uploads\/2024\/05\/Screenshot_2024-05-20-17-10-55-077_com.android.chrome-edit.jpg\",\"datePublished\":\"2024-05-20T20:17:53+00:00\",\"breadcrumb\":{\"@id\":\"https:\/\/swimchannel.net\/br\/ana-marcela-cunha-fica-em-quarto-na-copa-len-de-aguas-abertas\/#breadcrumb\"},\"inLanguage\":\"pt-BR\",\"potentialAction\":[{\"@type\":\"ReadAction\",\"target\":[\"https:\/\/swimchannel.net\/br\/ana-marcela-cunha-fica-em-quarto-na-copa-len-de-aguas-abertas\/\"]}]},{\"@type\":\"ImageObject\",\"inLanguage\":\"pt-BR\",\"@id\":\"https:\/\/swimchannel.net\/br\/ana-marcela-cunha-fica-em-quarto-na-copa-len-de-aguas-abertas\/#primaryimage\",\"url\":\"https:\/\/swimchannel.net\/br\/wp-content\/uploads\/2024\/05\/Screenshot_2024-05-20-17-10-55-077_com.android.chrome-edit.jpg\",\"contentUrl\":\"https:\/\/swimchannel.net\/br\/wp-content\/uploads\/2024\/05\/Screenshot_2024-05-20-17-10-55-077_com.android.chrome-edit.jpg\",\"width\":1024,\"height\":585},{\"@type\":\"BreadcrumbList\",\"@id\":\"https:\/\/swimchannel.net\/br\/ana-marcela-cunha-fica-em-quarto-na-copa-len-de-aguas-abertas\/#breadcrumb\",\"itemListElement\":[{\"@type\":\"ListItem\",\"position\":1,\"name\":\"Home\",\"item\":\"https:\/\/swimchannel.net\/br\/\"},{\"@type\":\"ListItem\",\"position\":2,\"name\":\"Ana Marcela Cunha fica em quarto na Copa Len de \u00c1guas Abertas\"}]},{\"@type\":\"WebSite\",\"@id\":\"https:\/\/swimchannel.net\/br\/#website\",\"url\":\"https:\/\/swimchannel.net\/br\/\",\"name\":\"Swimchannel\",\"description\":\"Maior portal de nata\u00e7\u00e3o da america latina\",\"publisher\":{\"@id\":\"https:\/\/swimchannel.net\/br\/#organization\"},\"potentialAction\":[{\"@type\":\"SearchAction\",\"target\":{\"@type\":\"EntryPoint\",\"urlTemplate\":\"https:\/\/swimchannel.net\/br\/?s={search_term_string}\"},\"query-input\":{\"@type\":\"PropertyValueSpecification\",\"valueRequired\":true,\"valueName\":\"search_term_string\"}}],\"inLanguage\":\"pt-BR\"},{\"@type\":\"Organization\",\"@id\":\"https:\/\/swimchannel.net\/br\/#organization\",\"name\":\"Swimchannel - Conectando voc\u00ea a Nata\u00e7\u00e3o\",\"url\":\"https:\/\/swimchannel.net\/br\/\",\"logo\":{\"@type\":\"ImageObject\",\"inLanguage\":\"pt-BR\",\"@id\":\"https:\/\/swimchannel.net\/br\/#\/schema\/logo\/image\/\",\"url\":\"https:\/\/swimchannel.net\/br\/wp-content\/uploads\/2026\/02\/SWIM-CHANNEL.png\",\"contentUrl\":\"https:\/\/swimchannel.net\/br\/wp-content\/uploads\/2026\/02\/SWIM-CHANNEL.png\",\"width\":1120,\"height\":630,\"caption\":\"Swimchannel - Conectando voc\u00ea a Nata\u00e7\u00e3o\"},\"image\":{\"@id\":\"https:\/\/swimchannel.net\/br\/#\/schema\/logo\/image\/\"},\"sameAs\":[\"https:\/\/www.facebook.com\/swimchannel\",\"https:\/\/www.instagram.com\/swimchannel\"]},{\"@type\":\"Person\",\"@id\":\"https:\/\/swimchannel.net\/br\/#\/schema\/person\/cf549cb99cf75592fcf7c76213385e63\",\"name\":\"Alex Pussieldi\",\"image\":{\"@type\":\"ImageObject\",\"inLanguage\":\"pt-BR\",\"@id\":\"https:\/\/swimchannel.net\/br\/#\/schema\/person\/image\/\",\"url\":\"https:\/\/swimchannel.net\/br\/wp-content\/uploads\/2021\/02\/9b1c252d-a4bd-4eda-b399-24565cac4114-100x100.jpg\",\"contentUrl\":\"https:\/\/swimchannel.net\/br\/wp-content\/uploads\/2021\/02\/9b1c252d-a4bd-4eda-b399-24565cac4114-100x100.jpg\",\"caption\":\"Alex Pussieldi\"},\"description\":\"Alexandre Pussieldi, apelidado de \u201ccoach\u201d, Foi t\u00e9cnico da sele\u00e7\u00e3o verde e amarela nas Olimp\u00edadas de Pequim-2008 e Londres-2012. O treinador ainda comandou outros quatro pa\u00edses: Kuwait, Paraguai, Aruba e Antilhas Holandesas, al\u00e9m da sele\u00e7\u00e3o americana de \u00e1guas abertas. Pussieldi tem passagens como comentarista de nata\u00e7\u00e3o do Grupo Globo e Swim Channel.\",\"url\":\"https:\/\/swimchannel.net\/br\/author\/alexpussieldi\/\"}]}<\/script>\n<!-- \/ Yoast SEO plugin. -->","yoast_head_json":{"title":"Ana Marcela Cunha fica em quarto na Copa Len de \u00c1guas Abertas - Swimchannel","robots":{"index":"index","follow":"follow","max-snippet":"max-snippet:-1","max-image-preview":"max-image-preview:large","max-video-preview":"max-video-preview:-1"},"canonical":"https:\/\/swimchannel.net\/br\/ana-marcela-cunha-fica-em-quarto-na-copa-len-de-aguas-abertas\/","og_locale":"pt_BR","og_type":"article","og_title":"Ana Marcela Cunha fica em quarto na Copa Len de \u00c1guas Abertas - Swimchannel","og_description":"Ser\u00e3o dois finais de semana de competi\u00e7\u00f5es para Ana Marcela Cunha. Come\u00e7ou neste s\u00e1bado com a etapa de Piombino, na It\u00e1lia, a primeira etapa da Copa LEN de \u00c1guas Abertas e segue na pr\u00f3xima semana com a Copa do Mundo de \u00c1guas Abertas, tamb\u00e9m na It\u00e1lia, agora no Golfo de Aranci. Numa programa\u00e7\u00e3o que teve [&hellip;]","og_url":"https:\/\/swimchannel.net\/br\/ana-marcela-cunha-fica-em-quarto-na-copa-len-de-aguas-abertas\/","og_site_name":"Swimchannel","article_publisher":"https:\/\/www.facebook.com\/swimchannel","article_published_time":"2024-05-20T20:17:53+00:00","og_image":[{"width":1024,"height":585,"url":"https:\/\/swimchannel.net\/br\/wp-content\/uploads\/2024\/05\/Screenshot_2024-05-20-17-10-55-077_com.android.chrome-edit.jpg","type":"image\/jpeg"}],"author":"Alex Pussieldi","twitter_card":"summary_large_image","twitter_misc":{"Escrito por":"Alex Pussieldi","Est. tempo de leitura":"2 minutos"},"schema":{"@context":"https:\/\/schema.org","@graph":[{"@type":"Article","@id":"https:\/\/swimchannel.net\/br\/ana-marcela-cunha-fica-em-quarto-na-copa-len-de-aguas-abertas\/#article","isPartOf":{"@id":"https:\/\/swimchannel.net\/br\/ana-marcela-cunha-fica-em-quarto-na-copa-len-de-aguas-abertas\/"},"author":{"name":"Alex Pussieldi","@id":"https:\/\/swimchannel.net\/br\/#\/schema\/person\/cf549cb99cf75592fcf7c76213385e63"},"headline":"Ana Marcela Cunha fica em quarto na Copa Len de \u00c1guas Abertas","datePublished":"2024-05-20T20:17:53+00:00","mainEntityOfPage":{"@id":"https:\/\/swimchannel.net\/br\/ana-marcela-cunha-fica-em-quarto-na-copa-len-de-aguas-abertas\/"},"wordCount":318,"commentCount":0,"publisher":{"@id":"https:\/\/swimchannel.net\/br\/#organization"},"image":{"@id":"https:\/\/swimchannel.net\/br\/ana-marcela-cunha-fica-em-quarto-na-copa-len-de-aguas-abertas\/#primaryimage"},"thumbnailUrl":"https:\/\/swimchannel.net\/br\/wp-content\/uploads\/2024\/05\/Screenshot_2024-05-20-17-10-55-077_com.android.chrome-edit.jpg","keywords":["\u00c1guas abertas","Ana Marcela Cunha","Copa LEN de \u00c1guas Abertas"],"articleSection":["\u00c1guas Abertas","\u00daltimas Not\u00edcias"],"inLanguage":"pt-BR","potentialAction":[{"@type":"CommentAction","name":"Comment","target":["https:\/\/swimchannel.net\/br\/ana-marcela-cunha-fica-em-quarto-na-copa-len-de-aguas-abertas\/#respond"]}]},{"@type":"WebPage","@id":"https:\/\/swimchannel.net\/br\/ana-marcela-cunha-fica-em-quarto-na-copa-len-de-aguas-abertas\/","url":"https:\/\/swimchannel.net\/br\/ana-marcela-cunha-fica-em-quarto-na-copa-len-de-aguas-abertas\/","name":"Ana Marcela Cunha fica em quarto na Copa Len de \u00c1guas Abertas - Swimchannel","isPartOf":{"@id":"https:\/\/swimchannel.net\/br\/#website"},"primaryImageOfPage":{"@id":"https:\/\/swimchannel.net\/br\/ana-marcela-cunha-fica-em-quarto-na-copa-len-de-aguas-abertas\/#primaryimage"},"image":{"@id":"https:\/\/swimchannel.net\/br\/ana-marcela-cunha-fica-em-quarto-na-copa-len-de-aguas-abertas\/#primaryimage"},"thumbnailUrl":"https:\/\/swimchannel.net\/br\/wp-content\/uploads\/2024\/05\/Screenshot_2024-05-20-17-10-55-077_com.android.chrome-edit.jpg","datePublished":"2024-05-20T20:17:53+00:00","breadcrumb":{"@id":"https:\/\/swimchannel.net\/br\/ana-marcela-cunha-fica-em-quarto-na-copa-len-de-aguas-abertas\/#breadcrumb"},"inLanguage":"pt-BR","potentialAction":[{"@type":"ReadAction","target":["https:\/\/swimchannel.net\/br\/ana-marcela-cunha-fica-em-quarto-na-copa-len-de-aguas-abertas\/"]}]},{"@type":"ImageObject","inLanguage":"pt-BR","@id":"https:\/\/swimchannel.net\/br\/ana-marcela-cunha-fica-em-quarto-na-copa-len-de-aguas-abertas\/#primaryimage","url":"https:\/\/swimchannel.net\/br\/wp-content\/uploads\/2024\/05\/Screenshot_2024-05-20-17-10-55-077_com.android.chrome-edit.jpg","contentUrl":"https:\/\/swimchannel.net\/br\/wp-content\/uploads\/2024\/05\/Screenshot_2024-05-20-17-10-55-077_com.android.chrome-edit.jpg","width":1024,"height":585},{"@type":"BreadcrumbList","@id":"https:\/\/swimchannel.net\/br\/ana-marcela-cunha-fica-em-quarto-na-copa-len-de-aguas-abertas\/#breadcrumb","itemListElement":[{"@type":"ListItem","position":1,"name":"Home","item":"https:\/\/swimchannel.net\/br\/"},{"@type":"ListItem","position":2,"name":"Ana Marcela Cunha fica em quarto na Copa Len de \u00c1guas Abertas"}]},{"@type":"WebSite","@id":"https:\/\/swimchannel.net\/br\/#website","url":"https:\/\/swimchannel.net\/br\/","name":"Swimchannel","description":"Maior portal de nata\u00e7\u00e3o da america latina","publisher":{"@id":"https:\/\/swimchannel.net\/br\/#organization"},"potentialAction":[{"@type":"SearchAction","target":{"@type":"EntryPoint","urlTemplate":"https:\/\/swimchannel.net\/br\/?s={search_term_string}"},"query-input":{"@type":"PropertyValueSpecification","valueRequired":true,"valueName":"search_term_string"}}],"inLanguage":"pt-BR"},{"@type":"Organization","@id":"https:\/\/swimchannel.net\/br\/#organization","name":"Swimchannel - Conectando voc\u00ea a Nata\u00e7\u00e3o","url":"https:\/\/swimchannel.net\/br\/","logo":{"@type":"ImageObject","inLanguage":"pt-BR","@id":"https:\/\/swimchannel.net\/br\/#\/schema\/logo\/image\/","url":"https:\/\/swimchannel.net\/br\/wp-content\/uploads\/2026\/02\/SWIM-CHANNEL.png","contentUrl":"https:\/\/swimchannel.net\/br\/wp-content\/uploads\/2026\/02\/SWIM-CHANNEL.png","width":1120,"height":630,"caption":"Swimchannel - Conectando voc\u00ea a Nata\u00e7\u00e3o"},"image":{"@id":"https:\/\/swimchannel.net\/br\/#\/schema\/logo\/image\/"},"sameAs":["https:\/\/www.facebook.com\/swimchannel","https:\/\/www.instagram.com\/swimchannel"]},{"@type":"Person","@id":"https:\/\/swimchannel.net\/br\/#\/schema\/person\/cf549cb99cf75592fcf7c76213385e63","name":"Alex Pussieldi","image":{"@type":"ImageObject","inLanguage":"pt-BR","@id":"https:\/\/swimchannel.net\/br\/#\/schema\/person\/image\/","url":"https:\/\/swimchannel.net\/br\/wp-content\/uploads\/2021\/02\/9b1c252d-a4bd-4eda-b399-24565cac4114-100x100.jpg","contentUrl":"https:\/\/swimchannel.net\/br\/wp-content\/uploads\/2021\/02\/9b1c252d-a4bd-4eda-b399-24565cac4114-100x100.jpg","caption":"Alex Pussieldi"},"description":"Alexandre Pussieldi, apelidado de \u201ccoach\u201d, Foi t\u00e9cnico da sele\u00e7\u00e3o verde e amarela nas Olimp\u00edadas de Pequim-2008 e Londres-2012. O treinador ainda comandou outros quatro pa\u00edses: Kuwait, Paraguai, Aruba e Antilhas Holandesas, al\u00e9m da sele\u00e7\u00e3o americana de \u00e1guas abertas. Pussieldi tem passagens como comentarista de nata\u00e7\u00e3o do Grupo Globo e Swim Channel.","url":"https:\/\/swimchannel.net\/br\/author\/alexpussieldi\/"}]}},"_links":{"self":[{"href":"https:\/\/swimchannel.net\/br\/wp-json\/wp\/v2\/posts\/66244","targetHints":{"allow":["GET"]}}],"collection":[{"href":"https:\/\/swimchannel.net\/br\/wp-json\/wp\/v2\/posts"}],"about":[{"href":"https:\/\/swimchannel.net\/br\/wp-json\/wp\/v2\/types\/post"}],"author":[{"embeddable":true,"href":"https:\/\/swimchannel.net\/br\/wp-json\/wp\/v2\/users\/12"}],"replies":[{"embeddable":true,"href":"https:\/\/swimchannel.net\/br\/wp-json\/wp\/v2\/comments?post=66244"}],"version-history":[{"count":1,"href":"https:\/\/swimchannel.net\/br\/wp-json\/wp\/v2\/posts\/66244\/revisions"}],"predecessor-version":[{"id":66249,"href":"https:\/\/swimchannel.net\/br\/wp-json\/wp\/v2\/posts\/66244\/revisions\/66249"}],"wp:featuredmedia":[{"embeddable":true,"href":"https:\/\/swimchannel.net\/br\/wp-json\/wp\/v2\/media\/66248"}],"wp:attachment":[{"href":"https:\/\/swimchannel.net\/br\/wp-json\/wp\/v2\/media?parent=66244"}],"wp:term":[{"taxonomy":"category","embeddable":true,"href":"https:\/\/swimchannel.net\/br\/wp-json\/wp\/v2\/categories?post=66244"},{"taxonomy":"post_tag","embeddable":true,"href":"https:\/\/swimchannel.net\/br\/wp-json\/wp\/v2\/tags?post=66244"}],"curies":[{"name":"wp","href":"https:\/\/api.w.org\/{rel}","templated":true}]}}