{"id":67021,"date":"2024-06-22T19:16:55","date_gmt":"2024-06-22T22:16:55","guid":{"rendered":"https:\/\/swimchannel.net\/br\/?p=67021"},"modified":"2024-06-22T19:16:55","modified_gmt":"2024-06-22T22:16:55","slug":"caeleb-dressel-garante-vaga-e-vai-defender-titulo-olimpico-nos-50m-livre","status":"publish","type":"post","link":"https:\/\/swimchannel.net\/br\/caeleb-dressel-garante-vaga-e-vai-defender-titulo-olimpico-nos-50m-livre\/","title":{"rendered":"Caeleb Dressel garante vaga e vai defender t\u00edtulo ol\u00edmpico nos 50m livre"},"content":{"rendered":"<p>Caeleb Dressel ganhou sua primeira vaga ol\u00edmpica individual ao vencer os 50m livre no dia 6 da Seletiva Ol\u00edmpica Americana. Foi o mesmo dia que ele tamb\u00e9m fez o melhor tempo para a final dos 100m borboleta, o que poder\u00e1 ser a sua segunda oportunidade de defender os ouros de T\u00f3quio em Paris.<\/p>\n<p><strong>Prova a prova dia 6<\/strong><br \/>\n<strong>50m livre masculino<\/strong><br \/>\nCaeleb Dressel j\u00e1 estava classificado para o 4x100m livre, agora vai para a sua primeira prova individual em Paris ao vencer com 21.41. Chris Giuliano, o atleta treinado por Jo\u00e3o de Lucca, campe\u00e3o dos 100m livre, chegou em segundo com 21.69. \u00c9 o primeiro nadador da hist\u00f3ria da Universidade de Notre Dame a chegar ao time ol\u00edmpico americnao. Um total de sete dos oito finalistas nadaram abaixo dos 22 segundos.<\/p>\n<p><strong>200m costas feminino<\/strong><br \/>\nMais uma prova para Regan Smith, confirmando o favoritismo venceu com 2:05.16. A briga maior foi pela segunda vaga, apenas sete cent\u00e9simos separaram o segundo lugar de Phoebe Bacon classificada com 2:06.27 de Claire Curzan em terceiro 2:06.34. Todas as finalistas nadaram abaixo do \u00edndice ol\u00edmpico.<\/p>\n<figure id=\"attachment_51681\" aria-describedby=\"caption-attachment-51681\" style=\"width: 945px\" class=\"wp-caption alignnone\"><img loading=\"lazy\" decoding=\"async\" class=\"size-full wp-image-51681\" src=\"https:\/\/swimchannel.net\/br\/wp-content\/uploads\/2022\/06\/Regan-Smith-25.07.21-5.jpg\" alt=\"\" width=\"945\" height=\"630\" srcset=\"https:\/\/swimchannel.net\/br\/wp-content\/uploads\/2022\/06\/Regan-Smith-25.07.21-5.jpg 945w, https:\/\/swimchannel.net\/br\/wp-content\/uploads\/2022\/06\/Regan-Smith-25.07.21-5-270x180.jpg 270w, https:\/\/swimchannel.net\/br\/wp-content\/uploads\/2022\/06\/Regan-Smith-25.07.21-5-768x512.jpg 768w, https:\/\/swimchannel.net\/br\/wp-content\/uploads\/2022\/06\/Regan-Smith-25.07.21-5-750x500.jpg 750w\" sizes=\"auto, (max-width: 945px) 100vw, 945px\" \/><figcaption id=\"caption-attachment-51681\" class=\"wp-caption-text\">Regan Smith &#8211; Foto: Reprodu\u00e7\u00e3o<\/figcaption><\/figure>\n<p><strong>200m medley masculino<\/strong><br \/>\nSegunda vit\u00f3ria na Seletiva para Carson Foster campe\u00e3o com 1:55.65 desta vez levando consgio Shaine Casas, seu companheiro de treino, segundo colocado com 1:55.83. Prova teve os cinco primeiros colocados abaixo da barreira do \u00edndice ol\u00edmpico de 1:57.94. Casas saiu forte, muitio forte, nos primeiros 50 metros estava com 23.79, e na virada dos 100m com 52.68, abaixo do \u00edndice ol\u00edmpico. Ele ainda sustentou a lideran\u00e7a no parcial de peito, e viu Carson Foster lhe passar no livre, mas ainda garantiu sua vaga, sua primeira Olimp\u00edada.<\/p>\n<p><strong>100m borboleta masculino semifinal<\/strong><br \/>\nApenas Caeleb Dressel abaixo dos 51 segundos, primeiro tempo com 50.79. O jovem Kaii Winkler, 18 anos, entrou com o 8o tempo 51.64 para a final.<\/p>\n<p><strong>200m medley feminino semifinal<\/strong><br \/>\nTr\u00eas nadadoras abaixo dos 2:10, melhor tempo para Kate Douglass com 2:08.53, muito pr\u00f3xima de sua companheira de equipe Alex Walsh 2:08.74. Isabel Ivey entrou com o oitavo tempo 2:12.26.<\/p>\n<p><strong>Link para os resultados completos: <\/strong><a href=\"https:\/\/www.omegatiming.com\/2024\/u-s-olympic-team-trials---swimming-live-results\">https:\/\/www.omegatiming.com\/2024\/u-s-olympic-team-trials\u2014swimming-live-results<\/a><\/p>\n","protected":false},"excerpt":{"rendered":"<p>Caeleb Dressel ganhou sua primeira vaga ol\u00edmpica individual ao vencer os 50m livre no dia 6 da Seletiva Ol\u00edmpica Americana. Foi o mesmo dia que ele tamb\u00e9m fez o melhor tempo para a final dos 100m borboleta, o que poder\u00e1 ser a sua segunda oportunidade de defender os ouros de T\u00f3quio em Paris. Prova a [&hellip;]<\/p>\n","protected":false},"author":12,"featured_media":65134,"comment_status":"open","ping_status":"open","sticky":false,"template":"","format":"standard","meta":{"footnotes":""},"categories":[137],"tags":[248,5,412],"class_list":["post-67021","post","type-post","status-publish","format-standard","has-post-thumbnail","hentry","category-natacao","tag-caeleb-dressel","tag-natacao","tag-seletiva-americana"],"yoast_head":"<!-- This site is optimized with the Yoast SEO plugin v27.0 - https:\/\/yoast.com\/product\/yoast-seo-wordpress\/ -->\n<title>Caeleb Dressel garante vaga e vai defender t\u00edtulo ol\u00edmpico nos 50m livre - Swimchannel<\/title>\n<meta name=\"robots\" content=\"index, follow, max-snippet:-1, max-image-preview:large, max-video-preview:-1\" \/>\n<link rel=\"canonical\" href=\"https:\/\/swimchannel.net\/br\/caeleb-dressel-garante-vaga-e-vai-defender-titulo-olimpico-nos-50m-livre\/\" \/>\n<meta property=\"og:locale\" content=\"pt_BR\" \/>\n<meta property=\"og:type\" content=\"article\" \/>\n<meta property=\"og:title\" content=\"Caeleb Dressel garante vaga e vai defender t\u00edtulo ol\u00edmpico nos 50m livre - Swimchannel\" \/>\n<meta property=\"og:description\" content=\"Caeleb Dressel ganhou sua primeira vaga ol\u00edmpica individual ao vencer os 50m livre no dia 6 da Seletiva Ol\u00edmpica Americana. Foi o mesmo dia que ele tamb\u00e9m fez o melhor tempo para a final dos 100m borboleta, o que poder\u00e1 ser a sua segunda oportunidade de defender os ouros de T\u00f3quio em Paris. Prova a [&hellip;]\" \/>\n<meta property=\"og:url\" content=\"https:\/\/swimchannel.net\/br\/caeleb-dressel-garante-vaga-e-vai-defender-titulo-olimpico-nos-50m-livre\/\" \/>\n<meta property=\"og:site_name\" content=\"Swimchannel\" \/>\n<meta property=\"article:publisher\" content=\"https:\/\/www.facebook.com\/swimchannel\" \/>\n<meta property=\"article:published_time\" content=\"2024-06-22T22:16:55+00:00\" \/>\n<meta property=\"og:image\" content=\"https:\/\/swimchannel.net\/br\/wp-content\/uploads\/2024\/04\/Caeleb-Dressel-By-Jack-Spitser-AC4I0002-scaled-1.jpg\" \/>\n\t<meta property=\"og:image:width\" content=\"2048\" \/>\n\t<meta property=\"og:image:height\" content=\"1366\" \/>\n\t<meta property=\"og:image:type\" content=\"image\/jpeg\" \/>\n<meta name=\"author\" content=\"Alex Pussieldi\" \/>\n<meta name=\"twitter:card\" content=\"summary_large_image\" \/>\n<meta name=\"twitter:label1\" content=\"Escrito por\" \/>\n\t<meta name=\"twitter:data1\" content=\"Alex Pussieldi\" \/>\n\t<meta name=\"twitter:label2\" content=\"Est. tempo de leitura\" \/>\n\t<meta name=\"twitter:data2\" content=\"2 minutos\" \/>\n<script type=\"application\/ld+json\" class=\"yoast-schema-graph\">{\"@context\":\"https:\/\/schema.org\",\"@graph\":[{\"@type\":\"Article\",\"@id\":\"https:\/\/swimchannel.net\/br\/caeleb-dressel-garante-vaga-e-vai-defender-titulo-olimpico-nos-50m-livre\/#article\",\"isPartOf\":{\"@id\":\"https:\/\/swimchannel.net\/br\/caeleb-dressel-garante-vaga-e-vai-defender-titulo-olimpico-nos-50m-livre\/\"},\"author\":{\"name\":\"Alex Pussieldi\",\"@id\":\"https:\/\/swimchannel.net\/br\/#\/schema\/person\/cf549cb99cf75592fcf7c76213385e63\"},\"headline\":\"Caeleb Dressel garante vaga e vai defender t\u00edtulo ol\u00edmpico nos 50m livre\",\"datePublished\":\"2024-06-22T22:16:55+00:00\",\"mainEntityOfPage\":{\"@id\":\"https:\/\/swimchannel.net\/br\/caeleb-dressel-garante-vaga-e-vai-defender-titulo-olimpico-nos-50m-livre\/\"},\"wordCount\":367,\"commentCount\":0,\"publisher\":{\"@id\":\"https:\/\/swimchannel.net\/br\/#organization\"},\"image\":{\"@id\":\"https:\/\/swimchannel.net\/br\/caeleb-dressel-garante-vaga-e-vai-defender-titulo-olimpico-nos-50m-livre\/#primaryimage\"},\"thumbnailUrl\":\"https:\/\/swimchannel.net\/br\/wp-content\/uploads\/2024\/04\/Caeleb-Dressel-By-Jack-Spitser-AC4I0002-scaled-1.jpg\",\"keywords\":[\"Caeleb Dressel\",\"natacao\",\"seletiva americana\"],\"articleSection\":[\"Nata\u00e7\u00e3o\"],\"inLanguage\":\"pt-BR\",\"potentialAction\":[{\"@type\":\"CommentAction\",\"name\":\"Comment\",\"target\":[\"https:\/\/swimchannel.net\/br\/caeleb-dressel-garante-vaga-e-vai-defender-titulo-olimpico-nos-50m-livre\/#respond\"]}]},{\"@type\":\"WebPage\",\"@id\":\"https:\/\/swimchannel.net\/br\/caeleb-dressel-garante-vaga-e-vai-defender-titulo-olimpico-nos-50m-livre\/\",\"url\":\"https:\/\/swimchannel.net\/br\/caeleb-dressel-garante-vaga-e-vai-defender-titulo-olimpico-nos-50m-livre\/\",\"name\":\"Caeleb Dressel garante vaga e vai defender t\u00edtulo ol\u00edmpico nos 50m livre - Swimchannel\",\"isPartOf\":{\"@id\":\"https:\/\/swimchannel.net\/br\/#website\"},\"primaryImageOfPage\":{\"@id\":\"https:\/\/swimchannel.net\/br\/caeleb-dressel-garante-vaga-e-vai-defender-titulo-olimpico-nos-50m-livre\/#primaryimage\"},\"image\":{\"@id\":\"https:\/\/swimchannel.net\/br\/caeleb-dressel-garante-vaga-e-vai-defender-titulo-olimpico-nos-50m-livre\/#primaryimage\"},\"thumbnailUrl\":\"https:\/\/swimchannel.net\/br\/wp-content\/uploads\/2024\/04\/Caeleb-Dressel-By-Jack-Spitser-AC4I0002-scaled-1.jpg\",\"datePublished\":\"2024-06-22T22:16:55+00:00\",\"breadcrumb\":{\"@id\":\"https:\/\/swimchannel.net\/br\/caeleb-dressel-garante-vaga-e-vai-defender-titulo-olimpico-nos-50m-livre\/#breadcrumb\"},\"inLanguage\":\"pt-BR\",\"potentialAction\":[{\"@type\":\"ReadAction\",\"target\":[\"https:\/\/swimchannel.net\/br\/caeleb-dressel-garante-vaga-e-vai-defender-titulo-olimpico-nos-50m-livre\/\"]}]},{\"@type\":\"ImageObject\",\"inLanguage\":\"pt-BR\",\"@id\":\"https:\/\/swimchannel.net\/br\/caeleb-dressel-garante-vaga-e-vai-defender-titulo-olimpico-nos-50m-livre\/#primaryimage\",\"url\":\"https:\/\/swimchannel.net\/br\/wp-content\/uploads\/2024\/04\/Caeleb-Dressel-By-Jack-Spitser-AC4I0002-scaled-1.jpg\",\"contentUrl\":\"https:\/\/swimchannel.net\/br\/wp-content\/uploads\/2024\/04\/Caeleb-Dressel-By-Jack-Spitser-AC4I0002-scaled-1.jpg\",\"width\":2048,\"height\":1366,\"caption\":\"Estalo no ombro - Foto: Jack Spitser\"},{\"@type\":\"BreadcrumbList\",\"@id\":\"https:\/\/swimchannel.net\/br\/caeleb-dressel-garante-vaga-e-vai-defender-titulo-olimpico-nos-50m-livre\/#breadcrumb\",\"itemListElement\":[{\"@type\":\"ListItem\",\"position\":1,\"name\":\"Home\",\"item\":\"https:\/\/swimchannel.net\/br\/\"},{\"@type\":\"ListItem\",\"position\":2,\"name\":\"Caeleb Dressel garante vaga e vai defender t\u00edtulo ol\u00edmpico nos 50m livre\"}]},{\"@type\":\"WebSite\",\"@id\":\"https:\/\/swimchannel.net\/br\/#website\",\"url\":\"https:\/\/swimchannel.net\/br\/\",\"name\":\"Swimchannel\",\"description\":\"Maior portal de nata\u00e7\u00e3o da america latina\",\"publisher\":{\"@id\":\"https:\/\/swimchannel.net\/br\/#organization\"},\"potentialAction\":[{\"@type\":\"SearchAction\",\"target\":{\"@type\":\"EntryPoint\",\"urlTemplate\":\"https:\/\/swimchannel.net\/br\/?s={search_term_string}\"},\"query-input\":{\"@type\":\"PropertyValueSpecification\",\"valueRequired\":true,\"valueName\":\"search_term_string\"}}],\"inLanguage\":\"pt-BR\"},{\"@type\":\"Organization\",\"@id\":\"https:\/\/swimchannel.net\/br\/#organization\",\"name\":\"Swimchannel - Conectando voc\u00ea a Nata\u00e7\u00e3o\",\"url\":\"https:\/\/swimchannel.net\/br\/\",\"logo\":{\"@type\":\"ImageObject\",\"inLanguage\":\"pt-BR\",\"@id\":\"https:\/\/swimchannel.net\/br\/#\/schema\/logo\/image\/\",\"url\":\"https:\/\/swimchannel.net\/br\/wp-content\/uploads\/2026\/02\/SWIM-CHANNEL.png\",\"contentUrl\":\"https:\/\/swimchannel.net\/br\/wp-content\/uploads\/2026\/02\/SWIM-CHANNEL.png\",\"width\":1120,\"height\":630,\"caption\":\"Swimchannel - Conectando voc\u00ea a Nata\u00e7\u00e3o\"},\"image\":{\"@id\":\"https:\/\/swimchannel.net\/br\/#\/schema\/logo\/image\/\"},\"sameAs\":[\"https:\/\/www.facebook.com\/swimchannel\",\"https:\/\/www.instagram.com\/swimchannel\"]},{\"@type\":\"Person\",\"@id\":\"https:\/\/swimchannel.net\/br\/#\/schema\/person\/cf549cb99cf75592fcf7c76213385e63\",\"name\":\"Alex Pussieldi\",\"image\":{\"@type\":\"ImageObject\",\"inLanguage\":\"pt-BR\",\"@id\":\"https:\/\/swimchannel.net\/br\/#\/schema\/person\/image\/\",\"url\":\"https:\/\/swimchannel.net\/br\/wp-content\/uploads\/2021\/02\/9b1c252d-a4bd-4eda-b399-24565cac4114-100x100.jpg\",\"contentUrl\":\"https:\/\/swimchannel.net\/br\/wp-content\/uploads\/2021\/02\/9b1c252d-a4bd-4eda-b399-24565cac4114-100x100.jpg\",\"caption\":\"Alex Pussieldi\"},\"description\":\"Alexandre Pussieldi, apelidado de \u201ccoach\u201d, Foi t\u00e9cnico da sele\u00e7\u00e3o verde e amarela nas Olimp\u00edadas de Pequim-2008 e Londres-2012. O treinador ainda comandou outros quatro pa\u00edses: Kuwait, Paraguai, Aruba e Antilhas Holandesas, al\u00e9m da sele\u00e7\u00e3o americana de \u00e1guas abertas. Pussieldi tem passagens como comentarista de nata\u00e7\u00e3o do Grupo Globo e Swim Channel.\",\"url\":\"https:\/\/swimchannel.net\/br\/author\/alexpussieldi\/\"}]}<\/script>\n<!-- \/ Yoast SEO plugin. -->","yoast_head_json":{"title":"Caeleb Dressel garante vaga e vai defender t\u00edtulo ol\u00edmpico nos 50m livre - Swimchannel","robots":{"index":"index","follow":"follow","max-snippet":"max-snippet:-1","max-image-preview":"max-image-preview:large","max-video-preview":"max-video-preview:-1"},"canonical":"https:\/\/swimchannel.net\/br\/caeleb-dressel-garante-vaga-e-vai-defender-titulo-olimpico-nos-50m-livre\/","og_locale":"pt_BR","og_type":"article","og_title":"Caeleb Dressel garante vaga e vai defender t\u00edtulo ol\u00edmpico nos 50m livre - Swimchannel","og_description":"Caeleb Dressel ganhou sua primeira vaga ol\u00edmpica individual ao vencer os 50m livre no dia 6 da Seletiva Ol\u00edmpica Americana. Foi o mesmo dia que ele tamb\u00e9m fez o melhor tempo para a final dos 100m borboleta, o que poder\u00e1 ser a sua segunda oportunidade de defender os ouros de T\u00f3quio em Paris. Prova a [&hellip;]","og_url":"https:\/\/swimchannel.net\/br\/caeleb-dressel-garante-vaga-e-vai-defender-titulo-olimpico-nos-50m-livre\/","og_site_name":"Swimchannel","article_publisher":"https:\/\/www.facebook.com\/swimchannel","article_published_time":"2024-06-22T22:16:55+00:00","og_image":[{"width":2048,"height":1366,"url":"https:\/\/swimchannel.net\/br\/wp-content\/uploads\/2024\/04\/Caeleb-Dressel-By-Jack-Spitser-AC4I0002-scaled-1.jpg","type":"image\/jpeg"}],"author":"Alex Pussieldi","twitter_card":"summary_large_image","twitter_misc":{"Escrito por":"Alex Pussieldi","Est. tempo de leitura":"2 minutos"},"schema":{"@context":"https:\/\/schema.org","@graph":[{"@type":"Article","@id":"https:\/\/swimchannel.net\/br\/caeleb-dressel-garante-vaga-e-vai-defender-titulo-olimpico-nos-50m-livre\/#article","isPartOf":{"@id":"https:\/\/swimchannel.net\/br\/caeleb-dressel-garante-vaga-e-vai-defender-titulo-olimpico-nos-50m-livre\/"},"author":{"name":"Alex Pussieldi","@id":"https:\/\/swimchannel.net\/br\/#\/schema\/person\/cf549cb99cf75592fcf7c76213385e63"},"headline":"Caeleb Dressel garante vaga e vai defender t\u00edtulo ol\u00edmpico nos 50m livre","datePublished":"2024-06-22T22:16:55+00:00","mainEntityOfPage":{"@id":"https:\/\/swimchannel.net\/br\/caeleb-dressel-garante-vaga-e-vai-defender-titulo-olimpico-nos-50m-livre\/"},"wordCount":367,"commentCount":0,"publisher":{"@id":"https:\/\/swimchannel.net\/br\/#organization"},"image":{"@id":"https:\/\/swimchannel.net\/br\/caeleb-dressel-garante-vaga-e-vai-defender-titulo-olimpico-nos-50m-livre\/#primaryimage"},"thumbnailUrl":"https:\/\/swimchannel.net\/br\/wp-content\/uploads\/2024\/04\/Caeleb-Dressel-By-Jack-Spitser-AC4I0002-scaled-1.jpg","keywords":["Caeleb Dressel","natacao","seletiva americana"],"articleSection":["Nata\u00e7\u00e3o"],"inLanguage":"pt-BR","potentialAction":[{"@type":"CommentAction","name":"Comment","target":["https:\/\/swimchannel.net\/br\/caeleb-dressel-garante-vaga-e-vai-defender-titulo-olimpico-nos-50m-livre\/#respond"]}]},{"@type":"WebPage","@id":"https:\/\/swimchannel.net\/br\/caeleb-dressel-garante-vaga-e-vai-defender-titulo-olimpico-nos-50m-livre\/","url":"https:\/\/swimchannel.net\/br\/caeleb-dressel-garante-vaga-e-vai-defender-titulo-olimpico-nos-50m-livre\/","name":"Caeleb Dressel garante vaga e vai defender t\u00edtulo ol\u00edmpico nos 50m livre - Swimchannel","isPartOf":{"@id":"https:\/\/swimchannel.net\/br\/#website"},"primaryImageOfPage":{"@id":"https:\/\/swimchannel.net\/br\/caeleb-dressel-garante-vaga-e-vai-defender-titulo-olimpico-nos-50m-livre\/#primaryimage"},"image":{"@id":"https:\/\/swimchannel.net\/br\/caeleb-dressel-garante-vaga-e-vai-defender-titulo-olimpico-nos-50m-livre\/#primaryimage"},"thumbnailUrl":"https:\/\/swimchannel.net\/br\/wp-content\/uploads\/2024\/04\/Caeleb-Dressel-By-Jack-Spitser-AC4I0002-scaled-1.jpg","datePublished":"2024-06-22T22:16:55+00:00","breadcrumb":{"@id":"https:\/\/swimchannel.net\/br\/caeleb-dressel-garante-vaga-e-vai-defender-titulo-olimpico-nos-50m-livre\/#breadcrumb"},"inLanguage":"pt-BR","potentialAction":[{"@type":"ReadAction","target":["https:\/\/swimchannel.net\/br\/caeleb-dressel-garante-vaga-e-vai-defender-titulo-olimpico-nos-50m-livre\/"]}]},{"@type":"ImageObject","inLanguage":"pt-BR","@id":"https:\/\/swimchannel.net\/br\/caeleb-dressel-garante-vaga-e-vai-defender-titulo-olimpico-nos-50m-livre\/#primaryimage","url":"https:\/\/swimchannel.net\/br\/wp-content\/uploads\/2024\/04\/Caeleb-Dressel-By-Jack-Spitser-AC4I0002-scaled-1.jpg","contentUrl":"https:\/\/swimchannel.net\/br\/wp-content\/uploads\/2024\/04\/Caeleb-Dressel-By-Jack-Spitser-AC4I0002-scaled-1.jpg","width":2048,"height":1366,"caption":"Estalo no ombro - Foto: Jack Spitser"},{"@type":"BreadcrumbList","@id":"https:\/\/swimchannel.net\/br\/caeleb-dressel-garante-vaga-e-vai-defender-titulo-olimpico-nos-50m-livre\/#breadcrumb","itemListElement":[{"@type":"ListItem","position":1,"name":"Home","item":"https:\/\/swimchannel.net\/br\/"},{"@type":"ListItem","position":2,"name":"Caeleb Dressel garante vaga e vai defender t\u00edtulo ol\u00edmpico nos 50m livre"}]},{"@type":"WebSite","@id":"https:\/\/swimchannel.net\/br\/#website","url":"https:\/\/swimchannel.net\/br\/","name":"Swimchannel","description":"Maior portal de nata\u00e7\u00e3o da america latina","publisher":{"@id":"https:\/\/swimchannel.net\/br\/#organization"},"potentialAction":[{"@type":"SearchAction","target":{"@type":"EntryPoint","urlTemplate":"https:\/\/swimchannel.net\/br\/?s={search_term_string}"},"query-input":{"@type":"PropertyValueSpecification","valueRequired":true,"valueName":"search_term_string"}}],"inLanguage":"pt-BR"},{"@type":"Organization","@id":"https:\/\/swimchannel.net\/br\/#organization","name":"Swimchannel - Conectando voc\u00ea a Nata\u00e7\u00e3o","url":"https:\/\/swimchannel.net\/br\/","logo":{"@type":"ImageObject","inLanguage":"pt-BR","@id":"https:\/\/swimchannel.net\/br\/#\/schema\/logo\/image\/","url":"https:\/\/swimchannel.net\/br\/wp-content\/uploads\/2026\/02\/SWIM-CHANNEL.png","contentUrl":"https:\/\/swimchannel.net\/br\/wp-content\/uploads\/2026\/02\/SWIM-CHANNEL.png","width":1120,"height":630,"caption":"Swimchannel - Conectando voc\u00ea a Nata\u00e7\u00e3o"},"image":{"@id":"https:\/\/swimchannel.net\/br\/#\/schema\/logo\/image\/"},"sameAs":["https:\/\/www.facebook.com\/swimchannel","https:\/\/www.instagram.com\/swimchannel"]},{"@type":"Person","@id":"https:\/\/swimchannel.net\/br\/#\/schema\/person\/cf549cb99cf75592fcf7c76213385e63","name":"Alex Pussieldi","image":{"@type":"ImageObject","inLanguage":"pt-BR","@id":"https:\/\/swimchannel.net\/br\/#\/schema\/person\/image\/","url":"https:\/\/swimchannel.net\/br\/wp-content\/uploads\/2021\/02\/9b1c252d-a4bd-4eda-b399-24565cac4114-100x100.jpg","contentUrl":"https:\/\/swimchannel.net\/br\/wp-content\/uploads\/2021\/02\/9b1c252d-a4bd-4eda-b399-24565cac4114-100x100.jpg","caption":"Alex Pussieldi"},"description":"Alexandre Pussieldi, apelidado de \u201ccoach\u201d, Foi t\u00e9cnico da sele\u00e7\u00e3o verde e amarela nas Olimp\u00edadas de Pequim-2008 e Londres-2012. O treinador ainda comandou outros quatro pa\u00edses: Kuwait, Paraguai, Aruba e Antilhas Holandesas, al\u00e9m da sele\u00e7\u00e3o americana de \u00e1guas abertas. Pussieldi tem passagens como comentarista de nata\u00e7\u00e3o do Grupo Globo e Swim Channel.","url":"https:\/\/swimchannel.net\/br\/author\/alexpussieldi\/"}]}},"_links":{"self":[{"href":"https:\/\/swimchannel.net\/br\/wp-json\/wp\/v2\/posts\/67021","targetHints":{"allow":["GET"]}}],"collection":[{"href":"https:\/\/swimchannel.net\/br\/wp-json\/wp\/v2\/posts"}],"about":[{"href":"https:\/\/swimchannel.net\/br\/wp-json\/wp\/v2\/types\/post"}],"author":[{"embeddable":true,"href":"https:\/\/swimchannel.net\/br\/wp-json\/wp\/v2\/users\/12"}],"replies":[{"embeddable":true,"href":"https:\/\/swimchannel.net\/br\/wp-json\/wp\/v2\/comments?post=67021"}],"version-history":[{"count":1,"href":"https:\/\/swimchannel.net\/br\/wp-json\/wp\/v2\/posts\/67021\/revisions"}],"predecessor-version":[{"id":67022,"href":"https:\/\/swimchannel.net\/br\/wp-json\/wp\/v2\/posts\/67021\/revisions\/67022"}],"wp:featuredmedia":[{"embeddable":true,"href":"https:\/\/swimchannel.net\/br\/wp-json\/wp\/v2\/media\/65134"}],"wp:attachment":[{"href":"https:\/\/swimchannel.net\/br\/wp-json\/wp\/v2\/media?parent=67021"}],"wp:term":[{"taxonomy":"category","embeddable":true,"href":"https:\/\/swimchannel.net\/br\/wp-json\/wp\/v2\/categories?post=67021"},{"taxonomy":"post_tag","embeddable":true,"href":"https:\/\/swimchannel.net\/br\/wp-json\/wp\/v2\/tags?post=67021"}],"curies":[{"name":"wp","href":"https:\/\/api.w.org\/{rel}","templated":true}]}}