{"id":67187,"date":"2024-07-01T19:58:40","date_gmt":"2024-07-01T22:58:40","guid":{"rendered":"https:\/\/swimchannel.net\/br\/?p=67187"},"modified":"2024-07-01T19:58:40","modified_gmt":"2024-07-01T22:58:40","slug":"ana-carolina-morelli-completa-a-travessia-capri-napoles","status":"publish","type":"post","link":"https:\/\/swimchannel.net\/br\/ana-carolina-morelli-completa-a-travessia-capri-napoles\/","title":{"rendered":"Ana Carolina Morelli completa a Travessia Capri-N\u00e1poles"},"content":{"rendered":"<p>A nadadora de ultramaratona aqu\u00e1tica Ana Carolina Morelli completou na \u00faltima sexta-feira (28) a Travessia Capri-N\u00e1poles, uma das provas de \u00e1guas abertas mais conhecidas e antigas da hist\u00f3ria. A atleta que tamb\u00e9m \u00e9 do Master Team Speedo completou os 36 km em 8 horas 32 minutos e 10 segundos.<\/p>\n<p>A preparadora f\u00edsica e t\u00e9cnica de nata\u00e7\u00e3o largou por volta das 9h da manh\u00e3 de sexta-feira e enfrentou depois da quarta hora de prova ventos muito fortes quase at\u00e9 o final do desafio. Treinada por Samir Barel, a atleta fez tr\u00eas meses de prepara\u00e7\u00e3o voltados \u00e0 prova, com treinos espec\u00edficos para completar a dist\u00e2ncia.<\/p>\n<figure id=\"attachment_67203\" aria-describedby=\"caption-attachment-67203\" style=\"width: 473px\" class=\"wp-caption alignnone\"><img loading=\"lazy\" decoding=\"async\" class=\"size-full wp-image-67203\" src=\"https:\/\/swimchannel.net\/br\/wp-content\/uploads\/2024\/07\/63d3551f-69ba-4058-84c8-dd8f5f180b18.jpg\" alt=\"\" width=\"473\" height=\"630\" srcset=\"https:\/\/swimchannel.net\/br\/wp-content\/uploads\/2024\/07\/63d3551f-69ba-4058-84c8-dd8f5f180b18.jpg 473w, https:\/\/swimchannel.net\/br\/wp-content\/uploads\/2024\/07\/63d3551f-69ba-4058-84c8-dd8f5f180b18-135x180.jpg 135w\" sizes=\"auto, (max-width: 473px) 100vw, 473px\" \/><figcaption id=\"caption-attachment-67203\" class=\"wp-caption-text\">Ana Carolina Morelli. Foto: Arquivo Pessoal<\/figcaption><\/figure>\n<p>&#8220;Gosto muito de treinar, e curtir o processo para a maratona. Sabia que n\u00e3o ia ser f\u00e1cil, treinei bem para manter um ritmo forte na prova inteira. Quando cheguei em N\u00e1poles treinei no mar, conversei muito com meu t\u00e9cnico Samir Barel, e vimos que a previs\u00e3o falava que iria entrar um vento, ent\u00e3o sabia que n\u00e3o ia ser f\u00e1cil&#8221;, contou Ana Carolina Morelli.<\/p>\n<p>A prova possui um tempo limite de 10 horas para se realizada, o objetivo da atleta era o de nadar abaixo desse tempo. &#8220;O dia estava lindo, com 4 horas de prova realmente entrou um vento muito forte, como estava previsto, e tive que nadar contra por algumas horas. Por\u00e9m, eu estava preparada, sabia o que tinha que nadar, tive que aumentar meu ritmo para chegar dentro do tempo esperado e foi isso que fiz&#8221;, comentou.<\/p>\n<p>&#8220;Fiquei muito feliz pelo resultados, nadei bem, dentro do que eu treinei, e fiquei feliz pelo planejamento, pelo processo. No final, o mar que manda e ter feito a prova em 8h foi uma alegria&#8221;, contou.<\/p>\n<figure id=\"attachment_67202\" aria-describedby=\"caption-attachment-67202\" style=\"width: 840px\" class=\"wp-caption alignnone\"><img loading=\"lazy\" decoding=\"async\" class=\"size-full wp-image-67202\" src=\"https:\/\/swimchannel.net\/br\/wp-content\/uploads\/2024\/07\/6d3d6741-d552-4713-b353-cd0e21d96438.jpg\" alt=\"\" width=\"840\" height=\"630\" srcset=\"https:\/\/swimchannel.net\/br\/wp-content\/uploads\/2024\/07\/6d3d6741-d552-4713-b353-cd0e21d96438.jpg 840w, https:\/\/swimchannel.net\/br\/wp-content\/uploads\/2024\/07\/6d3d6741-d552-4713-b353-cd0e21d96438-240x180.jpg 240w, https:\/\/swimchannel.net\/br\/wp-content\/uploads\/2024\/07\/6d3d6741-d552-4713-b353-cd0e21d96438-768x576.jpg 768w, https:\/\/swimchannel.net\/br\/wp-content\/uploads\/2024\/07\/6d3d6741-d552-4713-b353-cd0e21d96438-750x563.jpg 750w\" sizes=\"auto, (max-width: 840px) 100vw, 840px\" \/><figcaption id=\"caption-attachment-67202\" class=\"wp-caption-text\">Ana Carolina Morelli e Samir Barel. Foto: Arquivo Pessoal<\/figcaption><\/figure>\n<p>Ana Carolina Morelli participou este ano do Campeonato Mundial Master em Doha, no Qatar. Entre suas outras competi\u00e7\u00f5es de grande dist\u00e2ncia est\u00e1 a Travessia da Ilha Grande, no Rio de Janeiro, com 37 km.<\/p>\n<p>A Travessia de Capri-N\u00e1poles, que separa a Ilha de Capri da praia em N\u00e1poles, \u00e9 reconhecida como uma das provas mais tradicionais e famosas do mundo. At\u00e9 1992, o vencedor dessa prova era declarado campe\u00e3o mundial da temporada.<\/p>\n<p>Esta travessia faz parte do calend\u00e1rio do Ultramarathon Swim Series, o circuito de ultramaratonas da World Aquatics. Ana Marcela Cunha, \u00fanica brasileira a vencer a prova, j\u00e1 foi recordista e conquistou o t\u00edtulo por duas vezes.<\/p>\n","protected":false},"excerpt":{"rendered":"<p>A nadadora de ultramaratona aqu\u00e1tica Ana Carolina Morelli completou na \u00faltima sexta-feira (28) a Travessia Capri-N\u00e1poles, uma das provas de \u00e1guas abertas mais conhecidas e antigas da hist\u00f3ria. A atleta que tamb\u00e9m \u00e9 do Master Team Speedo completou os 36 km em 8 horas 32 minutos e 10 segundos. A preparadora f\u00edsica e t\u00e9cnica de [&hellip;]<\/p>\n","protected":false},"author":9,"featured_media":67232,"comment_status":"open","ping_status":"open","sticky":false,"template":"","format":"gallery","meta":{"footnotes":""},"categories":[115],"tags":[14,4265,5,116,312,894],"class_list":["post-67187","post","type-post","status-publish","format-gallery","has-post-thumbnail","hentry","category-aguas-abertas","tag-aguas-abertas","tag-ana-carolina-morelli","tag-natacao","tag-samir-barel","tag-speedo","tag-travessia-capri-napoles","post_format-post-format-gallery"],"yoast_head":"<!-- This site is optimized with the Yoast SEO plugin v27.0 - https:\/\/yoast.com\/product\/yoast-seo-wordpress\/ -->\n<title>Ana Carolina Morelli completa a Travessia Capri-N\u00e1poles - Swimchannel<\/title>\n<meta name=\"robots\" content=\"index, follow, max-snippet:-1, max-image-preview:large, max-video-preview:-1\" \/>\n<link rel=\"canonical\" href=\"https:\/\/swimchannel.net\/br\/ana-carolina-morelli-completa-a-travessia-capri-napoles\/\" \/>\n<meta property=\"og:locale\" content=\"pt_BR\" \/>\n<meta property=\"og:type\" content=\"article\" \/>\n<meta property=\"og:title\" content=\"Ana Carolina Morelli completa a Travessia Capri-N\u00e1poles - Swimchannel\" \/>\n<meta property=\"og:description\" content=\"A nadadora de ultramaratona aqu\u00e1tica Ana Carolina Morelli completou na \u00faltima sexta-feira (28) a Travessia Capri-N\u00e1poles, uma das provas de \u00e1guas abertas mais conhecidas e antigas da hist\u00f3ria. A atleta que tamb\u00e9m \u00e9 do Master Team Speedo completou os 36 km em 8 horas 32 minutos e 10 segundos. A preparadora f\u00edsica e t\u00e9cnica de [&hellip;]\" \/>\n<meta property=\"og:url\" content=\"https:\/\/swimchannel.net\/br\/ana-carolina-morelli-completa-a-travessia-capri-napoles\/\" \/>\n<meta property=\"og:site_name\" content=\"Swimchannel\" \/>\n<meta property=\"article:publisher\" content=\"https:\/\/www.facebook.com\/swimchannel\" \/>\n<meta property=\"article:published_time\" content=\"2024-07-01T22:58:40+00:00\" \/>\n<meta property=\"og:image\" content=\"https:\/\/swimchannel.net\/br\/wp-content\/uploads\/2024\/07\/Captura-de-tela-2024-07-01-195727.jpg\" \/>\n\t<meta property=\"og:image:width\" content=\"577\" \/>\n\t<meta property=\"og:image:height\" content=\"630\" \/>\n\t<meta property=\"og:image:type\" content=\"image\/jpeg\" \/>\n<meta name=\"author\" content=\"Katarine Monteiro\" \/>\n<meta name=\"twitter:card\" content=\"summary_large_image\" \/>\n<meta name=\"twitter:creator\" content=\"@https:\/\/twitter.com\/Katarinem\" \/>\n<meta name=\"twitter:label1\" content=\"Escrito por\" \/>\n\t<meta name=\"twitter:data1\" content=\"Katarine Monteiro\" \/>\n\t<meta name=\"twitter:label2\" content=\"Est. tempo de leitura\" \/>\n\t<meta name=\"twitter:data2\" content=\"2 minutos\" \/>\n<script type=\"application\/ld+json\" class=\"yoast-schema-graph\">{\"@context\":\"https:\/\/schema.org\",\"@graph\":[{\"@type\":\"Article\",\"@id\":\"https:\/\/swimchannel.net\/br\/ana-carolina-morelli-completa-a-travessia-capri-napoles\/#article\",\"isPartOf\":{\"@id\":\"https:\/\/swimchannel.net\/br\/ana-carolina-morelli-completa-a-travessia-capri-napoles\/\"},\"author\":{\"name\":\"Katarine Monteiro\",\"@id\":\"https:\/\/swimchannel.net\/br\/#\/schema\/person\/73ae9cec62249968bca1f0a8098ef002\"},\"headline\":\"Ana Carolina Morelli completa a Travessia Capri-N\u00e1poles\",\"datePublished\":\"2024-07-01T22:58:40+00:00\",\"mainEntityOfPage\":{\"@id\":\"https:\/\/swimchannel.net\/br\/ana-carolina-morelli-completa-a-travessia-capri-napoles\/\"},\"wordCount\":438,\"commentCount\":0,\"publisher\":{\"@id\":\"https:\/\/swimchannel.net\/br\/#organization\"},\"image\":{\"@id\":\"https:\/\/swimchannel.net\/br\/ana-carolina-morelli-completa-a-travessia-capri-napoles\/#primaryimage\"},\"thumbnailUrl\":\"https:\/\/swimchannel.net\/br\/wp-content\/uploads\/2024\/07\/Captura-de-tela-2024-07-01-195727.jpg\",\"keywords\":[\"\u00c1guas abertas\",\"Ana Carolina Morelli\",\"natacao\",\"Samir Barel\",\"Speedo\",\"Travessia Capri-N\u00e1poles\"],\"articleSection\":[\"\u00c1guas Abertas\"],\"inLanguage\":\"pt-BR\",\"potentialAction\":[{\"@type\":\"CommentAction\",\"name\":\"Comment\",\"target\":[\"https:\/\/swimchannel.net\/br\/ana-carolina-morelli-completa-a-travessia-capri-napoles\/#respond\"]}]},{\"@type\":\"WebPage\",\"@id\":\"https:\/\/swimchannel.net\/br\/ana-carolina-morelli-completa-a-travessia-capri-napoles\/\",\"url\":\"https:\/\/swimchannel.net\/br\/ana-carolina-morelli-completa-a-travessia-capri-napoles\/\",\"name\":\"Ana Carolina Morelli completa a Travessia Capri-N\u00e1poles - Swimchannel\",\"isPartOf\":{\"@id\":\"https:\/\/swimchannel.net\/br\/#website\"},\"primaryImageOfPage\":{\"@id\":\"https:\/\/swimchannel.net\/br\/ana-carolina-morelli-completa-a-travessia-capri-napoles\/#primaryimage\"},\"image\":{\"@id\":\"https:\/\/swimchannel.net\/br\/ana-carolina-morelli-completa-a-travessia-capri-napoles\/#primaryimage\"},\"thumbnailUrl\":\"https:\/\/swimchannel.net\/br\/wp-content\/uploads\/2024\/07\/Captura-de-tela-2024-07-01-195727.jpg\",\"datePublished\":\"2024-07-01T22:58:40+00:00\",\"breadcrumb\":{\"@id\":\"https:\/\/swimchannel.net\/br\/ana-carolina-morelli-completa-a-travessia-capri-napoles\/#breadcrumb\"},\"inLanguage\":\"pt-BR\",\"potentialAction\":[{\"@type\":\"ReadAction\",\"target\":[\"https:\/\/swimchannel.net\/br\/ana-carolina-morelli-completa-a-travessia-capri-napoles\/\"]}]},{\"@type\":\"ImageObject\",\"inLanguage\":\"pt-BR\",\"@id\":\"https:\/\/swimchannel.net\/br\/ana-carolina-morelli-completa-a-travessia-capri-napoles\/#primaryimage\",\"url\":\"https:\/\/swimchannel.net\/br\/wp-content\/uploads\/2024\/07\/Captura-de-tela-2024-07-01-195727.jpg\",\"contentUrl\":\"https:\/\/swimchannel.net\/br\/wp-content\/uploads\/2024\/07\/Captura-de-tela-2024-07-01-195727.jpg\",\"width\":577,\"height\":630,\"caption\":\"Ana Carolina Morelli. Foto: Arquivo Pessoal\"},{\"@type\":\"BreadcrumbList\",\"@id\":\"https:\/\/swimchannel.net\/br\/ana-carolina-morelli-completa-a-travessia-capri-napoles\/#breadcrumb\",\"itemListElement\":[{\"@type\":\"ListItem\",\"position\":1,\"name\":\"Home\",\"item\":\"https:\/\/swimchannel.net\/br\/\"},{\"@type\":\"ListItem\",\"position\":2,\"name\":\"Ana Carolina Morelli completa a Travessia Capri-N\u00e1poles\"}]},{\"@type\":\"WebSite\",\"@id\":\"https:\/\/swimchannel.net\/br\/#website\",\"url\":\"https:\/\/swimchannel.net\/br\/\",\"name\":\"Swimchannel\",\"description\":\"Maior portal de nata\u00e7\u00e3o da america latina\",\"publisher\":{\"@id\":\"https:\/\/swimchannel.net\/br\/#organization\"},\"potentialAction\":[{\"@type\":\"SearchAction\",\"target\":{\"@type\":\"EntryPoint\",\"urlTemplate\":\"https:\/\/swimchannel.net\/br\/?s={search_term_string}\"},\"query-input\":{\"@type\":\"PropertyValueSpecification\",\"valueRequired\":true,\"valueName\":\"search_term_string\"}}],\"inLanguage\":\"pt-BR\"},{\"@type\":\"Organization\",\"@id\":\"https:\/\/swimchannel.net\/br\/#organization\",\"name\":\"Swimchannel - Conectando voc\u00ea a Nata\u00e7\u00e3o\",\"url\":\"https:\/\/swimchannel.net\/br\/\",\"logo\":{\"@type\":\"ImageObject\",\"inLanguage\":\"pt-BR\",\"@id\":\"https:\/\/swimchannel.net\/br\/#\/schema\/logo\/image\/\",\"url\":\"https:\/\/swimchannel.net\/br\/wp-content\/uploads\/2026\/02\/SWIM-CHANNEL.png\",\"contentUrl\":\"https:\/\/swimchannel.net\/br\/wp-content\/uploads\/2026\/02\/SWIM-CHANNEL.png\",\"width\":1120,\"height\":630,\"caption\":\"Swimchannel - Conectando voc\u00ea a Nata\u00e7\u00e3o\"},\"image\":{\"@id\":\"https:\/\/swimchannel.net\/br\/#\/schema\/logo\/image\/\"},\"sameAs\":[\"https:\/\/www.facebook.com\/swimchannel\",\"https:\/\/www.instagram.com\/swimchannel\"]},{\"@type\":\"Person\",\"@id\":\"https:\/\/swimchannel.net\/br\/#\/schema\/person\/73ae9cec62249968bca1f0a8098ef002\",\"name\":\"Katarine Monteiro\",\"image\":{\"@type\":\"ImageObject\",\"inLanguage\":\"pt-BR\",\"@id\":\"https:\/\/swimchannel.net\/br\/#\/schema\/person\/image\/\",\"url\":\"https:\/\/swimchannel.net\/br\/wp-content\/uploads\/2022\/01\/Katarine-Monteiro-100x100.jpg\",\"contentUrl\":\"https:\/\/swimchannel.net\/br\/wp-content\/uploads\/2022\/01\/Katarine-Monteiro-100x100.jpg\",\"caption\":\"Katarine Monteiro\"},\"description\":\"Jornalista SWIM CHANNEL especializada em esportes ol\u00edmpicos e em sa\u00fade. Com cobertura de grandes eventos internacionais, como Jogos Ol\u00edmpicos Rio 2016, Jogos Pan-Americanos em Lima 2019, Qatar Total Open 2020, Qatar ExxonMobil Open 2019 - t\u00eanis em Doha (QT), Semana Internacional de Vela de Ilhabela, Transat Jacques Vabre 2019 (Fran\u00e7a-Brasil), L'\u00c9tape Brasil by Tour de France, j\u00e1 fez in\u00fameras coberturas de nata\u00e7\u00e3o, maratona aqu\u00e1tica e polo aqu\u00e1tico. Formada tamb\u00e9m em Letras, a jornalista atua como assessora de imprensa, rela\u00e7\u00f5es p\u00fablicas e social media, com especializa\u00e7\u00e3o em marketing esportivo. Nadadora amadora de \u00e1guas abertas, j\u00e1 trabalhou com grandes nomes da nata\u00e7\u00e3o e do polo aqu\u00e1tico brasileiro.\",\"sameAs\":[\"https:\/\/www.instagram.com\/_katarinemonteiro\/\",\"https:\/\/www.linkedin.com\/in\/katarine-monteiro-19385297\/\",\"https:\/\/x.com\/https:\/\/twitter.com\/Katarinem\"],\"url\":\"https:\/\/swimchannel.net\/br\/author\/katarine-monteiro\/\"}]}<\/script>\n<!-- \/ Yoast SEO plugin. -->","yoast_head_json":{"title":"Ana Carolina Morelli completa a Travessia Capri-N\u00e1poles - Swimchannel","robots":{"index":"index","follow":"follow","max-snippet":"max-snippet:-1","max-image-preview":"max-image-preview:large","max-video-preview":"max-video-preview:-1"},"canonical":"https:\/\/swimchannel.net\/br\/ana-carolina-morelli-completa-a-travessia-capri-napoles\/","og_locale":"pt_BR","og_type":"article","og_title":"Ana Carolina Morelli completa a Travessia Capri-N\u00e1poles - Swimchannel","og_description":"A nadadora de ultramaratona aqu\u00e1tica Ana Carolina Morelli completou na \u00faltima sexta-feira (28) a Travessia Capri-N\u00e1poles, uma das provas de \u00e1guas abertas mais conhecidas e antigas da hist\u00f3ria. A atleta que tamb\u00e9m \u00e9 do Master Team Speedo completou os 36 km em 8 horas 32 minutos e 10 segundos. A preparadora f\u00edsica e t\u00e9cnica de [&hellip;]","og_url":"https:\/\/swimchannel.net\/br\/ana-carolina-morelli-completa-a-travessia-capri-napoles\/","og_site_name":"Swimchannel","article_publisher":"https:\/\/www.facebook.com\/swimchannel","article_published_time":"2024-07-01T22:58:40+00:00","og_image":[{"width":577,"height":630,"url":"https:\/\/swimchannel.net\/br\/wp-content\/uploads\/2024\/07\/Captura-de-tela-2024-07-01-195727.jpg","type":"image\/jpeg"}],"author":"Katarine Monteiro","twitter_card":"summary_large_image","twitter_creator":"@https:\/\/twitter.com\/Katarinem","twitter_misc":{"Escrito por":"Katarine Monteiro","Est. tempo de leitura":"2 minutos"},"schema":{"@context":"https:\/\/schema.org","@graph":[{"@type":"Article","@id":"https:\/\/swimchannel.net\/br\/ana-carolina-morelli-completa-a-travessia-capri-napoles\/#article","isPartOf":{"@id":"https:\/\/swimchannel.net\/br\/ana-carolina-morelli-completa-a-travessia-capri-napoles\/"},"author":{"name":"Katarine Monteiro","@id":"https:\/\/swimchannel.net\/br\/#\/schema\/person\/73ae9cec62249968bca1f0a8098ef002"},"headline":"Ana Carolina Morelli completa a Travessia Capri-N\u00e1poles","datePublished":"2024-07-01T22:58:40+00:00","mainEntityOfPage":{"@id":"https:\/\/swimchannel.net\/br\/ana-carolina-morelli-completa-a-travessia-capri-napoles\/"},"wordCount":438,"commentCount":0,"publisher":{"@id":"https:\/\/swimchannel.net\/br\/#organization"},"image":{"@id":"https:\/\/swimchannel.net\/br\/ana-carolina-morelli-completa-a-travessia-capri-napoles\/#primaryimage"},"thumbnailUrl":"https:\/\/swimchannel.net\/br\/wp-content\/uploads\/2024\/07\/Captura-de-tela-2024-07-01-195727.jpg","keywords":["\u00c1guas abertas","Ana Carolina Morelli","natacao","Samir Barel","Speedo","Travessia Capri-N\u00e1poles"],"articleSection":["\u00c1guas Abertas"],"inLanguage":"pt-BR","potentialAction":[{"@type":"CommentAction","name":"Comment","target":["https:\/\/swimchannel.net\/br\/ana-carolina-morelli-completa-a-travessia-capri-napoles\/#respond"]}]},{"@type":"WebPage","@id":"https:\/\/swimchannel.net\/br\/ana-carolina-morelli-completa-a-travessia-capri-napoles\/","url":"https:\/\/swimchannel.net\/br\/ana-carolina-morelli-completa-a-travessia-capri-napoles\/","name":"Ana Carolina Morelli completa a Travessia Capri-N\u00e1poles - Swimchannel","isPartOf":{"@id":"https:\/\/swimchannel.net\/br\/#website"},"primaryImageOfPage":{"@id":"https:\/\/swimchannel.net\/br\/ana-carolina-morelli-completa-a-travessia-capri-napoles\/#primaryimage"},"image":{"@id":"https:\/\/swimchannel.net\/br\/ana-carolina-morelli-completa-a-travessia-capri-napoles\/#primaryimage"},"thumbnailUrl":"https:\/\/swimchannel.net\/br\/wp-content\/uploads\/2024\/07\/Captura-de-tela-2024-07-01-195727.jpg","datePublished":"2024-07-01T22:58:40+00:00","breadcrumb":{"@id":"https:\/\/swimchannel.net\/br\/ana-carolina-morelli-completa-a-travessia-capri-napoles\/#breadcrumb"},"inLanguage":"pt-BR","potentialAction":[{"@type":"ReadAction","target":["https:\/\/swimchannel.net\/br\/ana-carolina-morelli-completa-a-travessia-capri-napoles\/"]}]},{"@type":"ImageObject","inLanguage":"pt-BR","@id":"https:\/\/swimchannel.net\/br\/ana-carolina-morelli-completa-a-travessia-capri-napoles\/#primaryimage","url":"https:\/\/swimchannel.net\/br\/wp-content\/uploads\/2024\/07\/Captura-de-tela-2024-07-01-195727.jpg","contentUrl":"https:\/\/swimchannel.net\/br\/wp-content\/uploads\/2024\/07\/Captura-de-tela-2024-07-01-195727.jpg","width":577,"height":630,"caption":"Ana Carolina Morelli. Foto: Arquivo Pessoal"},{"@type":"BreadcrumbList","@id":"https:\/\/swimchannel.net\/br\/ana-carolina-morelli-completa-a-travessia-capri-napoles\/#breadcrumb","itemListElement":[{"@type":"ListItem","position":1,"name":"Home","item":"https:\/\/swimchannel.net\/br\/"},{"@type":"ListItem","position":2,"name":"Ana Carolina Morelli completa a Travessia Capri-N\u00e1poles"}]},{"@type":"WebSite","@id":"https:\/\/swimchannel.net\/br\/#website","url":"https:\/\/swimchannel.net\/br\/","name":"Swimchannel","description":"Maior portal de nata\u00e7\u00e3o da america latina","publisher":{"@id":"https:\/\/swimchannel.net\/br\/#organization"},"potentialAction":[{"@type":"SearchAction","target":{"@type":"EntryPoint","urlTemplate":"https:\/\/swimchannel.net\/br\/?s={search_term_string}"},"query-input":{"@type":"PropertyValueSpecification","valueRequired":true,"valueName":"search_term_string"}}],"inLanguage":"pt-BR"},{"@type":"Organization","@id":"https:\/\/swimchannel.net\/br\/#organization","name":"Swimchannel - Conectando voc\u00ea a Nata\u00e7\u00e3o","url":"https:\/\/swimchannel.net\/br\/","logo":{"@type":"ImageObject","inLanguage":"pt-BR","@id":"https:\/\/swimchannel.net\/br\/#\/schema\/logo\/image\/","url":"https:\/\/swimchannel.net\/br\/wp-content\/uploads\/2026\/02\/SWIM-CHANNEL.png","contentUrl":"https:\/\/swimchannel.net\/br\/wp-content\/uploads\/2026\/02\/SWIM-CHANNEL.png","width":1120,"height":630,"caption":"Swimchannel - Conectando voc\u00ea a Nata\u00e7\u00e3o"},"image":{"@id":"https:\/\/swimchannel.net\/br\/#\/schema\/logo\/image\/"},"sameAs":["https:\/\/www.facebook.com\/swimchannel","https:\/\/www.instagram.com\/swimchannel"]},{"@type":"Person","@id":"https:\/\/swimchannel.net\/br\/#\/schema\/person\/73ae9cec62249968bca1f0a8098ef002","name":"Katarine Monteiro","image":{"@type":"ImageObject","inLanguage":"pt-BR","@id":"https:\/\/swimchannel.net\/br\/#\/schema\/person\/image\/","url":"https:\/\/swimchannel.net\/br\/wp-content\/uploads\/2022\/01\/Katarine-Monteiro-100x100.jpg","contentUrl":"https:\/\/swimchannel.net\/br\/wp-content\/uploads\/2022\/01\/Katarine-Monteiro-100x100.jpg","caption":"Katarine Monteiro"},"description":"Jornalista SWIM CHANNEL especializada em esportes ol\u00edmpicos e em sa\u00fade. Com cobertura de grandes eventos internacionais, como Jogos Ol\u00edmpicos Rio 2016, Jogos Pan-Americanos em Lima 2019, Qatar Total Open 2020, Qatar ExxonMobil Open 2019 - t\u00eanis em Doha (QT), Semana Internacional de Vela de Ilhabela, Transat Jacques Vabre 2019 (Fran\u00e7a-Brasil), L'\u00c9tape Brasil by Tour de France, j\u00e1 fez in\u00fameras coberturas de nata\u00e7\u00e3o, maratona aqu\u00e1tica e polo aqu\u00e1tico. Formada tamb\u00e9m em Letras, a jornalista atua como assessora de imprensa, rela\u00e7\u00f5es p\u00fablicas e social media, com especializa\u00e7\u00e3o em marketing esportivo. Nadadora amadora de \u00e1guas abertas, j\u00e1 trabalhou com grandes nomes da nata\u00e7\u00e3o e do polo aqu\u00e1tico brasileiro.","sameAs":["https:\/\/www.instagram.com\/_katarinemonteiro\/","https:\/\/www.linkedin.com\/in\/katarine-monteiro-19385297\/","https:\/\/x.com\/https:\/\/twitter.com\/Katarinem"],"url":"https:\/\/swimchannel.net\/br\/author\/katarine-monteiro\/"}]}},"_links":{"self":[{"href":"https:\/\/swimchannel.net\/br\/wp-json\/wp\/v2\/posts\/67187","targetHints":{"allow":["GET"]}}],"collection":[{"href":"https:\/\/swimchannel.net\/br\/wp-json\/wp\/v2\/posts"}],"about":[{"href":"https:\/\/swimchannel.net\/br\/wp-json\/wp\/v2\/types\/post"}],"author":[{"embeddable":true,"href":"https:\/\/swimchannel.net\/br\/wp-json\/wp\/v2\/users\/9"}],"replies":[{"embeddable":true,"href":"https:\/\/swimchannel.net\/br\/wp-json\/wp\/v2\/comments?post=67187"}],"version-history":[{"count":11,"href":"https:\/\/swimchannel.net\/br\/wp-json\/wp\/v2\/posts\/67187\/revisions"}],"predecessor-version":[{"id":67233,"href":"https:\/\/swimchannel.net\/br\/wp-json\/wp\/v2\/posts\/67187\/revisions\/67233"}],"wp:featuredmedia":[{"embeddable":true,"href":"https:\/\/swimchannel.net\/br\/wp-json\/wp\/v2\/media\/67232"}],"wp:attachment":[{"href":"https:\/\/swimchannel.net\/br\/wp-json\/wp\/v2\/media?parent=67187"}],"wp:term":[{"taxonomy":"category","embeddable":true,"href":"https:\/\/swimchannel.net\/br\/wp-json\/wp\/v2\/categories?post=67187"},{"taxonomy":"post_tag","embeddable":true,"href":"https:\/\/swimchannel.net\/br\/wp-json\/wp\/v2\/tags?post=67187"}],"curies":[{"name":"wp","href":"https:\/\/api.w.org\/{rel}","templated":true}]}}