{"id":67294,"date":"2024-07-08T10:13:35","date_gmt":"2024-07-08T13:13:35","guid":{"rendered":"https:\/\/swimchannel.net\/br\/?p=67294"},"modified":"2024-07-08T10:13:35","modified_gmt":"2024-07-08T13:13:35","slug":"atencao-para-o-relatorio-de-qualidade-de-agua-do-rio-sena","status":"publish","type":"post","link":"https:\/\/swimchannel.net\/br\/atencao-para-o-relatorio-de-qualidade-de-agua-do-rio-sena\/","title":{"rendered":"Aten\u00e7\u00e3o para o relat\u00f3rio de qualidade de \u00e1gua do Rio Sena"},"content":{"rendered":"<p>Publicado pela Prefeitura de Paris, e acompanhando periodicamente, o relat\u00f3rio do dia 4 de Julho aponta em detalhes os n\u00edveis de balneabilidade do Rio Sena que ir\u00e1 sediar as provas de \u00e1guas abertas e a nata\u00e7\u00e3o do triatlo nos Jogos Ol\u00edmpicos de Paris.<\/p>\n<p>O relat\u00f3rio traz em detalhes a avalia\u00e7\u00e3o de quatro diferentes pontos em coletas di\u00e1rias do per\u00edodo de 24 de Junho a 2 de Julho. Embora apresentando significante melhora, o relat\u00f3rio aponta que os n\u00edveis ainda est\u00e3o fora do ideal, especialmente nos controles da bact\u00e9ria E-coli.<\/p>\n<p>A boa not\u00edcia \u00e9 a constante melhora dos n\u00edveis comparados as coletas anteriores. Mesmo assim, o dia 30 de Junho, onde tivemos uma forte chuva (24 mm) tivemos uma perda de qualidade significativa. De acordo com o relat\u00f3rio, o tempo seco e temperaturas mais altas v\u00e3o ajudar na qualidade da \u00e1gua para as pr\u00f3ximas semanas.<\/p>\n<p>Se o E-coli ainda preocupa, os n\u00edveis de outra bact\u00e9ria, o Enterococcus est\u00e1 em n\u00edveis dentro do padr\u00e3o regular.<\/p>\n<p>O boletim publicado pela Prefeitura de Paris pode ser consultado aqui:<\/p>\n<p><a href=\"https:\/\/mcusercontent.com\/00aa527d930b75ed31d447d44\/files\/bf22d638-b3e7-e4b4-382a-3ef79d28fc80\/Bulletin_Resultats_qualite_eau_Seine_4_1_vEN_1_.pdf?utm_source=News&amp;utm_campaign=a44c8244de-EMAIL_CAMPAIGN_2019_11_19_11_19_COPY_01&amp;utm_medium=email&amp;utm_term=0_316d908209-a44c8244de-89644517&amp;mc_cid=a44c8244de&amp;mc_eid=0333fe3d0e\">https:\/\/mcusercontent.com\/00aa527d930b75ed31d447d44\/files\/bf22d638-b3e7-e4b4-382a-3ef79d28fc80\/Bulletin_Resultats_qualite_eau_Seine_4_1_vEN_1_.pdf?utm_source=News&amp;utm_campaign=a44c8244de-EMAIL_CAMPAIGN_2019_11_19_11_19_COPY_01&amp;utm_medium=email&amp;utm_term=0_316d908209-a44c8244de-89644517&amp;mc_cid=a44c8244de&amp;mc_eid=0333fe3d0e<\/a><\/p>\n<p>Enquanto isso, a esperada nadada da Prefeita de Paris Anne Hidalgo segue suspensa. As datas anteriores, 23 de Junho e 30 de Junho foram canceladas por conta do tempo (chuvas) e das elei\u00e7\u00f5es. Ainda n\u00e3o h\u00e1 confirma\u00e7\u00e3o de quando Hidalgo deve nadar simbolicamente no Rio Sena.<\/p>\n<p>O Rio Sena ser\u00e1 sede das provas de triatlo nos dias 30 e 31 de Julho e da prova de 10 quil\u00f4metros das \u00c1guas Abertas nos dias 8 e 9 de Agosto.<\/p>\n","protected":false},"excerpt":{"rendered":"<p>Publicado pela Prefeitura de Paris, e acompanhando periodicamente, o relat\u00f3rio do dia 4 de Julho aponta em detalhes os n\u00edveis de balneabilidade do Rio Sena que ir\u00e1 sediar as provas de \u00e1guas abertas e a nata\u00e7\u00e3o do triatlo nos Jogos Ol\u00edmpicos de Paris. O relat\u00f3rio traz em detalhes a avalia\u00e7\u00e3o de quatro diferentes pontos em [&hellip;]<\/p>\n","protected":false},"author":12,"featured_media":67295,"comment_status":"open","ping_status":"open","sticky":false,"template":"","format":"standard","meta":{"footnotes":""},"categories":[137,2576],"tags":[5],"class_list":["post-67294","post","type-post","status-publish","format-standard","has-post-thumbnail","hentry","category-natacao","category-ultimas-noticias","tag-natacao"],"yoast_head":"<!-- This site is optimized with the Yoast SEO plugin v27.0 - https:\/\/yoast.com\/product\/yoast-seo-wordpress\/ -->\n<title>Aten\u00e7\u00e3o para o relat\u00f3rio de qualidade de \u00e1gua do Rio Sena - Swimchannel<\/title>\n<meta name=\"robots\" content=\"index, follow, max-snippet:-1, max-image-preview:large, max-video-preview:-1\" \/>\n<link rel=\"canonical\" href=\"https:\/\/swimchannel.net\/br\/atencao-para-o-relatorio-de-qualidade-de-agua-do-rio-sena\/\" \/>\n<meta property=\"og:locale\" content=\"pt_BR\" \/>\n<meta property=\"og:type\" content=\"article\" \/>\n<meta property=\"og:title\" content=\"Aten\u00e7\u00e3o para o relat\u00f3rio de qualidade de \u00e1gua do Rio Sena - Swimchannel\" \/>\n<meta property=\"og:description\" content=\"Publicado pela Prefeitura de Paris, e acompanhando periodicamente, o relat\u00f3rio do dia 4 de Julho aponta em detalhes os n\u00edveis de balneabilidade do Rio Sena que ir\u00e1 sediar as provas de \u00e1guas abertas e a nata\u00e7\u00e3o do triatlo nos Jogos Ol\u00edmpicos de Paris. O relat\u00f3rio traz em detalhes a avalia\u00e7\u00e3o de quatro diferentes pontos em [&hellip;]\" \/>\n<meta property=\"og:url\" content=\"https:\/\/swimchannel.net\/br\/atencao-para-o-relatorio-de-qualidade-de-agua-do-rio-sena\/\" \/>\n<meta property=\"og:site_name\" content=\"Swimchannel\" \/>\n<meta property=\"article:publisher\" content=\"https:\/\/www.facebook.com\/swimchannel\" \/>\n<meta property=\"article:published_time\" content=\"2024-07-08T13:13:35+00:00\" \/>\n<meta property=\"og:image\" content=\"https:\/\/swimchannel.net\/br\/wp-content\/uploads\/2024\/07\/Sem-titulo.jpg\" \/>\n\t<meta property=\"og:image:width\" content=\"1014\" \/>\n\t<meta property=\"og:image:height\" content=\"614\" \/>\n\t<meta property=\"og:image:type\" content=\"image\/jpeg\" \/>\n<meta name=\"author\" content=\"Alex Pussieldi\" \/>\n<meta name=\"twitter:card\" content=\"summary_large_image\" \/>\n<meta name=\"twitter:label1\" content=\"Escrito por\" \/>\n\t<meta name=\"twitter:data1\" content=\"Alex Pussieldi\" \/>\n\t<meta name=\"twitter:label2\" content=\"Est. tempo de leitura\" \/>\n\t<meta name=\"twitter:data2\" content=\"2 minutos\" \/>\n<script type=\"application\/ld+json\" class=\"yoast-schema-graph\">{\"@context\":\"https:\/\/schema.org\",\"@graph\":[{\"@type\":\"Article\",\"@id\":\"https:\/\/swimchannel.net\/br\/atencao-para-o-relatorio-de-qualidade-de-agua-do-rio-sena\/#article\",\"isPartOf\":{\"@id\":\"https:\/\/swimchannel.net\/br\/atencao-para-o-relatorio-de-qualidade-de-agua-do-rio-sena\/\"},\"author\":{\"name\":\"Alex Pussieldi\",\"@id\":\"https:\/\/swimchannel.net\/br\/#\/schema\/person\/cf549cb99cf75592fcf7c76213385e63\"},\"headline\":\"Aten\u00e7\u00e3o para o relat\u00f3rio de qualidade de \u00e1gua do Rio Sena\",\"datePublished\":\"2024-07-08T13:13:35+00:00\",\"mainEntityOfPage\":{\"@id\":\"https:\/\/swimchannel.net\/br\/atencao-para-o-relatorio-de-qualidade-de-agua-do-rio-sena\/\"},\"wordCount\":338,\"commentCount\":0,\"publisher\":{\"@id\":\"https:\/\/swimchannel.net\/br\/#organization\"},\"image\":{\"@id\":\"https:\/\/swimchannel.net\/br\/atencao-para-o-relatorio-de-qualidade-de-agua-do-rio-sena\/#primaryimage\"},\"thumbnailUrl\":\"https:\/\/swimchannel.net\/br\/wp-content\/uploads\/2024\/07\/Sem-titulo.jpg\",\"keywords\":[\"natacao\"],\"articleSection\":[\"Nata\u00e7\u00e3o\",\"\u00daltimas Not\u00edcias\"],\"inLanguage\":\"pt-BR\",\"potentialAction\":[{\"@type\":\"CommentAction\",\"name\":\"Comment\",\"target\":[\"https:\/\/swimchannel.net\/br\/atencao-para-o-relatorio-de-qualidade-de-agua-do-rio-sena\/#respond\"]}]},{\"@type\":\"WebPage\",\"@id\":\"https:\/\/swimchannel.net\/br\/atencao-para-o-relatorio-de-qualidade-de-agua-do-rio-sena\/\",\"url\":\"https:\/\/swimchannel.net\/br\/atencao-para-o-relatorio-de-qualidade-de-agua-do-rio-sena\/\",\"name\":\"Aten\u00e7\u00e3o para o relat\u00f3rio de qualidade de \u00e1gua do Rio Sena - Swimchannel\",\"isPartOf\":{\"@id\":\"https:\/\/swimchannel.net\/br\/#website\"},\"primaryImageOfPage\":{\"@id\":\"https:\/\/swimchannel.net\/br\/atencao-para-o-relatorio-de-qualidade-de-agua-do-rio-sena\/#primaryimage\"},\"image\":{\"@id\":\"https:\/\/swimchannel.net\/br\/atencao-para-o-relatorio-de-qualidade-de-agua-do-rio-sena\/#primaryimage\"},\"thumbnailUrl\":\"https:\/\/swimchannel.net\/br\/wp-content\/uploads\/2024\/07\/Sem-titulo.jpg\",\"datePublished\":\"2024-07-08T13:13:35+00:00\",\"breadcrumb\":{\"@id\":\"https:\/\/swimchannel.net\/br\/atencao-para-o-relatorio-de-qualidade-de-agua-do-rio-sena\/#breadcrumb\"},\"inLanguage\":\"pt-BR\",\"potentialAction\":[{\"@type\":\"ReadAction\",\"target\":[\"https:\/\/swimchannel.net\/br\/atencao-para-o-relatorio-de-qualidade-de-agua-do-rio-sena\/\"]}]},{\"@type\":\"ImageObject\",\"inLanguage\":\"pt-BR\",\"@id\":\"https:\/\/swimchannel.net\/br\/atencao-para-o-relatorio-de-qualidade-de-agua-do-rio-sena\/#primaryimage\",\"url\":\"https:\/\/swimchannel.net\/br\/wp-content\/uploads\/2024\/07\/Sem-titulo.jpg\",\"contentUrl\":\"https:\/\/swimchannel.net\/br\/wp-content\/uploads\/2024\/07\/Sem-titulo.jpg\",\"width\":1014,\"height\":614},{\"@type\":\"BreadcrumbList\",\"@id\":\"https:\/\/swimchannel.net\/br\/atencao-para-o-relatorio-de-qualidade-de-agua-do-rio-sena\/#breadcrumb\",\"itemListElement\":[{\"@type\":\"ListItem\",\"position\":1,\"name\":\"Home\",\"item\":\"https:\/\/swimchannel.net\/br\/\"},{\"@type\":\"ListItem\",\"position\":2,\"name\":\"Aten\u00e7\u00e3o para o relat\u00f3rio de qualidade de \u00e1gua do Rio Sena\"}]},{\"@type\":\"WebSite\",\"@id\":\"https:\/\/swimchannel.net\/br\/#website\",\"url\":\"https:\/\/swimchannel.net\/br\/\",\"name\":\"Swimchannel\",\"description\":\"Maior portal de nata\u00e7\u00e3o da america latina\",\"publisher\":{\"@id\":\"https:\/\/swimchannel.net\/br\/#organization\"},\"potentialAction\":[{\"@type\":\"SearchAction\",\"target\":{\"@type\":\"EntryPoint\",\"urlTemplate\":\"https:\/\/swimchannel.net\/br\/?s={search_term_string}\"},\"query-input\":{\"@type\":\"PropertyValueSpecification\",\"valueRequired\":true,\"valueName\":\"search_term_string\"}}],\"inLanguage\":\"pt-BR\"},{\"@type\":\"Organization\",\"@id\":\"https:\/\/swimchannel.net\/br\/#organization\",\"name\":\"Swimchannel - Conectando voc\u00ea a Nata\u00e7\u00e3o\",\"url\":\"https:\/\/swimchannel.net\/br\/\",\"logo\":{\"@type\":\"ImageObject\",\"inLanguage\":\"pt-BR\",\"@id\":\"https:\/\/swimchannel.net\/br\/#\/schema\/logo\/image\/\",\"url\":\"https:\/\/swimchannel.net\/br\/wp-content\/uploads\/2026\/02\/SWIM-CHANNEL.png\",\"contentUrl\":\"https:\/\/swimchannel.net\/br\/wp-content\/uploads\/2026\/02\/SWIM-CHANNEL.png\",\"width\":1120,\"height\":630,\"caption\":\"Swimchannel - Conectando voc\u00ea a Nata\u00e7\u00e3o\"},\"image\":{\"@id\":\"https:\/\/swimchannel.net\/br\/#\/schema\/logo\/image\/\"},\"sameAs\":[\"https:\/\/www.facebook.com\/swimchannel\",\"https:\/\/www.instagram.com\/swimchannel\"]},{\"@type\":\"Person\",\"@id\":\"https:\/\/swimchannel.net\/br\/#\/schema\/person\/cf549cb99cf75592fcf7c76213385e63\",\"name\":\"Alex Pussieldi\",\"image\":{\"@type\":\"ImageObject\",\"inLanguage\":\"pt-BR\",\"@id\":\"https:\/\/swimchannel.net\/br\/#\/schema\/person\/image\/\",\"url\":\"https:\/\/swimchannel.net\/br\/wp-content\/uploads\/2021\/02\/9b1c252d-a4bd-4eda-b399-24565cac4114-100x100.jpg\",\"contentUrl\":\"https:\/\/swimchannel.net\/br\/wp-content\/uploads\/2021\/02\/9b1c252d-a4bd-4eda-b399-24565cac4114-100x100.jpg\",\"caption\":\"Alex Pussieldi\"},\"description\":\"Alexandre Pussieldi, apelidado de \u201ccoach\u201d, Foi t\u00e9cnico da sele\u00e7\u00e3o verde e amarela nas Olimp\u00edadas de Pequim-2008 e Londres-2012. O treinador ainda comandou outros quatro pa\u00edses: Kuwait, Paraguai, Aruba e Antilhas Holandesas, al\u00e9m da sele\u00e7\u00e3o americana de \u00e1guas abertas. Pussieldi tem passagens como comentarista de nata\u00e7\u00e3o do Grupo Globo e Swim Channel.\",\"url\":\"https:\/\/swimchannel.net\/br\/author\/alexpussieldi\/\"}]}<\/script>\n<!-- \/ Yoast SEO plugin. -->","yoast_head_json":{"title":"Aten\u00e7\u00e3o para o relat\u00f3rio de qualidade de \u00e1gua do Rio Sena - Swimchannel","robots":{"index":"index","follow":"follow","max-snippet":"max-snippet:-1","max-image-preview":"max-image-preview:large","max-video-preview":"max-video-preview:-1"},"canonical":"https:\/\/swimchannel.net\/br\/atencao-para-o-relatorio-de-qualidade-de-agua-do-rio-sena\/","og_locale":"pt_BR","og_type":"article","og_title":"Aten\u00e7\u00e3o para o relat\u00f3rio de qualidade de \u00e1gua do Rio Sena - Swimchannel","og_description":"Publicado pela Prefeitura de Paris, e acompanhando periodicamente, o relat\u00f3rio do dia 4 de Julho aponta em detalhes os n\u00edveis de balneabilidade do Rio Sena que ir\u00e1 sediar as provas de \u00e1guas abertas e a nata\u00e7\u00e3o do triatlo nos Jogos Ol\u00edmpicos de Paris. O relat\u00f3rio traz em detalhes a avalia\u00e7\u00e3o de quatro diferentes pontos em [&hellip;]","og_url":"https:\/\/swimchannel.net\/br\/atencao-para-o-relatorio-de-qualidade-de-agua-do-rio-sena\/","og_site_name":"Swimchannel","article_publisher":"https:\/\/www.facebook.com\/swimchannel","article_published_time":"2024-07-08T13:13:35+00:00","og_image":[{"width":1014,"height":614,"url":"https:\/\/swimchannel.net\/br\/wp-content\/uploads\/2024\/07\/Sem-titulo.jpg","type":"image\/jpeg"}],"author":"Alex Pussieldi","twitter_card":"summary_large_image","twitter_misc":{"Escrito por":"Alex Pussieldi","Est. tempo de leitura":"2 minutos"},"schema":{"@context":"https:\/\/schema.org","@graph":[{"@type":"Article","@id":"https:\/\/swimchannel.net\/br\/atencao-para-o-relatorio-de-qualidade-de-agua-do-rio-sena\/#article","isPartOf":{"@id":"https:\/\/swimchannel.net\/br\/atencao-para-o-relatorio-de-qualidade-de-agua-do-rio-sena\/"},"author":{"name":"Alex Pussieldi","@id":"https:\/\/swimchannel.net\/br\/#\/schema\/person\/cf549cb99cf75592fcf7c76213385e63"},"headline":"Aten\u00e7\u00e3o para o relat\u00f3rio de qualidade de \u00e1gua do Rio Sena","datePublished":"2024-07-08T13:13:35+00:00","mainEntityOfPage":{"@id":"https:\/\/swimchannel.net\/br\/atencao-para-o-relatorio-de-qualidade-de-agua-do-rio-sena\/"},"wordCount":338,"commentCount":0,"publisher":{"@id":"https:\/\/swimchannel.net\/br\/#organization"},"image":{"@id":"https:\/\/swimchannel.net\/br\/atencao-para-o-relatorio-de-qualidade-de-agua-do-rio-sena\/#primaryimage"},"thumbnailUrl":"https:\/\/swimchannel.net\/br\/wp-content\/uploads\/2024\/07\/Sem-titulo.jpg","keywords":["natacao"],"articleSection":["Nata\u00e7\u00e3o","\u00daltimas Not\u00edcias"],"inLanguage":"pt-BR","potentialAction":[{"@type":"CommentAction","name":"Comment","target":["https:\/\/swimchannel.net\/br\/atencao-para-o-relatorio-de-qualidade-de-agua-do-rio-sena\/#respond"]}]},{"@type":"WebPage","@id":"https:\/\/swimchannel.net\/br\/atencao-para-o-relatorio-de-qualidade-de-agua-do-rio-sena\/","url":"https:\/\/swimchannel.net\/br\/atencao-para-o-relatorio-de-qualidade-de-agua-do-rio-sena\/","name":"Aten\u00e7\u00e3o para o relat\u00f3rio de qualidade de \u00e1gua do Rio Sena - Swimchannel","isPartOf":{"@id":"https:\/\/swimchannel.net\/br\/#website"},"primaryImageOfPage":{"@id":"https:\/\/swimchannel.net\/br\/atencao-para-o-relatorio-de-qualidade-de-agua-do-rio-sena\/#primaryimage"},"image":{"@id":"https:\/\/swimchannel.net\/br\/atencao-para-o-relatorio-de-qualidade-de-agua-do-rio-sena\/#primaryimage"},"thumbnailUrl":"https:\/\/swimchannel.net\/br\/wp-content\/uploads\/2024\/07\/Sem-titulo.jpg","datePublished":"2024-07-08T13:13:35+00:00","breadcrumb":{"@id":"https:\/\/swimchannel.net\/br\/atencao-para-o-relatorio-de-qualidade-de-agua-do-rio-sena\/#breadcrumb"},"inLanguage":"pt-BR","potentialAction":[{"@type":"ReadAction","target":["https:\/\/swimchannel.net\/br\/atencao-para-o-relatorio-de-qualidade-de-agua-do-rio-sena\/"]}]},{"@type":"ImageObject","inLanguage":"pt-BR","@id":"https:\/\/swimchannel.net\/br\/atencao-para-o-relatorio-de-qualidade-de-agua-do-rio-sena\/#primaryimage","url":"https:\/\/swimchannel.net\/br\/wp-content\/uploads\/2024\/07\/Sem-titulo.jpg","contentUrl":"https:\/\/swimchannel.net\/br\/wp-content\/uploads\/2024\/07\/Sem-titulo.jpg","width":1014,"height":614},{"@type":"BreadcrumbList","@id":"https:\/\/swimchannel.net\/br\/atencao-para-o-relatorio-de-qualidade-de-agua-do-rio-sena\/#breadcrumb","itemListElement":[{"@type":"ListItem","position":1,"name":"Home","item":"https:\/\/swimchannel.net\/br\/"},{"@type":"ListItem","position":2,"name":"Aten\u00e7\u00e3o para o relat\u00f3rio de qualidade de \u00e1gua do Rio Sena"}]},{"@type":"WebSite","@id":"https:\/\/swimchannel.net\/br\/#website","url":"https:\/\/swimchannel.net\/br\/","name":"Swimchannel","description":"Maior portal de nata\u00e7\u00e3o da america latina","publisher":{"@id":"https:\/\/swimchannel.net\/br\/#organization"},"potentialAction":[{"@type":"SearchAction","target":{"@type":"EntryPoint","urlTemplate":"https:\/\/swimchannel.net\/br\/?s={search_term_string}"},"query-input":{"@type":"PropertyValueSpecification","valueRequired":true,"valueName":"search_term_string"}}],"inLanguage":"pt-BR"},{"@type":"Organization","@id":"https:\/\/swimchannel.net\/br\/#organization","name":"Swimchannel - Conectando voc\u00ea a Nata\u00e7\u00e3o","url":"https:\/\/swimchannel.net\/br\/","logo":{"@type":"ImageObject","inLanguage":"pt-BR","@id":"https:\/\/swimchannel.net\/br\/#\/schema\/logo\/image\/","url":"https:\/\/swimchannel.net\/br\/wp-content\/uploads\/2026\/02\/SWIM-CHANNEL.png","contentUrl":"https:\/\/swimchannel.net\/br\/wp-content\/uploads\/2026\/02\/SWIM-CHANNEL.png","width":1120,"height":630,"caption":"Swimchannel - Conectando voc\u00ea a Nata\u00e7\u00e3o"},"image":{"@id":"https:\/\/swimchannel.net\/br\/#\/schema\/logo\/image\/"},"sameAs":["https:\/\/www.facebook.com\/swimchannel","https:\/\/www.instagram.com\/swimchannel"]},{"@type":"Person","@id":"https:\/\/swimchannel.net\/br\/#\/schema\/person\/cf549cb99cf75592fcf7c76213385e63","name":"Alex Pussieldi","image":{"@type":"ImageObject","inLanguage":"pt-BR","@id":"https:\/\/swimchannel.net\/br\/#\/schema\/person\/image\/","url":"https:\/\/swimchannel.net\/br\/wp-content\/uploads\/2021\/02\/9b1c252d-a4bd-4eda-b399-24565cac4114-100x100.jpg","contentUrl":"https:\/\/swimchannel.net\/br\/wp-content\/uploads\/2021\/02\/9b1c252d-a4bd-4eda-b399-24565cac4114-100x100.jpg","caption":"Alex Pussieldi"},"description":"Alexandre Pussieldi, apelidado de \u201ccoach\u201d, Foi t\u00e9cnico da sele\u00e7\u00e3o verde e amarela nas Olimp\u00edadas de Pequim-2008 e Londres-2012. O treinador ainda comandou outros quatro pa\u00edses: Kuwait, Paraguai, Aruba e Antilhas Holandesas, al\u00e9m da sele\u00e7\u00e3o americana de \u00e1guas abertas. Pussieldi tem passagens como comentarista de nata\u00e7\u00e3o do Grupo Globo e Swim Channel.","url":"https:\/\/swimchannel.net\/br\/author\/alexpussieldi\/"}]}},"_links":{"self":[{"href":"https:\/\/swimchannel.net\/br\/wp-json\/wp\/v2\/posts\/67294","targetHints":{"allow":["GET"]}}],"collection":[{"href":"https:\/\/swimchannel.net\/br\/wp-json\/wp\/v2\/posts"}],"about":[{"href":"https:\/\/swimchannel.net\/br\/wp-json\/wp\/v2\/types\/post"}],"author":[{"embeddable":true,"href":"https:\/\/swimchannel.net\/br\/wp-json\/wp\/v2\/users\/12"}],"replies":[{"embeddable":true,"href":"https:\/\/swimchannel.net\/br\/wp-json\/wp\/v2\/comments?post=67294"}],"version-history":[{"count":1,"href":"https:\/\/swimchannel.net\/br\/wp-json\/wp\/v2\/posts\/67294\/revisions"}],"predecessor-version":[{"id":67296,"href":"https:\/\/swimchannel.net\/br\/wp-json\/wp\/v2\/posts\/67294\/revisions\/67296"}],"wp:featuredmedia":[{"embeddable":true,"href":"https:\/\/swimchannel.net\/br\/wp-json\/wp\/v2\/media\/67295"}],"wp:attachment":[{"href":"https:\/\/swimchannel.net\/br\/wp-json\/wp\/v2\/media?parent=67294"}],"wp:term":[{"taxonomy":"category","embeddable":true,"href":"https:\/\/swimchannel.net\/br\/wp-json\/wp\/v2\/categories?post=67294"},{"taxonomy":"post_tag","embeddable":true,"href":"https:\/\/swimchannel.net\/br\/wp-json\/wp\/v2\/tags?post=67294"}],"curies":[{"name":"wp","href":"https:\/\/api.w.org\/{rel}","templated":true}]}}