{"id":68364,"date":"2024-08-10T13:41:16","date_gmt":"2024-08-10T16:41:16","guid":{"rendered":"https:\/\/swimchannel.net\/br\/?p=68364"},"modified":"2024-08-10T13:41:16","modified_gmt":"2024-08-10T16:41:16","slug":"treinador-de-kristof-rasovszky-conta-a-preparacao-especifica-para-o-rio-sena-foi-no-rio-danubio","status":"publish","type":"post","link":"https:\/\/swimchannel.net\/br\/treinador-de-kristof-rasovszky-conta-a-preparacao-especifica-para-o-rio-sena-foi-no-rio-danubio\/","title":{"rendered":"Treinador de Kristof Rasovszky conta a prepara\u00e7\u00e3o espec\u00edfica para o Rio Sena foi no Rio Dan\u00fabio"},"content":{"rendered":"<p>Excelente entrevista do t\u00e9cnico Szokolai Laszlo da Hungria, treinador do medalhista de ouro Kristof Rasovszky e do medalhista de bronze David Betlehem na prova dos 10 quil\u00f4metros da Maratona Aqu\u00e1tica em Paris. A entrevista foi publicada na edi\u00e7\u00e3o deste s\u00e1bado do jornal h\u00fangaro Nemzeti Sport.<\/p>\n<p><img loading=\"lazy\" decoding=\"async\" class=\"alignnone size-full wp-image-68366\" src=\"https:\/\/swimchannel.net\/br\/wp-content\/uploads\/2024\/08\/bc440374b5ca479e85144f5131aafb07-640x360-1.webp\" alt=\"\" width=\"640\" height=\"360\" srcset=\"https:\/\/swimchannel.net\/br\/wp-content\/uploads\/2024\/08\/bc440374b5ca479e85144f5131aafb07-640x360-1.webp 640w, https:\/\/swimchannel.net\/br\/wp-content\/uploads\/2024\/08\/bc440374b5ca479e85144f5131aafb07-640x360-1-320x180.webp 320w\" sizes=\"auto, (max-width: 640px) 100vw, 640px\" \/><\/p>\n<p>Reportagem de Erika Kovacs.<br \/>\n<em><br \/>\nL\u00e1szl\u00f3 Szokolai: \u00c9 um presente que Krist\u00f3f Rasovszky e D\u00e1vid Betlehem sejam t\u00e3o humildes<\/em><\/p>\n<p><em>A nata\u00e7\u00e3o h\u00fangara tamb\u00e9m est\u00e1 sob ataque \u2013 mesmo durante os sucessos ol\u00edmpicos \u2013 mas talvez todos concordem que o trabalho de classe mundial ocorre na oficina de Veszpr\u00e9m. Durante anos. E com participantes h\u00fangaros.<\/em><\/p>\n<p><em>\u2013 Eu sei, ele n\u00e3o gosta de barulho, de holofotes, mas dessa vez ele n\u00e3o pode evitar \u2013 ele merece. Eu come\u00e7aria com uma palavra: coach de sucesso!<\/em><br \/>\n<em>\u201cUm treinador de sucesso tamb\u00e9m precisa de alunos, por isso digamos que uma equipa de sucesso\u201d, responderam os treinadores de L\u00e1szl\u00f3 Szokolai, Krist\u00f3f Rasovszky e D\u00e1vid Betlehem. \u2013 E precis\u00e1vamos da Federa\u00e7\u00e3o H\u00fangara de Nata\u00e7\u00e3o e do governo h\u00fangaro: o desporto h\u00fangaro recebe tanto apoio do governo que temos a oportunidade de nos prepararmos da mesma forma que as grandes pot\u00eancias do desporto, n\u00e3o somos prejudicados por eles em nenhum campo. Conseguimos tudo o que pedimos e tentamos ser gratos por isso. Para os f\u00e3s tamb\u00e9m \u2013 foi bom ouvir as vozes h\u00fangaras aqui em Paris, o incentivo chegou aos caras.<\/em><\/p>\n<p><em>\u2013 Ele disse que o sucesso exige alunos: que tipo de alunos s\u00e3o Krist\u00f3f Rasovszky e D\u00e1vid Betlehem?<\/em><br \/>\n<em>\u2013 Eles t\u00eam uma humildade incomensur\u00e1vel em rela\u00e7\u00e3o \u00e0 nata\u00e7\u00e3o e ao pr\u00f3prio trabalho, e um respeito incomensur\u00e1vel por mim. S\u00e3o pessoas que fazem de tudo a todo momento para conseguir algo no esporte. Muita gente fala sobre isso e sobre o tipo de vida que leva para ter sucesso, mas nem sempre vemos a humildade que isso acompanha, embora eu ache que \u00e9 isso que \u00e9 preciso para chegar ao topo como atleta. \u00c9 um presente que esses dois meninos sejam t\u00e3o humildes. Eles podem se tornar verdadeiros modelos.<\/em><\/p>\n<p><em>\u2013 \u200aN\u00e3o seja modesto, isso tamb\u00e9m requer um bom treinador.<\/em><br \/>\n<em>\u201cEu nem quero esconder que \u00e9 assim.\u201d Ganhei o Krist\u00f3f do meu colega Imre Epres quando ele tinha treze anos, ele j\u00e1 era um amante da nata\u00e7\u00e3o: esperava com os olhos arregalados durante os treinos, o que fal\u00e1vamos para ele, o que ele deveria fazer de diferente \u2013 ele nem precisou ser repreendeu, porque estava sempre aberto, sempre quis responder \u00e0s expectativas do treinador. Krist\u00f3f \u00e9 realmente obcecado por nata\u00e7\u00e3o!<\/em><\/p>\n<p><em>\u201cE David Betlehem, que trabalha com voc\u00ea h\u00e1 quatro anos?\u201d<\/em><br \/>\n<em>\u2013 D\u00e1vid tamb\u00e9m \u00e9 assim, embora tenha um temperamento um pouco mais violento. Costumo dizer a ele que \u00e0s vezes ele \u00e9 muito impaciente \u2013 ele \u00e9 assim porque quer muito o sucesso e, se n\u00e3o der certo, sua natureza repentina o levar\u00e1 embora. Por\u00e9m, ele mudou muito agora, lida melhor com situa\u00e7\u00f5es dif\u00edceis.<\/em><\/p>\n<p><em>\u2013 Como voc\u00ea administrou os melhores momentos da sua carreira de treinador?<\/em><br \/>\n<em>\u201cCom os olhos marejados, de que outra forma?\u201d<\/em><\/p>\n<p><em>L\u00e1szl\u00f3 Szokolai deixou sua marca n\u00e3o s\u00f3 como treinador, mas tamb\u00e9m como traficante (Foto: M\u00daSZ\/Anik\u00f3 kov\u00e1cs)<\/em><br \/>\n<em>\u2013 Claro que \u00e9 muito f\u00e1cil dizer isto de fora, mas ainda assim: estes dez quil\u00f3metros foram uma final muito estruturada profissionalmente, os dois rapazes implementaram a t\u00e1ctica em grande medida e Krist\u00f3f Rasovszky dominou especialmente cada metro da final. Foi realmente assim que eles discutiram?<\/em><br \/>\n<em>\u201cSim.\u201d Nossa prepara\u00e7\u00e3o tem duas partes. Um deles \u00e9 o sistema de treinamento, que consiste em um trabalho di\u00e1rio, cada momento documentado, o que d\u00e1 um controle constante. Essa \u00e9 a base, foi isso que os meninos fizeram durante a temporada. E tem a outra parte, a parte t\u00e1tica. Sab\u00edamos que a competi\u00e7\u00e3o aconteceria em Sejna, ou seja, em um rio, ent\u00e3o na minha cidade natal, Sz\u00e1zhalombatta, com a ajuda de dois amigos meus, o cano\u00edsta J\u00f3zsef Hegyi e o treinador de caiaque-canoa P\u00e1l Valkusz, constru\u00edmos uma canoagem de oitocentos Percurso de um metro: ali poder\u00edamos testar quanto tempo levaria para descer o Dan\u00fabio, e at\u00e9 que ponto voltar, e tamb\u00e9m quanta for\u00e7a deveria ser aplicada na b\u00f3ia para que a \u00e1gua n\u00e3o arrastasse os meninos. Depois, pela segunda vez, mudamos um pouco o rumo para que n\u00e3o houvesse tanto fluxo nele, para que as condi\u00e7\u00f5es ficassem ainda mais parecidas com as de Paris. Ent\u00e3o os meninos puderam vivenciar o que sentiriam no Sena a cada oitocentos metros.<\/em><\/p>\n<p><em>\u2013 De onde v\u00eam essas ideias brilhantes? Antes de T\u00f3quio treinaram no Lago H\u00e9v\u00edz porque sabiam que a \u00e1gua seria quente no Jap\u00e3o, desta vez invocaram o Sena no Dan\u00fabio.<\/em><br \/>\n<em>\u2013 N\u00e3o basta saber nadar em \u00e1guas abertas, se a competi\u00e7\u00e3o \u00e9 em rio, ent\u00e3o voc\u00ea s\u00f3 pode praticar no rio, onde est\u00e1 a corrente, onde a \u00e1gua te leva, onde voc\u00ea tem que nadar isto.<\/em><\/p>\n<p><em>\u2013 A pergunta \u201ccomo \u00e9 estar no topo do p\u00f3dio\u201d \u00e9 proibida em nossa profiss\u00e3o, eu nem faria essa pergunta, mas voc\u00ea compartilha conosco que tipo de sentimentos giraram em voc\u00ea depois de meses cheios de trabalho, \u00e0s vezes cheio de tens\u00e3o, quando Krist\u00f3f Rasovszky foi o primeiro, D\u00e1vid Betlehem e acertou o painel-alvo em terceiro?<\/em><br \/>\n<em>\u2013 Nessas horas, a pessoa se sente leve e flutua em algum lugar acima do solo, enquanto as l\u00e1grimas comprimem a garganta. Pensei na minha m\u00e3e, que me criou para trabalhar, na minha esposa, que me ajudou e apoiou em tudo para que eu pudesse fazer tudo isso \u2013 e nos meus filhos, que tamb\u00e9m fizeram isso,<\/em><\/p>\n","protected":false},"excerpt":{"rendered":"<p>Excelente entrevista do t\u00e9cnico Szokolai Laszlo da Hungria, treinador do medalhista de ouro Kristof Rasovszky e do medalhista de bronze David Betlehem na prova dos 10 quil\u00f4metros da Maratona Aqu\u00e1tica em Paris. A entrevista foi publicada na edi\u00e7\u00e3o deste s\u00e1bado do jornal h\u00fangaro Nemzeti Sport. Reportagem de Erika Kovacs. L\u00e1szl\u00f3 Szokolai: \u00c9 um presente que [&hellip;]<\/p>\n","protected":false},"author":12,"featured_media":68367,"comment_status":"open","ping_status":"open","sticky":false,"template":"","format":"standard","meta":{"footnotes":""},"categories":[115,2578,195,2576],"tags":[14,4901,5420],"class_list":["post-68364","post","type-post","status-publish","format-standard","has-post-thumbnail","hentry","category-aguas-abertas","category-campeonatos","category-jogos-olimpicos","category-ultimas-noticias","tag-aguas-abertas","tag-jogos-olimpicos-paris-2024","tag-kristof-rasovszky"],"yoast_head":"<!-- This site is optimized with the Yoast SEO plugin v27.0 - https:\/\/yoast.com\/product\/yoast-seo-wordpress\/ -->\n<title>Treinador de Kristof Rasovszky conta a prepara\u00e7\u00e3o espec\u00edfica para o Rio Sena foi no Rio Dan\u00fabio - Swimchannel<\/title>\n<meta name=\"robots\" content=\"index, follow, max-snippet:-1, max-image-preview:large, max-video-preview:-1\" \/>\n<link rel=\"canonical\" href=\"https:\/\/swimchannel.net\/br\/treinador-de-kristof-rasovszky-conta-a-preparacao-especifica-para-o-rio-sena-foi-no-rio-danubio\/\" \/>\n<meta property=\"og:locale\" content=\"pt_BR\" \/>\n<meta property=\"og:type\" content=\"article\" \/>\n<meta property=\"og:title\" content=\"Treinador de Kristof Rasovszky conta a prepara\u00e7\u00e3o espec\u00edfica para o Rio Sena foi no Rio Dan\u00fabio - Swimchannel\" \/>\n<meta property=\"og:description\" content=\"Excelente entrevista do t\u00e9cnico Szokolai Laszlo da Hungria, treinador do medalhista de ouro Kristof Rasovszky e do medalhista de bronze David Betlehem na prova dos 10 quil\u00f4metros da Maratona Aqu\u00e1tica em Paris. A entrevista foi publicada na edi\u00e7\u00e3o deste s\u00e1bado do jornal h\u00fangaro Nemzeti Sport. Reportagem de Erika Kovacs. L\u00e1szl\u00f3 Szokolai: \u00c9 um presente que [&hellip;]\" \/>\n<meta property=\"og:url\" content=\"https:\/\/swimchannel.net\/br\/treinador-de-kristof-rasovszky-conta-a-preparacao-especifica-para-o-rio-sena-foi-no-rio-danubio\/\" \/>\n<meta property=\"og:site_name\" content=\"Swimchannel\" \/>\n<meta property=\"article:publisher\" content=\"https:\/\/www.facebook.com\/swimchannel\" \/>\n<meta property=\"article:published_time\" content=\"2024-08-10T16:41:16+00:00\" \/>\n<meta property=\"og:image\" content=\"https:\/\/swimchannel.net\/br\/wp-content\/uploads\/2024\/08\/9db7548f61be47d2b9867ea1ed554589-1030x579-1.jpg\" \/>\n\t<meta property=\"og:image:width\" content=\"1030\" \/>\n\t<meta property=\"og:image:height\" content=\"579\" \/>\n\t<meta property=\"og:image:type\" content=\"image\/jpeg\" \/>\n<meta name=\"author\" content=\"Alex Pussieldi\" \/>\n<meta name=\"twitter:card\" content=\"summary_large_image\" \/>\n<meta name=\"twitter:label1\" content=\"Escrito por\" \/>\n\t<meta name=\"twitter:data1\" content=\"Alex Pussieldi\" \/>\n\t<meta name=\"twitter:label2\" content=\"Est. tempo de leitura\" \/>\n\t<meta name=\"twitter:data2\" content=\"5 minutos\" \/>\n<script type=\"application\/ld+json\" class=\"yoast-schema-graph\">{\"@context\":\"https:\/\/schema.org\",\"@graph\":[{\"@type\":\"Article\",\"@id\":\"https:\/\/swimchannel.net\/br\/treinador-de-kristof-rasovszky-conta-a-preparacao-especifica-para-o-rio-sena-foi-no-rio-danubio\/#article\",\"isPartOf\":{\"@id\":\"https:\/\/swimchannel.net\/br\/treinador-de-kristof-rasovszky-conta-a-preparacao-especifica-para-o-rio-sena-foi-no-rio-danubio\/\"},\"author\":{\"name\":\"Alex Pussieldi\",\"@id\":\"https:\/\/swimchannel.net\/br\/#\/schema\/person\/cf549cb99cf75592fcf7c76213385e63\"},\"headline\":\"Treinador de Kristof Rasovszky conta a prepara\u00e7\u00e3o espec\u00edfica para o Rio Sena foi no Rio Dan\u00fabio\",\"datePublished\":\"2024-08-10T16:41:16+00:00\",\"mainEntityOfPage\":{\"@id\":\"https:\/\/swimchannel.net\/br\/treinador-de-kristof-rasovszky-conta-a-preparacao-especifica-para-o-rio-sena-foi-no-rio-danubio\/\"},\"wordCount\":996,\"commentCount\":1,\"publisher\":{\"@id\":\"https:\/\/swimchannel.net\/br\/#organization\"},\"image\":{\"@id\":\"https:\/\/swimchannel.net\/br\/treinador-de-kristof-rasovszky-conta-a-preparacao-especifica-para-o-rio-sena-foi-no-rio-danubio\/#primaryimage\"},\"thumbnailUrl\":\"https:\/\/swimchannel.net\/br\/wp-content\/uploads\/2024\/08\/9db7548f61be47d2b9867ea1ed554589-1030x579-1.jpg\",\"keywords\":[\"\u00c1guas abertas\",\"Jogos Ol\u00edmpicos Paris 2024\",\"Kristof Rasovszky\"],\"articleSection\":[\"\u00c1guas Abertas\",\"Campeonatos\",\"Jogos Ol\u00edmpicos\",\"\u00daltimas Not\u00edcias\"],\"inLanguage\":\"pt-BR\",\"potentialAction\":[{\"@type\":\"CommentAction\",\"name\":\"Comment\",\"target\":[\"https:\/\/swimchannel.net\/br\/treinador-de-kristof-rasovszky-conta-a-preparacao-especifica-para-o-rio-sena-foi-no-rio-danubio\/#respond\"]}]},{\"@type\":\"WebPage\",\"@id\":\"https:\/\/swimchannel.net\/br\/treinador-de-kristof-rasovszky-conta-a-preparacao-especifica-para-o-rio-sena-foi-no-rio-danubio\/\",\"url\":\"https:\/\/swimchannel.net\/br\/treinador-de-kristof-rasovszky-conta-a-preparacao-especifica-para-o-rio-sena-foi-no-rio-danubio\/\",\"name\":\"Treinador de Kristof Rasovszky conta a prepara\u00e7\u00e3o espec\u00edfica para o Rio Sena foi no Rio Dan\u00fabio - Swimchannel\",\"isPartOf\":{\"@id\":\"https:\/\/swimchannel.net\/br\/#website\"},\"primaryImageOfPage\":{\"@id\":\"https:\/\/swimchannel.net\/br\/treinador-de-kristof-rasovszky-conta-a-preparacao-especifica-para-o-rio-sena-foi-no-rio-danubio\/#primaryimage\"},\"image\":{\"@id\":\"https:\/\/swimchannel.net\/br\/treinador-de-kristof-rasovszky-conta-a-preparacao-especifica-para-o-rio-sena-foi-no-rio-danubio\/#primaryimage\"},\"thumbnailUrl\":\"https:\/\/swimchannel.net\/br\/wp-content\/uploads\/2024\/08\/9db7548f61be47d2b9867ea1ed554589-1030x579-1.jpg\",\"datePublished\":\"2024-08-10T16:41:16+00:00\",\"breadcrumb\":{\"@id\":\"https:\/\/swimchannel.net\/br\/treinador-de-kristof-rasovszky-conta-a-preparacao-especifica-para-o-rio-sena-foi-no-rio-danubio\/#breadcrumb\"},\"inLanguage\":\"pt-BR\",\"potentialAction\":[{\"@type\":\"ReadAction\",\"target\":[\"https:\/\/swimchannel.net\/br\/treinador-de-kristof-rasovszky-conta-a-preparacao-especifica-para-o-rio-sena-foi-no-rio-danubio\/\"]}]},{\"@type\":\"ImageObject\",\"inLanguage\":\"pt-BR\",\"@id\":\"https:\/\/swimchannel.net\/br\/treinador-de-kristof-rasovszky-conta-a-preparacao-especifica-para-o-rio-sena-foi-no-rio-danubio\/#primaryimage\",\"url\":\"https:\/\/swimchannel.net\/br\/wp-content\/uploads\/2024\/08\/9db7548f61be47d2b9867ea1ed554589-1030x579-1.jpg\",\"contentUrl\":\"https:\/\/swimchannel.net\/br\/wp-content\/uploads\/2024\/08\/9db7548f61be47d2b9867ea1ed554589-1030x579-1.jpg\",\"width\":1030,\"height\":579},{\"@type\":\"BreadcrumbList\",\"@id\":\"https:\/\/swimchannel.net\/br\/treinador-de-kristof-rasovszky-conta-a-preparacao-especifica-para-o-rio-sena-foi-no-rio-danubio\/#breadcrumb\",\"itemListElement\":[{\"@type\":\"ListItem\",\"position\":1,\"name\":\"Home\",\"item\":\"https:\/\/swimchannel.net\/br\/\"},{\"@type\":\"ListItem\",\"position\":2,\"name\":\"Treinador de Kristof Rasovszky conta a prepara\u00e7\u00e3o espec\u00edfica para o Rio Sena foi no Rio Dan\u00fabio\"}]},{\"@type\":\"WebSite\",\"@id\":\"https:\/\/swimchannel.net\/br\/#website\",\"url\":\"https:\/\/swimchannel.net\/br\/\",\"name\":\"Swimchannel\",\"description\":\"Maior portal de nata\u00e7\u00e3o da america latina\",\"publisher\":{\"@id\":\"https:\/\/swimchannel.net\/br\/#organization\"},\"potentialAction\":[{\"@type\":\"SearchAction\",\"target\":{\"@type\":\"EntryPoint\",\"urlTemplate\":\"https:\/\/swimchannel.net\/br\/?s={search_term_string}\"},\"query-input\":{\"@type\":\"PropertyValueSpecification\",\"valueRequired\":true,\"valueName\":\"search_term_string\"}}],\"inLanguage\":\"pt-BR\"},{\"@type\":\"Organization\",\"@id\":\"https:\/\/swimchannel.net\/br\/#organization\",\"name\":\"Swimchannel - Conectando voc\u00ea a Nata\u00e7\u00e3o\",\"url\":\"https:\/\/swimchannel.net\/br\/\",\"logo\":{\"@type\":\"ImageObject\",\"inLanguage\":\"pt-BR\",\"@id\":\"https:\/\/swimchannel.net\/br\/#\/schema\/logo\/image\/\",\"url\":\"https:\/\/swimchannel.net\/br\/wp-content\/uploads\/2026\/02\/SWIM-CHANNEL.png\",\"contentUrl\":\"https:\/\/swimchannel.net\/br\/wp-content\/uploads\/2026\/02\/SWIM-CHANNEL.png\",\"width\":1120,\"height\":630,\"caption\":\"Swimchannel - Conectando voc\u00ea a Nata\u00e7\u00e3o\"},\"image\":{\"@id\":\"https:\/\/swimchannel.net\/br\/#\/schema\/logo\/image\/\"},\"sameAs\":[\"https:\/\/www.facebook.com\/swimchannel\",\"https:\/\/www.instagram.com\/swimchannel\"]},{\"@type\":\"Person\",\"@id\":\"https:\/\/swimchannel.net\/br\/#\/schema\/person\/cf549cb99cf75592fcf7c76213385e63\",\"name\":\"Alex Pussieldi\",\"image\":{\"@type\":\"ImageObject\",\"inLanguage\":\"pt-BR\",\"@id\":\"https:\/\/swimchannel.net\/br\/#\/schema\/person\/image\/\",\"url\":\"https:\/\/swimchannel.net\/br\/wp-content\/uploads\/2021\/02\/9b1c252d-a4bd-4eda-b399-24565cac4114-100x100.jpg\",\"contentUrl\":\"https:\/\/swimchannel.net\/br\/wp-content\/uploads\/2021\/02\/9b1c252d-a4bd-4eda-b399-24565cac4114-100x100.jpg\",\"caption\":\"Alex Pussieldi\"},\"description\":\"Alexandre Pussieldi, apelidado de \u201ccoach\u201d, Foi t\u00e9cnico da sele\u00e7\u00e3o verde e amarela nas Olimp\u00edadas de Pequim-2008 e Londres-2012. O treinador ainda comandou outros quatro pa\u00edses: Kuwait, Paraguai, Aruba e Antilhas Holandesas, al\u00e9m da sele\u00e7\u00e3o americana de \u00e1guas abertas. Pussieldi tem passagens como comentarista de nata\u00e7\u00e3o do Grupo Globo e Swim Channel.\",\"url\":\"https:\/\/swimchannel.net\/br\/author\/alexpussieldi\/\"}]}<\/script>\n<!-- \/ Yoast SEO plugin. -->","yoast_head_json":{"title":"Treinador de Kristof Rasovszky conta a prepara\u00e7\u00e3o espec\u00edfica para o Rio Sena foi no Rio Dan\u00fabio - Swimchannel","robots":{"index":"index","follow":"follow","max-snippet":"max-snippet:-1","max-image-preview":"max-image-preview:large","max-video-preview":"max-video-preview:-1"},"canonical":"https:\/\/swimchannel.net\/br\/treinador-de-kristof-rasovszky-conta-a-preparacao-especifica-para-o-rio-sena-foi-no-rio-danubio\/","og_locale":"pt_BR","og_type":"article","og_title":"Treinador de Kristof Rasovszky conta a prepara\u00e7\u00e3o espec\u00edfica para o Rio Sena foi no Rio Dan\u00fabio - Swimchannel","og_description":"Excelente entrevista do t\u00e9cnico Szokolai Laszlo da Hungria, treinador do medalhista de ouro Kristof Rasovszky e do medalhista de bronze David Betlehem na prova dos 10 quil\u00f4metros da Maratona Aqu\u00e1tica em Paris. A entrevista foi publicada na edi\u00e7\u00e3o deste s\u00e1bado do jornal h\u00fangaro Nemzeti Sport. Reportagem de Erika Kovacs. L\u00e1szl\u00f3 Szokolai: \u00c9 um presente que [&hellip;]","og_url":"https:\/\/swimchannel.net\/br\/treinador-de-kristof-rasovszky-conta-a-preparacao-especifica-para-o-rio-sena-foi-no-rio-danubio\/","og_site_name":"Swimchannel","article_publisher":"https:\/\/www.facebook.com\/swimchannel","article_published_time":"2024-08-10T16:41:16+00:00","og_image":[{"width":1030,"height":579,"url":"https:\/\/swimchannel.net\/br\/wp-content\/uploads\/2024\/08\/9db7548f61be47d2b9867ea1ed554589-1030x579-1.jpg","type":"image\/jpeg"}],"author":"Alex Pussieldi","twitter_card":"summary_large_image","twitter_misc":{"Escrito por":"Alex Pussieldi","Est. tempo de leitura":"5 minutos"},"schema":{"@context":"https:\/\/schema.org","@graph":[{"@type":"Article","@id":"https:\/\/swimchannel.net\/br\/treinador-de-kristof-rasovszky-conta-a-preparacao-especifica-para-o-rio-sena-foi-no-rio-danubio\/#article","isPartOf":{"@id":"https:\/\/swimchannel.net\/br\/treinador-de-kristof-rasovszky-conta-a-preparacao-especifica-para-o-rio-sena-foi-no-rio-danubio\/"},"author":{"name":"Alex Pussieldi","@id":"https:\/\/swimchannel.net\/br\/#\/schema\/person\/cf549cb99cf75592fcf7c76213385e63"},"headline":"Treinador de Kristof Rasovszky conta a prepara\u00e7\u00e3o espec\u00edfica para o Rio Sena foi no Rio Dan\u00fabio","datePublished":"2024-08-10T16:41:16+00:00","mainEntityOfPage":{"@id":"https:\/\/swimchannel.net\/br\/treinador-de-kristof-rasovszky-conta-a-preparacao-especifica-para-o-rio-sena-foi-no-rio-danubio\/"},"wordCount":996,"commentCount":1,"publisher":{"@id":"https:\/\/swimchannel.net\/br\/#organization"},"image":{"@id":"https:\/\/swimchannel.net\/br\/treinador-de-kristof-rasovszky-conta-a-preparacao-especifica-para-o-rio-sena-foi-no-rio-danubio\/#primaryimage"},"thumbnailUrl":"https:\/\/swimchannel.net\/br\/wp-content\/uploads\/2024\/08\/9db7548f61be47d2b9867ea1ed554589-1030x579-1.jpg","keywords":["\u00c1guas abertas","Jogos Ol\u00edmpicos Paris 2024","Kristof Rasovszky"],"articleSection":["\u00c1guas Abertas","Campeonatos","Jogos Ol\u00edmpicos","\u00daltimas Not\u00edcias"],"inLanguage":"pt-BR","potentialAction":[{"@type":"CommentAction","name":"Comment","target":["https:\/\/swimchannel.net\/br\/treinador-de-kristof-rasovszky-conta-a-preparacao-especifica-para-o-rio-sena-foi-no-rio-danubio\/#respond"]}]},{"@type":"WebPage","@id":"https:\/\/swimchannel.net\/br\/treinador-de-kristof-rasovszky-conta-a-preparacao-especifica-para-o-rio-sena-foi-no-rio-danubio\/","url":"https:\/\/swimchannel.net\/br\/treinador-de-kristof-rasovszky-conta-a-preparacao-especifica-para-o-rio-sena-foi-no-rio-danubio\/","name":"Treinador de Kristof Rasovszky conta a prepara\u00e7\u00e3o espec\u00edfica para o Rio Sena foi no Rio Dan\u00fabio - Swimchannel","isPartOf":{"@id":"https:\/\/swimchannel.net\/br\/#website"},"primaryImageOfPage":{"@id":"https:\/\/swimchannel.net\/br\/treinador-de-kristof-rasovszky-conta-a-preparacao-especifica-para-o-rio-sena-foi-no-rio-danubio\/#primaryimage"},"image":{"@id":"https:\/\/swimchannel.net\/br\/treinador-de-kristof-rasovszky-conta-a-preparacao-especifica-para-o-rio-sena-foi-no-rio-danubio\/#primaryimage"},"thumbnailUrl":"https:\/\/swimchannel.net\/br\/wp-content\/uploads\/2024\/08\/9db7548f61be47d2b9867ea1ed554589-1030x579-1.jpg","datePublished":"2024-08-10T16:41:16+00:00","breadcrumb":{"@id":"https:\/\/swimchannel.net\/br\/treinador-de-kristof-rasovszky-conta-a-preparacao-especifica-para-o-rio-sena-foi-no-rio-danubio\/#breadcrumb"},"inLanguage":"pt-BR","potentialAction":[{"@type":"ReadAction","target":["https:\/\/swimchannel.net\/br\/treinador-de-kristof-rasovszky-conta-a-preparacao-especifica-para-o-rio-sena-foi-no-rio-danubio\/"]}]},{"@type":"ImageObject","inLanguage":"pt-BR","@id":"https:\/\/swimchannel.net\/br\/treinador-de-kristof-rasovszky-conta-a-preparacao-especifica-para-o-rio-sena-foi-no-rio-danubio\/#primaryimage","url":"https:\/\/swimchannel.net\/br\/wp-content\/uploads\/2024\/08\/9db7548f61be47d2b9867ea1ed554589-1030x579-1.jpg","contentUrl":"https:\/\/swimchannel.net\/br\/wp-content\/uploads\/2024\/08\/9db7548f61be47d2b9867ea1ed554589-1030x579-1.jpg","width":1030,"height":579},{"@type":"BreadcrumbList","@id":"https:\/\/swimchannel.net\/br\/treinador-de-kristof-rasovszky-conta-a-preparacao-especifica-para-o-rio-sena-foi-no-rio-danubio\/#breadcrumb","itemListElement":[{"@type":"ListItem","position":1,"name":"Home","item":"https:\/\/swimchannel.net\/br\/"},{"@type":"ListItem","position":2,"name":"Treinador de Kristof Rasovszky conta a prepara\u00e7\u00e3o espec\u00edfica para o Rio Sena foi no Rio Dan\u00fabio"}]},{"@type":"WebSite","@id":"https:\/\/swimchannel.net\/br\/#website","url":"https:\/\/swimchannel.net\/br\/","name":"Swimchannel","description":"Maior portal de nata\u00e7\u00e3o da america latina","publisher":{"@id":"https:\/\/swimchannel.net\/br\/#organization"},"potentialAction":[{"@type":"SearchAction","target":{"@type":"EntryPoint","urlTemplate":"https:\/\/swimchannel.net\/br\/?s={search_term_string}"},"query-input":{"@type":"PropertyValueSpecification","valueRequired":true,"valueName":"search_term_string"}}],"inLanguage":"pt-BR"},{"@type":"Organization","@id":"https:\/\/swimchannel.net\/br\/#organization","name":"Swimchannel - Conectando voc\u00ea a Nata\u00e7\u00e3o","url":"https:\/\/swimchannel.net\/br\/","logo":{"@type":"ImageObject","inLanguage":"pt-BR","@id":"https:\/\/swimchannel.net\/br\/#\/schema\/logo\/image\/","url":"https:\/\/swimchannel.net\/br\/wp-content\/uploads\/2026\/02\/SWIM-CHANNEL.png","contentUrl":"https:\/\/swimchannel.net\/br\/wp-content\/uploads\/2026\/02\/SWIM-CHANNEL.png","width":1120,"height":630,"caption":"Swimchannel - Conectando voc\u00ea a Nata\u00e7\u00e3o"},"image":{"@id":"https:\/\/swimchannel.net\/br\/#\/schema\/logo\/image\/"},"sameAs":["https:\/\/www.facebook.com\/swimchannel","https:\/\/www.instagram.com\/swimchannel"]},{"@type":"Person","@id":"https:\/\/swimchannel.net\/br\/#\/schema\/person\/cf549cb99cf75592fcf7c76213385e63","name":"Alex Pussieldi","image":{"@type":"ImageObject","inLanguage":"pt-BR","@id":"https:\/\/swimchannel.net\/br\/#\/schema\/person\/image\/","url":"https:\/\/swimchannel.net\/br\/wp-content\/uploads\/2021\/02\/9b1c252d-a4bd-4eda-b399-24565cac4114-100x100.jpg","contentUrl":"https:\/\/swimchannel.net\/br\/wp-content\/uploads\/2021\/02\/9b1c252d-a4bd-4eda-b399-24565cac4114-100x100.jpg","caption":"Alex Pussieldi"},"description":"Alexandre Pussieldi, apelidado de \u201ccoach\u201d, Foi t\u00e9cnico da sele\u00e7\u00e3o verde e amarela nas Olimp\u00edadas de Pequim-2008 e Londres-2012. O treinador ainda comandou outros quatro pa\u00edses: Kuwait, Paraguai, Aruba e Antilhas Holandesas, al\u00e9m da sele\u00e7\u00e3o americana de \u00e1guas abertas. Pussieldi tem passagens como comentarista de nata\u00e7\u00e3o do Grupo Globo e Swim Channel.","url":"https:\/\/swimchannel.net\/br\/author\/alexpussieldi\/"}]}},"_links":{"self":[{"href":"https:\/\/swimchannel.net\/br\/wp-json\/wp\/v2\/posts\/68364","targetHints":{"allow":["GET"]}}],"collection":[{"href":"https:\/\/swimchannel.net\/br\/wp-json\/wp\/v2\/posts"}],"about":[{"href":"https:\/\/swimchannel.net\/br\/wp-json\/wp\/v2\/types\/post"}],"author":[{"embeddable":true,"href":"https:\/\/swimchannel.net\/br\/wp-json\/wp\/v2\/users\/12"}],"replies":[{"embeddable":true,"href":"https:\/\/swimchannel.net\/br\/wp-json\/wp\/v2\/comments?post=68364"}],"version-history":[{"count":1,"href":"https:\/\/swimchannel.net\/br\/wp-json\/wp\/v2\/posts\/68364\/revisions"}],"predecessor-version":[{"id":68368,"href":"https:\/\/swimchannel.net\/br\/wp-json\/wp\/v2\/posts\/68364\/revisions\/68368"}],"wp:featuredmedia":[{"embeddable":true,"href":"https:\/\/swimchannel.net\/br\/wp-json\/wp\/v2\/media\/68367"}],"wp:attachment":[{"href":"https:\/\/swimchannel.net\/br\/wp-json\/wp\/v2\/media?parent=68364"}],"wp:term":[{"taxonomy":"category","embeddable":true,"href":"https:\/\/swimchannel.net\/br\/wp-json\/wp\/v2\/categories?post=68364"},{"taxonomy":"post_tag","embeddable":true,"href":"https:\/\/swimchannel.net\/br\/wp-json\/wp\/v2\/tags?post=68364"}],"curies":[{"name":"wp","href":"https:\/\/api.w.org\/{rel}","templated":true}]}}