{"id":68602,"date":"2024-08-19T18:02:23","date_gmt":"2024-08-19T21:02:23","guid":{"rendered":"https:\/\/swimchannel.net\/br\/?p=68602"},"modified":"2024-08-19T18:02:23","modified_gmt":"2024-08-19T21:02:23","slug":"edson-vianna-conclui-a-travessia-do-leme-ao-pontal-aos-62-anos","status":"publish","type":"post","link":"https:\/\/swimchannel.net\/br\/edson-vianna-conclui-a-travessia-do-leme-ao-pontal-aos-62-anos\/","title":{"rendered":"Edson Vianna conclui a Travessia do Leme ao Pontal aos 62 anos"},"content":{"rendered":"<p>Durante os Jogos Ol\u00edmpicos, o nadador Edson Vianna entrou para a hist\u00f3ria da Travessia do Leme ao Pontal e tamb\u00e9m para as p\u00e1ginas do Guiness Book. Aos 62 anos de idade, ele concluiu com sucesso a ultramaratona aqu\u00e1tica de 36 km nas \u00e1guas do Rio de Janeiro. De quebra, Edson tamb\u00e9m bateu o recorde do americano Anthony McCarley e tornou-se o nadador 60+ mais r\u00e1pido da hist\u00f3ria a completar com sucesso a prova sem neoprene, feito que lhe valeu men\u00e7\u00e3o no famoso livro dos recordes.<\/p>\n<p>Natural de Rio das Ostras, Edson realizou sua prova durante o dia 2 de agosto. Durante o trajeto o nadador conseguiu manter um bom ritmo e encarou um pouco da corrente contra na metade do percurso. Por\u00e9m, nada parou o experiente nadador que completou os 36 km nos mares cariocas em 11h15min, na categoria sem roupa de neoprene.<\/p>\n<p>&#8220;Foi uma batalha que venci. Durante a parte nadada durante a noite eu me senti como se estivsse em um planeta distante, totalmente isolado. Comecei a curtir a prova quando vi o nascel do sol e pensei comigo mesmo &#8220;eu vou chegar&#8221;. Dali pra frente a prova foi maravilhosa&#8221;, contou Edson logo ap\u00f3s chegar a Praia do Pontal. Sobre o recorde ele afirmou que sua conquista pode servir como inspira\u00e7\u00e3o para outros nadadores. &#8220;Acredito que com esse exemplo posso incentivar outras pessoas mais velhas e at\u00e9 mais novas a mudarem suas vidas e praticarem mais esportes&#8221;, disse.<\/p>\n<blockquote class=\"instagram-media\" style=\"background: #FFF; border: 0; border-radius: 3px; box-shadow: 0 0 1px 0 rgba(0,0,0,0.5),0 1px 10px 0 rgba(0,0,0,0.15); margin: 1px; max-width: 540px; min-width: 326px; padding: 0; width: calc(100% - 2px);\" data-instgrm-captioned=\"\" data-instgrm-permalink=\"https:\/\/www.instagram.com\/reel\/C-K4dnsOCtc\/?utm_source=ig_embed&amp;utm_campaign=loading\" data-instgrm-version=\"14\">\n<div style=\"padding: 16px;\">\n<p>&nbsp;<\/p>\n<div style=\"display: flex; flex-direction: row; align-items: center;\">\n<div style=\"background-color: #f4f4f4; border-radius: 50%; flex-grow: 0; height: 40px; margin-right: 14px; width: 40px;\"><\/div>\n<div style=\"display: flex; flex-direction: column; flex-grow: 1; justify-content: center;\">\n<div style=\"background-color: #f4f4f4; border-radius: 4px; flex-grow: 0; height: 14px; margin-bottom: 6px; width: 100px;\"><\/div>\n<div style=\"background-color: #f4f4f4; border-radius: 4px; flex-grow: 0; height: 14px; width: 60px;\"><\/div>\n<\/div>\n<\/div>\n<div style=\"padding: 19% 0;\"><\/div>\n<div style=\"display: block; height: 50px; margin: 0 auto 12px; width: 50px;\"><\/div>\n<div style=\"padding-top: 8px;\">\n<div style=\"color: #3897f0; font-family: Arial,sans-serif; font-size: 14px; font-style: normal; font-weight: 550; line-height: 18px;\">Ver essa foto no Instagram<\/div>\n<\/div>\n<div style=\"padding: 12.5% 0;\"><\/div>\n<div style=\"display: flex; flex-direction: row; margin-bottom: 14px; align-items: center;\">\n<div>\n<div style=\"background-color: #f4f4f4; border-radius: 50%; height: 12.5px; width: 12.5px; transform: translateX(0px) translateY(7px);\"><\/div>\n<div style=\"background-color: #f4f4f4; height: 12.5px; transform: rotate(-45deg) translateX(3px) translateY(1px); width: 12.5px; flex-grow: 0; margin-right: 14px; margin-left: 2px;\"><\/div>\n<div style=\"background-color: #f4f4f4; border-radius: 50%; height: 12.5px; width: 12.5px; transform: translateX(9px) translateY(-18px);\"><\/div>\n<\/div>\n<div style=\"margin-left: 8px;\">\n<div style=\"background-color: #f4f4f4; border-radius: 50%; flex-grow: 0; height: 20px; width: 20px;\"><\/div>\n<div style=\"width: 0; height: 0; border-top: 2px solid transparent; border-left: 6px solid #f4f4f4; border-bottom: 2px solid transparent; transform: translateX(16px) translateY(-4px) rotate(30deg);\"><\/div>\n<\/div>\n<div style=\"margin-left: auto;\">\n<div style=\"width: 0px; border-top: 8px solid #F4F4F4; border-right: 8px solid transparent; transform: translateY(16px);\"><\/div>\n<div style=\"background-color: #f4f4f4; flex-grow: 0; height: 12px; width: 16px; transform: translateY(-4px);\"><\/div>\n<div style=\"width: 0; height: 0; border-top: 8px solid #F4F4F4; border-left: 8px solid transparent; transform: translateY(-4px) translateX(8px);\"><\/div>\n<\/div>\n<\/div>\n<div style=\"display: flex; flex-direction: column; flex-grow: 1; justify-content: center; margin-bottom: 24px;\">\n<div style=\"background-color: #f4f4f4; border-radius: 4px; flex-grow: 0; height: 14px; margin-bottom: 6px; width: 224px;\"><\/div>\n<div style=\"background-color: #f4f4f4; border-radius: 4px; flex-grow: 0; height: 14px; width: 144px;\"><\/div>\n<\/div>\n<p>&nbsp;<\/p>\n<p style=\"color: #c9c8cd; font-family: Arial,sans-serif; font-size: 14px; line-height: 17px; margin-bottom: 0; margin-top: 8px; overflow: hidden; padding: 8px 0 7px; text-align: center; text-overflow: ellipsis; white-space: nowrap;\"><a style=\"color: #c9c8cd; font-family: Arial,sans-serif; font-size: 14px; font-style: normal; font-weight: normal; line-height: 17px; text-decoration: none;\" href=\"https:\/\/www.instagram.com\/reel\/C-K4dnsOCtc\/?utm_source=ig_embed&amp;utm_campaign=loading\" target=\"_blank\" rel=\"noopener\">Uma publica\u00e7\u00e3o compartilhada por LPSA (@swimlpsa)<\/a><\/p>\n<\/div>\n<\/blockquote>\n<p><script async src=\"\/\/www.instagram.com\/embed.js\"><\/script><\/p>\n<p>Com esse resultado, Edson bateu a marca do americano McCarley, que detinha desde 2019 o recorde de percurso na categoria 60+ sem neoprene. Foi ainda o 55\u00ba atleta a nadar o percurso sem traje de borracha e a 135\u00aa travessia conclu\u00edda contabilizada pela LPSA.<\/p>\n<p>A Travessia do Leme ao Pontal \u00e9 realizada desde 2016 pela Leme to Pontal Swimming Association (LPSA). A prova \u00e9 realizada de forma individual ou em revezamento a partir de dois nadadores. Para mais informa\u00e7\u00f5es, valores e recordes da prova acesse: <strong><a href=\"https:\/\/www.swimlpsa.com.br\/\" target=\"_blank\" rel=\"noopener\">https:\/\/www.swimlpsa.com.br\/<\/a><\/strong>.<\/p>\n","protected":false},"excerpt":{"rendered":"<p>Durante os Jogos Ol\u00edmpicos, o nadador Edson Vianna entrou para a hist\u00f3ria da Travessia do Leme ao Pontal e tamb\u00e9m para as p\u00e1ginas do Guiness Book. Aos 62 anos de idade, ele concluiu com sucesso a ultramaratona aqu\u00e1tica de 36 km nas \u00e1guas do Rio de Janeiro. De quebra, Edson tamb\u00e9m bateu o recorde do [&hellip;]<\/p>\n","protected":false},"author":3,"featured_media":68604,"comment_status":"open","ping_status":"open","sticky":false,"template":"","format":"gallery","meta":{"footnotes":""},"categories":[115],"tags":[14,6079,555,5,289],"class_list":["post-68602","post","type-post","status-publish","format-gallery","has-post-thumbnail","hentry","category-aguas-abertas","tag-aguas-abertas","tag-edson-vianna","tag-lpsa","tag-natacao","tag-travessia-do-leme-ao-pontal","post_format-post-format-gallery"],"yoast_head":"<!-- This site is optimized with the Yoast SEO plugin v27.0 - https:\/\/yoast.com\/product\/yoast-seo-wordpress\/ -->\n<title>Edson Vianna conclui a Travessia do Leme ao Pontal aos 62 anos - Swimchannel<\/title>\n<meta name=\"robots\" content=\"index, follow, max-snippet:-1, max-image-preview:large, max-video-preview:-1\" \/>\n<link rel=\"canonical\" href=\"https:\/\/swimchannel.net\/br\/edson-vianna-conclui-a-travessia-do-leme-ao-pontal-aos-62-anos\/\" \/>\n<meta property=\"og:locale\" content=\"pt_BR\" \/>\n<meta property=\"og:type\" content=\"article\" \/>\n<meta property=\"og:title\" content=\"Edson Vianna conclui a Travessia do Leme ao Pontal aos 62 anos - Swimchannel\" \/>\n<meta property=\"og:description\" content=\"Durante os Jogos Ol\u00edmpicos, o nadador Edson Vianna entrou para a hist\u00f3ria da Travessia do Leme ao Pontal e tamb\u00e9m para as p\u00e1ginas do Guiness Book. Aos 62 anos de idade, ele concluiu com sucesso a ultramaratona aqu\u00e1tica de 36 km nas \u00e1guas do Rio de Janeiro. De quebra, Edson tamb\u00e9m bateu o recorde do [&hellip;]\" \/>\n<meta property=\"og:url\" content=\"https:\/\/swimchannel.net\/br\/edson-vianna-conclui-a-travessia-do-leme-ao-pontal-aos-62-anos\/\" \/>\n<meta property=\"og:site_name\" content=\"Swimchannel\" \/>\n<meta property=\"article:publisher\" content=\"https:\/\/www.facebook.com\/swimchannel\" \/>\n<meta property=\"article:published_time\" content=\"2024-08-19T21:02:23+00:00\" \/>\n<meta property=\"og:image\" content=\"https:\/\/swimchannel.net\/br\/wp-content\/uploads\/2024\/08\/Captura-de-tela-2024-08-19-174002.png\" \/>\n\t<meta property=\"og:image:width\" content=\"845\" \/>\n\t<meta property=\"og:image:height\" content=\"744\" \/>\n\t<meta property=\"og:image:type\" content=\"image\/png\" \/>\n<meta name=\"author\" content=\"Guilherme Freitas\" \/>\n<meta name=\"twitter:card\" content=\"summary_large_image\" \/>\n<meta name=\"twitter:label1\" content=\"Escrito por\" \/>\n\t<meta name=\"twitter:data1\" content=\"Guilherme Freitas\" \/>\n\t<meta name=\"twitter:label2\" content=\"Est. tempo de leitura\" \/>\n\t<meta name=\"twitter:data2\" content=\"2 minutos\" \/>\n<script type=\"application\/ld+json\" class=\"yoast-schema-graph\">{\"@context\":\"https:\/\/schema.org\",\"@graph\":[{\"@type\":\"Article\",\"@id\":\"https:\/\/swimchannel.net\/br\/edson-vianna-conclui-a-travessia-do-leme-ao-pontal-aos-62-anos\/#article\",\"isPartOf\":{\"@id\":\"https:\/\/swimchannel.net\/br\/edson-vianna-conclui-a-travessia-do-leme-ao-pontal-aos-62-anos\/\"},\"author\":{\"name\":\"Guilherme Freitas\",\"@id\":\"https:\/\/swimchannel.net\/br\/#\/schema\/person\/aa2a63bab3275f53749a83276b213c48\"},\"headline\":\"Edson Vianna conclui a Travessia do Leme ao Pontal aos 62 anos\",\"datePublished\":\"2024-08-19T21:02:23+00:00\",\"mainEntityOfPage\":{\"@id\":\"https:\/\/swimchannel.net\/br\/edson-vianna-conclui-a-travessia-do-leme-ao-pontal-aos-62-anos\/\"},\"wordCount\":358,\"commentCount\":1,\"publisher\":{\"@id\":\"https:\/\/swimchannel.net\/br\/#organization\"},\"image\":{\"@id\":\"https:\/\/swimchannel.net\/br\/edson-vianna-conclui-a-travessia-do-leme-ao-pontal-aos-62-anos\/#primaryimage\"},\"thumbnailUrl\":\"https:\/\/swimchannel.net\/br\/wp-content\/uploads\/2024\/08\/Captura-de-tela-2024-08-19-174002.png\",\"keywords\":[\"\u00c1guas abertas\",\"Edson Vianna\",\"LPSA\",\"natacao\",\"Travessia do Leme ao Pontal\"],\"articleSection\":[\"\u00c1guas Abertas\"],\"inLanguage\":\"pt-BR\",\"potentialAction\":[{\"@type\":\"CommentAction\",\"name\":\"Comment\",\"target\":[\"https:\/\/swimchannel.net\/br\/edson-vianna-conclui-a-travessia-do-leme-ao-pontal-aos-62-anos\/#respond\"]}]},{\"@type\":\"WebPage\",\"@id\":\"https:\/\/swimchannel.net\/br\/edson-vianna-conclui-a-travessia-do-leme-ao-pontal-aos-62-anos\/\",\"url\":\"https:\/\/swimchannel.net\/br\/edson-vianna-conclui-a-travessia-do-leme-ao-pontal-aos-62-anos\/\",\"name\":\"Edson Vianna conclui a Travessia do Leme ao Pontal aos 62 anos - Swimchannel\",\"isPartOf\":{\"@id\":\"https:\/\/swimchannel.net\/br\/#website\"},\"primaryImageOfPage\":{\"@id\":\"https:\/\/swimchannel.net\/br\/edson-vianna-conclui-a-travessia-do-leme-ao-pontal-aos-62-anos\/#primaryimage\"},\"image\":{\"@id\":\"https:\/\/swimchannel.net\/br\/edson-vianna-conclui-a-travessia-do-leme-ao-pontal-aos-62-anos\/#primaryimage\"},\"thumbnailUrl\":\"https:\/\/swimchannel.net\/br\/wp-content\/uploads\/2024\/08\/Captura-de-tela-2024-08-19-174002.png\",\"datePublished\":\"2024-08-19T21:02:23+00:00\",\"breadcrumb\":{\"@id\":\"https:\/\/swimchannel.net\/br\/edson-vianna-conclui-a-travessia-do-leme-ao-pontal-aos-62-anos\/#breadcrumb\"},\"inLanguage\":\"pt-BR\",\"potentialAction\":[{\"@type\":\"ReadAction\",\"target\":[\"https:\/\/swimchannel.net\/br\/edson-vianna-conclui-a-travessia-do-leme-ao-pontal-aos-62-anos\/\"]}]},{\"@type\":\"ImageObject\",\"inLanguage\":\"pt-BR\",\"@id\":\"https:\/\/swimchannel.net\/br\/edson-vianna-conclui-a-travessia-do-leme-ao-pontal-aos-62-anos\/#primaryimage\",\"url\":\"https:\/\/swimchannel.net\/br\/wp-content\/uploads\/2024\/08\/Captura-de-tela-2024-08-19-174002.png\",\"contentUrl\":\"https:\/\/swimchannel.net\/br\/wp-content\/uploads\/2024\/08\/Captura-de-tela-2024-08-19-174002.png\",\"width\":845,\"height\":744,\"caption\":\"Edson Vianna - Foto: LPSA\/Reprodu\u00e7\u00e3o\"},{\"@type\":\"BreadcrumbList\",\"@id\":\"https:\/\/swimchannel.net\/br\/edson-vianna-conclui-a-travessia-do-leme-ao-pontal-aos-62-anos\/#breadcrumb\",\"itemListElement\":[{\"@type\":\"ListItem\",\"position\":1,\"name\":\"Home\",\"item\":\"https:\/\/swimchannel.net\/br\/\"},{\"@type\":\"ListItem\",\"position\":2,\"name\":\"Edson Vianna conclui a Travessia do Leme ao Pontal aos 62 anos\"}]},{\"@type\":\"WebSite\",\"@id\":\"https:\/\/swimchannel.net\/br\/#website\",\"url\":\"https:\/\/swimchannel.net\/br\/\",\"name\":\"Swimchannel\",\"description\":\"Maior portal de nata\u00e7\u00e3o da america latina\",\"publisher\":{\"@id\":\"https:\/\/swimchannel.net\/br\/#organization\"},\"potentialAction\":[{\"@type\":\"SearchAction\",\"target\":{\"@type\":\"EntryPoint\",\"urlTemplate\":\"https:\/\/swimchannel.net\/br\/?s={search_term_string}\"},\"query-input\":{\"@type\":\"PropertyValueSpecification\",\"valueRequired\":true,\"valueName\":\"search_term_string\"}}],\"inLanguage\":\"pt-BR\"},{\"@type\":\"Organization\",\"@id\":\"https:\/\/swimchannel.net\/br\/#organization\",\"name\":\"Swimchannel - Conectando voc\u00ea a Nata\u00e7\u00e3o\",\"url\":\"https:\/\/swimchannel.net\/br\/\",\"logo\":{\"@type\":\"ImageObject\",\"inLanguage\":\"pt-BR\",\"@id\":\"https:\/\/swimchannel.net\/br\/#\/schema\/logo\/image\/\",\"url\":\"https:\/\/swimchannel.net\/br\/wp-content\/uploads\/2026\/02\/SWIM-CHANNEL.png\",\"contentUrl\":\"https:\/\/swimchannel.net\/br\/wp-content\/uploads\/2026\/02\/SWIM-CHANNEL.png\",\"width\":1120,\"height\":630,\"caption\":\"Swimchannel - Conectando voc\u00ea a Nata\u00e7\u00e3o\"},\"image\":{\"@id\":\"https:\/\/swimchannel.net\/br\/#\/schema\/logo\/image\/\"},\"sameAs\":[\"https:\/\/www.facebook.com\/swimchannel\",\"https:\/\/www.instagram.com\/swimchannel\"]},{\"@type\":\"Person\",\"@id\":\"https:\/\/swimchannel.net\/br\/#\/schema\/person\/aa2a63bab3275f53749a83276b213c48\",\"name\":\"Guilherme Freitas\",\"image\":{\"@type\":\"ImageObject\",\"inLanguage\":\"pt-BR\",\"@id\":\"https:\/\/swimchannel.net\/br\/#\/schema\/person\/image\/\",\"url\":\"https:\/\/swimchannel.net\/br\/wp-content\/uploads\/2025\/10\/gui22-193x180.png\",\"contentUrl\":\"https:\/\/swimchannel.net\/br\/wp-content\/uploads\/2025\/10\/gui22-193x180.png\",\"caption\":\"Guilherme Freitas\"},\"description\":\"Jornalista s\u00eanior da SWIM CHANNEL, ex-correspondente da FINA no Brasil e pesquisador acad\u00eamico.\",\"sameAs\":[\"instagram.com\/guifreitas86\"],\"url\":\"https:\/\/swimchannel.net\/br\/author\/guilherme-freitas\/\"}]}<\/script>\n<!-- \/ Yoast SEO plugin. -->","yoast_head_json":{"title":"Edson Vianna conclui a Travessia do Leme ao Pontal aos 62 anos - Swimchannel","robots":{"index":"index","follow":"follow","max-snippet":"max-snippet:-1","max-image-preview":"max-image-preview:large","max-video-preview":"max-video-preview:-1"},"canonical":"https:\/\/swimchannel.net\/br\/edson-vianna-conclui-a-travessia-do-leme-ao-pontal-aos-62-anos\/","og_locale":"pt_BR","og_type":"article","og_title":"Edson Vianna conclui a Travessia do Leme ao Pontal aos 62 anos - Swimchannel","og_description":"Durante os Jogos Ol\u00edmpicos, o nadador Edson Vianna entrou para a hist\u00f3ria da Travessia do Leme ao Pontal e tamb\u00e9m para as p\u00e1ginas do Guiness Book. Aos 62 anos de idade, ele concluiu com sucesso a ultramaratona aqu\u00e1tica de 36 km nas \u00e1guas do Rio de Janeiro. De quebra, Edson tamb\u00e9m bateu o recorde do [&hellip;]","og_url":"https:\/\/swimchannel.net\/br\/edson-vianna-conclui-a-travessia-do-leme-ao-pontal-aos-62-anos\/","og_site_name":"Swimchannel","article_publisher":"https:\/\/www.facebook.com\/swimchannel","article_published_time":"2024-08-19T21:02:23+00:00","og_image":[{"width":845,"height":744,"url":"https:\/\/swimchannel.net\/br\/wp-content\/uploads\/2024\/08\/Captura-de-tela-2024-08-19-174002.png","type":"image\/png"}],"author":"Guilherme Freitas","twitter_card":"summary_large_image","twitter_misc":{"Escrito por":"Guilherme Freitas","Est. tempo de leitura":"2 minutos"},"schema":{"@context":"https:\/\/schema.org","@graph":[{"@type":"Article","@id":"https:\/\/swimchannel.net\/br\/edson-vianna-conclui-a-travessia-do-leme-ao-pontal-aos-62-anos\/#article","isPartOf":{"@id":"https:\/\/swimchannel.net\/br\/edson-vianna-conclui-a-travessia-do-leme-ao-pontal-aos-62-anos\/"},"author":{"name":"Guilherme Freitas","@id":"https:\/\/swimchannel.net\/br\/#\/schema\/person\/aa2a63bab3275f53749a83276b213c48"},"headline":"Edson Vianna conclui a Travessia do Leme ao Pontal aos 62 anos","datePublished":"2024-08-19T21:02:23+00:00","mainEntityOfPage":{"@id":"https:\/\/swimchannel.net\/br\/edson-vianna-conclui-a-travessia-do-leme-ao-pontal-aos-62-anos\/"},"wordCount":358,"commentCount":1,"publisher":{"@id":"https:\/\/swimchannel.net\/br\/#organization"},"image":{"@id":"https:\/\/swimchannel.net\/br\/edson-vianna-conclui-a-travessia-do-leme-ao-pontal-aos-62-anos\/#primaryimage"},"thumbnailUrl":"https:\/\/swimchannel.net\/br\/wp-content\/uploads\/2024\/08\/Captura-de-tela-2024-08-19-174002.png","keywords":["\u00c1guas abertas","Edson Vianna","LPSA","natacao","Travessia do Leme ao Pontal"],"articleSection":["\u00c1guas Abertas"],"inLanguage":"pt-BR","potentialAction":[{"@type":"CommentAction","name":"Comment","target":["https:\/\/swimchannel.net\/br\/edson-vianna-conclui-a-travessia-do-leme-ao-pontal-aos-62-anos\/#respond"]}]},{"@type":"WebPage","@id":"https:\/\/swimchannel.net\/br\/edson-vianna-conclui-a-travessia-do-leme-ao-pontal-aos-62-anos\/","url":"https:\/\/swimchannel.net\/br\/edson-vianna-conclui-a-travessia-do-leme-ao-pontal-aos-62-anos\/","name":"Edson Vianna conclui a Travessia do Leme ao Pontal aos 62 anos - Swimchannel","isPartOf":{"@id":"https:\/\/swimchannel.net\/br\/#website"},"primaryImageOfPage":{"@id":"https:\/\/swimchannel.net\/br\/edson-vianna-conclui-a-travessia-do-leme-ao-pontal-aos-62-anos\/#primaryimage"},"image":{"@id":"https:\/\/swimchannel.net\/br\/edson-vianna-conclui-a-travessia-do-leme-ao-pontal-aos-62-anos\/#primaryimage"},"thumbnailUrl":"https:\/\/swimchannel.net\/br\/wp-content\/uploads\/2024\/08\/Captura-de-tela-2024-08-19-174002.png","datePublished":"2024-08-19T21:02:23+00:00","breadcrumb":{"@id":"https:\/\/swimchannel.net\/br\/edson-vianna-conclui-a-travessia-do-leme-ao-pontal-aos-62-anos\/#breadcrumb"},"inLanguage":"pt-BR","potentialAction":[{"@type":"ReadAction","target":["https:\/\/swimchannel.net\/br\/edson-vianna-conclui-a-travessia-do-leme-ao-pontal-aos-62-anos\/"]}]},{"@type":"ImageObject","inLanguage":"pt-BR","@id":"https:\/\/swimchannel.net\/br\/edson-vianna-conclui-a-travessia-do-leme-ao-pontal-aos-62-anos\/#primaryimage","url":"https:\/\/swimchannel.net\/br\/wp-content\/uploads\/2024\/08\/Captura-de-tela-2024-08-19-174002.png","contentUrl":"https:\/\/swimchannel.net\/br\/wp-content\/uploads\/2024\/08\/Captura-de-tela-2024-08-19-174002.png","width":845,"height":744,"caption":"Edson Vianna - Foto: LPSA\/Reprodu\u00e7\u00e3o"},{"@type":"BreadcrumbList","@id":"https:\/\/swimchannel.net\/br\/edson-vianna-conclui-a-travessia-do-leme-ao-pontal-aos-62-anos\/#breadcrumb","itemListElement":[{"@type":"ListItem","position":1,"name":"Home","item":"https:\/\/swimchannel.net\/br\/"},{"@type":"ListItem","position":2,"name":"Edson Vianna conclui a Travessia do Leme ao Pontal aos 62 anos"}]},{"@type":"WebSite","@id":"https:\/\/swimchannel.net\/br\/#website","url":"https:\/\/swimchannel.net\/br\/","name":"Swimchannel","description":"Maior portal de nata\u00e7\u00e3o da america latina","publisher":{"@id":"https:\/\/swimchannel.net\/br\/#organization"},"potentialAction":[{"@type":"SearchAction","target":{"@type":"EntryPoint","urlTemplate":"https:\/\/swimchannel.net\/br\/?s={search_term_string}"},"query-input":{"@type":"PropertyValueSpecification","valueRequired":true,"valueName":"search_term_string"}}],"inLanguage":"pt-BR"},{"@type":"Organization","@id":"https:\/\/swimchannel.net\/br\/#organization","name":"Swimchannel - Conectando voc\u00ea a Nata\u00e7\u00e3o","url":"https:\/\/swimchannel.net\/br\/","logo":{"@type":"ImageObject","inLanguage":"pt-BR","@id":"https:\/\/swimchannel.net\/br\/#\/schema\/logo\/image\/","url":"https:\/\/swimchannel.net\/br\/wp-content\/uploads\/2026\/02\/SWIM-CHANNEL.png","contentUrl":"https:\/\/swimchannel.net\/br\/wp-content\/uploads\/2026\/02\/SWIM-CHANNEL.png","width":1120,"height":630,"caption":"Swimchannel - Conectando voc\u00ea a Nata\u00e7\u00e3o"},"image":{"@id":"https:\/\/swimchannel.net\/br\/#\/schema\/logo\/image\/"},"sameAs":["https:\/\/www.facebook.com\/swimchannel","https:\/\/www.instagram.com\/swimchannel"]},{"@type":"Person","@id":"https:\/\/swimchannel.net\/br\/#\/schema\/person\/aa2a63bab3275f53749a83276b213c48","name":"Guilherme Freitas","image":{"@type":"ImageObject","inLanguage":"pt-BR","@id":"https:\/\/swimchannel.net\/br\/#\/schema\/person\/image\/","url":"https:\/\/swimchannel.net\/br\/wp-content\/uploads\/2025\/10\/gui22-193x180.png","contentUrl":"https:\/\/swimchannel.net\/br\/wp-content\/uploads\/2025\/10\/gui22-193x180.png","caption":"Guilherme Freitas"},"description":"Jornalista s\u00eanior da SWIM CHANNEL, ex-correspondente da FINA no Brasil e pesquisador acad\u00eamico.","sameAs":["instagram.com\/guifreitas86"],"url":"https:\/\/swimchannel.net\/br\/author\/guilherme-freitas\/"}]}},"_links":{"self":[{"href":"https:\/\/swimchannel.net\/br\/wp-json\/wp\/v2\/posts\/68602","targetHints":{"allow":["GET"]}}],"collection":[{"href":"https:\/\/swimchannel.net\/br\/wp-json\/wp\/v2\/posts"}],"about":[{"href":"https:\/\/swimchannel.net\/br\/wp-json\/wp\/v2\/types\/post"}],"author":[{"embeddable":true,"href":"https:\/\/swimchannel.net\/br\/wp-json\/wp\/v2\/users\/3"}],"replies":[{"embeddable":true,"href":"https:\/\/swimchannel.net\/br\/wp-json\/wp\/v2\/comments?post=68602"}],"version-history":[{"count":2,"href":"https:\/\/swimchannel.net\/br\/wp-json\/wp\/v2\/posts\/68602\/revisions"}],"predecessor-version":[{"id":68605,"href":"https:\/\/swimchannel.net\/br\/wp-json\/wp\/v2\/posts\/68602\/revisions\/68605"}],"wp:featuredmedia":[{"embeddable":true,"href":"https:\/\/swimchannel.net\/br\/wp-json\/wp\/v2\/media\/68604"}],"wp:attachment":[{"href":"https:\/\/swimchannel.net\/br\/wp-json\/wp\/v2\/media?parent=68602"}],"wp:term":[{"taxonomy":"category","embeddable":true,"href":"https:\/\/swimchannel.net\/br\/wp-json\/wp\/v2\/categories?post=68602"},{"taxonomy":"post_tag","embeddable":true,"href":"https:\/\/swimchannel.net\/br\/wp-json\/wp\/v2\/tags?post=68602"}],"curies":[{"name":"wp","href":"https:\/\/api.w.org\/{rel}","templated":true}]}}