{"id":68612,"date":"2024-08-20T18:04:46","date_gmt":"2024-08-20T21:04:46","guid":{"rendered":"https:\/\/swimchannel.net\/br\/?p=68612"},"modified":"2024-08-20T18:04:46","modified_gmt":"2024-08-20T21:04:46","slug":"maria-fernanda-costa-nadara-o-trofeu-cidade-de-manaus","status":"publish","type":"post","link":"https:\/\/swimchannel.net\/br\/maria-fernanda-costa-nadara-o-trofeu-cidade-de-manaus\/","title":{"rendered":"Maria Fernanda Costa nadar\u00e1 o Trof\u00e9u Cidade de Manaus"},"content":{"rendered":"<p>A nadadora Maria Fernanda Costa ir\u00e1 participar da disputa do Trof\u00e9u Cidade de Manaus de \u00c1guas Abertas, que vai acontecer entre os dias 20 e 22 de setembro na capital do Amazonas. A prova de nata\u00e7\u00e3o que leva o nome da cidade ser\u00e1 realizada no Rio Negro e faz parte da programa\u00e7\u00e3o do Manaus Adventure, um evento de turismo esportivo, esportes e de aventura. E ser\u00e1 uma experi\u00eancia interessante ver como a nadadora se sai em um evento de \u00e1guas abertas.<\/p>\n<p>Maf\u00ea ser\u00e1 uma das estrelas do Desafio Internacional, uma disputa que reunir\u00e1 nadadores de diferentes pa\u00edses que ser\u00e3o anunciados nos pr\u00f3ximos dias. Em v\u00eddeo publicado nos canais do evento em Manaus, a nadadora afirmou estar bastante contente por disputar o evento e convidou o p\u00fablico manaura a comparecer na Praia da Ponta Negra, local de disputas da nata\u00e7\u00e3o.<\/p>\n<blockquote class=\"instagram-media\" style=\"background: #FFF; border: 0; border-radius: 3px; box-shadow: 0 0 1px 0 rgba(0,0,0,0.5),0 1px 10px 0 rgba(0,0,0,0.15); margin: 1px; max-width: 540px; min-width: 326px; padding: 0; width: calc(100% - 2px);\" data-instgrm-captioned=\"\" data-instgrm-permalink=\"https:\/\/www.instagram.com\/reel\/C-5AwvgJdcm\/?utm_source=ig_embed&amp;utm_campaign=loading\" data-instgrm-version=\"14\">\n<div style=\"padding: 16px;\">\n<p>&nbsp;<\/p>\n<div style=\"display: flex; flex-direction: row; align-items: center;\">\n<div style=\"background-color: #f4f4f4; border-radius: 50%; flex-grow: 0; height: 40px; margin-right: 14px; width: 40px;\"><\/div>\n<div style=\"display: flex; flex-direction: column; flex-grow: 1; justify-content: center;\">\n<div style=\"background-color: #f4f4f4; border-radius: 4px; flex-grow: 0; height: 14px; margin-bottom: 6px; width: 100px;\"><\/div>\n<div style=\"background-color: #f4f4f4; border-radius: 4px; flex-grow: 0; height: 14px; width: 60px;\"><\/div>\n<\/div>\n<\/div>\n<div style=\"padding: 19% 0;\"><\/div>\n<div style=\"display: block; height: 50px; margin: 0 auto 12px; width: 50px;\"><\/div>\n<div style=\"padding-top: 8px;\">\n<div style=\"color: #3897f0; font-family: Arial,sans-serif; font-size: 14px; font-style: normal; font-weight: 550; line-height: 18px;\">Ver essa foto no Instagram<\/div>\n<\/div>\n<div style=\"padding: 12.5% 0;\"><\/div>\n<div style=\"display: flex; flex-direction: row; margin-bottom: 14px; align-items: center;\">\n<div>\n<div style=\"background-color: #f4f4f4; border-radius: 50%; height: 12.5px; width: 12.5px; transform: translateX(0px) translateY(7px);\"><\/div>\n<div style=\"background-color: #f4f4f4; height: 12.5px; transform: rotate(-45deg) translateX(3px) translateY(1px); width: 12.5px; flex-grow: 0; margin-right: 14px; margin-left: 2px;\"><\/div>\n<div style=\"background-color: #f4f4f4; border-radius: 50%; height: 12.5px; width: 12.5px; transform: translateX(9px) translateY(-18px);\"><\/div>\n<\/div>\n<div style=\"margin-left: 8px;\">\n<div style=\"background-color: #f4f4f4; border-radius: 50%; flex-grow: 0; height: 20px; width: 20px;\"><\/div>\n<div style=\"width: 0; height: 0; border-top: 2px solid transparent; border-left: 6px solid #f4f4f4; border-bottom: 2px solid transparent; transform: translateX(16px) translateY(-4px) rotate(30deg);\"><\/div>\n<\/div>\n<div style=\"margin-left: auto;\">\n<div style=\"width: 0px; border-top: 8px solid #F4F4F4; border-right: 8px solid transparent; transform: translateY(16px);\"><\/div>\n<div style=\"background-color: #f4f4f4; flex-grow: 0; height: 12px; width: 16px; transform: translateY(-4px);\"><\/div>\n<div style=\"width: 0; height: 0; border-top: 8px solid #F4F4F4; border-left: 8px solid transparent; transform: translateY(-4px) translateX(8px);\"><\/div>\n<\/div>\n<\/div>\n<div style=\"display: flex; flex-direction: column; flex-grow: 1; justify-content: center; margin-bottom: 24px;\">\n<div style=\"background-color: #f4f4f4; border-radius: 4px; flex-grow: 0; height: 14px; margin-bottom: 6px; width: 224px;\"><\/div>\n<div style=\"background-color: #f4f4f4; border-radius: 4px; flex-grow: 0; height: 14px; width: 144px;\"><\/div>\n<\/div>\n<p>&nbsp;<\/p>\n<p style=\"color: #c9c8cd; font-family: Arial,sans-serif; font-size: 14px; line-height: 17px; margin-bottom: 0; margin-top: 8px; overflow: hidden; padding: 8px 0 7px; text-align: center; text-overflow: ellipsis; white-space: nowrap;\"><a style=\"color: #c9c8cd; font-family: Arial,sans-serif; font-size: 14px; font-style: normal; font-weight: normal; line-height: 17px; text-decoration: none;\" href=\"https:\/\/www.instagram.com\/reel\/C-5AwvgJdcm\/?utm_source=ig_embed&amp;utm_campaign=loading\" target=\"_blank\" rel=\"noopener\">Uma publica\u00e7\u00e3o compartilhada por Trof\u00e9u Cidade de Manaus \u00c1guas Abertas (@trofeucidademanaus)<\/a><\/p>\n<\/div>\n<\/blockquote>\n<p><script async src=\"\/\/www.instagram.com\/embed.js\"><\/script><\/p>\n<p>O ano de 2024 vem sendo especial para Maf\u00ea. Em fevereiro ela foi quinta colocada nos 400m livre no Campeonato Mundial de Doha, batendo o recorde sul-americano. Em maio ela foi o principal destaque da seletiva ol\u00edmpica. Em julho foi finalista ol\u00edmpica nos 400m livre, terminando a final na s\u00e9tima coloca\u00e7\u00e3o em Paris. E na semana passada, bateu dois recordes sul-americanos em piscina curta nos 200m e 400m livre durante o Trof\u00e9u Jose Finkel em Florian\u00f3polis.<\/p>\n<p>Al\u00e9m do Desafio Internacional, o Trof\u00e9u Cidade de Manaus ter\u00e1 disputas abertas para nadadores amadores em quatro dist\u00e2ncias diferentes. No formato individual ocorrer\u00e3o provas de 1 km, 1,5 km e 3 km. J\u00e1 na disputa por equipes haver\u00e1 o Relay 3x500m, que tem como din\u00e2mica um revezamento formado por tr\u00eas atletas com cada um nadando 500 metros.<\/p>\n<figure id=\"attachment_68615\" aria-describedby=\"caption-attachment-68615\" style=\"width: 541px\" class=\"wp-caption alignnone\"><img loading=\"lazy\" decoding=\"async\" class=\"size-medium wp-image-68615\" src=\"https:\/\/swimchannel.net\/br\/wp-content\/uploads\/2024\/08\/Captura-de-tela-2024-08-20-180343-541x675.png\" alt=\"\" width=\"541\" height=\"675\" srcset=\"https:\/\/swimchannel.net\/br\/wp-content\/uploads\/2024\/08\/Captura-de-tela-2024-08-20-180343-541x675.png 541w, https:\/\/swimchannel.net\/br\/wp-content\/uploads\/2024\/08\/Captura-de-tela-2024-08-20-180343-642x800.png 642w, https:\/\/swimchannel.net\/br\/wp-content\/uploads\/2024\/08\/Captura-de-tela-2024-08-20-180343-144x180.png 144w, https:\/\/swimchannel.net\/br\/wp-content\/uploads\/2024\/08\/Captura-de-tela-2024-08-20-180343.png 676w\" sizes=\"auto, (max-width: 541px) 100vw, 541px\" \/><figcaption id=\"caption-attachment-68615\" class=\"wp-caption-text\">Trof\u00e9u Cidade de Manaus &#8211; Foto: Reprodu\u00e7\u00e3o<\/figcaption><\/figure>\n<p>As inscri\u00e7\u00f5es para o Trof\u00e9u Cidade de Manaus de \u00c1guas Abertas ainda est\u00e3o abertas e podem ser realizadas atrav\u00e9s do site: <strong><a href=\"http:\/\/www.rionegrochallenge.com.br\/\" target=\"_blank\" rel=\"noopener\">http:\/\/www.rionegrochallenge.com.br\/<\/a><\/strong>. L\u00e1 tamb\u00e9m h\u00e1 mais detalhes sobre o evento, regulamentos e informa\u00e7\u00f5es gerais.<\/p>\n","protected":false},"excerpt":{"rendered":"<p>A nadadora Maria Fernanda Costa ir\u00e1 participar da disputa do Trof\u00e9u Cidade de Manaus de \u00c1guas Abertas, que vai acontecer entre os dias 20 e 22 de setembro na capital do Amazonas. A prova de nata\u00e7\u00e3o que leva o nome da cidade ser\u00e1 realizada no Rio Negro e faz parte da programa\u00e7\u00e3o do Manaus Adventure, [&hellip;]<\/p>\n","protected":false},"author":3,"featured_media":65943,"comment_status":"open","ping_status":"open","sticky":false,"template":"","format":"gallery","meta":{"footnotes":""},"categories":[115],"tags":[14,1050,5026,5325,5,6081],"class_list":["post-68612","post","type-post","status-publish","format-gallery","has-post-thumbnail","hentry","category-aguas-abertas","tag-aguas-abertas","tag-manaus","tag-manaus-adventure","tag-maria-fernanda-costa","tag-natacao","tag-trofeu-cidade-de-manaus","post_format-post-format-gallery"],"yoast_head":"<!-- This site is optimized with the Yoast SEO plugin v27.0 - https:\/\/yoast.com\/product\/yoast-seo-wordpress\/ -->\n<title>Maria Fernanda Costa nadar\u00e1 o Trof\u00e9u Cidade de Manaus - Swimchannel<\/title>\n<meta name=\"robots\" content=\"index, follow, max-snippet:-1, max-image-preview:large, max-video-preview:-1\" \/>\n<link rel=\"canonical\" href=\"https:\/\/swimchannel.net\/br\/maria-fernanda-costa-nadara-o-trofeu-cidade-de-manaus\/\" \/>\n<meta property=\"og:locale\" content=\"pt_BR\" \/>\n<meta property=\"og:type\" content=\"article\" \/>\n<meta property=\"og:title\" content=\"Maria Fernanda Costa nadar\u00e1 o Trof\u00e9u Cidade de Manaus - Swimchannel\" \/>\n<meta property=\"og:description\" content=\"A nadadora Maria Fernanda Costa ir\u00e1 participar da disputa do Trof\u00e9u Cidade de Manaus de \u00c1guas Abertas, que vai acontecer entre os dias 20 e 22 de setembro na capital do Amazonas. A prova de nata\u00e7\u00e3o que leva o nome da cidade ser\u00e1 realizada no Rio Negro e faz parte da programa\u00e7\u00e3o do Manaus Adventure, [&hellip;]\" \/>\n<meta property=\"og:url\" content=\"https:\/\/swimchannel.net\/br\/maria-fernanda-costa-nadara-o-trofeu-cidade-de-manaus\/\" \/>\n<meta property=\"og:site_name\" content=\"Swimchannel\" \/>\n<meta property=\"article:publisher\" content=\"https:\/\/www.facebook.com\/swimchannel\" \/>\n<meta property=\"article:published_time\" content=\"2024-08-20T21:04:46+00:00\" \/>\n<meta property=\"og:image\" content=\"https:\/\/swimchannel.net\/br\/wp-content\/uploads\/2024\/05\/53705341067_19265b9b6d_o.jpg\" \/>\n\t<meta property=\"og:image:width\" content=\"2362\" \/>\n\t<meta property=\"og:image:height\" content=\"1575\" \/>\n\t<meta property=\"og:image:type\" content=\"image\/jpeg\" \/>\n<meta name=\"author\" content=\"Guilherme Freitas\" \/>\n<meta name=\"twitter:card\" content=\"summary_large_image\" \/>\n<meta name=\"twitter:label1\" content=\"Escrito por\" \/>\n\t<meta name=\"twitter:data1\" content=\"Guilherme Freitas\" \/>\n\t<meta name=\"twitter:label2\" content=\"Est. tempo de leitura\" \/>\n\t<meta name=\"twitter:data2\" content=\"2 minutos\" \/>\n<script type=\"application\/ld+json\" class=\"yoast-schema-graph\">{\"@context\":\"https:\/\/schema.org\",\"@graph\":[{\"@type\":\"Article\",\"@id\":\"https:\/\/swimchannel.net\/br\/maria-fernanda-costa-nadara-o-trofeu-cidade-de-manaus\/#article\",\"isPartOf\":{\"@id\":\"https:\/\/swimchannel.net\/br\/maria-fernanda-costa-nadara-o-trofeu-cidade-de-manaus\/\"},\"author\":{\"name\":\"Guilherme Freitas\",\"@id\":\"https:\/\/swimchannel.net\/br\/#\/schema\/person\/aa2a63bab3275f53749a83276b213c48\"},\"headline\":\"Maria Fernanda Costa nadar\u00e1 o Trof\u00e9u Cidade de Manaus\",\"datePublished\":\"2024-08-20T21:04:46+00:00\",\"mainEntityOfPage\":{\"@id\":\"https:\/\/swimchannel.net\/br\/maria-fernanda-costa-nadara-o-trofeu-cidade-de-manaus\/\"},\"wordCount\":378,\"commentCount\":0,\"publisher\":{\"@id\":\"https:\/\/swimchannel.net\/br\/#organization\"},\"image\":{\"@id\":\"https:\/\/swimchannel.net\/br\/maria-fernanda-costa-nadara-o-trofeu-cidade-de-manaus\/#primaryimage\"},\"thumbnailUrl\":\"https:\/\/swimchannel.net\/br\/wp-content\/uploads\/2024\/05\/53705341067_19265b9b6d_o.jpg\",\"keywords\":[\"\u00c1guas abertas\",\"Manaus\",\"Manaus Adventure\",\"Maria Fernanda Costa\",\"natacao\",\"Trof\u00e9u Cidade de Manaus\"],\"articleSection\":[\"\u00c1guas Abertas\"],\"inLanguage\":\"pt-BR\",\"potentialAction\":[{\"@type\":\"CommentAction\",\"name\":\"Comment\",\"target\":[\"https:\/\/swimchannel.net\/br\/maria-fernanda-costa-nadara-o-trofeu-cidade-de-manaus\/#respond\"]}]},{\"@type\":\"WebPage\",\"@id\":\"https:\/\/swimchannel.net\/br\/maria-fernanda-costa-nadara-o-trofeu-cidade-de-manaus\/\",\"url\":\"https:\/\/swimchannel.net\/br\/maria-fernanda-costa-nadara-o-trofeu-cidade-de-manaus\/\",\"name\":\"Maria Fernanda Costa nadar\u00e1 o Trof\u00e9u Cidade de Manaus - Swimchannel\",\"isPartOf\":{\"@id\":\"https:\/\/swimchannel.net\/br\/#website\"},\"primaryImageOfPage\":{\"@id\":\"https:\/\/swimchannel.net\/br\/maria-fernanda-costa-nadara-o-trofeu-cidade-de-manaus\/#primaryimage\"},\"image\":{\"@id\":\"https:\/\/swimchannel.net\/br\/maria-fernanda-costa-nadara-o-trofeu-cidade-de-manaus\/#primaryimage\"},\"thumbnailUrl\":\"https:\/\/swimchannel.net\/br\/wp-content\/uploads\/2024\/05\/53705341067_19265b9b6d_o.jpg\",\"datePublished\":\"2024-08-20T21:04:46+00:00\",\"breadcrumb\":{\"@id\":\"https:\/\/swimchannel.net\/br\/maria-fernanda-costa-nadara-o-trofeu-cidade-de-manaus\/#breadcrumb\"},\"inLanguage\":\"pt-BR\",\"potentialAction\":[{\"@type\":\"ReadAction\",\"target\":[\"https:\/\/swimchannel.net\/br\/maria-fernanda-costa-nadara-o-trofeu-cidade-de-manaus\/\"]}]},{\"@type\":\"ImageObject\",\"inLanguage\":\"pt-BR\",\"@id\":\"https:\/\/swimchannel.net\/br\/maria-fernanda-costa-nadara-o-trofeu-cidade-de-manaus\/#primaryimage\",\"url\":\"https:\/\/swimchannel.net\/br\/wp-content\/uploads\/2024\/05\/53705341067_19265b9b6d_o.jpg\",\"contentUrl\":\"https:\/\/swimchannel.net\/br\/wp-content\/uploads\/2024\/05\/53705341067_19265b9b6d_o.jpg\",\"width\":2362,\"height\":1575,\"caption\":\"Maria Fernanda Costa - Foto: Satiro Sodr\u00e9\"},{\"@type\":\"BreadcrumbList\",\"@id\":\"https:\/\/swimchannel.net\/br\/maria-fernanda-costa-nadara-o-trofeu-cidade-de-manaus\/#breadcrumb\",\"itemListElement\":[{\"@type\":\"ListItem\",\"position\":1,\"name\":\"Home\",\"item\":\"https:\/\/swimchannel.net\/br\/\"},{\"@type\":\"ListItem\",\"position\":2,\"name\":\"Maria Fernanda Costa nadar\u00e1 o Trof\u00e9u Cidade de Manaus\"}]},{\"@type\":\"WebSite\",\"@id\":\"https:\/\/swimchannel.net\/br\/#website\",\"url\":\"https:\/\/swimchannel.net\/br\/\",\"name\":\"Swimchannel\",\"description\":\"Maior portal de nata\u00e7\u00e3o da america latina\",\"publisher\":{\"@id\":\"https:\/\/swimchannel.net\/br\/#organization\"},\"potentialAction\":[{\"@type\":\"SearchAction\",\"target\":{\"@type\":\"EntryPoint\",\"urlTemplate\":\"https:\/\/swimchannel.net\/br\/?s={search_term_string}\"},\"query-input\":{\"@type\":\"PropertyValueSpecification\",\"valueRequired\":true,\"valueName\":\"search_term_string\"}}],\"inLanguage\":\"pt-BR\"},{\"@type\":\"Organization\",\"@id\":\"https:\/\/swimchannel.net\/br\/#organization\",\"name\":\"Swimchannel - Conectando voc\u00ea a Nata\u00e7\u00e3o\",\"url\":\"https:\/\/swimchannel.net\/br\/\",\"logo\":{\"@type\":\"ImageObject\",\"inLanguage\":\"pt-BR\",\"@id\":\"https:\/\/swimchannel.net\/br\/#\/schema\/logo\/image\/\",\"url\":\"https:\/\/swimchannel.net\/br\/wp-content\/uploads\/2026\/02\/SWIM-CHANNEL.png\",\"contentUrl\":\"https:\/\/swimchannel.net\/br\/wp-content\/uploads\/2026\/02\/SWIM-CHANNEL.png\",\"width\":1120,\"height\":630,\"caption\":\"Swimchannel - Conectando voc\u00ea a Nata\u00e7\u00e3o\"},\"image\":{\"@id\":\"https:\/\/swimchannel.net\/br\/#\/schema\/logo\/image\/\"},\"sameAs\":[\"https:\/\/www.facebook.com\/swimchannel\",\"https:\/\/www.instagram.com\/swimchannel\"]},{\"@type\":\"Person\",\"@id\":\"https:\/\/swimchannel.net\/br\/#\/schema\/person\/aa2a63bab3275f53749a83276b213c48\",\"name\":\"Guilherme Freitas\",\"image\":{\"@type\":\"ImageObject\",\"inLanguage\":\"pt-BR\",\"@id\":\"https:\/\/swimchannel.net\/br\/#\/schema\/person\/image\/\",\"url\":\"https:\/\/swimchannel.net\/br\/wp-content\/uploads\/2025\/10\/gui22-193x180.png\",\"contentUrl\":\"https:\/\/swimchannel.net\/br\/wp-content\/uploads\/2025\/10\/gui22-193x180.png\",\"caption\":\"Guilherme Freitas\"},\"description\":\"Jornalista s\u00eanior da SWIM CHANNEL, ex-correspondente da FINA no Brasil e pesquisador acad\u00eamico.\",\"sameAs\":[\"instagram.com\/guifreitas86\"],\"url\":\"https:\/\/swimchannel.net\/br\/author\/guilherme-freitas\/\"}]}<\/script>\n<!-- \/ Yoast SEO plugin. -->","yoast_head_json":{"title":"Maria Fernanda Costa nadar\u00e1 o Trof\u00e9u Cidade de Manaus - Swimchannel","robots":{"index":"index","follow":"follow","max-snippet":"max-snippet:-1","max-image-preview":"max-image-preview:large","max-video-preview":"max-video-preview:-1"},"canonical":"https:\/\/swimchannel.net\/br\/maria-fernanda-costa-nadara-o-trofeu-cidade-de-manaus\/","og_locale":"pt_BR","og_type":"article","og_title":"Maria Fernanda Costa nadar\u00e1 o Trof\u00e9u Cidade de Manaus - Swimchannel","og_description":"A nadadora Maria Fernanda Costa ir\u00e1 participar da disputa do Trof\u00e9u Cidade de Manaus de \u00c1guas Abertas, que vai acontecer entre os dias 20 e 22 de setembro na capital do Amazonas. A prova de nata\u00e7\u00e3o que leva o nome da cidade ser\u00e1 realizada no Rio Negro e faz parte da programa\u00e7\u00e3o do Manaus Adventure, [&hellip;]","og_url":"https:\/\/swimchannel.net\/br\/maria-fernanda-costa-nadara-o-trofeu-cidade-de-manaus\/","og_site_name":"Swimchannel","article_publisher":"https:\/\/www.facebook.com\/swimchannel","article_published_time":"2024-08-20T21:04:46+00:00","og_image":[{"width":2362,"height":1575,"url":"https:\/\/swimchannel.net\/br\/wp-content\/uploads\/2024\/05\/53705341067_19265b9b6d_o.jpg","type":"image\/jpeg"}],"author":"Guilherme Freitas","twitter_card":"summary_large_image","twitter_misc":{"Escrito por":"Guilherme Freitas","Est. tempo de leitura":"2 minutos"},"schema":{"@context":"https:\/\/schema.org","@graph":[{"@type":"Article","@id":"https:\/\/swimchannel.net\/br\/maria-fernanda-costa-nadara-o-trofeu-cidade-de-manaus\/#article","isPartOf":{"@id":"https:\/\/swimchannel.net\/br\/maria-fernanda-costa-nadara-o-trofeu-cidade-de-manaus\/"},"author":{"name":"Guilherme Freitas","@id":"https:\/\/swimchannel.net\/br\/#\/schema\/person\/aa2a63bab3275f53749a83276b213c48"},"headline":"Maria Fernanda Costa nadar\u00e1 o Trof\u00e9u Cidade de Manaus","datePublished":"2024-08-20T21:04:46+00:00","mainEntityOfPage":{"@id":"https:\/\/swimchannel.net\/br\/maria-fernanda-costa-nadara-o-trofeu-cidade-de-manaus\/"},"wordCount":378,"commentCount":0,"publisher":{"@id":"https:\/\/swimchannel.net\/br\/#organization"},"image":{"@id":"https:\/\/swimchannel.net\/br\/maria-fernanda-costa-nadara-o-trofeu-cidade-de-manaus\/#primaryimage"},"thumbnailUrl":"https:\/\/swimchannel.net\/br\/wp-content\/uploads\/2024\/05\/53705341067_19265b9b6d_o.jpg","keywords":["\u00c1guas abertas","Manaus","Manaus Adventure","Maria Fernanda Costa","natacao","Trof\u00e9u Cidade de Manaus"],"articleSection":["\u00c1guas Abertas"],"inLanguage":"pt-BR","potentialAction":[{"@type":"CommentAction","name":"Comment","target":["https:\/\/swimchannel.net\/br\/maria-fernanda-costa-nadara-o-trofeu-cidade-de-manaus\/#respond"]}]},{"@type":"WebPage","@id":"https:\/\/swimchannel.net\/br\/maria-fernanda-costa-nadara-o-trofeu-cidade-de-manaus\/","url":"https:\/\/swimchannel.net\/br\/maria-fernanda-costa-nadara-o-trofeu-cidade-de-manaus\/","name":"Maria Fernanda Costa nadar\u00e1 o Trof\u00e9u Cidade de Manaus - Swimchannel","isPartOf":{"@id":"https:\/\/swimchannel.net\/br\/#website"},"primaryImageOfPage":{"@id":"https:\/\/swimchannel.net\/br\/maria-fernanda-costa-nadara-o-trofeu-cidade-de-manaus\/#primaryimage"},"image":{"@id":"https:\/\/swimchannel.net\/br\/maria-fernanda-costa-nadara-o-trofeu-cidade-de-manaus\/#primaryimage"},"thumbnailUrl":"https:\/\/swimchannel.net\/br\/wp-content\/uploads\/2024\/05\/53705341067_19265b9b6d_o.jpg","datePublished":"2024-08-20T21:04:46+00:00","breadcrumb":{"@id":"https:\/\/swimchannel.net\/br\/maria-fernanda-costa-nadara-o-trofeu-cidade-de-manaus\/#breadcrumb"},"inLanguage":"pt-BR","potentialAction":[{"@type":"ReadAction","target":["https:\/\/swimchannel.net\/br\/maria-fernanda-costa-nadara-o-trofeu-cidade-de-manaus\/"]}]},{"@type":"ImageObject","inLanguage":"pt-BR","@id":"https:\/\/swimchannel.net\/br\/maria-fernanda-costa-nadara-o-trofeu-cidade-de-manaus\/#primaryimage","url":"https:\/\/swimchannel.net\/br\/wp-content\/uploads\/2024\/05\/53705341067_19265b9b6d_o.jpg","contentUrl":"https:\/\/swimchannel.net\/br\/wp-content\/uploads\/2024\/05\/53705341067_19265b9b6d_o.jpg","width":2362,"height":1575,"caption":"Maria Fernanda Costa - Foto: Satiro Sodr\u00e9"},{"@type":"BreadcrumbList","@id":"https:\/\/swimchannel.net\/br\/maria-fernanda-costa-nadara-o-trofeu-cidade-de-manaus\/#breadcrumb","itemListElement":[{"@type":"ListItem","position":1,"name":"Home","item":"https:\/\/swimchannel.net\/br\/"},{"@type":"ListItem","position":2,"name":"Maria Fernanda Costa nadar\u00e1 o Trof\u00e9u Cidade de Manaus"}]},{"@type":"WebSite","@id":"https:\/\/swimchannel.net\/br\/#website","url":"https:\/\/swimchannel.net\/br\/","name":"Swimchannel","description":"Maior portal de nata\u00e7\u00e3o da america latina","publisher":{"@id":"https:\/\/swimchannel.net\/br\/#organization"},"potentialAction":[{"@type":"SearchAction","target":{"@type":"EntryPoint","urlTemplate":"https:\/\/swimchannel.net\/br\/?s={search_term_string}"},"query-input":{"@type":"PropertyValueSpecification","valueRequired":true,"valueName":"search_term_string"}}],"inLanguage":"pt-BR"},{"@type":"Organization","@id":"https:\/\/swimchannel.net\/br\/#organization","name":"Swimchannel - Conectando voc\u00ea a Nata\u00e7\u00e3o","url":"https:\/\/swimchannel.net\/br\/","logo":{"@type":"ImageObject","inLanguage":"pt-BR","@id":"https:\/\/swimchannel.net\/br\/#\/schema\/logo\/image\/","url":"https:\/\/swimchannel.net\/br\/wp-content\/uploads\/2026\/02\/SWIM-CHANNEL.png","contentUrl":"https:\/\/swimchannel.net\/br\/wp-content\/uploads\/2026\/02\/SWIM-CHANNEL.png","width":1120,"height":630,"caption":"Swimchannel - Conectando voc\u00ea a Nata\u00e7\u00e3o"},"image":{"@id":"https:\/\/swimchannel.net\/br\/#\/schema\/logo\/image\/"},"sameAs":["https:\/\/www.facebook.com\/swimchannel","https:\/\/www.instagram.com\/swimchannel"]},{"@type":"Person","@id":"https:\/\/swimchannel.net\/br\/#\/schema\/person\/aa2a63bab3275f53749a83276b213c48","name":"Guilherme Freitas","image":{"@type":"ImageObject","inLanguage":"pt-BR","@id":"https:\/\/swimchannel.net\/br\/#\/schema\/person\/image\/","url":"https:\/\/swimchannel.net\/br\/wp-content\/uploads\/2025\/10\/gui22-193x180.png","contentUrl":"https:\/\/swimchannel.net\/br\/wp-content\/uploads\/2025\/10\/gui22-193x180.png","caption":"Guilherme Freitas"},"description":"Jornalista s\u00eanior da SWIM CHANNEL, ex-correspondente da FINA no Brasil e pesquisador acad\u00eamico.","sameAs":["instagram.com\/guifreitas86"],"url":"https:\/\/swimchannel.net\/br\/author\/guilherme-freitas\/"}]}},"_links":{"self":[{"href":"https:\/\/swimchannel.net\/br\/wp-json\/wp\/v2\/posts\/68612","targetHints":{"allow":["GET"]}}],"collection":[{"href":"https:\/\/swimchannel.net\/br\/wp-json\/wp\/v2\/posts"}],"about":[{"href":"https:\/\/swimchannel.net\/br\/wp-json\/wp\/v2\/types\/post"}],"author":[{"embeddable":true,"href":"https:\/\/swimchannel.net\/br\/wp-json\/wp\/v2\/users\/3"}],"replies":[{"embeddable":true,"href":"https:\/\/swimchannel.net\/br\/wp-json\/wp\/v2\/comments?post=68612"}],"version-history":[{"count":3,"href":"https:\/\/swimchannel.net\/br\/wp-json\/wp\/v2\/posts\/68612\/revisions"}],"predecessor-version":[{"id":68616,"href":"https:\/\/swimchannel.net\/br\/wp-json\/wp\/v2\/posts\/68612\/revisions\/68616"}],"wp:featuredmedia":[{"embeddable":true,"href":"https:\/\/swimchannel.net\/br\/wp-json\/wp\/v2\/media\/65943"}],"wp:attachment":[{"href":"https:\/\/swimchannel.net\/br\/wp-json\/wp\/v2\/media?parent=68612"}],"wp:term":[{"taxonomy":"category","embeddable":true,"href":"https:\/\/swimchannel.net\/br\/wp-json\/wp\/v2\/categories?post=68612"},{"taxonomy":"post_tag","embeddable":true,"href":"https:\/\/swimchannel.net\/br\/wp-json\/wp\/v2\/tags?post=68612"}],"curies":[{"name":"wp","href":"https:\/\/api.w.org\/{rel}","templated":true}]}}