{"id":68695,"date":"2024-08-25T11:32:09","date_gmt":"2024-08-25T14:32:09","guid":{"rendered":"https:\/\/swimchannel.net\/br\/?p=68695"},"modified":"2024-08-25T11:32:09","modified_gmt":"2024-08-25T14:32:09","slug":"lucas-davesac-e-leticia-silva-sao-os-campeoes-das-aguas-abertas-no-jubs-de-praia-no-rio","status":"publish","type":"post","link":"https:\/\/swimchannel.net\/br\/lucas-davesac-e-leticia-silva-sao-os-campeoes-das-aguas-abertas-no-jubs-de-praia-no-rio\/","title":{"rendered":"Lucas Davesac e Leticia Silva s\u00e3o os campe\u00f5es das \u00e1guas abertas no JUBs de praia no Rio"},"content":{"rendered":"<p>A primeira prova de \u00e1guas abertas do JUBs, Jogos Universit\u00e1rios brasileiros, foi disputada nesta sexta-feira na praia de Copacabana, no Rio de Janeiro, e teve vit\u00f3ria de Leticia Silva de S\u00e3o Paulo no feminino e Lucas Davesac de Santa Catarina no masculino.<\/p>\n<p>Prova de 3 quil\u00f4metros foi disputada no mesmo local que recebeu as provas dos Jogos Pan Americanos de 2007 e os Jogos Ol\u00edmpicos 2016 e teve 43 participantes, sendo 23 no feminino e 20 no masculino.<\/p>\n<p>Ambos vencedores chegaram com vantagem na vit\u00f3ria. Leticia Paula Silva da UNIP de S\u00e3o Paulo colocou quatro segundos sobre a segunda colocada enquanto Lucas Davesac da Univali de Santa Catarina chegou ainda mais f\u00e1cil, sete segundos a frente da segunda posi\u00e7\u00e3o.<\/p>\n<p>Top 3 das duas provas:<br \/>\nFeminino<br \/>\n1o Leticia Paula Silva da UNIP de S\u00e3o Paulo 25:51.0<br \/>\n2o Claudine Tekes da Est\u00e1cio da Bahia 25:55.0<br \/>\n3o Laura Gossl da Univilli de Santa Catarina 25:59.0<\/p>\n<p><img loading=\"lazy\" decoding=\"async\" class=\"alignnone size-full wp-image-68696\" src=\"https:\/\/swimchannel.net\/br\/wp-content\/uploads\/2024\/08\/23-08-24-jubs-praia-cbu-rio-de-janeiro-guas-abertas-foto-clio-jnior-71_53941424637_o-640x480-1.jpg\" alt=\"\" width=\"640\" height=\"480\" srcset=\"https:\/\/swimchannel.net\/br\/wp-content\/uploads\/2024\/08\/23-08-24-jubs-praia-cbu-rio-de-janeiro-guas-abertas-foto-clio-jnior-71_53941424637_o-640x480-1.jpg 640w, https:\/\/swimchannel.net\/br\/wp-content\/uploads\/2024\/08\/23-08-24-jubs-praia-cbu-rio-de-janeiro-guas-abertas-foto-clio-jnior-71_53941424637_o-640x480-1-240x180.jpg 240w\" sizes=\"auto, (max-width: 640px) 100vw, 640px\" \/><\/p>\n<p>Masculino<br \/>\n1o Lucas Davesac da Univali de Santa Catarina 21:57.0<br \/>\n2o Guilherme Sperandio da Unicesumar do Paran\u00e1 22:04.0<br \/>\n3o Heitor Raiol da Uninassau do Maranh\u00e3o 22:26.0<\/p>\n<p><img loading=\"lazy\" decoding=\"async\" class=\"alignnone size-full wp-image-68697\" src=\"https:\/\/swimchannel.net\/br\/wp-content\/uploads\/2024\/08\/23-08-24-jubs-praia-cbu-rio-de-janeiro-guas-abertas-foto-clio-jnior-166_53942569863_o-640x480-1.jpg\" alt=\"\" width=\"640\" height=\"480\" srcset=\"https:\/\/swimchannel.net\/br\/wp-content\/uploads\/2024\/08\/23-08-24-jubs-praia-cbu-rio-de-janeiro-guas-abertas-foto-clio-jnior-166_53942569863_o-640x480-1.jpg 640w, https:\/\/swimchannel.net\/br\/wp-content\/uploads\/2024\/08\/23-08-24-jubs-praia-cbu-rio-de-janeiro-guas-abertas-foto-clio-jnior-166_53942569863_o-640x480-1-240x180.jpg 240w\" sizes=\"auto, (max-width: 640px) 100vw, 640px\" \/><\/p>\n<p>Resultados completos:<br \/>\n<a href=\"https:\/\/bestswimming.swimchannel.net\/wp-content\/uploads\/2024\/08\/Boletim-Esportivo-2-Aguas-Abertas-JUBs-Praia-2024.pdf\">Boletim Esportivo 2 A\u0301guas Abertas \u2013 JUBs Praia 2024<\/a><\/p>\n<p><img loading=\"lazy\" decoding=\"async\" class=\"alignnone size-full wp-image-68699\" src=\"https:\/\/swimchannel.net\/br\/wp-content\/uploads\/2024\/08\/23-08-24-jubs-praia-cbu-rio-de-janeiro-guas-abertas-foto-clio-jnior-144_53942657009_o-640x427-1.jpg\" alt=\"\" width=\"640\" height=\"427\" srcset=\"https:\/\/swimchannel.net\/br\/wp-content\/uploads\/2024\/08\/23-08-24-jubs-praia-cbu-rio-de-janeiro-guas-abertas-foto-clio-jnior-144_53942657009_o-640x427-1.jpg 640w, https:\/\/swimchannel.net\/br\/wp-content\/uploads\/2024\/08\/23-08-24-jubs-praia-cbu-rio-de-janeiro-guas-abertas-foto-clio-jnior-144_53942657009_o-640x427-1-270x180.jpg 270w\" sizes=\"auto, (max-width: 640px) 100vw, 640px\" \/><\/p>\n<div class=\"entry-content\">\n<p>Fotos CBDU<\/p>\n<\/div>\n<p>&nbsp;<\/p>\n<p>&nbsp;<\/p>\n","protected":false},"excerpt":{"rendered":"<p>A primeira prova de \u00e1guas abertas do JUBs, Jogos Universit\u00e1rios brasileiros, foi disputada nesta sexta-feira na praia de Copacabana, no Rio de Janeiro, e teve vit\u00f3ria de Leticia Silva de S\u00e3o Paulo no feminino e Lucas Davesac de Santa Catarina no masculino. Prova de 3 quil\u00f4metros foi disputada no mesmo local que recebeu as provas [&hellip;]<\/p>\n","protected":false},"author":12,"featured_media":68698,"comment_status":"open","ping_status":"open","sticky":false,"template":"","format":"standard","meta":{"footnotes":""},"categories":[115,2576],"tags":[14,6087,6088,5860],"class_list":["post-68695","post","type-post","status-publish","format-standard","has-post-thumbnail","hentry","category-aguas-abertas","category-ultimas-noticias","tag-aguas-abertas","tag-jubs","tag-leticia-silva","tag-lucas-davesac"],"yoast_head":"<!-- This site is optimized with the Yoast SEO plugin v27.0 - https:\/\/yoast.com\/product\/yoast-seo-wordpress\/ -->\n<title>Lucas Davesac e Leticia Silva s\u00e3o os campe\u00f5es das \u00e1guas abertas no JUBs de praia no Rio - Swimchannel<\/title>\n<meta name=\"robots\" content=\"index, follow, max-snippet:-1, max-image-preview:large, max-video-preview:-1\" \/>\n<link rel=\"canonical\" href=\"https:\/\/swimchannel.net\/br\/lucas-davesac-e-leticia-silva-sao-os-campeoes-das-aguas-abertas-no-jubs-de-praia-no-rio\/\" \/>\n<meta property=\"og:locale\" content=\"pt_BR\" \/>\n<meta property=\"og:type\" content=\"article\" \/>\n<meta property=\"og:title\" content=\"Lucas Davesac e Leticia Silva s\u00e3o os campe\u00f5es das \u00e1guas abertas no JUBs de praia no Rio - Swimchannel\" \/>\n<meta property=\"og:description\" content=\"A primeira prova de \u00e1guas abertas do JUBs, Jogos Universit\u00e1rios brasileiros, foi disputada nesta sexta-feira na praia de Copacabana, no Rio de Janeiro, e teve vit\u00f3ria de Leticia Silva de S\u00e3o Paulo no feminino e Lucas Davesac de Santa Catarina no masculino. Prova de 3 quil\u00f4metros foi disputada no mesmo local que recebeu as provas [&hellip;]\" \/>\n<meta property=\"og:url\" content=\"https:\/\/swimchannel.net\/br\/lucas-davesac-e-leticia-silva-sao-os-campeoes-das-aguas-abertas-no-jubs-de-praia-no-rio\/\" \/>\n<meta property=\"og:site_name\" content=\"Swimchannel\" \/>\n<meta property=\"article:publisher\" content=\"https:\/\/www.facebook.com\/swimchannel\" \/>\n<meta property=\"article:published_time\" content=\"2024-08-25T14:32:09+00:00\" \/>\n<meta property=\"og:image\" content=\"https:\/\/swimchannel.net\/br\/wp-content\/uploads\/2024\/08\/23-08-24-jubs-praia-cbu-rio-de-janeiro-guas-abertas-foto-clio-jnior-143_53942322346_o-1030x687-1.jpg\" \/>\n\t<meta property=\"og:image:width\" content=\"1030\" \/>\n\t<meta property=\"og:image:height\" content=\"687\" \/>\n\t<meta property=\"og:image:type\" content=\"image\/jpeg\" \/>\n<meta name=\"author\" content=\"Alex Pussieldi\" \/>\n<meta name=\"twitter:card\" content=\"summary_large_image\" \/>\n<meta name=\"twitter:label1\" content=\"Escrito por\" \/>\n\t<meta name=\"twitter:data1\" content=\"Alex Pussieldi\" \/>\n\t<meta name=\"twitter:label2\" content=\"Est. tempo de leitura\" \/>\n\t<meta name=\"twitter:data2\" content=\"1 minuto\" \/>\n<script type=\"application\/ld+json\" class=\"yoast-schema-graph\">{\"@context\":\"https:\/\/schema.org\",\"@graph\":[{\"@type\":\"Article\",\"@id\":\"https:\/\/swimchannel.net\/br\/lucas-davesac-e-leticia-silva-sao-os-campeoes-das-aguas-abertas-no-jubs-de-praia-no-rio\/#article\",\"isPartOf\":{\"@id\":\"https:\/\/swimchannel.net\/br\/lucas-davesac-e-leticia-silva-sao-os-campeoes-das-aguas-abertas-no-jubs-de-praia-no-rio\/\"},\"author\":{\"name\":\"Alex Pussieldi\",\"@id\":\"https:\/\/swimchannel.net\/br\/#\/schema\/person\/cf549cb99cf75592fcf7c76213385e63\"},\"headline\":\"Lucas Davesac e Leticia Silva s\u00e3o os campe\u00f5es das \u00e1guas abertas no JUBs de praia no Rio\",\"datePublished\":\"2024-08-25T14:32:09+00:00\",\"mainEntityOfPage\":{\"@id\":\"https:\/\/swimchannel.net\/br\/lucas-davesac-e-leticia-silva-sao-os-campeoes-das-aguas-abertas-no-jubs-de-praia-no-rio\/\"},\"wordCount\":209,\"commentCount\":0,\"publisher\":{\"@id\":\"https:\/\/swimchannel.net\/br\/#organization\"},\"image\":{\"@id\":\"https:\/\/swimchannel.net\/br\/lucas-davesac-e-leticia-silva-sao-os-campeoes-das-aguas-abertas-no-jubs-de-praia-no-rio\/#primaryimage\"},\"thumbnailUrl\":\"https:\/\/swimchannel.net\/br\/wp-content\/uploads\/2024\/08\/23-08-24-jubs-praia-cbu-rio-de-janeiro-guas-abertas-foto-clio-jnior-143_53942322346_o-1030x687-1.jpg\",\"keywords\":[\"\u00c1guas abertas\",\"JUBs\",\"Leticia Silva\",\"Lucas Davesac\"],\"articleSection\":[\"\u00c1guas Abertas\",\"\u00daltimas Not\u00edcias\"],\"inLanguage\":\"pt-BR\",\"potentialAction\":[{\"@type\":\"CommentAction\",\"name\":\"Comment\",\"target\":[\"https:\/\/swimchannel.net\/br\/lucas-davesac-e-leticia-silva-sao-os-campeoes-das-aguas-abertas-no-jubs-de-praia-no-rio\/#respond\"]}]},{\"@type\":\"WebPage\",\"@id\":\"https:\/\/swimchannel.net\/br\/lucas-davesac-e-leticia-silva-sao-os-campeoes-das-aguas-abertas-no-jubs-de-praia-no-rio\/\",\"url\":\"https:\/\/swimchannel.net\/br\/lucas-davesac-e-leticia-silva-sao-os-campeoes-das-aguas-abertas-no-jubs-de-praia-no-rio\/\",\"name\":\"Lucas Davesac e Leticia Silva s\u00e3o os campe\u00f5es das \u00e1guas abertas no JUBs de praia no Rio - Swimchannel\",\"isPartOf\":{\"@id\":\"https:\/\/swimchannel.net\/br\/#website\"},\"primaryImageOfPage\":{\"@id\":\"https:\/\/swimchannel.net\/br\/lucas-davesac-e-leticia-silva-sao-os-campeoes-das-aguas-abertas-no-jubs-de-praia-no-rio\/#primaryimage\"},\"image\":{\"@id\":\"https:\/\/swimchannel.net\/br\/lucas-davesac-e-leticia-silva-sao-os-campeoes-das-aguas-abertas-no-jubs-de-praia-no-rio\/#primaryimage\"},\"thumbnailUrl\":\"https:\/\/swimchannel.net\/br\/wp-content\/uploads\/2024\/08\/23-08-24-jubs-praia-cbu-rio-de-janeiro-guas-abertas-foto-clio-jnior-143_53942322346_o-1030x687-1.jpg\",\"datePublished\":\"2024-08-25T14:32:09+00:00\",\"breadcrumb\":{\"@id\":\"https:\/\/swimchannel.net\/br\/lucas-davesac-e-leticia-silva-sao-os-campeoes-das-aguas-abertas-no-jubs-de-praia-no-rio\/#breadcrumb\"},\"inLanguage\":\"pt-BR\",\"potentialAction\":[{\"@type\":\"ReadAction\",\"target\":[\"https:\/\/swimchannel.net\/br\/lucas-davesac-e-leticia-silva-sao-os-campeoes-das-aguas-abertas-no-jubs-de-praia-no-rio\/\"]}]},{\"@type\":\"ImageObject\",\"inLanguage\":\"pt-BR\",\"@id\":\"https:\/\/swimchannel.net\/br\/lucas-davesac-e-leticia-silva-sao-os-campeoes-das-aguas-abertas-no-jubs-de-praia-no-rio\/#primaryimage\",\"url\":\"https:\/\/swimchannel.net\/br\/wp-content\/uploads\/2024\/08\/23-08-24-jubs-praia-cbu-rio-de-janeiro-guas-abertas-foto-clio-jnior-143_53942322346_o-1030x687-1.jpg\",\"contentUrl\":\"https:\/\/swimchannel.net\/br\/wp-content\/uploads\/2024\/08\/23-08-24-jubs-praia-cbu-rio-de-janeiro-guas-abertas-foto-clio-jnior-143_53942322346_o-1030x687-1.jpg\",\"width\":1030,\"height\":687},{\"@type\":\"BreadcrumbList\",\"@id\":\"https:\/\/swimchannel.net\/br\/lucas-davesac-e-leticia-silva-sao-os-campeoes-das-aguas-abertas-no-jubs-de-praia-no-rio\/#breadcrumb\",\"itemListElement\":[{\"@type\":\"ListItem\",\"position\":1,\"name\":\"Home\",\"item\":\"https:\/\/swimchannel.net\/br\/\"},{\"@type\":\"ListItem\",\"position\":2,\"name\":\"Lucas Davesac e Leticia Silva s\u00e3o os campe\u00f5es das \u00e1guas abertas no JUBs de praia no Rio\"}]},{\"@type\":\"WebSite\",\"@id\":\"https:\/\/swimchannel.net\/br\/#website\",\"url\":\"https:\/\/swimchannel.net\/br\/\",\"name\":\"Swimchannel\",\"description\":\"Maior portal de nata\u00e7\u00e3o da america latina\",\"publisher\":{\"@id\":\"https:\/\/swimchannel.net\/br\/#organization\"},\"potentialAction\":[{\"@type\":\"SearchAction\",\"target\":{\"@type\":\"EntryPoint\",\"urlTemplate\":\"https:\/\/swimchannel.net\/br\/?s={search_term_string}\"},\"query-input\":{\"@type\":\"PropertyValueSpecification\",\"valueRequired\":true,\"valueName\":\"search_term_string\"}}],\"inLanguage\":\"pt-BR\"},{\"@type\":\"Organization\",\"@id\":\"https:\/\/swimchannel.net\/br\/#organization\",\"name\":\"Swimchannel - Conectando voc\u00ea a Nata\u00e7\u00e3o\",\"url\":\"https:\/\/swimchannel.net\/br\/\",\"logo\":{\"@type\":\"ImageObject\",\"inLanguage\":\"pt-BR\",\"@id\":\"https:\/\/swimchannel.net\/br\/#\/schema\/logo\/image\/\",\"url\":\"https:\/\/swimchannel.net\/br\/wp-content\/uploads\/2026\/02\/SWIM-CHANNEL.png\",\"contentUrl\":\"https:\/\/swimchannel.net\/br\/wp-content\/uploads\/2026\/02\/SWIM-CHANNEL.png\",\"width\":1120,\"height\":630,\"caption\":\"Swimchannel - Conectando voc\u00ea a Nata\u00e7\u00e3o\"},\"image\":{\"@id\":\"https:\/\/swimchannel.net\/br\/#\/schema\/logo\/image\/\"},\"sameAs\":[\"https:\/\/www.facebook.com\/swimchannel\",\"https:\/\/www.instagram.com\/swimchannel\"]},{\"@type\":\"Person\",\"@id\":\"https:\/\/swimchannel.net\/br\/#\/schema\/person\/cf549cb99cf75592fcf7c76213385e63\",\"name\":\"Alex Pussieldi\",\"image\":{\"@type\":\"ImageObject\",\"inLanguage\":\"pt-BR\",\"@id\":\"https:\/\/swimchannel.net\/br\/#\/schema\/person\/image\/\",\"url\":\"https:\/\/swimchannel.net\/br\/wp-content\/uploads\/2021\/02\/9b1c252d-a4bd-4eda-b399-24565cac4114-100x100.jpg\",\"contentUrl\":\"https:\/\/swimchannel.net\/br\/wp-content\/uploads\/2021\/02\/9b1c252d-a4bd-4eda-b399-24565cac4114-100x100.jpg\",\"caption\":\"Alex Pussieldi\"},\"description\":\"Alexandre Pussieldi, apelidado de \u201ccoach\u201d, Foi t\u00e9cnico da sele\u00e7\u00e3o verde e amarela nas Olimp\u00edadas de Pequim-2008 e Londres-2012. O treinador ainda comandou outros quatro pa\u00edses: Kuwait, Paraguai, Aruba e Antilhas Holandesas, al\u00e9m da sele\u00e7\u00e3o americana de \u00e1guas abertas. Pussieldi tem passagens como comentarista de nata\u00e7\u00e3o do Grupo Globo e Swim Channel.\",\"url\":\"https:\/\/swimchannel.net\/br\/author\/alexpussieldi\/\"}]}<\/script>\n<!-- \/ Yoast SEO plugin. -->","yoast_head_json":{"title":"Lucas Davesac e Leticia Silva s\u00e3o os campe\u00f5es das \u00e1guas abertas no JUBs de praia no Rio - Swimchannel","robots":{"index":"index","follow":"follow","max-snippet":"max-snippet:-1","max-image-preview":"max-image-preview:large","max-video-preview":"max-video-preview:-1"},"canonical":"https:\/\/swimchannel.net\/br\/lucas-davesac-e-leticia-silva-sao-os-campeoes-das-aguas-abertas-no-jubs-de-praia-no-rio\/","og_locale":"pt_BR","og_type":"article","og_title":"Lucas Davesac e Leticia Silva s\u00e3o os campe\u00f5es das \u00e1guas abertas no JUBs de praia no Rio - Swimchannel","og_description":"A primeira prova de \u00e1guas abertas do JUBs, Jogos Universit\u00e1rios brasileiros, foi disputada nesta sexta-feira na praia de Copacabana, no Rio de Janeiro, e teve vit\u00f3ria de Leticia Silva de S\u00e3o Paulo no feminino e Lucas Davesac de Santa Catarina no masculino. Prova de 3 quil\u00f4metros foi disputada no mesmo local que recebeu as provas [&hellip;]","og_url":"https:\/\/swimchannel.net\/br\/lucas-davesac-e-leticia-silva-sao-os-campeoes-das-aguas-abertas-no-jubs-de-praia-no-rio\/","og_site_name":"Swimchannel","article_publisher":"https:\/\/www.facebook.com\/swimchannel","article_published_time":"2024-08-25T14:32:09+00:00","og_image":[{"width":1030,"height":687,"url":"https:\/\/swimchannel.net\/br\/wp-content\/uploads\/2024\/08\/23-08-24-jubs-praia-cbu-rio-de-janeiro-guas-abertas-foto-clio-jnior-143_53942322346_o-1030x687-1.jpg","type":"image\/jpeg"}],"author":"Alex Pussieldi","twitter_card":"summary_large_image","twitter_misc":{"Escrito por":"Alex Pussieldi","Est. tempo de leitura":"1 minuto"},"schema":{"@context":"https:\/\/schema.org","@graph":[{"@type":"Article","@id":"https:\/\/swimchannel.net\/br\/lucas-davesac-e-leticia-silva-sao-os-campeoes-das-aguas-abertas-no-jubs-de-praia-no-rio\/#article","isPartOf":{"@id":"https:\/\/swimchannel.net\/br\/lucas-davesac-e-leticia-silva-sao-os-campeoes-das-aguas-abertas-no-jubs-de-praia-no-rio\/"},"author":{"name":"Alex Pussieldi","@id":"https:\/\/swimchannel.net\/br\/#\/schema\/person\/cf549cb99cf75592fcf7c76213385e63"},"headline":"Lucas Davesac e Leticia Silva s\u00e3o os campe\u00f5es das \u00e1guas abertas no JUBs de praia no Rio","datePublished":"2024-08-25T14:32:09+00:00","mainEntityOfPage":{"@id":"https:\/\/swimchannel.net\/br\/lucas-davesac-e-leticia-silva-sao-os-campeoes-das-aguas-abertas-no-jubs-de-praia-no-rio\/"},"wordCount":209,"commentCount":0,"publisher":{"@id":"https:\/\/swimchannel.net\/br\/#organization"},"image":{"@id":"https:\/\/swimchannel.net\/br\/lucas-davesac-e-leticia-silva-sao-os-campeoes-das-aguas-abertas-no-jubs-de-praia-no-rio\/#primaryimage"},"thumbnailUrl":"https:\/\/swimchannel.net\/br\/wp-content\/uploads\/2024\/08\/23-08-24-jubs-praia-cbu-rio-de-janeiro-guas-abertas-foto-clio-jnior-143_53942322346_o-1030x687-1.jpg","keywords":["\u00c1guas abertas","JUBs","Leticia Silva","Lucas Davesac"],"articleSection":["\u00c1guas Abertas","\u00daltimas Not\u00edcias"],"inLanguage":"pt-BR","potentialAction":[{"@type":"CommentAction","name":"Comment","target":["https:\/\/swimchannel.net\/br\/lucas-davesac-e-leticia-silva-sao-os-campeoes-das-aguas-abertas-no-jubs-de-praia-no-rio\/#respond"]}]},{"@type":"WebPage","@id":"https:\/\/swimchannel.net\/br\/lucas-davesac-e-leticia-silva-sao-os-campeoes-das-aguas-abertas-no-jubs-de-praia-no-rio\/","url":"https:\/\/swimchannel.net\/br\/lucas-davesac-e-leticia-silva-sao-os-campeoes-das-aguas-abertas-no-jubs-de-praia-no-rio\/","name":"Lucas Davesac e Leticia Silva s\u00e3o os campe\u00f5es das \u00e1guas abertas no JUBs de praia no Rio - Swimchannel","isPartOf":{"@id":"https:\/\/swimchannel.net\/br\/#website"},"primaryImageOfPage":{"@id":"https:\/\/swimchannel.net\/br\/lucas-davesac-e-leticia-silva-sao-os-campeoes-das-aguas-abertas-no-jubs-de-praia-no-rio\/#primaryimage"},"image":{"@id":"https:\/\/swimchannel.net\/br\/lucas-davesac-e-leticia-silva-sao-os-campeoes-das-aguas-abertas-no-jubs-de-praia-no-rio\/#primaryimage"},"thumbnailUrl":"https:\/\/swimchannel.net\/br\/wp-content\/uploads\/2024\/08\/23-08-24-jubs-praia-cbu-rio-de-janeiro-guas-abertas-foto-clio-jnior-143_53942322346_o-1030x687-1.jpg","datePublished":"2024-08-25T14:32:09+00:00","breadcrumb":{"@id":"https:\/\/swimchannel.net\/br\/lucas-davesac-e-leticia-silva-sao-os-campeoes-das-aguas-abertas-no-jubs-de-praia-no-rio\/#breadcrumb"},"inLanguage":"pt-BR","potentialAction":[{"@type":"ReadAction","target":["https:\/\/swimchannel.net\/br\/lucas-davesac-e-leticia-silva-sao-os-campeoes-das-aguas-abertas-no-jubs-de-praia-no-rio\/"]}]},{"@type":"ImageObject","inLanguage":"pt-BR","@id":"https:\/\/swimchannel.net\/br\/lucas-davesac-e-leticia-silva-sao-os-campeoes-das-aguas-abertas-no-jubs-de-praia-no-rio\/#primaryimage","url":"https:\/\/swimchannel.net\/br\/wp-content\/uploads\/2024\/08\/23-08-24-jubs-praia-cbu-rio-de-janeiro-guas-abertas-foto-clio-jnior-143_53942322346_o-1030x687-1.jpg","contentUrl":"https:\/\/swimchannel.net\/br\/wp-content\/uploads\/2024\/08\/23-08-24-jubs-praia-cbu-rio-de-janeiro-guas-abertas-foto-clio-jnior-143_53942322346_o-1030x687-1.jpg","width":1030,"height":687},{"@type":"BreadcrumbList","@id":"https:\/\/swimchannel.net\/br\/lucas-davesac-e-leticia-silva-sao-os-campeoes-das-aguas-abertas-no-jubs-de-praia-no-rio\/#breadcrumb","itemListElement":[{"@type":"ListItem","position":1,"name":"Home","item":"https:\/\/swimchannel.net\/br\/"},{"@type":"ListItem","position":2,"name":"Lucas Davesac e Leticia Silva s\u00e3o os campe\u00f5es das \u00e1guas abertas no JUBs de praia no Rio"}]},{"@type":"WebSite","@id":"https:\/\/swimchannel.net\/br\/#website","url":"https:\/\/swimchannel.net\/br\/","name":"Swimchannel","description":"Maior portal de nata\u00e7\u00e3o da america latina","publisher":{"@id":"https:\/\/swimchannel.net\/br\/#organization"},"potentialAction":[{"@type":"SearchAction","target":{"@type":"EntryPoint","urlTemplate":"https:\/\/swimchannel.net\/br\/?s={search_term_string}"},"query-input":{"@type":"PropertyValueSpecification","valueRequired":true,"valueName":"search_term_string"}}],"inLanguage":"pt-BR"},{"@type":"Organization","@id":"https:\/\/swimchannel.net\/br\/#organization","name":"Swimchannel - Conectando voc\u00ea a Nata\u00e7\u00e3o","url":"https:\/\/swimchannel.net\/br\/","logo":{"@type":"ImageObject","inLanguage":"pt-BR","@id":"https:\/\/swimchannel.net\/br\/#\/schema\/logo\/image\/","url":"https:\/\/swimchannel.net\/br\/wp-content\/uploads\/2026\/02\/SWIM-CHANNEL.png","contentUrl":"https:\/\/swimchannel.net\/br\/wp-content\/uploads\/2026\/02\/SWIM-CHANNEL.png","width":1120,"height":630,"caption":"Swimchannel - Conectando voc\u00ea a Nata\u00e7\u00e3o"},"image":{"@id":"https:\/\/swimchannel.net\/br\/#\/schema\/logo\/image\/"},"sameAs":["https:\/\/www.facebook.com\/swimchannel","https:\/\/www.instagram.com\/swimchannel"]},{"@type":"Person","@id":"https:\/\/swimchannel.net\/br\/#\/schema\/person\/cf549cb99cf75592fcf7c76213385e63","name":"Alex Pussieldi","image":{"@type":"ImageObject","inLanguage":"pt-BR","@id":"https:\/\/swimchannel.net\/br\/#\/schema\/person\/image\/","url":"https:\/\/swimchannel.net\/br\/wp-content\/uploads\/2021\/02\/9b1c252d-a4bd-4eda-b399-24565cac4114-100x100.jpg","contentUrl":"https:\/\/swimchannel.net\/br\/wp-content\/uploads\/2021\/02\/9b1c252d-a4bd-4eda-b399-24565cac4114-100x100.jpg","caption":"Alex Pussieldi"},"description":"Alexandre Pussieldi, apelidado de \u201ccoach\u201d, Foi t\u00e9cnico da sele\u00e7\u00e3o verde e amarela nas Olimp\u00edadas de Pequim-2008 e Londres-2012. O treinador ainda comandou outros quatro pa\u00edses: Kuwait, Paraguai, Aruba e Antilhas Holandesas, al\u00e9m da sele\u00e7\u00e3o americana de \u00e1guas abertas. Pussieldi tem passagens como comentarista de nata\u00e7\u00e3o do Grupo Globo e Swim Channel.","url":"https:\/\/swimchannel.net\/br\/author\/alexpussieldi\/"}]}},"_links":{"self":[{"href":"https:\/\/swimchannel.net\/br\/wp-json\/wp\/v2\/posts\/68695","targetHints":{"allow":["GET"]}}],"collection":[{"href":"https:\/\/swimchannel.net\/br\/wp-json\/wp\/v2\/posts"}],"about":[{"href":"https:\/\/swimchannel.net\/br\/wp-json\/wp\/v2\/types\/post"}],"author":[{"embeddable":true,"href":"https:\/\/swimchannel.net\/br\/wp-json\/wp\/v2\/users\/12"}],"replies":[{"embeddable":true,"href":"https:\/\/swimchannel.net\/br\/wp-json\/wp\/v2\/comments?post=68695"}],"version-history":[{"count":1,"href":"https:\/\/swimchannel.net\/br\/wp-json\/wp\/v2\/posts\/68695\/revisions"}],"predecessor-version":[{"id":68700,"href":"https:\/\/swimchannel.net\/br\/wp-json\/wp\/v2\/posts\/68695\/revisions\/68700"}],"wp:featuredmedia":[{"embeddable":true,"href":"https:\/\/swimchannel.net\/br\/wp-json\/wp\/v2\/media\/68698"}],"wp:attachment":[{"href":"https:\/\/swimchannel.net\/br\/wp-json\/wp\/v2\/media?parent=68695"}],"wp:term":[{"taxonomy":"category","embeddable":true,"href":"https:\/\/swimchannel.net\/br\/wp-json\/wp\/v2\/categories?post=68695"},{"taxonomy":"post_tag","embeddable":true,"href":"https:\/\/swimchannel.net\/br\/wp-json\/wp\/v2\/tags?post=68695"}],"curies":[{"name":"wp","href":"https:\/\/api.w.org\/{rel}","templated":true}]}}