{"id":69116,"date":"2024-09-16T17:20:43","date_gmt":"2024-09-16T20:20:43","guid":{"rendered":"https:\/\/swimchannel.net\/br\/?p=69116"},"modified":"2024-09-16T17:20:43","modified_gmt":"2024-09-16T20:20:43","slug":"leon-marchand-voltou-aos-treinamentos-hoje-na-franca","status":"publish","type":"post","link":"https:\/\/swimchannel.net\/br\/leon-marchand-voltou-aos-treinamentos-hoje-na-franca\/","title":{"rendered":"Leon Marchand voltou aos treinamentos hoje, na Fran\u00e7a!"},"content":{"rendered":"<p>Um m\u00eas e sete dias, terminaram as f\u00e9rias de Leon Marchand, o maior nome masculino dos Jogos Ol\u00edmpicos de Paris. Marchand voltou aos treinamentos hoje, e a surpresa, em Toulouse, na Fran\u00e7a, junto com seu treinador de forma\u00e7\u00e3o Nicolas Castel.<\/p>\n<p>&nbsp;<\/p>\n<p>Marchand vai estar nas tr\u00eas etapas da Copa do Mundo de Nata\u00e7\u00e3o na prepara\u00e7\u00e3o rumo ao Campeonato Mundial de Piscina Curta, em Budapeste, na Hungria, em dezembro. Todas as tr\u00eas etapas ir\u00e3o acontecer na \u00c1sia:<\/p>\n<p>18 a 20 de Outubro, Shanghai, China<\/p>\n<p>24 a 26 de Outubro, Incheon, Coreia do Sul<\/p>\n<p>31 de Outubro a 3 de Novembro, Singapura, Singapura<\/p>\n<p>&nbsp;<\/p>\n<p>A tend\u00eancia de Marchand \u00e9 ficar na Fran\u00e7a at\u00e9 o final do ano e s\u00f3 retomar o programa com Bob Bowman a partir do pr\u00f3ximo ano.<\/p>\n","protected":false},"excerpt":{"rendered":"<p>Um m\u00eas e sete dias, terminaram as f\u00e9rias de Leon Marchand, o maior nome masculino dos Jogos Ol\u00edmpicos de Paris. Marchand voltou aos treinamentos hoje, e a surpresa, em Toulouse, na Fran\u00e7a, junto com seu treinador de forma\u00e7\u00e3o Nicolas Castel. &nbsp; Marchand vai estar nas tr\u00eas etapas da Copa do Mundo de Nata\u00e7\u00e3o na prepara\u00e7\u00e3o [&hellip;]<\/p>\n","protected":false},"author":12,"featured_media":69117,"comment_status":"open","ping_status":"open","sticky":false,"template":"","format":"standard","meta":{"footnotes":""},"categories":[5152],"tags":[4677,5],"class_list":["post-69116","post","type-post","status-publish","format-standard","has-post-thumbnail","hentry","category-blog-do-coach","tag-leon-marchand","tag-natacao"],"yoast_head":"<!-- This site is optimized with the Yoast SEO plugin v27.0 - https:\/\/yoast.com\/product\/yoast-seo-wordpress\/ -->\n<title>Leon Marchand voltou aos treinamentos hoje, na Fran\u00e7a! - Swimchannel<\/title>\n<meta name=\"robots\" content=\"index, follow, max-snippet:-1, max-image-preview:large, max-video-preview:-1\" \/>\n<link rel=\"canonical\" href=\"https:\/\/swimchannel.net\/br\/leon-marchand-voltou-aos-treinamentos-hoje-na-franca\/\" \/>\n<meta property=\"og:locale\" content=\"pt_BR\" \/>\n<meta property=\"og:type\" content=\"article\" \/>\n<meta property=\"og:title\" content=\"Leon Marchand voltou aos treinamentos hoje, na Fran\u00e7a! - Swimchannel\" \/>\n<meta property=\"og:description\" content=\"Um m\u00eas e sete dias, terminaram as f\u00e9rias de Leon Marchand, o maior nome masculino dos Jogos Ol\u00edmpicos de Paris. Marchand voltou aos treinamentos hoje, e a surpresa, em Toulouse, na Fran\u00e7a, junto com seu treinador de forma\u00e7\u00e3o Nicolas Castel. &nbsp; Marchand vai estar nas tr\u00eas etapas da Copa do Mundo de Nata\u00e7\u00e3o na prepara\u00e7\u00e3o [&hellip;]\" \/>\n<meta property=\"og:url\" content=\"https:\/\/swimchannel.net\/br\/leon-marchand-voltou-aos-treinamentos-hoje-na-franca\/\" \/>\n<meta property=\"og:site_name\" content=\"Swimchannel\" \/>\n<meta property=\"article:publisher\" content=\"https:\/\/www.facebook.com\/swimchannel\" \/>\n<meta property=\"article:published_time\" content=\"2024-09-16T20:20:43+00:00\" \/>\n<meta property=\"og:image\" content=\"https:\/\/swimchannel.net\/br\/wp-content\/uploads\/2024\/09\/Screenshot_2024-09-16-17-18-41-511_com.android.chrome-edit.jpg\" \/>\n\t<meta property=\"og:image:width\" content=\"945\" \/>\n\t<meta property=\"og:image:height\" content=\"630\" \/>\n\t<meta property=\"og:image:type\" content=\"image\/jpeg\" \/>\n<meta name=\"author\" content=\"Alex Pussieldi\" \/>\n<meta name=\"twitter:card\" content=\"summary_large_image\" \/>\n<meta name=\"twitter:label1\" content=\"Escrito por\" \/>\n\t<meta name=\"twitter:data1\" content=\"Alex Pussieldi\" \/>\n\t<meta name=\"twitter:label2\" content=\"Est. tempo de leitura\" \/>\n\t<meta name=\"twitter:data2\" content=\"1 minuto\" \/>\n<script type=\"application\/ld+json\" class=\"yoast-schema-graph\">{\"@context\":\"https:\/\/schema.org\",\"@graph\":[{\"@type\":\"Article\",\"@id\":\"https:\/\/swimchannel.net\/br\/leon-marchand-voltou-aos-treinamentos-hoje-na-franca\/#article\",\"isPartOf\":{\"@id\":\"https:\/\/swimchannel.net\/br\/leon-marchand-voltou-aos-treinamentos-hoje-na-franca\/\"},\"author\":{\"name\":\"Alex Pussieldi\",\"@id\":\"https:\/\/swimchannel.net\/br\/#\/schema\/person\/cf549cb99cf75592fcf7c76213385e63\"},\"headline\":\"Leon Marchand voltou aos treinamentos hoje, na Fran\u00e7a!\",\"datePublished\":\"2024-09-16T20:20:43+00:00\",\"mainEntityOfPage\":{\"@id\":\"https:\/\/swimchannel.net\/br\/leon-marchand-voltou-aos-treinamentos-hoje-na-franca\/\"},\"wordCount\":143,\"commentCount\":0,\"publisher\":{\"@id\":\"https:\/\/swimchannel.net\/br\/#organization\"},\"image\":{\"@id\":\"https:\/\/swimchannel.net\/br\/leon-marchand-voltou-aos-treinamentos-hoje-na-franca\/#primaryimage\"},\"thumbnailUrl\":\"https:\/\/swimchannel.net\/br\/wp-content\/uploads\/2024\/09\/Screenshot_2024-09-16-17-18-41-511_com.android.chrome-edit.jpg\",\"keywords\":[\"Leon Marchand\",\"natacao\"],\"articleSection\":[\"Blog do Coach\"],\"inLanguage\":\"pt-BR\",\"potentialAction\":[{\"@type\":\"CommentAction\",\"name\":\"Comment\",\"target\":[\"https:\/\/swimchannel.net\/br\/leon-marchand-voltou-aos-treinamentos-hoje-na-franca\/#respond\"]}]},{\"@type\":\"WebPage\",\"@id\":\"https:\/\/swimchannel.net\/br\/leon-marchand-voltou-aos-treinamentos-hoje-na-franca\/\",\"url\":\"https:\/\/swimchannel.net\/br\/leon-marchand-voltou-aos-treinamentos-hoje-na-franca\/\",\"name\":\"Leon Marchand voltou aos treinamentos hoje, na Fran\u00e7a! - Swimchannel\",\"isPartOf\":{\"@id\":\"https:\/\/swimchannel.net\/br\/#website\"},\"primaryImageOfPage\":{\"@id\":\"https:\/\/swimchannel.net\/br\/leon-marchand-voltou-aos-treinamentos-hoje-na-franca\/#primaryimage\"},\"image\":{\"@id\":\"https:\/\/swimchannel.net\/br\/leon-marchand-voltou-aos-treinamentos-hoje-na-franca\/#primaryimage\"},\"thumbnailUrl\":\"https:\/\/swimchannel.net\/br\/wp-content\/uploads\/2024\/09\/Screenshot_2024-09-16-17-18-41-511_com.android.chrome-edit.jpg\",\"datePublished\":\"2024-09-16T20:20:43+00:00\",\"breadcrumb\":{\"@id\":\"https:\/\/swimchannel.net\/br\/leon-marchand-voltou-aos-treinamentos-hoje-na-franca\/#breadcrumb\"},\"inLanguage\":\"pt-BR\",\"potentialAction\":[{\"@type\":\"ReadAction\",\"target\":[\"https:\/\/swimchannel.net\/br\/leon-marchand-voltou-aos-treinamentos-hoje-na-franca\/\"]}]},{\"@type\":\"ImageObject\",\"inLanguage\":\"pt-BR\",\"@id\":\"https:\/\/swimchannel.net\/br\/leon-marchand-voltou-aos-treinamentos-hoje-na-franca\/#primaryimage\",\"url\":\"https:\/\/swimchannel.net\/br\/wp-content\/uploads\/2024\/09\/Screenshot_2024-09-16-17-18-41-511_com.android.chrome-edit.jpg\",\"contentUrl\":\"https:\/\/swimchannel.net\/br\/wp-content\/uploads\/2024\/09\/Screenshot_2024-09-16-17-18-41-511_com.android.chrome-edit.jpg\",\"width\":945,\"height\":630},{\"@type\":\"BreadcrumbList\",\"@id\":\"https:\/\/swimchannel.net\/br\/leon-marchand-voltou-aos-treinamentos-hoje-na-franca\/#breadcrumb\",\"itemListElement\":[{\"@type\":\"ListItem\",\"position\":1,\"name\":\"Home\",\"item\":\"https:\/\/swimchannel.net\/br\/\"},{\"@type\":\"ListItem\",\"position\":2,\"name\":\"Leon Marchand voltou aos treinamentos hoje, na Fran\u00e7a!\"}]},{\"@type\":\"WebSite\",\"@id\":\"https:\/\/swimchannel.net\/br\/#website\",\"url\":\"https:\/\/swimchannel.net\/br\/\",\"name\":\"Swimchannel\",\"description\":\"Maior portal de nata\u00e7\u00e3o da america latina\",\"publisher\":{\"@id\":\"https:\/\/swimchannel.net\/br\/#organization\"},\"potentialAction\":[{\"@type\":\"SearchAction\",\"target\":{\"@type\":\"EntryPoint\",\"urlTemplate\":\"https:\/\/swimchannel.net\/br\/?s={search_term_string}\"},\"query-input\":{\"@type\":\"PropertyValueSpecification\",\"valueRequired\":true,\"valueName\":\"search_term_string\"}}],\"inLanguage\":\"pt-BR\"},{\"@type\":\"Organization\",\"@id\":\"https:\/\/swimchannel.net\/br\/#organization\",\"name\":\"Swimchannel - Conectando voc\u00ea a Nata\u00e7\u00e3o\",\"url\":\"https:\/\/swimchannel.net\/br\/\",\"logo\":{\"@type\":\"ImageObject\",\"inLanguage\":\"pt-BR\",\"@id\":\"https:\/\/swimchannel.net\/br\/#\/schema\/logo\/image\/\",\"url\":\"https:\/\/swimchannel.net\/br\/wp-content\/uploads\/2026\/02\/SWIM-CHANNEL.png\",\"contentUrl\":\"https:\/\/swimchannel.net\/br\/wp-content\/uploads\/2026\/02\/SWIM-CHANNEL.png\",\"width\":1120,\"height\":630,\"caption\":\"Swimchannel - Conectando voc\u00ea a Nata\u00e7\u00e3o\"},\"image\":{\"@id\":\"https:\/\/swimchannel.net\/br\/#\/schema\/logo\/image\/\"},\"sameAs\":[\"https:\/\/www.facebook.com\/swimchannel\",\"https:\/\/www.instagram.com\/swimchannel\"]},{\"@type\":\"Person\",\"@id\":\"https:\/\/swimchannel.net\/br\/#\/schema\/person\/cf549cb99cf75592fcf7c76213385e63\",\"name\":\"Alex Pussieldi\",\"image\":{\"@type\":\"ImageObject\",\"inLanguage\":\"pt-BR\",\"@id\":\"https:\/\/swimchannel.net\/br\/#\/schema\/person\/image\/\",\"url\":\"https:\/\/swimchannel.net\/br\/wp-content\/uploads\/2021\/02\/9b1c252d-a4bd-4eda-b399-24565cac4114-100x100.jpg\",\"contentUrl\":\"https:\/\/swimchannel.net\/br\/wp-content\/uploads\/2021\/02\/9b1c252d-a4bd-4eda-b399-24565cac4114-100x100.jpg\",\"caption\":\"Alex Pussieldi\"},\"description\":\"Alexandre Pussieldi, apelidado de \u201ccoach\u201d, Foi t\u00e9cnico da sele\u00e7\u00e3o verde e amarela nas Olimp\u00edadas de Pequim-2008 e Londres-2012. O treinador ainda comandou outros quatro pa\u00edses: Kuwait, Paraguai, Aruba e Antilhas Holandesas, al\u00e9m da sele\u00e7\u00e3o americana de \u00e1guas abertas. Pussieldi tem passagens como comentarista de nata\u00e7\u00e3o do Grupo Globo e Swim Channel.\",\"url\":\"https:\/\/swimchannel.net\/br\/author\/alexpussieldi\/\"}]}<\/script>\n<!-- \/ Yoast SEO plugin. -->","yoast_head_json":{"title":"Leon Marchand voltou aos treinamentos hoje, na Fran\u00e7a! - Swimchannel","robots":{"index":"index","follow":"follow","max-snippet":"max-snippet:-1","max-image-preview":"max-image-preview:large","max-video-preview":"max-video-preview:-1"},"canonical":"https:\/\/swimchannel.net\/br\/leon-marchand-voltou-aos-treinamentos-hoje-na-franca\/","og_locale":"pt_BR","og_type":"article","og_title":"Leon Marchand voltou aos treinamentos hoje, na Fran\u00e7a! - Swimchannel","og_description":"Um m\u00eas e sete dias, terminaram as f\u00e9rias de Leon Marchand, o maior nome masculino dos Jogos Ol\u00edmpicos de Paris. Marchand voltou aos treinamentos hoje, e a surpresa, em Toulouse, na Fran\u00e7a, junto com seu treinador de forma\u00e7\u00e3o Nicolas Castel. &nbsp; Marchand vai estar nas tr\u00eas etapas da Copa do Mundo de Nata\u00e7\u00e3o na prepara\u00e7\u00e3o [&hellip;]","og_url":"https:\/\/swimchannel.net\/br\/leon-marchand-voltou-aos-treinamentos-hoje-na-franca\/","og_site_name":"Swimchannel","article_publisher":"https:\/\/www.facebook.com\/swimchannel","article_published_time":"2024-09-16T20:20:43+00:00","og_image":[{"width":945,"height":630,"url":"https:\/\/swimchannel.net\/br\/wp-content\/uploads\/2024\/09\/Screenshot_2024-09-16-17-18-41-511_com.android.chrome-edit.jpg","type":"image\/jpeg"}],"author":"Alex Pussieldi","twitter_card":"summary_large_image","twitter_misc":{"Escrito por":"Alex Pussieldi","Est. tempo de leitura":"1 minuto"},"schema":{"@context":"https:\/\/schema.org","@graph":[{"@type":"Article","@id":"https:\/\/swimchannel.net\/br\/leon-marchand-voltou-aos-treinamentos-hoje-na-franca\/#article","isPartOf":{"@id":"https:\/\/swimchannel.net\/br\/leon-marchand-voltou-aos-treinamentos-hoje-na-franca\/"},"author":{"name":"Alex Pussieldi","@id":"https:\/\/swimchannel.net\/br\/#\/schema\/person\/cf549cb99cf75592fcf7c76213385e63"},"headline":"Leon Marchand voltou aos treinamentos hoje, na Fran\u00e7a!","datePublished":"2024-09-16T20:20:43+00:00","mainEntityOfPage":{"@id":"https:\/\/swimchannel.net\/br\/leon-marchand-voltou-aos-treinamentos-hoje-na-franca\/"},"wordCount":143,"commentCount":0,"publisher":{"@id":"https:\/\/swimchannel.net\/br\/#organization"},"image":{"@id":"https:\/\/swimchannel.net\/br\/leon-marchand-voltou-aos-treinamentos-hoje-na-franca\/#primaryimage"},"thumbnailUrl":"https:\/\/swimchannel.net\/br\/wp-content\/uploads\/2024\/09\/Screenshot_2024-09-16-17-18-41-511_com.android.chrome-edit.jpg","keywords":["Leon Marchand","natacao"],"articleSection":["Blog do Coach"],"inLanguage":"pt-BR","potentialAction":[{"@type":"CommentAction","name":"Comment","target":["https:\/\/swimchannel.net\/br\/leon-marchand-voltou-aos-treinamentos-hoje-na-franca\/#respond"]}]},{"@type":"WebPage","@id":"https:\/\/swimchannel.net\/br\/leon-marchand-voltou-aos-treinamentos-hoje-na-franca\/","url":"https:\/\/swimchannel.net\/br\/leon-marchand-voltou-aos-treinamentos-hoje-na-franca\/","name":"Leon Marchand voltou aos treinamentos hoje, na Fran\u00e7a! - Swimchannel","isPartOf":{"@id":"https:\/\/swimchannel.net\/br\/#website"},"primaryImageOfPage":{"@id":"https:\/\/swimchannel.net\/br\/leon-marchand-voltou-aos-treinamentos-hoje-na-franca\/#primaryimage"},"image":{"@id":"https:\/\/swimchannel.net\/br\/leon-marchand-voltou-aos-treinamentos-hoje-na-franca\/#primaryimage"},"thumbnailUrl":"https:\/\/swimchannel.net\/br\/wp-content\/uploads\/2024\/09\/Screenshot_2024-09-16-17-18-41-511_com.android.chrome-edit.jpg","datePublished":"2024-09-16T20:20:43+00:00","breadcrumb":{"@id":"https:\/\/swimchannel.net\/br\/leon-marchand-voltou-aos-treinamentos-hoje-na-franca\/#breadcrumb"},"inLanguage":"pt-BR","potentialAction":[{"@type":"ReadAction","target":["https:\/\/swimchannel.net\/br\/leon-marchand-voltou-aos-treinamentos-hoje-na-franca\/"]}]},{"@type":"ImageObject","inLanguage":"pt-BR","@id":"https:\/\/swimchannel.net\/br\/leon-marchand-voltou-aos-treinamentos-hoje-na-franca\/#primaryimage","url":"https:\/\/swimchannel.net\/br\/wp-content\/uploads\/2024\/09\/Screenshot_2024-09-16-17-18-41-511_com.android.chrome-edit.jpg","contentUrl":"https:\/\/swimchannel.net\/br\/wp-content\/uploads\/2024\/09\/Screenshot_2024-09-16-17-18-41-511_com.android.chrome-edit.jpg","width":945,"height":630},{"@type":"BreadcrumbList","@id":"https:\/\/swimchannel.net\/br\/leon-marchand-voltou-aos-treinamentos-hoje-na-franca\/#breadcrumb","itemListElement":[{"@type":"ListItem","position":1,"name":"Home","item":"https:\/\/swimchannel.net\/br\/"},{"@type":"ListItem","position":2,"name":"Leon Marchand voltou aos treinamentos hoje, na Fran\u00e7a!"}]},{"@type":"WebSite","@id":"https:\/\/swimchannel.net\/br\/#website","url":"https:\/\/swimchannel.net\/br\/","name":"Swimchannel","description":"Maior portal de nata\u00e7\u00e3o da america latina","publisher":{"@id":"https:\/\/swimchannel.net\/br\/#organization"},"potentialAction":[{"@type":"SearchAction","target":{"@type":"EntryPoint","urlTemplate":"https:\/\/swimchannel.net\/br\/?s={search_term_string}"},"query-input":{"@type":"PropertyValueSpecification","valueRequired":true,"valueName":"search_term_string"}}],"inLanguage":"pt-BR"},{"@type":"Organization","@id":"https:\/\/swimchannel.net\/br\/#organization","name":"Swimchannel - Conectando voc\u00ea a Nata\u00e7\u00e3o","url":"https:\/\/swimchannel.net\/br\/","logo":{"@type":"ImageObject","inLanguage":"pt-BR","@id":"https:\/\/swimchannel.net\/br\/#\/schema\/logo\/image\/","url":"https:\/\/swimchannel.net\/br\/wp-content\/uploads\/2026\/02\/SWIM-CHANNEL.png","contentUrl":"https:\/\/swimchannel.net\/br\/wp-content\/uploads\/2026\/02\/SWIM-CHANNEL.png","width":1120,"height":630,"caption":"Swimchannel - Conectando voc\u00ea a Nata\u00e7\u00e3o"},"image":{"@id":"https:\/\/swimchannel.net\/br\/#\/schema\/logo\/image\/"},"sameAs":["https:\/\/www.facebook.com\/swimchannel","https:\/\/www.instagram.com\/swimchannel"]},{"@type":"Person","@id":"https:\/\/swimchannel.net\/br\/#\/schema\/person\/cf549cb99cf75592fcf7c76213385e63","name":"Alex Pussieldi","image":{"@type":"ImageObject","inLanguage":"pt-BR","@id":"https:\/\/swimchannel.net\/br\/#\/schema\/person\/image\/","url":"https:\/\/swimchannel.net\/br\/wp-content\/uploads\/2021\/02\/9b1c252d-a4bd-4eda-b399-24565cac4114-100x100.jpg","contentUrl":"https:\/\/swimchannel.net\/br\/wp-content\/uploads\/2021\/02\/9b1c252d-a4bd-4eda-b399-24565cac4114-100x100.jpg","caption":"Alex Pussieldi"},"description":"Alexandre Pussieldi, apelidado de \u201ccoach\u201d, Foi t\u00e9cnico da sele\u00e7\u00e3o verde e amarela nas Olimp\u00edadas de Pequim-2008 e Londres-2012. O treinador ainda comandou outros quatro pa\u00edses: Kuwait, Paraguai, Aruba e Antilhas Holandesas, al\u00e9m da sele\u00e7\u00e3o americana de \u00e1guas abertas. Pussieldi tem passagens como comentarista de nata\u00e7\u00e3o do Grupo Globo e Swim Channel.","url":"https:\/\/swimchannel.net\/br\/author\/alexpussieldi\/"}]}},"_links":{"self":[{"href":"https:\/\/swimchannel.net\/br\/wp-json\/wp\/v2\/posts\/69116","targetHints":{"allow":["GET"]}}],"collection":[{"href":"https:\/\/swimchannel.net\/br\/wp-json\/wp\/v2\/posts"}],"about":[{"href":"https:\/\/swimchannel.net\/br\/wp-json\/wp\/v2\/types\/post"}],"author":[{"embeddable":true,"href":"https:\/\/swimchannel.net\/br\/wp-json\/wp\/v2\/users\/12"}],"replies":[{"embeddable":true,"href":"https:\/\/swimchannel.net\/br\/wp-json\/wp\/v2\/comments?post=69116"}],"version-history":[{"count":1,"href":"https:\/\/swimchannel.net\/br\/wp-json\/wp\/v2\/posts\/69116\/revisions"}],"predecessor-version":[{"id":69118,"href":"https:\/\/swimchannel.net\/br\/wp-json\/wp\/v2\/posts\/69116\/revisions\/69118"}],"wp:featuredmedia":[{"embeddable":true,"href":"https:\/\/swimchannel.net\/br\/wp-json\/wp\/v2\/media\/69117"}],"wp:attachment":[{"href":"https:\/\/swimchannel.net\/br\/wp-json\/wp\/v2\/media?parent=69116"}],"wp:term":[{"taxonomy":"category","embeddable":true,"href":"https:\/\/swimchannel.net\/br\/wp-json\/wp\/v2\/categories?post=69116"},{"taxonomy":"post_tag","embeddable":true,"href":"https:\/\/swimchannel.net\/br\/wp-json\/wp\/v2\/tags?post=69116"}],"curies":[{"name":"wp","href":"https:\/\/api.w.org\/{rel}","templated":true}]}}