{"id":69171,"date":"2024-09-18T11:22:58","date_gmt":"2024-09-18T14:22:58","guid":{"rendered":"https:\/\/swimchannel.net\/br\/?p=69171"},"modified":"2024-09-18T11:22:58","modified_gmt":"2024-09-18T14:22:58","slug":"brasileiros-desbravam-o-ultraswim-33-3-na-grecia","status":"publish","type":"post","link":"https:\/\/swimchannel.net\/br\/brasileiros-desbravam-o-ultraswim-33-3-na-grecia\/","title":{"rendered":"Brasileiros desbravam o UltraSwim 33.3 na Gr\u00e9cia"},"content":{"rendered":"<p>Os brasileiros ultramaratonistas Samir Barel e Ana Carolina Morelli estiveram na Gr\u00e9cia, na \u00faltima semana (13, 14, 15 e 16 de setembro), participando do Circuito UltraSwim 33.3, que desde 2022 apresenta uma forma diferente de explorar travessias de \u00e1guas abertas mundo afora.<\/p>\n<p>Assim como o pr\u00f3prio nome do evento define, a prova consiste em uma ultramaratona aqu\u00e1tica de 33.3 quil\u00f4metros. A metragem, no entanto, \u00e9 dividia em quatro dias de competi\u00e7\u00e3o, permitindo que nadadores de v\u00e1rias idades, tanto iniciantes como os mais experientes, concluam a dist\u00e2ncia. Ap\u00f3s tr\u00eas passagens por Montenegro, o evento desembarcou pela primeira vez nas \u00e1guas mitol\u00f3gicas do Mar Egeu. A edi\u00e7\u00e3o inaugural, realizada em Skiathos, que, juntamente com Skopelos e Alonissos, forma o chamado Arquip\u00e9lago das Esp\u00f3rades do Norte, contou com a presen\u00e7a de aproximadamente 60 nadadores. Al\u00e9m de Carol e Samir, outras 4 brasileiras tamb\u00e9m participaram da aventura.<\/p>\n<p>&#8220;Esse formato, tamb\u00e9m conhecido como &#8220;multiday&#8221; ou &#8220;swim track&#8221;, n\u00e3o \u00e9 muito comum, a maioria das provas \u00e9 de um dia de competi\u00e7\u00e3o, mas, podemos dizer que \u00e9 um primeiro passo para a ultramaratona. Como a metragem \u00e9 dividia em trechos menores, isso encoraja os nadadores, especialmente os que ainda n\u00e3o tem muita experi\u00eancia, ajudando n\u00e3o s\u00f3 a atrair novos adeptos como tamb\u00e9m a fomentar cada vez mais a modalidade&#8221;, explica Samir, que \u00e9 um dos principais embaixadores da maratona aqu\u00e1tica no Brasil.<\/p>\n<figure id=\"attachment_69174\" aria-describedby=\"caption-attachment-69174\" style=\"width: 945px\" class=\"wp-caption alignnone\"><img loading=\"lazy\" decoding=\"async\" class=\"size-full wp-image-69174\" src=\"https:\/\/swimchannel.net\/br\/wp-content\/uploads\/2024\/09\/Samir_01.jpeg\" alt=\"\" width=\"945\" height=\"630\" srcset=\"https:\/\/swimchannel.net\/br\/wp-content\/uploads\/2024\/09\/Samir_01.jpeg 945w, https:\/\/swimchannel.net\/br\/wp-content\/uploads\/2024\/09\/Samir_01-270x180.jpeg 270w, https:\/\/swimchannel.net\/br\/wp-content\/uploads\/2024\/09\/Samir_01-768x512.jpeg 768w, https:\/\/swimchannel.net\/br\/wp-content\/uploads\/2024\/09\/Samir_01-750x500.jpeg 750w\" sizes=\"auto, (max-width: 945px) 100vw, 945px\" \/><figcaption id=\"caption-attachment-69174\" class=\"wp-caption-text\">Samir. Foto: Nathalie @bladphoto<\/figcaption><\/figure>\n<p>A competi\u00e7\u00e3o teve in\u00edcio na sexta-feira (13\/09) na Ilha de Skopelos, com um percurso de 8k. No s\u00e1bado (14\/09), devido ao vento forte, foram dois percursos, o primeiro de 3.6k e o segundo de 4.4k, ambos pela manh\u00e3 com um intervalo de aproximadamente uma hora entre o final de um e in\u00edcio do outro. No domingo (15\/09), tamb\u00e9m por conta das condi\u00e7\u00f5es clim\u00e1ticas (vento e ondula\u00e7\u00e3o), a largada da primeira prova foi somente \u00e0s 11 da manh\u00e3 e o percurso ajustado para 5k. A tarde os atletas nadaram uma percurso 6.3k. E na segunda-feira (16\/09), o \u00faltimo trecho foi de 4,6k com 600m no final, onde os participantes foram recebidos com muita festa.<\/p>\n<p>Com mais de 20 anos de experi\u00eancia como treinador de nata\u00e7\u00e3o, Samir Barel confirmou o favoritismo, conquistando o primeiro lugar geral em todos os trechos. No feminino, Carol Morelli, que veio embalada pela conclus\u00e3o da Travessia Capri-Napoli no m\u00eas de julho, tamb\u00e9m garantiu a primeira coloca\u00e7\u00e3o em todas as disputas.<\/p>\n<p>&#8220;Acredito que a disputa no feminino foi mais equilibrada que no masculino. S\u00f3 no primeiro dia que consegui abrir uma vantagem maior para a segunda colocada e nos demais trechos nadamos mais pr\u00f3ximas. Mas foi uma viv\u00eancia sensacional, tudo muito bem organizado, \u00e1guas cristalinas. Foi realmente prazeroso e gratificante&#8221;, contou Carol, atleta Speedo Master Team.<\/p>\n<figure id=\"attachment_69173\" aria-describedby=\"caption-attachment-69173\" style=\"width: 840px\" class=\"wp-caption alignnone\"><img loading=\"lazy\" decoding=\"async\" class=\"size-full wp-image-69173\" src=\"https:\/\/swimchannel.net\/br\/wp-content\/uploads\/2024\/09\/Grecia.jpeg\" alt=\"\" width=\"840\" height=\"630\" srcset=\"https:\/\/swimchannel.net\/br\/wp-content\/uploads\/2024\/09\/Grecia.jpeg 840w, https:\/\/swimchannel.net\/br\/wp-content\/uploads\/2024\/09\/Grecia-240x180.jpeg 240w, https:\/\/swimchannel.net\/br\/wp-content\/uploads\/2024\/09\/Grecia-768x576.jpeg 768w, https:\/\/swimchannel.net\/br\/wp-content\/uploads\/2024\/09\/Grecia-750x563.jpeg 750w\" sizes=\"auto, (max-width: 840px) 100vw, 840px\" \/><figcaption id=\"caption-attachment-69173\" class=\"wp-caption-text\">Gr\u00e9cia. Foto: Nathalie @bladphoto<\/figcaption><\/figure>\n<p>Vale destacar que essa tamb\u00e9m \u00e9 uma excelente oportunidade para aqueles que pretendem investir no turismo esportivo, unindo o desejo de nadar uma prova no exterior com a possibilidade de viajar com familiares, amigos ou companheiros de vida.<\/p>\n<p>No Brasil, a Swim Haus, empresa dos nadadores Nick Fenzl e Tha\u00eds Sant`Ana, j\u00e1 est\u00e1 organizando a ida de um grupo para o pr\u00f3ximo desafio do circuito, que ser\u00e1 no m\u00eas de outubro em Montenegro, e tamb\u00e9m est\u00e1 se preparando para levar v\u00e1rios atletas para o in\u00e9dito UltraSwim 33.3 na Cro\u00e1cia, previsto para maio de 2025. Para saber mais, mande um e-mail para: <a href=\"mailto:contato@swimhaus.com.br\">contato@swimhaus.com.br<\/a><\/p>\n<p>&#8220;Com a divulga\u00e7\u00e3o que est\u00e3o fazendo, certamente vai aumentar a quantidade de atletas. Acho que \u00e9 importante destacar que a seguran\u00e7a est\u00e1 em primeiro lugar. Eles cuidam de tudo, desde a log\u00edstica de prova, como translado entre hotel e local da prova, alimenta\u00e7\u00e3o, hospedagem e at\u00e9 mesmo servi\u00e7os p\u00f3s-prova, com massagem. Ou seja, o participante s\u00f3 tem que se preocupar em nadar e curtir!&#8221;, refor\u00e7a Samir.<\/p>\n","protected":false},"excerpt":{"rendered":"<p>Os brasileiros ultramaratonistas Samir Barel e Ana Carolina Morelli estiveram na Gr\u00e9cia, na \u00faltima semana (13, 14, 15 e 16 de setembro), participando do Circuito UltraSwim 33.3, que desde 2022 apresenta uma forma diferente de explorar travessias de \u00e1guas abertas mundo afora. Assim como o pr\u00f3prio nome do evento define, a prova consiste em uma [&hellip;]<\/p>\n","protected":false},"author":9,"featured_media":69172,"comment_status":"open","ping_status":"open","sticky":false,"template":"","format":"standard","meta":{"footnotes":""},"categories":[115,2576],"tags":[14,4265,5,116,6127],"class_list":["post-69171","post","type-post","status-publish","format-standard","has-post-thumbnail","hentry","category-aguas-abertas","category-ultimas-noticias","tag-aguas-abertas","tag-ana-carolina-morelli","tag-natacao","tag-samir-barel","tag-ultraswim-33-3"],"yoast_head":"<!-- This site is optimized with the Yoast SEO plugin v27.0 - https:\/\/yoast.com\/product\/yoast-seo-wordpress\/ -->\n<title>Brasileiros desbravam o UltraSwim 33.3 na Gr\u00e9cia - Swimchannel<\/title>\n<meta name=\"robots\" content=\"index, follow, max-snippet:-1, max-image-preview:large, max-video-preview:-1\" \/>\n<link rel=\"canonical\" href=\"https:\/\/swimchannel.net\/br\/brasileiros-desbravam-o-ultraswim-33-3-na-grecia\/\" \/>\n<meta property=\"og:locale\" content=\"pt_BR\" \/>\n<meta property=\"og:type\" content=\"article\" \/>\n<meta property=\"og:title\" content=\"Brasileiros desbravam o UltraSwim 33.3 na Gr\u00e9cia - Swimchannel\" \/>\n<meta property=\"og:description\" content=\"Os brasileiros ultramaratonistas Samir Barel e Ana Carolina Morelli estiveram na Gr\u00e9cia, na \u00faltima semana (13, 14, 15 e 16 de setembro), participando do Circuito UltraSwim 33.3, que desde 2022 apresenta uma forma diferente de explorar travessias de \u00e1guas abertas mundo afora. Assim como o pr\u00f3prio nome do evento define, a prova consiste em uma [&hellip;]\" \/>\n<meta property=\"og:url\" content=\"https:\/\/swimchannel.net\/br\/brasileiros-desbravam-o-ultraswim-33-3-na-grecia\/\" \/>\n<meta property=\"og:site_name\" content=\"Swimchannel\" \/>\n<meta property=\"article:publisher\" content=\"https:\/\/www.facebook.com\/swimchannel\" \/>\n<meta property=\"article:published_time\" content=\"2024-09-18T14:22:58+00:00\" \/>\n<meta property=\"og:image\" content=\"https:\/\/swimchannel.net\/br\/wp-content\/uploads\/2024\/09\/Samir-e-Carol.jpeg\" \/>\n\t<meta property=\"og:image:width\" content=\"502\" \/>\n\t<meta property=\"og:image:height\" content=\"630\" \/>\n\t<meta property=\"og:image:type\" content=\"image\/jpeg\" \/>\n<meta name=\"author\" content=\"Katarine Monteiro\" \/>\n<meta name=\"twitter:card\" content=\"summary_large_image\" \/>\n<meta name=\"twitter:creator\" content=\"@https:\/\/twitter.com\/Katarinem\" \/>\n<meta name=\"twitter:label1\" content=\"Escrito por\" \/>\n\t<meta name=\"twitter:data1\" content=\"Katarine Monteiro\" \/>\n\t<meta name=\"twitter:label2\" content=\"Est. tempo de leitura\" \/>\n\t<meta name=\"twitter:data2\" content=\"3 minutos\" \/>\n<script type=\"application\/ld+json\" class=\"yoast-schema-graph\">{\"@context\":\"https:\/\/schema.org\",\"@graph\":[{\"@type\":\"Article\",\"@id\":\"https:\/\/swimchannel.net\/br\/brasileiros-desbravam-o-ultraswim-33-3-na-grecia\/#article\",\"isPartOf\":{\"@id\":\"https:\/\/swimchannel.net\/br\/brasileiros-desbravam-o-ultraswim-33-3-na-grecia\/\"},\"author\":{\"name\":\"Katarine Monteiro\",\"@id\":\"https:\/\/swimchannel.net\/br\/#\/schema\/person\/73ae9cec62249968bca1f0a8098ef002\"},\"headline\":\"Brasileiros desbravam o UltraSwim 33.3 na Gr\u00e9cia\",\"datePublished\":\"2024-09-18T14:22:58+00:00\",\"mainEntityOfPage\":{\"@id\":\"https:\/\/swimchannel.net\/br\/brasileiros-desbravam-o-ultraswim-33-3-na-grecia\/\"},\"wordCount\":677,\"commentCount\":0,\"publisher\":{\"@id\":\"https:\/\/swimchannel.net\/br\/#organization\"},\"image\":{\"@id\":\"https:\/\/swimchannel.net\/br\/brasileiros-desbravam-o-ultraswim-33-3-na-grecia\/#primaryimage\"},\"thumbnailUrl\":\"https:\/\/swimchannel.net\/br\/wp-content\/uploads\/2024\/09\/Samir-e-Carol.jpeg\",\"keywords\":[\"\u00c1guas abertas\",\"Ana Carolina Morelli\",\"natacao\",\"Samir Barel\",\"UltraSwim 33.3\"],\"articleSection\":[\"\u00c1guas Abertas\",\"\u00daltimas Not\u00edcias\"],\"inLanguage\":\"pt-BR\",\"potentialAction\":[{\"@type\":\"CommentAction\",\"name\":\"Comment\",\"target\":[\"https:\/\/swimchannel.net\/br\/brasileiros-desbravam-o-ultraswim-33-3-na-grecia\/#respond\"]}]},{\"@type\":\"WebPage\",\"@id\":\"https:\/\/swimchannel.net\/br\/brasileiros-desbravam-o-ultraswim-33-3-na-grecia\/\",\"url\":\"https:\/\/swimchannel.net\/br\/brasileiros-desbravam-o-ultraswim-33-3-na-grecia\/\",\"name\":\"Brasileiros desbravam o UltraSwim 33.3 na Gr\u00e9cia - Swimchannel\",\"isPartOf\":{\"@id\":\"https:\/\/swimchannel.net\/br\/#website\"},\"primaryImageOfPage\":{\"@id\":\"https:\/\/swimchannel.net\/br\/brasileiros-desbravam-o-ultraswim-33-3-na-grecia\/#primaryimage\"},\"image\":{\"@id\":\"https:\/\/swimchannel.net\/br\/brasileiros-desbravam-o-ultraswim-33-3-na-grecia\/#primaryimage\"},\"thumbnailUrl\":\"https:\/\/swimchannel.net\/br\/wp-content\/uploads\/2024\/09\/Samir-e-Carol.jpeg\",\"datePublished\":\"2024-09-18T14:22:58+00:00\",\"breadcrumb\":{\"@id\":\"https:\/\/swimchannel.net\/br\/brasileiros-desbravam-o-ultraswim-33-3-na-grecia\/#breadcrumb\"},\"inLanguage\":\"pt-BR\",\"potentialAction\":[{\"@type\":\"ReadAction\",\"target\":[\"https:\/\/swimchannel.net\/br\/brasileiros-desbravam-o-ultraswim-33-3-na-grecia\/\"]}]},{\"@type\":\"ImageObject\",\"inLanguage\":\"pt-BR\",\"@id\":\"https:\/\/swimchannel.net\/br\/brasileiros-desbravam-o-ultraswim-33-3-na-grecia\/#primaryimage\",\"url\":\"https:\/\/swimchannel.net\/br\/wp-content\/uploads\/2024\/09\/Samir-e-Carol.jpeg\",\"contentUrl\":\"https:\/\/swimchannel.net\/br\/wp-content\/uploads\/2024\/09\/Samir-e-Carol.jpeg\",\"width\":502,\"height\":630,\"caption\":\"Samir e Carol. Foto: Nathalie @bladphoto\"},{\"@type\":\"BreadcrumbList\",\"@id\":\"https:\/\/swimchannel.net\/br\/brasileiros-desbravam-o-ultraswim-33-3-na-grecia\/#breadcrumb\",\"itemListElement\":[{\"@type\":\"ListItem\",\"position\":1,\"name\":\"Home\",\"item\":\"https:\/\/swimchannel.net\/br\/\"},{\"@type\":\"ListItem\",\"position\":2,\"name\":\"Brasileiros desbravam o UltraSwim 33.3 na Gr\u00e9cia\"}]},{\"@type\":\"WebSite\",\"@id\":\"https:\/\/swimchannel.net\/br\/#website\",\"url\":\"https:\/\/swimchannel.net\/br\/\",\"name\":\"Swimchannel\",\"description\":\"Maior portal de nata\u00e7\u00e3o da america latina\",\"publisher\":{\"@id\":\"https:\/\/swimchannel.net\/br\/#organization\"},\"potentialAction\":[{\"@type\":\"SearchAction\",\"target\":{\"@type\":\"EntryPoint\",\"urlTemplate\":\"https:\/\/swimchannel.net\/br\/?s={search_term_string}\"},\"query-input\":{\"@type\":\"PropertyValueSpecification\",\"valueRequired\":true,\"valueName\":\"search_term_string\"}}],\"inLanguage\":\"pt-BR\"},{\"@type\":\"Organization\",\"@id\":\"https:\/\/swimchannel.net\/br\/#organization\",\"name\":\"Swimchannel - Conectando voc\u00ea a Nata\u00e7\u00e3o\",\"url\":\"https:\/\/swimchannel.net\/br\/\",\"logo\":{\"@type\":\"ImageObject\",\"inLanguage\":\"pt-BR\",\"@id\":\"https:\/\/swimchannel.net\/br\/#\/schema\/logo\/image\/\",\"url\":\"https:\/\/swimchannel.net\/br\/wp-content\/uploads\/2026\/02\/SWIM-CHANNEL.png\",\"contentUrl\":\"https:\/\/swimchannel.net\/br\/wp-content\/uploads\/2026\/02\/SWIM-CHANNEL.png\",\"width\":1120,\"height\":630,\"caption\":\"Swimchannel - Conectando voc\u00ea a Nata\u00e7\u00e3o\"},\"image\":{\"@id\":\"https:\/\/swimchannel.net\/br\/#\/schema\/logo\/image\/\"},\"sameAs\":[\"https:\/\/www.facebook.com\/swimchannel\",\"https:\/\/www.instagram.com\/swimchannel\"]},{\"@type\":\"Person\",\"@id\":\"https:\/\/swimchannel.net\/br\/#\/schema\/person\/73ae9cec62249968bca1f0a8098ef002\",\"name\":\"Katarine Monteiro\",\"image\":{\"@type\":\"ImageObject\",\"inLanguage\":\"pt-BR\",\"@id\":\"https:\/\/swimchannel.net\/br\/#\/schema\/person\/image\/\",\"url\":\"https:\/\/swimchannel.net\/br\/wp-content\/uploads\/2022\/01\/Katarine-Monteiro-100x100.jpg\",\"contentUrl\":\"https:\/\/swimchannel.net\/br\/wp-content\/uploads\/2022\/01\/Katarine-Monteiro-100x100.jpg\",\"caption\":\"Katarine Monteiro\"},\"description\":\"Jornalista SWIM CHANNEL especializada em esportes ol\u00edmpicos e em sa\u00fade. Com cobertura de grandes eventos internacionais, como Jogos Ol\u00edmpicos Rio 2016, Jogos Pan-Americanos em Lima 2019, Qatar Total Open 2020, Qatar ExxonMobil Open 2019 - t\u00eanis em Doha (QT), Semana Internacional de Vela de Ilhabela, Transat Jacques Vabre 2019 (Fran\u00e7a-Brasil), L'\u00c9tape Brasil by Tour de France, j\u00e1 fez in\u00fameras coberturas de nata\u00e7\u00e3o, maratona aqu\u00e1tica e polo aqu\u00e1tico. Formada tamb\u00e9m em Letras, a jornalista atua como assessora de imprensa, rela\u00e7\u00f5es p\u00fablicas e social media, com especializa\u00e7\u00e3o em marketing esportivo. Nadadora amadora de \u00e1guas abertas, j\u00e1 trabalhou com grandes nomes da nata\u00e7\u00e3o e do polo aqu\u00e1tico brasileiro.\",\"sameAs\":[\"https:\/\/www.instagram.com\/_katarinemonteiro\/\",\"https:\/\/www.linkedin.com\/in\/katarine-monteiro-19385297\/\",\"https:\/\/x.com\/https:\/\/twitter.com\/Katarinem\"],\"url\":\"https:\/\/swimchannel.net\/br\/author\/katarine-monteiro\/\"}]}<\/script>\n<!-- \/ Yoast SEO plugin. -->","yoast_head_json":{"title":"Brasileiros desbravam o UltraSwim 33.3 na Gr\u00e9cia - Swimchannel","robots":{"index":"index","follow":"follow","max-snippet":"max-snippet:-1","max-image-preview":"max-image-preview:large","max-video-preview":"max-video-preview:-1"},"canonical":"https:\/\/swimchannel.net\/br\/brasileiros-desbravam-o-ultraswim-33-3-na-grecia\/","og_locale":"pt_BR","og_type":"article","og_title":"Brasileiros desbravam o UltraSwim 33.3 na Gr\u00e9cia - Swimchannel","og_description":"Os brasileiros ultramaratonistas Samir Barel e Ana Carolina Morelli estiveram na Gr\u00e9cia, na \u00faltima semana (13, 14, 15 e 16 de setembro), participando do Circuito UltraSwim 33.3, que desde 2022 apresenta uma forma diferente de explorar travessias de \u00e1guas abertas mundo afora. Assim como o pr\u00f3prio nome do evento define, a prova consiste em uma [&hellip;]","og_url":"https:\/\/swimchannel.net\/br\/brasileiros-desbravam-o-ultraswim-33-3-na-grecia\/","og_site_name":"Swimchannel","article_publisher":"https:\/\/www.facebook.com\/swimchannel","article_published_time":"2024-09-18T14:22:58+00:00","og_image":[{"width":502,"height":630,"url":"https:\/\/swimchannel.net\/br\/wp-content\/uploads\/2024\/09\/Samir-e-Carol.jpeg","type":"image\/jpeg"}],"author":"Katarine Monteiro","twitter_card":"summary_large_image","twitter_creator":"@https:\/\/twitter.com\/Katarinem","twitter_misc":{"Escrito por":"Katarine Monteiro","Est. tempo de leitura":"3 minutos"},"schema":{"@context":"https:\/\/schema.org","@graph":[{"@type":"Article","@id":"https:\/\/swimchannel.net\/br\/brasileiros-desbravam-o-ultraswim-33-3-na-grecia\/#article","isPartOf":{"@id":"https:\/\/swimchannel.net\/br\/brasileiros-desbravam-o-ultraswim-33-3-na-grecia\/"},"author":{"name":"Katarine Monteiro","@id":"https:\/\/swimchannel.net\/br\/#\/schema\/person\/73ae9cec62249968bca1f0a8098ef002"},"headline":"Brasileiros desbravam o UltraSwim 33.3 na Gr\u00e9cia","datePublished":"2024-09-18T14:22:58+00:00","mainEntityOfPage":{"@id":"https:\/\/swimchannel.net\/br\/brasileiros-desbravam-o-ultraswim-33-3-na-grecia\/"},"wordCount":677,"commentCount":0,"publisher":{"@id":"https:\/\/swimchannel.net\/br\/#organization"},"image":{"@id":"https:\/\/swimchannel.net\/br\/brasileiros-desbravam-o-ultraswim-33-3-na-grecia\/#primaryimage"},"thumbnailUrl":"https:\/\/swimchannel.net\/br\/wp-content\/uploads\/2024\/09\/Samir-e-Carol.jpeg","keywords":["\u00c1guas abertas","Ana Carolina Morelli","natacao","Samir Barel","UltraSwim 33.3"],"articleSection":["\u00c1guas Abertas","\u00daltimas Not\u00edcias"],"inLanguage":"pt-BR","potentialAction":[{"@type":"CommentAction","name":"Comment","target":["https:\/\/swimchannel.net\/br\/brasileiros-desbravam-o-ultraswim-33-3-na-grecia\/#respond"]}]},{"@type":"WebPage","@id":"https:\/\/swimchannel.net\/br\/brasileiros-desbravam-o-ultraswim-33-3-na-grecia\/","url":"https:\/\/swimchannel.net\/br\/brasileiros-desbravam-o-ultraswim-33-3-na-grecia\/","name":"Brasileiros desbravam o UltraSwim 33.3 na Gr\u00e9cia - Swimchannel","isPartOf":{"@id":"https:\/\/swimchannel.net\/br\/#website"},"primaryImageOfPage":{"@id":"https:\/\/swimchannel.net\/br\/brasileiros-desbravam-o-ultraswim-33-3-na-grecia\/#primaryimage"},"image":{"@id":"https:\/\/swimchannel.net\/br\/brasileiros-desbravam-o-ultraswim-33-3-na-grecia\/#primaryimage"},"thumbnailUrl":"https:\/\/swimchannel.net\/br\/wp-content\/uploads\/2024\/09\/Samir-e-Carol.jpeg","datePublished":"2024-09-18T14:22:58+00:00","breadcrumb":{"@id":"https:\/\/swimchannel.net\/br\/brasileiros-desbravam-o-ultraswim-33-3-na-grecia\/#breadcrumb"},"inLanguage":"pt-BR","potentialAction":[{"@type":"ReadAction","target":["https:\/\/swimchannel.net\/br\/brasileiros-desbravam-o-ultraswim-33-3-na-grecia\/"]}]},{"@type":"ImageObject","inLanguage":"pt-BR","@id":"https:\/\/swimchannel.net\/br\/brasileiros-desbravam-o-ultraswim-33-3-na-grecia\/#primaryimage","url":"https:\/\/swimchannel.net\/br\/wp-content\/uploads\/2024\/09\/Samir-e-Carol.jpeg","contentUrl":"https:\/\/swimchannel.net\/br\/wp-content\/uploads\/2024\/09\/Samir-e-Carol.jpeg","width":502,"height":630,"caption":"Samir e Carol. Foto: Nathalie @bladphoto"},{"@type":"BreadcrumbList","@id":"https:\/\/swimchannel.net\/br\/brasileiros-desbravam-o-ultraswim-33-3-na-grecia\/#breadcrumb","itemListElement":[{"@type":"ListItem","position":1,"name":"Home","item":"https:\/\/swimchannel.net\/br\/"},{"@type":"ListItem","position":2,"name":"Brasileiros desbravam o UltraSwim 33.3 na Gr\u00e9cia"}]},{"@type":"WebSite","@id":"https:\/\/swimchannel.net\/br\/#website","url":"https:\/\/swimchannel.net\/br\/","name":"Swimchannel","description":"Maior portal de nata\u00e7\u00e3o da america latina","publisher":{"@id":"https:\/\/swimchannel.net\/br\/#organization"},"potentialAction":[{"@type":"SearchAction","target":{"@type":"EntryPoint","urlTemplate":"https:\/\/swimchannel.net\/br\/?s={search_term_string}"},"query-input":{"@type":"PropertyValueSpecification","valueRequired":true,"valueName":"search_term_string"}}],"inLanguage":"pt-BR"},{"@type":"Organization","@id":"https:\/\/swimchannel.net\/br\/#organization","name":"Swimchannel - Conectando voc\u00ea a Nata\u00e7\u00e3o","url":"https:\/\/swimchannel.net\/br\/","logo":{"@type":"ImageObject","inLanguage":"pt-BR","@id":"https:\/\/swimchannel.net\/br\/#\/schema\/logo\/image\/","url":"https:\/\/swimchannel.net\/br\/wp-content\/uploads\/2026\/02\/SWIM-CHANNEL.png","contentUrl":"https:\/\/swimchannel.net\/br\/wp-content\/uploads\/2026\/02\/SWIM-CHANNEL.png","width":1120,"height":630,"caption":"Swimchannel - Conectando voc\u00ea a Nata\u00e7\u00e3o"},"image":{"@id":"https:\/\/swimchannel.net\/br\/#\/schema\/logo\/image\/"},"sameAs":["https:\/\/www.facebook.com\/swimchannel","https:\/\/www.instagram.com\/swimchannel"]},{"@type":"Person","@id":"https:\/\/swimchannel.net\/br\/#\/schema\/person\/73ae9cec62249968bca1f0a8098ef002","name":"Katarine Monteiro","image":{"@type":"ImageObject","inLanguage":"pt-BR","@id":"https:\/\/swimchannel.net\/br\/#\/schema\/person\/image\/","url":"https:\/\/swimchannel.net\/br\/wp-content\/uploads\/2022\/01\/Katarine-Monteiro-100x100.jpg","contentUrl":"https:\/\/swimchannel.net\/br\/wp-content\/uploads\/2022\/01\/Katarine-Monteiro-100x100.jpg","caption":"Katarine Monteiro"},"description":"Jornalista SWIM CHANNEL especializada em esportes ol\u00edmpicos e em sa\u00fade. Com cobertura de grandes eventos internacionais, como Jogos Ol\u00edmpicos Rio 2016, Jogos Pan-Americanos em Lima 2019, Qatar Total Open 2020, Qatar ExxonMobil Open 2019 - t\u00eanis em Doha (QT), Semana Internacional de Vela de Ilhabela, Transat Jacques Vabre 2019 (Fran\u00e7a-Brasil), L'\u00c9tape Brasil by Tour de France, j\u00e1 fez in\u00fameras coberturas de nata\u00e7\u00e3o, maratona aqu\u00e1tica e polo aqu\u00e1tico. Formada tamb\u00e9m em Letras, a jornalista atua como assessora de imprensa, rela\u00e7\u00f5es p\u00fablicas e social media, com especializa\u00e7\u00e3o em marketing esportivo. Nadadora amadora de \u00e1guas abertas, j\u00e1 trabalhou com grandes nomes da nata\u00e7\u00e3o e do polo aqu\u00e1tico brasileiro.","sameAs":["https:\/\/www.instagram.com\/_katarinemonteiro\/","https:\/\/www.linkedin.com\/in\/katarine-monteiro-19385297\/","https:\/\/x.com\/https:\/\/twitter.com\/Katarinem"],"url":"https:\/\/swimchannel.net\/br\/author\/katarine-monteiro\/"}]}},"_links":{"self":[{"href":"https:\/\/swimchannel.net\/br\/wp-json\/wp\/v2\/posts\/69171","targetHints":{"allow":["GET"]}}],"collection":[{"href":"https:\/\/swimchannel.net\/br\/wp-json\/wp\/v2\/posts"}],"about":[{"href":"https:\/\/swimchannel.net\/br\/wp-json\/wp\/v2\/types\/post"}],"author":[{"embeddable":true,"href":"https:\/\/swimchannel.net\/br\/wp-json\/wp\/v2\/users\/9"}],"replies":[{"embeddable":true,"href":"https:\/\/swimchannel.net\/br\/wp-json\/wp\/v2\/comments?post=69171"}],"version-history":[{"count":4,"href":"https:\/\/swimchannel.net\/br\/wp-json\/wp\/v2\/posts\/69171\/revisions"}],"predecessor-version":[{"id":69179,"href":"https:\/\/swimchannel.net\/br\/wp-json\/wp\/v2\/posts\/69171\/revisions\/69179"}],"wp:featuredmedia":[{"embeddable":true,"href":"https:\/\/swimchannel.net\/br\/wp-json\/wp\/v2\/media\/69172"}],"wp:attachment":[{"href":"https:\/\/swimchannel.net\/br\/wp-json\/wp\/v2\/media?parent=69171"}],"wp:term":[{"taxonomy":"category","embeddable":true,"href":"https:\/\/swimchannel.net\/br\/wp-json\/wp\/v2\/categories?post=69171"},{"taxonomy":"post_tag","embeddable":true,"href":"https:\/\/swimchannel.net\/br\/wp-json\/wp\/v2\/tags?post=69171"}],"curies":[{"name":"wp","href":"https:\/\/api.w.org\/{rel}","templated":true}]}}