{"id":69181,"date":"2024-09-18T15:48:27","date_gmt":"2024-09-18T18:48:27","guid":{"rendered":"https:\/\/swimchannel.net\/br\/?p=69181"},"modified":"2024-09-18T15:48:27","modified_gmt":"2024-09-18T18:48:27","slug":"ubatuba-recebeu-nova-prova-de-natacao-em-aguas-abertas","status":"publish","type":"post","link":"https:\/\/swimchannel.net\/br\/ubatuba-recebeu-nova-prova-de-natacao-em-aguas-abertas\/","title":{"rendered":"Ubatuba recebeu nova prova de nata\u00e7\u00e3o em \u00e1guas abertas"},"content":{"rendered":"<p>No \u00faltimo fim de semana a Praia da Enseada, em Ubatuba, foi palco da etapa de \u00e1guas abertas do Circuito Multsports de Ubatuba. A competi\u00e7\u00e3o, que envolve al\u00e9m da nata\u00e7\u00e3o outras modalidades como triatlo e ciclismo, teve pela primeira vez eventos de nata\u00e7\u00e3o e reuniu centenas de atletas que disputaram tr\u00eas dist\u00e2ncias de nata\u00e7\u00e3o em \u00e1guas abertas: 300m, 1,5 km e 3 km.<\/p>\n<p>Na prova principal de 3 km, os campe\u00f5es gerais foram Renato Leite do Taubat\u00e9 TCC e Adrielle Alves da Prefeitura de Ubatuba. Renato venceu a prova masculina em 36min22s, um pouco a frente do vice-campe\u00e3o Felipe Fagnani da Prefeitura de Ubatuba que nadou para 37min10s. Outro atleta local, Richard Reis, completou o top 3 com tempo de 40min08s.<\/p>\n<p>Na vers\u00e3o feminina Adrielle foi a campe\u00e3 geral com o tempo total de 37mins24s, terminando inclusive na terceira coloca\u00e7\u00e3o geral contanto homens e mulheres. O p\u00f3dio feminino teve ainda Maria Eduarda Soares na segunda coloca\u00e7\u00e3o com 49min48s e Priscila Quirino da Bombeiros Ubatuba em terceiro lugar com tempo total de 50min52s.<\/p>\n<blockquote class=\"instagram-media\" style=\"background: #FFF; border: 0; border-radius: 3px; box-shadow: 0 0 1px 0 rgba(0,0,0,0.5),0 1px 10px 0 rgba(0,0,0,0.15); margin: 1px; max-width: 540px; min-width: 326px; padding: 0; width: calc(100% - 2px);\" data-instgrm-captioned=\"\" data-instgrm-permalink=\"https:\/\/www.instagram.com\/reel\/DABDwUTOM1u\/?utm_source=ig_embed&amp;utm_campaign=loading\" data-instgrm-version=\"14\">\n<div style=\"padding: 16px;\">\n<p>&nbsp;<\/p>\n<div style=\"display: flex; flex-direction: row; align-items: center;\">\n<div style=\"background-color: #f4f4f4; border-radius: 50%; flex-grow: 0; height: 40px; margin-right: 14px; width: 40px;\"><\/div>\n<div style=\"display: flex; flex-direction: column; flex-grow: 1; justify-content: center;\">\n<div style=\"background-color: #f4f4f4; border-radius: 4px; flex-grow: 0; height: 14px; margin-bottom: 6px; width: 100px;\"><\/div>\n<div style=\"background-color: #f4f4f4; border-radius: 4px; flex-grow: 0; height: 14px; width: 60px;\"><\/div>\n<\/div>\n<\/div>\n<div style=\"padding: 19% 0;\"><\/div>\n<div style=\"display: block; height: 50px; margin: 0 auto 12px; width: 50px;\"><\/div>\n<div style=\"padding-top: 8px;\">\n<div style=\"color: #3897f0; font-family: Arial,sans-serif; font-size: 14px; font-style: normal; font-weight: 550; line-height: 18px;\">Ver essa foto no Instagram<\/div>\n<\/div>\n<div style=\"padding: 12.5% 0;\"><\/div>\n<div style=\"display: flex; flex-direction: row; margin-bottom: 14px; align-items: center;\">\n<div>\n<div style=\"background-color: #f4f4f4; border-radius: 50%; height: 12.5px; width: 12.5px; transform: translateX(0px) translateY(7px);\"><\/div>\n<div style=\"background-color: #f4f4f4; height: 12.5px; transform: rotate(-45deg) translateX(3px) translateY(1px); width: 12.5px; flex-grow: 0; margin-right: 14px; margin-left: 2px;\"><\/div>\n<div style=\"background-color: #f4f4f4; border-radius: 50%; height: 12.5px; width: 12.5px; transform: translateX(9px) translateY(-18px);\"><\/div>\n<\/div>\n<div style=\"margin-left: 8px;\">\n<div style=\"background-color: #f4f4f4; border-radius: 50%; flex-grow: 0; height: 20px; width: 20px;\"><\/div>\n<div style=\"width: 0; height: 0; border-top: 2px solid transparent; border-left: 6px solid #f4f4f4; border-bottom: 2px solid transparent; transform: translateX(16px) translateY(-4px) rotate(30deg);\"><\/div>\n<\/div>\n<div style=\"margin-left: auto;\">\n<div style=\"width: 0px; border-top: 8px solid #F4F4F4; border-right: 8px solid transparent; transform: translateY(16px);\"><\/div>\n<div style=\"background-color: #f4f4f4; flex-grow: 0; height: 12px; width: 16px; transform: translateY(-4px);\"><\/div>\n<div style=\"width: 0; height: 0; border-top: 8px solid #F4F4F4; border-left: 8px solid transparent; transform: translateY(-4px) translateX(8px);\"><\/div>\n<\/div>\n<\/div>\n<div style=\"display: flex; flex-direction: column; flex-grow: 1; justify-content: center; margin-bottom: 24px;\">\n<div style=\"background-color: #f4f4f4; border-radius: 4px; flex-grow: 0; height: 14px; margin-bottom: 6px; width: 224px;\"><\/div>\n<div style=\"background-color: #f4f4f4; border-radius: 4px; flex-grow: 0; height: 14px; width: 144px;\"><\/div>\n<\/div>\n<p>&nbsp;<\/p>\n<p style=\"color: #c9c8cd; font-family: Arial,sans-serif; font-size: 14px; line-height: 17px; margin-bottom: 0; margin-top: 8px; overflow: hidden; padding: 8px 0 7px; text-align: center; text-overflow: ellipsis; white-space: nowrap;\"><a style=\"color: #c9c8cd; font-family: Arial,sans-serif; font-size: 14px; font-style: normal; font-weight: normal; line-height: 17px; text-decoration: none;\" href=\"https:\/\/www.instagram.com\/reel\/DABDwUTOM1u\/?utm_source=ig_embed&amp;utm_campaign=loading\" target=\"_blank\" rel=\"noopener\">Uma publica\u00e7\u00e3o compartilhada por @circuitomultsportsubatuba<\/a><\/p>\n<\/div>\n<\/blockquote>\n<p><script async src=\"\/\/www.instagram.com\/embed.js\"><\/script><\/p>\n<p>Na prova de 1,5 km os vencedores foram Vitor Danas, da Prefeitura de Ubatuba, no masculino com 19min25s e Andressa Alves, tamb\u00e9m de Ubatuba, no feminino com 20min38s. J\u00e1 nos 300 metros, voltada apenas para crian\u00e7as, os campe\u00f5es foram os nadadores de Ubatuba Leticia Ribeiro com 5min57s e Noah Alexandrino com 6min42s. <a href=\"https:\/\/swimchannel.net\/br\/wp-content\/uploads\/2024\/09\/NATATORIA-RESULTADO-GERAL.pdf\" target=\"_blank\" rel=\"noopener\"><strong>Clique aqui<\/strong><\/a> para conferir os resultados completos das provas de nata\u00e7\u00e3o.<\/p>\n<p>Os atletas aprovaram a din\u00e2mica e percursos da prova de nata\u00e7\u00e3o, que teve uma estreia batsante positiva. Maiores detalhes do evento podem ser conferidos nas redes do Circuito Multsports de Ubatuba aqui: <strong><a href=\"https:\/\/www.instagram.com\/circuitomultsportsubatuba\/\">@circuitomultsportsubatuba<\/a><\/strong>.<\/p>\n","protected":false},"excerpt":{"rendered":"<p>No \u00faltimo fim de semana a Praia da Enseada, em Ubatuba, foi palco da etapa de \u00e1guas abertas do Circuito Multsports de Ubatuba. A competi\u00e7\u00e3o, que envolve al\u00e9m da nata\u00e7\u00e3o outras modalidades como triatlo e ciclismo, teve pela primeira vez eventos de nata\u00e7\u00e3o e reuniu centenas de atletas que disputaram tr\u00eas dist\u00e2ncias de nata\u00e7\u00e3o em [&hellip;]<\/p>\n","protected":false},"author":3,"featured_media":69189,"comment_status":"open","ping_status":"open","sticky":false,"template":"","format":"gallery","meta":{"footnotes":""},"categories":[115],"tags":[14,5,6128,810],"class_list":["post-69181","post","type-post","status-publish","format-gallery","has-post-thumbnail","hentry","category-aguas-abertas","tag-aguas-abertas","tag-natacao","tag-natatorio-ubatuba","tag-praia-da-enseada","post_format-post-format-gallery"],"yoast_head":"<!-- This site is optimized with the Yoast SEO plugin v27.0 - https:\/\/yoast.com\/product\/yoast-seo-wordpress\/ -->\n<title>Ubatuba recebeu nova prova de nata\u00e7\u00e3o em \u00e1guas abertas - Swimchannel<\/title>\n<meta name=\"robots\" content=\"index, follow, max-snippet:-1, max-image-preview:large, max-video-preview:-1\" \/>\n<link rel=\"canonical\" href=\"https:\/\/swimchannel.net\/br\/ubatuba-recebeu-nova-prova-de-natacao-em-aguas-abertas\/\" \/>\n<meta property=\"og:locale\" content=\"pt_BR\" \/>\n<meta property=\"og:type\" content=\"article\" \/>\n<meta property=\"og:title\" content=\"Ubatuba recebeu nova prova de nata\u00e7\u00e3o em \u00e1guas abertas - Swimchannel\" \/>\n<meta property=\"og:description\" content=\"No \u00faltimo fim de semana a Praia da Enseada, em Ubatuba, foi palco da etapa de \u00e1guas abertas do Circuito Multsports de Ubatuba. A competi\u00e7\u00e3o, que envolve al\u00e9m da nata\u00e7\u00e3o outras modalidades como triatlo e ciclismo, teve pela primeira vez eventos de nata\u00e7\u00e3o e reuniu centenas de atletas que disputaram tr\u00eas dist\u00e2ncias de nata\u00e7\u00e3o em [&hellip;]\" \/>\n<meta property=\"og:url\" content=\"https:\/\/swimchannel.net\/br\/ubatuba-recebeu-nova-prova-de-natacao-em-aguas-abertas\/\" \/>\n<meta property=\"og:site_name\" content=\"Swimchannel\" \/>\n<meta property=\"article:publisher\" content=\"https:\/\/www.facebook.com\/swimchannel\" \/>\n<meta property=\"article:published_time\" content=\"2024-09-18T18:48:27+00:00\" \/>\n<meta property=\"og:image\" content=\"https:\/\/swimchannel.net\/br\/wp-content\/uploads\/2024\/09\/WhatsApp-Image-2024-09-18-at-13.15.17.jpeg\" \/>\n\t<meta property=\"og:image:width\" content=\"840\" \/>\n\t<meta property=\"og:image:height\" content=\"630\" \/>\n\t<meta property=\"og:image:type\" content=\"image\/jpeg\" \/>\n<meta name=\"author\" content=\"Guilherme Freitas\" \/>\n<meta name=\"twitter:card\" content=\"summary_large_image\" \/>\n<meta name=\"twitter:label1\" content=\"Escrito por\" \/>\n\t<meta name=\"twitter:data1\" content=\"Guilherme Freitas\" \/>\n\t<meta name=\"twitter:label2\" content=\"Est. tempo de leitura\" \/>\n\t<meta name=\"twitter:data2\" content=\"2 minutos\" \/>\n<script type=\"application\/ld+json\" class=\"yoast-schema-graph\">{\"@context\":\"https:\/\/schema.org\",\"@graph\":[{\"@type\":\"Article\",\"@id\":\"https:\/\/swimchannel.net\/br\/ubatuba-recebeu-nova-prova-de-natacao-em-aguas-abertas\/#article\",\"isPartOf\":{\"@id\":\"https:\/\/swimchannel.net\/br\/ubatuba-recebeu-nova-prova-de-natacao-em-aguas-abertas\/\"},\"author\":{\"name\":\"Guilherme Freitas\",\"@id\":\"https:\/\/swimchannel.net\/br\/#\/schema\/person\/aa2a63bab3275f53749a83276b213c48\"},\"headline\":\"Ubatuba recebeu nova prova de nata\u00e7\u00e3o em \u00e1guas abertas\",\"datePublished\":\"2024-09-18T18:48:27+00:00\",\"mainEntityOfPage\":{\"@id\":\"https:\/\/swimchannel.net\/br\/ubatuba-recebeu-nova-prova-de-natacao-em-aguas-abertas\/\"},\"wordCount\":314,\"commentCount\":0,\"publisher\":{\"@id\":\"https:\/\/swimchannel.net\/br\/#organization\"},\"image\":{\"@id\":\"https:\/\/swimchannel.net\/br\/ubatuba-recebeu-nova-prova-de-natacao-em-aguas-abertas\/#primaryimage\"},\"thumbnailUrl\":\"https:\/\/swimchannel.net\/br\/wp-content\/uploads\/2024\/09\/WhatsApp-Image-2024-09-18-at-13.15.17.jpeg\",\"keywords\":[\"\u00c1guas abertas\",\"natacao\",\"Natat\u00f3rio Ubatuba\",\"Praia da Enseada\"],\"articleSection\":[\"\u00c1guas Abertas\"],\"inLanguage\":\"pt-BR\",\"potentialAction\":[{\"@type\":\"CommentAction\",\"name\":\"Comment\",\"target\":[\"https:\/\/swimchannel.net\/br\/ubatuba-recebeu-nova-prova-de-natacao-em-aguas-abertas\/#respond\"]}]},{\"@type\":\"WebPage\",\"@id\":\"https:\/\/swimchannel.net\/br\/ubatuba-recebeu-nova-prova-de-natacao-em-aguas-abertas\/\",\"url\":\"https:\/\/swimchannel.net\/br\/ubatuba-recebeu-nova-prova-de-natacao-em-aguas-abertas\/\",\"name\":\"Ubatuba recebeu nova prova de nata\u00e7\u00e3o em \u00e1guas abertas - Swimchannel\",\"isPartOf\":{\"@id\":\"https:\/\/swimchannel.net\/br\/#website\"},\"primaryImageOfPage\":{\"@id\":\"https:\/\/swimchannel.net\/br\/ubatuba-recebeu-nova-prova-de-natacao-em-aguas-abertas\/#primaryimage\"},\"image\":{\"@id\":\"https:\/\/swimchannel.net\/br\/ubatuba-recebeu-nova-prova-de-natacao-em-aguas-abertas\/#primaryimage\"},\"thumbnailUrl\":\"https:\/\/swimchannel.net\/br\/wp-content\/uploads\/2024\/09\/WhatsApp-Image-2024-09-18-at-13.15.17.jpeg\",\"datePublished\":\"2024-09-18T18:48:27+00:00\",\"breadcrumb\":{\"@id\":\"https:\/\/swimchannel.net\/br\/ubatuba-recebeu-nova-prova-de-natacao-em-aguas-abertas\/#breadcrumb\"},\"inLanguage\":\"pt-BR\",\"potentialAction\":[{\"@type\":\"ReadAction\",\"target\":[\"https:\/\/swimchannel.net\/br\/ubatuba-recebeu-nova-prova-de-natacao-em-aguas-abertas\/\"]}]},{\"@type\":\"ImageObject\",\"inLanguage\":\"pt-BR\",\"@id\":\"https:\/\/swimchannel.net\/br\/ubatuba-recebeu-nova-prova-de-natacao-em-aguas-abertas\/#primaryimage\",\"url\":\"https:\/\/swimchannel.net\/br\/wp-content\/uploads\/2024\/09\/WhatsApp-Image-2024-09-18-at-13.15.17.jpeg\",\"contentUrl\":\"https:\/\/swimchannel.net\/br\/wp-content\/uploads\/2024\/09\/WhatsApp-Image-2024-09-18-at-13.15.17.jpeg\",\"width\":840,\"height\":630,\"caption\":\"Atletas que participaram da etapa em Ubatuba - Foto: Reprodu\u00e7\u00e3o\"},{\"@type\":\"BreadcrumbList\",\"@id\":\"https:\/\/swimchannel.net\/br\/ubatuba-recebeu-nova-prova-de-natacao-em-aguas-abertas\/#breadcrumb\",\"itemListElement\":[{\"@type\":\"ListItem\",\"position\":1,\"name\":\"Home\",\"item\":\"https:\/\/swimchannel.net\/br\/\"},{\"@type\":\"ListItem\",\"position\":2,\"name\":\"Ubatuba recebeu nova prova de nata\u00e7\u00e3o em \u00e1guas abertas\"}]},{\"@type\":\"WebSite\",\"@id\":\"https:\/\/swimchannel.net\/br\/#website\",\"url\":\"https:\/\/swimchannel.net\/br\/\",\"name\":\"Swimchannel\",\"description\":\"Maior portal de nata\u00e7\u00e3o da america latina\",\"publisher\":{\"@id\":\"https:\/\/swimchannel.net\/br\/#organization\"},\"potentialAction\":[{\"@type\":\"SearchAction\",\"target\":{\"@type\":\"EntryPoint\",\"urlTemplate\":\"https:\/\/swimchannel.net\/br\/?s={search_term_string}\"},\"query-input\":{\"@type\":\"PropertyValueSpecification\",\"valueRequired\":true,\"valueName\":\"search_term_string\"}}],\"inLanguage\":\"pt-BR\"},{\"@type\":\"Organization\",\"@id\":\"https:\/\/swimchannel.net\/br\/#organization\",\"name\":\"Swimchannel - Conectando voc\u00ea a Nata\u00e7\u00e3o\",\"url\":\"https:\/\/swimchannel.net\/br\/\",\"logo\":{\"@type\":\"ImageObject\",\"inLanguage\":\"pt-BR\",\"@id\":\"https:\/\/swimchannel.net\/br\/#\/schema\/logo\/image\/\",\"url\":\"https:\/\/swimchannel.net\/br\/wp-content\/uploads\/2026\/02\/SWIM-CHANNEL.png\",\"contentUrl\":\"https:\/\/swimchannel.net\/br\/wp-content\/uploads\/2026\/02\/SWIM-CHANNEL.png\",\"width\":1120,\"height\":630,\"caption\":\"Swimchannel - Conectando voc\u00ea a Nata\u00e7\u00e3o\"},\"image\":{\"@id\":\"https:\/\/swimchannel.net\/br\/#\/schema\/logo\/image\/\"},\"sameAs\":[\"https:\/\/www.facebook.com\/swimchannel\",\"https:\/\/www.instagram.com\/swimchannel\"]},{\"@type\":\"Person\",\"@id\":\"https:\/\/swimchannel.net\/br\/#\/schema\/person\/aa2a63bab3275f53749a83276b213c48\",\"name\":\"Guilherme Freitas\",\"image\":{\"@type\":\"ImageObject\",\"inLanguage\":\"pt-BR\",\"@id\":\"https:\/\/swimchannel.net\/br\/#\/schema\/person\/image\/\",\"url\":\"https:\/\/swimchannel.net\/br\/wp-content\/uploads\/2025\/10\/gui22-193x180.png\",\"contentUrl\":\"https:\/\/swimchannel.net\/br\/wp-content\/uploads\/2025\/10\/gui22-193x180.png\",\"caption\":\"Guilherme Freitas\"},\"description\":\"Jornalista s\u00eanior da SWIM CHANNEL, ex-correspondente da FINA no Brasil e pesquisador acad\u00eamico.\",\"sameAs\":[\"instagram.com\/guifreitas86\"],\"url\":\"https:\/\/swimchannel.net\/br\/author\/guilherme-freitas\/\"}]}<\/script>\n<!-- \/ Yoast SEO plugin. -->","yoast_head_json":{"title":"Ubatuba recebeu nova prova de nata\u00e7\u00e3o em \u00e1guas abertas - Swimchannel","robots":{"index":"index","follow":"follow","max-snippet":"max-snippet:-1","max-image-preview":"max-image-preview:large","max-video-preview":"max-video-preview:-1"},"canonical":"https:\/\/swimchannel.net\/br\/ubatuba-recebeu-nova-prova-de-natacao-em-aguas-abertas\/","og_locale":"pt_BR","og_type":"article","og_title":"Ubatuba recebeu nova prova de nata\u00e7\u00e3o em \u00e1guas abertas - Swimchannel","og_description":"No \u00faltimo fim de semana a Praia da Enseada, em Ubatuba, foi palco da etapa de \u00e1guas abertas do Circuito Multsports de Ubatuba. A competi\u00e7\u00e3o, que envolve al\u00e9m da nata\u00e7\u00e3o outras modalidades como triatlo e ciclismo, teve pela primeira vez eventos de nata\u00e7\u00e3o e reuniu centenas de atletas que disputaram tr\u00eas dist\u00e2ncias de nata\u00e7\u00e3o em [&hellip;]","og_url":"https:\/\/swimchannel.net\/br\/ubatuba-recebeu-nova-prova-de-natacao-em-aguas-abertas\/","og_site_name":"Swimchannel","article_publisher":"https:\/\/www.facebook.com\/swimchannel","article_published_time":"2024-09-18T18:48:27+00:00","og_image":[{"width":840,"height":630,"url":"https:\/\/swimchannel.net\/br\/wp-content\/uploads\/2024\/09\/WhatsApp-Image-2024-09-18-at-13.15.17.jpeg","type":"image\/jpeg"}],"author":"Guilherme Freitas","twitter_card":"summary_large_image","twitter_misc":{"Escrito por":"Guilherme Freitas","Est. tempo de leitura":"2 minutos"},"schema":{"@context":"https:\/\/schema.org","@graph":[{"@type":"Article","@id":"https:\/\/swimchannel.net\/br\/ubatuba-recebeu-nova-prova-de-natacao-em-aguas-abertas\/#article","isPartOf":{"@id":"https:\/\/swimchannel.net\/br\/ubatuba-recebeu-nova-prova-de-natacao-em-aguas-abertas\/"},"author":{"name":"Guilherme Freitas","@id":"https:\/\/swimchannel.net\/br\/#\/schema\/person\/aa2a63bab3275f53749a83276b213c48"},"headline":"Ubatuba recebeu nova prova de nata\u00e7\u00e3o em \u00e1guas abertas","datePublished":"2024-09-18T18:48:27+00:00","mainEntityOfPage":{"@id":"https:\/\/swimchannel.net\/br\/ubatuba-recebeu-nova-prova-de-natacao-em-aguas-abertas\/"},"wordCount":314,"commentCount":0,"publisher":{"@id":"https:\/\/swimchannel.net\/br\/#organization"},"image":{"@id":"https:\/\/swimchannel.net\/br\/ubatuba-recebeu-nova-prova-de-natacao-em-aguas-abertas\/#primaryimage"},"thumbnailUrl":"https:\/\/swimchannel.net\/br\/wp-content\/uploads\/2024\/09\/WhatsApp-Image-2024-09-18-at-13.15.17.jpeg","keywords":["\u00c1guas abertas","natacao","Natat\u00f3rio Ubatuba","Praia da Enseada"],"articleSection":["\u00c1guas Abertas"],"inLanguage":"pt-BR","potentialAction":[{"@type":"CommentAction","name":"Comment","target":["https:\/\/swimchannel.net\/br\/ubatuba-recebeu-nova-prova-de-natacao-em-aguas-abertas\/#respond"]}]},{"@type":"WebPage","@id":"https:\/\/swimchannel.net\/br\/ubatuba-recebeu-nova-prova-de-natacao-em-aguas-abertas\/","url":"https:\/\/swimchannel.net\/br\/ubatuba-recebeu-nova-prova-de-natacao-em-aguas-abertas\/","name":"Ubatuba recebeu nova prova de nata\u00e7\u00e3o em \u00e1guas abertas - Swimchannel","isPartOf":{"@id":"https:\/\/swimchannel.net\/br\/#website"},"primaryImageOfPage":{"@id":"https:\/\/swimchannel.net\/br\/ubatuba-recebeu-nova-prova-de-natacao-em-aguas-abertas\/#primaryimage"},"image":{"@id":"https:\/\/swimchannel.net\/br\/ubatuba-recebeu-nova-prova-de-natacao-em-aguas-abertas\/#primaryimage"},"thumbnailUrl":"https:\/\/swimchannel.net\/br\/wp-content\/uploads\/2024\/09\/WhatsApp-Image-2024-09-18-at-13.15.17.jpeg","datePublished":"2024-09-18T18:48:27+00:00","breadcrumb":{"@id":"https:\/\/swimchannel.net\/br\/ubatuba-recebeu-nova-prova-de-natacao-em-aguas-abertas\/#breadcrumb"},"inLanguage":"pt-BR","potentialAction":[{"@type":"ReadAction","target":["https:\/\/swimchannel.net\/br\/ubatuba-recebeu-nova-prova-de-natacao-em-aguas-abertas\/"]}]},{"@type":"ImageObject","inLanguage":"pt-BR","@id":"https:\/\/swimchannel.net\/br\/ubatuba-recebeu-nova-prova-de-natacao-em-aguas-abertas\/#primaryimage","url":"https:\/\/swimchannel.net\/br\/wp-content\/uploads\/2024\/09\/WhatsApp-Image-2024-09-18-at-13.15.17.jpeg","contentUrl":"https:\/\/swimchannel.net\/br\/wp-content\/uploads\/2024\/09\/WhatsApp-Image-2024-09-18-at-13.15.17.jpeg","width":840,"height":630,"caption":"Atletas que participaram da etapa em Ubatuba - Foto: Reprodu\u00e7\u00e3o"},{"@type":"BreadcrumbList","@id":"https:\/\/swimchannel.net\/br\/ubatuba-recebeu-nova-prova-de-natacao-em-aguas-abertas\/#breadcrumb","itemListElement":[{"@type":"ListItem","position":1,"name":"Home","item":"https:\/\/swimchannel.net\/br\/"},{"@type":"ListItem","position":2,"name":"Ubatuba recebeu nova prova de nata\u00e7\u00e3o em \u00e1guas abertas"}]},{"@type":"WebSite","@id":"https:\/\/swimchannel.net\/br\/#website","url":"https:\/\/swimchannel.net\/br\/","name":"Swimchannel","description":"Maior portal de nata\u00e7\u00e3o da america latina","publisher":{"@id":"https:\/\/swimchannel.net\/br\/#organization"},"potentialAction":[{"@type":"SearchAction","target":{"@type":"EntryPoint","urlTemplate":"https:\/\/swimchannel.net\/br\/?s={search_term_string}"},"query-input":{"@type":"PropertyValueSpecification","valueRequired":true,"valueName":"search_term_string"}}],"inLanguage":"pt-BR"},{"@type":"Organization","@id":"https:\/\/swimchannel.net\/br\/#organization","name":"Swimchannel - Conectando voc\u00ea a Nata\u00e7\u00e3o","url":"https:\/\/swimchannel.net\/br\/","logo":{"@type":"ImageObject","inLanguage":"pt-BR","@id":"https:\/\/swimchannel.net\/br\/#\/schema\/logo\/image\/","url":"https:\/\/swimchannel.net\/br\/wp-content\/uploads\/2026\/02\/SWIM-CHANNEL.png","contentUrl":"https:\/\/swimchannel.net\/br\/wp-content\/uploads\/2026\/02\/SWIM-CHANNEL.png","width":1120,"height":630,"caption":"Swimchannel - Conectando voc\u00ea a Nata\u00e7\u00e3o"},"image":{"@id":"https:\/\/swimchannel.net\/br\/#\/schema\/logo\/image\/"},"sameAs":["https:\/\/www.facebook.com\/swimchannel","https:\/\/www.instagram.com\/swimchannel"]},{"@type":"Person","@id":"https:\/\/swimchannel.net\/br\/#\/schema\/person\/aa2a63bab3275f53749a83276b213c48","name":"Guilherme Freitas","image":{"@type":"ImageObject","inLanguage":"pt-BR","@id":"https:\/\/swimchannel.net\/br\/#\/schema\/person\/image\/","url":"https:\/\/swimchannel.net\/br\/wp-content\/uploads\/2025\/10\/gui22-193x180.png","contentUrl":"https:\/\/swimchannel.net\/br\/wp-content\/uploads\/2025\/10\/gui22-193x180.png","caption":"Guilherme Freitas"},"description":"Jornalista s\u00eanior da SWIM CHANNEL, ex-correspondente da FINA no Brasil e pesquisador acad\u00eamico.","sameAs":["instagram.com\/guifreitas86"],"url":"https:\/\/swimchannel.net\/br\/author\/guilherme-freitas\/"}]}},"_links":{"self":[{"href":"https:\/\/swimchannel.net\/br\/wp-json\/wp\/v2\/posts\/69181","targetHints":{"allow":["GET"]}}],"collection":[{"href":"https:\/\/swimchannel.net\/br\/wp-json\/wp\/v2\/posts"}],"about":[{"href":"https:\/\/swimchannel.net\/br\/wp-json\/wp\/v2\/types\/post"}],"author":[{"embeddable":true,"href":"https:\/\/swimchannel.net\/br\/wp-json\/wp\/v2\/users\/3"}],"replies":[{"embeddable":true,"href":"https:\/\/swimchannel.net\/br\/wp-json\/wp\/v2\/comments?post=69181"}],"version-history":[{"count":3,"href":"https:\/\/swimchannel.net\/br\/wp-json\/wp\/v2\/posts\/69181\/revisions"}],"predecessor-version":[{"id":69190,"href":"https:\/\/swimchannel.net\/br\/wp-json\/wp\/v2\/posts\/69181\/revisions\/69190"}],"wp:featuredmedia":[{"embeddable":true,"href":"https:\/\/swimchannel.net\/br\/wp-json\/wp\/v2\/media\/69189"}],"wp:attachment":[{"href":"https:\/\/swimchannel.net\/br\/wp-json\/wp\/v2\/media?parent=69181"}],"wp:term":[{"taxonomy":"category","embeddable":true,"href":"https:\/\/swimchannel.net\/br\/wp-json\/wp\/v2\/categories?post=69181"},{"taxonomy":"post_tag","embeddable":true,"href":"https:\/\/swimchannel.net\/br\/wp-json\/wp\/v2\/tags?post=69181"}],"curies":[{"name":"wp","href":"https:\/\/api.w.org\/{rel}","templated":true}]}}