{"id":69587,"date":"2024-10-09T18:38:09","date_gmt":"2024-10-09T21:38:09","guid":{"rendered":"https:\/\/swimchannel.net\/br\/?p=69587"},"modified":"2024-10-14T13:16:31","modified_gmt":"2024-10-14T16:16:31","slug":"fernando-scheffer-nadara-a-travessia-do-canal-de-ilhabela-2024","status":"publish","type":"post","link":"https:\/\/swimchannel.net\/br\/fernando-scheffer-nadara-a-travessia-do-canal-de-ilhabela-2024\/","title":{"rendered":"Fernando Scheffer nadar\u00e1 a Travessia do Canal de Ilhabela 2024"},"content":{"rendered":"<p>A Travessia do Canal de Ilhabela tem mais um nadador ol\u00edmpico confirmado para a edi\u00e7\u00e3o deste ano. Medalhista de bronze em T\u00f3quio-2020 na prova dos 200m livre, Fernando Scheffer \u00e9 mais um atleta de destaque a se aventurar em uma das principais provas de \u00e1guas abertas do Brasil, que acontece dia 10 de novembro no litoral norte paulista.<\/p>\n<p>O nadador, que faz parte do time Mormaii, \u00e9 especialista em eventos de piscina. Sua principal prova \u00e9 sem d\u00favida os 200m livre, onde foi medalhista de bronze nos Jogos Ol\u00edmpicos de T\u00f3quio, campe\u00e3o pan-americano nos Jogos de Lima-2019 e det\u00e9m os fort\u00edssimos recordes sul-americanos de 1min44s66 em piscina longa (feitos na final ol\u00edmpica) e 1min41s32 na curta (feitos no Trof\u00e9u Jos\u00e9 Finkel de 2022). Por\u00e9m, Scheffer tamb\u00e9m \u00e9 um \u00f3timo nadador de dist\u00e2ncias mais longas.<\/p>\n<figure id=\"attachment_66113\" aria-describedby=\"caption-attachment-66113\" style=\"width: 809px\" class=\"wp-caption alignnone\"><img loading=\"lazy\" decoding=\"async\" class=\"size-full wp-image-66113\" src=\"https:\/\/swimchannel.net\/br\/wp-content\/uploads\/2024\/05\/Captura-de-tela-2024-05-16-121941.jpg\" alt=\"\" width=\"809\" height=\"562\" srcset=\"https:\/\/swimchannel.net\/br\/wp-content\/uploads\/2024\/05\/Captura-de-tela-2024-05-16-121941.jpg 809w, https:\/\/swimchannel.net\/br\/wp-content\/uploads\/2024\/05\/Captura-de-tela-2024-05-16-121941-259x180.jpg 259w, https:\/\/swimchannel.net\/br\/wp-content\/uploads\/2024\/05\/Captura-de-tela-2024-05-16-121941-768x534.jpg 768w, https:\/\/swimchannel.net\/br\/wp-content\/uploads\/2024\/05\/Captura-de-tela-2024-05-16-121941-750x521.jpg 750w\" sizes=\"auto, (max-width: 809px) 100vw, 809px\" \/><figcaption id=\"caption-attachment-66113\" class=\"wp-caption-text\">Fernando Scheffer &#8211; Foto: Felippe Luque<\/figcaption><\/figure>\n<p>Nos 400m livre, Scheffer j\u00e1 foi recordista sul-americano entre os anos de 2018 e 2019 com o tempo de 3min49s06 e medalhista de prata nos Jogos Pan-Americanos de Lima-2019. Ele tamb\u00e9m tem um bom retrospecto nos 800m livre, sendo figura constante na prova em campeonatos de n\u00edvel nacional. O atleta \u00e9 conhecido por ter uma \u00f3tima t\u00e9cnica de nado e tem um dos melhores endurances da nata\u00e7\u00e3o brasileira, que faz com que ele possa desafiar nadadores mais experientes em \u00e1guas abertas na travessia que tem 3,8 km de percurso.<\/p>\n<p>\u201cMeu intuito em nadar a Travessia do Canal de Ilhabela \u00e9 pura divers\u00e3o, pois meu foco s\u00e3o os 200m e 400m livre na piscina. Mas ser\u00e1 muito legal pode disputar uma prova diferente e t\u00e3o especial. Ser\u00e1 uma oportunidade para me testar nas \u00e1guas abertas e ainda curtir o evento com todo o Time Mormaii\u201d, afirmou o medalhista ol\u00edmpico que \u00e9 patrocinado pela marca esportiva desde o ano passado.<\/p>\n<figure id=\"attachment_69588\" aria-describedby=\"caption-attachment-69588\" style=\"width: 630px\" class=\"wp-caption alignnone\"><img loading=\"lazy\" decoding=\"async\" class=\"size-full wp-image-69588\" src=\"https:\/\/swimchannel.net\/br\/wp-content\/uploads\/2024\/10\/2023-Scheffer-MariaLenk-0510-107.jpg\" alt=\"\" width=\"630\" height=\"630\" srcset=\"https:\/\/swimchannel.net\/br\/wp-content\/uploads\/2024\/10\/2023-Scheffer-MariaLenk-0510-107.jpg 630w, https:\/\/swimchannel.net\/br\/wp-content\/uploads\/2024\/10\/2023-Scheffer-MariaLenk-0510-107-180x180.jpg 180w, https:\/\/swimchannel.net\/br\/wp-content\/uploads\/2024\/10\/2023-Scheffer-MariaLenk-0510-107-75x75.jpg 75w\" sizes=\"auto, (max-width: 630px) 100vw, 630px\" \/><figcaption id=\"caption-attachment-69588\" class=\"wp-caption-text\">Fernando Scheffer &#8211; Foto: Felippe Luque<\/figcaption><\/figure>\n<p>Est\u00e1 sendo cada vez mais comum nadadores de piscina se aventurarem em provas de \u00e1guas abertas e a Travessia do Canal de Ilhabela, pela sua dist\u00e2ncia e suas caracter\u00edsticas, se torna um \u00f3timo evento-teste para estes atletas que buscam se desafiar em uma nova modalidade.<\/p>\n<p>Em 2024 a Travessia do Canal de Ilhabela completa 10 anos de disputas. As inscri\u00e7\u00f5es para a edi\u00e7\u00e3o desse ano terminam na pr\u00f3xima quinta-feira e podem ser feitas aqui: <a href=\"https:\/\/www.canaldeilhabela.com.br\/\">https:\/\/www.canaldeilhabela.com.br\/<\/a>.\u00a0O evento tem produ\u00e7\u00e3o da Interativa Esportes e patroc\u00ednio da Prefeitura de Ilhabela e da Mormaii. A divulga\u00e7\u00e3o e transmiss\u00e3o ao vivo da competi\u00e7\u00e3o ser\u00e1 feita pela <strong>SWIM CHANNEL TV<\/strong> no Youtube.<\/p>\n","protected":false},"excerpt":{"rendered":"<p>A Travessia do Canal de Ilhabela tem mais um nadador ol\u00edmpico confirmado para a edi\u00e7\u00e3o deste ano. Medalhista de bronze em T\u00f3quio-2020 na prova dos 200m livre, Fernando Scheffer \u00e9 mais um atleta de destaque a se aventurar em uma das principais provas de \u00e1guas abertas do Brasil, que acontece dia 10 de novembro no [&hellip;]<\/p>\n","protected":false},"author":2,"featured_media":66114,"comment_status":"open","ping_status":"open","sticky":false,"template":"","format":"gallery","meta":{"footnotes":""},"categories":[1512],"tags":[14,1264,468,5,556],"class_list":["post-69587","post","type-post","status-publish","format-gallery","has-post-thumbnail","hentry","category-travessia-do-canal-de-ilhabela","tag-aguas-abertas","tag-fernando-scheffer","tag-mormaii","tag-natacao","tag-travessia-do-canal-de-ilhabela","post_format-post-format-gallery"],"yoast_head":"<!-- This site is optimized with the Yoast SEO plugin v27.0 - https:\/\/yoast.com\/product\/yoast-seo-wordpress\/ -->\n<title>Fernando Scheffer nadar\u00e1 a Travessia do Canal de Ilhabela 2024 - Swimchannel<\/title>\n<meta name=\"robots\" content=\"index, follow, max-snippet:-1, max-image-preview:large, max-video-preview:-1\" \/>\n<link rel=\"canonical\" href=\"https:\/\/swimchannel.net\/br\/fernando-scheffer-nadara-a-travessia-do-canal-de-ilhabela-2024\/\" \/>\n<meta property=\"og:locale\" content=\"pt_BR\" \/>\n<meta property=\"og:type\" content=\"article\" \/>\n<meta property=\"og:title\" content=\"Fernando Scheffer nadar\u00e1 a Travessia do Canal de Ilhabela 2024 - Swimchannel\" \/>\n<meta property=\"og:description\" content=\"A Travessia do Canal de Ilhabela tem mais um nadador ol\u00edmpico confirmado para a edi\u00e7\u00e3o deste ano. Medalhista de bronze em T\u00f3quio-2020 na prova dos 200m livre, Fernando Scheffer \u00e9 mais um atleta de destaque a se aventurar em uma das principais provas de \u00e1guas abertas do Brasil, que acontece dia 10 de novembro no [&hellip;]\" \/>\n<meta property=\"og:url\" content=\"https:\/\/swimchannel.net\/br\/fernando-scheffer-nadara-a-travessia-do-canal-de-ilhabela-2024\/\" \/>\n<meta property=\"og:site_name\" content=\"Swimchannel\" \/>\n<meta property=\"article:publisher\" content=\"https:\/\/www.facebook.com\/swimchannel\" \/>\n<meta property=\"article:published_time\" content=\"2024-10-09T21:38:09+00:00\" \/>\n<meta property=\"article:modified_time\" content=\"2024-10-14T16:16:31+00:00\" \/>\n<meta property=\"og:image\" content=\"https:\/\/swimchannel.net\/br\/wp-content\/uploads\/2024\/05\/Captura-de-tela-2024-05-16-122115.jpg\" \/>\n\t<meta property=\"og:image:width\" content=\"849\" \/>\n\t<meta property=\"og:image:height\" content=\"619\" \/>\n\t<meta property=\"og:image:type\" content=\"image\/jpeg\" \/>\n<meta name=\"author\" content=\"SwimChannel\" \/>\n<meta name=\"twitter:card\" content=\"summary_large_image\" \/>\n<meta name=\"twitter:label1\" content=\"Escrito por\" \/>\n\t<meta name=\"twitter:data1\" content=\"SwimChannel\" \/>\n\t<meta name=\"twitter:label2\" content=\"Est. tempo de leitura\" \/>\n\t<meta name=\"twitter:data2\" content=\"2 minutos\" \/>\n<script type=\"application\/ld+json\" class=\"yoast-schema-graph\">{\"@context\":\"https:\/\/schema.org\",\"@graph\":[{\"@type\":\"Article\",\"@id\":\"https:\/\/swimchannel.net\/br\/fernando-scheffer-nadara-a-travessia-do-canal-de-ilhabela-2024\/#article\",\"isPartOf\":{\"@id\":\"https:\/\/swimchannel.net\/br\/fernando-scheffer-nadara-a-travessia-do-canal-de-ilhabela-2024\/\"},\"author\":{\"name\":\"SwimChannel\",\"@id\":\"https:\/\/swimchannel.net\/br\/#\/schema\/person\/8b903436c3c0b427a4ec3402a0579c30\"},\"headline\":\"Fernando Scheffer nadar\u00e1 a Travessia do Canal de Ilhabela 2024\",\"datePublished\":\"2024-10-09T21:38:09+00:00\",\"dateModified\":\"2024-10-14T16:16:31+00:00\",\"mainEntityOfPage\":{\"@id\":\"https:\/\/swimchannel.net\/br\/fernando-scheffer-nadara-a-travessia-do-canal-de-ilhabela-2024\/\"},\"wordCount\":459,\"commentCount\":0,\"publisher\":{\"@id\":\"https:\/\/swimchannel.net\/br\/#organization\"},\"image\":{\"@id\":\"https:\/\/swimchannel.net\/br\/fernando-scheffer-nadara-a-travessia-do-canal-de-ilhabela-2024\/#primaryimage\"},\"thumbnailUrl\":\"https:\/\/swimchannel.net\/br\/wp-content\/uploads\/2024\/05\/Captura-de-tela-2024-05-16-122115.jpg\",\"keywords\":[\"\u00c1guas abertas\",\"Fernando Scheffer\",\"Mormaii\",\"natacao\",\"Travessia do Canal de Ilhabela\"],\"articleSection\":[\"Travessia do Canal de Ilhabela\"],\"inLanguage\":\"pt-BR\",\"potentialAction\":[{\"@type\":\"CommentAction\",\"name\":\"Comment\",\"target\":[\"https:\/\/swimchannel.net\/br\/fernando-scheffer-nadara-a-travessia-do-canal-de-ilhabela-2024\/#respond\"]}]},{\"@type\":\"WebPage\",\"@id\":\"https:\/\/swimchannel.net\/br\/fernando-scheffer-nadara-a-travessia-do-canal-de-ilhabela-2024\/\",\"url\":\"https:\/\/swimchannel.net\/br\/fernando-scheffer-nadara-a-travessia-do-canal-de-ilhabela-2024\/\",\"name\":\"Fernando Scheffer nadar\u00e1 a Travessia do Canal de Ilhabela 2024 - Swimchannel\",\"isPartOf\":{\"@id\":\"https:\/\/swimchannel.net\/br\/#website\"},\"primaryImageOfPage\":{\"@id\":\"https:\/\/swimchannel.net\/br\/fernando-scheffer-nadara-a-travessia-do-canal-de-ilhabela-2024\/#primaryimage\"},\"image\":{\"@id\":\"https:\/\/swimchannel.net\/br\/fernando-scheffer-nadara-a-travessia-do-canal-de-ilhabela-2024\/#primaryimage\"},\"thumbnailUrl\":\"https:\/\/swimchannel.net\/br\/wp-content\/uploads\/2024\/05\/Captura-de-tela-2024-05-16-122115.jpg\",\"datePublished\":\"2024-10-09T21:38:09+00:00\",\"dateModified\":\"2024-10-14T16:16:31+00:00\",\"breadcrumb\":{\"@id\":\"https:\/\/swimchannel.net\/br\/fernando-scheffer-nadara-a-travessia-do-canal-de-ilhabela-2024\/#breadcrumb\"},\"inLanguage\":\"pt-BR\",\"potentialAction\":[{\"@type\":\"ReadAction\",\"target\":[\"https:\/\/swimchannel.net\/br\/fernando-scheffer-nadara-a-travessia-do-canal-de-ilhabela-2024\/\"]}]},{\"@type\":\"ImageObject\",\"inLanguage\":\"pt-BR\",\"@id\":\"https:\/\/swimchannel.net\/br\/fernando-scheffer-nadara-a-travessia-do-canal-de-ilhabela-2024\/#primaryimage\",\"url\":\"https:\/\/swimchannel.net\/br\/wp-content\/uploads\/2024\/05\/Captura-de-tela-2024-05-16-122115.jpg\",\"contentUrl\":\"https:\/\/swimchannel.net\/br\/wp-content\/uploads\/2024\/05\/Captura-de-tela-2024-05-16-122115.jpg\",\"width\":849,\"height\":619,\"caption\":\"Fernando Scheffer - Foto: Felippe Luque\"},{\"@type\":\"BreadcrumbList\",\"@id\":\"https:\/\/swimchannel.net\/br\/fernando-scheffer-nadara-a-travessia-do-canal-de-ilhabela-2024\/#breadcrumb\",\"itemListElement\":[{\"@type\":\"ListItem\",\"position\":1,\"name\":\"Home\",\"item\":\"https:\/\/swimchannel.net\/br\/\"},{\"@type\":\"ListItem\",\"position\":2,\"name\":\"Fernando Scheffer nadar\u00e1 a Travessia do Canal de Ilhabela 2024\"}]},{\"@type\":\"WebSite\",\"@id\":\"https:\/\/swimchannel.net\/br\/#website\",\"url\":\"https:\/\/swimchannel.net\/br\/\",\"name\":\"Swimchannel\",\"description\":\"Maior portal de nata\u00e7\u00e3o da america latina\",\"publisher\":{\"@id\":\"https:\/\/swimchannel.net\/br\/#organization\"},\"potentialAction\":[{\"@type\":\"SearchAction\",\"target\":{\"@type\":\"EntryPoint\",\"urlTemplate\":\"https:\/\/swimchannel.net\/br\/?s={search_term_string}\"},\"query-input\":{\"@type\":\"PropertyValueSpecification\",\"valueRequired\":true,\"valueName\":\"search_term_string\"}}],\"inLanguage\":\"pt-BR\"},{\"@type\":\"Organization\",\"@id\":\"https:\/\/swimchannel.net\/br\/#organization\",\"name\":\"Swimchannel - Conectando voc\u00ea a Nata\u00e7\u00e3o\",\"url\":\"https:\/\/swimchannel.net\/br\/\",\"logo\":{\"@type\":\"ImageObject\",\"inLanguage\":\"pt-BR\",\"@id\":\"https:\/\/swimchannel.net\/br\/#\/schema\/logo\/image\/\",\"url\":\"https:\/\/swimchannel.net\/br\/wp-content\/uploads\/2026\/02\/SWIM-CHANNEL.png\",\"contentUrl\":\"https:\/\/swimchannel.net\/br\/wp-content\/uploads\/2026\/02\/SWIM-CHANNEL.png\",\"width\":1120,\"height\":630,\"caption\":\"Swimchannel - Conectando voc\u00ea a Nata\u00e7\u00e3o\"},\"image\":{\"@id\":\"https:\/\/swimchannel.net\/br\/#\/schema\/logo\/image\/\"},\"sameAs\":[\"https:\/\/www.facebook.com\/swimchannel\",\"https:\/\/www.instagram.com\/swimchannel\"]},{\"@type\":\"Person\",\"@id\":\"https:\/\/swimchannel.net\/br\/#\/schema\/person\/8b903436c3c0b427a4ec3402a0579c30\",\"name\":\"SwimChannel\",\"image\":{\"@type\":\"ImageObject\",\"inLanguage\":\"pt-BR\",\"@id\":\"https:\/\/swimchannel.net\/br\/#\/schema\/person\/image\/\",\"url\":\"https:\/\/swimchannel.net\/br\/wp-content\/uploads\/2021\/03\/SWIM-CHANNEL_JPG22-100x100.jpg\",\"contentUrl\":\"https:\/\/swimchannel.net\/br\/wp-content\/uploads\/2021\/03\/SWIM-CHANNEL_JPG22-100x100.jpg\",\"caption\":\"SwimChannel\"},\"url\":\"https:\/\/swimchannel.net\/br\/author\/swimchanneladmin\/\"}]}<\/script>\n<!-- \/ Yoast SEO plugin. -->","yoast_head_json":{"title":"Fernando Scheffer nadar\u00e1 a Travessia do Canal de Ilhabela 2024 - Swimchannel","robots":{"index":"index","follow":"follow","max-snippet":"max-snippet:-1","max-image-preview":"max-image-preview:large","max-video-preview":"max-video-preview:-1"},"canonical":"https:\/\/swimchannel.net\/br\/fernando-scheffer-nadara-a-travessia-do-canal-de-ilhabela-2024\/","og_locale":"pt_BR","og_type":"article","og_title":"Fernando Scheffer nadar\u00e1 a Travessia do Canal de Ilhabela 2024 - Swimchannel","og_description":"A Travessia do Canal de Ilhabela tem mais um nadador ol\u00edmpico confirmado para a edi\u00e7\u00e3o deste ano. Medalhista de bronze em T\u00f3quio-2020 na prova dos 200m livre, Fernando Scheffer \u00e9 mais um atleta de destaque a se aventurar em uma das principais provas de \u00e1guas abertas do Brasil, que acontece dia 10 de novembro no [&hellip;]","og_url":"https:\/\/swimchannel.net\/br\/fernando-scheffer-nadara-a-travessia-do-canal-de-ilhabela-2024\/","og_site_name":"Swimchannel","article_publisher":"https:\/\/www.facebook.com\/swimchannel","article_published_time":"2024-10-09T21:38:09+00:00","article_modified_time":"2024-10-14T16:16:31+00:00","og_image":[{"width":849,"height":619,"url":"https:\/\/swimchannel.net\/br\/wp-content\/uploads\/2024\/05\/Captura-de-tela-2024-05-16-122115.jpg","type":"image\/jpeg"}],"author":"SwimChannel","twitter_card":"summary_large_image","twitter_misc":{"Escrito por":"SwimChannel","Est. tempo de leitura":"2 minutos"},"schema":{"@context":"https:\/\/schema.org","@graph":[{"@type":"Article","@id":"https:\/\/swimchannel.net\/br\/fernando-scheffer-nadara-a-travessia-do-canal-de-ilhabela-2024\/#article","isPartOf":{"@id":"https:\/\/swimchannel.net\/br\/fernando-scheffer-nadara-a-travessia-do-canal-de-ilhabela-2024\/"},"author":{"name":"SwimChannel","@id":"https:\/\/swimchannel.net\/br\/#\/schema\/person\/8b903436c3c0b427a4ec3402a0579c30"},"headline":"Fernando Scheffer nadar\u00e1 a Travessia do Canal de Ilhabela 2024","datePublished":"2024-10-09T21:38:09+00:00","dateModified":"2024-10-14T16:16:31+00:00","mainEntityOfPage":{"@id":"https:\/\/swimchannel.net\/br\/fernando-scheffer-nadara-a-travessia-do-canal-de-ilhabela-2024\/"},"wordCount":459,"commentCount":0,"publisher":{"@id":"https:\/\/swimchannel.net\/br\/#organization"},"image":{"@id":"https:\/\/swimchannel.net\/br\/fernando-scheffer-nadara-a-travessia-do-canal-de-ilhabela-2024\/#primaryimage"},"thumbnailUrl":"https:\/\/swimchannel.net\/br\/wp-content\/uploads\/2024\/05\/Captura-de-tela-2024-05-16-122115.jpg","keywords":["\u00c1guas abertas","Fernando Scheffer","Mormaii","natacao","Travessia do Canal de Ilhabela"],"articleSection":["Travessia do Canal de Ilhabela"],"inLanguage":"pt-BR","potentialAction":[{"@type":"CommentAction","name":"Comment","target":["https:\/\/swimchannel.net\/br\/fernando-scheffer-nadara-a-travessia-do-canal-de-ilhabela-2024\/#respond"]}]},{"@type":"WebPage","@id":"https:\/\/swimchannel.net\/br\/fernando-scheffer-nadara-a-travessia-do-canal-de-ilhabela-2024\/","url":"https:\/\/swimchannel.net\/br\/fernando-scheffer-nadara-a-travessia-do-canal-de-ilhabela-2024\/","name":"Fernando Scheffer nadar\u00e1 a Travessia do Canal de Ilhabela 2024 - Swimchannel","isPartOf":{"@id":"https:\/\/swimchannel.net\/br\/#website"},"primaryImageOfPage":{"@id":"https:\/\/swimchannel.net\/br\/fernando-scheffer-nadara-a-travessia-do-canal-de-ilhabela-2024\/#primaryimage"},"image":{"@id":"https:\/\/swimchannel.net\/br\/fernando-scheffer-nadara-a-travessia-do-canal-de-ilhabela-2024\/#primaryimage"},"thumbnailUrl":"https:\/\/swimchannel.net\/br\/wp-content\/uploads\/2024\/05\/Captura-de-tela-2024-05-16-122115.jpg","datePublished":"2024-10-09T21:38:09+00:00","dateModified":"2024-10-14T16:16:31+00:00","breadcrumb":{"@id":"https:\/\/swimchannel.net\/br\/fernando-scheffer-nadara-a-travessia-do-canal-de-ilhabela-2024\/#breadcrumb"},"inLanguage":"pt-BR","potentialAction":[{"@type":"ReadAction","target":["https:\/\/swimchannel.net\/br\/fernando-scheffer-nadara-a-travessia-do-canal-de-ilhabela-2024\/"]}]},{"@type":"ImageObject","inLanguage":"pt-BR","@id":"https:\/\/swimchannel.net\/br\/fernando-scheffer-nadara-a-travessia-do-canal-de-ilhabela-2024\/#primaryimage","url":"https:\/\/swimchannel.net\/br\/wp-content\/uploads\/2024\/05\/Captura-de-tela-2024-05-16-122115.jpg","contentUrl":"https:\/\/swimchannel.net\/br\/wp-content\/uploads\/2024\/05\/Captura-de-tela-2024-05-16-122115.jpg","width":849,"height":619,"caption":"Fernando Scheffer - Foto: Felippe Luque"},{"@type":"BreadcrumbList","@id":"https:\/\/swimchannel.net\/br\/fernando-scheffer-nadara-a-travessia-do-canal-de-ilhabela-2024\/#breadcrumb","itemListElement":[{"@type":"ListItem","position":1,"name":"Home","item":"https:\/\/swimchannel.net\/br\/"},{"@type":"ListItem","position":2,"name":"Fernando Scheffer nadar\u00e1 a Travessia do Canal de Ilhabela 2024"}]},{"@type":"WebSite","@id":"https:\/\/swimchannel.net\/br\/#website","url":"https:\/\/swimchannel.net\/br\/","name":"Swimchannel","description":"Maior portal de nata\u00e7\u00e3o da america latina","publisher":{"@id":"https:\/\/swimchannel.net\/br\/#organization"},"potentialAction":[{"@type":"SearchAction","target":{"@type":"EntryPoint","urlTemplate":"https:\/\/swimchannel.net\/br\/?s={search_term_string}"},"query-input":{"@type":"PropertyValueSpecification","valueRequired":true,"valueName":"search_term_string"}}],"inLanguage":"pt-BR"},{"@type":"Organization","@id":"https:\/\/swimchannel.net\/br\/#organization","name":"Swimchannel - Conectando voc\u00ea a Nata\u00e7\u00e3o","url":"https:\/\/swimchannel.net\/br\/","logo":{"@type":"ImageObject","inLanguage":"pt-BR","@id":"https:\/\/swimchannel.net\/br\/#\/schema\/logo\/image\/","url":"https:\/\/swimchannel.net\/br\/wp-content\/uploads\/2026\/02\/SWIM-CHANNEL.png","contentUrl":"https:\/\/swimchannel.net\/br\/wp-content\/uploads\/2026\/02\/SWIM-CHANNEL.png","width":1120,"height":630,"caption":"Swimchannel - Conectando voc\u00ea a Nata\u00e7\u00e3o"},"image":{"@id":"https:\/\/swimchannel.net\/br\/#\/schema\/logo\/image\/"},"sameAs":["https:\/\/www.facebook.com\/swimchannel","https:\/\/www.instagram.com\/swimchannel"]},{"@type":"Person","@id":"https:\/\/swimchannel.net\/br\/#\/schema\/person\/8b903436c3c0b427a4ec3402a0579c30","name":"SwimChannel","image":{"@type":"ImageObject","inLanguage":"pt-BR","@id":"https:\/\/swimchannel.net\/br\/#\/schema\/person\/image\/","url":"https:\/\/swimchannel.net\/br\/wp-content\/uploads\/2021\/03\/SWIM-CHANNEL_JPG22-100x100.jpg","contentUrl":"https:\/\/swimchannel.net\/br\/wp-content\/uploads\/2021\/03\/SWIM-CHANNEL_JPG22-100x100.jpg","caption":"SwimChannel"},"url":"https:\/\/swimchannel.net\/br\/author\/swimchanneladmin\/"}]}},"_links":{"self":[{"href":"https:\/\/swimchannel.net\/br\/wp-json\/wp\/v2\/posts\/69587","targetHints":{"allow":["GET"]}}],"collection":[{"href":"https:\/\/swimchannel.net\/br\/wp-json\/wp\/v2\/posts"}],"about":[{"href":"https:\/\/swimchannel.net\/br\/wp-json\/wp\/v2\/types\/post"}],"author":[{"embeddable":true,"href":"https:\/\/swimchannel.net\/br\/wp-json\/wp\/v2\/users\/2"}],"replies":[{"embeddable":true,"href":"https:\/\/swimchannel.net\/br\/wp-json\/wp\/v2\/comments?post=69587"}],"version-history":[{"count":1,"href":"https:\/\/swimchannel.net\/br\/wp-json\/wp\/v2\/posts\/69587\/revisions"}],"predecessor-version":[{"id":69589,"href":"https:\/\/swimchannel.net\/br\/wp-json\/wp\/v2\/posts\/69587\/revisions\/69589"}],"wp:featuredmedia":[{"embeddable":true,"href":"https:\/\/swimchannel.net\/br\/wp-json\/wp\/v2\/media\/66114"}],"wp:attachment":[{"href":"https:\/\/swimchannel.net\/br\/wp-json\/wp\/v2\/media?parent=69587"}],"wp:term":[{"taxonomy":"category","embeddable":true,"href":"https:\/\/swimchannel.net\/br\/wp-json\/wp\/v2\/categories?post=69587"},{"taxonomy":"post_tag","embeddable":true,"href":"https:\/\/swimchannel.net\/br\/wp-json\/wp\/v2\/tags?post=69587"}],"curies":[{"name":"wp","href":"https:\/\/api.w.org\/{rel}","templated":true}]}}