{"id":69885,"date":"2024-10-24T18:39:36","date_gmt":"2024-10-24T21:39:36","guid":{"rendered":"https:\/\/swimchannel.net\/br\/?p=69885"},"modified":"2024-10-24T18:39:36","modified_gmt":"2024-10-24T21:39:36","slug":"pier-a-pier-sera-neste-sabado-em-ilhabela","status":"publish","type":"post","link":"https:\/\/swimchannel.net\/br\/pier-a-pier-sera-neste-sabado-em-ilhabela\/","title":{"rendered":"Pi\u00e9r a P\u00eder ser\u00e1 neste s\u00e1bado em Ilhabela"},"content":{"rendered":"<p>No pr\u00f3ximo s\u00e1bado, 26 de outubro, Ilhabela ser\u00e1 palco de mais uma competi\u00e7\u00e3o de \u00e1guas abertas da regi\u00e3o: a P\u00eder a P\u00eder (Pier to Pier). O evento, organizado pela Prefeitura Municipal de Ilhabela, promete desafiar nadadores de todos os n\u00edveis e de v\u00e1rias categorias. Foram oferecidas 200 vagas e todas j\u00e1 foram preenchidas.<\/p>\n<p>Com in\u00edcio marcado para as 8h, o evento reunir\u00e1 duas provas: 4 km e 1 km. O percurso maior come\u00e7ar\u00e1 no P\u00eder do Perequ\u00ea e o menor na Escola de Vela Lars Grael.<\/p>\n<figure id=\"attachment_69886\" aria-describedby=\"caption-attachment-69886\" style=\"width: 630px\" class=\"wp-caption alignnone\"><img loading=\"lazy\" decoding=\"async\" class=\"size-full wp-image-69886\" src=\"https:\/\/swimchannel.net\/br\/wp-content\/uploads\/2024\/10\/464265588_18248984602276705_332.jpg\" alt=\"\" width=\"630\" height=\"630\" srcset=\"https:\/\/swimchannel.net\/br\/wp-content\/uploads\/2024\/10\/464265588_18248984602276705_332.jpg 630w, https:\/\/swimchannel.net\/br\/wp-content\/uploads\/2024\/10\/464265588_18248984602276705_332-180x180.jpg 180w, https:\/\/swimchannel.net\/br\/wp-content\/uploads\/2024\/10\/464265588_18248984602276705_332-75x75.jpg 75w\" sizes=\"auto, (max-width: 630px) 100vw, 630px\" \/><figcaption id=\"caption-attachment-69886\" class=\"wp-caption-text\">Instagram oficial Prefeitura de Ilhabela.<\/figcaption><\/figure>\n<p>A retirada dos kits ser\u00e3o nos locais de largada das 6h30 \u00e0s 7h30 da manh\u00e3 do s\u00e1bado (26).\u00a0Saiba mais sobre o evento na p\u00e1gina de esportes oficial da Prefeitura de Ilhabela: <a href=\"https:\/\/www.instagram.com\/esportes_ilhabela\/\">https:\/\/www.instagram.com\/esportes_ilhabela\/<\/a><\/p>\n<p>&nbsp;<\/p>\n","protected":false},"excerpt":{"rendered":"<p>No pr\u00f3ximo s\u00e1bado, 26 de outubro, Ilhabela ser\u00e1 palco de mais uma competi\u00e7\u00e3o de \u00e1guas abertas da regi\u00e3o: a P\u00eder a P\u00eder (Pier to Pier). O evento, organizado pela Prefeitura Municipal de Ilhabela, promete desafiar nadadores de todos os n\u00edveis e de v\u00e1rias categorias. Foram oferecidas 200 vagas e todas j\u00e1 foram preenchidas. Com in\u00edcio [&hellip;]<\/p>\n","protected":false},"author":9,"featured_media":1030,"comment_status":"open","ping_status":"open","sticky":false,"template":"","format":"standard","meta":{"footnotes":""},"categories":[115],"tags":[14,341,5,6175,4379],"class_list":["post-69885","post","type-post","status-publish","format-standard","has-post-thumbnail","hentry","category-aguas-abertas","tag-aguas-abertas","tag-ilhabela","tag-natacao","tag-pier-a-pier","tag-pier-to-pier"],"yoast_head":"<!-- This site is optimized with the Yoast SEO plugin v27.0 - https:\/\/yoast.com\/product\/yoast-seo-wordpress\/ -->\n<title>Pi\u00e9r a P\u00eder ser\u00e1 neste s\u00e1bado em Ilhabela - Swimchannel<\/title>\n<meta name=\"robots\" content=\"index, follow, max-snippet:-1, max-image-preview:large, max-video-preview:-1\" \/>\n<link rel=\"canonical\" href=\"https:\/\/swimchannel.net\/br\/pier-a-pier-sera-neste-sabado-em-ilhabela\/\" \/>\n<meta property=\"og:locale\" content=\"pt_BR\" \/>\n<meta property=\"og:type\" content=\"article\" \/>\n<meta property=\"og:title\" content=\"Pi\u00e9r a P\u00eder ser\u00e1 neste s\u00e1bado em Ilhabela - Swimchannel\" \/>\n<meta property=\"og:description\" content=\"No pr\u00f3ximo s\u00e1bado, 26 de outubro, Ilhabela ser\u00e1 palco de mais uma competi\u00e7\u00e3o de \u00e1guas abertas da regi\u00e3o: a P\u00eder a P\u00eder (Pier to Pier). O evento, organizado pela Prefeitura Municipal de Ilhabela, promete desafiar nadadores de todos os n\u00edveis e de v\u00e1rias categorias. Foram oferecidas 200 vagas e todas j\u00e1 foram preenchidas. Com in\u00edcio [&hellip;]\" \/>\n<meta property=\"og:url\" content=\"https:\/\/swimchannel.net\/br\/pier-a-pier-sera-neste-sabado-em-ilhabela\/\" \/>\n<meta property=\"og:site_name\" content=\"Swimchannel\" \/>\n<meta property=\"article:publisher\" content=\"https:\/\/www.facebook.com\/swimchannel\" \/>\n<meta property=\"article:published_time\" content=\"2024-10-24T21:39:36+00:00\" \/>\n<meta property=\"og:image\" content=\"https:\/\/swimchannel.net\/br\/wp-content\/uploads\/2016\/04\/GOPR1724.jpg\" \/>\n\t<meta property=\"og:image:width\" content=\"2000\" \/>\n\t<meta property=\"og:image:height\" content=\"1500\" \/>\n\t<meta property=\"og:image:type\" content=\"image\/jpeg\" \/>\n<meta name=\"author\" content=\"Katarine Monteiro\" \/>\n<meta name=\"twitter:card\" content=\"summary_large_image\" \/>\n<meta name=\"twitter:creator\" content=\"@https:\/\/twitter.com\/Katarinem\" \/>\n<meta name=\"twitter:label1\" content=\"Escrito por\" \/>\n\t<meta name=\"twitter:data1\" content=\"Katarine Monteiro\" \/>\n\t<meta name=\"twitter:label2\" content=\"Est. tempo de leitura\" \/>\n\t<meta name=\"twitter:data2\" content=\"1 minuto\" \/>\n<script type=\"application\/ld+json\" class=\"yoast-schema-graph\">{\"@context\":\"https:\/\/schema.org\",\"@graph\":[{\"@type\":\"Article\",\"@id\":\"https:\/\/swimchannel.net\/br\/pier-a-pier-sera-neste-sabado-em-ilhabela\/#article\",\"isPartOf\":{\"@id\":\"https:\/\/swimchannel.net\/br\/pier-a-pier-sera-neste-sabado-em-ilhabela\/\"},\"author\":{\"name\":\"Katarine Monteiro\",\"@id\":\"https:\/\/swimchannel.net\/br\/#\/schema\/person\/73ae9cec62249968bca1f0a8098ef002\"},\"headline\":\"Pi\u00e9r a P\u00eder ser\u00e1 neste s\u00e1bado em Ilhabela\",\"datePublished\":\"2024-10-24T21:39:36+00:00\",\"mainEntityOfPage\":{\"@id\":\"https:\/\/swimchannel.net\/br\/pier-a-pier-sera-neste-sabado-em-ilhabela\/\"},\"wordCount\":157,\"commentCount\":0,\"publisher\":{\"@id\":\"https:\/\/swimchannel.net\/br\/#organization\"},\"image\":{\"@id\":\"https:\/\/swimchannel.net\/br\/pier-a-pier-sera-neste-sabado-em-ilhabela\/#primaryimage\"},\"thumbnailUrl\":\"https:\/\/swimchannel.net\/br\/wp-content\/uploads\/2016\/04\/GOPR1724.jpg\",\"keywords\":[\"\u00c1guas abertas\",\"Ilhabela\",\"natacao\",\"Pier a Pier\",\"Pier to Pier\"],\"articleSection\":[\"\u00c1guas Abertas\"],\"inLanguage\":\"pt-BR\",\"potentialAction\":[{\"@type\":\"CommentAction\",\"name\":\"Comment\",\"target\":[\"https:\/\/swimchannel.net\/br\/pier-a-pier-sera-neste-sabado-em-ilhabela\/#respond\"]}]},{\"@type\":\"WebPage\",\"@id\":\"https:\/\/swimchannel.net\/br\/pier-a-pier-sera-neste-sabado-em-ilhabela\/\",\"url\":\"https:\/\/swimchannel.net\/br\/pier-a-pier-sera-neste-sabado-em-ilhabela\/\",\"name\":\"Pi\u00e9r a P\u00eder ser\u00e1 neste s\u00e1bado em Ilhabela - Swimchannel\",\"isPartOf\":{\"@id\":\"https:\/\/swimchannel.net\/br\/#website\"},\"primaryImageOfPage\":{\"@id\":\"https:\/\/swimchannel.net\/br\/pier-a-pier-sera-neste-sabado-em-ilhabela\/#primaryimage\"},\"image\":{\"@id\":\"https:\/\/swimchannel.net\/br\/pier-a-pier-sera-neste-sabado-em-ilhabela\/#primaryimage\"},\"thumbnailUrl\":\"https:\/\/swimchannel.net\/br\/wp-content\/uploads\/2016\/04\/GOPR1724.jpg\",\"datePublished\":\"2024-10-24T21:39:36+00:00\",\"breadcrumb\":{\"@id\":\"https:\/\/swimchannel.net\/br\/pier-a-pier-sera-neste-sabado-em-ilhabela\/#breadcrumb\"},\"inLanguage\":\"pt-BR\",\"potentialAction\":[{\"@type\":\"ReadAction\",\"target\":[\"https:\/\/swimchannel.net\/br\/pier-a-pier-sera-neste-sabado-em-ilhabela\/\"]}]},{\"@type\":\"ImageObject\",\"inLanguage\":\"pt-BR\",\"@id\":\"https:\/\/swimchannel.net\/br\/pier-a-pier-sera-neste-sabado-em-ilhabela\/#primaryimage\",\"url\":\"https:\/\/swimchannel.net\/br\/wp-content\/uploads\/2016\/04\/GOPR1724.jpg\",\"contentUrl\":\"https:\/\/swimchannel.net\/br\/wp-content\/uploads\/2016\/04\/GOPR1724.jpg\",\"width\":2000,\"height\":1500,\"caption\":\"Vista da Praia do Perequ\u00ea - Foto: Reprodu\u00e7\u00e3o\"},{\"@type\":\"BreadcrumbList\",\"@id\":\"https:\/\/swimchannel.net\/br\/pier-a-pier-sera-neste-sabado-em-ilhabela\/#breadcrumb\",\"itemListElement\":[{\"@type\":\"ListItem\",\"position\":1,\"name\":\"Home\",\"item\":\"https:\/\/swimchannel.net\/br\/\"},{\"@type\":\"ListItem\",\"position\":2,\"name\":\"Pi\u00e9r a P\u00eder ser\u00e1 neste s\u00e1bado em Ilhabela\"}]},{\"@type\":\"WebSite\",\"@id\":\"https:\/\/swimchannel.net\/br\/#website\",\"url\":\"https:\/\/swimchannel.net\/br\/\",\"name\":\"Swimchannel\",\"description\":\"Maior portal de nata\u00e7\u00e3o da america latina\",\"publisher\":{\"@id\":\"https:\/\/swimchannel.net\/br\/#organization\"},\"potentialAction\":[{\"@type\":\"SearchAction\",\"target\":{\"@type\":\"EntryPoint\",\"urlTemplate\":\"https:\/\/swimchannel.net\/br\/?s={search_term_string}\"},\"query-input\":{\"@type\":\"PropertyValueSpecification\",\"valueRequired\":true,\"valueName\":\"search_term_string\"}}],\"inLanguage\":\"pt-BR\"},{\"@type\":\"Organization\",\"@id\":\"https:\/\/swimchannel.net\/br\/#organization\",\"name\":\"Swimchannel - Conectando voc\u00ea a Nata\u00e7\u00e3o\",\"url\":\"https:\/\/swimchannel.net\/br\/\",\"logo\":{\"@type\":\"ImageObject\",\"inLanguage\":\"pt-BR\",\"@id\":\"https:\/\/swimchannel.net\/br\/#\/schema\/logo\/image\/\",\"url\":\"https:\/\/swimchannel.net\/br\/wp-content\/uploads\/2026\/02\/SWIM-CHANNEL.png\",\"contentUrl\":\"https:\/\/swimchannel.net\/br\/wp-content\/uploads\/2026\/02\/SWIM-CHANNEL.png\",\"width\":1120,\"height\":630,\"caption\":\"Swimchannel - Conectando voc\u00ea a Nata\u00e7\u00e3o\"},\"image\":{\"@id\":\"https:\/\/swimchannel.net\/br\/#\/schema\/logo\/image\/\"},\"sameAs\":[\"https:\/\/www.facebook.com\/swimchannel\",\"https:\/\/www.instagram.com\/swimchannel\"]},{\"@type\":\"Person\",\"@id\":\"https:\/\/swimchannel.net\/br\/#\/schema\/person\/73ae9cec62249968bca1f0a8098ef002\",\"name\":\"Katarine Monteiro\",\"image\":{\"@type\":\"ImageObject\",\"inLanguage\":\"pt-BR\",\"@id\":\"https:\/\/swimchannel.net\/br\/#\/schema\/person\/image\/\",\"url\":\"https:\/\/swimchannel.net\/br\/wp-content\/uploads\/2022\/01\/Katarine-Monteiro-100x100.jpg\",\"contentUrl\":\"https:\/\/swimchannel.net\/br\/wp-content\/uploads\/2022\/01\/Katarine-Monteiro-100x100.jpg\",\"caption\":\"Katarine Monteiro\"},\"description\":\"Jornalista SWIM CHANNEL especializada em esportes ol\u00edmpicos e em sa\u00fade. Com cobertura de grandes eventos internacionais, como Jogos Ol\u00edmpicos Rio 2016, Jogos Pan-Americanos em Lima 2019, Qatar Total Open 2020, Qatar ExxonMobil Open 2019 - t\u00eanis em Doha (QT), Semana Internacional de Vela de Ilhabela, Transat Jacques Vabre 2019 (Fran\u00e7a-Brasil), L'\u00c9tape Brasil by Tour de France, j\u00e1 fez in\u00fameras coberturas de nata\u00e7\u00e3o, maratona aqu\u00e1tica e polo aqu\u00e1tico. Formada tamb\u00e9m em Letras, a jornalista atua como assessora de imprensa, rela\u00e7\u00f5es p\u00fablicas e social media, com especializa\u00e7\u00e3o em marketing esportivo. Nadadora amadora de \u00e1guas abertas, j\u00e1 trabalhou com grandes nomes da nata\u00e7\u00e3o e do polo aqu\u00e1tico brasileiro.\",\"sameAs\":[\"https:\/\/www.instagram.com\/_katarinemonteiro\/\",\"https:\/\/www.linkedin.com\/in\/katarine-monteiro-19385297\/\",\"https:\/\/x.com\/https:\/\/twitter.com\/Katarinem\"],\"url\":\"https:\/\/swimchannel.net\/br\/author\/katarine-monteiro\/\"}]}<\/script>\n<!-- \/ Yoast SEO plugin. -->","yoast_head_json":{"title":"Pi\u00e9r a P\u00eder ser\u00e1 neste s\u00e1bado em Ilhabela - Swimchannel","robots":{"index":"index","follow":"follow","max-snippet":"max-snippet:-1","max-image-preview":"max-image-preview:large","max-video-preview":"max-video-preview:-1"},"canonical":"https:\/\/swimchannel.net\/br\/pier-a-pier-sera-neste-sabado-em-ilhabela\/","og_locale":"pt_BR","og_type":"article","og_title":"Pi\u00e9r a P\u00eder ser\u00e1 neste s\u00e1bado em Ilhabela - Swimchannel","og_description":"No pr\u00f3ximo s\u00e1bado, 26 de outubro, Ilhabela ser\u00e1 palco de mais uma competi\u00e7\u00e3o de \u00e1guas abertas da regi\u00e3o: a P\u00eder a P\u00eder (Pier to Pier). O evento, organizado pela Prefeitura Municipal de Ilhabela, promete desafiar nadadores de todos os n\u00edveis e de v\u00e1rias categorias. Foram oferecidas 200 vagas e todas j\u00e1 foram preenchidas. Com in\u00edcio [&hellip;]","og_url":"https:\/\/swimchannel.net\/br\/pier-a-pier-sera-neste-sabado-em-ilhabela\/","og_site_name":"Swimchannel","article_publisher":"https:\/\/www.facebook.com\/swimchannel","article_published_time":"2024-10-24T21:39:36+00:00","og_image":[{"width":2000,"height":1500,"url":"https:\/\/swimchannel.net\/br\/wp-content\/uploads\/2016\/04\/GOPR1724.jpg","type":"image\/jpeg"}],"author":"Katarine Monteiro","twitter_card":"summary_large_image","twitter_creator":"@https:\/\/twitter.com\/Katarinem","twitter_misc":{"Escrito por":"Katarine Monteiro","Est. tempo de leitura":"1 minuto"},"schema":{"@context":"https:\/\/schema.org","@graph":[{"@type":"Article","@id":"https:\/\/swimchannel.net\/br\/pier-a-pier-sera-neste-sabado-em-ilhabela\/#article","isPartOf":{"@id":"https:\/\/swimchannel.net\/br\/pier-a-pier-sera-neste-sabado-em-ilhabela\/"},"author":{"name":"Katarine Monteiro","@id":"https:\/\/swimchannel.net\/br\/#\/schema\/person\/73ae9cec62249968bca1f0a8098ef002"},"headline":"Pi\u00e9r a P\u00eder ser\u00e1 neste s\u00e1bado em Ilhabela","datePublished":"2024-10-24T21:39:36+00:00","mainEntityOfPage":{"@id":"https:\/\/swimchannel.net\/br\/pier-a-pier-sera-neste-sabado-em-ilhabela\/"},"wordCount":157,"commentCount":0,"publisher":{"@id":"https:\/\/swimchannel.net\/br\/#organization"},"image":{"@id":"https:\/\/swimchannel.net\/br\/pier-a-pier-sera-neste-sabado-em-ilhabela\/#primaryimage"},"thumbnailUrl":"https:\/\/swimchannel.net\/br\/wp-content\/uploads\/2016\/04\/GOPR1724.jpg","keywords":["\u00c1guas abertas","Ilhabela","natacao","Pier a Pier","Pier to Pier"],"articleSection":["\u00c1guas Abertas"],"inLanguage":"pt-BR","potentialAction":[{"@type":"CommentAction","name":"Comment","target":["https:\/\/swimchannel.net\/br\/pier-a-pier-sera-neste-sabado-em-ilhabela\/#respond"]}]},{"@type":"WebPage","@id":"https:\/\/swimchannel.net\/br\/pier-a-pier-sera-neste-sabado-em-ilhabela\/","url":"https:\/\/swimchannel.net\/br\/pier-a-pier-sera-neste-sabado-em-ilhabela\/","name":"Pi\u00e9r a P\u00eder ser\u00e1 neste s\u00e1bado em Ilhabela - Swimchannel","isPartOf":{"@id":"https:\/\/swimchannel.net\/br\/#website"},"primaryImageOfPage":{"@id":"https:\/\/swimchannel.net\/br\/pier-a-pier-sera-neste-sabado-em-ilhabela\/#primaryimage"},"image":{"@id":"https:\/\/swimchannel.net\/br\/pier-a-pier-sera-neste-sabado-em-ilhabela\/#primaryimage"},"thumbnailUrl":"https:\/\/swimchannel.net\/br\/wp-content\/uploads\/2016\/04\/GOPR1724.jpg","datePublished":"2024-10-24T21:39:36+00:00","breadcrumb":{"@id":"https:\/\/swimchannel.net\/br\/pier-a-pier-sera-neste-sabado-em-ilhabela\/#breadcrumb"},"inLanguage":"pt-BR","potentialAction":[{"@type":"ReadAction","target":["https:\/\/swimchannel.net\/br\/pier-a-pier-sera-neste-sabado-em-ilhabela\/"]}]},{"@type":"ImageObject","inLanguage":"pt-BR","@id":"https:\/\/swimchannel.net\/br\/pier-a-pier-sera-neste-sabado-em-ilhabela\/#primaryimage","url":"https:\/\/swimchannel.net\/br\/wp-content\/uploads\/2016\/04\/GOPR1724.jpg","contentUrl":"https:\/\/swimchannel.net\/br\/wp-content\/uploads\/2016\/04\/GOPR1724.jpg","width":2000,"height":1500,"caption":"Vista da Praia do Perequ\u00ea - Foto: Reprodu\u00e7\u00e3o"},{"@type":"BreadcrumbList","@id":"https:\/\/swimchannel.net\/br\/pier-a-pier-sera-neste-sabado-em-ilhabela\/#breadcrumb","itemListElement":[{"@type":"ListItem","position":1,"name":"Home","item":"https:\/\/swimchannel.net\/br\/"},{"@type":"ListItem","position":2,"name":"Pi\u00e9r a P\u00eder ser\u00e1 neste s\u00e1bado em Ilhabela"}]},{"@type":"WebSite","@id":"https:\/\/swimchannel.net\/br\/#website","url":"https:\/\/swimchannel.net\/br\/","name":"Swimchannel","description":"Maior portal de nata\u00e7\u00e3o da america latina","publisher":{"@id":"https:\/\/swimchannel.net\/br\/#organization"},"potentialAction":[{"@type":"SearchAction","target":{"@type":"EntryPoint","urlTemplate":"https:\/\/swimchannel.net\/br\/?s={search_term_string}"},"query-input":{"@type":"PropertyValueSpecification","valueRequired":true,"valueName":"search_term_string"}}],"inLanguage":"pt-BR"},{"@type":"Organization","@id":"https:\/\/swimchannel.net\/br\/#organization","name":"Swimchannel - Conectando voc\u00ea a Nata\u00e7\u00e3o","url":"https:\/\/swimchannel.net\/br\/","logo":{"@type":"ImageObject","inLanguage":"pt-BR","@id":"https:\/\/swimchannel.net\/br\/#\/schema\/logo\/image\/","url":"https:\/\/swimchannel.net\/br\/wp-content\/uploads\/2026\/02\/SWIM-CHANNEL.png","contentUrl":"https:\/\/swimchannel.net\/br\/wp-content\/uploads\/2026\/02\/SWIM-CHANNEL.png","width":1120,"height":630,"caption":"Swimchannel - Conectando voc\u00ea a Nata\u00e7\u00e3o"},"image":{"@id":"https:\/\/swimchannel.net\/br\/#\/schema\/logo\/image\/"},"sameAs":["https:\/\/www.facebook.com\/swimchannel","https:\/\/www.instagram.com\/swimchannel"]},{"@type":"Person","@id":"https:\/\/swimchannel.net\/br\/#\/schema\/person\/73ae9cec62249968bca1f0a8098ef002","name":"Katarine Monteiro","image":{"@type":"ImageObject","inLanguage":"pt-BR","@id":"https:\/\/swimchannel.net\/br\/#\/schema\/person\/image\/","url":"https:\/\/swimchannel.net\/br\/wp-content\/uploads\/2022\/01\/Katarine-Monteiro-100x100.jpg","contentUrl":"https:\/\/swimchannel.net\/br\/wp-content\/uploads\/2022\/01\/Katarine-Monteiro-100x100.jpg","caption":"Katarine Monteiro"},"description":"Jornalista SWIM CHANNEL especializada em esportes ol\u00edmpicos e em sa\u00fade. Com cobertura de grandes eventos internacionais, como Jogos Ol\u00edmpicos Rio 2016, Jogos Pan-Americanos em Lima 2019, Qatar Total Open 2020, Qatar ExxonMobil Open 2019 - t\u00eanis em Doha (QT), Semana Internacional de Vela de Ilhabela, Transat Jacques Vabre 2019 (Fran\u00e7a-Brasil), L'\u00c9tape Brasil by Tour de France, j\u00e1 fez in\u00fameras coberturas de nata\u00e7\u00e3o, maratona aqu\u00e1tica e polo aqu\u00e1tico. Formada tamb\u00e9m em Letras, a jornalista atua como assessora de imprensa, rela\u00e7\u00f5es p\u00fablicas e social media, com especializa\u00e7\u00e3o em marketing esportivo. Nadadora amadora de \u00e1guas abertas, j\u00e1 trabalhou com grandes nomes da nata\u00e7\u00e3o e do polo aqu\u00e1tico brasileiro.","sameAs":["https:\/\/www.instagram.com\/_katarinemonteiro\/","https:\/\/www.linkedin.com\/in\/katarine-monteiro-19385297\/","https:\/\/x.com\/https:\/\/twitter.com\/Katarinem"],"url":"https:\/\/swimchannel.net\/br\/author\/katarine-monteiro\/"}]}},"_links":{"self":[{"href":"https:\/\/swimchannel.net\/br\/wp-json\/wp\/v2\/posts\/69885","targetHints":{"allow":["GET"]}}],"collection":[{"href":"https:\/\/swimchannel.net\/br\/wp-json\/wp\/v2\/posts"}],"about":[{"href":"https:\/\/swimchannel.net\/br\/wp-json\/wp\/v2\/types\/post"}],"author":[{"embeddable":true,"href":"https:\/\/swimchannel.net\/br\/wp-json\/wp\/v2\/users\/9"}],"replies":[{"embeddable":true,"href":"https:\/\/swimchannel.net\/br\/wp-json\/wp\/v2\/comments?post=69885"}],"version-history":[{"count":2,"href":"https:\/\/swimchannel.net\/br\/wp-json\/wp\/v2\/posts\/69885\/revisions"}],"predecessor-version":[{"id":69900,"href":"https:\/\/swimchannel.net\/br\/wp-json\/wp\/v2\/posts\/69885\/revisions\/69900"}],"wp:featuredmedia":[{"embeddable":true,"href":"https:\/\/swimchannel.net\/br\/wp-json\/wp\/v2\/media\/1030"}],"wp:attachment":[{"href":"https:\/\/swimchannel.net\/br\/wp-json\/wp\/v2\/media?parent=69885"}],"wp:term":[{"taxonomy":"category","embeddable":true,"href":"https:\/\/swimchannel.net\/br\/wp-json\/wp\/v2\/categories?post=69885"},{"taxonomy":"post_tag","embeddable":true,"href":"https:\/\/swimchannel.net\/br\/wp-json\/wp\/v2\/tags?post=69885"}],"curies":[{"name":"wp","href":"https:\/\/api.w.org\/{rel}","templated":true}]}}