{"id":70284,"date":"2024-11-25T08:40:36","date_gmt":"2024-11-25T11:40:36","guid":{"rendered":"https:\/\/swimchannel.net\/br\/?p=70284"},"modified":"2024-11-25T08:40:36","modified_gmt":"2024-11-25T11:40:36","slug":"tabela-atualizada-recordes-brasileiros-de-jardas-ate-23-de-novembro","status":"publish","type":"post","link":"https:\/\/swimchannel.net\/br\/tabela-atualizada-recordes-brasileiros-de-jardas-ate-23-de-novembro\/","title":{"rendered":"Tabela atualizada: Recordes brasileiros de jardas at\u00e9 23 de novembro"},"content":{"rendered":"<p>Sete novos recordes, tr\u00eas no masculino, quatro no feminino, temporada universit\u00e1ria americana com os brasileiros nadando muito bem. Sete novos recordes brasileiros em jardas batidos at\u00e9 ontem, 23 de Novembro. Confira a tabela atualizada:<\/p>\n<p><img loading=\"lazy\" decoding=\"async\" class=\"alignnone size-full wp-image-70285\" src=\"https:\/\/swimchannel.net\/br\/wp-content\/uploads\/2024\/11\/sfbfbfbf.jpg\" alt=\"\" width=\"815\" height=\"630\" srcset=\"https:\/\/swimchannel.net\/br\/wp-content\/uploads\/2024\/11\/sfbfbfbf.jpg 815w, https:\/\/swimchannel.net\/br\/wp-content\/uploads\/2024\/11\/sfbfbfbf-233x180.jpg 233w, https:\/\/swimchannel.net\/br\/wp-content\/uploads\/2024\/11\/sfbfbfbf-768x594.jpg 768w, https:\/\/swimchannel.net\/br\/wp-content\/uploads\/2024\/11\/sfbfbfbf-750x580.jpg 750w\" sizes=\"auto, (max-width: 815px) 100vw, 815px\" \/><\/p>\n<p><img loading=\"lazy\" decoding=\"async\" class=\"alignnone size-full wp-image-70286\" src=\"https:\/\/swimchannel.net\/br\/wp-content\/uploads\/2024\/11\/sfbfbfbf-1.jpg\" alt=\"\" width=\"821\" height=\"630\" srcset=\"https:\/\/swimchannel.net\/br\/wp-content\/uploads\/2024\/11\/sfbfbfbf-1.jpg 821w, https:\/\/swimchannel.net\/br\/wp-content\/uploads\/2024\/11\/sfbfbfbf-1-235x180.jpg 235w, https:\/\/swimchannel.net\/br\/wp-content\/uploads\/2024\/11\/sfbfbfbf-1-768x589.jpg 768w, https:\/\/swimchannel.net\/br\/wp-content\/uploads\/2024\/11\/sfbfbfbf-1-750x576.jpg 750w\" sizes=\"auto, (max-width: 821px) 100vw, 821px\" \/><\/p>\n","protected":false},"excerpt":{"rendered":"<p>Sete novos recordes, tr\u00eas no masculino, quatro no feminino, temporada universit\u00e1ria americana com os brasileiros nadando muito bem. Sete novos recordes brasileiros em jardas batidos at\u00e9 ontem, 23 de Novembro. Confira a tabela atualizada:<\/p>\n","protected":false},"author":12,"featured_media":70287,"comment_status":"open","ping_status":"open","sticky":false,"template":"","format":"standard","meta":{"footnotes":""},"categories":[137,2576],"tags":[5],"class_list":["post-70284","post","type-post","status-publish","format-standard","has-post-thumbnail","hentry","category-natacao","category-ultimas-noticias","tag-natacao"],"yoast_head":"<!-- This site is optimized with the Yoast SEO plugin v27.0 - https:\/\/yoast.com\/product\/yoast-seo-wordpress\/ -->\n<title>Tabela atualizada: Recordes brasileiros de jardas at\u00e9 23 de novembro - Swimchannel<\/title>\n<meta name=\"robots\" content=\"index, follow, max-snippet:-1, max-image-preview:large, max-video-preview:-1\" \/>\n<link rel=\"canonical\" href=\"https:\/\/swimchannel.net\/br\/tabela-atualizada-recordes-brasileiros-de-jardas-ate-23-de-novembro\/\" \/>\n<meta property=\"og:locale\" content=\"pt_BR\" \/>\n<meta property=\"og:type\" content=\"article\" \/>\n<meta property=\"og:title\" content=\"Tabela atualizada: Recordes brasileiros de jardas at\u00e9 23 de novembro - Swimchannel\" \/>\n<meta property=\"og:description\" content=\"Sete novos recordes, tr\u00eas no masculino, quatro no feminino, temporada universit\u00e1ria americana com os brasileiros nadando muito bem. Sete novos recordes brasileiros em jardas batidos at\u00e9 ontem, 23 de Novembro. Confira a tabela atualizada:\" \/>\n<meta property=\"og:url\" content=\"https:\/\/swimchannel.net\/br\/tabela-atualizada-recordes-brasileiros-de-jardas-ate-23-de-novembro\/\" \/>\n<meta property=\"og:site_name\" content=\"Swimchannel\" \/>\n<meta property=\"article:publisher\" content=\"https:\/\/www.facebook.com\/swimchannel\" \/>\n<meta property=\"article:published_time\" content=\"2024-11-25T11:40:36+00:00\" \/>\n<meta property=\"og:image\" content=\"https:\/\/swimchannel.net\/br\/wp-content\/uploads\/2024\/11\/A71Q1698-960x640-1.jpg\" \/>\n\t<meta property=\"og:image:width\" content=\"945\" \/>\n\t<meta property=\"og:image:height\" content=\"630\" \/>\n\t<meta property=\"og:image:type\" content=\"image\/jpeg\" \/>\n<meta name=\"author\" content=\"Alex Pussieldi\" \/>\n<meta name=\"twitter:card\" content=\"summary_large_image\" \/>\n<meta name=\"twitter:label1\" content=\"Escrito por\" \/>\n\t<meta name=\"twitter:data1\" content=\"Alex Pussieldi\" \/>\n<script type=\"application\/ld+json\" class=\"yoast-schema-graph\">{\"@context\":\"https:\/\/schema.org\",\"@graph\":[{\"@type\":\"Article\",\"@id\":\"https:\/\/swimchannel.net\/br\/tabela-atualizada-recordes-brasileiros-de-jardas-ate-23-de-novembro\/#article\",\"isPartOf\":{\"@id\":\"https:\/\/swimchannel.net\/br\/tabela-atualizada-recordes-brasileiros-de-jardas-ate-23-de-novembro\/\"},\"author\":{\"name\":\"Alex Pussieldi\",\"@id\":\"https:\/\/swimchannel.net\/br\/#\/schema\/person\/cf549cb99cf75592fcf7c76213385e63\"},\"headline\":\"Tabela atualizada: Recordes brasileiros de jardas at\u00e9 23 de novembro\",\"datePublished\":\"2024-11-25T11:40:36+00:00\",\"mainEntityOfPage\":{\"@id\":\"https:\/\/swimchannel.net\/br\/tabela-atualizada-recordes-brasileiros-de-jardas-ate-23-de-novembro\/\"},\"wordCount\":44,\"commentCount\":0,\"publisher\":{\"@id\":\"https:\/\/swimchannel.net\/br\/#organization\"},\"image\":{\"@id\":\"https:\/\/swimchannel.net\/br\/tabela-atualizada-recordes-brasileiros-de-jardas-ate-23-de-novembro\/#primaryimage\"},\"thumbnailUrl\":\"https:\/\/swimchannel.net\/br\/wp-content\/uploads\/2024\/11\/A71Q1698-960x640-1.jpg\",\"keywords\":[\"natacao\"],\"articleSection\":[\"Nata\u00e7\u00e3o\",\"\u00daltimas Not\u00edcias\"],\"inLanguage\":\"pt-BR\",\"potentialAction\":[{\"@type\":\"CommentAction\",\"name\":\"Comment\",\"target\":[\"https:\/\/swimchannel.net\/br\/tabela-atualizada-recordes-brasileiros-de-jardas-ate-23-de-novembro\/#respond\"]}]},{\"@type\":\"WebPage\",\"@id\":\"https:\/\/swimchannel.net\/br\/tabela-atualizada-recordes-brasileiros-de-jardas-ate-23-de-novembro\/\",\"url\":\"https:\/\/swimchannel.net\/br\/tabela-atualizada-recordes-brasileiros-de-jardas-ate-23-de-novembro\/\",\"name\":\"Tabela atualizada: Recordes brasileiros de jardas at\u00e9 23 de novembro - Swimchannel\",\"isPartOf\":{\"@id\":\"https:\/\/swimchannel.net\/br\/#website\"},\"primaryImageOfPage\":{\"@id\":\"https:\/\/swimchannel.net\/br\/tabela-atualizada-recordes-brasileiros-de-jardas-ate-23-de-novembro\/#primaryimage\"},\"image\":{\"@id\":\"https:\/\/swimchannel.net\/br\/tabela-atualizada-recordes-brasileiros-de-jardas-ate-23-de-novembro\/#primaryimage\"},\"thumbnailUrl\":\"https:\/\/swimchannel.net\/br\/wp-content\/uploads\/2024\/11\/A71Q1698-960x640-1.jpg\",\"datePublished\":\"2024-11-25T11:40:36+00:00\",\"breadcrumb\":{\"@id\":\"https:\/\/swimchannel.net\/br\/tabela-atualizada-recordes-brasileiros-de-jardas-ate-23-de-novembro\/#breadcrumb\"},\"inLanguage\":\"pt-BR\",\"potentialAction\":[{\"@type\":\"ReadAction\",\"target\":[\"https:\/\/swimchannel.net\/br\/tabela-atualizada-recordes-brasileiros-de-jardas-ate-23-de-novembro\/\"]}]},{\"@type\":\"ImageObject\",\"inLanguage\":\"pt-BR\",\"@id\":\"https:\/\/swimchannel.net\/br\/tabela-atualizada-recordes-brasileiros-de-jardas-ate-23-de-novembro\/#primaryimage\",\"url\":\"https:\/\/swimchannel.net\/br\/wp-content\/uploads\/2024\/11\/A71Q1698-960x640-1.jpg\",\"contentUrl\":\"https:\/\/swimchannel.net\/br\/wp-content\/uploads\/2024\/11\/A71Q1698-960x640-1.jpg\",\"width\":945,\"height\":630},{\"@type\":\"BreadcrumbList\",\"@id\":\"https:\/\/swimchannel.net\/br\/tabela-atualizada-recordes-brasileiros-de-jardas-ate-23-de-novembro\/#breadcrumb\",\"itemListElement\":[{\"@type\":\"ListItem\",\"position\":1,\"name\":\"Home\",\"item\":\"https:\/\/swimchannel.net\/br\/\"},{\"@type\":\"ListItem\",\"position\":2,\"name\":\"Tabela atualizada: Recordes brasileiros de jardas at\u00e9 23 de novembro\"}]},{\"@type\":\"WebSite\",\"@id\":\"https:\/\/swimchannel.net\/br\/#website\",\"url\":\"https:\/\/swimchannel.net\/br\/\",\"name\":\"Swimchannel\",\"description\":\"Maior portal de nata\u00e7\u00e3o da america latina\",\"publisher\":{\"@id\":\"https:\/\/swimchannel.net\/br\/#organization\"},\"potentialAction\":[{\"@type\":\"SearchAction\",\"target\":{\"@type\":\"EntryPoint\",\"urlTemplate\":\"https:\/\/swimchannel.net\/br\/?s={search_term_string}\"},\"query-input\":{\"@type\":\"PropertyValueSpecification\",\"valueRequired\":true,\"valueName\":\"search_term_string\"}}],\"inLanguage\":\"pt-BR\"},{\"@type\":\"Organization\",\"@id\":\"https:\/\/swimchannel.net\/br\/#organization\",\"name\":\"Swimchannel - Conectando voc\u00ea a Nata\u00e7\u00e3o\",\"url\":\"https:\/\/swimchannel.net\/br\/\",\"logo\":{\"@type\":\"ImageObject\",\"inLanguage\":\"pt-BR\",\"@id\":\"https:\/\/swimchannel.net\/br\/#\/schema\/logo\/image\/\",\"url\":\"https:\/\/swimchannel.net\/br\/wp-content\/uploads\/2026\/02\/SWIM-CHANNEL.png\",\"contentUrl\":\"https:\/\/swimchannel.net\/br\/wp-content\/uploads\/2026\/02\/SWIM-CHANNEL.png\",\"width\":1120,\"height\":630,\"caption\":\"Swimchannel - Conectando voc\u00ea a Nata\u00e7\u00e3o\"},\"image\":{\"@id\":\"https:\/\/swimchannel.net\/br\/#\/schema\/logo\/image\/\"},\"sameAs\":[\"https:\/\/www.facebook.com\/swimchannel\",\"https:\/\/www.instagram.com\/swimchannel\"]},{\"@type\":\"Person\",\"@id\":\"https:\/\/swimchannel.net\/br\/#\/schema\/person\/cf549cb99cf75592fcf7c76213385e63\",\"name\":\"Alex Pussieldi\",\"image\":{\"@type\":\"ImageObject\",\"inLanguage\":\"pt-BR\",\"@id\":\"https:\/\/swimchannel.net\/br\/#\/schema\/person\/image\/\",\"url\":\"https:\/\/swimchannel.net\/br\/wp-content\/uploads\/2021\/02\/9b1c252d-a4bd-4eda-b399-24565cac4114-100x100.jpg\",\"contentUrl\":\"https:\/\/swimchannel.net\/br\/wp-content\/uploads\/2021\/02\/9b1c252d-a4bd-4eda-b399-24565cac4114-100x100.jpg\",\"caption\":\"Alex Pussieldi\"},\"description\":\"Alexandre Pussieldi, apelidado de \u201ccoach\u201d, Foi t\u00e9cnico da sele\u00e7\u00e3o verde e amarela nas Olimp\u00edadas de Pequim-2008 e Londres-2012. O treinador ainda comandou outros quatro pa\u00edses: Kuwait, Paraguai, Aruba e Antilhas Holandesas, al\u00e9m da sele\u00e7\u00e3o americana de \u00e1guas abertas. Pussieldi tem passagens como comentarista de nata\u00e7\u00e3o do Grupo Globo e Swim Channel.\",\"url\":\"https:\/\/swimchannel.net\/br\/author\/alexpussieldi\/\"}]}<\/script>\n<!-- \/ Yoast SEO plugin. -->","yoast_head_json":{"title":"Tabela atualizada: Recordes brasileiros de jardas at\u00e9 23 de novembro - Swimchannel","robots":{"index":"index","follow":"follow","max-snippet":"max-snippet:-1","max-image-preview":"max-image-preview:large","max-video-preview":"max-video-preview:-1"},"canonical":"https:\/\/swimchannel.net\/br\/tabela-atualizada-recordes-brasileiros-de-jardas-ate-23-de-novembro\/","og_locale":"pt_BR","og_type":"article","og_title":"Tabela atualizada: Recordes brasileiros de jardas at\u00e9 23 de novembro - Swimchannel","og_description":"Sete novos recordes, tr\u00eas no masculino, quatro no feminino, temporada universit\u00e1ria americana com os brasileiros nadando muito bem. Sete novos recordes brasileiros em jardas batidos at\u00e9 ontem, 23 de Novembro. Confira a tabela atualizada:","og_url":"https:\/\/swimchannel.net\/br\/tabela-atualizada-recordes-brasileiros-de-jardas-ate-23-de-novembro\/","og_site_name":"Swimchannel","article_publisher":"https:\/\/www.facebook.com\/swimchannel","article_published_time":"2024-11-25T11:40:36+00:00","og_image":[{"width":945,"height":630,"url":"https:\/\/swimchannel.net\/br\/wp-content\/uploads\/2024\/11\/A71Q1698-960x640-1.jpg","type":"image\/jpeg"}],"author":"Alex Pussieldi","twitter_card":"summary_large_image","twitter_misc":{"Escrito por":"Alex Pussieldi"},"schema":{"@context":"https:\/\/schema.org","@graph":[{"@type":"Article","@id":"https:\/\/swimchannel.net\/br\/tabela-atualizada-recordes-brasileiros-de-jardas-ate-23-de-novembro\/#article","isPartOf":{"@id":"https:\/\/swimchannel.net\/br\/tabela-atualizada-recordes-brasileiros-de-jardas-ate-23-de-novembro\/"},"author":{"name":"Alex Pussieldi","@id":"https:\/\/swimchannel.net\/br\/#\/schema\/person\/cf549cb99cf75592fcf7c76213385e63"},"headline":"Tabela atualizada: Recordes brasileiros de jardas at\u00e9 23 de novembro","datePublished":"2024-11-25T11:40:36+00:00","mainEntityOfPage":{"@id":"https:\/\/swimchannel.net\/br\/tabela-atualizada-recordes-brasileiros-de-jardas-ate-23-de-novembro\/"},"wordCount":44,"commentCount":0,"publisher":{"@id":"https:\/\/swimchannel.net\/br\/#organization"},"image":{"@id":"https:\/\/swimchannel.net\/br\/tabela-atualizada-recordes-brasileiros-de-jardas-ate-23-de-novembro\/#primaryimage"},"thumbnailUrl":"https:\/\/swimchannel.net\/br\/wp-content\/uploads\/2024\/11\/A71Q1698-960x640-1.jpg","keywords":["natacao"],"articleSection":["Nata\u00e7\u00e3o","\u00daltimas Not\u00edcias"],"inLanguage":"pt-BR","potentialAction":[{"@type":"CommentAction","name":"Comment","target":["https:\/\/swimchannel.net\/br\/tabela-atualizada-recordes-brasileiros-de-jardas-ate-23-de-novembro\/#respond"]}]},{"@type":"WebPage","@id":"https:\/\/swimchannel.net\/br\/tabela-atualizada-recordes-brasileiros-de-jardas-ate-23-de-novembro\/","url":"https:\/\/swimchannel.net\/br\/tabela-atualizada-recordes-brasileiros-de-jardas-ate-23-de-novembro\/","name":"Tabela atualizada: Recordes brasileiros de jardas at\u00e9 23 de novembro - Swimchannel","isPartOf":{"@id":"https:\/\/swimchannel.net\/br\/#website"},"primaryImageOfPage":{"@id":"https:\/\/swimchannel.net\/br\/tabela-atualizada-recordes-brasileiros-de-jardas-ate-23-de-novembro\/#primaryimage"},"image":{"@id":"https:\/\/swimchannel.net\/br\/tabela-atualizada-recordes-brasileiros-de-jardas-ate-23-de-novembro\/#primaryimage"},"thumbnailUrl":"https:\/\/swimchannel.net\/br\/wp-content\/uploads\/2024\/11\/A71Q1698-960x640-1.jpg","datePublished":"2024-11-25T11:40:36+00:00","breadcrumb":{"@id":"https:\/\/swimchannel.net\/br\/tabela-atualizada-recordes-brasileiros-de-jardas-ate-23-de-novembro\/#breadcrumb"},"inLanguage":"pt-BR","potentialAction":[{"@type":"ReadAction","target":["https:\/\/swimchannel.net\/br\/tabela-atualizada-recordes-brasileiros-de-jardas-ate-23-de-novembro\/"]}]},{"@type":"ImageObject","inLanguage":"pt-BR","@id":"https:\/\/swimchannel.net\/br\/tabela-atualizada-recordes-brasileiros-de-jardas-ate-23-de-novembro\/#primaryimage","url":"https:\/\/swimchannel.net\/br\/wp-content\/uploads\/2024\/11\/A71Q1698-960x640-1.jpg","contentUrl":"https:\/\/swimchannel.net\/br\/wp-content\/uploads\/2024\/11\/A71Q1698-960x640-1.jpg","width":945,"height":630},{"@type":"BreadcrumbList","@id":"https:\/\/swimchannel.net\/br\/tabela-atualizada-recordes-brasileiros-de-jardas-ate-23-de-novembro\/#breadcrumb","itemListElement":[{"@type":"ListItem","position":1,"name":"Home","item":"https:\/\/swimchannel.net\/br\/"},{"@type":"ListItem","position":2,"name":"Tabela atualizada: Recordes brasileiros de jardas at\u00e9 23 de novembro"}]},{"@type":"WebSite","@id":"https:\/\/swimchannel.net\/br\/#website","url":"https:\/\/swimchannel.net\/br\/","name":"Swimchannel","description":"Maior portal de nata\u00e7\u00e3o da america latina","publisher":{"@id":"https:\/\/swimchannel.net\/br\/#organization"},"potentialAction":[{"@type":"SearchAction","target":{"@type":"EntryPoint","urlTemplate":"https:\/\/swimchannel.net\/br\/?s={search_term_string}"},"query-input":{"@type":"PropertyValueSpecification","valueRequired":true,"valueName":"search_term_string"}}],"inLanguage":"pt-BR"},{"@type":"Organization","@id":"https:\/\/swimchannel.net\/br\/#organization","name":"Swimchannel - Conectando voc\u00ea a Nata\u00e7\u00e3o","url":"https:\/\/swimchannel.net\/br\/","logo":{"@type":"ImageObject","inLanguage":"pt-BR","@id":"https:\/\/swimchannel.net\/br\/#\/schema\/logo\/image\/","url":"https:\/\/swimchannel.net\/br\/wp-content\/uploads\/2026\/02\/SWIM-CHANNEL.png","contentUrl":"https:\/\/swimchannel.net\/br\/wp-content\/uploads\/2026\/02\/SWIM-CHANNEL.png","width":1120,"height":630,"caption":"Swimchannel - Conectando voc\u00ea a Nata\u00e7\u00e3o"},"image":{"@id":"https:\/\/swimchannel.net\/br\/#\/schema\/logo\/image\/"},"sameAs":["https:\/\/www.facebook.com\/swimchannel","https:\/\/www.instagram.com\/swimchannel"]},{"@type":"Person","@id":"https:\/\/swimchannel.net\/br\/#\/schema\/person\/cf549cb99cf75592fcf7c76213385e63","name":"Alex Pussieldi","image":{"@type":"ImageObject","inLanguage":"pt-BR","@id":"https:\/\/swimchannel.net\/br\/#\/schema\/person\/image\/","url":"https:\/\/swimchannel.net\/br\/wp-content\/uploads\/2021\/02\/9b1c252d-a4bd-4eda-b399-24565cac4114-100x100.jpg","contentUrl":"https:\/\/swimchannel.net\/br\/wp-content\/uploads\/2021\/02\/9b1c252d-a4bd-4eda-b399-24565cac4114-100x100.jpg","caption":"Alex Pussieldi"},"description":"Alexandre Pussieldi, apelidado de \u201ccoach\u201d, Foi t\u00e9cnico da sele\u00e7\u00e3o verde e amarela nas Olimp\u00edadas de Pequim-2008 e Londres-2012. O treinador ainda comandou outros quatro pa\u00edses: Kuwait, Paraguai, Aruba e Antilhas Holandesas, al\u00e9m da sele\u00e7\u00e3o americana de \u00e1guas abertas. Pussieldi tem passagens como comentarista de nata\u00e7\u00e3o do Grupo Globo e Swim Channel.","url":"https:\/\/swimchannel.net\/br\/author\/alexpussieldi\/"}]}},"_links":{"self":[{"href":"https:\/\/swimchannel.net\/br\/wp-json\/wp\/v2\/posts\/70284","targetHints":{"allow":["GET"]}}],"collection":[{"href":"https:\/\/swimchannel.net\/br\/wp-json\/wp\/v2\/posts"}],"about":[{"href":"https:\/\/swimchannel.net\/br\/wp-json\/wp\/v2\/types\/post"}],"author":[{"embeddable":true,"href":"https:\/\/swimchannel.net\/br\/wp-json\/wp\/v2\/users\/12"}],"replies":[{"embeddable":true,"href":"https:\/\/swimchannel.net\/br\/wp-json\/wp\/v2\/comments?post=70284"}],"version-history":[{"count":1,"href":"https:\/\/swimchannel.net\/br\/wp-json\/wp\/v2\/posts\/70284\/revisions"}],"predecessor-version":[{"id":70288,"href":"https:\/\/swimchannel.net\/br\/wp-json\/wp\/v2\/posts\/70284\/revisions\/70288"}],"wp:featuredmedia":[{"embeddable":true,"href":"https:\/\/swimchannel.net\/br\/wp-json\/wp\/v2\/media\/70287"}],"wp:attachment":[{"href":"https:\/\/swimchannel.net\/br\/wp-json\/wp\/v2\/media?parent=70284"}],"wp:term":[{"taxonomy":"category","embeddable":true,"href":"https:\/\/swimchannel.net\/br\/wp-json\/wp\/v2\/categories?post=70284"},{"taxonomy":"post_tag","embeddable":true,"href":"https:\/\/swimchannel.net\/br\/wp-json\/wp\/v2\/tags?post=70284"}],"curies":[{"name":"wp","href":"https:\/\/api.w.org\/{rel}","templated":true}]}}