{"id":70380,"date":"2024-12-02T17:36:03","date_gmt":"2024-12-02T20:36:03","guid":{"rendered":"https:\/\/swimchannel.net\/br\/?p=70380"},"modified":"2024-12-02T21:41:59","modified_gmt":"2024-12-03T00:41:59","slug":"editores-da-swim-channel-vencem-o-fuga-das-ilhas-2024","status":"publish","type":"post","link":"https:\/\/swimchannel.net\/br\/editores-da-swim-channel-vencem-o-fuga-das-ilhas-2024\/","title":{"rendered":"Editores da Swim Channel vencem o Fuga das Ilhas 2024"},"content":{"rendered":"<p><span style=\"font-weight: 400;\">No \u00faltimo domingo (01) a Barra do Sahy, em S\u00e3o Sebasti\u00e3o (SP) recebeu uma das provas mais tradicionais do pa\u00eds: a Fuga das Ilhas 2024. A prova de 1,5 km \u00e9 conhecida como a <\/span><span style=\"font-weight: 400;\">\u00a0&#8220;S\u00e3o Silvestre da Nata\u00e7\u00e3o&#8221; devido \u00e0 sua popularidade e por encerrar o calend\u00e1rio aqu\u00e1tico de muitos atletas.Com um percurso que varia entre 1.500m e 2.000m, o evento atrai nadadores de todos os n\u00edveis por sua proposta inovadora: os atletas partem do continente em escunas organizadas por baterias e s\u00e3o transportados at\u00e9 uma ilha, de onde devem nadar de volta ao continente.<\/span><\/p>\n<p><span style=\"font-weight: 400;\">O casal editor da<strong> SWIM CHANNEL<\/strong> <a href=\"https:\/\/www.instagram.com\/patrick_in_water\/\">Patrick Winkler<\/a> e <a href=\"https:\/\/www.instagram.com\/catgan_in_water\/\">Catarina Winkler<\/a> alcan\u00e7ou o topo do p\u00f3dio na edi\u00e7\u00e3o deste ano.<\/span><span style=\"font-weight: 400;\"> Com 3.700 atletas participantes, a competi\u00e7\u00e3o, consagrou os dois como campe\u00f5es gerais.\u00a0<\/span><span style=\"font-weight: 400;\">Patrick venceu a prova no geral masculino com o tempo de 24 minutos e 13 segundos, Gabriel Galuzzi foi o segundo melhor, com 24min53,\u00a0 e Guilherme Toledo o terceiro. Joir Vicente foi o quarto\u00a0 e\u00a0 Gabriel Annunciato o quinto, completando o p\u00f3dio geral.\u00a0<\/span><\/p>\n<p><span style=\"font-weight: 400;\">No feminino, Catarina Winkler venceu com 26min36, seguida por Talitha Adde (27min19) em segundo e Sophia Rodrigues (28min40) em terceiro.\u00a0<\/span><\/p>\n<p>Veja os resultados completos aqui: <a href=\"https:\/\/www.circuitoaqua.com.br\/fuga-das-ilhas\/\">https:\/\/www.circuitoaqua.com.br\/fuga-das-ilhas\/<\/a><\/p>\n<figure id=\"attachment_70426\" aria-describedby=\"caption-attachment-70426\" style=\"width: 533px\" class=\"wp-caption alignnone\"><img loading=\"lazy\" decoding=\"async\" class=\"size-large wp-image-70426\" src=\"https:\/\/swimchannel.net\/br\/wp-content\/uploads\/2024\/12\/patrick-533x800.jpg\" alt=\"\" width=\"533\" height=\"800\" srcset=\"https:\/\/swimchannel.net\/br\/wp-content\/uploads\/2024\/12\/patrick-533x800.jpg 533w, https:\/\/swimchannel.net\/br\/wp-content\/uploads\/2024\/12\/patrick-450x675.jpg 450w, https:\/\/swimchannel.net\/br\/wp-content\/uploads\/2024\/12\/patrick-120x180.jpg 120w, https:\/\/swimchannel.net\/br\/wp-content\/uploads\/2024\/12\/patrick-768x1152.jpg 768w, https:\/\/swimchannel.net\/br\/wp-content\/uploads\/2024\/12\/patrick-750x1125.jpg 750w, https:\/\/swimchannel.net\/br\/wp-content\/uploads\/2024\/12\/patrick.jpg 853w\" sizes=\"auto, (max-width: 533px) 100vw, 533px\" \/><figcaption id=\"caption-attachment-70426\" class=\"wp-caption-text\">Patrick Winkler &#8211; Foto: Reprodu\u00e7\u00e3o<\/figcaption><\/figure>\n<p>&#8220;Foi um momento muito especial para mim e para minha fam\u00edlia&#8221;, declarou <a href=\"https:\/\/www.instagram.com\/patrick_in_water\/\">Patrick Winkler<\/a>, que ressaltou a dedica\u00e7\u00e3o intensa nos \u00faltimos tr\u00eas meses. &#8220;Vinha nadando muito bem, realizando s\u00e9ries incr\u00edveis e priorizando a nata\u00e7\u00e3o em rela\u00e7\u00e3o aos treinos de paddleboard. Esse esfor\u00e7o fez toda a diferen\u00e7a.&#8221;, comentou <a href=\"https:\/\/www.instagram.com\/patrick_in_water\/\">Patrick<\/a>.<\/p>\n<p><span style=\"font-weight: 400;\"><a href=\"https:\/\/www.instagram.com\/catgan_in_water\/\">Catarina Winkler<\/a>, por sua vez, destacou os apoios fundamentais em sua prepara\u00e7\u00e3o para a prova: &#8220;Obrigada @connectlifeubatuba pelos treinos de prepara\u00e7\u00e3o f\u00edsica, @smel_ubatubaoficial e @apanubatuba pelos treinos de nata\u00e7\u00e3o na nossa querida piscina municipal do Tub\u00e3o. Tamb\u00e9m agrade\u00e7o ao @trazamarmita pelas excelentes refei\u00e7\u00f5es e \u00e0 @speedo_msport pelo super \u00f3culos Falcon, que me ajuda tanto na navega\u00e7\u00e3o!&#8221;, comentou a nadadora e editora da Swim Channel.\u00a0<\/span><\/p>\n<p>A Fuga das Ilhas \u00e9 uma prova singular tanto pelo formato quanto pela intensidade do desafio, exigindo dos participantes n\u00e3o apenas resist\u00eancia f\u00edsica, mas tamb\u00e9m uma s\u00f3lida resili\u00eancia mental.<\/p>\n<p>Reconhecida por sua tradi\u00e7\u00e3o, a prova contou com o patrocinio da Samsung Galaxy, ourocard VISA, apoio da Speedo e da Prefeitura de S\u00e3o Sebasti\u00e3o. Al\u00e9m da Fuga das Ilhas, o Circuito Aqua inclui outro evento: a Volta do Parcel, realizada na Praia de Juquehy, em S\u00e3o Sebasti\u00e3o, no litoral norte de S\u00e3o Paulo.<\/p>\n<p>Veja mais sobre as provas realizadas este ano aqui:\u00a0<a href=\"https:\/\/www.circuitoaqua.com.br\/\">https:\/\/www.circuitoaqua.com.br\/<\/a><\/p>\n<p>Gostaria de receber todas as novidades sobre os festivais de \u00c1guas Abertas em seu e-mail?<\/p>\n<p><a href=\"https:\/\/lpa.nitro.news\/n-GNe\/ultimas-noticias-swim-channel\">Cadastre aqui<\/a><\/p>\n","protected":false},"excerpt":{"rendered":"<p>No \u00faltimo domingo (01) a Barra do Sahy, em S\u00e3o Sebasti\u00e3o (SP) recebeu uma das provas mais tradicionais do pa\u00eds: a Fuga das Ilhas 2024. A prova de 1,5 km \u00e9 conhecida como a \u00a0&#8220;S\u00e3o Silvestre da Nata\u00e7\u00e3o&#8221; devido \u00e0 sua popularidade e por encerrar o calend\u00e1rio aqu\u00e1tico de muitos atletas.Com um percurso que varia [&hellip;]<\/p>\n","protected":false},"author":9,"featured_media":70429,"comment_status":"open","ping_status":"open","sticky":false,"template":"","format":"gallery","meta":{"footnotes":""},"categories":[115,2576],"tags":[14,1083,6225,5],"class_list":["post-70380","post","type-post","status-publish","format-gallery","has-post-thumbnail","hentry","category-aguas-abertas","category-ultimas-noticias","tag-aguas-abertas","tag-fuga-das-ilhas","tag-fuga-das-ilhas-2024","tag-natacao","post_format-post-format-gallery"],"yoast_head":"<!-- This site is optimized with the Yoast SEO plugin v27.0 - https:\/\/yoast.com\/product\/yoast-seo-wordpress\/ -->\n<title>Editores da Swim Channel vencem o Fuga das Ilhas 2024 - Swimchannel<\/title>\n<meta name=\"robots\" content=\"index, follow, max-snippet:-1, max-image-preview:large, max-video-preview:-1\" \/>\n<link rel=\"canonical\" href=\"https:\/\/swimchannel.net\/br\/editores-da-swim-channel-vencem-o-fuga-das-ilhas-2024\/\" \/>\n<meta property=\"og:locale\" content=\"pt_BR\" \/>\n<meta property=\"og:type\" content=\"article\" \/>\n<meta property=\"og:title\" content=\"Editores da Swim Channel vencem o Fuga das Ilhas 2024 - Swimchannel\" \/>\n<meta property=\"og:description\" content=\"No \u00faltimo domingo (01) a Barra do Sahy, em S\u00e3o Sebasti\u00e3o (SP) recebeu uma das provas mais tradicionais do pa\u00eds: a Fuga das Ilhas 2024. A prova de 1,5 km \u00e9 conhecida como a \u00a0&#8220;S\u00e3o Silvestre da Nata\u00e7\u00e3o&#8221; devido \u00e0 sua popularidade e por encerrar o calend\u00e1rio aqu\u00e1tico de muitos atletas.Com um percurso que varia [&hellip;]\" \/>\n<meta property=\"og:url\" content=\"https:\/\/swimchannel.net\/br\/editores-da-swim-channel-vencem-o-fuga-das-ilhas-2024\/\" \/>\n<meta property=\"og:site_name\" content=\"Swimchannel\" \/>\n<meta property=\"article:publisher\" content=\"https:\/\/www.facebook.com\/swimchannel\" \/>\n<meta property=\"article:published_time\" content=\"2024-12-02T20:36:03+00:00\" \/>\n<meta property=\"article:modified_time\" content=\"2024-12-03T00:41:59+00:00\" \/>\n<meta property=\"og:image\" content=\"https:\/\/swimchannel.net\/br\/wp-content\/uploads\/2024\/12\/fuga1.jpeg\" \/>\n\t<meta property=\"og:image:width\" content=\"900\" \/>\n\t<meta property=\"og:image:height\" content=\"858\" \/>\n\t<meta property=\"og:image:type\" content=\"image\/jpeg\" \/>\n<meta name=\"author\" content=\"Katarine Monteiro\" \/>\n<meta name=\"twitter:card\" content=\"summary_large_image\" \/>\n<meta name=\"twitter:creator\" content=\"@https:\/\/twitter.com\/Katarinem\" \/>\n<meta name=\"twitter:label1\" content=\"Escrito por\" \/>\n\t<meta name=\"twitter:data1\" content=\"Katarine Monteiro\" \/>\n\t<meta name=\"twitter:label2\" content=\"Est. tempo de leitura\" \/>\n\t<meta name=\"twitter:data2\" content=\"2 minutos\" \/>\n<script type=\"application\/ld+json\" class=\"yoast-schema-graph\">{\"@context\":\"https:\/\/schema.org\",\"@graph\":[{\"@type\":\"Article\",\"@id\":\"https:\/\/swimchannel.net\/br\/editores-da-swim-channel-vencem-o-fuga-das-ilhas-2024\/#article\",\"isPartOf\":{\"@id\":\"https:\/\/swimchannel.net\/br\/editores-da-swim-channel-vencem-o-fuga-das-ilhas-2024\/\"},\"author\":{\"name\":\"Katarine Monteiro\",\"@id\":\"https:\/\/swimchannel.net\/br\/#\/schema\/person\/73ae9cec62249968bca1f0a8098ef002\"},\"headline\":\"Editores da Swim Channel vencem o Fuga das Ilhas 2024\",\"datePublished\":\"2024-12-02T20:36:03+00:00\",\"dateModified\":\"2024-12-03T00:41:59+00:00\",\"mainEntityOfPage\":{\"@id\":\"https:\/\/swimchannel.net\/br\/editores-da-swim-channel-vencem-o-fuga-das-ilhas-2024\/\"},\"wordCount\":487,\"commentCount\":0,\"publisher\":{\"@id\":\"https:\/\/swimchannel.net\/br\/#organization\"},\"image\":{\"@id\":\"https:\/\/swimchannel.net\/br\/editores-da-swim-channel-vencem-o-fuga-das-ilhas-2024\/#primaryimage\"},\"thumbnailUrl\":\"https:\/\/swimchannel.net\/br\/wp-content\/uploads\/2024\/12\/fuga1.jpeg\",\"keywords\":[\"\u00c1guas abertas\",\"Fuga das Ilhas\",\"Fuga das Ilhas 2024\",\"natacao\"],\"articleSection\":[\"\u00c1guas Abertas\",\"\u00daltimas Not\u00edcias\"],\"inLanguage\":\"pt-BR\",\"potentialAction\":[{\"@type\":\"CommentAction\",\"name\":\"Comment\",\"target\":[\"https:\/\/swimchannel.net\/br\/editores-da-swim-channel-vencem-o-fuga-das-ilhas-2024\/#respond\"]}]},{\"@type\":\"WebPage\",\"@id\":\"https:\/\/swimchannel.net\/br\/editores-da-swim-channel-vencem-o-fuga-das-ilhas-2024\/\",\"url\":\"https:\/\/swimchannel.net\/br\/editores-da-swim-channel-vencem-o-fuga-das-ilhas-2024\/\",\"name\":\"Editores da Swim Channel vencem o Fuga das Ilhas 2024 - Swimchannel\",\"isPartOf\":{\"@id\":\"https:\/\/swimchannel.net\/br\/#website\"},\"primaryImageOfPage\":{\"@id\":\"https:\/\/swimchannel.net\/br\/editores-da-swim-channel-vencem-o-fuga-das-ilhas-2024\/#primaryimage\"},\"image\":{\"@id\":\"https:\/\/swimchannel.net\/br\/editores-da-swim-channel-vencem-o-fuga-das-ilhas-2024\/#primaryimage\"},\"thumbnailUrl\":\"https:\/\/swimchannel.net\/br\/wp-content\/uploads\/2024\/12\/fuga1.jpeg\",\"datePublished\":\"2024-12-02T20:36:03+00:00\",\"dateModified\":\"2024-12-03T00:41:59+00:00\",\"breadcrumb\":{\"@id\":\"https:\/\/swimchannel.net\/br\/editores-da-swim-channel-vencem-o-fuga-das-ilhas-2024\/#breadcrumb\"},\"inLanguage\":\"pt-BR\",\"potentialAction\":[{\"@type\":\"ReadAction\",\"target\":[\"https:\/\/swimchannel.net\/br\/editores-da-swim-channel-vencem-o-fuga-das-ilhas-2024\/\"]}]},{\"@type\":\"ImageObject\",\"inLanguage\":\"pt-BR\",\"@id\":\"https:\/\/swimchannel.net\/br\/editores-da-swim-channel-vencem-o-fuga-das-ilhas-2024\/#primaryimage\",\"url\":\"https:\/\/swimchannel.net\/br\/wp-content\/uploads\/2024\/12\/fuga1.jpeg\",\"contentUrl\":\"https:\/\/swimchannel.net\/br\/wp-content\/uploads\/2024\/12\/fuga1.jpeg\",\"width\":900,\"height\":858,\"caption\":\"Winkler 46 anos, ao lado de Galluzzi de 18 anos, diferen\u00e7a de 28 anos de idade e certamente teriam largadas separadas. Foto: Reprodu\u00e7\u00e3o\"},{\"@type\":\"BreadcrumbList\",\"@id\":\"https:\/\/swimchannel.net\/br\/editores-da-swim-channel-vencem-o-fuga-das-ilhas-2024\/#breadcrumb\",\"itemListElement\":[{\"@type\":\"ListItem\",\"position\":1,\"name\":\"Home\",\"item\":\"https:\/\/swimchannel.net\/br\/\"},{\"@type\":\"ListItem\",\"position\":2,\"name\":\"Editores da Swim Channel vencem o Fuga das Ilhas 2024\"}]},{\"@type\":\"WebSite\",\"@id\":\"https:\/\/swimchannel.net\/br\/#website\",\"url\":\"https:\/\/swimchannel.net\/br\/\",\"name\":\"Swimchannel\",\"description\":\"Maior portal de nata\u00e7\u00e3o da america latina\",\"publisher\":{\"@id\":\"https:\/\/swimchannel.net\/br\/#organization\"},\"potentialAction\":[{\"@type\":\"SearchAction\",\"target\":{\"@type\":\"EntryPoint\",\"urlTemplate\":\"https:\/\/swimchannel.net\/br\/?s={search_term_string}\"},\"query-input\":{\"@type\":\"PropertyValueSpecification\",\"valueRequired\":true,\"valueName\":\"search_term_string\"}}],\"inLanguage\":\"pt-BR\"},{\"@type\":\"Organization\",\"@id\":\"https:\/\/swimchannel.net\/br\/#organization\",\"name\":\"Swimchannel - Conectando voc\u00ea a Nata\u00e7\u00e3o\",\"url\":\"https:\/\/swimchannel.net\/br\/\",\"logo\":{\"@type\":\"ImageObject\",\"inLanguage\":\"pt-BR\",\"@id\":\"https:\/\/swimchannel.net\/br\/#\/schema\/logo\/image\/\",\"url\":\"https:\/\/swimchannel.net\/br\/wp-content\/uploads\/2026\/02\/SWIM-CHANNEL.png\",\"contentUrl\":\"https:\/\/swimchannel.net\/br\/wp-content\/uploads\/2026\/02\/SWIM-CHANNEL.png\",\"width\":1120,\"height\":630,\"caption\":\"Swimchannel - Conectando voc\u00ea a Nata\u00e7\u00e3o\"},\"image\":{\"@id\":\"https:\/\/swimchannel.net\/br\/#\/schema\/logo\/image\/\"},\"sameAs\":[\"https:\/\/www.facebook.com\/swimchannel\",\"https:\/\/www.instagram.com\/swimchannel\"]},{\"@type\":\"Person\",\"@id\":\"https:\/\/swimchannel.net\/br\/#\/schema\/person\/73ae9cec62249968bca1f0a8098ef002\",\"name\":\"Katarine Monteiro\",\"image\":{\"@type\":\"ImageObject\",\"inLanguage\":\"pt-BR\",\"@id\":\"https:\/\/swimchannel.net\/br\/#\/schema\/person\/image\/\",\"url\":\"https:\/\/swimchannel.net\/br\/wp-content\/uploads\/2022\/01\/Katarine-Monteiro-100x100.jpg\",\"contentUrl\":\"https:\/\/swimchannel.net\/br\/wp-content\/uploads\/2022\/01\/Katarine-Monteiro-100x100.jpg\",\"caption\":\"Katarine Monteiro\"},\"description\":\"Jornalista SWIM CHANNEL especializada em esportes ol\u00edmpicos e em sa\u00fade. Com cobertura de grandes eventos internacionais, como Jogos Ol\u00edmpicos Rio 2016, Jogos Pan-Americanos em Lima 2019, Qatar Total Open 2020, Qatar ExxonMobil Open 2019 - t\u00eanis em Doha (QT), Semana Internacional de Vela de Ilhabela, Transat Jacques Vabre 2019 (Fran\u00e7a-Brasil), L'\u00c9tape Brasil by Tour de France, j\u00e1 fez in\u00fameras coberturas de nata\u00e7\u00e3o, maratona aqu\u00e1tica e polo aqu\u00e1tico. Formada tamb\u00e9m em Letras, a jornalista atua como assessora de imprensa, rela\u00e7\u00f5es p\u00fablicas e social media, com especializa\u00e7\u00e3o em marketing esportivo. Nadadora amadora de \u00e1guas abertas, j\u00e1 trabalhou com grandes nomes da nata\u00e7\u00e3o e do polo aqu\u00e1tico brasileiro.\",\"sameAs\":[\"https:\/\/www.instagram.com\/_katarinemonteiro\/\",\"https:\/\/www.linkedin.com\/in\/katarine-monteiro-19385297\/\",\"https:\/\/x.com\/https:\/\/twitter.com\/Katarinem\"],\"url\":\"https:\/\/swimchannel.net\/br\/author\/katarine-monteiro\/\"}]}<\/script>\n<!-- \/ Yoast SEO plugin. -->","yoast_head_json":{"title":"Editores da Swim Channel vencem o Fuga das Ilhas 2024 - Swimchannel","robots":{"index":"index","follow":"follow","max-snippet":"max-snippet:-1","max-image-preview":"max-image-preview:large","max-video-preview":"max-video-preview:-1"},"canonical":"https:\/\/swimchannel.net\/br\/editores-da-swim-channel-vencem-o-fuga-das-ilhas-2024\/","og_locale":"pt_BR","og_type":"article","og_title":"Editores da Swim Channel vencem o Fuga das Ilhas 2024 - Swimchannel","og_description":"No \u00faltimo domingo (01) a Barra do Sahy, em S\u00e3o Sebasti\u00e3o (SP) recebeu uma das provas mais tradicionais do pa\u00eds: a Fuga das Ilhas 2024. A prova de 1,5 km \u00e9 conhecida como a \u00a0&#8220;S\u00e3o Silvestre da Nata\u00e7\u00e3o&#8221; devido \u00e0 sua popularidade e por encerrar o calend\u00e1rio aqu\u00e1tico de muitos atletas.Com um percurso que varia [&hellip;]","og_url":"https:\/\/swimchannel.net\/br\/editores-da-swim-channel-vencem-o-fuga-das-ilhas-2024\/","og_site_name":"Swimchannel","article_publisher":"https:\/\/www.facebook.com\/swimchannel","article_published_time":"2024-12-02T20:36:03+00:00","article_modified_time":"2024-12-03T00:41:59+00:00","og_image":[{"width":900,"height":858,"url":"https:\/\/swimchannel.net\/br\/wp-content\/uploads\/2024\/12\/fuga1.jpeg","type":"image\/jpeg"}],"author":"Katarine Monteiro","twitter_card":"summary_large_image","twitter_creator":"@https:\/\/twitter.com\/Katarinem","twitter_misc":{"Escrito por":"Katarine Monteiro","Est. tempo de leitura":"2 minutos"},"schema":{"@context":"https:\/\/schema.org","@graph":[{"@type":"Article","@id":"https:\/\/swimchannel.net\/br\/editores-da-swim-channel-vencem-o-fuga-das-ilhas-2024\/#article","isPartOf":{"@id":"https:\/\/swimchannel.net\/br\/editores-da-swim-channel-vencem-o-fuga-das-ilhas-2024\/"},"author":{"name":"Katarine Monteiro","@id":"https:\/\/swimchannel.net\/br\/#\/schema\/person\/73ae9cec62249968bca1f0a8098ef002"},"headline":"Editores da Swim Channel vencem o Fuga das Ilhas 2024","datePublished":"2024-12-02T20:36:03+00:00","dateModified":"2024-12-03T00:41:59+00:00","mainEntityOfPage":{"@id":"https:\/\/swimchannel.net\/br\/editores-da-swim-channel-vencem-o-fuga-das-ilhas-2024\/"},"wordCount":487,"commentCount":0,"publisher":{"@id":"https:\/\/swimchannel.net\/br\/#organization"},"image":{"@id":"https:\/\/swimchannel.net\/br\/editores-da-swim-channel-vencem-o-fuga-das-ilhas-2024\/#primaryimage"},"thumbnailUrl":"https:\/\/swimchannel.net\/br\/wp-content\/uploads\/2024\/12\/fuga1.jpeg","keywords":["\u00c1guas abertas","Fuga das Ilhas","Fuga das Ilhas 2024","natacao"],"articleSection":["\u00c1guas Abertas","\u00daltimas Not\u00edcias"],"inLanguage":"pt-BR","potentialAction":[{"@type":"CommentAction","name":"Comment","target":["https:\/\/swimchannel.net\/br\/editores-da-swim-channel-vencem-o-fuga-das-ilhas-2024\/#respond"]}]},{"@type":"WebPage","@id":"https:\/\/swimchannel.net\/br\/editores-da-swim-channel-vencem-o-fuga-das-ilhas-2024\/","url":"https:\/\/swimchannel.net\/br\/editores-da-swim-channel-vencem-o-fuga-das-ilhas-2024\/","name":"Editores da Swim Channel vencem o Fuga das Ilhas 2024 - Swimchannel","isPartOf":{"@id":"https:\/\/swimchannel.net\/br\/#website"},"primaryImageOfPage":{"@id":"https:\/\/swimchannel.net\/br\/editores-da-swim-channel-vencem-o-fuga-das-ilhas-2024\/#primaryimage"},"image":{"@id":"https:\/\/swimchannel.net\/br\/editores-da-swim-channel-vencem-o-fuga-das-ilhas-2024\/#primaryimage"},"thumbnailUrl":"https:\/\/swimchannel.net\/br\/wp-content\/uploads\/2024\/12\/fuga1.jpeg","datePublished":"2024-12-02T20:36:03+00:00","dateModified":"2024-12-03T00:41:59+00:00","breadcrumb":{"@id":"https:\/\/swimchannel.net\/br\/editores-da-swim-channel-vencem-o-fuga-das-ilhas-2024\/#breadcrumb"},"inLanguage":"pt-BR","potentialAction":[{"@type":"ReadAction","target":["https:\/\/swimchannel.net\/br\/editores-da-swim-channel-vencem-o-fuga-das-ilhas-2024\/"]}]},{"@type":"ImageObject","inLanguage":"pt-BR","@id":"https:\/\/swimchannel.net\/br\/editores-da-swim-channel-vencem-o-fuga-das-ilhas-2024\/#primaryimage","url":"https:\/\/swimchannel.net\/br\/wp-content\/uploads\/2024\/12\/fuga1.jpeg","contentUrl":"https:\/\/swimchannel.net\/br\/wp-content\/uploads\/2024\/12\/fuga1.jpeg","width":900,"height":858,"caption":"Winkler 46 anos, ao lado de Galluzzi de 18 anos, diferen\u00e7a de 28 anos de idade e certamente teriam largadas separadas. Foto: Reprodu\u00e7\u00e3o"},{"@type":"BreadcrumbList","@id":"https:\/\/swimchannel.net\/br\/editores-da-swim-channel-vencem-o-fuga-das-ilhas-2024\/#breadcrumb","itemListElement":[{"@type":"ListItem","position":1,"name":"Home","item":"https:\/\/swimchannel.net\/br\/"},{"@type":"ListItem","position":2,"name":"Editores da Swim Channel vencem o Fuga das Ilhas 2024"}]},{"@type":"WebSite","@id":"https:\/\/swimchannel.net\/br\/#website","url":"https:\/\/swimchannel.net\/br\/","name":"Swimchannel","description":"Maior portal de nata\u00e7\u00e3o da america latina","publisher":{"@id":"https:\/\/swimchannel.net\/br\/#organization"},"potentialAction":[{"@type":"SearchAction","target":{"@type":"EntryPoint","urlTemplate":"https:\/\/swimchannel.net\/br\/?s={search_term_string}"},"query-input":{"@type":"PropertyValueSpecification","valueRequired":true,"valueName":"search_term_string"}}],"inLanguage":"pt-BR"},{"@type":"Organization","@id":"https:\/\/swimchannel.net\/br\/#organization","name":"Swimchannel - Conectando voc\u00ea a Nata\u00e7\u00e3o","url":"https:\/\/swimchannel.net\/br\/","logo":{"@type":"ImageObject","inLanguage":"pt-BR","@id":"https:\/\/swimchannel.net\/br\/#\/schema\/logo\/image\/","url":"https:\/\/swimchannel.net\/br\/wp-content\/uploads\/2026\/02\/SWIM-CHANNEL.png","contentUrl":"https:\/\/swimchannel.net\/br\/wp-content\/uploads\/2026\/02\/SWIM-CHANNEL.png","width":1120,"height":630,"caption":"Swimchannel - Conectando voc\u00ea a Nata\u00e7\u00e3o"},"image":{"@id":"https:\/\/swimchannel.net\/br\/#\/schema\/logo\/image\/"},"sameAs":["https:\/\/www.facebook.com\/swimchannel","https:\/\/www.instagram.com\/swimchannel"]},{"@type":"Person","@id":"https:\/\/swimchannel.net\/br\/#\/schema\/person\/73ae9cec62249968bca1f0a8098ef002","name":"Katarine Monteiro","image":{"@type":"ImageObject","inLanguage":"pt-BR","@id":"https:\/\/swimchannel.net\/br\/#\/schema\/person\/image\/","url":"https:\/\/swimchannel.net\/br\/wp-content\/uploads\/2022\/01\/Katarine-Monteiro-100x100.jpg","contentUrl":"https:\/\/swimchannel.net\/br\/wp-content\/uploads\/2022\/01\/Katarine-Monteiro-100x100.jpg","caption":"Katarine Monteiro"},"description":"Jornalista SWIM CHANNEL especializada em esportes ol\u00edmpicos e em sa\u00fade. Com cobertura de grandes eventos internacionais, como Jogos Ol\u00edmpicos Rio 2016, Jogos Pan-Americanos em Lima 2019, Qatar Total Open 2020, Qatar ExxonMobil Open 2019 - t\u00eanis em Doha (QT), Semana Internacional de Vela de Ilhabela, Transat Jacques Vabre 2019 (Fran\u00e7a-Brasil), L'\u00c9tape Brasil by Tour de France, j\u00e1 fez in\u00fameras coberturas de nata\u00e7\u00e3o, maratona aqu\u00e1tica e polo aqu\u00e1tico. Formada tamb\u00e9m em Letras, a jornalista atua como assessora de imprensa, rela\u00e7\u00f5es p\u00fablicas e social media, com especializa\u00e7\u00e3o em marketing esportivo. Nadadora amadora de \u00e1guas abertas, j\u00e1 trabalhou com grandes nomes da nata\u00e7\u00e3o e do polo aqu\u00e1tico brasileiro.","sameAs":["https:\/\/www.instagram.com\/_katarinemonteiro\/","https:\/\/www.linkedin.com\/in\/katarine-monteiro-19385297\/","https:\/\/x.com\/https:\/\/twitter.com\/Katarinem"],"url":"https:\/\/swimchannel.net\/br\/author\/katarine-monteiro\/"}]}},"_links":{"self":[{"href":"https:\/\/swimchannel.net\/br\/wp-json\/wp\/v2\/posts\/70380","targetHints":{"allow":["GET"]}}],"collection":[{"href":"https:\/\/swimchannel.net\/br\/wp-json\/wp\/v2\/posts"}],"about":[{"href":"https:\/\/swimchannel.net\/br\/wp-json\/wp\/v2\/types\/post"}],"author":[{"embeddable":true,"href":"https:\/\/swimchannel.net\/br\/wp-json\/wp\/v2\/users\/9"}],"replies":[{"embeddable":true,"href":"https:\/\/swimchannel.net\/br\/wp-json\/wp\/v2\/comments?post=70380"}],"version-history":[{"count":14,"href":"https:\/\/swimchannel.net\/br\/wp-json\/wp\/v2\/posts\/70380\/revisions"}],"predecessor-version":[{"id":70431,"href":"https:\/\/swimchannel.net\/br\/wp-json\/wp\/v2\/posts\/70380\/revisions\/70431"}],"wp:featuredmedia":[{"embeddable":true,"href":"https:\/\/swimchannel.net\/br\/wp-json\/wp\/v2\/media\/70429"}],"wp:attachment":[{"href":"https:\/\/swimchannel.net\/br\/wp-json\/wp\/v2\/media?parent=70380"}],"wp:term":[{"taxonomy":"category","embeddable":true,"href":"https:\/\/swimchannel.net\/br\/wp-json\/wp\/v2\/categories?post=70380"},{"taxonomy":"post_tag","embeddable":true,"href":"https:\/\/swimchannel.net\/br\/wp-json\/wp\/v2\/tags?post=70380"}],"curies":[{"name":"wp","href":"https:\/\/api.w.org\/{rel}","templated":true}]}}