{"id":70647,"date":"2024-12-11T07:26:42","date_gmt":"2024-12-11T10:26:42","guid":{"rendered":"https:\/\/swimchannel.net\/br\/?p=70647"},"modified":"2024-12-11T07:26:42","modified_gmt":"2024-12-11T10:26:42","slug":"brasileiros-nas-eliminatorias-do-segundo-dia-do-mundial-de-curta","status":"publish","type":"post","link":"https:\/\/swimchannel.net\/br\/brasileiros-nas-eliminatorias-do-segundo-dia-do-mundial-de-curta\/","title":{"rendered":"Brasileiros nas eliminat\u00f3rias do segundo dia do Mundial de Curta"},"content":{"rendered":"<p>Confira abaixo os resultados de todos os brasileiros que nadaram na segunda etapa de eliminat\u00f3rias do Campeonato Mundial de Budapeste<\/p>\n<p><strong>100m livre feminino<\/strong><br \/>\n40\u00ba lugar Fernanda Celid\u00f4nio \u2013 54.69<\/p>\n<p><strong>100m livre masculino<\/strong><br \/>\n4\u00ba lugar Guilherme Carib\u00e9 &#8211; 46.06<br \/>\n22\u00ba lugar Marco Ant\u00f4nio Ferreira \u2013 47.19<\/p>\n<p><strong>100m peito masculino<\/strong><br \/>\n20\u00ba lugar Caio Pumputis &#8211; 57.60<\/p>\n<p><strong>800m livre feminino &#8211; s\u00e9ries mais lentas<\/strong><br \/>\n5\u00ba lugar Gabrielle Roncatto &#8211; 8:22.46<br \/>\n12\u00ba lugar Maria Fernanda Costa &#8211; 8:29.21<\/p>\n","protected":false},"excerpt":{"rendered":"<p>Confira abaixo os resultados de todos os brasileiros que nadaram na segunda etapa de eliminat\u00f3rias do Campeonato Mundial de Budapeste 100m livre feminino 40\u00ba lugar Fernanda Celid\u00f4nio \u2013 54.69 100m livre masculino 4\u00ba lugar Guilherme Carib\u00e9 &#8211; 46.06 22\u00ba lugar Marco Ant\u00f4nio Ferreira \u2013 47.19 100m peito masculino 20\u00ba lugar Caio Pumputis &#8211; 57.60 800m [&hellip;]<\/p>\n","protected":false},"author":3,"featured_media":61378,"comment_status":"open","ping_status":"open","sticky":false,"template":"","format":"gallery","meta":{"footnotes":""},"categories":[58],"tags":[6133,2280,5130,5],"class_list":["post-70647","post","type-post","status-publish","format-gallery","has-post-thumbnail","hentry","category-campeonato-mundial","tag-budapeste-2024","tag-campeonato-mundial-de-curta","tag-guilherme-caribe","tag-natacao","post_format-post-format-gallery"],"yoast_head":"<!-- This site is optimized with the Yoast SEO plugin v27.0 - https:\/\/yoast.com\/product\/yoast-seo-wordpress\/ -->\n<title>Brasileiros nas eliminat\u00f3rias do segundo dia do Mundial de Curta - Swimchannel<\/title>\n<meta name=\"robots\" content=\"index, follow, max-snippet:-1, max-image-preview:large, max-video-preview:-1\" \/>\n<link rel=\"canonical\" href=\"https:\/\/swimchannel.net\/br\/brasileiros-nas-eliminatorias-do-segundo-dia-do-mundial-de-curta\/\" \/>\n<meta property=\"og:locale\" content=\"pt_BR\" \/>\n<meta property=\"og:type\" content=\"article\" \/>\n<meta property=\"og:title\" content=\"Brasileiros nas eliminat\u00f3rias do segundo dia do Mundial de Curta - Swimchannel\" \/>\n<meta property=\"og:description\" content=\"Confira abaixo os resultados de todos os brasileiros que nadaram na segunda etapa de eliminat\u00f3rias do Campeonato Mundial de Budapeste 100m livre feminino 40\u00ba lugar Fernanda Celid\u00f4nio \u2013 54.69 100m livre masculino 4\u00ba lugar Guilherme Carib\u00e9 &#8211; 46.06 22\u00ba lugar Marco Ant\u00f4nio Ferreira \u2013 47.19 100m peito masculino 20\u00ba lugar Caio Pumputis &#8211; 57.60 800m [&hellip;]\" \/>\n<meta property=\"og:url\" content=\"https:\/\/swimchannel.net\/br\/brasileiros-nas-eliminatorias-do-segundo-dia-do-mundial-de-curta\/\" \/>\n<meta property=\"og:site_name\" content=\"Swimchannel\" \/>\n<meta property=\"article:publisher\" content=\"https:\/\/www.facebook.com\/swimchannel\" \/>\n<meta property=\"article:published_time\" content=\"2024-12-11T10:26:42+00:00\" \/>\n<meta property=\"og:image\" content=\"https:\/\/swimchannel.net\/br\/wp-content\/uploads\/2023\/10\/53280780689_8fa1328e07_k.jpg\" \/>\n\t<meta property=\"og:image:width\" content=\"945\" \/>\n\t<meta property=\"og:image:height\" content=\"630\" \/>\n\t<meta property=\"og:image:type\" content=\"image\/jpeg\" \/>\n<meta name=\"author\" content=\"Guilherme Freitas\" \/>\n<meta name=\"twitter:card\" content=\"summary_large_image\" \/>\n<meta name=\"twitter:label1\" content=\"Escrito por\" \/>\n\t<meta name=\"twitter:data1\" content=\"Guilherme Freitas\" \/>\n<script type=\"application\/ld+json\" class=\"yoast-schema-graph\">{\"@context\":\"https:\/\/schema.org\",\"@graph\":[{\"@type\":\"Article\",\"@id\":\"https:\/\/swimchannel.net\/br\/brasileiros-nas-eliminatorias-do-segundo-dia-do-mundial-de-curta\/#article\",\"isPartOf\":{\"@id\":\"https:\/\/swimchannel.net\/br\/brasileiros-nas-eliminatorias-do-segundo-dia-do-mundial-de-curta\/\"},\"author\":{\"name\":\"Guilherme Freitas\",\"@id\":\"https:\/\/swimchannel.net\/br\/#\/schema\/person\/aa2a63bab3275f53749a83276b213c48\"},\"headline\":\"Brasileiros nas eliminat\u00f3rias do segundo dia do Mundial de Curta\",\"datePublished\":\"2024-12-11T10:26:42+00:00\",\"mainEntityOfPage\":{\"@id\":\"https:\/\/swimchannel.net\/br\/brasileiros-nas-eliminatorias-do-segundo-dia-do-mundial-de-curta\/\"},\"wordCount\":75,\"commentCount\":0,\"publisher\":{\"@id\":\"https:\/\/swimchannel.net\/br\/#organization\"},\"image\":{\"@id\":\"https:\/\/swimchannel.net\/br\/brasileiros-nas-eliminatorias-do-segundo-dia-do-mundial-de-curta\/#primaryimage\"},\"thumbnailUrl\":\"https:\/\/swimchannel.net\/br\/wp-content\/uploads\/2023\/10\/53280780689_8fa1328e07_k.jpg\",\"keywords\":[\"Budapeste-2024\",\"Campeonato Mundial de curta\",\"Guilherme Carib\u00e9\",\"natacao\"],\"articleSection\":[\"Campeonato Mundial\"],\"inLanguage\":\"pt-BR\",\"potentialAction\":[{\"@type\":\"CommentAction\",\"name\":\"Comment\",\"target\":[\"https:\/\/swimchannel.net\/br\/brasileiros-nas-eliminatorias-do-segundo-dia-do-mundial-de-curta\/#respond\"]}]},{\"@type\":\"WebPage\",\"@id\":\"https:\/\/swimchannel.net\/br\/brasileiros-nas-eliminatorias-do-segundo-dia-do-mundial-de-curta\/\",\"url\":\"https:\/\/swimchannel.net\/br\/brasileiros-nas-eliminatorias-do-segundo-dia-do-mundial-de-curta\/\",\"name\":\"Brasileiros nas eliminat\u00f3rias do segundo dia do Mundial de Curta - Swimchannel\",\"isPartOf\":{\"@id\":\"https:\/\/swimchannel.net\/br\/#website\"},\"primaryImageOfPage\":{\"@id\":\"https:\/\/swimchannel.net\/br\/brasileiros-nas-eliminatorias-do-segundo-dia-do-mundial-de-curta\/#primaryimage\"},\"image\":{\"@id\":\"https:\/\/swimchannel.net\/br\/brasileiros-nas-eliminatorias-do-segundo-dia-do-mundial-de-curta\/#primaryimage\"},\"thumbnailUrl\":\"https:\/\/swimchannel.net\/br\/wp-content\/uploads\/2023\/10\/53280780689_8fa1328e07_k.jpg\",\"datePublished\":\"2024-12-11T10:26:42+00:00\",\"breadcrumb\":{\"@id\":\"https:\/\/swimchannel.net\/br\/brasileiros-nas-eliminatorias-do-segundo-dia-do-mundial-de-curta\/#breadcrumb\"},\"inLanguage\":\"pt-BR\",\"potentialAction\":[{\"@type\":\"ReadAction\",\"target\":[\"https:\/\/swimchannel.net\/br\/brasileiros-nas-eliminatorias-do-segundo-dia-do-mundial-de-curta\/\"]}]},{\"@type\":\"ImageObject\",\"inLanguage\":\"pt-BR\",\"@id\":\"https:\/\/swimchannel.net\/br\/brasileiros-nas-eliminatorias-do-segundo-dia-do-mundial-de-curta\/#primaryimage\",\"url\":\"https:\/\/swimchannel.net\/br\/wp-content\/uploads\/2023\/10\/53280780689_8fa1328e07_k.jpg\",\"contentUrl\":\"https:\/\/swimchannel.net\/br\/wp-content\/uploads\/2023\/10\/53280780689_8fa1328e07_k.jpg\",\"width\":945,\"height\":630,\"caption\":\"Guilherme Carib\u00e9 - Foto: Satiro Sodr\u00e9\"},{\"@type\":\"BreadcrumbList\",\"@id\":\"https:\/\/swimchannel.net\/br\/brasileiros-nas-eliminatorias-do-segundo-dia-do-mundial-de-curta\/#breadcrumb\",\"itemListElement\":[{\"@type\":\"ListItem\",\"position\":1,\"name\":\"Home\",\"item\":\"https:\/\/swimchannel.net\/br\/\"},{\"@type\":\"ListItem\",\"position\":2,\"name\":\"Brasileiros nas eliminat\u00f3rias do segundo dia do Mundial de Curta\"}]},{\"@type\":\"WebSite\",\"@id\":\"https:\/\/swimchannel.net\/br\/#website\",\"url\":\"https:\/\/swimchannel.net\/br\/\",\"name\":\"Swimchannel\",\"description\":\"Maior portal de nata\u00e7\u00e3o da america latina\",\"publisher\":{\"@id\":\"https:\/\/swimchannel.net\/br\/#organization\"},\"potentialAction\":[{\"@type\":\"SearchAction\",\"target\":{\"@type\":\"EntryPoint\",\"urlTemplate\":\"https:\/\/swimchannel.net\/br\/?s={search_term_string}\"},\"query-input\":{\"@type\":\"PropertyValueSpecification\",\"valueRequired\":true,\"valueName\":\"search_term_string\"}}],\"inLanguage\":\"pt-BR\"},{\"@type\":\"Organization\",\"@id\":\"https:\/\/swimchannel.net\/br\/#organization\",\"name\":\"Swimchannel - Conectando voc\u00ea a Nata\u00e7\u00e3o\",\"url\":\"https:\/\/swimchannel.net\/br\/\",\"logo\":{\"@type\":\"ImageObject\",\"inLanguage\":\"pt-BR\",\"@id\":\"https:\/\/swimchannel.net\/br\/#\/schema\/logo\/image\/\",\"url\":\"https:\/\/swimchannel.net\/br\/wp-content\/uploads\/2026\/02\/SWIM-CHANNEL.png\",\"contentUrl\":\"https:\/\/swimchannel.net\/br\/wp-content\/uploads\/2026\/02\/SWIM-CHANNEL.png\",\"width\":1120,\"height\":630,\"caption\":\"Swimchannel - Conectando voc\u00ea a Nata\u00e7\u00e3o\"},\"image\":{\"@id\":\"https:\/\/swimchannel.net\/br\/#\/schema\/logo\/image\/\"},\"sameAs\":[\"https:\/\/www.facebook.com\/swimchannel\",\"https:\/\/www.instagram.com\/swimchannel\"]},{\"@type\":\"Person\",\"@id\":\"https:\/\/swimchannel.net\/br\/#\/schema\/person\/aa2a63bab3275f53749a83276b213c48\",\"name\":\"Guilherme Freitas\",\"image\":{\"@type\":\"ImageObject\",\"inLanguage\":\"pt-BR\",\"@id\":\"https:\/\/swimchannel.net\/br\/#\/schema\/person\/image\/\",\"url\":\"https:\/\/swimchannel.net\/br\/wp-content\/uploads\/2025\/10\/gui22-193x180.png\",\"contentUrl\":\"https:\/\/swimchannel.net\/br\/wp-content\/uploads\/2025\/10\/gui22-193x180.png\",\"caption\":\"Guilherme Freitas\"},\"description\":\"Jornalista s\u00eanior da SWIM CHANNEL, ex-correspondente da FINA no Brasil e pesquisador acad\u00eamico.\",\"sameAs\":[\"instagram.com\/guifreitas86\"],\"url\":\"https:\/\/swimchannel.net\/br\/author\/guilherme-freitas\/\"}]}<\/script>\n<!-- \/ Yoast SEO plugin. -->","yoast_head_json":{"title":"Brasileiros nas eliminat\u00f3rias do segundo dia do Mundial de Curta - Swimchannel","robots":{"index":"index","follow":"follow","max-snippet":"max-snippet:-1","max-image-preview":"max-image-preview:large","max-video-preview":"max-video-preview:-1"},"canonical":"https:\/\/swimchannel.net\/br\/brasileiros-nas-eliminatorias-do-segundo-dia-do-mundial-de-curta\/","og_locale":"pt_BR","og_type":"article","og_title":"Brasileiros nas eliminat\u00f3rias do segundo dia do Mundial de Curta - Swimchannel","og_description":"Confira abaixo os resultados de todos os brasileiros que nadaram na segunda etapa de eliminat\u00f3rias do Campeonato Mundial de Budapeste 100m livre feminino 40\u00ba lugar Fernanda Celid\u00f4nio \u2013 54.69 100m livre masculino 4\u00ba lugar Guilherme Carib\u00e9 &#8211; 46.06 22\u00ba lugar Marco Ant\u00f4nio Ferreira \u2013 47.19 100m peito masculino 20\u00ba lugar Caio Pumputis &#8211; 57.60 800m [&hellip;]","og_url":"https:\/\/swimchannel.net\/br\/brasileiros-nas-eliminatorias-do-segundo-dia-do-mundial-de-curta\/","og_site_name":"Swimchannel","article_publisher":"https:\/\/www.facebook.com\/swimchannel","article_published_time":"2024-12-11T10:26:42+00:00","og_image":[{"width":945,"height":630,"url":"https:\/\/swimchannel.net\/br\/wp-content\/uploads\/2023\/10\/53280780689_8fa1328e07_k.jpg","type":"image\/jpeg"}],"author":"Guilherme Freitas","twitter_card":"summary_large_image","twitter_misc":{"Escrito por":"Guilherme Freitas"},"schema":{"@context":"https:\/\/schema.org","@graph":[{"@type":"Article","@id":"https:\/\/swimchannel.net\/br\/brasileiros-nas-eliminatorias-do-segundo-dia-do-mundial-de-curta\/#article","isPartOf":{"@id":"https:\/\/swimchannel.net\/br\/brasileiros-nas-eliminatorias-do-segundo-dia-do-mundial-de-curta\/"},"author":{"name":"Guilherme Freitas","@id":"https:\/\/swimchannel.net\/br\/#\/schema\/person\/aa2a63bab3275f53749a83276b213c48"},"headline":"Brasileiros nas eliminat\u00f3rias do segundo dia do Mundial de Curta","datePublished":"2024-12-11T10:26:42+00:00","mainEntityOfPage":{"@id":"https:\/\/swimchannel.net\/br\/brasileiros-nas-eliminatorias-do-segundo-dia-do-mundial-de-curta\/"},"wordCount":75,"commentCount":0,"publisher":{"@id":"https:\/\/swimchannel.net\/br\/#organization"},"image":{"@id":"https:\/\/swimchannel.net\/br\/brasileiros-nas-eliminatorias-do-segundo-dia-do-mundial-de-curta\/#primaryimage"},"thumbnailUrl":"https:\/\/swimchannel.net\/br\/wp-content\/uploads\/2023\/10\/53280780689_8fa1328e07_k.jpg","keywords":["Budapeste-2024","Campeonato Mundial de curta","Guilherme Carib\u00e9","natacao"],"articleSection":["Campeonato Mundial"],"inLanguage":"pt-BR","potentialAction":[{"@type":"CommentAction","name":"Comment","target":["https:\/\/swimchannel.net\/br\/brasileiros-nas-eliminatorias-do-segundo-dia-do-mundial-de-curta\/#respond"]}]},{"@type":"WebPage","@id":"https:\/\/swimchannel.net\/br\/brasileiros-nas-eliminatorias-do-segundo-dia-do-mundial-de-curta\/","url":"https:\/\/swimchannel.net\/br\/brasileiros-nas-eliminatorias-do-segundo-dia-do-mundial-de-curta\/","name":"Brasileiros nas eliminat\u00f3rias do segundo dia do Mundial de Curta - Swimchannel","isPartOf":{"@id":"https:\/\/swimchannel.net\/br\/#website"},"primaryImageOfPage":{"@id":"https:\/\/swimchannel.net\/br\/brasileiros-nas-eliminatorias-do-segundo-dia-do-mundial-de-curta\/#primaryimage"},"image":{"@id":"https:\/\/swimchannel.net\/br\/brasileiros-nas-eliminatorias-do-segundo-dia-do-mundial-de-curta\/#primaryimage"},"thumbnailUrl":"https:\/\/swimchannel.net\/br\/wp-content\/uploads\/2023\/10\/53280780689_8fa1328e07_k.jpg","datePublished":"2024-12-11T10:26:42+00:00","breadcrumb":{"@id":"https:\/\/swimchannel.net\/br\/brasileiros-nas-eliminatorias-do-segundo-dia-do-mundial-de-curta\/#breadcrumb"},"inLanguage":"pt-BR","potentialAction":[{"@type":"ReadAction","target":["https:\/\/swimchannel.net\/br\/brasileiros-nas-eliminatorias-do-segundo-dia-do-mundial-de-curta\/"]}]},{"@type":"ImageObject","inLanguage":"pt-BR","@id":"https:\/\/swimchannel.net\/br\/brasileiros-nas-eliminatorias-do-segundo-dia-do-mundial-de-curta\/#primaryimage","url":"https:\/\/swimchannel.net\/br\/wp-content\/uploads\/2023\/10\/53280780689_8fa1328e07_k.jpg","contentUrl":"https:\/\/swimchannel.net\/br\/wp-content\/uploads\/2023\/10\/53280780689_8fa1328e07_k.jpg","width":945,"height":630,"caption":"Guilherme Carib\u00e9 - Foto: Satiro Sodr\u00e9"},{"@type":"BreadcrumbList","@id":"https:\/\/swimchannel.net\/br\/brasileiros-nas-eliminatorias-do-segundo-dia-do-mundial-de-curta\/#breadcrumb","itemListElement":[{"@type":"ListItem","position":1,"name":"Home","item":"https:\/\/swimchannel.net\/br\/"},{"@type":"ListItem","position":2,"name":"Brasileiros nas eliminat\u00f3rias do segundo dia do Mundial de Curta"}]},{"@type":"WebSite","@id":"https:\/\/swimchannel.net\/br\/#website","url":"https:\/\/swimchannel.net\/br\/","name":"Swimchannel","description":"Maior portal de nata\u00e7\u00e3o da america latina","publisher":{"@id":"https:\/\/swimchannel.net\/br\/#organization"},"potentialAction":[{"@type":"SearchAction","target":{"@type":"EntryPoint","urlTemplate":"https:\/\/swimchannel.net\/br\/?s={search_term_string}"},"query-input":{"@type":"PropertyValueSpecification","valueRequired":true,"valueName":"search_term_string"}}],"inLanguage":"pt-BR"},{"@type":"Organization","@id":"https:\/\/swimchannel.net\/br\/#organization","name":"Swimchannel - Conectando voc\u00ea a Nata\u00e7\u00e3o","url":"https:\/\/swimchannel.net\/br\/","logo":{"@type":"ImageObject","inLanguage":"pt-BR","@id":"https:\/\/swimchannel.net\/br\/#\/schema\/logo\/image\/","url":"https:\/\/swimchannel.net\/br\/wp-content\/uploads\/2026\/02\/SWIM-CHANNEL.png","contentUrl":"https:\/\/swimchannel.net\/br\/wp-content\/uploads\/2026\/02\/SWIM-CHANNEL.png","width":1120,"height":630,"caption":"Swimchannel - Conectando voc\u00ea a Nata\u00e7\u00e3o"},"image":{"@id":"https:\/\/swimchannel.net\/br\/#\/schema\/logo\/image\/"},"sameAs":["https:\/\/www.facebook.com\/swimchannel","https:\/\/www.instagram.com\/swimchannel"]},{"@type":"Person","@id":"https:\/\/swimchannel.net\/br\/#\/schema\/person\/aa2a63bab3275f53749a83276b213c48","name":"Guilherme Freitas","image":{"@type":"ImageObject","inLanguage":"pt-BR","@id":"https:\/\/swimchannel.net\/br\/#\/schema\/person\/image\/","url":"https:\/\/swimchannel.net\/br\/wp-content\/uploads\/2025\/10\/gui22-193x180.png","contentUrl":"https:\/\/swimchannel.net\/br\/wp-content\/uploads\/2025\/10\/gui22-193x180.png","caption":"Guilherme Freitas"},"description":"Jornalista s\u00eanior da SWIM CHANNEL, ex-correspondente da FINA no Brasil e pesquisador acad\u00eamico.","sameAs":["instagram.com\/guifreitas86"],"url":"https:\/\/swimchannel.net\/br\/author\/guilherme-freitas\/"}]}},"_links":{"self":[{"href":"https:\/\/swimchannel.net\/br\/wp-json\/wp\/v2\/posts\/70647","targetHints":{"allow":["GET"]}}],"collection":[{"href":"https:\/\/swimchannel.net\/br\/wp-json\/wp\/v2\/posts"}],"about":[{"href":"https:\/\/swimchannel.net\/br\/wp-json\/wp\/v2\/types\/post"}],"author":[{"embeddable":true,"href":"https:\/\/swimchannel.net\/br\/wp-json\/wp\/v2\/users\/3"}],"replies":[{"embeddable":true,"href":"https:\/\/swimchannel.net\/br\/wp-json\/wp\/v2\/comments?post=70647"}],"version-history":[{"count":1,"href":"https:\/\/swimchannel.net\/br\/wp-json\/wp\/v2\/posts\/70647\/revisions"}],"predecessor-version":[{"id":70648,"href":"https:\/\/swimchannel.net\/br\/wp-json\/wp\/v2\/posts\/70647\/revisions\/70648"}],"wp:featuredmedia":[{"embeddable":true,"href":"https:\/\/swimchannel.net\/br\/wp-json\/wp\/v2\/media\/61378"}],"wp:attachment":[{"href":"https:\/\/swimchannel.net\/br\/wp-json\/wp\/v2\/media?parent=70647"}],"wp:term":[{"taxonomy":"category","embeddable":true,"href":"https:\/\/swimchannel.net\/br\/wp-json\/wp\/v2\/categories?post=70647"},{"taxonomy":"post_tag","embeddable":true,"href":"https:\/\/swimchannel.net\/br\/wp-json\/wp\/v2\/tags?post=70647"}],"curies":[{"name":"wp","href":"https:\/\/api.w.org\/{rel}","templated":true}]}}