{"id":70683,"date":"2024-12-11T16:20:10","date_gmt":"2024-12-11T19:20:10","guid":{"rendered":"https:\/\/swimchannel.net\/br\/?p=70683"},"modified":"2024-12-11T18:46:08","modified_gmt":"2024-12-11T21:46:08","slug":"guilherme-caribe-se-classifica-para-a-final-dos-100m-livre-no-mundial-de-budapeste","status":"publish","type":"post","link":"https:\/\/swimchannel.net\/br\/guilherme-caribe-se-classifica-para-a-final-dos-100m-livre-no-mundial-de-budapeste\/","title":{"rendered":"Guilherme Carib\u00e9 se classifica para a final dos 100m livre no Mundial de Budapeste"},"content":{"rendered":"<p>Vaja aqui como foram as finais do segundo dia do Campeonato Mundial de piscina curta em Budapeste.<\/p>\n<p>&nbsp;<\/p>\n<p><strong>100m costas feminino<\/strong><br \/>\nRegan Smith vence em dobradinha americana com novo recorde de campeonato 54.55. O recorde de campeonato era de Katinka Hosszu com 55.03 do Mundial de Doha-2014.<\/p>\n<p><strong>P\u00f3dio da prova<\/strong><br \/>\n1. Regan Smith dos Estados Unidos 54.55 Recorde de campeonato<br \/>\n2. Katherine Berkoff dos Estados Unidos 54.93<br \/>\n3. Ingrid Wilm do Canad\u00e1 55.75<\/p>\n<p><strong>100m costas masculino<\/strong><br \/>\nSaiu a primeira medalha de ouro do time Neutro (R\u00fassia), e veio com a jovem promessa Miron Lifintsev marcando 48.76 em novo Recorde Mundial J\u00fanior. Livintsev, 18 anos de idade (nasceu em 2006) bateu o nadador da casa, o h\u00fangaro Hubert K\u00f3s, por apenas tr\u00eas cent\u00e9simos para vencer a prova.<\/p>\n<p><strong>P\u00f3dio da prova<\/strong><br \/>\n1. Miron Lifintsev do Time dos Atletas Neutros 48.76 Recorde Mundial J\u00fanior<br \/>\n2. Hubert K\u00f3s da Hungria 48.79<br \/>\n3. Kacper Stokowski da Pol\u00f4nia 49.16<\/p>\n<figure id=\"attachment_67793\" aria-describedby=\"caption-attachment-67793\" style=\"width: 1280px\" class=\"wp-caption alignnone\"><img loading=\"lazy\" decoding=\"async\" class=\"size-full wp-image-67793\" src=\"https:\/\/swimchannel.net\/br\/wp-content\/uploads\/2024\/07\/2ca20ca378b1bbc1dea2eb8d58bd46d3.jpg\" alt=\"\" width=\"1280\" height=\"720\" srcset=\"https:\/\/swimchannel.net\/br\/wp-content\/uploads\/2024\/07\/2ca20ca378b1bbc1dea2eb8d58bd46d3.jpg 1280w, https:\/\/swimchannel.net\/br\/wp-content\/uploads\/2024\/07\/2ca20ca378b1bbc1dea2eb8d58bd46d3-1200x675.jpg 1200w, https:\/\/swimchannel.net\/br\/wp-content\/uploads\/2024\/07\/2ca20ca378b1bbc1dea2eb8d58bd46d3-320x180.jpg 320w, https:\/\/swimchannel.net\/br\/wp-content\/uploads\/2024\/07\/2ca20ca378b1bbc1dea2eb8d58bd46d3-768x432.jpg 768w, https:\/\/swimchannel.net\/br\/wp-content\/uploads\/2024\/07\/2ca20ca378b1bbc1dea2eb8d58bd46d3-750x422.jpg 750w, https:\/\/swimchannel.net\/br\/wp-content\/uploads\/2024\/07\/2ca20ca378b1bbc1dea2eb8d58bd46d3-1140x641.jpg 1140w\" sizes=\"auto, (max-width: 1280px) 100vw, 1280px\" \/><figcaption id=\"caption-attachment-67793\" class=\"wp-caption-text\">Gretchen Walsh &#8211; Foto: Reprodu\u00e7\u00e3o<\/figcaption><\/figure>\n<p><strong>Semifinal 100m livre feminino<\/strong><br \/>\nRecorde das Am\u00e9ricas e de Campeonato para Gretchen Walsh com 50.49, a \u00fanica abaixo do 51. O recorde de Campeonato era de Emma McKeon desde o Mundial de 2022 com 50.77. Para entrar na final, 52.31 de Milla Jansen da Austr\u00e1lia.<\/p>\n<p><strong>Semifinal 100m livre masculino<\/strong><br \/>\nGuilherme Carib\u00e9 venceu a sua s\u00e9rie marcando 45.86, a oito cent\u00e9simos da sua melhor marca tempo que lhe deu a vit\u00f3ria no Trof\u00e9u Jos\u00e9 Finkel. Por\u00e9m, a segunda s\u00e9rie semifinal foi muito mais forte e cinco nadadores foram mais r\u00e1pido que o brasileiro, todos para 45. Jordan Crooks das Ilhas Caym\u00e3s, companheiro de treino de Carib\u00e9 no Tennessee fez o melhor tempo 45.22. Para a final de amanh\u00e3, seis dos oito finalistas na casa dos 45 segundos.<\/p>\n<p><strong>Semifinal 100m peito feminino<\/strong><br \/>\nNovo recorde da \u00c1sia para a chinesa Qianting Tang com 1:02.37 a apenas um cent\u00e9simo do recorde mundial! A marca ainda permanece dividida entre Ruta Meilutyte da Litu\u00e2nia e Alia Atkinson da Jamaica 1:02.36, detalhe que Atkinson fez este tempo duas vezes. Nova chance na final de amanh\u00e3. Para entrar na final 1:04.15 de Kotryna Teterevkova da Litu\u00e2nia com o oitavo tempo. A russa Yulia Efimova de volta as competi\u00e7\u00f5es mundiais terminando em 10o lugar com 1:04.38.<\/p>\n<figure id=\"attachment_70688\" aria-describedby=\"caption-attachment-70688\" style=\"width: 1424px\" class=\"wp-caption alignnone\"><img loading=\"lazy\" decoding=\"async\" class=\"size-large wp-image-70688\" src=\"https:\/\/swimchannel.net\/br\/wp-content\/uploads\/2024\/12\/ponti-1424x800.png\" alt=\"\" width=\"1424\" height=\"800\" srcset=\"https:\/\/swimchannel.net\/br\/wp-content\/uploads\/2024\/12\/ponti-1424x800.png 1424w, https:\/\/swimchannel.net\/br\/wp-content\/uploads\/2024\/12\/ponti-1200x675.png 1200w, https:\/\/swimchannel.net\/br\/wp-content\/uploads\/2024\/12\/ponti-320x180.png 320w, https:\/\/swimchannel.net\/br\/wp-content\/uploads\/2024\/12\/ponti-768x432.png 768w, https:\/\/swimchannel.net\/br\/wp-content\/uploads\/2024\/12\/ponti-1536x863.png 1536w, https:\/\/swimchannel.net\/br\/wp-content\/uploads\/2024\/12\/ponti-750x421.png 750w, https:\/\/swimchannel.net\/br\/wp-content\/uploads\/2024\/12\/ponti-1140x641.png 1140w, https:\/\/swimchannel.net\/br\/wp-content\/uploads\/2024\/12\/ponti.png 1920w\" sizes=\"auto, (max-width: 1424px) 100vw, 1424px\" \/><figcaption id=\"caption-attachment-70688\" class=\"wp-caption-text\">Noe Ponti &#8211; Foto: Reprodu\u00e7\u00e3o<\/figcaption><\/figure>\n<p><strong>Semfiinal 100m peito masculino<\/strong><br \/>\nForam 12 nadadores para 56, o russo Kirill Prigoda nandando com Atleta Neutro fez o melhor tempo 56.02, dois cent\u00e9simos a frente do chin\u00eas Haiyang Qin. Para entrar na final 56.60 num empate de Caspar Corbeau dos Pa\u00edses Baixos e o italiano Ludovico Viberti. O australiano Joshua Yong bateu o recorde da Oceania e mesmo assim ficou de fora da final terminando em nono lugar com 56.62.<\/p>\n<p><strong>50m borboleta feminino<\/strong><br \/>\nDepois da bater recordes mundiais nas eliminat\u00f3rais (24.02) e na semifinal (23.94), Gretchen Walsh foi absoluta mais uma vez ao vencer a prova com 24.01.<\/p>\n<p><strong>P\u00f3dio da prova<\/strong><br \/>\n1. GretchenWalsh dos Estados Unidos 24.01<br \/>\n2. Beryl Gastaldello da Fran\u00e7a 24.43<br \/>\n3. Alexandria Perkins da Austr\u00e1lia 24.68 Recorde da Oceania<\/p>\n<p><strong>50m borboleta masculino<\/strong><br \/>\nTerceiro recorde mundial de Noe Ponti em 2024. Desde que ele quebrou a marca que era do brasileiro Nicholas Santos, Ponti fez isso na Copa do Mundo, nas eliminat\u00f3rias e agora na final 21.32. O recorde da eliminat\u00f3ria havia sido 21.43.<\/p>\n<p>Nicholas Santos tamb\u00e9m perdeu o Recorde das Am\u00e9ricas, Ilya Kharun chegou em segundo lugar com 21.67.<\/p>\n<p><strong>P\u00f3dio da prova<\/strong><br \/>\n1. Noe Ponti da Sui\u00e7a 21.32 recorde Mundial<br \/>\n2 Ilya Kharun do Canad\u00e1 21.67 recorde das Am\u00e9ricas<br \/>\n3. Nyls Korstanje dos Pa\u00edses Baixos 21.68<\/p>\n<figure id=\"attachment_54901\" aria-describedby=\"caption-attachment-54901\" style=\"width: 945px\" class=\"wp-caption alignnone\"><img loading=\"lazy\" decoding=\"async\" class=\"size-full wp-image-54901\" src=\"https:\/\/swimchannel.net\/br\/wp-content\/uploads\/2023\/01\/pallester6-scaled-1.jpg\" alt=\"\" width=\"945\" height=\"630\" srcset=\"https:\/\/swimchannel.net\/br\/wp-content\/uploads\/2023\/01\/pallester6-scaled-1.jpg 945w, https:\/\/swimchannel.net\/br\/wp-content\/uploads\/2023\/01\/pallester6-scaled-1-270x180.jpg 270w, https:\/\/swimchannel.net\/br\/wp-content\/uploads\/2023\/01\/pallester6-scaled-1-768x512.jpg 768w, https:\/\/swimchannel.net\/br\/wp-content\/uploads\/2023\/01\/pallester6-scaled-1-750x500.jpg 750w\" sizes=\"auto, (max-width: 945px) 100vw, 945px\" \/><figcaption id=\"caption-attachment-54901\" class=\"wp-caption-text\">Lani Pallister &#8211; Foto: Fabio Cetti<\/figcaption><\/figure>\n<p><strong>800m livre feminino<\/strong><br \/>\nRecorde de campeonato para a australiana Lani Pallister, aquela que sempre perde as finais por conta da COVID. Venceu com 8:01.95 e superou a marca da chinesa Li Bingjie 8:02.90 do Mundial de Abu Dhabi 2021.<\/p>\n<p><strong>P\u00f3dio da prova<\/strong><br \/>\n1. Lani Pallister da Austr\u00e1lia 8:01.95 recorde de Campeonato<br \/>\n2. Isabel Gose da Alemanha 8:05.42<br \/>\n3. Katie Grimes dos Estados Unidos 8:05.90<br \/>\n13. Gabrielle Roncatto do Brasil 8:22.45<br \/>\n20. Maria Fernanda Costa do Braisl 8:29.21<\/p>\n<p><strong>Revezamento 4x50m medley misto<\/strong><br \/>\nO revezamento do NAB, Neutral Athletes B, ganhou a sua primeira medalha de ouro. A letra B representa R\u00fassia, a letra A, Belarus e a letra C, M\u00e9xico, os tr\u00eas pa\u00edses que se encontram sob suspens\u00e3o da World Aquatics.<\/p>\n<p>Dentro d\u00e1gua foi de ponta a ponta, Miron Lifnitsev, campe\u00e3o dos 100m costas, abriu na frente entregou para Kiril Prigoda, l\u00edder dos 100m peito e ai ficou f\u00e1cil para Arina Surkova e Daria Trofimova manter a ponta at\u00e9 o final.<\/p>\n<p><strong>P\u00f3dio da prova<\/strong><br \/>\n1. Atletas Neutros 1:35.36 Recorde Europeu<br \/>\nMiron Lifnitsev 22.39, Kirill Prigoda 24.94, Arina Surkova 24.43, Daria Trofimova 23.60<br \/>\n2. Canad\u00e1 1:35.94<br \/>\n3. Estados Unidos 1:36.20<\/p>\n<p>&nbsp;<\/p>\n<p>Gostaria de receber as not\u00edcias de nata\u00e7\u00e3o e \u00e1guas abertas no seu email?<\/p>\n<p><a href=\"https:\/\/lpa.nitro.news\/n-GNe\/ultimas-noticias-swim-channel\">Cadastre-se aqui<\/a><\/p>\n","protected":false},"excerpt":{"rendered":"<p>Vaja aqui como foram as finais do segundo dia do Campeonato Mundial de piscina curta em Budapeste. &nbsp; 100m costas feminino Regan Smith vence em dobradinha americana com novo recorde de campeonato 54.55. O recorde de campeonato era de Katinka Hosszu com 55.03 do Mundial de Doha-2014. P\u00f3dio da prova 1. Regan Smith dos Estados [&hellip;]<\/p>\n","protected":false},"author":12,"featured_media":68000,"comment_status":"open","ping_status":"open","sticky":false,"template":"","format":"gallery","meta":{"footnotes":""},"categories":[58],"tags":[6133,44,2280,5130,5],"class_list":["post-70683","post","type-post","status-publish","format-gallery","has-post-thumbnail","hentry","category-campeonato-mundial","tag-budapeste-2024","tag-campeonato-mundial","tag-campeonato-mundial-de-curta","tag-guilherme-caribe","tag-natacao","post_format-post-format-gallery"],"yoast_head":"<!-- This site is optimized with the Yoast SEO plugin v27.0 - https:\/\/yoast.com\/product\/yoast-seo-wordpress\/ -->\n<title>Guilherme Carib\u00e9 se classifica para a final dos 100m livre no Mundial de Budapeste - Swimchannel<\/title>\n<meta name=\"robots\" content=\"index, follow, max-snippet:-1, max-image-preview:large, max-video-preview:-1\" \/>\n<link rel=\"canonical\" href=\"https:\/\/swimchannel.net\/br\/guilherme-caribe-se-classifica-para-a-final-dos-100m-livre-no-mundial-de-budapeste\/\" \/>\n<meta property=\"og:locale\" content=\"pt_BR\" \/>\n<meta property=\"og:type\" content=\"article\" \/>\n<meta property=\"og:title\" content=\"Guilherme Carib\u00e9 se classifica para a final dos 100m livre no Mundial de Budapeste - Swimchannel\" \/>\n<meta property=\"og:description\" content=\"Vaja aqui como foram as finais do segundo dia do Campeonato Mundial de piscina curta em Budapeste. &nbsp; 100m costas feminino Regan Smith vence em dobradinha americana com novo recorde de campeonato 54.55. O recorde de campeonato era de Katinka Hosszu com 55.03 do Mundial de Doha-2014. P\u00f3dio da prova 1. Regan Smith dos Estados [&hellip;]\" \/>\n<meta property=\"og:url\" content=\"https:\/\/swimchannel.net\/br\/guilherme-caribe-se-classifica-para-a-final-dos-100m-livre-no-mundial-de-budapeste\/\" \/>\n<meta property=\"og:site_name\" content=\"Swimchannel\" \/>\n<meta property=\"article:publisher\" content=\"https:\/\/www.facebook.com\/swimchannel\" \/>\n<meta property=\"article:published_time\" content=\"2024-12-11T19:20:10+00:00\" \/>\n<meta property=\"article:modified_time\" content=\"2024-12-11T21:46:08+00:00\" \/>\n<meta property=\"og:image\" content=\"https:\/\/swimchannel.net\/br\/wp-content\/uploads\/2024\/07\/WhatsApp-Image-2024-07-30-at-15.40.52.jpeg\" \/>\n\t<meta property=\"og:image:width\" content=\"2560\" \/>\n\t<meta property=\"og:image:height\" content=\"1706\" \/>\n\t<meta property=\"og:image:type\" content=\"image\/jpeg\" \/>\n<meta name=\"author\" content=\"Alex Pussieldi\" \/>\n<meta name=\"twitter:card\" content=\"summary_large_image\" \/>\n<meta name=\"twitter:label1\" content=\"Escrito por\" \/>\n\t<meta name=\"twitter:data1\" content=\"Alex Pussieldi\" \/>\n\t<meta name=\"twitter:label2\" content=\"Est. tempo de leitura\" \/>\n\t<meta name=\"twitter:data2\" content=\"4 minutos\" \/>\n<script type=\"application\/ld+json\" class=\"yoast-schema-graph\">{\"@context\":\"https:\/\/schema.org\",\"@graph\":[{\"@type\":\"Article\",\"@id\":\"https:\/\/swimchannel.net\/br\/guilherme-caribe-se-classifica-para-a-final-dos-100m-livre-no-mundial-de-budapeste\/#article\",\"isPartOf\":{\"@id\":\"https:\/\/swimchannel.net\/br\/guilherme-caribe-se-classifica-para-a-final-dos-100m-livre-no-mundial-de-budapeste\/\"},\"author\":{\"name\":\"Alex Pussieldi\",\"@id\":\"https:\/\/swimchannel.net\/br\/#\/schema\/person\/cf549cb99cf75592fcf7c76213385e63\"},\"headline\":\"Guilherme Carib\u00e9 se classifica para a final dos 100m livre no Mundial de Budapeste\",\"datePublished\":\"2024-12-11T19:20:10+00:00\",\"dateModified\":\"2024-12-11T21:46:08+00:00\",\"mainEntityOfPage\":{\"@id\":\"https:\/\/swimchannel.net\/br\/guilherme-caribe-se-classifica-para-a-final-dos-100m-livre-no-mundial-de-budapeste\/\"},\"wordCount\":805,\"commentCount\":0,\"publisher\":{\"@id\":\"https:\/\/swimchannel.net\/br\/#organization\"},\"image\":{\"@id\":\"https:\/\/swimchannel.net\/br\/guilherme-caribe-se-classifica-para-a-final-dos-100m-livre-no-mundial-de-budapeste\/#primaryimage\"},\"thumbnailUrl\":\"https:\/\/swimchannel.net\/br\/wp-content\/uploads\/2024\/07\/WhatsApp-Image-2024-07-30-at-15.40.52.jpeg\",\"keywords\":[\"Budapeste-2024\",\"Campeonato Mundial\",\"Campeonato Mundial de curta\",\"Guilherme Carib\u00e9\",\"natacao\"],\"articleSection\":[\"Campeonato Mundial\"],\"inLanguage\":\"pt-BR\",\"potentialAction\":[{\"@type\":\"CommentAction\",\"name\":\"Comment\",\"target\":[\"https:\/\/swimchannel.net\/br\/guilherme-caribe-se-classifica-para-a-final-dos-100m-livre-no-mundial-de-budapeste\/#respond\"]}]},{\"@type\":\"WebPage\",\"@id\":\"https:\/\/swimchannel.net\/br\/guilherme-caribe-se-classifica-para-a-final-dos-100m-livre-no-mundial-de-budapeste\/\",\"url\":\"https:\/\/swimchannel.net\/br\/guilherme-caribe-se-classifica-para-a-final-dos-100m-livre-no-mundial-de-budapeste\/\",\"name\":\"Guilherme Carib\u00e9 se classifica para a final dos 100m livre no Mundial de Budapeste - Swimchannel\",\"isPartOf\":{\"@id\":\"https:\/\/swimchannel.net\/br\/#website\"},\"primaryImageOfPage\":{\"@id\":\"https:\/\/swimchannel.net\/br\/guilherme-caribe-se-classifica-para-a-final-dos-100m-livre-no-mundial-de-budapeste\/#primaryimage\"},\"image\":{\"@id\":\"https:\/\/swimchannel.net\/br\/guilherme-caribe-se-classifica-para-a-final-dos-100m-livre-no-mundial-de-budapeste\/#primaryimage\"},\"thumbnailUrl\":\"https:\/\/swimchannel.net\/br\/wp-content\/uploads\/2024\/07\/WhatsApp-Image-2024-07-30-at-15.40.52.jpeg\",\"datePublished\":\"2024-12-11T19:20:10+00:00\",\"dateModified\":\"2024-12-11T21:46:08+00:00\",\"breadcrumb\":{\"@id\":\"https:\/\/swimchannel.net\/br\/guilherme-caribe-se-classifica-para-a-final-dos-100m-livre-no-mundial-de-budapeste\/#breadcrumb\"},\"inLanguage\":\"pt-BR\",\"potentialAction\":[{\"@type\":\"ReadAction\",\"target\":[\"https:\/\/swimchannel.net\/br\/guilherme-caribe-se-classifica-para-a-final-dos-100m-livre-no-mundial-de-budapeste\/\"]}]},{\"@type\":\"ImageObject\",\"inLanguage\":\"pt-BR\",\"@id\":\"https:\/\/swimchannel.net\/br\/guilherme-caribe-se-classifica-para-a-final-dos-100m-livre-no-mundial-de-budapeste\/#primaryimage\",\"url\":\"https:\/\/swimchannel.net\/br\/wp-content\/uploads\/2024\/07\/WhatsApp-Image-2024-07-30-at-15.40.52.jpeg\",\"contentUrl\":\"https:\/\/swimchannel.net\/br\/wp-content\/uploads\/2024\/07\/WhatsApp-Image-2024-07-30-at-15.40.52.jpeg\",\"width\":2560,\"height\":1706,\"caption\":\"Guilherme Carib\u00e9 - Foto: Satiro Sodr\u00e9\"},{\"@type\":\"BreadcrumbList\",\"@id\":\"https:\/\/swimchannel.net\/br\/guilherme-caribe-se-classifica-para-a-final-dos-100m-livre-no-mundial-de-budapeste\/#breadcrumb\",\"itemListElement\":[{\"@type\":\"ListItem\",\"position\":1,\"name\":\"Home\",\"item\":\"https:\/\/swimchannel.net\/br\/\"},{\"@type\":\"ListItem\",\"position\":2,\"name\":\"Guilherme Carib\u00e9 se classifica para a final dos 100m livre no Mundial de Budapeste\"}]},{\"@type\":\"WebSite\",\"@id\":\"https:\/\/swimchannel.net\/br\/#website\",\"url\":\"https:\/\/swimchannel.net\/br\/\",\"name\":\"Swimchannel\",\"description\":\"Maior portal de nata\u00e7\u00e3o da america latina\",\"publisher\":{\"@id\":\"https:\/\/swimchannel.net\/br\/#organization\"},\"potentialAction\":[{\"@type\":\"SearchAction\",\"target\":{\"@type\":\"EntryPoint\",\"urlTemplate\":\"https:\/\/swimchannel.net\/br\/?s={search_term_string}\"},\"query-input\":{\"@type\":\"PropertyValueSpecification\",\"valueRequired\":true,\"valueName\":\"search_term_string\"}}],\"inLanguage\":\"pt-BR\"},{\"@type\":\"Organization\",\"@id\":\"https:\/\/swimchannel.net\/br\/#organization\",\"name\":\"Swimchannel - Conectando voc\u00ea a Nata\u00e7\u00e3o\",\"url\":\"https:\/\/swimchannel.net\/br\/\",\"logo\":{\"@type\":\"ImageObject\",\"inLanguage\":\"pt-BR\",\"@id\":\"https:\/\/swimchannel.net\/br\/#\/schema\/logo\/image\/\",\"url\":\"https:\/\/swimchannel.net\/br\/wp-content\/uploads\/2026\/02\/SWIM-CHANNEL.png\",\"contentUrl\":\"https:\/\/swimchannel.net\/br\/wp-content\/uploads\/2026\/02\/SWIM-CHANNEL.png\",\"width\":1120,\"height\":630,\"caption\":\"Swimchannel - Conectando voc\u00ea a Nata\u00e7\u00e3o\"},\"image\":{\"@id\":\"https:\/\/swimchannel.net\/br\/#\/schema\/logo\/image\/\"},\"sameAs\":[\"https:\/\/www.facebook.com\/swimchannel\",\"https:\/\/www.instagram.com\/swimchannel\"]},{\"@type\":\"Person\",\"@id\":\"https:\/\/swimchannel.net\/br\/#\/schema\/person\/cf549cb99cf75592fcf7c76213385e63\",\"name\":\"Alex Pussieldi\",\"image\":{\"@type\":\"ImageObject\",\"inLanguage\":\"pt-BR\",\"@id\":\"https:\/\/swimchannel.net\/br\/#\/schema\/person\/image\/\",\"url\":\"https:\/\/swimchannel.net\/br\/wp-content\/uploads\/2021\/02\/9b1c252d-a4bd-4eda-b399-24565cac4114-100x100.jpg\",\"contentUrl\":\"https:\/\/swimchannel.net\/br\/wp-content\/uploads\/2021\/02\/9b1c252d-a4bd-4eda-b399-24565cac4114-100x100.jpg\",\"caption\":\"Alex Pussieldi\"},\"description\":\"Alexandre Pussieldi, apelidado de \u201ccoach\u201d, Foi t\u00e9cnico da sele\u00e7\u00e3o verde e amarela nas Olimp\u00edadas de Pequim-2008 e Londres-2012. O treinador ainda comandou outros quatro pa\u00edses: Kuwait, Paraguai, Aruba e Antilhas Holandesas, al\u00e9m da sele\u00e7\u00e3o americana de \u00e1guas abertas. Pussieldi tem passagens como comentarista de nata\u00e7\u00e3o do Grupo Globo e Swim Channel.\",\"url\":\"https:\/\/swimchannel.net\/br\/author\/alexpussieldi\/\"}]}<\/script>\n<!-- \/ Yoast SEO plugin. -->","yoast_head_json":{"title":"Guilherme Carib\u00e9 se classifica para a final dos 100m livre no Mundial de Budapeste - Swimchannel","robots":{"index":"index","follow":"follow","max-snippet":"max-snippet:-1","max-image-preview":"max-image-preview:large","max-video-preview":"max-video-preview:-1"},"canonical":"https:\/\/swimchannel.net\/br\/guilherme-caribe-se-classifica-para-a-final-dos-100m-livre-no-mundial-de-budapeste\/","og_locale":"pt_BR","og_type":"article","og_title":"Guilherme Carib\u00e9 se classifica para a final dos 100m livre no Mundial de Budapeste - Swimchannel","og_description":"Vaja aqui como foram as finais do segundo dia do Campeonato Mundial de piscina curta em Budapeste. &nbsp; 100m costas feminino Regan Smith vence em dobradinha americana com novo recorde de campeonato 54.55. O recorde de campeonato era de Katinka Hosszu com 55.03 do Mundial de Doha-2014. P\u00f3dio da prova 1. Regan Smith dos Estados [&hellip;]","og_url":"https:\/\/swimchannel.net\/br\/guilherme-caribe-se-classifica-para-a-final-dos-100m-livre-no-mundial-de-budapeste\/","og_site_name":"Swimchannel","article_publisher":"https:\/\/www.facebook.com\/swimchannel","article_published_time":"2024-12-11T19:20:10+00:00","article_modified_time":"2024-12-11T21:46:08+00:00","og_image":[{"width":2560,"height":1706,"url":"https:\/\/swimchannel.net\/br\/wp-content\/uploads\/2024\/07\/WhatsApp-Image-2024-07-30-at-15.40.52.jpeg","type":"image\/jpeg"}],"author":"Alex Pussieldi","twitter_card":"summary_large_image","twitter_misc":{"Escrito por":"Alex Pussieldi","Est. tempo de leitura":"4 minutos"},"schema":{"@context":"https:\/\/schema.org","@graph":[{"@type":"Article","@id":"https:\/\/swimchannel.net\/br\/guilherme-caribe-se-classifica-para-a-final-dos-100m-livre-no-mundial-de-budapeste\/#article","isPartOf":{"@id":"https:\/\/swimchannel.net\/br\/guilherme-caribe-se-classifica-para-a-final-dos-100m-livre-no-mundial-de-budapeste\/"},"author":{"name":"Alex Pussieldi","@id":"https:\/\/swimchannel.net\/br\/#\/schema\/person\/cf549cb99cf75592fcf7c76213385e63"},"headline":"Guilherme Carib\u00e9 se classifica para a final dos 100m livre no Mundial de Budapeste","datePublished":"2024-12-11T19:20:10+00:00","dateModified":"2024-12-11T21:46:08+00:00","mainEntityOfPage":{"@id":"https:\/\/swimchannel.net\/br\/guilherme-caribe-se-classifica-para-a-final-dos-100m-livre-no-mundial-de-budapeste\/"},"wordCount":805,"commentCount":0,"publisher":{"@id":"https:\/\/swimchannel.net\/br\/#organization"},"image":{"@id":"https:\/\/swimchannel.net\/br\/guilherme-caribe-se-classifica-para-a-final-dos-100m-livre-no-mundial-de-budapeste\/#primaryimage"},"thumbnailUrl":"https:\/\/swimchannel.net\/br\/wp-content\/uploads\/2024\/07\/WhatsApp-Image-2024-07-30-at-15.40.52.jpeg","keywords":["Budapeste-2024","Campeonato Mundial","Campeonato Mundial de curta","Guilherme Carib\u00e9","natacao"],"articleSection":["Campeonato Mundial"],"inLanguage":"pt-BR","potentialAction":[{"@type":"CommentAction","name":"Comment","target":["https:\/\/swimchannel.net\/br\/guilherme-caribe-se-classifica-para-a-final-dos-100m-livre-no-mundial-de-budapeste\/#respond"]}]},{"@type":"WebPage","@id":"https:\/\/swimchannel.net\/br\/guilherme-caribe-se-classifica-para-a-final-dos-100m-livre-no-mundial-de-budapeste\/","url":"https:\/\/swimchannel.net\/br\/guilherme-caribe-se-classifica-para-a-final-dos-100m-livre-no-mundial-de-budapeste\/","name":"Guilherme Carib\u00e9 se classifica para a final dos 100m livre no Mundial de Budapeste - Swimchannel","isPartOf":{"@id":"https:\/\/swimchannel.net\/br\/#website"},"primaryImageOfPage":{"@id":"https:\/\/swimchannel.net\/br\/guilherme-caribe-se-classifica-para-a-final-dos-100m-livre-no-mundial-de-budapeste\/#primaryimage"},"image":{"@id":"https:\/\/swimchannel.net\/br\/guilherme-caribe-se-classifica-para-a-final-dos-100m-livre-no-mundial-de-budapeste\/#primaryimage"},"thumbnailUrl":"https:\/\/swimchannel.net\/br\/wp-content\/uploads\/2024\/07\/WhatsApp-Image-2024-07-30-at-15.40.52.jpeg","datePublished":"2024-12-11T19:20:10+00:00","dateModified":"2024-12-11T21:46:08+00:00","breadcrumb":{"@id":"https:\/\/swimchannel.net\/br\/guilherme-caribe-se-classifica-para-a-final-dos-100m-livre-no-mundial-de-budapeste\/#breadcrumb"},"inLanguage":"pt-BR","potentialAction":[{"@type":"ReadAction","target":["https:\/\/swimchannel.net\/br\/guilherme-caribe-se-classifica-para-a-final-dos-100m-livre-no-mundial-de-budapeste\/"]}]},{"@type":"ImageObject","inLanguage":"pt-BR","@id":"https:\/\/swimchannel.net\/br\/guilherme-caribe-se-classifica-para-a-final-dos-100m-livre-no-mundial-de-budapeste\/#primaryimage","url":"https:\/\/swimchannel.net\/br\/wp-content\/uploads\/2024\/07\/WhatsApp-Image-2024-07-30-at-15.40.52.jpeg","contentUrl":"https:\/\/swimchannel.net\/br\/wp-content\/uploads\/2024\/07\/WhatsApp-Image-2024-07-30-at-15.40.52.jpeg","width":2560,"height":1706,"caption":"Guilherme Carib\u00e9 - Foto: Satiro Sodr\u00e9"},{"@type":"BreadcrumbList","@id":"https:\/\/swimchannel.net\/br\/guilherme-caribe-se-classifica-para-a-final-dos-100m-livre-no-mundial-de-budapeste\/#breadcrumb","itemListElement":[{"@type":"ListItem","position":1,"name":"Home","item":"https:\/\/swimchannel.net\/br\/"},{"@type":"ListItem","position":2,"name":"Guilherme Carib\u00e9 se classifica para a final dos 100m livre no Mundial de Budapeste"}]},{"@type":"WebSite","@id":"https:\/\/swimchannel.net\/br\/#website","url":"https:\/\/swimchannel.net\/br\/","name":"Swimchannel","description":"Maior portal de nata\u00e7\u00e3o da america latina","publisher":{"@id":"https:\/\/swimchannel.net\/br\/#organization"},"potentialAction":[{"@type":"SearchAction","target":{"@type":"EntryPoint","urlTemplate":"https:\/\/swimchannel.net\/br\/?s={search_term_string}"},"query-input":{"@type":"PropertyValueSpecification","valueRequired":true,"valueName":"search_term_string"}}],"inLanguage":"pt-BR"},{"@type":"Organization","@id":"https:\/\/swimchannel.net\/br\/#organization","name":"Swimchannel - Conectando voc\u00ea a Nata\u00e7\u00e3o","url":"https:\/\/swimchannel.net\/br\/","logo":{"@type":"ImageObject","inLanguage":"pt-BR","@id":"https:\/\/swimchannel.net\/br\/#\/schema\/logo\/image\/","url":"https:\/\/swimchannel.net\/br\/wp-content\/uploads\/2026\/02\/SWIM-CHANNEL.png","contentUrl":"https:\/\/swimchannel.net\/br\/wp-content\/uploads\/2026\/02\/SWIM-CHANNEL.png","width":1120,"height":630,"caption":"Swimchannel - Conectando voc\u00ea a Nata\u00e7\u00e3o"},"image":{"@id":"https:\/\/swimchannel.net\/br\/#\/schema\/logo\/image\/"},"sameAs":["https:\/\/www.facebook.com\/swimchannel","https:\/\/www.instagram.com\/swimchannel"]},{"@type":"Person","@id":"https:\/\/swimchannel.net\/br\/#\/schema\/person\/cf549cb99cf75592fcf7c76213385e63","name":"Alex Pussieldi","image":{"@type":"ImageObject","inLanguage":"pt-BR","@id":"https:\/\/swimchannel.net\/br\/#\/schema\/person\/image\/","url":"https:\/\/swimchannel.net\/br\/wp-content\/uploads\/2021\/02\/9b1c252d-a4bd-4eda-b399-24565cac4114-100x100.jpg","contentUrl":"https:\/\/swimchannel.net\/br\/wp-content\/uploads\/2021\/02\/9b1c252d-a4bd-4eda-b399-24565cac4114-100x100.jpg","caption":"Alex Pussieldi"},"description":"Alexandre Pussieldi, apelidado de \u201ccoach\u201d, Foi t\u00e9cnico da sele\u00e7\u00e3o verde e amarela nas Olimp\u00edadas de Pequim-2008 e Londres-2012. O treinador ainda comandou outros quatro pa\u00edses: Kuwait, Paraguai, Aruba e Antilhas Holandesas, al\u00e9m da sele\u00e7\u00e3o americana de \u00e1guas abertas. Pussieldi tem passagens como comentarista de nata\u00e7\u00e3o do Grupo Globo e Swim Channel.","url":"https:\/\/swimchannel.net\/br\/author\/alexpussieldi\/"}]}},"_links":{"self":[{"href":"https:\/\/swimchannel.net\/br\/wp-json\/wp\/v2\/posts\/70683","targetHints":{"allow":["GET"]}}],"collection":[{"href":"https:\/\/swimchannel.net\/br\/wp-json\/wp\/v2\/posts"}],"about":[{"href":"https:\/\/swimchannel.net\/br\/wp-json\/wp\/v2\/types\/post"}],"author":[{"embeddable":true,"href":"https:\/\/swimchannel.net\/br\/wp-json\/wp\/v2\/users\/12"}],"replies":[{"embeddable":true,"href":"https:\/\/swimchannel.net\/br\/wp-json\/wp\/v2\/comments?post=70683"}],"version-history":[{"count":4,"href":"https:\/\/swimchannel.net\/br\/wp-json\/wp\/v2\/posts\/70683\/revisions"}],"predecessor-version":[{"id":70694,"href":"https:\/\/swimchannel.net\/br\/wp-json\/wp\/v2\/posts\/70683\/revisions\/70694"}],"wp:featuredmedia":[{"embeddable":true,"href":"https:\/\/swimchannel.net\/br\/wp-json\/wp\/v2\/media\/68000"}],"wp:attachment":[{"href":"https:\/\/swimchannel.net\/br\/wp-json\/wp\/v2\/media?parent=70683"}],"wp:term":[{"taxonomy":"category","embeddable":true,"href":"https:\/\/swimchannel.net\/br\/wp-json\/wp\/v2\/categories?post=70683"},{"taxonomy":"post_tag","embeddable":true,"href":"https:\/\/swimchannel.net\/br\/wp-json\/wp\/v2\/tags?post=70683"}],"curies":[{"name":"wp","href":"https:\/\/api.w.org\/{rel}","templated":true}]}}